{"id":43047,"date":"2016-03-19T10:51:39","date_gmt":"2016-03-19T15:51:39","guid":{"rendered":"https:\/\/latamjournalismreview.org\/?p=43047"},"modified":"2021-11-24T10:52:59","modified_gmt":"2021-11-24T15:52:59","slug":"despues-de-82-anos-diario-venezolano-el-carabobeno-cancela-la-edicion-impresa-debido-a-la-escasez-de-papel","status":"publish","type":"post","link":"https:\/\/latamjournalismreview.org\/es\/articles\/despues-de-82-anos-diario-venezolano-el-carabobeno-cancela-la-edicion-impresa-debido-a-la-escasez-de-papel\/","title":{"rendered":"Despu\u00e9s de 82 a\u00f1os, diario venezolano El Carabobe\u00f1o cancela la edici\u00f3n impresa debido a la escasez de papel"},"content":{"rendered":"<p><em>Por Yenibel Ruiz<\/em><\/p>\n<p>El peri\u00f3dico regional <a href=\"http:\/\/www.el-carabobeno.com\/noticias\/articulo\/121513\/zarpazo-a-la-libertad\" target=\"_blank\" rel=\"noopener\"><em>El Carabobe\u00f1o<\/em><\/a>\u00a0dej\u00f3 de circular en su edici\u00f3n impresa por falta de papel de peri\u00f3dico luego de 82 a\u00f1os de trayectoria period\u00edstica en el estado Carabobo, Venezuela, inform\u00f3 el mismo diario en su editorial en el que calific\u00f3 el hecho como un \u201czarpazo a la libertad\u201d.<\/p>\n<p>\u201cHoy se ha concretado un vil zarpazo contra uno de los m\u00e1s sagrados derechos del ser humano: El derecho a estar informado\u201d. As\u00ed inici\u00f3\u00a0el editorial del pasado 17 de marzo del peri\u00f3dico venezolano de circulaci\u00f3n estatal, el cual continuar\u00e1 informando a trav\u00e9s de su plataforma digital\u00a0<a href=\"http:\/\/www.el-carabobeno.com\/noticias\/articulo\/121612\/El-Carabobeo-continuar-informando-por-otras-vas\" target=\"_blank\" rel=\"noopener\">el-carabobeno.com<\/a>\u00a0y su estaci\u00f3n de radio\u00a0<em>online<\/em>.<\/p>\n<p>\u201cHa sido un ensa\u00f1amiento contra una empresa que, desde su fundaci\u00f3n en 1933, nunca le temi\u00f3 a los ocupantes de Miraflores [palacio de Gobierno], ni siquiera al tirano Juan Vicente G\u00f3mez, quien mand\u00f3 al exilio en Cuba\u201d al fundador del diario, Eladio Alem\u00e1n Sucre, reza el editorial de despedida.<\/p>\n<p>La jefa de redacci\u00f3n de\u00a0<em>El Carabobe\u00f1o<\/em>, Carolina Gonz\u00e1lez, dijo en una entrevista dada al Comit\u00e9 para la Protecci\u00f3n de los\u00a0Periodistas (CPJ por sus siglas en ingl\u00e9s):\u00a0<a href=\"https:\/\/cpj.org\/es\/2016\/03\/falta-de-papel-periodico-obliga-a-diario-venezolan.php\" target=\"_blank\" rel=\"noopener\">\u201cel gobierno nos persigui\u00f3 por nuestra l\u00ednea editorial\u201d<\/a>. Agreg\u00f3 que ellos tienen la esperanza de que el cierre no sea definitivo.<\/p>\n<p>Carlos Laur\u00eda, coordinador s\u00e9nior del programa de las Am\u00e9ricas del CPJ, dijo que \u201cla clausura de\u00a0<em>El Carabobe\u00f1o\u00a0<\/em><a href=\"https:\/\/cpj.org\/es\/2016\/03\/falta-de-papel-periodico-obliga-a-diario-venezolan.php\" target=\"_blank\" rel=\"noopener\">representa un golpe m\u00e1s a la libertad<\/a>\u00a0de expresi\u00f3n y al derecho de los venezolanos a permanecer informados\u201d.<\/p>\n<p>Por su parte, el Colegio Nacional de Periodista \u00a0de Venezuela (CNP), a trav\u00e9s de su director Tinedo Gu\u00eda, calific\u00f3 de\u00a0<a href=\"http:\/\/noticiaaldia.com\/2016\/03\/cnp-califico-como-un-atropello-cierre-del-diario-el-carabobeno-por-falta-de-papel\/\" target=\"_blank\" rel=\"noopener\">\u201catropello\u201d<\/a>\u00a0que el organismo encargado de vender el papel de prensa al diario, la Corporaci\u00f3n Maneiro, negara la asignaci\u00f3n del mismo al peri\u00f3dico, seg\u00fan\u00a0<em>Noticia al D\u00eda<\/em>.<\/p>\n<p>\u201cLa Corporaci\u00f3n Maneiro ejerce un monopolio dependiente de la administraci\u00f3n p\u00fablica. No es beneficioso ni \u00fatil, pero el gobierno se vale de \u00e9l para negar las bobinas de papel\u201d, dijo Gu\u00eda.<\/p>\n<p>Carlos Correa, director de la ONG Espacio P\u00fablico, tambi\u00e9n se pronunci\u00f3 ante el cierre forzado del diario\u00a0<em>El Carabobe\u00f1o<\/em>\u00a0declarando que los medios impresos \u201c<a href=\"http:\/\/efectococuyo.com\/efecto-cocuyo\/politikom\/el-monopolio-del-papel-puso-en-jaque-a-la-libertad-de-prensa-advierten-ong\" target=\"_blank\" rel=\"noopener\">est\u00e1n sufriendo el monopolio del papel\",<\/a>\u00a0y que se han ido debilitando progresivamente desde 2014, seg\u00fan\u00a0<em>Efecto Cocuyo.<\/em><\/p>\n<p>\u201cLa situaci\u00f3n es de mucha incertidumbre para la prensa venezolana este a\u00f1o. Van m\u00e1s de cinco medios que han cerrado, otros han tenido que reducirse al m\u00e1ximo, si sumas el n\u00famero de ediciones con el de p\u00e1ginas que se imprim\u00edan descubrir\u00e1s que se han reducido una cuarta parte de lo que hab\u00eda hace dos a\u00f1os\u201d, declar\u00f3 Correa a\u00a0<em>Efecto Cocuyo.<\/em><\/p>\n<p>La suspensi\u00f3n de la edici\u00f3n impresa de\u00a0<em>El Carabobe\u00f1o<\/em>\u00a0<a href=\"http:\/\/ipysvenezuela.org\/alerta\/carabobo-crisis-de-papel-acaba-con-82-anos-de-historias-impresas\/\" target=\"_blank\" rel=\"noopener\">es la alerta n\u00famero 17\u00a0<\/a>que el Instituto Prensa y Sociedad (IPYS) Venezuela registr\u00f3 entre enero y la tercera semana de marzo de 2016, con relaci\u00f3n a dificultades para la adquisici\u00f3n de papel y otros insumos, seg\u00fan public\u00f3 en su portal.<\/p>\n<p>\"IPYS Venezuela insiste en que las negativas reiteradas en la entrega de divisas para la importaci\u00f3n y la venta de papel peri\u00f3dico, que mantiene al menos a diez impresos fuera de circulaci\u00f3n en el pa\u00eds, violan el derecho que tienen los ciudadanos de estar informados y de hacer uso de los medios de informaci\u00f3n para canalizar p\u00fablicamente sus denuncias\", se\u00f1al\u00f3 en su denuncia.<\/p>\n<p>En enero de este a\u00f1o,\u00a0<a href=\"https:\/\/knightcenter.utexas.edu\/es\/blog\/00-16632-periodicos-de-venezuela-se-declaran-en-emergencia-por-falta-de-papel-prensa\" target=\"_blank\" rel=\"noopener\">los 86 peri\u00f3dicos que hacen parte de la C\u00e1mara de Peri\u00f3dicos Regionales de Venezuela se declararon en emergencia\u00a0<\/a>tras conocer que\u00a0<a href=\"http:\/\/lanacionweb.com\/regional\/en-emergencia-86-periodicos-del-pais\/\" target=\"_blank\" rel=\"noopener\">no hay papel para continuar con sus operaciones<\/a>, inform\u00f3 en enero el diario\u00a0<em>La Naci\u00f3n<\/em>\u00a0de\u00a0T\u00e1chira.<\/p>\n<p>Algunos diarios, como\u00a0<em>Tal Cual<\/em>\u00a0de Caracas y\u00a0<em>Correo del Caron\u00ed<\/em>, con base en Ciudad Guayana, una ciudad industrial al oriente del pa\u00eds, ahora publican semanalmente debido a la escasez de papel peri\u00f3dico, inform\u00f3 CPJ.<\/p>\n<p>Desde el pasado 8 de marzo, el diario\u00a0<em>El Carabobe\u00f1o<\/em>\u00a0hab\u00eda advertido \u201csobre el hecho de que\u00a0<a href=\"http:\/\/www.eluniversal.com\/nacional-y-politica\/160317\/diario-el-carabobeno-circula-hasta-hoy\" target=\"_blank\" rel=\"noopener\">su inventario de papel se agotaba<\/a>, qued\u00e1ndole apenas 10 d\u00edas en almac\u00e9n para que la edici\u00f3n impresa del peri\u00f3dico desapareciera\u201d, dijo el peri\u00f3dico\u00a0<em>El Universal<\/em>.<\/p>\n<p>Sin embargo, la crisis de papel de prensa de este diario comenz\u00f3 en 2013 cuando tuvieron que suprimir varios de sus productos editoriales alternativos, seg\u00fan IPYS Venezuela.<\/p>\n<p>Hasta el momento la Corporaci\u00f3n Maneiro\u00a0<a href=\"http:\/\/www.eluniversal.com\/nacional-y-politica\/160317\/diario-el-carabobeno-circula-hasta-hoy\" target=\"_blank\" rel=\"noopener\">no ha respondido las solicitudes<\/a>\u00a0para la compra de papel de prensa hechas por\u00a0<em>El Carabobe\u00f1o,<\/em>\u00a0inform\u00f3\u00a0<em>El Universal.<\/em>\u00a0Aseguran representantes del diario que tambi\u00e9n realizaron la petici\u00f3n al gobernador del estado, Francisco Ameliach.<\/p>\n<p><em>El Universal<\/em>\u00a0inform\u00f3 que alrededor de 308 trabajadores se ven afectados por el cierre de la versi\u00f3n impresa del peri\u00f3dico \u201ccon la inminencia de quedar desempleados\u201d.<\/p>\n<p>IPYS Venezuela se\u00f1ala en su portal que \u201ccon este cierre t\u00e9cnico, se vulnera el numeral tres del art\u00edculo 13 de la\u00a0<a href=\"http:\/\/www.oas.org\/dil\/esp\/tratados_b-32_convencion_americana_sobre_derechos_humanos.htm\" target=\"_blank\" rel=\"noopener\">Convenci\u00f3n Americana sobre\u00a0Derechos Humanos<\/a>\u00a0de la Organizaci\u00f3n de los Estados Americanos (OEA). Dicho art\u00edculo establece que el derecho a la libertad de expresi\u00f3n no puede ser restringido por v\u00edas o medios indirectos, tales como el abuso de controles oficiales o particulares de papel para los medios impresos.<\/p>\n<p>Asimismo, IPYS Venezuela inform\u00f3 que desde agosto de 2013 hasta marzo de este a\u00f1o, alrededor de 43 medios impresos en 15 estados de Venezuela han reportado tener problemas para adquirir el papel peri\u00f3dico, as\u00ed como otros insumos. Proveerse de tinta, pel\u00edculas y planchas se ha visto obstaculizado debido \u201ca las restricciones del acceso a las divisas preferenciales para la importaci\u00f3n de la materia prima, que desde 2015 la estatal Complejo Editorial Alfredo Maneiro centraliza\u201d.<\/p>\n<p>El gremio period\u00edstico y la comunidad expresaron su rechazo a trav\u00e9s de la etiqueta #YoSoyCarabobe\u00f1o, adem\u00e1s de protestar con manifestaciones y concentraciones callejeras con consignas como\u00a0<a href=\"http:\/\/comunicacioncontinua.com\/periodistas-meridenos-protestaron-contra-atropellos-y-la-censura-comunicacional\/\" target=\"_blank\" rel=\"noopener\">\u201cinformar no es un delito\u201d<\/a>\u00a0y \u201cno m\u00e1s cierre de medios\u201d.<\/p>\n<p>No obstante, y contrario a la mayor\u00eda de las declaraciones, el presidente de la ONG Periodistas por la Verdad, Marcos Hern\u00e1ndez, indic\u00f3 que el caso del diario\u00a0<em>El Carabobe\u00f1o<\/em>\u00a0<a href=\"http:\/\/www.eluniversal.com\/nacional-y-politica\/160318\/guia-y-hernandez-resaltaron-dificultades-del-periodismo-en-venezuela\" target=\"_blank\" rel=\"noopener\">\u201cno tiene que ver con el papel\u201d,<\/a>\u00a0public\u00f3 el reportaje de\u00a0<em>El Universal.<\/em><\/p>\n<p>\"Para nadie es un secreto que el Diario\u00a0<em>El Carabobe\u00f1o<\/em>\u00a0ha entrado en una profunda crisis econ\u00f3mica que se ha derivado de una situaci\u00f3n que en este momento tiene mal manejo de ese medio de comunicaci\u00f3n, y ahora quieren decir que es por culpa del papel\", declar\u00f3 Hern\u00e1ndez seg\u00fan\u00a0<em>El Universal.<\/p>\n<p><span data-sheets-value=\"{&quot;1&quot;:2,&quot;2&quot;:&quot;Nota del editor: Esta historia fue publicada originalmente en el blog Periodismo en las Am\u00e9ricas del Centro Knight, el predecesor de LatAm Journalism Review.&quot;}\" data-sheets-userformat=\"{&quot;2&quot;:6562,&quot;4&quot;:{&quot;1&quot;:2,&quot;2&quot;:16777215},&quot;8&quot;:{&quot;1&quot;:[{&quot;1&quot;:2,&quot;2&quot;:0,&quot;5&quot;:{&quot;1&quot;:0}},{&quot;1&quot;:0,&quot;2&quot;:0,&quot;3&quot;:3},{&quot;1&quot;:1,&quot;2&quot;:0,&quot;4&quot;:1}]},&quot;10&quot;:2,&quot;11&quot;:0,&quot;14&quot;:{&quot;1&quot;:2,&quot;2&quot;:3358536},&quot;15&quot;:&quot;Arial&quot;}\">Nota del editor: Esta historia fue publicada originalmente en el blog Periodismo en las Am\u00e9ricas del Centro Knight, el predecesor de LatAm Journalism Review.<\/span><br \/>\n<\/em><\/p>\n","protected":false},"excerpt":{"rendered":"<p>El peri\u00f3dico regional El Carabobe\u00f1o\u00a0dej\u00f3 de circular en su edici\u00f3n impresa por falta de papel de peri\u00f3dico luego de 82 a\u00f1os de trayectoria period\u00edstica en el estado Carabobo, Venezuela, inform\u00f3 el mismo diario en su editorial en el que calific\u00f3 el hecho como un \u201czarpazo a la libertad\u201d.<\/p>\n","protected":false},"author":17,"featured_media":0,"comment_status":"closed","ping_status":"closed","sticky":false,"template":"","format":"standard","meta":{"inline_featured_image":false,"footnotes":""},"categories":[1669],"tags":[1510,1405],"coauthors":[],"class_list":["post-43047","post","type-post","status-publish","format-standard","hentry","category-mercado-laboral","tag-medios-impresos-es","tag-venezuela-es-2"],"acf":[],"yoast_head":"<!-- This site is optimized with the Yoast SEO Premium plugin v22.6 (Yoast SEO v27.4) - https:\/\/yoast.com\/product\/yoast-seo-premium-wordpress\/ -->\n<title>Despu\u00e9s de 82 a\u00f1os, diario venezolano El Carabobe\u00f1o cancela la edici\u00f3n impresa debido a la escasez de papel - LatAm Journalism Review<\/title>\n<meta name=\"description\" content=\"Despu\u00e9s de 82 a\u00f1os, diario venezolano El Carabobe\u00f1o cancela la edici\u00f3n impresa debido a la escasez de papel Mercado laboral. Latin American Journalism Review by The Knight Center at The University of Texas at Austin.\" \/>\n<meta name=\"robots\" content=\"index, follow, max-snippet:-1, max-image-preview:large, max-video-preview:-1\" \/>\n<link rel=\"canonical\" href=\"https:\/\/latamjournalismreview.org\/es\/articles\/despues-de-82-anos-diario-venezolano-el-carabobeno-cancela-la-edicion-impresa-debido-a-la-escasez-de-papel\/\" \/>\n<meta property=\"og:locale\" content=\"es_ES\" \/>\n<meta property=\"og:type\" content=\"article\" \/>\n<meta property=\"og:title\" content=\"Despu\u00e9s de 82 a\u00f1os, diario venezolano El Carabobe\u00f1o cancela la edici\u00f3n impresa debido a la escasez de papel\" \/>\n<meta property=\"og:description\" content=\"Despu\u00e9s de 82 a\u00f1os, diario venezolano El Carabobe\u00f1o cancela la edici\u00f3n impresa debido a la escasez de papel Mercado laboral. Latin American Journalism Review by The Knight Center at The University of Texas at Austin.\" \/>\n<meta property=\"og:url\" content=\"https:\/\/latamjournalismreview.org\/es\/articles\/despues-de-82-anos-diario-venezolano-el-carabobeno-cancela-la-edicion-impresa-debido-a-la-escasez-de-papel\/\" \/>\n<meta property=\"og:site_name\" content=\"LatAm Journalism Review\" \/>\n<meta property=\"article:published_time\" content=\"2016-03-19T15:51:39+00:00\" \/>\n<meta property=\"article:modified_time\" content=\"2021-11-24T15:52:59+00:00\" \/>\n<meta name=\"author\" content=\"Guest\" \/>\n<meta name=\"twitter:card\" content=\"summary_large_image\" \/>\n<meta name=\"twitter:creator\" content=\"@LatAmJournalism\" \/>\n<meta name=\"twitter:site\" content=\"@LatAmJournalism\" \/>\n<meta name=\"twitter:label1\" content=\"Written by\" \/>\n\t<meta name=\"twitter:data1\" content=\"Guest\" \/>\n\t<meta name=\"twitter:label2\" content=\"Est. reading time\" \/>\n\t<meta name=\"twitter:data2\" content=\"6 minutos\" \/>\n<script type=\"application\/ld+json\" class=\"yoast-schema-graph\">{\"@context\":\"https:\\\/\\\/schema.org\",\"@graph\":[{\"@type\":\"Article\",\"@id\":\"https:\\\/\\\/latamjournalismreview.org\\\/es\\\/articles\\\/despues-de-82-anos-diario-venezolano-el-carabobeno-cancela-la-edicion-impresa-debido-a-la-escasez-de-papel\\\/#article\",\"isPartOf\":{\"@id\":\"https:\\\/\\\/latamjournalismreview.org\\\/es\\\/articles\\\/despues-de-82-anos-diario-venezolano-el-carabobeno-cancela-la-edicion-impresa-debido-a-la-escasez-de-papel\\\/\"},\"author\":{\"name\":\"Guest\",\"@id\":\"https:\\\/\\\/latamjournalismreview.org\\\/es\\\/#\\\/schema\\\/person\\\/0315202e0b3c0963a2440f1c3012c360\"},\"headline\":\"Despu\u00e9s de 82 a\u00f1os, diario venezolano El Carabobe\u00f1o cancela la edici\u00f3n impresa debido a la escasez de papel\",\"datePublished\":\"2016-03-19T15:51:39+00:00\",\"dateModified\":\"2021-11-24T15:52:59+00:00\",\"mainEntityOfPage\":{\"@id\":\"https:\\\/\\\/latamjournalismreview.org\\\/es\\\/articles\\\/despues-de-82-anos-diario-venezolano-el-carabobeno-cancela-la-edicion-impresa-debido-a-la-escasez-de-papel\\\/\"},\"wordCount\":1166,\"publisher\":{\"@id\":\"https:\\\/\\\/latamjournalismreview.org\\\/es\\\/#organization\"},\"keywords\":[\"Medios impresos\",\"Venezuela\"],\"articleSection\":[\"Mercado laboral\"],\"inLanguage\":\"es\"},{\"@type\":\"WebPage\",\"@id\":\"https:\\\/\\\/latamjournalismreview.org\\\/es\\\/articles\\\/despues-de-82-anos-diario-venezolano-el-carabobeno-cancela-la-edicion-impresa-debido-a-la-escasez-de-papel\\\/\",\"url\":\"https:\\\/\\\/latamjournalismreview.org\\\/es\\\/articles\\\/despues-de-82-anos-diario-venezolano-el-carabobeno-cancela-la-edicion-impresa-debido-a-la-escasez-de-papel\\\/\",\"name\":\"Despu\u00e9s de 82 a\u00f1os, diario venezolano El Carabobe\u00f1o cancela la edici\u00f3n impresa debido a la escasez de papel - LatAm Journalism Review\",\"isPartOf\":{\"@id\":\"https:\\\/\\\/latamjournalismreview.org\\\/es\\\/#website\"},\"datePublished\":\"2016-03-19T15:51:39+00:00\",\"dateModified\":\"2021-11-24T15:52:59+00:00\",\"description\":\"Despu\u00e9s de 82 a\u00f1os, diario venezolano El Carabobe\u00f1o cancela la edici\u00f3n impresa debido a la escasez de papel Mercado laboral. Latin American Journalism Review by The Knight Center at The University of Texas at Austin.\",\"breadcrumb\":{\"@id\":\"https:\\\/\\\/latamjournalismreview.org\\\/es\\\/articles\\\/despues-de-82-anos-diario-venezolano-el-carabobeno-cancela-la-edicion-impresa-debido-a-la-escasez-de-papel\\\/#breadcrumb\"},\"inLanguage\":\"es\",\"potentialAction\":[{\"@type\":\"ReadAction\",\"target\":[\"https:\\\/\\\/latamjournalismreview.org\\\/es\\\/articles\\\/despues-de-82-anos-diario-venezolano-el-carabobeno-cancela-la-edicion-impresa-debido-a-la-escasez-de-papel\\\/\"]}]},{\"@type\":\"BreadcrumbList\",\"@id\":\"https:\\\/\\\/latamjournalismreview.org\\\/es\\\/articles\\\/despues-de-82-anos-diario-venezolano-el-carabobeno-cancela-la-edicion-impresa-debido-a-la-escasez-de-papel\\\/#breadcrumb\",\"itemListElement\":[{\"@type\":\"ListItem\",\"position\":1,\"name\":\"Home\",\"item\":\"https:\\\/\\\/latamjournalismreview.org\\\/es\\\/\"},{\"@type\":\"ListItem\",\"position\":2,\"name\":\"Despu\u00e9s de 82 a\u00f1os, diario venezolano El Carabobe\u00f1o cancela la edici\u00f3n impresa debido a la escasez de papel\"}]},{\"@type\":\"WebSite\",\"@id\":\"https:\\\/\\\/latamjournalismreview.org\\\/es\\\/#website\",\"url\":\"https:\\\/\\\/latamjournalismreview.org\\\/es\\\/\",\"name\":\"LatAm Journalism Review\",\"description\":\"Knight Center at The University of Texas\",\"publisher\":{\"@id\":\"https:\\\/\\\/latamjournalismreview.org\\\/es\\\/#organization\"},\"potentialAction\":[{\"@type\":\"SearchAction\",\"target\":{\"@type\":\"EntryPoint\",\"urlTemplate\":\"https:\\\/\\\/latamjournalismreview.org\\\/es\\\/?s={search_term_string}\"},\"query-input\":{\"@type\":\"PropertyValueSpecification\",\"valueRequired\":true,\"valueName\":\"search_term_string\"}}],\"inLanguage\":\"es\"},{\"@type\":\"Organization\",\"@id\":\"https:\\\/\\\/latamjournalismreview.org\\\/es\\\/#organization\",\"name\":\"LatAm Journalism Review\",\"url\":\"https:\\\/\\\/latamjournalismreview.org\\\/es\\\/\",\"logo\":{\"@type\":\"ImageObject\",\"inLanguage\":\"es\",\"@id\":\"https:\\\/\\\/latamjournalismreview.org\\\/es\\\/#\\\/schema\\\/logo\\\/image\\\/\",\"url\":\"https:\\\/\\\/latamjournalismreview.org\\\/wp-content\\\/uploads\\\/2020\\\/05\\\/knight-latAm-review-logo.svg\",\"contentUrl\":\"https:\\\/\\\/latamjournalismreview.org\\\/wp-content\\\/uploads\\\/2020\\\/05\\\/knight-latAm-review-logo.svg\",\"width\":\"1024\",\"height\":\"1024\",\"caption\":\"LatAm Journalism Review\"},\"image\":{\"@id\":\"https:\\\/\\\/latamjournalismreview.org\\\/es\\\/#\\\/schema\\\/logo\\\/image\\\/\"},\"sameAs\":[\"https:\\\/\\\/x.com\\\/LatAmJournalism\"]},{\"@type\":\"Person\",\"@id\":\"https:\\\/\\\/latamjournalismreview.org\\\/es\\\/#\\\/schema\\\/person\\\/0315202e0b3c0963a2440f1c3012c360\",\"name\":\"Guest\",\"url\":\"https:\\\/\\\/latamjournalismreview.org\\\/es\\\/articles\\\/author\\\/guest\\\/\"}]}<\/script>\n<!-- \/ Yoast SEO Premium plugin. -->","yoast_head_json":{"title":"Despu\u00e9s de 82 a\u00f1os, diario venezolano El Carabobe\u00f1o cancela la edici\u00f3n impresa debido a la escasez de papel - LatAm Journalism Review","description":"Despu\u00e9s de 82 a\u00f1os, diario venezolano El Carabobe\u00f1o cancela la edici\u00f3n impresa debido a la escasez de papel Mercado laboral. Latin American Journalism Review by The Knight Center at The University of Texas at Austin.","robots":{"index":"index","follow":"follow","max-snippet":"max-snippet:-1","max-image-preview":"max-image-preview:large","max-video-preview":"max-video-preview:-1"},"canonical":"https:\/\/latamjournalismreview.org\/es\/articles\/despues-de-82-anos-diario-venezolano-el-carabobeno-cancela-la-edicion-impresa-debido-a-la-escasez-de-papel\/","og_locale":"es_ES","og_type":"article","og_title":"Despu\u00e9s de 82 a\u00f1os, diario venezolano El Carabobe\u00f1o cancela la edici\u00f3n impresa debido a la escasez de papel","og_description":"Despu\u00e9s de 82 a\u00f1os, diario venezolano El Carabobe\u00f1o cancela la edici\u00f3n impresa debido a la escasez de papel Mercado laboral. Latin American Journalism Review by The Knight Center at The University of Texas at Austin.","og_url":"https:\/\/latamjournalismreview.org\/es\/articles\/despues-de-82-anos-diario-venezolano-el-carabobeno-cancela-la-edicion-impresa-debido-a-la-escasez-de-papel\/","og_site_name":"LatAm Journalism Review","article_published_time":"2016-03-19T15:51:39+00:00","article_modified_time":"2021-11-24T15:52:59+00:00","author":"Guest","twitter_card":"summary_large_image","twitter_creator":"@LatAmJournalism","twitter_site":"@LatAmJournalism","twitter_misc":{"Written by":"Guest","Est. reading time":"6 minutos"},"schema":{"@context":"https:\/\/schema.org","@graph":[{"@type":"Article","@id":"https:\/\/latamjournalismreview.org\/es\/articles\/despues-de-82-anos-diario-venezolano-el-carabobeno-cancela-la-edicion-impresa-debido-a-la-escasez-de-papel\/#article","isPartOf":{"@id":"https:\/\/latamjournalismreview.org\/es\/articles\/despues-de-82-anos-diario-venezolano-el-carabobeno-cancela-la-edicion-impresa-debido-a-la-escasez-de-papel\/"},"author":{"name":"Guest","@id":"https:\/\/latamjournalismreview.org\/es\/#\/schema\/person\/0315202e0b3c0963a2440f1c3012c360"},"headline":"Despu\u00e9s de 82 a\u00f1os, diario venezolano El Carabobe\u00f1o cancela la edici\u00f3n impresa debido a la escasez de papel","datePublished":"2016-03-19T15:51:39+00:00","dateModified":"2021-11-24T15:52:59+00:00","mainEntityOfPage":{"@id":"https:\/\/latamjournalismreview.org\/es\/articles\/despues-de-82-anos-diario-venezolano-el-carabobeno-cancela-la-edicion-impresa-debido-a-la-escasez-de-papel\/"},"wordCount":1166,"publisher":{"@id":"https:\/\/latamjournalismreview.org\/es\/#organization"},"keywords":["Medios impresos","Venezuela"],"articleSection":["Mercado laboral"],"inLanguage":"es"},{"@type":"WebPage","@id":"https:\/\/latamjournalismreview.org\/es\/articles\/despues-de-82-anos-diario-venezolano-el-carabobeno-cancela-la-edicion-impresa-debido-a-la-escasez-de-papel\/","url":"https:\/\/latamjournalismreview.org\/es\/articles\/despues-de-82-anos-diario-venezolano-el-carabobeno-cancela-la-edicion-impresa-debido-a-la-escasez-de-papel\/","name":"Despu\u00e9s de 82 a\u00f1os, diario venezolano El Carabobe\u00f1o cancela la edici\u00f3n impresa debido a la escasez de papel - LatAm Journalism Review","isPartOf":{"@id":"https:\/\/latamjournalismreview.org\/es\/#website"},"datePublished":"2016-03-19T15:51:39+00:00","dateModified":"2021-11-24T15:52:59+00:00","description":"Despu\u00e9s de 82 a\u00f1os, diario venezolano El Carabobe\u00f1o cancela la edici\u00f3n impresa debido a la escasez de papel Mercado laboral. Latin American Journalism Review by The Knight Center at The University of Texas at Austin.","breadcrumb":{"@id":"https:\/\/latamjournalismreview.org\/es\/articles\/despues-de-82-anos-diario-venezolano-el-carabobeno-cancela-la-edicion-impresa-debido-a-la-escasez-de-papel\/#breadcrumb"},"inLanguage":"es","potentialAction":[{"@type":"ReadAction","target":["https:\/\/latamjournalismreview.org\/es\/articles\/despues-de-82-anos-diario-venezolano-el-carabobeno-cancela-la-edicion-impresa-debido-a-la-escasez-de-papel\/"]}]},{"@type":"BreadcrumbList","@id":"https:\/\/latamjournalismreview.org\/es\/articles\/despues-de-82-anos-diario-venezolano-el-carabobeno-cancela-la-edicion-impresa-debido-a-la-escasez-de-papel\/#breadcrumb","itemListElement":[{"@type":"ListItem","position":1,"name":"Home","item":"https:\/\/latamjournalismreview.org\/es\/"},{"@type":"ListItem","position":2,"name":"Despu\u00e9s de 82 a\u00f1os, diario venezolano El Carabobe\u00f1o cancela la edici\u00f3n impresa debido a la escasez de papel"}]},{"@type":"WebSite","@id":"https:\/\/latamjournalismreview.org\/es\/#website","url":"https:\/\/latamjournalismreview.org\/es\/","name":"LatAm Journalism Review","description":"Knight Center at The University of Texas","publisher":{"@id":"https:\/\/latamjournalismreview.org\/es\/#organization"},"potentialAction":[{"@type":"SearchAction","target":{"@type":"EntryPoint","urlTemplate":"https:\/\/latamjournalismreview.org\/es\/?s={search_term_string}"},"query-input":{"@type":"PropertyValueSpecification","valueRequired":true,"valueName":"search_term_string"}}],"inLanguage":"es"},{"@type":"Organization","@id":"https:\/\/latamjournalismreview.org\/es\/#organization","name":"LatAm Journalism Review","url":"https:\/\/latamjournalismreview.org\/es\/","logo":{"@type":"ImageObject","inLanguage":"es","@id":"https:\/\/latamjournalismreview.org\/es\/#\/schema\/logo\/image\/","url":"https:\/\/latamjournalismreview.org\/wp-content\/uploads\/2020\/05\/knight-latAm-review-logo.svg","contentUrl":"https:\/\/latamjournalismreview.org\/wp-content\/uploads\/2020\/05\/knight-latAm-review-logo.svg","width":"1024","height":"1024","caption":"LatAm Journalism Review"},"image":{"@id":"https:\/\/latamjournalismreview.org\/es\/#\/schema\/logo\/image\/"},"sameAs":["https:\/\/x.com\/LatAmJournalism"]},{"@type":"Person","@id":"https:\/\/latamjournalismreview.org\/es\/#\/schema\/person\/0315202e0b3c0963a2440f1c3012c360","name":"Guest","url":"https:\/\/latamjournalismreview.org\/es\/articles\/author\/guest\/"}]}},"_links":{"self":[{"href":"https:\/\/latamjournalismreview.org\/es\/wp-json\/wp\/v2\/posts\/43047","targetHints":{"allow":["GET"]}}],"collection":[{"href":"https:\/\/latamjournalismreview.org\/es\/wp-json\/wp\/v2\/posts"}],"about":[{"href":"https:\/\/latamjournalismreview.org\/es\/wp-json\/wp\/v2\/types\/post"}],"author":[{"embeddable":true,"href":"https:\/\/latamjournalismreview.org\/es\/wp-json\/wp\/v2\/users\/17"}],"replies":[{"embeddable":true,"href":"https:\/\/latamjournalismreview.org\/es\/wp-json\/wp\/v2\/comments?post=43047"}],"version-history":[{"count":1,"href":"https:\/\/latamjournalismreview.org\/es\/wp-json\/wp\/v2\/posts\/43047\/revisions"}],"predecessor-version":[{"id":43049,"href":"https:\/\/latamjournalismreview.org\/es\/wp-json\/wp\/v2\/posts\/43047\/revisions\/43049"}],"wp:attachment":[{"href":"https:\/\/latamjournalismreview.org\/es\/wp-json\/wp\/v2\/media?parent=43047"}],"wp:term":[{"taxonomy":"category","embeddable":true,"href":"https:\/\/latamjournalismreview.org\/es\/wp-json\/wp\/v2\/categories?post=43047"},{"taxonomy":"post_tag","embeddable":true,"href":"https:\/\/latamjournalismreview.org\/es\/wp-json\/wp\/v2\/tags?post=43047"},{"taxonomy":"author","embeddable":true,"href":"https:\/\/latamjournalismreview.org\/es\/wp-json\/wp\/v2\/coauthors?post=43047"}],"curies":[{"name":"wp","href":"https:\/\/api.w.org\/{rel}","templated":true}]}}