{"id":43086,"date":"2014-04-14T17:07:38","date_gmt":"2014-04-14T22:07:38","guid":{"rendered":"https:\/\/latamjournalismreview.org\/?p=43086"},"modified":"2021-11-24T12:07:52","modified_gmt":"2021-11-24T17:07:52","slug":"asesinan-a-empleado-de-medio-hondureno-que-no-recibio-proteccion-policiaca-solicitada-por-cidh","status":"publish","type":"post","link":"https:\/\/latamjournalismreview.org\/es\/articles\/asesinan-a-empleado-de-medio-hondureno-que-no-recibio-proteccion-policiaca-solicitada-por-cidh\/","title":{"rendered":"Asesinan a empleado de medio hondure\u00f1o que no recibi\u00f3 protecci\u00f3n policiaca solicitada por CIDH"},"content":{"rendered":"<p><em>Por Alejandro Mart\u00ednez<\/em><\/p>\n<p>Carlos Mej\u00eda Orellana, un empleado de la estaci\u00f3n de radio hondure\u00f1a Radio Progreso,<a href=\"http:\/\/es.rsf.org\/honduras-asesinan-a-un-trabajador-de-radio-14-04-2014,46144.html\" target=\"_blank\" rel=\"noopener\"> fue asesinado a apu\u00f1aladas<\/a> en el municipio de El Progreso el viernes 11 de abril, inform\u00f3 Reporteros sin Fronteras.<\/p>\n<p>Mej\u00eda, de 35 a\u00f1os, acababa de regresar a su casa cuando fue atacado. Se desconoce la identidad de su agresor.<\/p>\n<p>RSF not\u00f3 que Radio Progreso fue uno de los medios que se opusieron al golpe de estado de 2009 que retir\u00f3 del poder al entonces presidente Manuel Zelaya. Desde entonces varios empleados de la estaci\u00f3n han recibido amenazas de muerte, incluyendo a Mej\u00eda, quien laboraba en el medio desde hace m\u00e1s de 10 a\u00f1os. La Comisi\u00f3n Interamericana de Derechos Humanos pidi\u00f3 al gobierno de Honduras que le otorgara a Mej\u00eda medidas cautelares en el 2009, 2010 y 2011.<\/p>\n<p>El director del medio Ismael Moreno acus\u00f3 a las autoridades de ignorar las solicitudes de protecci\u00f3n a pesar de que exist\u00edan indicaciones de que la vida de Mej\u00eda corr\u00eda peligro.<\/p>\n<p>\u201cEste hecho sangriento es un golpe directo no solo a la vida de nuestro compa\u00f1ero, sino un golpe frontal al trabajo que realiza Radio Progreso, por ello es que solicitamos a las autoridades <a href=\"http:\/\/www.latribuna.hn\/2014\/04\/12\/en-su-casa-ultiman-a-coordinador-de-mercadeo-de-radio-progreso\/\" target=\"_blank\" rel=\"noopener\">que este hecho no quede impune y sea investigado hasta dar con el paradero del <\/a><a href=\"http:\/\/www.latribuna.hn\/2014\/04\/12\/en-su-casa-ultiman-a-coordinador-de-mercadeo-de-radio-progreso\/\" target=\"_blank\" rel=\"noopener\">hechor<\/a>\u201d, demand\u00f3 la estaci\u00f3n de radio.<\/p>\n<p>RSF tambi\u00e9n critic\u00f3 a las autoridades del pa\u00eds por no haber atendido a las recomendaciones de la CIDH y llam\u00f3 a que no se descartara la profesi\u00f3n de Mej\u00eda como posible m\u00f3vil del crimen.<\/p>\n<p>\u201cLa investigaci\u00f3n que se lleva a cabo a\u00fan no ha podido determinar cu\u00e1l fue el m\u00f3vil del asesinato. La polic\u00eda formula desde ahora la hip\u00f3tesis de que se trata de un crimen pasional. Pedimos que no se descarte desde un inicio que el m\u00f3vil pudo estar relacionado con la actividad profesional de la v\u00edctima\u201d, dijo Camille Soulier, encargada del despacho en Am\u00e9rica Latina de Reporteros Sin Fronteras.<\/p>\n<p>La organizaci\u00f3n tambi\u00e9n llam\u00f3 a la creaci\u00f3n de un mecanismo de protecci\u00f3n a periodistas en el pa\u00eds, el cual\u00a0contin\u00faa siendo <a href=\"https:\/\/knightcenter.utexas.edu\/blog\/00-15022-new-report-highlights-growing-violence-impunity-honduras\" target=\"_blank\" rel=\"noopener\">uno de los lugares m\u00e1s peligrosos para periodistas en el mundo<\/a>. RSF coloc\u00f3 a Honduras en la posici\u00f3n 129 de 180 <a href=\"https:\/\/rsf.org\/index2014\/en-americas.php#\" target=\"_blank\" rel=\"noopener\">en la \u00faltima edici\u00f3n de su \u00cdndice de Libertad de Prensa<\/a>. Un reciente reporte del Comit\u00e9 Nacional de Derechos Humanos de Honduras encontr\u00f3 que <a href=\"https:\/\/knightcenter.utexas.edu\/blog\/00-15190-more-hundred-media-workers-honduras-were-victims-aggression-during-past-four-years\" target=\"_blank\" rel=\"noopener\">hubo m\u00e1s de 100 ataques y amenazas contra periodistas entre 2010 y 2013<\/a>.<\/p>\n<p>En un intento por presionar a Canad\u00e1 a que exija a Honduras avances en el tema de derechos humanos antes de firmar un tratado de libre comercio entre las dos naciones, la semana pasada el escritor mexicano \u00c1lvaro Enrigue <a href=\"http:\/\/www.ottawacitizen.com\/business\/Canada+should+press+Honduras+free+speech\/9719393\/story.html\" target=\"_blank\" rel=\"noopener\">ley\u00f3 los nombres de 32 periodistas hondure\u00f1os asesinados en la \u00faltima d\u00e9cada<\/a> en una sesi\u00f3n de la Comisi\u00f3n Interamericana de Derechos Humanos llevada a cabo en Washington, D.C.<\/p>\n<p><em>* Janelle Matous, estudiante de la clase \"Periodismo en Am\u00e9rica Latina\" en la Universidad de Texas en Austin, contribuy\u00f3 a esta nota. <\/em><\/p>\n<p><em>Nota del editor: Esta historia fue publicada originalmente en el blog Periodismo en las Am\u00e9ricas del Centro Knight, el predecesor de LatAm Journalism Review.<\/em><\/p>\n","protected":false},"excerpt":{"rendered":"<p>Carlos Mej\u00eda Orellana, un empleado de la estaci\u00f3n de radio hondure\u00f1a Radio Progreso, fue asesinado a apu\u00f1aladas en el municipio de El Progreso el viernes 11 de abril, inform\u00f3 Reporteros sin Fronteras.<\/p>\n","protected":false},"author":22,"featured_media":0,"comment_status":"closed","ping_status":"closed","sticky":false,"template":"","format":"standard","meta":{"inline_featured_image":false,"footnotes":""},"categories":[1222],"tags":[1522,1479,1462],"coauthors":[],"class_list":["post-43086","post","type-post","status-publish","format-standard","hentry","category-violencia-contra-periodistas-es","tag-amenazas-contra-periodistas-es","tag-asesinato-de-periodistas-es","tag-honduras-es"],"acf":[],"yoast_head":"<!-- This site is optimized with the Yoast SEO Premium plugin v22.6 (Yoast SEO v27.4) - https:\/\/yoast.com\/product\/yoast-seo-premium-wordpress\/ -->\n<title>Asesinan a empleado de medio hondure\u00f1o que no recibi\u00f3 protecci\u00f3n policiaca solicitada por CIDH - LatAm Journalism Review<\/title>\n<meta name=\"description\" content=\"Asesinan a empleado de medio hondure\u00f1o que no recibi\u00f3 protecci\u00f3n policiaca solicitada por CIDH Violencia contra periodistas. Latin American Journalism Review by The Knight Center at The University of Texas at Austin.\" \/>\n<meta name=\"robots\" content=\"index, follow, max-snippet:-1, max-image-preview:large, max-video-preview:-1\" \/>\n<link rel=\"canonical\" href=\"https:\/\/latamjournalismreview.org\/es\/articles\/asesinan-a-empleado-de-medio-hondureno-que-no-recibio-proteccion-policiaca-solicitada-por-cidh\/\" \/>\n<meta property=\"og:locale\" content=\"es_ES\" \/>\n<meta property=\"og:type\" content=\"article\" \/>\n<meta property=\"og:title\" content=\"Asesinan a empleado de medio hondure\u00f1o que no recibi\u00f3 protecci\u00f3n policiaca solicitada por CIDH\" \/>\n<meta property=\"og:description\" content=\"Asesinan a empleado de medio hondure\u00f1o que no recibi\u00f3 protecci\u00f3n policiaca solicitada por CIDH Violencia contra periodistas. Latin American Journalism Review by The Knight Center at The University of Texas at Austin.\" \/>\n<meta property=\"og:url\" content=\"https:\/\/latamjournalismreview.org\/es\/articles\/asesinan-a-empleado-de-medio-hondureno-que-no-recibio-proteccion-policiaca-solicitada-por-cidh\/\" \/>\n<meta property=\"og:site_name\" content=\"LatAm Journalism Review\" \/>\n<meta property=\"article:published_time\" content=\"2014-04-14T22:07:38+00:00\" \/>\n<meta property=\"article:modified_time\" content=\"2021-11-24T17:07:52+00:00\" \/>\n<meta name=\"author\" content=\"Knight Center\" \/>\n<meta name=\"twitter:card\" content=\"summary_large_image\" \/>\n<meta name=\"twitter:creator\" content=\"@LatAmJournalism\" \/>\n<meta name=\"twitter:site\" content=\"@LatAmJournalism\" \/>\n<meta name=\"twitter:label1\" content=\"Written by\" \/>\n\t<meta name=\"twitter:data1\" content=\"Knight Center\" \/>\n\t<meta name=\"twitter:label2\" content=\"Est. reading time\" \/>\n\t<meta name=\"twitter:data2\" content=\"3 minutos\" \/>\n<script type=\"application\/ld+json\" class=\"yoast-schema-graph\">{\"@context\":\"https:\\\/\\\/schema.org\",\"@graph\":[{\"@type\":\"Article\",\"@id\":\"https:\\\/\\\/latamjournalismreview.org\\\/es\\\/articles\\\/asesinan-a-empleado-de-medio-hondureno-que-no-recibio-proteccion-policiaca-solicitada-por-cidh\\\/#article\",\"isPartOf\":{\"@id\":\"https:\\\/\\\/latamjournalismreview.org\\\/es\\\/articles\\\/asesinan-a-empleado-de-medio-hondureno-que-no-recibio-proteccion-policiaca-solicitada-por-cidh\\\/\"},\"author\":{\"name\":\"Knight Center\",\"@id\":\"https:\\\/\\\/latamjournalismreview.org\\\/es\\\/#\\\/schema\\\/person\\\/6c325fd0fef0cd167424c683e6577e19\"},\"headline\":\"Asesinan a empleado de medio hondure\u00f1o que no recibi\u00f3 protecci\u00f3n policiaca solicitada por CIDH\",\"datePublished\":\"2014-04-14T22:07:38+00:00\",\"dateModified\":\"2021-11-24T17:07:52+00:00\",\"mainEntityOfPage\":{\"@id\":\"https:\\\/\\\/latamjournalismreview.org\\\/es\\\/articles\\\/asesinan-a-empleado-de-medio-hondureno-que-no-recibio-proteccion-policiaca-solicitada-por-cidh\\\/\"},\"wordCount\":562,\"publisher\":{\"@id\":\"https:\\\/\\\/latamjournalismreview.org\\\/es\\\/#organization\"},\"keywords\":[\"Amenazas contra periodistas\",\"Asesinato de periodista\",\"Honduras\"],\"articleSection\":[\"Violencia contra periodistas\"],\"inLanguage\":\"es\"},{\"@type\":\"WebPage\",\"@id\":\"https:\\\/\\\/latamjournalismreview.org\\\/es\\\/articles\\\/asesinan-a-empleado-de-medio-hondureno-que-no-recibio-proteccion-policiaca-solicitada-por-cidh\\\/\",\"url\":\"https:\\\/\\\/latamjournalismreview.org\\\/es\\\/articles\\\/asesinan-a-empleado-de-medio-hondureno-que-no-recibio-proteccion-policiaca-solicitada-por-cidh\\\/\",\"name\":\"Asesinan a empleado de medio hondure\u00f1o que no recibi\u00f3 protecci\u00f3n policiaca solicitada por CIDH - LatAm Journalism Review\",\"isPartOf\":{\"@id\":\"https:\\\/\\\/latamjournalismreview.org\\\/es\\\/#website\"},\"datePublished\":\"2014-04-14T22:07:38+00:00\",\"dateModified\":\"2021-11-24T17:07:52+00:00\",\"description\":\"Asesinan a empleado de medio hondure\u00f1o que no recibi\u00f3 protecci\u00f3n policiaca solicitada por CIDH Violencia contra periodistas. Latin American Journalism Review by The Knight Center at The University of Texas at Austin.\",\"breadcrumb\":{\"@id\":\"https:\\\/\\\/latamjournalismreview.org\\\/es\\\/articles\\\/asesinan-a-empleado-de-medio-hondureno-que-no-recibio-proteccion-policiaca-solicitada-por-cidh\\\/#breadcrumb\"},\"inLanguage\":\"es\",\"potentialAction\":[{\"@type\":\"ReadAction\",\"target\":[\"https:\\\/\\\/latamjournalismreview.org\\\/es\\\/articles\\\/asesinan-a-empleado-de-medio-hondureno-que-no-recibio-proteccion-policiaca-solicitada-por-cidh\\\/\"]}]},{\"@type\":\"BreadcrumbList\",\"@id\":\"https:\\\/\\\/latamjournalismreview.org\\\/es\\\/articles\\\/asesinan-a-empleado-de-medio-hondureno-que-no-recibio-proteccion-policiaca-solicitada-por-cidh\\\/#breadcrumb\",\"itemListElement\":[{\"@type\":\"ListItem\",\"position\":1,\"name\":\"Home\",\"item\":\"https:\\\/\\\/latamjournalismreview.org\\\/es\\\/\"},{\"@type\":\"ListItem\",\"position\":2,\"name\":\"Asesinan a empleado de medio hondure\u00f1o que no recibi\u00f3 protecci\u00f3n policiaca solicitada por CIDH\"}]},{\"@type\":\"WebSite\",\"@id\":\"https:\\\/\\\/latamjournalismreview.org\\\/es\\\/#website\",\"url\":\"https:\\\/\\\/latamjournalismreview.org\\\/es\\\/\",\"name\":\"LatAm Journalism Review\",\"description\":\"Knight Center at The University of Texas\",\"publisher\":{\"@id\":\"https:\\\/\\\/latamjournalismreview.org\\\/es\\\/#organization\"},\"potentialAction\":[{\"@type\":\"SearchAction\",\"target\":{\"@type\":\"EntryPoint\",\"urlTemplate\":\"https:\\\/\\\/latamjournalismreview.org\\\/es\\\/?s={search_term_string}\"},\"query-input\":{\"@type\":\"PropertyValueSpecification\",\"valueRequired\":true,\"valueName\":\"search_term_string\"}}],\"inLanguage\":\"es\"},{\"@type\":\"Organization\",\"@id\":\"https:\\\/\\\/latamjournalismreview.org\\\/es\\\/#organization\",\"name\":\"LatAm Journalism Review\",\"url\":\"https:\\\/\\\/latamjournalismreview.org\\\/es\\\/\",\"logo\":{\"@type\":\"ImageObject\",\"inLanguage\":\"es\",\"@id\":\"https:\\\/\\\/latamjournalismreview.org\\\/es\\\/#\\\/schema\\\/logo\\\/image\\\/\",\"url\":\"https:\\\/\\\/latamjournalismreview.org\\\/wp-content\\\/uploads\\\/2020\\\/05\\\/knight-latAm-review-logo.svg\",\"contentUrl\":\"https:\\\/\\\/latamjournalismreview.org\\\/wp-content\\\/uploads\\\/2020\\\/05\\\/knight-latAm-review-logo.svg\",\"width\":\"1024\",\"height\":\"1024\",\"caption\":\"LatAm Journalism Review\"},\"image\":{\"@id\":\"https:\\\/\\\/latamjournalismreview.org\\\/es\\\/#\\\/schema\\\/logo\\\/image\\\/\"},\"sameAs\":[\"https:\\\/\\\/x.com\\\/LatAmJournalism\"]},{\"@type\":\"Person\",\"@id\":\"https:\\\/\\\/latamjournalismreview.org\\\/es\\\/#\\\/schema\\\/person\\\/6c325fd0fef0cd167424c683e6577e19\",\"name\":\"Knight Center\",\"url\":\"https:\\\/\\\/latamjournalismreview.org\\\/es\\\/articles\\\/author\\\/knight-center\\\/\"}]}<\/script>\n<!-- \/ Yoast SEO Premium plugin. -->","yoast_head_json":{"title":"Asesinan a empleado de medio hondure\u00f1o que no recibi\u00f3 protecci\u00f3n policiaca solicitada por CIDH - LatAm Journalism Review","description":"Asesinan a empleado de medio hondure\u00f1o que no recibi\u00f3 protecci\u00f3n policiaca solicitada por CIDH Violencia contra periodistas. Latin American Journalism Review by The Knight Center at The University of Texas at Austin.","robots":{"index":"index","follow":"follow","max-snippet":"max-snippet:-1","max-image-preview":"max-image-preview:large","max-video-preview":"max-video-preview:-1"},"canonical":"https:\/\/latamjournalismreview.org\/es\/articles\/asesinan-a-empleado-de-medio-hondureno-que-no-recibio-proteccion-policiaca-solicitada-por-cidh\/","og_locale":"es_ES","og_type":"article","og_title":"Asesinan a empleado de medio hondure\u00f1o que no recibi\u00f3 protecci\u00f3n policiaca solicitada por CIDH","og_description":"Asesinan a empleado de medio hondure\u00f1o que no recibi\u00f3 protecci\u00f3n policiaca solicitada por CIDH Violencia contra periodistas. Latin American Journalism Review by The Knight Center at The University of Texas at Austin.","og_url":"https:\/\/latamjournalismreview.org\/es\/articles\/asesinan-a-empleado-de-medio-hondureno-que-no-recibio-proteccion-policiaca-solicitada-por-cidh\/","og_site_name":"LatAm Journalism Review","article_published_time":"2014-04-14T22:07:38+00:00","article_modified_time":"2021-11-24T17:07:52+00:00","author":"Knight Center","twitter_card":"summary_large_image","twitter_creator":"@LatAmJournalism","twitter_site":"@LatAmJournalism","twitter_misc":{"Written by":"Knight Center","Est. reading time":"3 minutos"},"schema":{"@context":"https:\/\/schema.org","@graph":[{"@type":"Article","@id":"https:\/\/latamjournalismreview.org\/es\/articles\/asesinan-a-empleado-de-medio-hondureno-que-no-recibio-proteccion-policiaca-solicitada-por-cidh\/#article","isPartOf":{"@id":"https:\/\/latamjournalismreview.org\/es\/articles\/asesinan-a-empleado-de-medio-hondureno-que-no-recibio-proteccion-policiaca-solicitada-por-cidh\/"},"author":{"name":"Knight Center","@id":"https:\/\/latamjournalismreview.org\/es\/#\/schema\/person\/6c325fd0fef0cd167424c683e6577e19"},"headline":"Asesinan a empleado de medio hondure\u00f1o que no recibi\u00f3 protecci\u00f3n policiaca solicitada por CIDH","datePublished":"2014-04-14T22:07:38+00:00","dateModified":"2021-11-24T17:07:52+00:00","mainEntityOfPage":{"@id":"https:\/\/latamjournalismreview.org\/es\/articles\/asesinan-a-empleado-de-medio-hondureno-que-no-recibio-proteccion-policiaca-solicitada-por-cidh\/"},"wordCount":562,"publisher":{"@id":"https:\/\/latamjournalismreview.org\/es\/#organization"},"keywords":["Amenazas contra periodistas","Asesinato de periodista","Honduras"],"articleSection":["Violencia contra periodistas"],"inLanguage":"es"},{"@type":"WebPage","@id":"https:\/\/latamjournalismreview.org\/es\/articles\/asesinan-a-empleado-de-medio-hondureno-que-no-recibio-proteccion-policiaca-solicitada-por-cidh\/","url":"https:\/\/latamjournalismreview.org\/es\/articles\/asesinan-a-empleado-de-medio-hondureno-que-no-recibio-proteccion-policiaca-solicitada-por-cidh\/","name":"Asesinan a empleado de medio hondure\u00f1o que no recibi\u00f3 protecci\u00f3n policiaca solicitada por CIDH - LatAm Journalism Review","isPartOf":{"@id":"https:\/\/latamjournalismreview.org\/es\/#website"},"datePublished":"2014-04-14T22:07:38+00:00","dateModified":"2021-11-24T17:07:52+00:00","description":"Asesinan a empleado de medio hondure\u00f1o que no recibi\u00f3 protecci\u00f3n policiaca solicitada por CIDH Violencia contra periodistas. Latin American Journalism Review by The Knight Center at The University of Texas at Austin.","breadcrumb":{"@id":"https:\/\/latamjournalismreview.org\/es\/articles\/asesinan-a-empleado-de-medio-hondureno-que-no-recibio-proteccion-policiaca-solicitada-por-cidh\/#breadcrumb"},"inLanguage":"es","potentialAction":[{"@type":"ReadAction","target":["https:\/\/latamjournalismreview.org\/es\/articles\/asesinan-a-empleado-de-medio-hondureno-que-no-recibio-proteccion-policiaca-solicitada-por-cidh\/"]}]},{"@type":"BreadcrumbList","@id":"https:\/\/latamjournalismreview.org\/es\/articles\/asesinan-a-empleado-de-medio-hondureno-que-no-recibio-proteccion-policiaca-solicitada-por-cidh\/#breadcrumb","itemListElement":[{"@type":"ListItem","position":1,"name":"Home","item":"https:\/\/latamjournalismreview.org\/es\/"},{"@type":"ListItem","position":2,"name":"Asesinan a empleado de medio hondure\u00f1o que no recibi\u00f3 protecci\u00f3n policiaca solicitada por CIDH"}]},{"@type":"WebSite","@id":"https:\/\/latamjournalismreview.org\/es\/#website","url":"https:\/\/latamjournalismreview.org\/es\/","name":"LatAm Journalism Review","description":"Knight Center at The University of Texas","publisher":{"@id":"https:\/\/latamjournalismreview.org\/es\/#organization"},"potentialAction":[{"@type":"SearchAction","target":{"@type":"EntryPoint","urlTemplate":"https:\/\/latamjournalismreview.org\/es\/?s={search_term_string}"},"query-input":{"@type":"PropertyValueSpecification","valueRequired":true,"valueName":"search_term_string"}}],"inLanguage":"es"},{"@type":"Organization","@id":"https:\/\/latamjournalismreview.org\/es\/#organization","name":"LatAm Journalism Review","url":"https:\/\/latamjournalismreview.org\/es\/","logo":{"@type":"ImageObject","inLanguage":"es","@id":"https:\/\/latamjournalismreview.org\/es\/#\/schema\/logo\/image\/","url":"https:\/\/latamjournalismreview.org\/wp-content\/uploads\/2020\/05\/knight-latAm-review-logo.svg","contentUrl":"https:\/\/latamjournalismreview.org\/wp-content\/uploads\/2020\/05\/knight-latAm-review-logo.svg","width":"1024","height":"1024","caption":"LatAm Journalism Review"},"image":{"@id":"https:\/\/latamjournalismreview.org\/es\/#\/schema\/logo\/image\/"},"sameAs":["https:\/\/x.com\/LatAmJournalism"]},{"@type":"Person","@id":"https:\/\/latamjournalismreview.org\/es\/#\/schema\/person\/6c325fd0fef0cd167424c683e6577e19","name":"Knight Center","url":"https:\/\/latamjournalismreview.org\/es\/articles\/author\/knight-center\/"}]}},"_links":{"self":[{"href":"https:\/\/latamjournalismreview.org\/es\/wp-json\/wp\/v2\/posts\/43086","targetHints":{"allow":["GET"]}}],"collection":[{"href":"https:\/\/latamjournalismreview.org\/es\/wp-json\/wp\/v2\/posts"}],"about":[{"href":"https:\/\/latamjournalismreview.org\/es\/wp-json\/wp\/v2\/types\/post"}],"author":[{"embeddable":true,"href":"https:\/\/latamjournalismreview.org\/es\/wp-json\/wp\/v2\/users\/22"}],"replies":[{"embeddable":true,"href":"https:\/\/latamjournalismreview.org\/es\/wp-json\/wp\/v2\/comments?post=43086"}],"version-history":[{"count":1,"href":"https:\/\/latamjournalismreview.org\/es\/wp-json\/wp\/v2\/posts\/43086\/revisions"}],"predecessor-version":[{"id":43087,"href":"https:\/\/latamjournalismreview.org\/es\/wp-json\/wp\/v2\/posts\/43086\/revisions\/43087"}],"wp:attachment":[{"href":"https:\/\/latamjournalismreview.org\/es\/wp-json\/wp\/v2\/media?parent=43086"}],"wp:term":[{"taxonomy":"category","embeddable":true,"href":"https:\/\/latamjournalismreview.org\/es\/wp-json\/wp\/v2\/categories?post=43086"},{"taxonomy":"post_tag","embeddable":true,"href":"https:\/\/latamjournalismreview.org\/es\/wp-json\/wp\/v2\/tags?post=43086"},{"taxonomy":"author","embeddable":true,"href":"https:\/\/latamjournalismreview.org\/es\/wp-json\/wp\/v2\/coauthors?post=43086"}],"curies":[{"name":"wp","href":"https:\/\/api.w.org\/{rel}","templated":true}]}}