{"id":43224,"date":"2014-04-09T14:06:40","date_gmt":"2014-04-09T19:06:40","guid":{"rendered":"https:\/\/latamjournalismreview.org\/?p=43224"},"modified":"2021-11-25T10:03:44","modified_gmt":"2021-11-25T15:03:44","slug":"campana-de-periodistas-venezolanos-exige-liberacion-de-colega-secuestrada","status":"publish","type":"post","link":"https:\/\/latamjournalismreview.org\/es\/articles\/campana-de-periodistas-venezolanos-exige-liberacion-de-colega-secuestrada\/","title":{"rendered":"Campa\u00f1a de periodistas venezolanos exige liberaci\u00f3n de colega secuestrada"},"content":{"rendered":"<p dir=\"ltr\"><em>Por Samantha Badgen<\/em><\/p>\n<p dir=\"ltr\">A m\u00e1s de 48 horas de la desaparici\u00f3n de la periodista y jefa de corresponsal\u00eda de Globovisi\u00f3n\u00a0Nairobi Pinto, <a href=\"http:\/\/www.clarin.com\/mundo\/Campana-Twitter-periodista-secuestrada_0_1117088589.html\">periodistas de varios canales y medios se han unido en una campa\u00f1a online pidiendo la liberaci\u00f3n de Pinto<\/a>.<\/p>\n<p>Vestidos de blanco, los periodistas se fotograf\u00edan con carteles que piden la liberaci\u00f3n de Pinto y en los que tambi\u00e9n se lee el hashtag \u201c<a href=\"https:\/\/twitter.com\/search?q=%23LiberenANairobi&amp;src=hash\" target=\"_blank\" rel=\"noopener\">#<\/a><a href=\"https:\/\/twitter.com\/search?q=%23LiberenANairobi&amp;src=hash\" target=\"_blank\" rel=\"noopener\">LiberenANairobi<\/a>\u201d, que ya se ha esparcido por Twitter y dem\u00e1s medios sociales.<\/p>\n<p>Hasta ahora no hay nuevas pistas sobre el secuestro de la periodista, pero las autoridades no descartan ning\u00fan m\u00f3vil. Seg\u00fan El Nacional, <a href=\"http:\/\/www.clarin.com\/mundo\/Campana-Twitter-periodista-secuestrada_0_1117088589.html\">hay una posibilidad de que el crimen haya tenido motivos pol\u00edticos<\/a>, ya que podr\u00edan haberla secuestrado para interrogarla sobre las actividades de una amiga con v\u00ednculos a un partido de la oposici\u00f3n, <a href=\"http:\/\/www.infobae.com\/2014\/04\/09\/1556119-lider-estudiantil-venezolana-nairobi-pinto-es-mi-amiga-y-su-secuestro-es-razones-politicas\">lo cual dicha amiga asegur\u00f3 en Twitter.\u00a0<\/a><\/p>\n<p>De la misma manera, el gobierno del presidente Nicol\u00e1s Maduro ha sugerido que Pinto podr\u00eda haber sido secuestrada por miembros de la oposici\u00f3n. Miguel Rodr\u00edguez Torres, Ministro de Interior, le dijo a Uni\u00f3n Radio <a href=\"http:\/\/www.infobae.com\/2014\/04\/08\/1555913-investigan-si-detras-del-secuestro-la-periodista-venezolana-hay-una-persecucion-politica\">que llamaba la atenci\u00f3n que hab\u00edan habido barricadas violentas en la zona donde vive Pinto, y tambi\u00e9n intentos fallidos de secuestro y varios robos.<\/a><\/p>\n<p><a href=\"http:\/\/www.venezuelaaldia.com\/2014\/04\/secuestran-a-nairobi-pinto-jefa-de-corresponsalia-de-globovision-tuits\/\">Pinto fue secuestrada por tres hombres enmascarados la noche del domingo 5 de abril<\/a> cuando volv\u00edan del supermercado en el barrio Los Chaguaramos, de Caracas. Los hombres aparecieron en una Chevrolet azul y la secuestraron, dijo la cu\u00f1ada de Pinto.<\/p>\n<p>Luis Pinto, padre de Nairobi pinto y tambi\u00e9n periodista, <a href=\"http:\/\/www.lanacion.com.ar\/1679303-crece-la-incertidumbre-por-la-periodista-secuestrada\">sostuvo que tiene fe \u201cen los pasos que est\u00e1n dando las autoridades policiales\u201d<\/a> y pidi\u00f3 que los secuestradores valorar la acci\u00f3n que han cometido y <a href=\"http:\/\/globovision.com\/articulo\/padre-de-nairobi-pinto-pido-a-dios-que-intervenga-y-me-devuelvan-a-mi-hija-sana-y-salva\">que tengan el sentido com\u00fan y la responsabilidad de devolver a su hija<\/a>. Tambi\u00e9n agreg\u00f3\u00a0que aparte de ser periodista su hija estudiaba derecho, y que no le hab\u00eda hablado\u00a0de ning\u00fan tipo de amenazas recibidas que podr\u00edan estar conectadas al secuestro.<\/p>\n<p>El padre de Nairobi dijo que su familia <a href=\"http:\/\/www.ultimasnoticias.com.ve\/noticias\/actualidad\/sucesos\/captores-de-nairobi-pinto-no-han-establecido-conta.aspx\">no cuenta con muchos bienes, porque ellos viven de su trabajo<\/a>, y agreg\u00f3\u00a0que estaban todos devastados por lo sucedido.<\/p>\n<p><a href=\"http:\/\/www.elnuevoherald.com\/2014\/04\/07\/1720476\/secuestran-a-periodista-de-televisora.html\">\u201c\u00bfQu\u00e9 sentir cu\u00e1ndo no sabes d\u00f3nde est\u00e1 tu hija? \u00bfqu\u00e9 ha pasado con tu hija? estoy atado de pies y manos\u201d.<\/a><\/p>\n<p>Globovisi\u00f3n dijo que sus trabajadores est\u00e1n trabajando con la familia para contactar las fuerzas de seguridad locales y agregaron que los venezolanos <a href=\"http:\/\/www.clarin.com\/mundo\/Secuestran-periodista-Globovision_0_1115888734.html\">tendr\u00edan que actuar responsablemente en su uso de medios sociales<\/a> para no obstruir el trabajo de las autoridades y poner la vida de Pinto en m\u00e1s peligro, public\u00f3 el diario argentino Clar\u00edn.<\/p>\n<p>El lunes, varios periodistas, camar\u00f3grafos y trabajadores de prensa se <a href=\"http:\/\/globovision.com\/articulo\/gremio-de-periodistas-convoca-misa-por-liberacion-de-nairobi-pinto\">unieron en la iglesia a la que iba Pinto para orar por su liberaci\u00f3n<\/a>. Marco Ruiz, presidente del Sindicato Nacional de Trabajadores de Prensa (SNTP) dijo que la sociedad tiene que tomar un papel m\u00e1s activo en la b\u00fasqueda y critic\u00f3 el progreso lento de las autoridades.<\/p>\n<p>\"La sociedad tiene que sumarse, unirse por el respeto a la vida de todos los venezolanos\", dijo.<\/p>\n<p><em>Nota del editor: Esta historia fue publicada originalmente en el blog Periodismo en las Am\u00e9ricas del Centro Knight, el predecesor de LatAm Journalism Review.<\/em><\/p>\n","protected":false},"excerpt":{"rendered":"<p>A m\u00e1s de 48 horas de la desaparici\u00f3n de la periodista y jefa de corresponsal\u00eda de Globovisi\u00f3n\u00a0Nairobi Pinto, periodistas de varios canales y medios se han unido en una campa\u00f1a online pidiendo la liberaci\u00f3n de Pinto.<\/p>\n","protected":false},"author":22,"featured_media":0,"comment_status":"closed","ping_status":"closed","sticky":false,"template":"","format":"standard","meta":{"inline_featured_image":false,"footnotes":""},"categories":[1222],"tags":[1522,1405],"coauthors":[],"class_list":["post-43224","post","type-post","status-publish","format-standard","hentry","category-violencia-contra-periodistas-es","tag-amenazas-contra-periodistas-es","tag-venezuela-es-2"],"acf":[],"yoast_head":"<!-- This site is optimized with the Yoast SEO Premium plugin v22.6 (Yoast SEO v27.4) - https:\/\/yoast.com\/product\/yoast-seo-premium-wordpress\/ -->\n<title>Campa\u00f1a de periodistas venezolanos exige liberaci\u00f3n de colega secuestrada - LatAm Journalism Review<\/title>\n<meta name=\"description\" content=\"Campa\u00f1a de periodistas venezolanos exige liberaci\u00f3n de colega secuestrada Violencia contra periodistas. Latin American Journalism Review by The Knight Center at The University of Texas at Austin.\" \/>\n<meta name=\"robots\" content=\"index, follow, max-snippet:-1, max-image-preview:large, max-video-preview:-1\" \/>\n<link rel=\"canonical\" href=\"https:\/\/latamjournalismreview.org\/es\/articles\/campana-de-periodistas-venezolanos-exige-liberacion-de-colega-secuestrada\/\" \/>\n<meta property=\"og:locale\" content=\"es_ES\" \/>\n<meta property=\"og:type\" content=\"article\" \/>\n<meta property=\"og:title\" content=\"Campa\u00f1a de periodistas venezolanos exige liberaci\u00f3n de colega secuestrada\" \/>\n<meta property=\"og:description\" content=\"Campa\u00f1a de periodistas venezolanos exige liberaci\u00f3n de colega secuestrada Violencia contra periodistas. Latin American Journalism Review by The Knight Center at The University of Texas at Austin.\" \/>\n<meta property=\"og:url\" content=\"https:\/\/latamjournalismreview.org\/es\/articles\/campana-de-periodistas-venezolanos-exige-liberacion-de-colega-secuestrada\/\" \/>\n<meta property=\"og:site_name\" content=\"LatAm Journalism Review\" \/>\n<meta property=\"article:published_time\" content=\"2014-04-09T19:06:40+00:00\" \/>\n<meta property=\"article:modified_time\" content=\"2021-11-25T15:03:44+00:00\" \/>\n<meta name=\"author\" content=\"Knight Center\" \/>\n<meta name=\"twitter:card\" content=\"summary_large_image\" \/>\n<meta name=\"twitter:creator\" content=\"@LatAmJournalism\" \/>\n<meta name=\"twitter:site\" content=\"@LatAmJournalism\" \/>\n<meta name=\"twitter:label1\" content=\"Written by\" \/>\n\t<meta name=\"twitter:data1\" content=\"Knight Center\" \/>\n\t<meta name=\"twitter:label2\" content=\"Est. reading time\" \/>\n\t<meta name=\"twitter:data2\" content=\"3 minutos\" \/>\n<script type=\"application\/ld+json\" class=\"yoast-schema-graph\">{\"@context\":\"https:\\\/\\\/schema.org\",\"@graph\":[{\"@type\":\"Article\",\"@id\":\"https:\\\/\\\/latamjournalismreview.org\\\/es\\\/articles\\\/campana-de-periodistas-venezolanos-exige-liberacion-de-colega-secuestrada\\\/#article\",\"isPartOf\":{\"@id\":\"https:\\\/\\\/latamjournalismreview.org\\\/es\\\/articles\\\/campana-de-periodistas-venezolanos-exige-liberacion-de-colega-secuestrada\\\/\"},\"author\":{\"name\":\"Knight Center\",\"@id\":\"https:\\\/\\\/latamjournalismreview.org\\\/es\\\/#\\\/schema\\\/person\\\/6c325fd0fef0cd167424c683e6577e19\"},\"headline\":\"Campa\u00f1a de periodistas venezolanos exige liberaci\u00f3n de colega secuestrada\",\"datePublished\":\"2014-04-09T19:06:40+00:00\",\"dateModified\":\"2021-11-25T15:03:44+00:00\",\"mainEntityOfPage\":{\"@id\":\"https:\\\/\\\/latamjournalismreview.org\\\/es\\\/articles\\\/campana-de-periodistas-venezolanos-exige-liberacion-de-colega-secuestrada\\\/\"},\"wordCount\":568,\"publisher\":{\"@id\":\"https:\\\/\\\/latamjournalismreview.org\\\/es\\\/#organization\"},\"keywords\":[\"Amenazas contra periodistas\",\"Venezuela\"],\"articleSection\":[\"Violencia contra periodistas\"],\"inLanguage\":\"es\"},{\"@type\":\"WebPage\",\"@id\":\"https:\\\/\\\/latamjournalismreview.org\\\/es\\\/articles\\\/campana-de-periodistas-venezolanos-exige-liberacion-de-colega-secuestrada\\\/\",\"url\":\"https:\\\/\\\/latamjournalismreview.org\\\/es\\\/articles\\\/campana-de-periodistas-venezolanos-exige-liberacion-de-colega-secuestrada\\\/\",\"name\":\"Campa\u00f1a de periodistas venezolanos exige liberaci\u00f3n de colega secuestrada - LatAm Journalism Review\",\"isPartOf\":{\"@id\":\"https:\\\/\\\/latamjournalismreview.org\\\/es\\\/#website\"},\"datePublished\":\"2014-04-09T19:06:40+00:00\",\"dateModified\":\"2021-11-25T15:03:44+00:00\",\"description\":\"Campa\u00f1a de periodistas venezolanos exige liberaci\u00f3n de colega secuestrada Violencia contra periodistas. Latin American Journalism Review by The Knight Center at The University of Texas at Austin.\",\"breadcrumb\":{\"@id\":\"https:\\\/\\\/latamjournalismreview.org\\\/es\\\/articles\\\/campana-de-periodistas-venezolanos-exige-liberacion-de-colega-secuestrada\\\/#breadcrumb\"},\"inLanguage\":\"es\",\"potentialAction\":[{\"@type\":\"ReadAction\",\"target\":[\"https:\\\/\\\/latamjournalismreview.org\\\/es\\\/articles\\\/campana-de-periodistas-venezolanos-exige-liberacion-de-colega-secuestrada\\\/\"]}]},{\"@type\":\"BreadcrumbList\",\"@id\":\"https:\\\/\\\/latamjournalismreview.org\\\/es\\\/articles\\\/campana-de-periodistas-venezolanos-exige-liberacion-de-colega-secuestrada\\\/#breadcrumb\",\"itemListElement\":[{\"@type\":\"ListItem\",\"position\":1,\"name\":\"Home\",\"item\":\"https:\\\/\\\/latamjournalismreview.org\\\/es\\\/\"},{\"@type\":\"ListItem\",\"position\":2,\"name\":\"Campa\u00f1a de periodistas venezolanos exige liberaci\u00f3n de colega secuestrada\"}]},{\"@type\":\"WebSite\",\"@id\":\"https:\\\/\\\/latamjournalismreview.org\\\/es\\\/#website\",\"url\":\"https:\\\/\\\/latamjournalismreview.org\\\/es\\\/\",\"name\":\"LatAm Journalism Review\",\"description\":\"Knight Center at The University of Texas\",\"publisher\":{\"@id\":\"https:\\\/\\\/latamjournalismreview.org\\\/es\\\/#organization\"},\"potentialAction\":[{\"@type\":\"SearchAction\",\"target\":{\"@type\":\"EntryPoint\",\"urlTemplate\":\"https:\\\/\\\/latamjournalismreview.org\\\/es\\\/?s={search_term_string}\"},\"query-input\":{\"@type\":\"PropertyValueSpecification\",\"valueRequired\":true,\"valueName\":\"search_term_string\"}}],\"inLanguage\":\"es\"},{\"@type\":\"Organization\",\"@id\":\"https:\\\/\\\/latamjournalismreview.org\\\/es\\\/#organization\",\"name\":\"LatAm Journalism Review\",\"url\":\"https:\\\/\\\/latamjournalismreview.org\\\/es\\\/\",\"logo\":{\"@type\":\"ImageObject\",\"inLanguage\":\"es\",\"@id\":\"https:\\\/\\\/latamjournalismreview.org\\\/es\\\/#\\\/schema\\\/logo\\\/image\\\/\",\"url\":\"https:\\\/\\\/latamjournalismreview.org\\\/wp-content\\\/uploads\\\/2020\\\/05\\\/knight-latAm-review-logo.svg\",\"contentUrl\":\"https:\\\/\\\/latamjournalismreview.org\\\/wp-content\\\/uploads\\\/2020\\\/05\\\/knight-latAm-review-logo.svg\",\"width\":\"1024\",\"height\":\"1024\",\"caption\":\"LatAm Journalism Review\"},\"image\":{\"@id\":\"https:\\\/\\\/latamjournalismreview.org\\\/es\\\/#\\\/schema\\\/logo\\\/image\\\/\"},\"sameAs\":[\"https:\\\/\\\/x.com\\\/LatAmJournalism\"]},{\"@type\":\"Person\",\"@id\":\"https:\\\/\\\/latamjournalismreview.org\\\/es\\\/#\\\/schema\\\/person\\\/6c325fd0fef0cd167424c683e6577e19\",\"name\":\"Knight Center\",\"url\":\"https:\\\/\\\/latamjournalismreview.org\\\/es\\\/articles\\\/author\\\/knight-center\\\/\"}]}<\/script>\n<!-- \/ Yoast SEO Premium plugin. -->","yoast_head_json":{"title":"Campa\u00f1a de periodistas venezolanos exige liberaci\u00f3n de colega secuestrada - LatAm Journalism Review","description":"Campa\u00f1a de periodistas venezolanos exige liberaci\u00f3n de colega secuestrada Violencia contra periodistas. Latin American Journalism Review by The Knight Center at The University of Texas at Austin.","robots":{"index":"index","follow":"follow","max-snippet":"max-snippet:-1","max-image-preview":"max-image-preview:large","max-video-preview":"max-video-preview:-1"},"canonical":"https:\/\/latamjournalismreview.org\/es\/articles\/campana-de-periodistas-venezolanos-exige-liberacion-de-colega-secuestrada\/","og_locale":"es_ES","og_type":"article","og_title":"Campa\u00f1a de periodistas venezolanos exige liberaci\u00f3n de colega secuestrada","og_description":"Campa\u00f1a de periodistas venezolanos exige liberaci\u00f3n de colega secuestrada Violencia contra periodistas. Latin American Journalism Review by The Knight Center at The University of Texas at Austin.","og_url":"https:\/\/latamjournalismreview.org\/es\/articles\/campana-de-periodistas-venezolanos-exige-liberacion-de-colega-secuestrada\/","og_site_name":"LatAm Journalism Review","article_published_time":"2014-04-09T19:06:40+00:00","article_modified_time":"2021-11-25T15:03:44+00:00","author":"Knight Center","twitter_card":"summary_large_image","twitter_creator":"@LatAmJournalism","twitter_site":"@LatAmJournalism","twitter_misc":{"Written by":"Knight Center","Est. reading time":"3 minutos"},"schema":{"@context":"https:\/\/schema.org","@graph":[{"@type":"Article","@id":"https:\/\/latamjournalismreview.org\/es\/articles\/campana-de-periodistas-venezolanos-exige-liberacion-de-colega-secuestrada\/#article","isPartOf":{"@id":"https:\/\/latamjournalismreview.org\/es\/articles\/campana-de-periodistas-venezolanos-exige-liberacion-de-colega-secuestrada\/"},"author":{"name":"Knight Center","@id":"https:\/\/latamjournalismreview.org\/es\/#\/schema\/person\/6c325fd0fef0cd167424c683e6577e19"},"headline":"Campa\u00f1a de periodistas venezolanos exige liberaci\u00f3n de colega secuestrada","datePublished":"2014-04-09T19:06:40+00:00","dateModified":"2021-11-25T15:03:44+00:00","mainEntityOfPage":{"@id":"https:\/\/latamjournalismreview.org\/es\/articles\/campana-de-periodistas-venezolanos-exige-liberacion-de-colega-secuestrada\/"},"wordCount":568,"publisher":{"@id":"https:\/\/latamjournalismreview.org\/es\/#organization"},"keywords":["Amenazas contra periodistas","Venezuela"],"articleSection":["Violencia contra periodistas"],"inLanguage":"es"},{"@type":"WebPage","@id":"https:\/\/latamjournalismreview.org\/es\/articles\/campana-de-periodistas-venezolanos-exige-liberacion-de-colega-secuestrada\/","url":"https:\/\/latamjournalismreview.org\/es\/articles\/campana-de-periodistas-venezolanos-exige-liberacion-de-colega-secuestrada\/","name":"Campa\u00f1a de periodistas venezolanos exige liberaci\u00f3n de colega secuestrada - LatAm Journalism Review","isPartOf":{"@id":"https:\/\/latamjournalismreview.org\/es\/#website"},"datePublished":"2014-04-09T19:06:40+00:00","dateModified":"2021-11-25T15:03:44+00:00","description":"Campa\u00f1a de periodistas venezolanos exige liberaci\u00f3n de colega secuestrada Violencia contra periodistas. Latin American Journalism Review by The Knight Center at The University of Texas at Austin.","breadcrumb":{"@id":"https:\/\/latamjournalismreview.org\/es\/articles\/campana-de-periodistas-venezolanos-exige-liberacion-de-colega-secuestrada\/#breadcrumb"},"inLanguage":"es","potentialAction":[{"@type":"ReadAction","target":["https:\/\/latamjournalismreview.org\/es\/articles\/campana-de-periodistas-venezolanos-exige-liberacion-de-colega-secuestrada\/"]}]},{"@type":"BreadcrumbList","@id":"https:\/\/latamjournalismreview.org\/es\/articles\/campana-de-periodistas-venezolanos-exige-liberacion-de-colega-secuestrada\/#breadcrumb","itemListElement":[{"@type":"ListItem","position":1,"name":"Home","item":"https:\/\/latamjournalismreview.org\/es\/"},{"@type":"ListItem","position":2,"name":"Campa\u00f1a de periodistas venezolanos exige liberaci\u00f3n de colega secuestrada"}]},{"@type":"WebSite","@id":"https:\/\/latamjournalismreview.org\/es\/#website","url":"https:\/\/latamjournalismreview.org\/es\/","name":"LatAm Journalism Review","description":"Knight Center at The University of Texas","publisher":{"@id":"https:\/\/latamjournalismreview.org\/es\/#organization"},"potentialAction":[{"@type":"SearchAction","target":{"@type":"EntryPoint","urlTemplate":"https:\/\/latamjournalismreview.org\/es\/?s={search_term_string}"},"query-input":{"@type":"PropertyValueSpecification","valueRequired":true,"valueName":"search_term_string"}}],"inLanguage":"es"},{"@type":"Organization","@id":"https:\/\/latamjournalismreview.org\/es\/#organization","name":"LatAm Journalism Review","url":"https:\/\/latamjournalismreview.org\/es\/","logo":{"@type":"ImageObject","inLanguage":"es","@id":"https:\/\/latamjournalismreview.org\/es\/#\/schema\/logo\/image\/","url":"https:\/\/latamjournalismreview.org\/wp-content\/uploads\/2020\/05\/knight-latAm-review-logo.svg","contentUrl":"https:\/\/latamjournalismreview.org\/wp-content\/uploads\/2020\/05\/knight-latAm-review-logo.svg","width":"1024","height":"1024","caption":"LatAm Journalism Review"},"image":{"@id":"https:\/\/latamjournalismreview.org\/es\/#\/schema\/logo\/image\/"},"sameAs":["https:\/\/x.com\/LatAmJournalism"]},{"@type":"Person","@id":"https:\/\/latamjournalismreview.org\/es\/#\/schema\/person\/6c325fd0fef0cd167424c683e6577e19","name":"Knight Center","url":"https:\/\/latamjournalismreview.org\/es\/articles\/author\/knight-center\/"}]}},"_links":{"self":[{"href":"https:\/\/latamjournalismreview.org\/es\/wp-json\/wp\/v2\/posts\/43224","targetHints":{"allow":["GET"]}}],"collection":[{"href":"https:\/\/latamjournalismreview.org\/es\/wp-json\/wp\/v2\/posts"}],"about":[{"href":"https:\/\/latamjournalismreview.org\/es\/wp-json\/wp\/v2\/types\/post"}],"author":[{"embeddable":true,"href":"https:\/\/latamjournalismreview.org\/es\/wp-json\/wp\/v2\/users\/22"}],"replies":[{"embeddable":true,"href":"https:\/\/latamjournalismreview.org\/es\/wp-json\/wp\/v2\/comments?post=43224"}],"version-history":[{"count":1,"href":"https:\/\/latamjournalismreview.org\/es\/wp-json\/wp\/v2\/posts\/43224\/revisions"}],"predecessor-version":[{"id":43225,"href":"https:\/\/latamjournalismreview.org\/es\/wp-json\/wp\/v2\/posts\/43224\/revisions\/43225"}],"wp:attachment":[{"href":"https:\/\/latamjournalismreview.org\/es\/wp-json\/wp\/v2\/media?parent=43224"}],"wp:term":[{"taxonomy":"category","embeddable":true,"href":"https:\/\/latamjournalismreview.org\/es\/wp-json\/wp\/v2\/categories?post=43224"},{"taxonomy":"post_tag","embeddable":true,"href":"https:\/\/latamjournalismreview.org\/es\/wp-json\/wp\/v2\/tags?post=43224"},{"taxonomy":"author","embeddable":true,"href":"https:\/\/latamjournalismreview.org\/es\/wp-json\/wp\/v2\/coauthors?post=43224"}],"curies":[{"name":"wp","href":"https:\/\/api.w.org\/{rel}","templated":true}]}}