{"id":44226,"date":"2016-06-28T16:03:49","date_gmt":"2016-06-28T21:03:49","guid":{"rendered":"https:\/\/latamjournalismreview.org\/?p=44226"},"modified":"2021-12-06T16:05:36","modified_gmt":"2021-12-06T21:05:36","slug":"investigacion-de-editor-brasileno-sobre-efectos-del-internet-en-el-periodismo-advierte-sobre-la-fragmentacion-de-los-medios","status":"publish","type":"post","link":"https:\/\/latamjournalismreview.org\/es\/articles\/investigacion-de-editor-brasileno-sobre-efectos-del-internet-en-el-periodismo-advierte-sobre-la-fragmentacion-de-los-medios\/","title":{"rendered":"Investigaci\u00f3n de editor brasile\u00f1o sobre efectos del Internet en el periodismo advierte sobre la fragmentaci\u00f3n de los medios"},"content":{"rendered":"<p>La fragmentaci\u00f3n de los medios de comunicaci\u00f3n en el entorno digital conlleva riesgos para el periodismo y para los ciudadanos de sociedades democr\u00e1ticas, advierte el periodista brasile\u00f1o Ricardo Gandour, director de contenido del Grupo Estado, e investigador visitante de la Escuela de Periodismo de la Universidad de Columbia, en EE.UU.<\/p>\n<p>Dicha constataci\u00f3n es producto de un estudio cuyos resultados preliminares fueron presentados por Gandour en el\u00a0<a href=\"http:\/\/events.wan-ifra.org\/es\/events\/congreso-mundial\">Foro Mundial de Editores<\/a>, organizado por la Asociaci\u00f3n Mundial de Peri\u00f3dicos y Editores de Noticias (WAN-IFRA por sus siglas en ingl\u00e9s) el 14 de junio, en Cartagena, Colombia.<\/p>\n<p>En el evento, Gandour mostr\u00f3 el v\u00eddeo de una animaci\u00f3n producida por \u00e9l, a trav\u00e9s del cual describe las\u00a0<a href=\"http:\/\/www.cjr.org\/analysis\/why_the_news_isnt_what_it_used_to_be.php\">causas y riesgos de la fragmentaci\u00f3n<\/a>, y sugiere lo que podr\u00eda hacerse para preservar el rigor period\u00edstico. El estudio ser\u00e1 publicado el pr\u00f3ximo mes por la Revista de Periodismo de Columbia<\/p>\n<p>Uno de los principales efectos de la fragmentaci\u00f3n digital, seg\u00fan Gandour, es la polarizaci\u00f3n. En las redes sociales, la propagaci\u00f3n de rumores y opiniones basadas en hechos no confirmados acaba generando reacciones inmediatas y superficiales, produciendo debates sin matices.<\/p>\n<p>Otro de los efectos est\u00e1 relacionado al consumo de noticias. Las personas pueden estar perdiendo la habilidad para diferenciar hechos de opiniones, y noticias de publicidad.<\/p>\n<p>Para Gandour, la advertencia no debe ser entendida como una resistencia al cambio. \"Usted puede disfrutar el uso de las maravillosas posibilidades que le ofrecen la tecnolog\u00eda y los entornos digitales, y al mismo tiempo reflexionar y discutir asuntos period\u00edsticos importantes, sin que una cosa sea excluyente de la otra\", afirm\u00f3 el periodista al\u00a0<strong>Centro Knight para el Periodismo en las Am\u00e9ricas<\/strong>. \"El hecho de plantear una discusi\u00f3n importante no significa que usted est\u00e9 negando los avances\".<\/p>\n<p>Aparte del trabajo sobre los peligros de la fragmentaci\u00f3n de los medios de comunicaci\u00f3n, Gandour tambi\u00e9n present\u00f3 en el congreso mundial de WAN-IFRA datos de dos estudios que viene realizando enfocados espec\u00edficamente en el periodismo brasile\u00f1o.<\/p>\n<p>En el primero de ellos, hecho en conjunto con la\u00a0<a href=\"http:\/\/www.anj.org.br\/\">Asociaci\u00f3n Nacional de Peri\u00f3dicos<\/a>\u00a0(ANJ por sus siglas en portugu\u00e9s), fueron entrevistados profesionales de 60 peri\u00f3dicos brasile\u00f1os - lo que corresponde el 80 por ciento de la circulaci\u00f3n de diarios tradicionales en el pa\u00eds. El objetivo fue medir c\u00f3mo cambi\u00f3 la asignaci\u00f3n de recursos por editorial, o por secciones, en los peri\u00f3dicos en los \u00faltimos diez a\u00f1os.<\/p>\n<p>El estudio confirma con datos lo que los profesionales ya sospechaban en las redacciones: la mayor\u00eda\u00a0 de los peri\u00f3dicos brasile\u00f1os se han reducido, tanto en p\u00e1ginas como en n\u00famero de periodistas. Sin embargo, la investigaci\u00f3n trae consigo un resultado alentador: a pesar de la reducci\u00f3n, hubo un intento de preservar la cobertura de la pol\u00edtica. Es decir, las secciones de pol\u00edtica sufrieron menos reducci\u00f3n de periodistas y de cantidad de p\u00e1ginas que las otras.<\/p>\n<p><span id=\"result_box\" lang=\"es\">En el otro estudio,\u00a0Gandour\u00a0midi\u00f3 el n\u00famero de\u00a0interacciones\u00a0(\"me gusta\",\u00a0recomendaciones y\u00a0comentarios) en\u00a0cada post\u00a0publicado por\u00a0la prensa brasile\u00f1a\u00a0en Facebook,\u00a0y compar\u00f3\u00a0los\u00a0datos con\u00a0la actividad\u00a0digital de\u00a0los gobiernos de\u00a0los Estados en los \u00faltimos tres\u00a0a\u00f1os.\u00a0El primer hallazgo\u00a0fue el\u00a0aumento de la\u00a0presencia de\u00a0gobernadores\u00a0en Facebook.\u00a0Si\u00a0en 2013,\u00a0s\u00f3lo 17 de\u00a0los 27 gobernadores\u00a0de Brasil\u00a0ten\u00edan\u00a0actividad\u00a0digital en\u00a0dicha red social, en\u00a0este a\u00f1o, s\u00f3lo\u00a0dos no\u00a0tienen.<\/span><\/p>\n<p>La investigaci\u00f3n muestra que, si la actividad period\u00edstica disminuyera, los ciudadanos quedar\u00edan m\u00e1s sujetos a recibir informaci\u00f3n solo de fuentes oficiales, y tendr\u00edan menos acceso a puntos de vista alternativos.<\/p>\n<p>\"Este hecho demuestra que la informaci\u00f3n oficial se mueve tan r\u00e1pido como la de los peri\u00f3dicos. Es decir, si los peri\u00f3dicos disminuyeran su actividad, el ciudadano podr\u00eda estar relativamente m\u00e1s expuesto a la informaci\u00f3n oficial, que en Brasil es llamada por la gente como de\u00a0'placa blanca'\", dijo Gandour.<\/p>\n<p><em>Nota del editor: Esta historia fue publicada originalmente en el blog Periodismo en las Am\u00e9ricas del Centro Knight, el predecesor de LatAm Journalism Review.<\/em><\/p>\n","protected":false},"excerpt":{"rendered":"<p>La fragmentaci\u00f3n de los medios de comunicaci\u00f3n en el entorno digital conlleva riesgos para el periodismo y para los ciudadanos de sociedades democr\u00e1ticas, advierte el periodista brasile\u00f1o Ricardo Gandour, director de contenido del Grupo Estado, e investigador visitante de la Escuela de Periodismo de la Universidad de Columbia, en EE.UU.<\/p>\n","protected":false},"author":21,"featured_media":0,"comment_status":"closed","ping_status":"closed","sticky":false,"template":"","format":"standard","meta":{"inline_featured_image":false,"footnotes":""},"categories":[1669],"tags":[1499],"coauthors":[],"class_list":["post-44226","post","type-post","status-publish","format-standard","hentry","category-mercado-laboral","tag-periodismo-digital-es"],"acf":[],"yoast_head":"<!-- This site is optimized with the Yoast SEO Premium plugin v22.6 (Yoast SEO v27.4) - https:\/\/yoast.com\/product\/yoast-seo-premium-wordpress\/ -->\n<title>Investigaci\u00f3n de editor brasile\u00f1o sobre efectos del Internet en el periodismo advierte sobre la fragmentaci\u00f3n de los medios - LatAm Journalism Review<\/title>\n<meta name=\"description\" content=\"Investigaci\u00f3n de editor brasile\u00f1o sobre efectos del Internet en el periodismo advierte sobre la fragmentaci\u00f3n de los medios Mercado laboral. Latin American Journalism Review by The Knight Center at The University of Texas at Austin.\" \/>\n<meta name=\"robots\" content=\"index, follow, max-snippet:-1, max-image-preview:large, max-video-preview:-1\" \/>\n<link rel=\"canonical\" href=\"https:\/\/latamjournalismreview.org\/es\/articles\/investigacion-de-editor-brasileno-sobre-efectos-del-internet-en-el-periodismo-advierte-sobre-la-fragmentacion-de-los-medios\/\" \/>\n<meta property=\"og:locale\" content=\"es_ES\" \/>\n<meta property=\"og:type\" content=\"article\" \/>\n<meta property=\"og:title\" content=\"Investigaci\u00f3n de editor brasile\u00f1o sobre efectos del Internet en el periodismo advierte sobre la fragmentaci\u00f3n de los medios\" \/>\n<meta property=\"og:description\" content=\"Investigaci\u00f3n de editor brasile\u00f1o sobre efectos del Internet en el periodismo advierte sobre la fragmentaci\u00f3n de los medios Mercado laboral. Latin American Journalism Review by The Knight Center at The University of Texas at Austin.\" \/>\n<meta property=\"og:url\" content=\"https:\/\/latamjournalismreview.org\/es\/articles\/investigacion-de-editor-brasileno-sobre-efectos-del-internet-en-el-periodismo-advierte-sobre-la-fragmentacion-de-los-medios\/\" \/>\n<meta property=\"og:site_name\" content=\"LatAm Journalism Review\" \/>\n<meta property=\"article:published_time\" content=\"2016-06-28T21:03:49+00:00\" \/>\n<meta property=\"article:modified_time\" content=\"2021-12-06T21:05:36+00:00\" \/>\n<meta name=\"author\" content=\"Heloisa Aruth Sturm\" \/>\n<meta name=\"twitter:card\" content=\"summary_large_image\" \/>\n<meta name=\"twitter:creator\" content=\"@LatAmJournalism\" \/>\n<meta name=\"twitter:site\" content=\"@LatAmJournalism\" \/>\n<meta name=\"twitter:label1\" content=\"Written by\" \/>\n\t<meta name=\"twitter:data1\" content=\"Heloisa Aruth Sturm\" \/>\n\t<meta name=\"twitter:label2\" content=\"Est. reading time\" \/>\n\t<meta name=\"twitter:data2\" content=\"4 minutos\" \/>\n<script type=\"application\/ld+json\" class=\"yoast-schema-graph\">{\"@context\":\"https:\\\/\\\/schema.org\",\"@graph\":[{\"@type\":\"Article\",\"@id\":\"https:\\\/\\\/latamjournalismreview.org\\\/es\\\/articles\\\/investigacion-de-editor-brasileno-sobre-efectos-del-internet-en-el-periodismo-advierte-sobre-la-fragmentacion-de-los-medios\\\/#article\",\"isPartOf\":{\"@id\":\"https:\\\/\\\/latamjournalismreview.org\\\/es\\\/articles\\\/investigacion-de-editor-brasileno-sobre-efectos-del-internet-en-el-periodismo-advierte-sobre-la-fragmentacion-de-los-medios\\\/\"},\"author\":{\"name\":\"Heloisa Aruth Sturm\",\"@id\":\"https:\\\/\\\/latamjournalismreview.org\\\/es\\\/#\\\/schema\\\/person\\\/37b61137d7c4a85074bb827f369bf381\"},\"headline\":\"Investigaci\u00f3n de editor brasile\u00f1o sobre efectos del Internet en el periodismo advierte sobre la fragmentaci\u00f3n de los medios\",\"datePublished\":\"2016-06-28T21:03:49+00:00\",\"dateModified\":\"2021-12-06T21:05:36+00:00\",\"mainEntityOfPage\":{\"@id\":\"https:\\\/\\\/latamjournalismreview.org\\\/es\\\/articles\\\/investigacion-de-editor-brasileno-sobre-efectos-del-internet-en-el-periodismo-advierte-sobre-la-fragmentacion-de-los-medios\\\/\"},\"wordCount\":735,\"publisher\":{\"@id\":\"https:\\\/\\\/latamjournalismreview.org\\\/es\\\/#organization\"},\"keywords\":[\"Periodismo digital\"],\"articleSection\":[\"Mercado laboral\"],\"inLanguage\":\"es\"},{\"@type\":\"WebPage\",\"@id\":\"https:\\\/\\\/latamjournalismreview.org\\\/es\\\/articles\\\/investigacion-de-editor-brasileno-sobre-efectos-del-internet-en-el-periodismo-advierte-sobre-la-fragmentacion-de-los-medios\\\/\",\"url\":\"https:\\\/\\\/latamjournalismreview.org\\\/es\\\/articles\\\/investigacion-de-editor-brasileno-sobre-efectos-del-internet-en-el-periodismo-advierte-sobre-la-fragmentacion-de-los-medios\\\/\",\"name\":\"Investigaci\u00f3n de editor brasile\u00f1o sobre efectos del Internet en el periodismo advierte sobre la fragmentaci\u00f3n de los medios - LatAm Journalism Review\",\"isPartOf\":{\"@id\":\"https:\\\/\\\/latamjournalismreview.org\\\/es\\\/#website\"},\"datePublished\":\"2016-06-28T21:03:49+00:00\",\"dateModified\":\"2021-12-06T21:05:36+00:00\",\"description\":\"Investigaci\u00f3n de editor brasile\u00f1o sobre efectos del Internet en el periodismo advierte sobre la fragmentaci\u00f3n de los medios Mercado laboral. Latin American Journalism Review by The Knight Center at The University of Texas at Austin.\",\"breadcrumb\":{\"@id\":\"https:\\\/\\\/latamjournalismreview.org\\\/es\\\/articles\\\/investigacion-de-editor-brasileno-sobre-efectos-del-internet-en-el-periodismo-advierte-sobre-la-fragmentacion-de-los-medios\\\/#breadcrumb\"},\"inLanguage\":\"es\",\"potentialAction\":[{\"@type\":\"ReadAction\",\"target\":[\"https:\\\/\\\/latamjournalismreview.org\\\/es\\\/articles\\\/investigacion-de-editor-brasileno-sobre-efectos-del-internet-en-el-periodismo-advierte-sobre-la-fragmentacion-de-los-medios\\\/\"]}]},{\"@type\":\"BreadcrumbList\",\"@id\":\"https:\\\/\\\/latamjournalismreview.org\\\/es\\\/articles\\\/investigacion-de-editor-brasileno-sobre-efectos-del-internet-en-el-periodismo-advierte-sobre-la-fragmentacion-de-los-medios\\\/#breadcrumb\",\"itemListElement\":[{\"@type\":\"ListItem\",\"position\":1,\"name\":\"Home\",\"item\":\"https:\\\/\\\/latamjournalismreview.org\\\/es\\\/\"},{\"@type\":\"ListItem\",\"position\":2,\"name\":\"Investigaci\u00f3n de editor brasile\u00f1o sobre efectos del Internet en el periodismo advierte sobre la fragmentaci\u00f3n de los medios\"}]},{\"@type\":\"WebSite\",\"@id\":\"https:\\\/\\\/latamjournalismreview.org\\\/es\\\/#website\",\"url\":\"https:\\\/\\\/latamjournalismreview.org\\\/es\\\/\",\"name\":\"LatAm Journalism Review\",\"description\":\"Knight Center at The University of Texas\",\"publisher\":{\"@id\":\"https:\\\/\\\/latamjournalismreview.org\\\/es\\\/#organization\"},\"potentialAction\":[{\"@type\":\"SearchAction\",\"target\":{\"@type\":\"EntryPoint\",\"urlTemplate\":\"https:\\\/\\\/latamjournalismreview.org\\\/es\\\/?s={search_term_string}\"},\"query-input\":{\"@type\":\"PropertyValueSpecification\",\"valueRequired\":true,\"valueName\":\"search_term_string\"}}],\"inLanguage\":\"es\"},{\"@type\":\"Organization\",\"@id\":\"https:\\\/\\\/latamjournalismreview.org\\\/es\\\/#organization\",\"name\":\"LatAm Journalism Review\",\"url\":\"https:\\\/\\\/latamjournalismreview.org\\\/es\\\/\",\"logo\":{\"@type\":\"ImageObject\",\"inLanguage\":\"es\",\"@id\":\"https:\\\/\\\/latamjournalismreview.org\\\/es\\\/#\\\/schema\\\/logo\\\/image\\\/\",\"url\":\"https:\\\/\\\/latamjournalismreview.org\\\/wp-content\\\/uploads\\\/2020\\\/05\\\/knight-latAm-review-logo.svg\",\"contentUrl\":\"https:\\\/\\\/latamjournalismreview.org\\\/wp-content\\\/uploads\\\/2020\\\/05\\\/knight-latAm-review-logo.svg\",\"width\":\"1024\",\"height\":\"1024\",\"caption\":\"LatAm Journalism Review\"},\"image\":{\"@id\":\"https:\\\/\\\/latamjournalismreview.org\\\/es\\\/#\\\/schema\\\/logo\\\/image\\\/\"},\"sameAs\":[\"https:\\\/\\\/x.com\\\/LatAmJournalism\"]},{\"@type\":\"Person\",\"@id\":\"https:\\\/\\\/latamjournalismreview.org\\\/es\\\/#\\\/schema\\\/person\\\/37b61137d7c4a85074bb827f369bf381\",\"name\":\"Heloisa Aruth Sturm\",\"url\":\"https:\\\/\\\/latamjournalismreview.org\\\/es\\\/articles\\\/author\\\/heloisa-aruth-sturm\\\/\"}]}<\/script>\n<!-- \/ Yoast SEO Premium plugin. -->","yoast_head_json":{"title":"Investigaci\u00f3n de editor brasile\u00f1o sobre efectos del Internet en el periodismo advierte sobre la fragmentaci\u00f3n de los medios - LatAm Journalism Review","description":"Investigaci\u00f3n de editor brasile\u00f1o sobre efectos del Internet en el periodismo advierte sobre la fragmentaci\u00f3n de los medios Mercado laboral. Latin American Journalism Review by The Knight Center at The University of Texas at Austin.","robots":{"index":"index","follow":"follow","max-snippet":"max-snippet:-1","max-image-preview":"max-image-preview:large","max-video-preview":"max-video-preview:-1"},"canonical":"https:\/\/latamjournalismreview.org\/es\/articles\/investigacion-de-editor-brasileno-sobre-efectos-del-internet-en-el-periodismo-advierte-sobre-la-fragmentacion-de-los-medios\/","og_locale":"es_ES","og_type":"article","og_title":"Investigaci\u00f3n de editor brasile\u00f1o sobre efectos del Internet en el periodismo advierte sobre la fragmentaci\u00f3n de los medios","og_description":"Investigaci\u00f3n de editor brasile\u00f1o sobre efectos del Internet en el periodismo advierte sobre la fragmentaci\u00f3n de los medios Mercado laboral. Latin American Journalism Review by The Knight Center at The University of Texas at Austin.","og_url":"https:\/\/latamjournalismreview.org\/es\/articles\/investigacion-de-editor-brasileno-sobre-efectos-del-internet-en-el-periodismo-advierte-sobre-la-fragmentacion-de-los-medios\/","og_site_name":"LatAm Journalism Review","article_published_time":"2016-06-28T21:03:49+00:00","article_modified_time":"2021-12-06T21:05:36+00:00","author":"Heloisa Aruth Sturm","twitter_card":"summary_large_image","twitter_creator":"@LatAmJournalism","twitter_site":"@LatAmJournalism","twitter_misc":{"Written by":"Heloisa Aruth Sturm","Est. reading time":"4 minutos"},"schema":{"@context":"https:\/\/schema.org","@graph":[{"@type":"Article","@id":"https:\/\/latamjournalismreview.org\/es\/articles\/investigacion-de-editor-brasileno-sobre-efectos-del-internet-en-el-periodismo-advierte-sobre-la-fragmentacion-de-los-medios\/#article","isPartOf":{"@id":"https:\/\/latamjournalismreview.org\/es\/articles\/investigacion-de-editor-brasileno-sobre-efectos-del-internet-en-el-periodismo-advierte-sobre-la-fragmentacion-de-los-medios\/"},"author":{"name":"Heloisa Aruth Sturm","@id":"https:\/\/latamjournalismreview.org\/es\/#\/schema\/person\/37b61137d7c4a85074bb827f369bf381"},"headline":"Investigaci\u00f3n de editor brasile\u00f1o sobre efectos del Internet en el periodismo advierte sobre la fragmentaci\u00f3n de los medios","datePublished":"2016-06-28T21:03:49+00:00","dateModified":"2021-12-06T21:05:36+00:00","mainEntityOfPage":{"@id":"https:\/\/latamjournalismreview.org\/es\/articles\/investigacion-de-editor-brasileno-sobre-efectos-del-internet-en-el-periodismo-advierte-sobre-la-fragmentacion-de-los-medios\/"},"wordCount":735,"publisher":{"@id":"https:\/\/latamjournalismreview.org\/es\/#organization"},"keywords":["Periodismo digital"],"articleSection":["Mercado laboral"],"inLanguage":"es"},{"@type":"WebPage","@id":"https:\/\/latamjournalismreview.org\/es\/articles\/investigacion-de-editor-brasileno-sobre-efectos-del-internet-en-el-periodismo-advierte-sobre-la-fragmentacion-de-los-medios\/","url":"https:\/\/latamjournalismreview.org\/es\/articles\/investigacion-de-editor-brasileno-sobre-efectos-del-internet-en-el-periodismo-advierte-sobre-la-fragmentacion-de-los-medios\/","name":"Investigaci\u00f3n de editor brasile\u00f1o sobre efectos del Internet en el periodismo advierte sobre la fragmentaci\u00f3n de los medios - LatAm Journalism Review","isPartOf":{"@id":"https:\/\/latamjournalismreview.org\/es\/#website"},"datePublished":"2016-06-28T21:03:49+00:00","dateModified":"2021-12-06T21:05:36+00:00","description":"Investigaci\u00f3n de editor brasile\u00f1o sobre efectos del Internet en el periodismo advierte sobre la fragmentaci\u00f3n de los medios Mercado laboral. Latin American Journalism Review by The Knight Center at The University of Texas at Austin.","breadcrumb":{"@id":"https:\/\/latamjournalismreview.org\/es\/articles\/investigacion-de-editor-brasileno-sobre-efectos-del-internet-en-el-periodismo-advierte-sobre-la-fragmentacion-de-los-medios\/#breadcrumb"},"inLanguage":"es","potentialAction":[{"@type":"ReadAction","target":["https:\/\/latamjournalismreview.org\/es\/articles\/investigacion-de-editor-brasileno-sobre-efectos-del-internet-en-el-periodismo-advierte-sobre-la-fragmentacion-de-los-medios\/"]}]},{"@type":"BreadcrumbList","@id":"https:\/\/latamjournalismreview.org\/es\/articles\/investigacion-de-editor-brasileno-sobre-efectos-del-internet-en-el-periodismo-advierte-sobre-la-fragmentacion-de-los-medios\/#breadcrumb","itemListElement":[{"@type":"ListItem","position":1,"name":"Home","item":"https:\/\/latamjournalismreview.org\/es\/"},{"@type":"ListItem","position":2,"name":"Investigaci\u00f3n de editor brasile\u00f1o sobre efectos del Internet en el periodismo advierte sobre la fragmentaci\u00f3n de los medios"}]},{"@type":"WebSite","@id":"https:\/\/latamjournalismreview.org\/es\/#website","url":"https:\/\/latamjournalismreview.org\/es\/","name":"LatAm Journalism Review","description":"Knight Center at The University of Texas","publisher":{"@id":"https:\/\/latamjournalismreview.org\/es\/#organization"},"potentialAction":[{"@type":"SearchAction","target":{"@type":"EntryPoint","urlTemplate":"https:\/\/latamjournalismreview.org\/es\/?s={search_term_string}"},"query-input":{"@type":"PropertyValueSpecification","valueRequired":true,"valueName":"search_term_string"}}],"inLanguage":"es"},{"@type":"Organization","@id":"https:\/\/latamjournalismreview.org\/es\/#organization","name":"LatAm Journalism Review","url":"https:\/\/latamjournalismreview.org\/es\/","logo":{"@type":"ImageObject","inLanguage":"es","@id":"https:\/\/latamjournalismreview.org\/es\/#\/schema\/logo\/image\/","url":"https:\/\/latamjournalismreview.org\/wp-content\/uploads\/2020\/05\/knight-latAm-review-logo.svg","contentUrl":"https:\/\/latamjournalismreview.org\/wp-content\/uploads\/2020\/05\/knight-latAm-review-logo.svg","width":"1024","height":"1024","caption":"LatAm Journalism Review"},"image":{"@id":"https:\/\/latamjournalismreview.org\/es\/#\/schema\/logo\/image\/"},"sameAs":["https:\/\/x.com\/LatAmJournalism"]},{"@type":"Person","@id":"https:\/\/latamjournalismreview.org\/es\/#\/schema\/person\/37b61137d7c4a85074bb827f369bf381","name":"Heloisa Aruth Sturm","url":"https:\/\/latamjournalismreview.org\/es\/articles\/author\/heloisa-aruth-sturm\/"}]}},"_links":{"self":[{"href":"https:\/\/latamjournalismreview.org\/es\/wp-json\/wp\/v2\/posts\/44226","targetHints":{"allow":["GET"]}}],"collection":[{"href":"https:\/\/latamjournalismreview.org\/es\/wp-json\/wp\/v2\/posts"}],"about":[{"href":"https:\/\/latamjournalismreview.org\/es\/wp-json\/wp\/v2\/types\/post"}],"author":[{"embeddable":true,"href":"https:\/\/latamjournalismreview.org\/es\/wp-json\/wp\/v2\/users\/21"}],"replies":[{"embeddable":true,"href":"https:\/\/latamjournalismreview.org\/es\/wp-json\/wp\/v2\/comments?post=44226"}],"version-history":[{"count":1,"href":"https:\/\/latamjournalismreview.org\/es\/wp-json\/wp\/v2\/posts\/44226\/revisions"}],"predecessor-version":[{"id":44229,"href":"https:\/\/latamjournalismreview.org\/es\/wp-json\/wp\/v2\/posts\/44226\/revisions\/44229"}],"wp:attachment":[{"href":"https:\/\/latamjournalismreview.org\/es\/wp-json\/wp\/v2\/media?parent=44226"}],"wp:term":[{"taxonomy":"category","embeddable":true,"href":"https:\/\/latamjournalismreview.org\/es\/wp-json\/wp\/v2\/categories?post=44226"},{"taxonomy":"post_tag","embeddable":true,"href":"https:\/\/latamjournalismreview.org\/es\/wp-json\/wp\/v2\/tags?post=44226"},{"taxonomy":"author","embeddable":true,"href":"https:\/\/latamjournalismreview.org\/es\/wp-json\/wp\/v2\/coauthors?post=44226"}],"curies":[{"name":"wp","href":"https:\/\/api.w.org\/{rel}","templated":true}]}}