{"id":44551,"date":"2016-07-01T10:12:12","date_gmt":"2016-07-01T15:12:12","guid":{"rendered":"https:\/\/latamjournalismreview.org\/?p=44551"},"modified":"2021-12-07T10:13:41","modified_gmt":"2021-12-07T15:13:41","slug":"nueva-directora-de-articulo-19-mexico-y-centroamerica-busca-generar-empatia-hacia-al-periodista","status":"publish","type":"post","link":"https:\/\/latamjournalismreview.org\/es\/articles\/nueva-directora-de-articulo-19-mexico-y-centroamerica-busca-generar-empatia-hacia-al-periodista\/","title":{"rendered":"Nueva directora de Art\u00edculo 19 M\u00e9xico y Centroam\u00e9rica busca generar \u201cempat\u00eda\u201d hacia al periodista"},"content":{"rendered":"<p><em>Por\u00a0<a href=\"https:\/\/knightcenter.utexas.edu\/es\/users\/silvia-higuera\" target=\"_blank\" rel=\"noopener\">Silvia Higuera<\/a>\u00a0y\u00a0<a href=\"https:\/\/knightcenter.utexas.edu\/es\/users\/teresa-mioli\" target=\"_blank\" rel=\"noopener\">Teresa Mioli<\/a><\/em><\/p>\n<p>El reto frente Ana Mar\u00eda Ruelas, la\u00a0<a href=\"http:\/\/articulo19.org\/ana-cristina-ruelas-asume-la-direccion-de-article-19-mexico-y-centroamerica\/\">nueva directora<\/a>\u00a0de la oficina Art\u00edculo 19 M\u00e9xico y Centroam\u00e9rica, no es sencillo. En el que es un lugar ampliamente considerado como uno de los m\u00e1s peligrosos para ejercer el periodismo, ella lidera un equipo que lucha diariamente por libertades b\u00e1sicas para los comunicadores: acceso a la informaci\u00f3n, protecci\u00f3n contra da\u00f1os f\u00edsicos y garant\u00edas para ejercer libremente su trabajo.<\/p>\n<p>Ruelas, quien tom\u00f3 posesi\u00f3n el 5 de mayo, dirige un equipo de 23 personas en la Ciudad de M\u00e9xico y una gran red de consultores en todo el pa\u00eds. Ella es una abogada que previamente trabaj\u00f3 como oficial del Programa de Derecho a la Informaci\u00f3n de Art\u00edculo 19.<\/p>\n<p>En conversaci\u00f3n con el\u00a0<strong>Centro Knight para el Periodismo en las Am\u00e9ricas<\/strong>, Ruelas cont\u00f3 cu\u00e1les son sus proyectos para continuar con el trabajo de la organizaci\u00f3n que trabaja para que se establezcan garant\u00edas para la protecci\u00f3n de los periodistas, as\u00ed como por leyes que no restrinjan la libertad de expresi\u00f3n o el acceso a la informaci\u00f3n.<\/p>\n<p>Con base en esta prioridad, de acuerdo con Ruelas, cuando el equipo de Art\u00edculo 19 toma nota de la emisi\u00f3n de una legislaci\u00f3n relacionada con libertad de expresi\u00f3n o derecho a la informaci\u00f3n, buscan participar del proceso ya sea de manera directa en el poder legislativo o realizando acciones legales o pol\u00edticas relacionadas con dicha ley.<\/p>\n<p>Esta participaci\u00f3n pol\u00edtica o legal se ve representada en recursos de amparo contra las leyes, acciones de inconstitucionalidad contra instituciones, o creando frentes de trabajo con otras organizaciones para hacerle frente a dichas leyes.<\/p>\n<p>\u201cLa parte de an\u00e1lisis e incidencia legislativa es un trabajo muy fuerte y prioritario para Art\u00edculo 19, pero siempre se desarrolla en conjunto con otro grupo de organizaciones por dos cosas. Una, porque creemos que nuestra voz sola no va a hacer que el legislativo cambie una cosa, y dos, por una cuesti\u00f3n de pluralidad en las ideas y decisiones que estamos impulsando\u201d, explic\u00f3 Ruelas.<\/p>\n<p>Pero sin duda una de las \u00e1reas en las que m\u00e1s trabaja esta oficina es la protecci\u00f3n de periodistas. Solo en 2015, la organizaci\u00f3n\u00a0<a href=\"https:\/\/knightcenter.utexas.edu\/es\/blog\/00-16826-mexico-rompe-otro-record-de-ataques-contra-la-prensa-en-2015-y-periodistas-viven-con-m\">registr\u00f3 397 ataques<\/a>, incluyendo el asesinato de siete periodistas. Lo que es m\u00e1s, la organizaci\u00f3n encontr\u00f3 que el 46,9 por ciento de los ataques contra periodistas en los \u00faltimos siete a\u00f1os han sido perpetrados por funcionarios p\u00fablicos.<\/p>\n<p>En este sentido, como lo se\u00f1al\u00f3 Ruelas, la organizaci\u00f3n documenta diariamente la realidad en la que se encuentra la prensa del pa\u00eds. Y es que a pesar de que existe un mecanismo de protecci\u00f3n para periodistas y defensores de derechos humanos en el pa\u00eds, expertos en libertad de expresi\u00f3n, periodistas y organizaciones multilaterales\u00a0<a href=\"https:\/\/knightcenter.utexas.edu\/es\/blog\/00-16230-pesar-de-amenazas-periodista-asesinado-en-ciudad-de-mexico-no-recibia-proteccion-%C2%BFque-\">han criticado en varias ocasiones su efectividad.<\/a><\/p>\n<p>De hecho, la organizaci\u00f3n se ha encargado de proveer algunas medidas de protecci\u00f3n duras, como ellos las llaman, que tienen ver con instalar c\u00e1maras de seguridad o candados en las viviendas de periodistas, o darles celulares. Sin embargo, Ruelas es enf\u00e1tica en asegurar que no son el Estado y que en ning\u00fan momento pueden garantizar la protecci\u00f3n de ning\u00fan individuo. Por esta raz\u00f3n, otras medidas que tuvieron en el pasado, como ayudar el traslado de un periodista a otra ciudad, fueron eliminadas. Ahora, la organizaci\u00f3n se enfoca en que el Estado cumpla con su obligaci\u00f3n para hacer al mecanismo m\u00e1s eficiente y reducir los niveles de impunidad en cr\u00edmenes contra periodistas.<\/p>\n<p>\u201cDesde Dar\u00edo, hace como dos a\u00f1os, se decidi\u00f3 apostar porque el mecanismo funcionara\u201d, dijo Ruelas quien agreg\u00f3 que solo en casos muy particulares, como por ejemplo que un periodista que no conf\u00ede en el mecanismo, ellos tienen un rol m\u00e1s activo.<\/p>\n<p>\u201cRealmente el nivel de agresi\u00f3n contra los periodistas no se va a acabar hasta que no acabe el nivel de impunidad\u201d, continu\u00f3 Ruelas.<\/p>\n<p>Ruelas dijo por ejemplo que tuvieron un caso en el que las c\u00e1maras, instaladas por el mecanismo, mostraban a un funcionario p\u00fablico agrediendo a un periodista; sin embargo, ninguna acci\u00f3n se tom\u00f3 en contra de este funcionario. Por eso, est\u00e1 convencida que hasta que el problema de la impunidad se solucione en el pa\u00eds, las agresiones no van a detenerse.<\/p>\n<p>Esto no impide que la organizaci\u00f3n trabaje con proyectos que ayuden a proteger a periodistas. Uno de estos proyectos es la campa\u00f1a #RompeElMiedo, que es una red de periodistas que naci\u00f3 hace dos a\u00f1os para monitorear la violencia contra la prensa y defensores de derechos humanos durante las protestas en la Ciudad de M\u00e9xico.<\/p>\n<p>La red fue reactivada este a\u00f1o para la cobertura de las elecciones estatales del pasado 7 de junio en las que\u00a0<a href=\"http:\/\/rompeelmiedo.tumblr.com\/\">se registraron 38 ataques contra la prensa<\/a>, incluyendo agresiones f\u00edsicas, restricciones al acceso a la informaci\u00f3n, robos de equipos, entre otros. Adem\u00e1s de documentar los casos, la organizaci\u00f3n ofrece consejos sobre c\u00f3mo cubrir protestas, reaccionar en casos de detenci\u00f3n arbitraria, mantenerse en comunicaci\u00f3n con la red, etc.<\/p>\n<p>Otra de las \u00e1reas prioritarias para la organizaci\u00f3n es la del derecho a la informaci\u00f3n. En este tema se enfocan en acercar informaci\u00f3n a poblaciones en situaci\u00f3n de vulnerabilidad as\u00ed como generar conocimiento p\u00fablico sobre graves violaciones a derechos humanos o delitos de lesa humanidad que hayan ocurrido en los \u00faltimos 60 a\u00f1os en M\u00e9xico.<\/p>\n<p>A trav\u00e9s de esta \u00e1rea y de diferentes recursos de amparo, la organizaci\u00f3n ha logrado que se desclasifique informaci\u00f3n de inter\u00e9s p\u00fablico en diferente casos. Uno de estos precedentes permiti\u00f3 que se abriera la informaci\u00f3n sobre el caso Ayotzinapa, en el que 43 estudiantes de la Escuela Normal de esta ciudad desaparecieron en 2014.<\/p>\n<p>Uno de los proyectos m\u00e1s grandes que tienen, Memoria y Verdad, lo est\u00e1n trabajando con organizaciones de la sociedad civil y el Instituto Nacional de Acceso a la Informaci\u00f3n P\u00fablica. A trav\u00e9s de este proyecto buscan dar a conocer toda la informaci\u00f3n p\u00fablica existente sobre 15 casos de violaciones a derechos humanos. La informaci\u00f3n estar\u00e1 dividida en informaci\u00f3n p\u00fablica, informaci\u00f3n desclasificada y archivos de la sociedad civil.<\/p>\n<p>\u201cLa idea es ir armando un rompecabezas de 15 casos de violaciones de derechos humanos y sobre estad\u00edsticas de delitos graves como desapariciones forzadas, tortura, ejecuciones arbitrarias, multi-homicidios, y masacres\u201d, dijo Ruelas.<\/p>\n<p>La organizaci\u00f3n tambi\u00e9n es conocida por su presencia multimedia en internet, a trav\u00e9s de videos, infograf\u00edas e interactivos que explican los retos que enfrentan los periodistas mexicanos. Su alcance en el pa\u00eds es amplio, como se evidencia en trabajos de reporter\u00eda que muestran en primera persona las historias de periodistas que han sido atacados o amenazados.<\/p>\n<p>Por ejemplo, en\u00a0<a href=\"http:\/\/articulo19.org\/estado-de-censura-article-19-presenta-documental-web\/\">su documental de 2015 \u201cEstado de censura\u201d<\/a>\u00a0que iba acompa\u00f1ado de un\u00a0<a href=\"http:\/\/estadodecensura.com\/\">sitio interactivo<\/a>\u00a0(disponible en espa\u00f1ol e ingl\u00e9s), la organizaci\u00f3n detall\u00f3 los casos de cinco periodistas que han enfrentado graves amenazas debido a su trabajo. El atrayente proyecto visual, que incorpor\u00f3 video e ilustraciones, logr\u00f3 visitantes de Yucat\u00e1n, Sinaloa, Veracruz, Ciudad de M\u00e9xico e incluso de California que buscaban ver c\u00f3mo los periodistas contin\u00faan con su trabajo<\/p>\n<p>Los reportajes e infograf\u00edas de Art\u00edculo 19 M\u00e9xico son compartidas ampliamente en redes sociales y reportajes en los medios tradicionales, haciendo de la organizaci\u00f3n un referente para las libertades de expresi\u00f3n y de prensa en el pa\u00eds.<\/p>\n<p>No obstante, Ruelas se\u00f1ala que est\u00e1n buscando maneras creativas de contar esta realidad y de generar impacto en la sociedad sin que las im\u00e1genes sean \u201ctan agresivas\u201d. Seg\u00fan la directora de Art\u00edculo 19 M\u00e9xico, en un principio esto funcionaba porque la gente hasta ahora estaba despertando a su realidad, pero ahora \u201cla gente est\u00e1 muy cansada de escuchar sobre la violencia y de vivir la violencia\u201d.<\/p>\n<p>Otra de las ideas con las que llega Ruelas es la de lograr \u201cempat\u00eda\u201d hacia el periodista y su profesi\u00f3n. Para Ruelas, la organizaci\u00f3n ha sido muy efectiva al momento de documentar sobre las agresiones, as\u00ed como liderar iniciativas legales, pero no han logrado que la gente adopte el concepto de la importancia de los periodistas como fuente de informaci\u00f3n de inter\u00e9s p\u00fablico y de su rol relevante para la democracia.<\/p>\n<p>\u201cLa idea es que la gente empiece a extra\u00f1ar la informaci\u00f3n y despu\u00e9s empiece a extra\u00f1ar a los periodistas, y empiece a encontrarles necesario en su vida\u201d, dijo Ruelas, para quien lograr\u00e1n su objetivo cuando la sociedad proteste por los asesinatos y desapariciones de periodista en el pa\u00eds, tal como lo hicieron en Par\u00eds tras el asesinato de los periodistas de la revista Charlie Hebdo.<\/p>\n<p>Aunque Ruelas llega con nuevas ideas, agreg\u00f3 que la esencia de Art\u00edculo 19 se mantiene.<\/p>\n<p><em>Nota del editor: Esta historia fue publicada originalmente en el blog Periodismo en las Am\u00e9ricas del Centro Knight, el predecesor de LatAm Journalism Review.<\/em><\/p>\n","protected":false},"excerpt":{"rendered":"<p>El reto frente Ana Mar\u00eda Ruelas, la\u00a0nueva directora\u00a0de la oficina Art\u00edculo 19 M\u00e9xico y Centroam\u00e9rica, no es sencillo. En el que es un lugar ampliamente considerado como uno de los m\u00e1s peligrosos para ejercer el periodismo, ella lidera un equipo que lucha diariamente por libertades b\u00e1sicas para los comunicadores: acceso a la informaci\u00f3n, protecci\u00f3n contra da\u00f1os f\u00edsicos y garant\u00edas para ejercer libremente su trabajo.<\/p>\n","protected":false},"author":17,"featured_media":0,"comment_status":"closed","ping_status":"closed","sticky":false,"template":"","format":"standard","meta":{"inline_featured_image":false,"footnotes":""},"categories":[1227],"tags":[1422,1393],"coauthors":[],"class_list":["post-44551","post","type-post","status-publish","format-standard","hentry","category-acceso-a-la-informacion-es","tag-acceso-a-la-informacion-es","tag-mexico-es"],"acf":[],"yoast_head":"<!-- This site is optimized with the Yoast SEO Premium plugin v22.6 (Yoast SEO v27.4) - https:\/\/yoast.com\/product\/yoast-seo-premium-wordpress\/ -->\n<title>Nueva directora de Art\u00edculo 19 M\u00e9xico y Centroam\u00e9rica busca generar \u201cempat\u00eda\u201d hacia al periodista - LatAm Journalism Review<\/title>\n<meta name=\"description\" content=\"Nueva directora de Art\u00edculo 19 M\u00e9xico y Centroam\u00e9rica busca generar \u201cempat\u00eda\u201d hacia al periodista Acceso a la Informaci\u00f3n. Latin American Journalism Review by The Knight Center at The University of Texas at Austin.\" \/>\n<meta name=\"robots\" content=\"index, follow, max-snippet:-1, max-image-preview:large, max-video-preview:-1\" \/>\n<link rel=\"canonical\" href=\"https:\/\/latamjournalismreview.org\/es\/articles\/nueva-directora-de-articulo-19-mexico-y-centroamerica-busca-generar-empatia-hacia-al-periodista\/\" \/>\n<meta property=\"og:locale\" content=\"es_ES\" \/>\n<meta property=\"og:type\" content=\"article\" \/>\n<meta property=\"og:title\" content=\"Nueva directora de Art\u00edculo 19 M\u00e9xico y Centroam\u00e9rica busca generar \u201cempat\u00eda\u201d hacia al periodista\" \/>\n<meta property=\"og:description\" content=\"Nueva directora de Art\u00edculo 19 M\u00e9xico y Centroam\u00e9rica busca generar \u201cempat\u00eda\u201d hacia al periodista Acceso a la Informaci\u00f3n. Latin American Journalism Review by The Knight Center at The University of Texas at Austin.\" \/>\n<meta property=\"og:url\" content=\"https:\/\/latamjournalismreview.org\/es\/articles\/nueva-directora-de-articulo-19-mexico-y-centroamerica-busca-generar-empatia-hacia-al-periodista\/\" \/>\n<meta property=\"og:site_name\" content=\"LatAm Journalism Review\" \/>\n<meta property=\"article:published_time\" content=\"2016-07-01T15:12:12+00:00\" \/>\n<meta property=\"article:modified_time\" content=\"2021-12-07T15:13:41+00:00\" \/>\n<meta name=\"author\" content=\"Guest\" \/>\n<meta name=\"twitter:card\" content=\"summary_large_image\" \/>\n<meta name=\"twitter:creator\" content=\"@LatAmJournalism\" \/>\n<meta name=\"twitter:site\" content=\"@LatAmJournalism\" \/>\n<meta name=\"twitter:label1\" content=\"Written by\" \/>\n\t<meta name=\"twitter:data1\" content=\"Guest\" \/>\n\t<meta name=\"twitter:label2\" content=\"Est. reading time\" \/>\n\t<meta name=\"twitter:data2\" content=\"8 minutos\" \/>\n<script type=\"application\/ld+json\" class=\"yoast-schema-graph\">{\"@context\":\"https:\\\/\\\/schema.org\",\"@graph\":[{\"@type\":\"Article\",\"@id\":\"https:\\\/\\\/latamjournalismreview.org\\\/es\\\/articles\\\/nueva-directora-de-articulo-19-mexico-y-centroamerica-busca-generar-empatia-hacia-al-periodista\\\/#article\",\"isPartOf\":{\"@id\":\"https:\\\/\\\/latamjournalismreview.org\\\/es\\\/articles\\\/nueva-directora-de-articulo-19-mexico-y-centroamerica-busca-generar-empatia-hacia-al-periodista\\\/\"},\"author\":{\"name\":\"Guest\",\"@id\":\"https:\\\/\\\/latamjournalismreview.org\\\/es\\\/#\\\/schema\\\/person\\\/0315202e0b3c0963a2440f1c3012c360\"},\"headline\":\"Nueva directora de Art\u00edculo 19 M\u00e9xico y Centroam\u00e9rica busca generar \u201cempat\u00eda\u201d hacia al periodista\",\"datePublished\":\"2016-07-01T15:12:12+00:00\",\"dateModified\":\"2021-12-07T15:13:41+00:00\",\"mainEntityOfPage\":{\"@id\":\"https:\\\/\\\/latamjournalismreview.org\\\/es\\\/articles\\\/nueva-directora-de-articulo-19-mexico-y-centroamerica-busca-generar-empatia-hacia-al-periodista\\\/\"},\"wordCount\":1566,\"publisher\":{\"@id\":\"https:\\\/\\\/latamjournalismreview.org\\\/es\\\/#organization\"},\"keywords\":[\"Acceso a la informaci\u00f3n\",\"M\u00e9xico\"],\"articleSection\":[\"Acceso a la Informaci\u00f3n\"],\"inLanguage\":\"es\"},{\"@type\":\"WebPage\",\"@id\":\"https:\\\/\\\/latamjournalismreview.org\\\/es\\\/articles\\\/nueva-directora-de-articulo-19-mexico-y-centroamerica-busca-generar-empatia-hacia-al-periodista\\\/\",\"url\":\"https:\\\/\\\/latamjournalismreview.org\\\/es\\\/articles\\\/nueva-directora-de-articulo-19-mexico-y-centroamerica-busca-generar-empatia-hacia-al-periodista\\\/\",\"name\":\"Nueva directora de Art\u00edculo 19 M\u00e9xico y Centroam\u00e9rica busca generar \u201cempat\u00eda\u201d hacia al periodista - LatAm Journalism Review\",\"isPartOf\":{\"@id\":\"https:\\\/\\\/latamjournalismreview.org\\\/es\\\/#website\"},\"datePublished\":\"2016-07-01T15:12:12+00:00\",\"dateModified\":\"2021-12-07T15:13:41+00:00\",\"description\":\"Nueva directora de Art\u00edculo 19 M\u00e9xico y Centroam\u00e9rica busca generar \u201cempat\u00eda\u201d hacia al periodista Acceso a la Informaci\u00f3n. Latin American Journalism Review by The Knight Center at The University of Texas at Austin.\",\"breadcrumb\":{\"@id\":\"https:\\\/\\\/latamjournalismreview.org\\\/es\\\/articles\\\/nueva-directora-de-articulo-19-mexico-y-centroamerica-busca-generar-empatia-hacia-al-periodista\\\/#breadcrumb\"},\"inLanguage\":\"es\",\"potentialAction\":[{\"@type\":\"ReadAction\",\"target\":[\"https:\\\/\\\/latamjournalismreview.org\\\/es\\\/articles\\\/nueva-directora-de-articulo-19-mexico-y-centroamerica-busca-generar-empatia-hacia-al-periodista\\\/\"]}]},{\"@type\":\"BreadcrumbList\",\"@id\":\"https:\\\/\\\/latamjournalismreview.org\\\/es\\\/articles\\\/nueva-directora-de-articulo-19-mexico-y-centroamerica-busca-generar-empatia-hacia-al-periodista\\\/#breadcrumb\",\"itemListElement\":[{\"@type\":\"ListItem\",\"position\":1,\"name\":\"Home\",\"item\":\"https:\\\/\\\/latamjournalismreview.org\\\/es\\\/\"},{\"@type\":\"ListItem\",\"position\":2,\"name\":\"Nueva directora de Art\u00edculo 19 M\u00e9xico y Centroam\u00e9rica busca generar \u201cempat\u00eda\u201d hacia al periodista\"}]},{\"@type\":\"WebSite\",\"@id\":\"https:\\\/\\\/latamjournalismreview.org\\\/es\\\/#website\",\"url\":\"https:\\\/\\\/latamjournalismreview.org\\\/es\\\/\",\"name\":\"LatAm Journalism Review\",\"description\":\"Knight Center at The University of Texas\",\"publisher\":{\"@id\":\"https:\\\/\\\/latamjournalismreview.org\\\/es\\\/#organization\"},\"potentialAction\":[{\"@type\":\"SearchAction\",\"target\":{\"@type\":\"EntryPoint\",\"urlTemplate\":\"https:\\\/\\\/latamjournalismreview.org\\\/es\\\/?s={search_term_string}\"},\"query-input\":{\"@type\":\"PropertyValueSpecification\",\"valueRequired\":true,\"valueName\":\"search_term_string\"}}],\"inLanguage\":\"es\"},{\"@type\":\"Organization\",\"@id\":\"https:\\\/\\\/latamjournalismreview.org\\\/es\\\/#organization\",\"name\":\"LatAm Journalism Review\",\"url\":\"https:\\\/\\\/latamjournalismreview.org\\\/es\\\/\",\"logo\":{\"@type\":\"ImageObject\",\"inLanguage\":\"es\",\"@id\":\"https:\\\/\\\/latamjournalismreview.org\\\/es\\\/#\\\/schema\\\/logo\\\/image\\\/\",\"url\":\"https:\\\/\\\/latamjournalismreview.org\\\/wp-content\\\/uploads\\\/2020\\\/05\\\/knight-latAm-review-logo.svg\",\"contentUrl\":\"https:\\\/\\\/latamjournalismreview.org\\\/wp-content\\\/uploads\\\/2020\\\/05\\\/knight-latAm-review-logo.svg\",\"width\":\"1024\",\"height\":\"1024\",\"caption\":\"LatAm Journalism Review\"},\"image\":{\"@id\":\"https:\\\/\\\/latamjournalismreview.org\\\/es\\\/#\\\/schema\\\/logo\\\/image\\\/\"},\"sameAs\":[\"https:\\\/\\\/x.com\\\/LatAmJournalism\"]},{\"@type\":\"Person\",\"@id\":\"https:\\\/\\\/latamjournalismreview.org\\\/es\\\/#\\\/schema\\\/person\\\/0315202e0b3c0963a2440f1c3012c360\",\"name\":\"Guest\",\"url\":\"https:\\\/\\\/latamjournalismreview.org\\\/es\\\/articles\\\/author\\\/guest\\\/\"}]}<\/script>\n<!-- \/ Yoast SEO Premium plugin. -->","yoast_head_json":{"title":"Nueva directora de Art\u00edculo 19 M\u00e9xico y Centroam\u00e9rica busca generar \u201cempat\u00eda\u201d hacia al periodista - LatAm Journalism Review","description":"Nueva directora de Art\u00edculo 19 M\u00e9xico y Centroam\u00e9rica busca generar \u201cempat\u00eda\u201d hacia al periodista Acceso a la Informaci\u00f3n. Latin American Journalism Review by The Knight Center at The University of Texas at Austin.","robots":{"index":"index","follow":"follow","max-snippet":"max-snippet:-1","max-image-preview":"max-image-preview:large","max-video-preview":"max-video-preview:-1"},"canonical":"https:\/\/latamjournalismreview.org\/es\/articles\/nueva-directora-de-articulo-19-mexico-y-centroamerica-busca-generar-empatia-hacia-al-periodista\/","og_locale":"es_ES","og_type":"article","og_title":"Nueva directora de Art\u00edculo 19 M\u00e9xico y Centroam\u00e9rica busca generar \u201cempat\u00eda\u201d hacia al periodista","og_description":"Nueva directora de Art\u00edculo 19 M\u00e9xico y Centroam\u00e9rica busca generar \u201cempat\u00eda\u201d hacia al periodista Acceso a la Informaci\u00f3n. Latin American Journalism Review by The Knight Center at The University of Texas at Austin.","og_url":"https:\/\/latamjournalismreview.org\/es\/articles\/nueva-directora-de-articulo-19-mexico-y-centroamerica-busca-generar-empatia-hacia-al-periodista\/","og_site_name":"LatAm Journalism Review","article_published_time":"2016-07-01T15:12:12+00:00","article_modified_time":"2021-12-07T15:13:41+00:00","author":"Guest","twitter_card":"summary_large_image","twitter_creator":"@LatAmJournalism","twitter_site":"@LatAmJournalism","twitter_misc":{"Written by":"Guest","Est. reading time":"8 minutos"},"schema":{"@context":"https:\/\/schema.org","@graph":[{"@type":"Article","@id":"https:\/\/latamjournalismreview.org\/es\/articles\/nueva-directora-de-articulo-19-mexico-y-centroamerica-busca-generar-empatia-hacia-al-periodista\/#article","isPartOf":{"@id":"https:\/\/latamjournalismreview.org\/es\/articles\/nueva-directora-de-articulo-19-mexico-y-centroamerica-busca-generar-empatia-hacia-al-periodista\/"},"author":{"name":"Guest","@id":"https:\/\/latamjournalismreview.org\/es\/#\/schema\/person\/0315202e0b3c0963a2440f1c3012c360"},"headline":"Nueva directora de Art\u00edculo 19 M\u00e9xico y Centroam\u00e9rica busca generar \u201cempat\u00eda\u201d hacia al periodista","datePublished":"2016-07-01T15:12:12+00:00","dateModified":"2021-12-07T15:13:41+00:00","mainEntityOfPage":{"@id":"https:\/\/latamjournalismreview.org\/es\/articles\/nueva-directora-de-articulo-19-mexico-y-centroamerica-busca-generar-empatia-hacia-al-periodista\/"},"wordCount":1566,"publisher":{"@id":"https:\/\/latamjournalismreview.org\/es\/#organization"},"keywords":["Acceso a la informaci\u00f3n","M\u00e9xico"],"articleSection":["Acceso a la Informaci\u00f3n"],"inLanguage":"es"},{"@type":"WebPage","@id":"https:\/\/latamjournalismreview.org\/es\/articles\/nueva-directora-de-articulo-19-mexico-y-centroamerica-busca-generar-empatia-hacia-al-periodista\/","url":"https:\/\/latamjournalismreview.org\/es\/articles\/nueva-directora-de-articulo-19-mexico-y-centroamerica-busca-generar-empatia-hacia-al-periodista\/","name":"Nueva directora de Art\u00edculo 19 M\u00e9xico y Centroam\u00e9rica busca generar \u201cempat\u00eda\u201d hacia al periodista - LatAm Journalism Review","isPartOf":{"@id":"https:\/\/latamjournalismreview.org\/es\/#website"},"datePublished":"2016-07-01T15:12:12+00:00","dateModified":"2021-12-07T15:13:41+00:00","description":"Nueva directora de Art\u00edculo 19 M\u00e9xico y Centroam\u00e9rica busca generar \u201cempat\u00eda\u201d hacia al periodista Acceso a la Informaci\u00f3n. Latin American Journalism Review by The Knight Center at The University of Texas at Austin.","breadcrumb":{"@id":"https:\/\/latamjournalismreview.org\/es\/articles\/nueva-directora-de-articulo-19-mexico-y-centroamerica-busca-generar-empatia-hacia-al-periodista\/#breadcrumb"},"inLanguage":"es","potentialAction":[{"@type":"ReadAction","target":["https:\/\/latamjournalismreview.org\/es\/articles\/nueva-directora-de-articulo-19-mexico-y-centroamerica-busca-generar-empatia-hacia-al-periodista\/"]}]},{"@type":"BreadcrumbList","@id":"https:\/\/latamjournalismreview.org\/es\/articles\/nueva-directora-de-articulo-19-mexico-y-centroamerica-busca-generar-empatia-hacia-al-periodista\/#breadcrumb","itemListElement":[{"@type":"ListItem","position":1,"name":"Home","item":"https:\/\/latamjournalismreview.org\/es\/"},{"@type":"ListItem","position":2,"name":"Nueva directora de Art\u00edculo 19 M\u00e9xico y Centroam\u00e9rica busca generar \u201cempat\u00eda\u201d hacia al periodista"}]},{"@type":"WebSite","@id":"https:\/\/latamjournalismreview.org\/es\/#website","url":"https:\/\/latamjournalismreview.org\/es\/","name":"LatAm Journalism Review","description":"Knight Center at The University of Texas","publisher":{"@id":"https:\/\/latamjournalismreview.org\/es\/#organization"},"potentialAction":[{"@type":"SearchAction","target":{"@type":"EntryPoint","urlTemplate":"https:\/\/latamjournalismreview.org\/es\/?s={search_term_string}"},"query-input":{"@type":"PropertyValueSpecification","valueRequired":true,"valueName":"search_term_string"}}],"inLanguage":"es"},{"@type":"Organization","@id":"https:\/\/latamjournalismreview.org\/es\/#organization","name":"LatAm Journalism Review","url":"https:\/\/latamjournalismreview.org\/es\/","logo":{"@type":"ImageObject","inLanguage":"es","@id":"https:\/\/latamjournalismreview.org\/es\/#\/schema\/logo\/image\/","url":"https:\/\/latamjournalismreview.org\/wp-content\/uploads\/2020\/05\/knight-latAm-review-logo.svg","contentUrl":"https:\/\/latamjournalismreview.org\/wp-content\/uploads\/2020\/05\/knight-latAm-review-logo.svg","width":"1024","height":"1024","caption":"LatAm Journalism Review"},"image":{"@id":"https:\/\/latamjournalismreview.org\/es\/#\/schema\/logo\/image\/"},"sameAs":["https:\/\/x.com\/LatAmJournalism"]},{"@type":"Person","@id":"https:\/\/latamjournalismreview.org\/es\/#\/schema\/person\/0315202e0b3c0963a2440f1c3012c360","name":"Guest","url":"https:\/\/latamjournalismreview.org\/es\/articles\/author\/guest\/"}]}},"_links":{"self":[{"href":"https:\/\/latamjournalismreview.org\/es\/wp-json\/wp\/v2\/posts\/44551","targetHints":{"allow":["GET"]}}],"collection":[{"href":"https:\/\/latamjournalismreview.org\/es\/wp-json\/wp\/v2\/posts"}],"about":[{"href":"https:\/\/latamjournalismreview.org\/es\/wp-json\/wp\/v2\/types\/post"}],"author":[{"embeddable":true,"href":"https:\/\/latamjournalismreview.org\/es\/wp-json\/wp\/v2\/users\/17"}],"replies":[{"embeddable":true,"href":"https:\/\/latamjournalismreview.org\/es\/wp-json\/wp\/v2\/comments?post=44551"}],"version-history":[{"count":1,"href":"https:\/\/latamjournalismreview.org\/es\/wp-json\/wp\/v2\/posts\/44551\/revisions"}],"predecessor-version":[{"id":44555,"href":"https:\/\/latamjournalismreview.org\/es\/wp-json\/wp\/v2\/posts\/44551\/revisions\/44555"}],"wp:attachment":[{"href":"https:\/\/latamjournalismreview.org\/es\/wp-json\/wp\/v2\/media?parent=44551"}],"wp:term":[{"taxonomy":"category","embeddable":true,"href":"https:\/\/latamjournalismreview.org\/es\/wp-json\/wp\/v2\/categories?post=44551"},{"taxonomy":"post_tag","embeddable":true,"href":"https:\/\/latamjournalismreview.org\/es\/wp-json\/wp\/v2\/tags?post=44551"},{"taxonomy":"author","embeddable":true,"href":"https:\/\/latamjournalismreview.org\/es\/wp-json\/wp\/v2\/coauthors?post=44551"}],"curies":[{"name":"wp","href":"https:\/\/api.w.org\/{rel}","templated":true}]}}