{"id":44938,"date":"2016-11-07T11:03:06","date_gmt":"2016-11-07T16:03:06","guid":{"rendered":"https:\/\/latamjournalismreview.org\/?p=44938"},"modified":"2021-12-12T11:03:50","modified_gmt":"2021-12-12T16:03:50","slug":"denuncian-presunta-campana-de-desprestigio-contra-periodistas-en-baja-california-mexico-por-parte-de-autoridades","status":"publish","type":"post","link":"https:\/\/latamjournalismreview.org\/es\/articles\/denuncian-presunta-campana-de-desprestigio-contra-periodistas-en-baja-california-mexico-por-parte-de-autoridades\/","title":{"rendered":"Denuncian presunta campa\u00f1a de desprestigio contra periodistas en Baja California, M\u00e9xico, por parte de autoridades"},"content":{"rendered":"<p>Adela Navarro Bello, codirectora del semanario mexicano Zeta, que tiene sede en el estado de Baja California, denunci\u00f3 a trav\u00e9s de un editorial un presunto plan por parte de las autoridades del estado de adelantar una campa\u00f1a de desprestigio en su contra.<\/p>\n<p>En el editorial del pasado 4 de noviembre,\u00a0<a href=\"http:\/\/zetatijuana.com\/2016\/11\/04\/periodismo-de-investigacion-vs-campanas-negras\/\" target=\"_blank\" rel=\"noopener\">\u2018Periodismo de investigaci\u00f3n vs campa\u00f1as negras\u2019<\/a>, Navarro Bello asegur\u00f3 haber recibido informaci\u00f3n de diferentes personas y por diferentes medios sobre esta presunta campa\u00f1a de desprestigio en su contra que estar\u00eda liderada por el Gobernador del estado, Francisco Vega de Lamadrid. Agreg\u00f3 que en algunos casos se habl\u00f3 incluir en esta campa\u00f1a a la periodista Dora Elena Cort\u00e9s Ju\u00e1rez de la Agencia Fronteriza de Noticias (AFN).<\/p>\n<p>Seg\u00fan escribi\u00f3, sobre ella misma se har\u00edan p\u00fablicas \u201cinfamias\u201d sobre su vida privada.\u00a0La informaci\u00f3n sobre esta presunta campa\u00f1a\u00a0tambi\u00e9n se hizo p\u00fablica en otros medios como los peri\u00f3dicos El Mexicano, El Informador, el portal AFN Noticias, Radio Enciso y redes sociales, agreg\u00f3.<\/p>\n<p>Navarro Bello tambi\u00e9n asegur\u00f3 que los periodistas en este estado son v\u00edctimas de difamaciones desde hace tres a\u00f1os, cuando comenz\u00f3 su mandato el actual gobernador. \u201cSer\u00e1 coincidencia o un acto premeditado, pero as\u00ed ha sucedido\u201d, escribi\u00f3.<\/p>\n<p>\u201cSi el tema que les preocupa es period\u00edstico, estamos a sus \u00f3rdenes y p\u00fablicamente en el mismo lugar donde inici\u00f3 este proyecto period\u00edstico hace ya 36 a\u00f1os. No nos escondemos ni acudimos al anonimato. Somos responsables, suscribimos y sostenemos lo que aqu\u00ed se ha publicado por el equipo de editores, reporteros y fot\u00f3grafos\u201d, escribi\u00f3 en el editorial.<\/p>\n<p>Asegur\u00f3 tambi\u00e9n que est\u00e1n disponibles para recibir informaci\u00f3n, aclaraciones o incluso si buscaban un derecho a la r\u00e9plica, a pesar de que, seg\u00fan dijo, las autoridades siempre se niegan a dar declaraciones a este medio.<\/p>\n<p>Seg\u00fan dijo, las razones de esta campa\u00f1a estar\u00edan en las publicaciones que ha hecho el semanario sobre los malos manejos de la administraci\u00f3n gubernamental y las conductas irregulares denunciadas por el Secretario de Desarrollo Econ\u00f3mico, entre otros art\u00edculos.<\/p>\n<p>Finalmente, asegur\u00f3 que continuar\u00e1n con su trabajo pues ya en el pasado se han enfrentado a otros tipos de obst\u00e1culos: han sido amenazados por narcotraficantes, as\u00ed como tambi\u00e9n han sido presionados por pol\u00edticos y otros gobernantes.<\/p>\n<p>\u201cA quienes desde el anonimato, con recursos p\u00fablicos e infraestructura gubernamental pretenden presionar para inhibir la publicaci\u00f3n de irregularidades, les decimos que en ZETA seguiremos, m\u00e1s all\u00e1 de amenazas, haciendo periodismo de investigaci\u00f3n, respondiendo a la denuncia ciudadana, cerca de la sociedad y lejos del gobierno\u201d, concluy\u00f3 el editorial.<\/p>\n<p>En un art\u00edculo del 5 de noviembre, Zeta tambi\u00e9n se\u00f1al\u00f3 que en un\u00a0<a href=\"http:\/\/zetatijuana.com\/2016\/11\/05\/kiko-huye-para-no-responder-sobre-amenazas-a-periodistas-y-de-cornejo\/\" target=\"_blank\" rel=\"noopener\">evento organizado por el gobernador del estado, este se neg\u00f3 a contestar preguntas<\/a>\u00a0sobre esta presunta campa\u00f1a de difamaci\u00f3n.<\/p>\n<p>A trav\u00e9s de un comunicado, la Comisi\u00f3n Estatal de los Derechos Humanos de Baja California (CEDHBC)\u00a0<a href=\"http:\/\/www.derechoshumanosbc.org\/noticias\/abre-cedhbc-expediente-de-investigaci%C3%B3n-por-presuntas-campa%C3%B1-de-desprestigio-en-contra-de-p\" target=\"_blank\" rel=\"noopener\">anunci\u00f3 que abri\u00f3 un expediente para \u201cinvestigar las posibles vulneraciones de los derechos humanos a periodistas de la Entidad\u201d<\/a>, luego de que esta campa\u00f1a fuera denunciada en diferentes medios de comunicaci\u00f3n.<\/p>\n<p>\u201cNos pusimos en comunicaci\u00f3n con las periodistas que han sido objeto de esta amenaza en contra de sus derechos para ejercer libremente su profesi\u00f3n\u201d, asegur\u00f3 la titular de la CEDH del estado, Melba Adriana Olvera, seg\u00fan el comunicado. \u201cLa intenci\u00f3n es que los periodistas en nuestra entidad tengan presente que cuentan con el respaldo de la CEDHBC y de comprobarse que alguna autoridad de gobierno amenaza los derechos fundamentales, alzaremos la voz\u201d.<\/p>\n<p>La Comisi\u00f3n agreg\u00f3 que se mantendr\u00e1 vigilante de estos casos, aunque no se refiri\u00f3 espec\u00edficamente a ning\u00fan medio.<\/p>\n<p><em>Nota del editor: Esta historia fue publicada originalmente en el blog Periodismo en las Am\u00e9ricas del Centro Knight, el predecesor de LatAm Journalism Review.<\/em><\/p>\n","protected":false},"excerpt":{"rendered":"<p>Adela Navarro Bello, codirectora del semanario mexicano Zeta, que tiene sede en el estado de Baja California, denunci\u00f3 a trav\u00e9s de un editorial un presunto plan por parte de las autoridades del estado de adelantar una campa\u00f1a de desprestigio en su contra.<\/p>\n","protected":false},"author":13,"featured_media":0,"comment_status":"closed","ping_status":"closed","sticky":false,"template":"","format":"standard","meta":{"inline_featured_image":false,"footnotes":""},"categories":[1220],"tags":[1438,1510,1393],"coauthors":[],"class_list":["post-44938","post","type-post","status-publish","format-standard","hentry","category-libertad-de-prensa-es","tag-difamacion-es","tag-medios-impresos-es","tag-mexico-es"],"acf":[],"yoast_head":"<!-- This site is optimized with the Yoast SEO Premium plugin v22.6 (Yoast SEO v27.4) - https:\/\/yoast.com\/product\/yoast-seo-premium-wordpress\/ -->\n<title>Denuncian presunta campa\u00f1a de desprestigio contra periodistas en Baja California, M\u00e9xico, por parte de autoridades - LatAm Journalism Review<\/title>\n<meta name=\"description\" content=\"Denuncian presunta campa\u00f1a de desprestigio contra periodistas en Baja California, M\u00e9xico, por parte de autoridades Libertad de prensa. Latin American Journalism Review by The Knight Center at The University of Texas at Austin.\" \/>\n<meta name=\"robots\" content=\"index, follow, max-snippet:-1, max-image-preview:large, max-video-preview:-1\" \/>\n<link rel=\"canonical\" href=\"https:\/\/latamjournalismreview.org\/es\/articles\/denuncian-presunta-campana-de-desprestigio-contra-periodistas-en-baja-california-mexico-por-parte-de-autoridades\/\" \/>\n<meta property=\"og:locale\" content=\"es_ES\" \/>\n<meta property=\"og:type\" content=\"article\" \/>\n<meta property=\"og:title\" content=\"Denuncian presunta campa\u00f1a de desprestigio contra periodistas en Baja California, M\u00e9xico, por parte de autoridades\" \/>\n<meta property=\"og:description\" content=\"Denuncian presunta campa\u00f1a de desprestigio contra periodistas en Baja California, M\u00e9xico, por parte de autoridades Libertad de prensa. Latin American Journalism Review by The Knight Center at The University of Texas at Austin.\" \/>\n<meta property=\"og:url\" content=\"https:\/\/latamjournalismreview.org\/es\/articles\/denuncian-presunta-campana-de-desprestigio-contra-periodistas-en-baja-california-mexico-por-parte-de-autoridades\/\" \/>\n<meta property=\"og:site_name\" content=\"LatAm Journalism Review\" \/>\n<meta property=\"article:published_time\" content=\"2016-11-07T16:03:06+00:00\" \/>\n<meta property=\"article:modified_time\" content=\"2021-12-12T16:03:50+00:00\" \/>\n<meta name=\"author\" content=\"Silvia Higuera\" \/>\n<meta name=\"twitter:card\" content=\"summary_large_image\" \/>\n<meta name=\"twitter:creator\" content=\"@shiguerita\" \/>\n<meta name=\"twitter:site\" content=\"@LatAmJournalism\" \/>\n<meta name=\"twitter:label1\" content=\"Written by\" \/>\n\t<meta name=\"twitter:data1\" content=\"Silvia Higuera\" \/>\n\t<meta name=\"twitter:label2\" content=\"Est. reading time\" \/>\n\t<meta name=\"twitter:data2\" content=\"3 minutos\" \/>\n<script type=\"application\/ld+json\" class=\"yoast-schema-graph\">{\"@context\":\"https:\\\/\\\/schema.org\",\"@graph\":[{\"@type\":\"Article\",\"@id\":\"https:\\\/\\\/latamjournalismreview.org\\\/es\\\/articles\\\/denuncian-presunta-campana-de-desprestigio-contra-periodistas-en-baja-california-mexico-por-parte-de-autoridades\\\/#article\",\"isPartOf\":{\"@id\":\"https:\\\/\\\/latamjournalismreview.org\\\/es\\\/articles\\\/denuncian-presunta-campana-de-desprestigio-contra-periodistas-en-baja-california-mexico-por-parte-de-autoridades\\\/\"},\"author\":{\"name\":\"Silvia Higuera\",\"@id\":\"https:\\\/\\\/latamjournalismreview.org\\\/es\\\/#\\\/schema\\\/person\\\/eac7baa6afada0957e047be9fc15703a\"},\"headline\":\"Denuncian presunta campa\u00f1a de desprestigio contra periodistas en Baja California, M\u00e9xico, por parte de autoridades\",\"datePublished\":\"2016-11-07T16:03:06+00:00\",\"dateModified\":\"2021-12-12T16:03:50+00:00\",\"mainEntityOfPage\":{\"@id\":\"https:\\\/\\\/latamjournalismreview.org\\\/es\\\/articles\\\/denuncian-presunta-campana-de-desprestigio-contra-periodistas-en-baja-california-mexico-por-parte-de-autoridades\\\/\"},\"wordCount\":678,\"publisher\":{\"@id\":\"https:\\\/\\\/latamjournalismreview.org\\\/es\\\/#organization\"},\"keywords\":[\"Difamaci\u00f3n\",\"Medios impresos\",\"M\u00e9xico\"],\"articleSection\":[\"Libertad de prensa\"],\"inLanguage\":\"es\"},{\"@type\":\"WebPage\",\"@id\":\"https:\\\/\\\/latamjournalismreview.org\\\/es\\\/articles\\\/denuncian-presunta-campana-de-desprestigio-contra-periodistas-en-baja-california-mexico-por-parte-de-autoridades\\\/\",\"url\":\"https:\\\/\\\/latamjournalismreview.org\\\/es\\\/articles\\\/denuncian-presunta-campana-de-desprestigio-contra-periodistas-en-baja-california-mexico-por-parte-de-autoridades\\\/\",\"name\":\"Denuncian presunta campa\u00f1a de desprestigio contra periodistas en Baja California, M\u00e9xico, por parte de autoridades - LatAm Journalism Review\",\"isPartOf\":{\"@id\":\"https:\\\/\\\/latamjournalismreview.org\\\/es\\\/#website\"},\"datePublished\":\"2016-11-07T16:03:06+00:00\",\"dateModified\":\"2021-12-12T16:03:50+00:00\",\"description\":\"Denuncian presunta campa\u00f1a de desprestigio contra periodistas en Baja California, M\u00e9xico, por parte de autoridades Libertad de prensa. Latin American Journalism Review by The Knight Center at The University of Texas at Austin.\",\"breadcrumb\":{\"@id\":\"https:\\\/\\\/latamjournalismreview.org\\\/es\\\/articles\\\/denuncian-presunta-campana-de-desprestigio-contra-periodistas-en-baja-california-mexico-por-parte-de-autoridades\\\/#breadcrumb\"},\"inLanguage\":\"es\",\"potentialAction\":[{\"@type\":\"ReadAction\",\"target\":[\"https:\\\/\\\/latamjournalismreview.org\\\/es\\\/articles\\\/denuncian-presunta-campana-de-desprestigio-contra-periodistas-en-baja-california-mexico-por-parte-de-autoridades\\\/\"]}]},{\"@type\":\"BreadcrumbList\",\"@id\":\"https:\\\/\\\/latamjournalismreview.org\\\/es\\\/articles\\\/denuncian-presunta-campana-de-desprestigio-contra-periodistas-en-baja-california-mexico-por-parte-de-autoridades\\\/#breadcrumb\",\"itemListElement\":[{\"@type\":\"ListItem\",\"position\":1,\"name\":\"Home\",\"item\":\"https:\\\/\\\/latamjournalismreview.org\\\/es\\\/\"},{\"@type\":\"ListItem\",\"position\":2,\"name\":\"Denuncian presunta campa\u00f1a de desprestigio contra periodistas en Baja California, M\u00e9xico, por parte de autoridades\"}]},{\"@type\":\"WebSite\",\"@id\":\"https:\\\/\\\/latamjournalismreview.org\\\/es\\\/#website\",\"url\":\"https:\\\/\\\/latamjournalismreview.org\\\/es\\\/\",\"name\":\"LatAm Journalism Review\",\"description\":\"Knight Center at The University of Texas\",\"publisher\":{\"@id\":\"https:\\\/\\\/latamjournalismreview.org\\\/es\\\/#organization\"},\"potentialAction\":[{\"@type\":\"SearchAction\",\"target\":{\"@type\":\"EntryPoint\",\"urlTemplate\":\"https:\\\/\\\/latamjournalismreview.org\\\/es\\\/?s={search_term_string}\"},\"query-input\":{\"@type\":\"PropertyValueSpecification\",\"valueRequired\":true,\"valueName\":\"search_term_string\"}}],\"inLanguage\":\"es\"},{\"@type\":\"Organization\",\"@id\":\"https:\\\/\\\/latamjournalismreview.org\\\/es\\\/#organization\",\"name\":\"LatAm Journalism Review\",\"url\":\"https:\\\/\\\/latamjournalismreview.org\\\/es\\\/\",\"logo\":{\"@type\":\"ImageObject\",\"inLanguage\":\"es\",\"@id\":\"https:\\\/\\\/latamjournalismreview.org\\\/es\\\/#\\\/schema\\\/logo\\\/image\\\/\",\"url\":\"https:\\\/\\\/latamjournalismreview.org\\\/wp-content\\\/uploads\\\/2020\\\/05\\\/knight-latAm-review-logo.svg\",\"contentUrl\":\"https:\\\/\\\/latamjournalismreview.org\\\/wp-content\\\/uploads\\\/2020\\\/05\\\/knight-latAm-review-logo.svg\",\"width\":\"1024\",\"height\":\"1024\",\"caption\":\"LatAm Journalism Review\"},\"image\":{\"@id\":\"https:\\\/\\\/latamjournalismreview.org\\\/es\\\/#\\\/schema\\\/logo\\\/image\\\/\"},\"sameAs\":[\"https:\\\/\\\/x.com\\\/LatAmJournalism\"]},{\"@type\":\"Person\",\"@id\":\"https:\\\/\\\/latamjournalismreview.org\\\/es\\\/#\\\/schema\\\/person\\\/eac7baa6afada0957e047be9fc15703a\",\"name\":\"Silvia Higuera\",\"description\":\"Silvia A. Higuera Fl\u00f3rez is a Colombian journalist interested in covering Latin American issues and human rights, especially the right to freedom of expression, and investigative journalism. She studied Social Communication and Journalism at Universidad Pontificia Bolivariana in Bucaramanga (Colombia), and received her Master's of Arts in Journalism from the University of Texas at Austin in 2015. She worked with the Office of the Special Rapporteur for Freedom of Expression of the Inter-American Commission on Human Rights (IACHR) under the Orlando Sierra fellowship during 2014. She also worked for the Colombian newspaper Vanguardia Liberal and wrote for different magazines about local, economic and public order issues. Her work has also appeared in The Miami Herald and El Nuevo Herald of Miami. Email: silvia.knightcenter@gmail.com Silvia A. Higuera Fl\u00f3rez es una periodista colombiana con inter\u00e9s period\u00edstico es Am\u00e9rica Latina y los derechos humanos, particularmente el derecho a la libertad de expresi\u00f3n, as\u00ed como el periodismo de investigaci\u00f3n. Estudi\u00f3 Comunicaci\u00f3n Social \u2013 Periodismo en la Universidad Pontificia Bolivariana de Bucaramanga (Colombia), y recibi\u00f3 su maestr\u00eda en Periodismo en la Universidad de Texas, en Austin en 2015. Trabaj\u00f3 para la Relator\u00eda Especial para la Libertad de Expresi\u00f3n de la Comisi\u00f3n Interamericana de Derechos Humanos (CIDH) en el marco de la beca Orlando Sierra, durante 2014. Tambi\u00e9n hizo parte del diario Vanguardia Liberal y escribi\u00f3 para otras revistas colombianas cubriendo fuentes locales, econ\u00f3micas y judiciales. Algunos de sus trabajos han aparecido en The Miami Herald y El Nuevo Herald de Miami. Silvia A. Higuera Fl\u00f3rez \u00e9 uma jornalista colombiana e seu interesse jornal\u00edstico \u00e9 a Am\u00e9rica Latina e os direitos humanos, nomeadamente o direito \u00e0 liberdade de express\u00e3o. Estudou Comunica\u00e7\u00e3o Social \u2013 Jornalismo na Universidade Pontif\u00edcia Bolivariana de Bucaramanga, na Col\u00f4mbia e completou seu mestrado em jornalismo na Universidade do Texas em Austin. Silvia trabalhou na Relatoria para a Liberdade de Express\u00e3o da CIDH pela bolsa Orlando Sierra, em 2014. Trabalhou para o jornal Vanguardia Liberal e escreveu para outras revistas colombianas cobrindo temas locais, econ\u00f4micas e judici\u00e1rias. Alguns de seus trabalhos apareceram no The Miami Herald e no El Nuevo Herald de Miami.\",\"sameAs\":[\"https:\\\/\\\/x.com\\\/shiguerita\"],\"url\":\"https:\\\/\\\/latamjournalismreview.org\\\/es\\\/articles\\\/author\\\/silvia-higuera\\\/\"}]}<\/script>\n<!-- \/ Yoast SEO Premium plugin. -->","yoast_head_json":{"title":"Denuncian presunta campa\u00f1a de desprestigio contra periodistas en Baja California, M\u00e9xico, por parte de autoridades - LatAm Journalism Review","description":"Denuncian presunta campa\u00f1a de desprestigio contra periodistas en Baja California, M\u00e9xico, por parte de autoridades Libertad de prensa. Latin American Journalism Review by The Knight Center at The University of Texas at Austin.","robots":{"index":"index","follow":"follow","max-snippet":"max-snippet:-1","max-image-preview":"max-image-preview:large","max-video-preview":"max-video-preview:-1"},"canonical":"https:\/\/latamjournalismreview.org\/es\/articles\/denuncian-presunta-campana-de-desprestigio-contra-periodistas-en-baja-california-mexico-por-parte-de-autoridades\/","og_locale":"es_ES","og_type":"article","og_title":"Denuncian presunta campa\u00f1a de desprestigio contra periodistas en Baja California, M\u00e9xico, por parte de autoridades","og_description":"Denuncian presunta campa\u00f1a de desprestigio contra periodistas en Baja California, M\u00e9xico, por parte de autoridades Libertad de prensa. Latin American Journalism Review by The Knight Center at The University of Texas at Austin.","og_url":"https:\/\/latamjournalismreview.org\/es\/articles\/denuncian-presunta-campana-de-desprestigio-contra-periodistas-en-baja-california-mexico-por-parte-de-autoridades\/","og_site_name":"LatAm Journalism Review","article_published_time":"2016-11-07T16:03:06+00:00","article_modified_time":"2021-12-12T16:03:50+00:00","author":"Silvia Higuera","twitter_card":"summary_large_image","twitter_creator":"@shiguerita","twitter_site":"@LatAmJournalism","twitter_misc":{"Written by":"Silvia Higuera","Est. reading time":"3 minutos"},"schema":{"@context":"https:\/\/schema.org","@graph":[{"@type":"Article","@id":"https:\/\/latamjournalismreview.org\/es\/articles\/denuncian-presunta-campana-de-desprestigio-contra-periodistas-en-baja-california-mexico-por-parte-de-autoridades\/#article","isPartOf":{"@id":"https:\/\/latamjournalismreview.org\/es\/articles\/denuncian-presunta-campana-de-desprestigio-contra-periodistas-en-baja-california-mexico-por-parte-de-autoridades\/"},"author":{"name":"Silvia Higuera","@id":"https:\/\/latamjournalismreview.org\/es\/#\/schema\/person\/eac7baa6afada0957e047be9fc15703a"},"headline":"Denuncian presunta campa\u00f1a de desprestigio contra periodistas en Baja California, M\u00e9xico, por parte de autoridades","datePublished":"2016-11-07T16:03:06+00:00","dateModified":"2021-12-12T16:03:50+00:00","mainEntityOfPage":{"@id":"https:\/\/latamjournalismreview.org\/es\/articles\/denuncian-presunta-campana-de-desprestigio-contra-periodistas-en-baja-california-mexico-por-parte-de-autoridades\/"},"wordCount":678,"publisher":{"@id":"https:\/\/latamjournalismreview.org\/es\/#organization"},"keywords":["Difamaci\u00f3n","Medios impresos","M\u00e9xico"],"articleSection":["Libertad de prensa"],"inLanguage":"es"},{"@type":"WebPage","@id":"https:\/\/latamjournalismreview.org\/es\/articles\/denuncian-presunta-campana-de-desprestigio-contra-periodistas-en-baja-california-mexico-por-parte-de-autoridades\/","url":"https:\/\/latamjournalismreview.org\/es\/articles\/denuncian-presunta-campana-de-desprestigio-contra-periodistas-en-baja-california-mexico-por-parte-de-autoridades\/","name":"Denuncian presunta campa\u00f1a de desprestigio contra periodistas en Baja California, M\u00e9xico, por parte de autoridades - LatAm Journalism Review","isPartOf":{"@id":"https:\/\/latamjournalismreview.org\/es\/#website"},"datePublished":"2016-11-07T16:03:06+00:00","dateModified":"2021-12-12T16:03:50+00:00","description":"Denuncian presunta campa\u00f1a de desprestigio contra periodistas en Baja California, M\u00e9xico, por parte de autoridades Libertad de prensa. Latin American Journalism Review by The Knight Center at The University of Texas at Austin.","breadcrumb":{"@id":"https:\/\/latamjournalismreview.org\/es\/articles\/denuncian-presunta-campana-de-desprestigio-contra-periodistas-en-baja-california-mexico-por-parte-de-autoridades\/#breadcrumb"},"inLanguage":"es","potentialAction":[{"@type":"ReadAction","target":["https:\/\/latamjournalismreview.org\/es\/articles\/denuncian-presunta-campana-de-desprestigio-contra-periodistas-en-baja-california-mexico-por-parte-de-autoridades\/"]}]},{"@type":"BreadcrumbList","@id":"https:\/\/latamjournalismreview.org\/es\/articles\/denuncian-presunta-campana-de-desprestigio-contra-periodistas-en-baja-california-mexico-por-parte-de-autoridades\/#breadcrumb","itemListElement":[{"@type":"ListItem","position":1,"name":"Home","item":"https:\/\/latamjournalismreview.org\/es\/"},{"@type":"ListItem","position":2,"name":"Denuncian presunta campa\u00f1a de desprestigio contra periodistas en Baja California, M\u00e9xico, por parte de autoridades"}]},{"@type":"WebSite","@id":"https:\/\/latamjournalismreview.org\/es\/#website","url":"https:\/\/latamjournalismreview.org\/es\/","name":"LatAm Journalism Review","description":"Knight Center at The University of Texas","publisher":{"@id":"https:\/\/latamjournalismreview.org\/es\/#organization"},"potentialAction":[{"@type":"SearchAction","target":{"@type":"EntryPoint","urlTemplate":"https:\/\/latamjournalismreview.org\/es\/?s={search_term_string}"},"query-input":{"@type":"PropertyValueSpecification","valueRequired":true,"valueName":"search_term_string"}}],"inLanguage":"es"},{"@type":"Organization","@id":"https:\/\/latamjournalismreview.org\/es\/#organization","name":"LatAm Journalism Review","url":"https:\/\/latamjournalismreview.org\/es\/","logo":{"@type":"ImageObject","inLanguage":"es","@id":"https:\/\/latamjournalismreview.org\/es\/#\/schema\/logo\/image\/","url":"https:\/\/latamjournalismreview.org\/wp-content\/uploads\/2020\/05\/knight-latAm-review-logo.svg","contentUrl":"https:\/\/latamjournalismreview.org\/wp-content\/uploads\/2020\/05\/knight-latAm-review-logo.svg","width":"1024","height":"1024","caption":"LatAm Journalism Review"},"image":{"@id":"https:\/\/latamjournalismreview.org\/es\/#\/schema\/logo\/image\/"},"sameAs":["https:\/\/x.com\/LatAmJournalism"]},{"@type":"Person","@id":"https:\/\/latamjournalismreview.org\/es\/#\/schema\/person\/eac7baa6afada0957e047be9fc15703a","name":"Silvia Higuera","description":"Silvia A. Higuera Fl\u00f3rez is a Colombian journalist interested in covering Latin American issues and human rights, especially the right to freedom of expression, and investigative journalism. She studied Social Communication and Journalism at Universidad Pontificia Bolivariana in Bucaramanga (Colombia), and received her Master's of Arts in Journalism from the University of Texas at Austin in 2015. She worked with the Office of the Special Rapporteur for Freedom of Expression of the Inter-American Commission on Human Rights (IACHR) under the Orlando Sierra fellowship during 2014. She also worked for the Colombian newspaper Vanguardia Liberal and wrote for different magazines about local, economic and public order issues. Her work has also appeared in The Miami Herald and El Nuevo Herald of Miami. Email: silvia.knightcenter@gmail.com Silvia A. Higuera Fl\u00f3rez es una periodista colombiana con inter\u00e9s period\u00edstico es Am\u00e9rica Latina y los derechos humanos, particularmente el derecho a la libertad de expresi\u00f3n, as\u00ed como el periodismo de investigaci\u00f3n. Estudi\u00f3 Comunicaci\u00f3n Social \u2013 Periodismo en la Universidad Pontificia Bolivariana de Bucaramanga (Colombia), y recibi\u00f3 su maestr\u00eda en Periodismo en la Universidad de Texas, en Austin en 2015. Trabaj\u00f3 para la Relator\u00eda Especial para la Libertad de Expresi\u00f3n de la Comisi\u00f3n Interamericana de Derechos Humanos (CIDH) en el marco de la beca Orlando Sierra, durante 2014. Tambi\u00e9n hizo parte del diario Vanguardia Liberal y escribi\u00f3 para otras revistas colombianas cubriendo fuentes locales, econ\u00f3micas y judiciales. Algunos de sus trabajos han aparecido en The Miami Herald y El Nuevo Herald de Miami. Silvia A. Higuera Fl\u00f3rez \u00e9 uma jornalista colombiana e seu interesse jornal\u00edstico \u00e9 a Am\u00e9rica Latina e os direitos humanos, nomeadamente o direito \u00e0 liberdade de express\u00e3o. Estudou Comunica\u00e7\u00e3o Social \u2013 Jornalismo na Universidade Pontif\u00edcia Bolivariana de Bucaramanga, na Col\u00f4mbia e completou seu mestrado em jornalismo na Universidade do Texas em Austin. Silvia trabalhou na Relatoria para a Liberdade de Express\u00e3o da CIDH pela bolsa Orlando Sierra, em 2014. Trabalhou para o jornal Vanguardia Liberal e escreveu para outras revistas colombianas cobrindo temas locais, econ\u00f4micas e judici\u00e1rias. Alguns de seus trabalhos apareceram no The Miami Herald e no El Nuevo Herald de Miami.","sameAs":["https:\/\/x.com\/shiguerita"],"url":"https:\/\/latamjournalismreview.org\/es\/articles\/author\/silvia-higuera\/"}]}},"_links":{"self":[{"href":"https:\/\/latamjournalismreview.org\/es\/wp-json\/wp\/v2\/posts\/44938","targetHints":{"allow":["GET"]}}],"collection":[{"href":"https:\/\/latamjournalismreview.org\/es\/wp-json\/wp\/v2\/posts"}],"about":[{"href":"https:\/\/latamjournalismreview.org\/es\/wp-json\/wp\/v2\/types\/post"}],"author":[{"embeddable":true,"href":"https:\/\/latamjournalismreview.org\/es\/wp-json\/wp\/v2\/users\/13"}],"replies":[{"embeddable":true,"href":"https:\/\/latamjournalismreview.org\/es\/wp-json\/wp\/v2\/comments?post=44938"}],"version-history":[{"count":1,"href":"https:\/\/latamjournalismreview.org\/es\/wp-json\/wp\/v2\/posts\/44938\/revisions"}],"predecessor-version":[{"id":44942,"href":"https:\/\/latamjournalismreview.org\/es\/wp-json\/wp\/v2\/posts\/44938\/revisions\/44942"}],"wp:attachment":[{"href":"https:\/\/latamjournalismreview.org\/es\/wp-json\/wp\/v2\/media?parent=44938"}],"wp:term":[{"taxonomy":"category","embeddable":true,"href":"https:\/\/latamjournalismreview.org\/es\/wp-json\/wp\/v2\/categories?post=44938"},{"taxonomy":"post_tag","embeddable":true,"href":"https:\/\/latamjournalismreview.org\/es\/wp-json\/wp\/v2\/tags?post=44938"},{"taxonomy":"author","embeddable":true,"href":"https:\/\/latamjournalismreview.org\/es\/wp-json\/wp\/v2\/coauthors?post=44938"}],"curies":[{"name":"wp","href":"https:\/\/api.w.org\/{rel}","templated":true}]}}