{"id":45237,"date":"2017-01-17T15:44:41","date_gmt":"2017-01-17T20:44:41","guid":{"rendered":"https:\/\/latamjournalismreview.org\/?p=45237"},"modified":"2021-12-13T15:47:43","modified_gmt":"2021-12-13T20:47:43","slug":"expulsado-de-la-radio-mexicana-por-golpe-de-censura-programa-de-carmen-aristegui-regresa-pero-en-internet","status":"publish","type":"post","link":"https:\/\/latamjournalismreview.org\/es\/articles\/expulsado-de-la-radio-mexicana-por-golpe-de-censura-programa-de-carmen-aristegui-regresa-pero-en-internet\/","title":{"rendered":"Expulsado de la radio mexicana por \u201cgolpe de censura\u201d, programa de Carmen Aristegui regresa, pero en internet"},"content":{"rendered":"<p>\u201cEstamos aqu\u00ed de regreso despu\u00e9s de un a\u00f1o, diez meses en que este grupo de periodistas, del que formo parte,\u00a0<a href=\"http:\/\/aristeguinoticias.com\/1601\/mexico\/asi-regreso-carmen-aristegui-por-las-mananas-y-en-vivo-video\/\" target=\"_blank\" rel=\"noopener\">sufri\u00f3 un golpe de censura que nos expuls\u00f3 de la radio mexicana<\/a>\u201d. As\u00ed comenz\u00f3 la periodista mexicana Carmen Aristegui la primera emisi\u00f3n en internet de la nueva versi\u00f3n de su tradicional programa radial \u2018Aristegui\u00a0En Vivo\u2019.<\/p>\n<p>El estreno fue este lunes 16 de enero, y el programa, que ahora cuenta con video,\u00a0ser\u00e1 transmitido diariamente en el\u00a0portal\u00a0<a href=\"http:\/\/aristeguinoticias.com\/\" target=\"_blank\" rel=\"noopener\">Aristegui Noticias<\/a>, donde cada emisi\u00f3n ser\u00e1 archivada para que pueda ser vista por demanda.<\/p>\n<p>El regreso del\u00a0programa, ahora en la web, fue precedido por una campa\u00f1a en las redes sociales, donde su\u00a0<a href=\"https:\/\/www.publimetro.com.mx\/mx\/ciudad\/2017\/01\/13\/carmen-aristegui-programa-vivo-lunes.html\" target=\"_blank\" rel=\"noopener\">video promocional se hizo viral<\/a>. Con la pregunta \u201c<a href=\"http:\/\/www.sinembargo.mx\/13-01-2017\/3135805\" target=\"_blank\" rel=\"noopener\">\u00bfDe verdad creyeron que nos iban a callar?<\/a>\u201d, el programa se gan\u00f3 la\u00a0atenci\u00f3n de miles de mexicanos.<\/p>\n<p>Y es que la\u00a0<a href=\"https:\/\/knightcenter.utexas.edu\/es\/blog\/00-15969-despido-de-carmen-aristegui-aumenta-polemica-en-mexico\" target=\"_blank\" rel=\"noopener\">salida en 2015 de Aristegui<\/a>\u00a0as\u00ed como\u00a0<a href=\"https:\/\/knightcenter.utexas.edu\/es\/blog\/00-15963-rechazo-en-mexico-por-despido-de-dos-periodistas-en-medio-de-alegaciones-de-intentos-d\" target=\"_blank\" rel=\"noopener\">la de su equipo<\/a>\u00a0del grupo radial MVS, del que hac\u00eda parte, estuvo plagada\u00a0de denuncias de censura e incluso de protestas callejeras exigiendo que volvieran a la radio.<\/p>\n<p>En su estreno en internet, este 16 de enero, Aristegui record\u00f3 el episodio que seg\u00fan ella \u201cdeton\u00f3\u201d su salida del grupo radial: el trabajo de su\u00a0unidad de investigaci\u00f3n que se conoci\u00f3 mundialmente como\u00a0<a href=\"http:\/\/aristeguinoticias.com\/0911\/mexico\/la-casa-blanca-de-enrique-pena-nieto\/\" target=\"_blank\" rel=\"noopener\">\u2018La Casa Blanca de Pe\u00f1a Nieto\u2019<\/a>. Por ello, dijo Aristegui, un \u201cgrupo de m\u00e1s de 20 periodistas fuimos echados a la calle\u201d.<\/p>\n<p>El reportaje daba cuenta de un presunto conflicto de intereses por parte del presidente del pa\u00eds, Enrique Pe\u00f1a Nieto, qui\u00e9n viv\u00eda con su familia en una costosa mansi\u00f3n construida por una firma que tambi\u00e9n es contratista con el Gobierno.<\/p>\n<p>A la publicaci\u00f3n de este reportaje, le sigui\u00f3 una crisis entre los due\u00f1os del grupo radial y los periodistas, seg\u00fan se conoci\u00f3 en su momento. El 12 de marzo de 2015,\u00a0<a href=\"https:\/\/knightcenter.utexas.edu\/es\/blog\/00-15963-rechazo-en-mexico-por-despido-de-dos-periodistas-en-medio-de-alegaciones-de-intentos-d\" target=\"_blank\" rel=\"noopener\">los periodistas Irwing Huerta y Daniel Liz\u00e1rraga, de la Unidad Investigativa, fueron despedidos<\/a>\u00a0acusados de abuso de confianza por haber dado su apoyo a la plataforma Mexicoleaks sin la autorizaci\u00f3n del grupo radial, seg\u00fan dijeron los directivos de la organizaci\u00f3n en ese entonces.<\/p>\n<p>Luego de que Aristegui exigiera la restituci\u00f3n de sus colegas, los due\u00f1os de MVS\u00a0<a href=\"https:\/\/knightcenter.utexas.edu\/es\/blog\/00-15969-despido-de-carmen-aristegui-aumenta-polemica-en-mexico\" target=\"_blank\" rel=\"noopener\">despidieron a la periodista el 15 de marzo<\/a>. Aunque interpuso un\u00a0<a href=\"https:\/\/knightcenter.utexas.edu\/es\/blog\/00-16187-periodista-mexicana-carmen-aristegui-pierde-batalla-judicial-para-volver-la-radio-y-ca\" target=\"_blank\" rel=\"noopener\">amparo para volver a su trabajo, este le fue negado<\/a>.<\/p>\n<p>En el regreso de su programa radial ahora en internet, Aristegui record\u00f3 estos hechos, pero agreg\u00f3 que todos los detalles est\u00e1n en el libro de los periodistas Huerta, Liz\u00e1rraga, Rafael Cabrera y Sebasti\u00e1n Barrag\u00e1n. Aristegui escribi\u00f3 el pr\u00f3logo de ese libro, \u201cLa Casa Blanca de Pe\u00f1a Nieto, la historia que cimbr\u00f3 un gobierno\u201d, lo que le ocasion\u00f3\u00a0\u00a0<a href=\"https:\/\/knightcenter.utexas.edu\/es\/blog\/00-17739-ataques-periodistas-en-mexico-son-simbolo-de-una-democracia-danada-dice-carmen-aristeg\" target=\"_blank\" rel=\"noopener\">una demanda en su contra por parte de Joaqu\u00edn Vargas, propietario de la empresa MVS por el delito de \u201cda\u00f1o moral\u201d<\/a>.<\/p>\n<p>\u201cRecib\u00ed ya una primera sentencia, por incre\u00edble que parezca, por hacer uso excesivo de la libertad de expresi\u00f3n\u201d, record\u00f3\u00a0Aristegui en su programa. Ella agreg\u00f3 que seguir\u00e1\u00a0defendi\u00e9ndose en los tribunales.<\/p>\n<p>La periodista tambi\u00e9n hizo menci\u00f3n al\u00a0<a href=\"https:\/\/knightcenter.utexas.edu\/es\/blog\/00-17797-periodista-mexicana-carmen-aristegui-denuncia-robo-campana-de-desprestigio-y-amenazas-\" target=\"_blank\" rel=\"noopener\">allanamiento que sufri\u00f3 la sede del portal digital Aristegui Noticias el pasado noviembre<\/a>. Como lo dijo en su momento, insisti\u00f3 que no se trat\u00f3 de un robo sino de un hecho para \u201cmeternos miedo\u201d.<\/p>\n<p>\u201cNo ocupo m\u00e1s minutos para el tema de la censura, el acoso judicial y las intimidaciones. No por lo menos en este d\u00eda que es de fiesta para nosotros. \u00a1Estamos de regreso con ustedes!\u201d, agreg\u00f3 este lunes la periodista luego de la recapitulaci\u00f3n de los hechos que los han afectado.<\/p>\n<p>El nuevo programa radial ser\u00e1 transmitido de lunes a viernes a partir de las 8 a.m. de M\u00e9xico. Sin embargo, los programas estar\u00e1n disponibles por demanda, as\u00ed que quienes no pudieron seguirlo en vivo pueden\u00a0hacerlo en l\u00ednea m\u00e1s tarde.<\/p>\n<p><em>Nota del editor: Esta historia fue publicada originalmente en el blog Periodismo en las Am\u00e9ricas del Centro Knight, el predecesor de LatAm Journalism Review.<\/em><\/p>\n","protected":false},"excerpt":{"rendered":"<p>\u201cEstamos aqu\u00ed de regreso despu\u00e9s de un a\u00f1o, diez meses en que este grupo de periodistas, del que formo parte,\u00a0sufri\u00f3 un golpe de censura que nos expuls\u00f3 de la radio mexicana\u201d. As\u00ed comenz\u00f3 la periodista mexicana Carmen Aristegui la primera emisi\u00f3n en internet de la nueva versi\u00f3n de su tradicional programa radial \u2018Aristegui\u00a0En Vivo\u2019.<\/p>\n","protected":false},"author":13,"featured_media":0,"comment_status":"closed","ping_status":"closed","sticky":false,"template":"","format":"standard","meta":{"inline_featured_image":false,"footnotes":""},"categories":[1227],"tags":[1404,1393,1499,1431],"coauthors":[],"class_list":["post-45237","post","type-post","status-publish","format-standard","hentry","category-acceso-a-la-informacion-es","tag-censura-es","tag-mexico-es","tag-periodismo-digital-es","tag-radio-y-tv-es"],"acf":[],"yoast_head":"<!-- This site is optimized with the Yoast SEO Premium plugin v22.6 (Yoast SEO v27.4) - https:\/\/yoast.com\/product\/yoast-seo-premium-wordpress\/ -->\n<title>Expulsado de la radio mexicana por \u201cgolpe de censura\u201d, programa de Carmen Aristegui regresa, pero en internet - LatAm Journalism Review<\/title>\n<meta name=\"description\" content=\"Expulsado de la radio mexicana por \u201cgolpe de censura\u201d, programa de Carmen Aristegui regresa, pero en internet Acceso a la Informaci\u00f3n. Latin American Journalism Review by The Knight Center at The University of Texas at Austin.\" \/>\n<meta name=\"robots\" content=\"index, follow, max-snippet:-1, max-image-preview:large, max-video-preview:-1\" \/>\n<link rel=\"canonical\" href=\"https:\/\/latamjournalismreview.org\/es\/articles\/expulsado-de-la-radio-mexicana-por-golpe-de-censura-programa-de-carmen-aristegui-regresa-pero-en-internet\/\" \/>\n<meta property=\"og:locale\" content=\"es_ES\" \/>\n<meta property=\"og:type\" content=\"article\" \/>\n<meta property=\"og:title\" content=\"Expulsado de la radio mexicana por \u201cgolpe de censura\u201d, programa de Carmen Aristegui regresa, pero en internet\" \/>\n<meta property=\"og:description\" content=\"Expulsado de la radio mexicana por \u201cgolpe de censura\u201d, programa de Carmen Aristegui regresa, pero en internet Acceso a la Informaci\u00f3n. Latin American Journalism Review by The Knight Center at The University of Texas at Austin.\" \/>\n<meta property=\"og:url\" content=\"https:\/\/latamjournalismreview.org\/es\/articles\/expulsado-de-la-radio-mexicana-por-golpe-de-censura-programa-de-carmen-aristegui-regresa-pero-en-internet\/\" \/>\n<meta property=\"og:site_name\" content=\"LatAm Journalism Review\" \/>\n<meta property=\"article:published_time\" content=\"2017-01-17T20:44:41+00:00\" \/>\n<meta property=\"article:modified_time\" content=\"2021-12-13T20:47:43+00:00\" \/>\n<meta name=\"author\" content=\"Silvia Higuera\" \/>\n<meta name=\"twitter:card\" content=\"summary_large_image\" \/>\n<meta name=\"twitter:creator\" content=\"@shiguerita\" \/>\n<meta name=\"twitter:site\" content=\"@LatAmJournalism\" \/>\n<meta name=\"twitter:label1\" content=\"Written by\" \/>\n\t<meta name=\"twitter:data1\" content=\"Silvia Higuera\" \/>\n\t<meta name=\"twitter:label2\" content=\"Est. reading time\" \/>\n\t<meta name=\"twitter:data2\" content=\"3 minutos\" \/>\n<script type=\"application\/ld+json\" class=\"yoast-schema-graph\">{\"@context\":\"https:\\\/\\\/schema.org\",\"@graph\":[{\"@type\":\"Article\",\"@id\":\"https:\\\/\\\/latamjournalismreview.org\\\/es\\\/articles\\\/expulsado-de-la-radio-mexicana-por-golpe-de-censura-programa-de-carmen-aristegui-regresa-pero-en-internet\\\/#article\",\"isPartOf\":{\"@id\":\"https:\\\/\\\/latamjournalismreview.org\\\/es\\\/articles\\\/expulsado-de-la-radio-mexicana-por-golpe-de-censura-programa-de-carmen-aristegui-regresa-pero-en-internet\\\/\"},\"author\":{\"name\":\"Silvia Higuera\",\"@id\":\"https:\\\/\\\/latamjournalismreview.org\\\/es\\\/#\\\/schema\\\/person\\\/eac7baa6afada0957e047be9fc15703a\"},\"headline\":\"Expulsado de la radio mexicana por \u201cgolpe de censura\u201d, programa de Carmen Aristegui regresa, pero en internet\",\"datePublished\":\"2017-01-17T20:44:41+00:00\",\"dateModified\":\"2021-12-13T20:47:43+00:00\",\"mainEntityOfPage\":{\"@id\":\"https:\\\/\\\/latamjournalismreview.org\\\/es\\\/articles\\\/expulsado-de-la-radio-mexicana-por-golpe-de-censura-programa-de-carmen-aristegui-regresa-pero-en-internet\\\/\"},\"wordCount\":702,\"publisher\":{\"@id\":\"https:\\\/\\\/latamjournalismreview.org\\\/es\\\/#organization\"},\"keywords\":[\"Censura\",\"M\u00e9xico\",\"Periodismo digital\",\"Radio y TV\"],\"articleSection\":[\"Acceso a la Informaci\u00f3n\"],\"inLanguage\":\"es\"},{\"@type\":\"WebPage\",\"@id\":\"https:\\\/\\\/latamjournalismreview.org\\\/es\\\/articles\\\/expulsado-de-la-radio-mexicana-por-golpe-de-censura-programa-de-carmen-aristegui-regresa-pero-en-internet\\\/\",\"url\":\"https:\\\/\\\/latamjournalismreview.org\\\/es\\\/articles\\\/expulsado-de-la-radio-mexicana-por-golpe-de-censura-programa-de-carmen-aristegui-regresa-pero-en-internet\\\/\",\"name\":\"Expulsado de la radio mexicana por \u201cgolpe de censura\u201d, programa de Carmen Aristegui regresa, pero en internet - LatAm Journalism Review\",\"isPartOf\":{\"@id\":\"https:\\\/\\\/latamjournalismreview.org\\\/es\\\/#website\"},\"datePublished\":\"2017-01-17T20:44:41+00:00\",\"dateModified\":\"2021-12-13T20:47:43+00:00\",\"description\":\"Expulsado de la radio mexicana por \u201cgolpe de censura\u201d, programa de Carmen Aristegui regresa, pero en internet Acceso a la Informaci\u00f3n. Latin American Journalism Review by The Knight Center at The University of Texas at Austin.\",\"breadcrumb\":{\"@id\":\"https:\\\/\\\/latamjournalismreview.org\\\/es\\\/articles\\\/expulsado-de-la-radio-mexicana-por-golpe-de-censura-programa-de-carmen-aristegui-regresa-pero-en-internet\\\/#breadcrumb\"},\"inLanguage\":\"es\",\"potentialAction\":[{\"@type\":\"ReadAction\",\"target\":[\"https:\\\/\\\/latamjournalismreview.org\\\/es\\\/articles\\\/expulsado-de-la-radio-mexicana-por-golpe-de-censura-programa-de-carmen-aristegui-regresa-pero-en-internet\\\/\"]}]},{\"@type\":\"BreadcrumbList\",\"@id\":\"https:\\\/\\\/latamjournalismreview.org\\\/es\\\/articles\\\/expulsado-de-la-radio-mexicana-por-golpe-de-censura-programa-de-carmen-aristegui-regresa-pero-en-internet\\\/#breadcrumb\",\"itemListElement\":[{\"@type\":\"ListItem\",\"position\":1,\"name\":\"Home\",\"item\":\"https:\\\/\\\/latamjournalismreview.org\\\/es\\\/\"},{\"@type\":\"ListItem\",\"position\":2,\"name\":\"Expulsado de la radio mexicana por \u201cgolpe de censura\u201d, programa de Carmen Aristegui regresa, pero en internet\"}]},{\"@type\":\"WebSite\",\"@id\":\"https:\\\/\\\/latamjournalismreview.org\\\/es\\\/#website\",\"url\":\"https:\\\/\\\/latamjournalismreview.org\\\/es\\\/\",\"name\":\"LatAm Journalism Review\",\"description\":\"Knight Center at The University of Texas\",\"publisher\":{\"@id\":\"https:\\\/\\\/latamjournalismreview.org\\\/es\\\/#organization\"},\"potentialAction\":[{\"@type\":\"SearchAction\",\"target\":{\"@type\":\"EntryPoint\",\"urlTemplate\":\"https:\\\/\\\/latamjournalismreview.org\\\/es\\\/?s={search_term_string}\"},\"query-input\":{\"@type\":\"PropertyValueSpecification\",\"valueRequired\":true,\"valueName\":\"search_term_string\"}}],\"inLanguage\":\"es\"},{\"@type\":\"Organization\",\"@id\":\"https:\\\/\\\/latamjournalismreview.org\\\/es\\\/#organization\",\"name\":\"LatAm Journalism Review\",\"url\":\"https:\\\/\\\/latamjournalismreview.org\\\/es\\\/\",\"logo\":{\"@type\":\"ImageObject\",\"inLanguage\":\"es\",\"@id\":\"https:\\\/\\\/latamjournalismreview.org\\\/es\\\/#\\\/schema\\\/logo\\\/image\\\/\",\"url\":\"https:\\\/\\\/latamjournalismreview.org\\\/wp-content\\\/uploads\\\/2020\\\/05\\\/knight-latAm-review-logo.svg\",\"contentUrl\":\"https:\\\/\\\/latamjournalismreview.org\\\/wp-content\\\/uploads\\\/2020\\\/05\\\/knight-latAm-review-logo.svg\",\"width\":\"1024\",\"height\":\"1024\",\"caption\":\"LatAm Journalism Review\"},\"image\":{\"@id\":\"https:\\\/\\\/latamjournalismreview.org\\\/es\\\/#\\\/schema\\\/logo\\\/image\\\/\"},\"sameAs\":[\"https:\\\/\\\/x.com\\\/LatAmJournalism\"]},{\"@type\":\"Person\",\"@id\":\"https:\\\/\\\/latamjournalismreview.org\\\/es\\\/#\\\/schema\\\/person\\\/eac7baa6afada0957e047be9fc15703a\",\"name\":\"Silvia Higuera\",\"description\":\"Silvia A. Higuera Fl\u00f3rez is a Colombian journalist interested in covering Latin American issues and human rights, especially the right to freedom of expression, and investigative journalism. She studied Social Communication and Journalism at Universidad Pontificia Bolivariana in Bucaramanga (Colombia), and received her Master's of Arts in Journalism from the University of Texas at Austin in 2015. She worked with the Office of the Special Rapporteur for Freedom of Expression of the Inter-American Commission on Human Rights (IACHR) under the Orlando Sierra fellowship during 2014. She also worked for the Colombian newspaper Vanguardia Liberal and wrote for different magazines about local, economic and public order issues. Her work has also appeared in The Miami Herald and El Nuevo Herald of Miami. Email: silvia.knightcenter@gmail.com Silvia A. Higuera Fl\u00f3rez es una periodista colombiana con inter\u00e9s period\u00edstico es Am\u00e9rica Latina y los derechos humanos, particularmente el derecho a la libertad de expresi\u00f3n, as\u00ed como el periodismo de investigaci\u00f3n. Estudi\u00f3 Comunicaci\u00f3n Social \u2013 Periodismo en la Universidad Pontificia Bolivariana de Bucaramanga (Colombia), y recibi\u00f3 su maestr\u00eda en Periodismo en la Universidad de Texas, en Austin en 2015. Trabaj\u00f3 para la Relator\u00eda Especial para la Libertad de Expresi\u00f3n de la Comisi\u00f3n Interamericana de Derechos Humanos (CIDH) en el marco de la beca Orlando Sierra, durante 2014. Tambi\u00e9n hizo parte del diario Vanguardia Liberal y escribi\u00f3 para otras revistas colombianas cubriendo fuentes locales, econ\u00f3micas y judiciales. Algunos de sus trabajos han aparecido en The Miami Herald y El Nuevo Herald de Miami. Silvia A. Higuera Fl\u00f3rez \u00e9 uma jornalista colombiana e seu interesse jornal\u00edstico \u00e9 a Am\u00e9rica Latina e os direitos humanos, nomeadamente o direito \u00e0 liberdade de express\u00e3o. Estudou Comunica\u00e7\u00e3o Social \u2013 Jornalismo na Universidade Pontif\u00edcia Bolivariana de Bucaramanga, na Col\u00f4mbia e completou seu mestrado em jornalismo na Universidade do Texas em Austin. Silvia trabalhou na Relatoria para a Liberdade de Express\u00e3o da CIDH pela bolsa Orlando Sierra, em 2014. Trabalhou para o jornal Vanguardia Liberal e escreveu para outras revistas colombianas cobrindo temas locais, econ\u00f4micas e judici\u00e1rias. Alguns de seus trabalhos apareceram no The Miami Herald e no El Nuevo Herald de Miami.\",\"sameAs\":[\"https:\\\/\\\/x.com\\\/shiguerita\"],\"url\":\"https:\\\/\\\/latamjournalismreview.org\\\/es\\\/articles\\\/author\\\/silvia-higuera\\\/\"}]}<\/script>\n<!-- \/ Yoast SEO Premium plugin. -->","yoast_head_json":{"title":"Expulsado de la radio mexicana por \u201cgolpe de censura\u201d, programa de Carmen Aristegui regresa, pero en internet - LatAm Journalism Review","description":"Expulsado de la radio mexicana por \u201cgolpe de censura\u201d, programa de Carmen Aristegui regresa, pero en internet Acceso a la Informaci\u00f3n. Latin American Journalism Review by The Knight Center at The University of Texas at Austin.","robots":{"index":"index","follow":"follow","max-snippet":"max-snippet:-1","max-image-preview":"max-image-preview:large","max-video-preview":"max-video-preview:-1"},"canonical":"https:\/\/latamjournalismreview.org\/es\/articles\/expulsado-de-la-radio-mexicana-por-golpe-de-censura-programa-de-carmen-aristegui-regresa-pero-en-internet\/","og_locale":"es_ES","og_type":"article","og_title":"Expulsado de la radio mexicana por \u201cgolpe de censura\u201d, programa de Carmen Aristegui regresa, pero en internet","og_description":"Expulsado de la radio mexicana por \u201cgolpe de censura\u201d, programa de Carmen Aristegui regresa, pero en internet Acceso a la Informaci\u00f3n. Latin American Journalism Review by The Knight Center at The University of Texas at Austin.","og_url":"https:\/\/latamjournalismreview.org\/es\/articles\/expulsado-de-la-radio-mexicana-por-golpe-de-censura-programa-de-carmen-aristegui-regresa-pero-en-internet\/","og_site_name":"LatAm Journalism Review","article_published_time":"2017-01-17T20:44:41+00:00","article_modified_time":"2021-12-13T20:47:43+00:00","author":"Silvia Higuera","twitter_card":"summary_large_image","twitter_creator":"@shiguerita","twitter_site":"@LatAmJournalism","twitter_misc":{"Written by":"Silvia Higuera","Est. reading time":"3 minutos"},"schema":{"@context":"https:\/\/schema.org","@graph":[{"@type":"Article","@id":"https:\/\/latamjournalismreview.org\/es\/articles\/expulsado-de-la-radio-mexicana-por-golpe-de-censura-programa-de-carmen-aristegui-regresa-pero-en-internet\/#article","isPartOf":{"@id":"https:\/\/latamjournalismreview.org\/es\/articles\/expulsado-de-la-radio-mexicana-por-golpe-de-censura-programa-de-carmen-aristegui-regresa-pero-en-internet\/"},"author":{"name":"Silvia Higuera","@id":"https:\/\/latamjournalismreview.org\/es\/#\/schema\/person\/eac7baa6afada0957e047be9fc15703a"},"headline":"Expulsado de la radio mexicana por \u201cgolpe de censura\u201d, programa de Carmen Aristegui regresa, pero en internet","datePublished":"2017-01-17T20:44:41+00:00","dateModified":"2021-12-13T20:47:43+00:00","mainEntityOfPage":{"@id":"https:\/\/latamjournalismreview.org\/es\/articles\/expulsado-de-la-radio-mexicana-por-golpe-de-censura-programa-de-carmen-aristegui-regresa-pero-en-internet\/"},"wordCount":702,"publisher":{"@id":"https:\/\/latamjournalismreview.org\/es\/#organization"},"keywords":["Censura","M\u00e9xico","Periodismo digital","Radio y TV"],"articleSection":["Acceso a la Informaci\u00f3n"],"inLanguage":"es"},{"@type":"WebPage","@id":"https:\/\/latamjournalismreview.org\/es\/articles\/expulsado-de-la-radio-mexicana-por-golpe-de-censura-programa-de-carmen-aristegui-regresa-pero-en-internet\/","url":"https:\/\/latamjournalismreview.org\/es\/articles\/expulsado-de-la-radio-mexicana-por-golpe-de-censura-programa-de-carmen-aristegui-regresa-pero-en-internet\/","name":"Expulsado de la radio mexicana por \u201cgolpe de censura\u201d, programa de Carmen Aristegui regresa, pero en internet - LatAm Journalism Review","isPartOf":{"@id":"https:\/\/latamjournalismreview.org\/es\/#website"},"datePublished":"2017-01-17T20:44:41+00:00","dateModified":"2021-12-13T20:47:43+00:00","description":"Expulsado de la radio mexicana por \u201cgolpe de censura\u201d, programa de Carmen Aristegui regresa, pero en internet Acceso a la Informaci\u00f3n. Latin American Journalism Review by The Knight Center at The University of Texas at Austin.","breadcrumb":{"@id":"https:\/\/latamjournalismreview.org\/es\/articles\/expulsado-de-la-radio-mexicana-por-golpe-de-censura-programa-de-carmen-aristegui-regresa-pero-en-internet\/#breadcrumb"},"inLanguage":"es","potentialAction":[{"@type":"ReadAction","target":["https:\/\/latamjournalismreview.org\/es\/articles\/expulsado-de-la-radio-mexicana-por-golpe-de-censura-programa-de-carmen-aristegui-regresa-pero-en-internet\/"]}]},{"@type":"BreadcrumbList","@id":"https:\/\/latamjournalismreview.org\/es\/articles\/expulsado-de-la-radio-mexicana-por-golpe-de-censura-programa-de-carmen-aristegui-regresa-pero-en-internet\/#breadcrumb","itemListElement":[{"@type":"ListItem","position":1,"name":"Home","item":"https:\/\/latamjournalismreview.org\/es\/"},{"@type":"ListItem","position":2,"name":"Expulsado de la radio mexicana por \u201cgolpe de censura\u201d, programa de Carmen Aristegui regresa, pero en internet"}]},{"@type":"WebSite","@id":"https:\/\/latamjournalismreview.org\/es\/#website","url":"https:\/\/latamjournalismreview.org\/es\/","name":"LatAm Journalism Review","description":"Knight Center at The University of Texas","publisher":{"@id":"https:\/\/latamjournalismreview.org\/es\/#organization"},"potentialAction":[{"@type":"SearchAction","target":{"@type":"EntryPoint","urlTemplate":"https:\/\/latamjournalismreview.org\/es\/?s={search_term_string}"},"query-input":{"@type":"PropertyValueSpecification","valueRequired":true,"valueName":"search_term_string"}}],"inLanguage":"es"},{"@type":"Organization","@id":"https:\/\/latamjournalismreview.org\/es\/#organization","name":"LatAm Journalism Review","url":"https:\/\/latamjournalismreview.org\/es\/","logo":{"@type":"ImageObject","inLanguage":"es","@id":"https:\/\/latamjournalismreview.org\/es\/#\/schema\/logo\/image\/","url":"https:\/\/latamjournalismreview.org\/wp-content\/uploads\/2020\/05\/knight-latAm-review-logo.svg","contentUrl":"https:\/\/latamjournalismreview.org\/wp-content\/uploads\/2020\/05\/knight-latAm-review-logo.svg","width":"1024","height":"1024","caption":"LatAm Journalism Review"},"image":{"@id":"https:\/\/latamjournalismreview.org\/es\/#\/schema\/logo\/image\/"},"sameAs":["https:\/\/x.com\/LatAmJournalism"]},{"@type":"Person","@id":"https:\/\/latamjournalismreview.org\/es\/#\/schema\/person\/eac7baa6afada0957e047be9fc15703a","name":"Silvia Higuera","description":"Silvia A. Higuera Fl\u00f3rez is a Colombian journalist interested in covering Latin American issues and human rights, especially the right to freedom of expression, and investigative journalism. She studied Social Communication and Journalism at Universidad Pontificia Bolivariana in Bucaramanga (Colombia), and received her Master's of Arts in Journalism from the University of Texas at Austin in 2015. She worked with the Office of the Special Rapporteur for Freedom of Expression of the Inter-American Commission on Human Rights (IACHR) under the Orlando Sierra fellowship during 2014. She also worked for the Colombian newspaper Vanguardia Liberal and wrote for different magazines about local, economic and public order issues. Her work has also appeared in The Miami Herald and El Nuevo Herald of Miami. Email: silvia.knightcenter@gmail.com Silvia A. Higuera Fl\u00f3rez es una periodista colombiana con inter\u00e9s period\u00edstico es Am\u00e9rica Latina y los derechos humanos, particularmente el derecho a la libertad de expresi\u00f3n, as\u00ed como el periodismo de investigaci\u00f3n. Estudi\u00f3 Comunicaci\u00f3n Social \u2013 Periodismo en la Universidad Pontificia Bolivariana de Bucaramanga (Colombia), y recibi\u00f3 su maestr\u00eda en Periodismo en la Universidad de Texas, en Austin en 2015. Trabaj\u00f3 para la Relator\u00eda Especial para la Libertad de Expresi\u00f3n de la Comisi\u00f3n Interamericana de Derechos Humanos (CIDH) en el marco de la beca Orlando Sierra, durante 2014. Tambi\u00e9n hizo parte del diario Vanguardia Liberal y escribi\u00f3 para otras revistas colombianas cubriendo fuentes locales, econ\u00f3micas y judiciales. Algunos de sus trabajos han aparecido en The Miami Herald y El Nuevo Herald de Miami. Silvia A. Higuera Fl\u00f3rez \u00e9 uma jornalista colombiana e seu interesse jornal\u00edstico \u00e9 a Am\u00e9rica Latina e os direitos humanos, nomeadamente o direito \u00e0 liberdade de express\u00e3o. Estudou Comunica\u00e7\u00e3o Social \u2013 Jornalismo na Universidade Pontif\u00edcia Bolivariana de Bucaramanga, na Col\u00f4mbia e completou seu mestrado em jornalismo na Universidade do Texas em Austin. Silvia trabalhou na Relatoria para a Liberdade de Express\u00e3o da CIDH pela bolsa Orlando Sierra, em 2014. Trabalhou para o jornal Vanguardia Liberal e escreveu para outras revistas colombianas cobrindo temas locais, econ\u00f4micas e judici\u00e1rias. Alguns de seus trabalhos apareceram no The Miami Herald e no El Nuevo Herald de Miami.","sameAs":["https:\/\/x.com\/shiguerita"],"url":"https:\/\/latamjournalismreview.org\/es\/articles\/author\/silvia-higuera\/"}]}},"_links":{"self":[{"href":"https:\/\/latamjournalismreview.org\/es\/wp-json\/wp\/v2\/posts\/45237","targetHints":{"allow":["GET"]}}],"collection":[{"href":"https:\/\/latamjournalismreview.org\/es\/wp-json\/wp\/v2\/posts"}],"about":[{"href":"https:\/\/latamjournalismreview.org\/es\/wp-json\/wp\/v2\/types\/post"}],"author":[{"embeddable":true,"href":"https:\/\/latamjournalismreview.org\/es\/wp-json\/wp\/v2\/users\/13"}],"replies":[{"embeddable":true,"href":"https:\/\/latamjournalismreview.org\/es\/wp-json\/wp\/v2\/comments?post=45237"}],"version-history":[{"count":1,"href":"https:\/\/latamjournalismreview.org\/es\/wp-json\/wp\/v2\/posts\/45237\/revisions"}],"predecessor-version":[{"id":45239,"href":"https:\/\/latamjournalismreview.org\/es\/wp-json\/wp\/v2\/posts\/45237\/revisions\/45239"}],"wp:attachment":[{"href":"https:\/\/latamjournalismreview.org\/es\/wp-json\/wp\/v2\/media?parent=45237"}],"wp:term":[{"taxonomy":"category","embeddable":true,"href":"https:\/\/latamjournalismreview.org\/es\/wp-json\/wp\/v2\/categories?post=45237"},{"taxonomy":"post_tag","embeddable":true,"href":"https:\/\/latamjournalismreview.org\/es\/wp-json\/wp\/v2\/tags?post=45237"},{"taxonomy":"author","embeddable":true,"href":"https:\/\/latamjournalismreview.org\/es\/wp-json\/wp\/v2\/coauthors?post=45237"}],"curies":[{"name":"wp","href":"https:\/\/api.w.org\/{rel}","templated":true}]}}