{"id":45414,"date":"2017-05-19T10:05:50","date_gmt":"2017-05-19T15:05:50","guid":{"rendered":"https:\/\/latamjournalismreview.org\/?p=45414"},"modified":"2021-12-14T10:06:51","modified_gmt":"2021-12-14T15:06:51","slug":"secuestran-en-michoacan-a-periodista-mexicano-dueno-de-canal-de-tv-que-habia-recibido-amenazas","status":"publish","type":"post","link":"https:\/\/latamjournalismreview.org\/es\/articles\/secuestran-en-michoacan-a-periodista-mexicano-dueno-de-canal-de-tv-que-habia-recibido-amenazas\/","title":{"rendered":"Secuestran en Michoac\u00e1n a periodista mexicano due\u00f1o de canal de TV que hab\u00eda recibido amenazas"},"content":{"rendered":"<p>Salvador Adame Pardo, periodista y due\u00f1o del canal 4TV, fue secuestrado el 18 de mayo por la tarde en el estado de Michoac\u00e1n, M\u00e9xico.<\/p>\n<p>Sus familiares declararon al diario La Jornada que el due\u00f1o de la televisora\u00a0<a href=\"http:\/\/lasillarota.com\/estados\/secuestran-a-propietario-de-canal-de-tv-en-michoacan\/151492\">fue raptado en la municipalidad de Nueva Italia, por sujetos que iban en una camioneta negra<\/a>.<\/p>\n<p>Enrique Karrum V\u00e1zquez, presidente de la Asociaci\u00f3n Michoacana de Televisoras por Cable (Amtelca), dijo que los\u00a0<a href=\"http:\/\/www.urbistv.com.mx\/politica\/confirma-amtelca-la-desaparicion-del-periodista-salvador-adame-pardo.html\">captores estaban encapuchados y manejaban un veh\u00edculo con placas del estado de M\u00e9xico<\/a>, seg\u00fan UrbisTV.<\/p>\n<p>La familia tambi\u00e9n dijo que Adame Pardo hab\u00eda estado recibiendo desde hace tiempo amenazas an\u00f3nimas a causa de su trabajo, de acuerdo con el peri\u00f3dico.<\/p>\n<p>La Silla Rota report\u00f3 que el periodista\u00a0<a href=\"http:\/\/lasillarota.com\/estados\/secuestran-a-propietario-de-canal-de-tv-en-michoacan\/151492\">es un cr\u00edtico de la gesti\u00f3n del alcalde del ayuntamiento de M\u00fagica<\/a>. El sitio a\u00f1adi\u00f3 que Adame Pardo fue sujeto de acoso policial hace un a\u00f1o, y que mantuvo una postura cr\u00edtica respecto a la actividad criminal en la zona.<\/p>\n<p>Seg\u00fan Sin Embargo, en abril de 2016 el periodista denunci\u00f3 en redes sociales que durante el desalojo de la toma de la Alcald\u00eda de M\u00fagica,\u00a0<a href=\"http:\/\/www.sinembargo.mx\/19-05-2017\/3220255\">los agentes de la Secretar\u00eda de Seguridad P\u00fablica estatal lo agredieron a \u00e9l, a su esposa y a otras personas all\u00ed detenidas<\/a>.<\/p>\n<p>La familia del periodista\u00a0<a href=\"http:\/\/www.jornada.unam.mx\/ultimas\/2017\/05\/18\/secuestran-a-propietario-de-canal-4tv-en-michoacan\">denunci\u00f3 el secuestro ante el Ministerio P\u00fablico<\/a>. No obstante, seg\u00fan Sin Embargo, los familiares dijeron que la\u00a0<a href=\"http:\/\/www.sinembargo.mx\/19-05-2017\/3220255\">Fiscal\u00eda Antisecuestros de Michoac\u00e1n les ha pedido esperar hasta 62 horas<\/a>\u00a0para poner la denuncia.<\/p>\n<p>La Silla Rota public\u00f3 que el Procuradur\u00eda General de Justicia de Michoac\u00e1n no ha hecho declaraciones sobre el secuestro. Sin embargo, dijo que la\u00a0<a href=\"http:\/\/lasillarota.com\/estados\/secuestran-a-propietario-de-canal-de-tv-en-michoacan\/151492\">Comisi\u00f3n Estatal de Derechos Humanos ya tiene una carpeta de investigaci\u00f3n sobre los antecedentes del periodista<\/a>.<\/p>\n<p>Esta ha sido una semana violenta para la prensa en M\u00e9xico. J<a href=\"https:\/\/knightcenter.utexas.edu\/es\/blog\/00-18403-galardonado-periodista-y-escritor-mexicano-que-cubria-el-narcotrafico-fue-asesinado-en\">avier Vald\u00e9z, un notable periodista y autor que cubr\u00eda temas de narcotr\u00e1fico, fue asesinado a tiros en Chihuahua el 15 de mayo<\/a>, lo que\u00a0<a href=\"https:\/\/knightcenter.utexas.edu\/es\/blog\/00-18409-asesinato-de-reportero-mexicano-desata-amplia-protesta-contra-la-violencia-hacia-perio\">desat\u00f3 una ola de protestas en contra de las agresiones a periodistas<\/a>.<\/p>\n<p>Dos d\u00edas despu\u00e9s, el presidente Enrique Pe\u00f1a Nieto sostuvo una reuni\u00f3n con los gobernadores y oficiales del gobierno federal,\u00a0<a href=\"http:\/\/www.plenglish.com\/index.php?o=rn&amp;id=13033&amp;SEO=pena-nieto-announces-measures-to-protect-journalists-and-activists\">en la cual anunci\u00f3 medidas para proteger a periodistas.<\/a>\u00a0Estas medidas, seg\u00fan el sitio Animal Pol\u00edtico, incluyen el\u00a0<a href=\"http:\/\/www.animalpolitico.com\/2017\/05\/ausencia-periodistas-reunion-pena\/\">fortalecimiento de estructuras y presupuestos para el Mecanismo de Protecci\u00f3n a Periodistas y Defensores de los Derechos Humanos, un esquema nacional de coordinaci\u00f3n con los estados, y el fortalecimiento de la Fiscal\u00eda Especial<\/a>. Animal Politico tambi\u00e9n public\u00f3 que en dicha reuni\u00f3n no se convoc\u00f3 la participaci\u00f3n de ning\u00fan periodista.<\/p>\n<p>Sin Embargo report\u00f3 que Silvano Aureoles,\u00a0<a href=\"http:\/\/www.sinembargo.mx\/19-05-2017\/3220255\">gobernador de Michoac\u00e1n, no asisti\u00f3 a la reuni\u00f3n federal<\/a>\u00a0del gobierno que tuvo lugar el 17 de mayo.<\/p>\n<p><em>Nota del editor: Esta historia fue publicada originalmente en el blog Periodismo en las Am\u00e9ricas del Centro Knight, el predecesor de LatAm Journalism Review.<\/em><\/p>\n","protected":false},"excerpt":{"rendered":"<p>Salvador Adame Pardo, periodista y due\u00f1o del canal 4TV, fue secuestrado el 18 de mayo por la tarde en el estado de Michoac\u00e1n, M\u00e9xico.<\/p>\n","protected":false},"author":3,"featured_media":0,"comment_status":"closed","ping_status":"closed","sticky":false,"template":"","format":"standard","meta":{"inline_featured_image":false,"footnotes":""},"categories":[1222],"tags":[1522,1393,1431],"coauthors":[],"class_list":["post-45414","post","type-post","status-publish","format-standard","hentry","category-violencia-contra-periodistas-es","tag-amenazas-contra-periodistas-es","tag-mexico-es","tag-radio-y-tv-es"],"acf":[],"yoast_head":"<!-- This site is optimized with the Yoast SEO Premium plugin v22.6 (Yoast SEO v27.4) - https:\/\/yoast.com\/product\/yoast-seo-premium-wordpress\/ -->\n<title>Secuestran en Michoac\u00e1n a periodista mexicano due\u00f1o de canal de TV que hab\u00eda recibido amenazas - LatAm Journalism Review<\/title>\n<meta name=\"description\" content=\"Secuestran en Michoac\u00e1n a periodista mexicano due\u00f1o de canal de TV que hab\u00eda recibido amenazas Violencia contra periodistas. Latin American Journalism Review by The Knight Center at The University of Texas at Austin.\" \/>\n<meta name=\"robots\" content=\"index, follow, max-snippet:-1, max-image-preview:large, max-video-preview:-1\" \/>\n<link rel=\"canonical\" href=\"https:\/\/latamjournalismreview.org\/es\/articles\/secuestran-en-michoacan-a-periodista-mexicano-dueno-de-canal-de-tv-que-habia-recibido-amenazas\/\" \/>\n<meta property=\"og:locale\" content=\"es_ES\" \/>\n<meta property=\"og:type\" content=\"article\" \/>\n<meta property=\"og:title\" content=\"Secuestran en Michoac\u00e1n a periodista mexicano due\u00f1o de canal de TV que hab\u00eda recibido amenazas\" \/>\n<meta property=\"og:description\" content=\"Secuestran en Michoac\u00e1n a periodista mexicano due\u00f1o de canal de TV que hab\u00eda recibido amenazas Violencia contra periodistas. Latin American Journalism Review by The Knight Center at The University of Texas at Austin.\" \/>\n<meta property=\"og:url\" content=\"https:\/\/latamjournalismreview.org\/es\/articles\/secuestran-en-michoacan-a-periodista-mexicano-dueno-de-canal-de-tv-que-habia-recibido-amenazas\/\" \/>\n<meta property=\"og:site_name\" content=\"LatAm Journalism Review\" \/>\n<meta property=\"article:published_time\" content=\"2017-05-19T15:05:50+00:00\" \/>\n<meta property=\"article:modified_time\" content=\"2021-12-14T15:06:51+00:00\" \/>\n<meta name=\"author\" content=\"Teresa Mioli\" \/>\n<meta name=\"twitter:card\" content=\"summary_large_image\" \/>\n<meta name=\"twitter:creator\" content=\"@TeresaMioli\" \/>\n<meta name=\"twitter:site\" content=\"@LatAmJournalism\" \/>\n<meta name=\"twitter:label1\" content=\"Written by\" \/>\n\t<meta name=\"twitter:data1\" content=\"Teresa Mioli\" \/>\n\t<meta name=\"twitter:label2\" content=\"Est. reading time\" \/>\n\t<meta name=\"twitter:data2\" content=\"3 minutos\" \/>\n<script type=\"application\/ld+json\" class=\"yoast-schema-graph\">{\"@context\":\"https:\\\/\\\/schema.org\",\"@graph\":[{\"@type\":\"Article\",\"@id\":\"https:\\\/\\\/latamjournalismreview.org\\\/es\\\/articles\\\/secuestran-en-michoacan-a-periodista-mexicano-dueno-de-canal-de-tv-que-habia-recibido-amenazas\\\/#article\",\"isPartOf\":{\"@id\":\"https:\\\/\\\/latamjournalismreview.org\\\/es\\\/articles\\\/secuestran-en-michoacan-a-periodista-mexicano-dueno-de-canal-de-tv-que-habia-recibido-amenazas\\\/\"},\"author\":{\"name\":\"Teresa Mioli\",\"@id\":\"https:\\\/\\\/latamjournalismreview.org\\\/es\\\/#\\\/schema\\\/person\\\/b83a4912f05c8178389e917d8d51de03\"},\"headline\":\"Secuestran en Michoac\u00e1n a periodista mexicano due\u00f1o de canal de TV que hab\u00eda recibido amenazas\",\"datePublished\":\"2017-05-19T15:05:50+00:00\",\"dateModified\":\"2021-12-14T15:06:51+00:00\",\"mainEntityOfPage\":{\"@id\":\"https:\\\/\\\/latamjournalismreview.org\\\/es\\\/articles\\\/secuestran-en-michoacan-a-periodista-mexicano-dueno-de-canal-de-tv-que-habia-recibido-amenazas\\\/\"},\"wordCount\":525,\"publisher\":{\"@id\":\"https:\\\/\\\/latamjournalismreview.org\\\/es\\\/#organization\"},\"keywords\":[\"Amenazas contra periodistas\",\"M\u00e9xico\",\"Radio y TV\"],\"articleSection\":[\"Violencia contra periodistas\"],\"inLanguage\":\"es\"},{\"@type\":\"WebPage\",\"@id\":\"https:\\\/\\\/latamjournalismreview.org\\\/es\\\/articles\\\/secuestran-en-michoacan-a-periodista-mexicano-dueno-de-canal-de-tv-que-habia-recibido-amenazas\\\/\",\"url\":\"https:\\\/\\\/latamjournalismreview.org\\\/es\\\/articles\\\/secuestran-en-michoacan-a-periodista-mexicano-dueno-de-canal-de-tv-que-habia-recibido-amenazas\\\/\",\"name\":\"Secuestran en Michoac\u00e1n a periodista mexicano due\u00f1o de canal de TV que hab\u00eda recibido amenazas - LatAm Journalism Review\",\"isPartOf\":{\"@id\":\"https:\\\/\\\/latamjournalismreview.org\\\/es\\\/#website\"},\"datePublished\":\"2017-05-19T15:05:50+00:00\",\"dateModified\":\"2021-12-14T15:06:51+00:00\",\"description\":\"Secuestran en Michoac\u00e1n a periodista mexicano due\u00f1o de canal de TV que hab\u00eda recibido amenazas Violencia contra periodistas. Latin American Journalism Review by The Knight Center at The University of Texas at Austin.\",\"breadcrumb\":{\"@id\":\"https:\\\/\\\/latamjournalismreview.org\\\/es\\\/articles\\\/secuestran-en-michoacan-a-periodista-mexicano-dueno-de-canal-de-tv-que-habia-recibido-amenazas\\\/#breadcrumb\"},\"inLanguage\":\"es\",\"potentialAction\":[{\"@type\":\"ReadAction\",\"target\":[\"https:\\\/\\\/latamjournalismreview.org\\\/es\\\/articles\\\/secuestran-en-michoacan-a-periodista-mexicano-dueno-de-canal-de-tv-que-habia-recibido-amenazas\\\/\"]}]},{\"@type\":\"BreadcrumbList\",\"@id\":\"https:\\\/\\\/latamjournalismreview.org\\\/es\\\/articles\\\/secuestran-en-michoacan-a-periodista-mexicano-dueno-de-canal-de-tv-que-habia-recibido-amenazas\\\/#breadcrumb\",\"itemListElement\":[{\"@type\":\"ListItem\",\"position\":1,\"name\":\"Home\",\"item\":\"https:\\\/\\\/latamjournalismreview.org\\\/es\\\/\"},{\"@type\":\"ListItem\",\"position\":2,\"name\":\"Secuestran en Michoac\u00e1n a periodista mexicano due\u00f1o de canal de TV que hab\u00eda recibido amenazas\"}]},{\"@type\":\"WebSite\",\"@id\":\"https:\\\/\\\/latamjournalismreview.org\\\/es\\\/#website\",\"url\":\"https:\\\/\\\/latamjournalismreview.org\\\/es\\\/\",\"name\":\"LatAm Journalism Review\",\"description\":\"Knight Center at The University of Texas\",\"publisher\":{\"@id\":\"https:\\\/\\\/latamjournalismreview.org\\\/es\\\/#organization\"},\"potentialAction\":[{\"@type\":\"SearchAction\",\"target\":{\"@type\":\"EntryPoint\",\"urlTemplate\":\"https:\\\/\\\/latamjournalismreview.org\\\/es\\\/?s={search_term_string}\"},\"query-input\":{\"@type\":\"PropertyValueSpecification\",\"valueRequired\":true,\"valueName\":\"search_term_string\"}}],\"inLanguage\":\"es\"},{\"@type\":\"Organization\",\"@id\":\"https:\\\/\\\/latamjournalismreview.org\\\/es\\\/#organization\",\"name\":\"LatAm Journalism Review\",\"url\":\"https:\\\/\\\/latamjournalismreview.org\\\/es\\\/\",\"logo\":{\"@type\":\"ImageObject\",\"inLanguage\":\"es\",\"@id\":\"https:\\\/\\\/latamjournalismreview.org\\\/es\\\/#\\\/schema\\\/logo\\\/image\\\/\",\"url\":\"https:\\\/\\\/latamjournalismreview.org\\\/wp-content\\\/uploads\\\/2020\\\/05\\\/knight-latAm-review-logo.svg\",\"contentUrl\":\"https:\\\/\\\/latamjournalismreview.org\\\/wp-content\\\/uploads\\\/2020\\\/05\\\/knight-latAm-review-logo.svg\",\"width\":\"1024\",\"height\":\"1024\",\"caption\":\"LatAm Journalism Review\"},\"image\":{\"@id\":\"https:\\\/\\\/latamjournalismreview.org\\\/es\\\/#\\\/schema\\\/logo\\\/image\\\/\"},\"sameAs\":[\"https:\\\/\\\/x.com\\\/LatAmJournalism\"]},{\"@type\":\"Person\",\"@id\":\"https:\\\/\\\/latamjournalismreview.org\\\/es\\\/#\\\/schema\\\/person\\\/b83a4912f05c8178389e917d8d51de03\",\"name\":\"Teresa Mioli\",\"description\":\"Teresa Mioli is the editorial manager for the Knight Center for Journalism in the Americas. She is interested in press freedom, democratization, and investigative journalism in Latin America and is dedicated to increasing awareness about the importance of independent news media to the health of democracies. She produces journalistic work with the aim of helping people to make informed decisions about their lives and societies and wants to make sure other journalists are able to do the same. She has Bachelors' degrees in Journalism and Plan II Honors (Liberal Arts) and a Master's degree in Latin American Studies, all from the University of Texas at Austin. She started her journalistic career at The Beaumont Enterprise in Southeast Texas where she last worked as a breaking news reporter. ______ Teresa Mioli es la directora editorial del Centro Knight para el Periodismo en las Am\u00e9ricas. Es una periodista con inter\u00e9s en la libertad de prensa, la democratizaci\u00f3n y el periodismo investigativo en Am\u00e9rica Latina y est\u00e1 dedicada a crear mayor consciencia sobre la importancia de los medios noticiosos independientes para la salud de las democracias. El objetivo de su trabajo period\u00edstico es ayudar las personas para que tomen decisiones informadas sobre sus vidas y sus sociedades, y busca que otros periodistas tengan la posibilidad de hacer lo mismo. Teresa tiene una licenciatura en Periodismo y Artes liberales (Plan II Honors), y una maestr\u00eda en Estudios Latinoamericanos, todos de la Universidad de Texas en Austin. Empez\u00f3 su carrera en periodismo en The Beaumont Enterprise al sureste de Texas, en donde recientemente trabaj\u00f3 como reportera de noticias de \u00faltima hora. Anteriormente ella fue la editora de LatAm Journalism Review del Centro Knight. ______ Teresa Mioli \u00e9 gerente editorial do Centro Knight para o Jornalismo nas Am\u00e9ricas. Ela se interessa por liberdade de imprensa, democratiza\u00e7\u00e3o e jornalismo investigativo na Am\u00e9rica Latina e se dedica a aumentar a conscientiza\u00e7\u00e3o sobre a import\u00e2ncia da m\u00eddia independente para a sa\u00fade das democracias. Ela produz trabalhos jornal\u00edsticos com o objetivo de ajudar as pessoas a tomarem decis\u00f5es informadas sobre suas vidas e sociedades e deseja garantir que outros jornalistas possam fazer o mesmo. Ela tem bacharelado em jornalismo e artes liberais e um mestrado em Estudos Latino-Americanos, todos pela Universidade do Texas em Austin. Ela come\u00e7ou sua carreira jornal\u00edstica na The Beaumont Enterprise no sudeste do Texas, onde trabalhou pela \u00faltima vez como rep\u00f3rter de not\u00edcias de \u00faltima hora.\",\"sameAs\":[\"https:\\\/\\\/x.com\\\/TeresaMioli\"],\"url\":\"https:\\\/\\\/latamjournalismreview.org\\\/es\\\/articles\\\/author\\\/teresa-mioli\\\/\"}]}<\/script>\n<!-- \/ Yoast SEO Premium plugin. -->","yoast_head_json":{"title":"Secuestran en Michoac\u00e1n a periodista mexicano due\u00f1o de canal de TV que hab\u00eda recibido amenazas - LatAm Journalism Review","description":"Secuestran en Michoac\u00e1n a periodista mexicano due\u00f1o de canal de TV que hab\u00eda recibido amenazas Violencia contra periodistas. Latin American Journalism Review by The Knight Center at The University of Texas at Austin.","robots":{"index":"index","follow":"follow","max-snippet":"max-snippet:-1","max-image-preview":"max-image-preview:large","max-video-preview":"max-video-preview:-1"},"canonical":"https:\/\/latamjournalismreview.org\/es\/articles\/secuestran-en-michoacan-a-periodista-mexicano-dueno-de-canal-de-tv-que-habia-recibido-amenazas\/","og_locale":"es_ES","og_type":"article","og_title":"Secuestran en Michoac\u00e1n a periodista mexicano due\u00f1o de canal de TV que hab\u00eda recibido amenazas","og_description":"Secuestran en Michoac\u00e1n a periodista mexicano due\u00f1o de canal de TV que hab\u00eda recibido amenazas Violencia contra periodistas. Latin American Journalism Review by The Knight Center at The University of Texas at Austin.","og_url":"https:\/\/latamjournalismreview.org\/es\/articles\/secuestran-en-michoacan-a-periodista-mexicano-dueno-de-canal-de-tv-que-habia-recibido-amenazas\/","og_site_name":"LatAm Journalism Review","article_published_time":"2017-05-19T15:05:50+00:00","article_modified_time":"2021-12-14T15:06:51+00:00","author":"Teresa Mioli","twitter_card":"summary_large_image","twitter_creator":"@TeresaMioli","twitter_site":"@LatAmJournalism","twitter_misc":{"Written by":"Teresa Mioli","Est. reading time":"3 minutos"},"schema":{"@context":"https:\/\/schema.org","@graph":[{"@type":"Article","@id":"https:\/\/latamjournalismreview.org\/es\/articles\/secuestran-en-michoacan-a-periodista-mexicano-dueno-de-canal-de-tv-que-habia-recibido-amenazas\/#article","isPartOf":{"@id":"https:\/\/latamjournalismreview.org\/es\/articles\/secuestran-en-michoacan-a-periodista-mexicano-dueno-de-canal-de-tv-que-habia-recibido-amenazas\/"},"author":{"name":"Teresa Mioli","@id":"https:\/\/latamjournalismreview.org\/es\/#\/schema\/person\/b83a4912f05c8178389e917d8d51de03"},"headline":"Secuestran en Michoac\u00e1n a periodista mexicano due\u00f1o de canal de TV que hab\u00eda recibido amenazas","datePublished":"2017-05-19T15:05:50+00:00","dateModified":"2021-12-14T15:06:51+00:00","mainEntityOfPage":{"@id":"https:\/\/latamjournalismreview.org\/es\/articles\/secuestran-en-michoacan-a-periodista-mexicano-dueno-de-canal-de-tv-que-habia-recibido-amenazas\/"},"wordCount":525,"publisher":{"@id":"https:\/\/latamjournalismreview.org\/es\/#organization"},"keywords":["Amenazas contra periodistas","M\u00e9xico","Radio y TV"],"articleSection":["Violencia contra periodistas"],"inLanguage":"es"},{"@type":"WebPage","@id":"https:\/\/latamjournalismreview.org\/es\/articles\/secuestran-en-michoacan-a-periodista-mexicano-dueno-de-canal-de-tv-que-habia-recibido-amenazas\/","url":"https:\/\/latamjournalismreview.org\/es\/articles\/secuestran-en-michoacan-a-periodista-mexicano-dueno-de-canal-de-tv-que-habia-recibido-amenazas\/","name":"Secuestran en Michoac\u00e1n a periodista mexicano due\u00f1o de canal de TV que hab\u00eda recibido amenazas - LatAm Journalism Review","isPartOf":{"@id":"https:\/\/latamjournalismreview.org\/es\/#website"},"datePublished":"2017-05-19T15:05:50+00:00","dateModified":"2021-12-14T15:06:51+00:00","description":"Secuestran en Michoac\u00e1n a periodista mexicano due\u00f1o de canal de TV que hab\u00eda recibido amenazas Violencia contra periodistas. Latin American Journalism Review by The Knight Center at The University of Texas at Austin.","breadcrumb":{"@id":"https:\/\/latamjournalismreview.org\/es\/articles\/secuestran-en-michoacan-a-periodista-mexicano-dueno-de-canal-de-tv-que-habia-recibido-amenazas\/#breadcrumb"},"inLanguage":"es","potentialAction":[{"@type":"ReadAction","target":["https:\/\/latamjournalismreview.org\/es\/articles\/secuestran-en-michoacan-a-periodista-mexicano-dueno-de-canal-de-tv-que-habia-recibido-amenazas\/"]}]},{"@type":"BreadcrumbList","@id":"https:\/\/latamjournalismreview.org\/es\/articles\/secuestran-en-michoacan-a-periodista-mexicano-dueno-de-canal-de-tv-que-habia-recibido-amenazas\/#breadcrumb","itemListElement":[{"@type":"ListItem","position":1,"name":"Home","item":"https:\/\/latamjournalismreview.org\/es\/"},{"@type":"ListItem","position":2,"name":"Secuestran en Michoac\u00e1n a periodista mexicano due\u00f1o de canal de TV que hab\u00eda recibido amenazas"}]},{"@type":"WebSite","@id":"https:\/\/latamjournalismreview.org\/es\/#website","url":"https:\/\/latamjournalismreview.org\/es\/","name":"LatAm Journalism Review","description":"Knight Center at The University of Texas","publisher":{"@id":"https:\/\/latamjournalismreview.org\/es\/#organization"},"potentialAction":[{"@type":"SearchAction","target":{"@type":"EntryPoint","urlTemplate":"https:\/\/latamjournalismreview.org\/es\/?s={search_term_string}"},"query-input":{"@type":"PropertyValueSpecification","valueRequired":true,"valueName":"search_term_string"}}],"inLanguage":"es"},{"@type":"Organization","@id":"https:\/\/latamjournalismreview.org\/es\/#organization","name":"LatAm Journalism Review","url":"https:\/\/latamjournalismreview.org\/es\/","logo":{"@type":"ImageObject","inLanguage":"es","@id":"https:\/\/latamjournalismreview.org\/es\/#\/schema\/logo\/image\/","url":"https:\/\/latamjournalismreview.org\/wp-content\/uploads\/2020\/05\/knight-latAm-review-logo.svg","contentUrl":"https:\/\/latamjournalismreview.org\/wp-content\/uploads\/2020\/05\/knight-latAm-review-logo.svg","width":"1024","height":"1024","caption":"LatAm Journalism Review"},"image":{"@id":"https:\/\/latamjournalismreview.org\/es\/#\/schema\/logo\/image\/"},"sameAs":["https:\/\/x.com\/LatAmJournalism"]},{"@type":"Person","@id":"https:\/\/latamjournalismreview.org\/es\/#\/schema\/person\/b83a4912f05c8178389e917d8d51de03","name":"Teresa Mioli","description":"Teresa Mioli is the editorial manager for the Knight Center for Journalism in the Americas. She is interested in press freedom, democratization, and investigative journalism in Latin America and is dedicated to increasing awareness about the importance of independent news media to the health of democracies. She produces journalistic work with the aim of helping people to make informed decisions about their lives and societies and wants to make sure other journalists are able to do the same. She has Bachelors' degrees in Journalism and Plan II Honors (Liberal Arts) and a Master's degree in Latin American Studies, all from the University of Texas at Austin. She started her journalistic career at The Beaumont Enterprise in Southeast Texas where she last worked as a breaking news reporter. ______ Teresa Mioli es la directora editorial del Centro Knight para el Periodismo en las Am\u00e9ricas. Es una periodista con inter\u00e9s en la libertad de prensa, la democratizaci\u00f3n y el periodismo investigativo en Am\u00e9rica Latina y est\u00e1 dedicada a crear mayor consciencia sobre la importancia de los medios noticiosos independientes para la salud de las democracias. El objetivo de su trabajo period\u00edstico es ayudar las personas para que tomen decisiones informadas sobre sus vidas y sus sociedades, y busca que otros periodistas tengan la posibilidad de hacer lo mismo. Teresa tiene una licenciatura en Periodismo y Artes liberales (Plan II Honors), y una maestr\u00eda en Estudios Latinoamericanos, todos de la Universidad de Texas en Austin. Empez\u00f3 su carrera en periodismo en The Beaumont Enterprise al sureste de Texas, en donde recientemente trabaj\u00f3 como reportera de noticias de \u00faltima hora. Anteriormente ella fue la editora de LatAm Journalism Review del Centro Knight. ______ Teresa Mioli \u00e9 gerente editorial do Centro Knight para o Jornalismo nas Am\u00e9ricas. Ela se interessa por liberdade de imprensa, democratiza\u00e7\u00e3o e jornalismo investigativo na Am\u00e9rica Latina e se dedica a aumentar a conscientiza\u00e7\u00e3o sobre a import\u00e2ncia da m\u00eddia independente para a sa\u00fade das democracias. Ela produz trabalhos jornal\u00edsticos com o objetivo de ajudar as pessoas a tomarem decis\u00f5es informadas sobre suas vidas e sociedades e deseja garantir que outros jornalistas possam fazer o mesmo. Ela tem bacharelado em jornalismo e artes liberais e um mestrado em Estudos Latino-Americanos, todos pela Universidade do Texas em Austin. Ela come\u00e7ou sua carreira jornal\u00edstica na The Beaumont Enterprise no sudeste do Texas, onde trabalhou pela \u00faltima vez como rep\u00f3rter de not\u00edcias de \u00faltima hora.","sameAs":["https:\/\/x.com\/TeresaMioli"],"url":"https:\/\/latamjournalismreview.org\/es\/articles\/author\/teresa-mioli\/"}]}},"_links":{"self":[{"href":"https:\/\/latamjournalismreview.org\/es\/wp-json\/wp\/v2\/posts\/45414","targetHints":{"allow":["GET"]}}],"collection":[{"href":"https:\/\/latamjournalismreview.org\/es\/wp-json\/wp\/v2\/posts"}],"about":[{"href":"https:\/\/latamjournalismreview.org\/es\/wp-json\/wp\/v2\/types\/post"}],"author":[{"embeddable":true,"href":"https:\/\/latamjournalismreview.org\/es\/wp-json\/wp\/v2\/users\/3"}],"replies":[{"embeddable":true,"href":"https:\/\/latamjournalismreview.org\/es\/wp-json\/wp\/v2\/comments?post=45414"}],"version-history":[{"count":1,"href":"https:\/\/latamjournalismreview.org\/es\/wp-json\/wp\/v2\/posts\/45414\/revisions"}],"predecessor-version":[{"id":45416,"href":"https:\/\/latamjournalismreview.org\/es\/wp-json\/wp\/v2\/posts\/45414\/revisions\/45416"}],"wp:attachment":[{"href":"https:\/\/latamjournalismreview.org\/es\/wp-json\/wp\/v2\/media?parent=45414"}],"wp:term":[{"taxonomy":"category","embeddable":true,"href":"https:\/\/latamjournalismreview.org\/es\/wp-json\/wp\/v2\/categories?post=45414"},{"taxonomy":"post_tag","embeddable":true,"href":"https:\/\/latamjournalismreview.org\/es\/wp-json\/wp\/v2\/tags?post=45414"},{"taxonomy":"author","embeddable":true,"href":"https:\/\/latamjournalismreview.org\/es\/wp-json\/wp\/v2\/coauthors?post=45414"}],"curies":[{"name":"wp","href":"https:\/\/api.w.org\/{rel}","templated":true}]}}