{"id":46269,"date":"2017-07-28T12:30:48","date_gmt":"2017-07-28T17:30:48","guid":{"rendered":"https:\/\/latamjournalismreview.org\/?p=46269"},"modified":"2022-01-05T12:32:17","modified_gmt":"2022-01-05T17:32:17","slug":"ni-periodista-mexicana-carmen-aristegui-ni-mvs-deben-pagar-indemnizaciones-en-el-caso-de-su-despido-dicta-juez","status":"publish","type":"post","link":"https:\/\/latamjournalismreview.org\/es\/articles\/ni-periodista-mexicana-carmen-aristegui-ni-mvs-deben-pagar-indemnizaciones-en-el-caso-de-su-despido-dicta-juez\/","title":{"rendered":"Ni periodista mexicana Carmen Aristegui ni MVS deben pagar indemnizaciones en el caso de su despido, dicta juez"},"content":{"rendered":"<p>Un juez federal de M\u00e9xico\u00a0<a href=\"https:\/\/www.youtube.com\/watch?v=43z6K5KYpng&amp;feature=youtu.be&amp;t=1h17m10s\" target=\"_blank\" rel=\"noopener\">dijo que la cancelaci\u00f3n del programa de la periodista Carmen Aristegui por parte de MVS Radio<\/a>, el cual ella present\u00f3 en una de sus estaciones por m\u00e1s de seis a\u00f1os, era \u201cilegal\u201d, de acuerdo con los abogados de la periodista.<\/p>\n<p>El despacho de abogados de la periodista dio a conocer que, en la sentencia emitida el 14 de julio, el juez Guillermo Campos Osorio dict\u00f3 que la empresa actu\u00f3 de manera indebida al suspender el programa \u201cNoticias MVS Primera Emisi\u00f3n\u201d.<\/p>\n<p>Sobre la sentencia, MVS Radio emiti\u00f3 hoy un comunicado en el que no se refiere a la cancelaci\u00f3n del programa de noticias,\u00a0<a href=\"http:\/\/www.noticiasmvs.com\/#!\/noticias\/juez-federal-declara-legal-la-terminacion-del-contrato-de-carmen-aristegui-con-mvs-928\" target=\"_blank\" rel=\"noopener\">pero indica que el juez declar\u00f3 \u201clegalmente terminado el contrato con la periodista para la conducci\u00f3n del programa radiof\u00f3nico\u201d<\/a>. Y agreg\u00f3 que la sentencia no impone el pago de ninguna indemnizaci\u00f3n para Aristegui.<\/p>\n<p>La radiodifusora mencion\u00f3 que la sentencia puede ser apelada, pero no indic\u00f3 si planeaba hacerlo.<\/p>\n<p>\u201cEs probable que lo haga\u201d, dijo Aristegui durante la emisi\u00f3n del 28 de julio de su nuevo programa. \u201cHan mantenido juicios que ellos mismos saben que son absolutamente absurdos, pero que forman parte de una din\u00e1mica que tiene como prop\u00f3sito principal sacar del aire -como lo hicieron- a un grupo de periodistas y mantenerlos en todo este andamiaje judicial\u201d.<\/p>\n<p>Aristegui fue\u00a0<a href=\"https:\/\/knightcenter.utexas.edu\/es\/blog\/00-15969-despido-de-carmen-aristegui-aumenta-polemica-en-mexico\" target=\"_blank\" rel=\"noopener\">despedida de MVS Radio el 15 de marzo<\/a>, tras demandar la reincorporaci\u00f3n de sus colegas Irving Huerta y Daniel Liz\u00e1rraga,\u00a0<a href=\"https:\/\/knightcenter.utexas.edu\/es\/blog\/00-15963-rechazo-en-mexico-por-despido-de-dos-periodistas-en-medio-de-alegaciones-de-intentos-d\" target=\"_blank\" rel=\"noopener\">quienes fueron despedidos de MVS acusados de abuso de confianza por mostrar apoyo a la plataforma M\u00e9xicoleaks sin autorizaci\u00f3n<\/a>, seg\u00fan dijeron los directivos de la cadena en su momento.<\/p>\n<p>Sin embargo, muchas voces relacionaron los despidos al reportaje de investigaci\u00f3n conocido como\u00a0<a href=\"http:\/\/aristeguinoticias.com\/0911\/mexico\/la-casa-blanca-de-enrique-pena-nieto\/\" target=\"_blank\" rel=\"noopener\">\u201cLa Casa Blanca de Pe\u00f1a Nieto\u201d<\/a>, realizado por los periodistas, el cual revel\u00f3 un supuesto conflicto de inter\u00e9s entre el Presidente Enrique Pe\u00f1a Nieto y un contratista del Gobierno.<\/p>\n<p>La sentencia del juez Campos Osorio indica que MVS Radio us\u00f3 como pretexto el anuncio al aire de M\u00e9xicoleaks para dar por terminado el programa de noticias matutino, de acuerdo con los abogados de Aristegui.<\/p>\n<p>Dijeron que el juez determin\u00f3 que ni Aristegui ni sus colaboradores actuaron de manera ilegal alguna, por lo que la periodista no tendr\u00e1 que pagar ninguna penalizaci\u00f3n a la cadena de radio.<\/p>\n<p>El 16 de enero de este a\u00f1o, Aristegui\u00a0<a href=\"https:\/\/knightcenter.utexas.edu\/es\/blog\/00-17918-expulsado-de-la-radio-mexicana-por-%E2%80%9Cgolpe-de-censura%E2%80%9D-programa-de-carmen-aristegui-reg\" target=\"_blank\" rel=\"noopener\">lanz\u00f3 \u201cAristegui En Vivo\u201d, una nueva versi\u00f3n de su anterior programa de radio, a trav\u00e9s de internet<\/a>.<\/p>\n<p>En 2015,\u00a0Aristegui\u00a0present\u00f3 una denuncia contra el Gobierno mexicano por \u201cobstrucci\u00f3n de justicia\u201d en su caso con\u00a0MVS\u00a0Radio, ante la Comisi\u00f3n\u00a0Interamericana\u00a0de Derechos Humanos (CIDH). Esto, luego que su tr\u00e1mite de demanda para negociar con la cadena de radio fue desechada en el sistema de justicia mexicano.<\/p>\n<p>\u201cEs nuestra intenci\u00f3n y nuestro inter\u00e9s que la CIDH tome nuestro caso como un caso que puede ser referencial, no por nosotros como personas, sino por la naturaleza del asunto, para revisar por qu\u00e9 un estado como el mexicano no permiti\u00f3 que una periodista pudiera tener un juicio de amparo como el que promovimos\u201d, dijo Aristegui. \u201c<a href=\"https:\/\/youtu.be\/43z6K5KYpng?t=1h17m10s\" target=\"_blank\" rel=\"noopener\">En nuestra l\u00f3gica nosotros tenemos derecho a un juicio para reclamar nuestros derechos cuando se atropella la libertad de expresi\u00f3n<\/a>. Ten\u00edamos y tenemos derecho a pelear por nuestras libertades fundamentales en el marco de la justicia mexicana\u201d.<\/p>\n<p><em>En el momento en que este post fue publicado, Campos Osorio no estaba disponible para comentarios o para proporcionar una copia de su fallo.<\/em><\/p>\n<p><em>Nota del editor: Esta historia fue publicada originalmente en el blog Periodismo en las Am\u00e9ricas del Centro Knight, el predecesor de LatAm Journalism Review.<\/em><\/p>\n","protected":false},"excerpt":{"rendered":"<p>Un juez federal de M\u00e9xico\u00a0dijo que la cancelaci\u00f3n del programa de la periodista Carmen Aristegui por parte de MVS Radio, el cual ella present\u00f3 en una de sus estaciones por m\u00e1s de seis a\u00f1os, era \u201cilegal\u201d, de acuerdo con los abogados de la periodista.<\/p>\n","protected":false},"author":19,"featured_media":0,"comment_status":"closed","ping_status":"closed","sticky":false,"template":"","format":"standard","meta":{"inline_featured_image":false,"footnotes":""},"categories":[1220],"tags":[1482,1393],"coauthors":[],"class_list":["post-46269","post","type-post","status-publish","format-standard","hentry","category-libertad-de-prensa-es","tag-despidos-es","tag-mexico-es"],"acf":[],"yoast_head":"<!-- This site is optimized with the Yoast SEO Premium plugin v22.6 (Yoast SEO v27.4) - https:\/\/yoast.com\/product\/yoast-seo-premium-wordpress\/ -->\n<title>Ni periodista mexicana Carmen Aristegui ni MVS deben pagar indemnizaciones en el caso de su despido, dicta juez - LatAm Journalism Review<\/title>\n<meta name=\"description\" content=\"Ni periodista mexicana Carmen Aristegui ni MVS deben pagar indemnizaciones en el caso de su despido, dicta juez Libertad de prensa. Latin American Journalism Review by The Knight Center at The University of Texas at Austin.\" \/>\n<meta name=\"robots\" content=\"index, follow, max-snippet:-1, max-image-preview:large, max-video-preview:-1\" \/>\n<link rel=\"canonical\" href=\"https:\/\/latamjournalismreview.org\/es\/articles\/ni-periodista-mexicana-carmen-aristegui-ni-mvs-deben-pagar-indemnizaciones-en-el-caso-de-su-despido-dicta-juez\/\" \/>\n<meta property=\"og:locale\" content=\"es_ES\" \/>\n<meta property=\"og:type\" content=\"article\" \/>\n<meta property=\"og:title\" content=\"Ni periodista mexicana Carmen Aristegui ni MVS deben pagar indemnizaciones en el caso de su despido, dicta juez\" \/>\n<meta property=\"og:description\" content=\"Ni periodista mexicana Carmen Aristegui ni MVS deben pagar indemnizaciones en el caso de su despido, dicta juez Libertad de prensa. Latin American Journalism Review by The Knight Center at The University of Texas at Austin.\" \/>\n<meta property=\"og:url\" content=\"https:\/\/latamjournalismreview.org\/es\/articles\/ni-periodista-mexicana-carmen-aristegui-ni-mvs-deben-pagar-indemnizaciones-en-el-caso-de-su-despido-dicta-juez\/\" \/>\n<meta property=\"og:site_name\" content=\"LatAm Journalism Review\" \/>\n<meta property=\"article:published_time\" content=\"2017-07-28T17:30:48+00:00\" \/>\n<meta property=\"article:modified_time\" content=\"2022-01-05T17:32:17+00:00\" \/>\n<meta name=\"author\" content=\"C\u00e9sar L\u00f3pez Linares\" \/>\n<meta name=\"twitter:card\" content=\"summary_large_image\" \/>\n<meta name=\"twitter:creator\" content=\"@cesarisch\" \/>\n<meta name=\"twitter:site\" content=\"@LatAmJournalism\" \/>\n<meta name=\"twitter:label1\" content=\"Written by\" \/>\n\t<meta name=\"twitter:data1\" content=\"C\u00e9sar L\u00f3pez Linares\" \/>\n\t<meta name=\"twitter:label2\" content=\"Est. reading time\" \/>\n\t<meta name=\"twitter:data2\" content=\"3 minutos\" \/>\n<script type=\"application\/ld+json\" class=\"yoast-schema-graph\">{\"@context\":\"https:\\\/\\\/schema.org\",\"@graph\":[{\"@type\":\"Article\",\"@id\":\"https:\\\/\\\/latamjournalismreview.org\\\/es\\\/articles\\\/ni-periodista-mexicana-carmen-aristegui-ni-mvs-deben-pagar-indemnizaciones-en-el-caso-de-su-despido-dicta-juez\\\/#article\",\"isPartOf\":{\"@id\":\"https:\\\/\\\/latamjournalismreview.org\\\/es\\\/articles\\\/ni-periodista-mexicana-carmen-aristegui-ni-mvs-deben-pagar-indemnizaciones-en-el-caso-de-su-despido-dicta-juez\\\/\"},\"author\":{\"name\":\"C\u00e9sar L\u00f3pez Linares\",\"@id\":\"https:\\\/\\\/latamjournalismreview.org\\\/es\\\/#\\\/schema\\\/person\\\/dcf6dcdd6226ac8d939e2796645d17c6\"},\"headline\":\"Ni periodista mexicana Carmen Aristegui ni MVS deben pagar indemnizaciones en el caso de su despido, dicta juez\",\"datePublished\":\"2017-07-28T17:30:48+00:00\",\"dateModified\":\"2022-01-05T17:32:17+00:00\",\"mainEntityOfPage\":{\"@id\":\"https:\\\/\\\/latamjournalismreview.org\\\/es\\\/articles\\\/ni-periodista-mexicana-carmen-aristegui-ni-mvs-deben-pagar-indemnizaciones-en-el-caso-de-su-despido-dicta-juez\\\/\"},\"wordCount\":638,\"publisher\":{\"@id\":\"https:\\\/\\\/latamjournalismreview.org\\\/es\\\/#organization\"},\"keywords\":[\"Despidos\",\"M\u00e9xico\"],\"articleSection\":[\"Libertad de prensa\"],\"inLanguage\":\"es\"},{\"@type\":\"WebPage\",\"@id\":\"https:\\\/\\\/latamjournalismreview.org\\\/es\\\/articles\\\/ni-periodista-mexicana-carmen-aristegui-ni-mvs-deben-pagar-indemnizaciones-en-el-caso-de-su-despido-dicta-juez\\\/\",\"url\":\"https:\\\/\\\/latamjournalismreview.org\\\/es\\\/articles\\\/ni-periodista-mexicana-carmen-aristegui-ni-mvs-deben-pagar-indemnizaciones-en-el-caso-de-su-despido-dicta-juez\\\/\",\"name\":\"Ni periodista mexicana Carmen Aristegui ni MVS deben pagar indemnizaciones en el caso de su despido, dicta juez - LatAm Journalism Review\",\"isPartOf\":{\"@id\":\"https:\\\/\\\/latamjournalismreview.org\\\/es\\\/#website\"},\"datePublished\":\"2017-07-28T17:30:48+00:00\",\"dateModified\":\"2022-01-05T17:32:17+00:00\",\"description\":\"Ni periodista mexicana Carmen Aristegui ni MVS deben pagar indemnizaciones en el caso de su despido, dicta juez Libertad de prensa. Latin American Journalism Review by The Knight Center at The University of Texas at Austin.\",\"breadcrumb\":{\"@id\":\"https:\\\/\\\/latamjournalismreview.org\\\/es\\\/articles\\\/ni-periodista-mexicana-carmen-aristegui-ni-mvs-deben-pagar-indemnizaciones-en-el-caso-de-su-despido-dicta-juez\\\/#breadcrumb\"},\"inLanguage\":\"es\",\"potentialAction\":[{\"@type\":\"ReadAction\",\"target\":[\"https:\\\/\\\/latamjournalismreview.org\\\/es\\\/articles\\\/ni-periodista-mexicana-carmen-aristegui-ni-mvs-deben-pagar-indemnizaciones-en-el-caso-de-su-despido-dicta-juez\\\/\"]}]},{\"@type\":\"BreadcrumbList\",\"@id\":\"https:\\\/\\\/latamjournalismreview.org\\\/es\\\/articles\\\/ni-periodista-mexicana-carmen-aristegui-ni-mvs-deben-pagar-indemnizaciones-en-el-caso-de-su-despido-dicta-juez\\\/#breadcrumb\",\"itemListElement\":[{\"@type\":\"ListItem\",\"position\":1,\"name\":\"Home\",\"item\":\"https:\\\/\\\/latamjournalismreview.org\\\/es\\\/\"},{\"@type\":\"ListItem\",\"position\":2,\"name\":\"Ni periodista mexicana Carmen Aristegui ni MVS deben pagar indemnizaciones en el caso de su despido, dicta juez\"}]},{\"@type\":\"WebSite\",\"@id\":\"https:\\\/\\\/latamjournalismreview.org\\\/es\\\/#website\",\"url\":\"https:\\\/\\\/latamjournalismreview.org\\\/es\\\/\",\"name\":\"LatAm Journalism Review\",\"description\":\"Knight Center at The University of Texas\",\"publisher\":{\"@id\":\"https:\\\/\\\/latamjournalismreview.org\\\/es\\\/#organization\"},\"potentialAction\":[{\"@type\":\"SearchAction\",\"target\":{\"@type\":\"EntryPoint\",\"urlTemplate\":\"https:\\\/\\\/latamjournalismreview.org\\\/es\\\/?s={search_term_string}\"},\"query-input\":{\"@type\":\"PropertyValueSpecification\",\"valueRequired\":true,\"valueName\":\"search_term_string\"}}],\"inLanguage\":\"es\"},{\"@type\":\"Organization\",\"@id\":\"https:\\\/\\\/latamjournalismreview.org\\\/es\\\/#organization\",\"name\":\"LatAm Journalism Review\",\"url\":\"https:\\\/\\\/latamjournalismreview.org\\\/es\\\/\",\"logo\":{\"@type\":\"ImageObject\",\"inLanguage\":\"es\",\"@id\":\"https:\\\/\\\/latamjournalismreview.org\\\/es\\\/#\\\/schema\\\/logo\\\/image\\\/\",\"url\":\"https:\\\/\\\/latamjournalismreview.org\\\/wp-content\\\/uploads\\\/2020\\\/05\\\/knight-latAm-review-logo.svg\",\"contentUrl\":\"https:\\\/\\\/latamjournalismreview.org\\\/wp-content\\\/uploads\\\/2020\\\/05\\\/knight-latAm-review-logo.svg\",\"width\":\"1024\",\"height\":\"1024\",\"caption\":\"LatAm Journalism Review\"},\"image\":{\"@id\":\"https:\\\/\\\/latamjournalismreview.org\\\/es\\\/#\\\/schema\\\/logo\\\/image\\\/\"},\"sameAs\":[\"https:\\\/\\\/x.com\\\/LatAmJournalism\"]},{\"@type\":\"Person\",\"@id\":\"https:\\\/\\\/latamjournalismreview.org\\\/es\\\/#\\\/schema\\\/person\\\/dcf6dcdd6226ac8d939e2796645d17c6\",\"name\":\"C\u00e9sar L\u00f3pez Linares\",\"description\":\"C\u00e9sar L\u00f3pez Linares began his career at the Mexican newspaper REFORMA as an entertainment and media co-editor. He has written for publications such as TODO Austin, Texas Music Magazine and The Austin Chronicle. C\u00e9sar has a Master's degree in Journalism from the University of Texas at Austin and a Bachelors degree in Communication from the National Autonomous University of Mexico. He previously wrote about innovation in journalism for the Gabo Foundation in Colombia and currently reports for the Knight Center's LatAmJournalism Review digital magazine. A native of Mexico City, C\u00e9sar has become a digital nomad combining content creation with his passion for travel. ________ C\u00e9sar L\u00f3pez Linares inici\u00f3 su carrera en el diario mexicano REFORMA como coeditor de entretenimiento y medios. Ha escrito para publicaciones como TODO Austin, Texas Music Magazine y The Austin Chronicle. C\u00e9sar tiene una Maestr\u00eda en Periodismo de la Universidad de Texas en Austin y una Licenciatura en Comunicaci\u00f3n de la Universidad Nacional Aut\u00f3noma de M\u00e9xico. Previamente escribi\u00f3 sobre innovaci\u00f3n en periodismo para la Fundaci\u00f3n Gabo en Colombia y actualmente escribe para la revista digital LatAmJournalism Review del Centro Knight. Originario de la Ciudad de M\u00e9xico, C\u00e9sar se ha convertido en un n\u00f3mada digital que combina la creaci\u00f3n de contenido con su pasi\u00f3n por viajar. _________ C\u00e9sar L\u00f3pez Linares come\u00e7ou sua carreira no jornal mexicano REFORMA como coeditor de entretenimento e m\u00eddia. Ele escreveu para publica\u00e7\u00f5es como TODO Austin, Texas Music Magazine e The Austin Chronicle. C\u00e9sar tem mestrado em jornalismo pela University of Texas em Austin e \u00e9 bacharel em comunica\u00e7\u00e3o pela Universidad Nacional Aut\u00f3noma de M\u00e9xico. Antes disso, ele escreveu sobre inova\u00e7\u00e3o no jornalismo para a Funda\u00e7\u00e3o Gabo na Col\u00f4mbia. Atualmente escreve para a revista digital LatAmJournalism Review do Centro Knight. Nascido na Cidade do M\u00e9xico, C\u00e9sar se tornou um n\u00f4made digital combinando a cria\u00e7\u00e3o de conte\u00fado com sua paix\u00e3o por viagens.\",\"sameAs\":[\"https:\\\/\\\/x.com\\\/cesarisch\"],\"url\":\"https:\\\/\\\/latamjournalismreview.org\\\/es\\\/articles\\\/author\\\/cesar-lopez-linares\\\/\"}]}<\/script>\n<!-- \/ Yoast SEO Premium plugin. -->","yoast_head_json":{"title":"Ni periodista mexicana Carmen Aristegui ni MVS deben pagar indemnizaciones en el caso de su despido, dicta juez - LatAm Journalism Review","description":"Ni periodista mexicana Carmen Aristegui ni MVS deben pagar indemnizaciones en el caso de su despido, dicta juez Libertad de prensa. Latin American Journalism Review by The Knight Center at The University of Texas at Austin.","robots":{"index":"index","follow":"follow","max-snippet":"max-snippet:-1","max-image-preview":"max-image-preview:large","max-video-preview":"max-video-preview:-1"},"canonical":"https:\/\/latamjournalismreview.org\/es\/articles\/ni-periodista-mexicana-carmen-aristegui-ni-mvs-deben-pagar-indemnizaciones-en-el-caso-de-su-despido-dicta-juez\/","og_locale":"es_ES","og_type":"article","og_title":"Ni periodista mexicana Carmen Aristegui ni MVS deben pagar indemnizaciones en el caso de su despido, dicta juez","og_description":"Ni periodista mexicana Carmen Aristegui ni MVS deben pagar indemnizaciones en el caso de su despido, dicta juez Libertad de prensa. Latin American Journalism Review by The Knight Center at The University of Texas at Austin.","og_url":"https:\/\/latamjournalismreview.org\/es\/articles\/ni-periodista-mexicana-carmen-aristegui-ni-mvs-deben-pagar-indemnizaciones-en-el-caso-de-su-despido-dicta-juez\/","og_site_name":"LatAm Journalism Review","article_published_time":"2017-07-28T17:30:48+00:00","article_modified_time":"2022-01-05T17:32:17+00:00","author":"C\u00e9sar L\u00f3pez Linares","twitter_card":"summary_large_image","twitter_creator":"@cesarisch","twitter_site":"@LatAmJournalism","twitter_misc":{"Written by":"C\u00e9sar L\u00f3pez Linares","Est. reading time":"3 minutos"},"schema":{"@context":"https:\/\/schema.org","@graph":[{"@type":"Article","@id":"https:\/\/latamjournalismreview.org\/es\/articles\/ni-periodista-mexicana-carmen-aristegui-ni-mvs-deben-pagar-indemnizaciones-en-el-caso-de-su-despido-dicta-juez\/#article","isPartOf":{"@id":"https:\/\/latamjournalismreview.org\/es\/articles\/ni-periodista-mexicana-carmen-aristegui-ni-mvs-deben-pagar-indemnizaciones-en-el-caso-de-su-despido-dicta-juez\/"},"author":{"name":"C\u00e9sar L\u00f3pez Linares","@id":"https:\/\/latamjournalismreview.org\/es\/#\/schema\/person\/dcf6dcdd6226ac8d939e2796645d17c6"},"headline":"Ni periodista mexicana Carmen Aristegui ni MVS deben pagar indemnizaciones en el caso de su despido, dicta juez","datePublished":"2017-07-28T17:30:48+00:00","dateModified":"2022-01-05T17:32:17+00:00","mainEntityOfPage":{"@id":"https:\/\/latamjournalismreview.org\/es\/articles\/ni-periodista-mexicana-carmen-aristegui-ni-mvs-deben-pagar-indemnizaciones-en-el-caso-de-su-despido-dicta-juez\/"},"wordCount":638,"publisher":{"@id":"https:\/\/latamjournalismreview.org\/es\/#organization"},"keywords":["Despidos","M\u00e9xico"],"articleSection":["Libertad de prensa"],"inLanguage":"es"},{"@type":"WebPage","@id":"https:\/\/latamjournalismreview.org\/es\/articles\/ni-periodista-mexicana-carmen-aristegui-ni-mvs-deben-pagar-indemnizaciones-en-el-caso-de-su-despido-dicta-juez\/","url":"https:\/\/latamjournalismreview.org\/es\/articles\/ni-periodista-mexicana-carmen-aristegui-ni-mvs-deben-pagar-indemnizaciones-en-el-caso-de-su-despido-dicta-juez\/","name":"Ni periodista mexicana Carmen Aristegui ni MVS deben pagar indemnizaciones en el caso de su despido, dicta juez - LatAm Journalism Review","isPartOf":{"@id":"https:\/\/latamjournalismreview.org\/es\/#website"},"datePublished":"2017-07-28T17:30:48+00:00","dateModified":"2022-01-05T17:32:17+00:00","description":"Ni periodista mexicana Carmen Aristegui ni MVS deben pagar indemnizaciones en el caso de su despido, dicta juez Libertad de prensa. Latin American Journalism Review by The Knight Center at The University of Texas at Austin.","breadcrumb":{"@id":"https:\/\/latamjournalismreview.org\/es\/articles\/ni-periodista-mexicana-carmen-aristegui-ni-mvs-deben-pagar-indemnizaciones-en-el-caso-de-su-despido-dicta-juez\/#breadcrumb"},"inLanguage":"es","potentialAction":[{"@type":"ReadAction","target":["https:\/\/latamjournalismreview.org\/es\/articles\/ni-periodista-mexicana-carmen-aristegui-ni-mvs-deben-pagar-indemnizaciones-en-el-caso-de-su-despido-dicta-juez\/"]}]},{"@type":"BreadcrumbList","@id":"https:\/\/latamjournalismreview.org\/es\/articles\/ni-periodista-mexicana-carmen-aristegui-ni-mvs-deben-pagar-indemnizaciones-en-el-caso-de-su-despido-dicta-juez\/#breadcrumb","itemListElement":[{"@type":"ListItem","position":1,"name":"Home","item":"https:\/\/latamjournalismreview.org\/es\/"},{"@type":"ListItem","position":2,"name":"Ni periodista mexicana Carmen Aristegui ni MVS deben pagar indemnizaciones en el caso de su despido, dicta juez"}]},{"@type":"WebSite","@id":"https:\/\/latamjournalismreview.org\/es\/#website","url":"https:\/\/latamjournalismreview.org\/es\/","name":"LatAm Journalism Review","description":"Knight Center at The University of Texas","publisher":{"@id":"https:\/\/latamjournalismreview.org\/es\/#organization"},"potentialAction":[{"@type":"SearchAction","target":{"@type":"EntryPoint","urlTemplate":"https:\/\/latamjournalismreview.org\/es\/?s={search_term_string}"},"query-input":{"@type":"PropertyValueSpecification","valueRequired":true,"valueName":"search_term_string"}}],"inLanguage":"es"},{"@type":"Organization","@id":"https:\/\/latamjournalismreview.org\/es\/#organization","name":"LatAm Journalism Review","url":"https:\/\/latamjournalismreview.org\/es\/","logo":{"@type":"ImageObject","inLanguage":"es","@id":"https:\/\/latamjournalismreview.org\/es\/#\/schema\/logo\/image\/","url":"https:\/\/latamjournalismreview.org\/wp-content\/uploads\/2020\/05\/knight-latAm-review-logo.svg","contentUrl":"https:\/\/latamjournalismreview.org\/wp-content\/uploads\/2020\/05\/knight-latAm-review-logo.svg","width":"1024","height":"1024","caption":"LatAm Journalism Review"},"image":{"@id":"https:\/\/latamjournalismreview.org\/es\/#\/schema\/logo\/image\/"},"sameAs":["https:\/\/x.com\/LatAmJournalism"]},{"@type":"Person","@id":"https:\/\/latamjournalismreview.org\/es\/#\/schema\/person\/dcf6dcdd6226ac8d939e2796645d17c6","name":"C\u00e9sar L\u00f3pez Linares","description":"C\u00e9sar L\u00f3pez Linares began his career at the Mexican newspaper REFORMA as an entertainment and media co-editor. He has written for publications such as TODO Austin, Texas Music Magazine and The Austin Chronicle. C\u00e9sar has a Master's degree in Journalism from the University of Texas at Austin and a Bachelors degree in Communication from the National Autonomous University of Mexico. He previously wrote about innovation in journalism for the Gabo Foundation in Colombia and currently reports for the Knight Center's LatAmJournalism Review digital magazine. A native of Mexico City, C\u00e9sar has become a digital nomad combining content creation with his passion for travel. ________ C\u00e9sar L\u00f3pez Linares inici\u00f3 su carrera en el diario mexicano REFORMA como coeditor de entretenimiento y medios. Ha escrito para publicaciones como TODO Austin, Texas Music Magazine y The Austin Chronicle. C\u00e9sar tiene una Maestr\u00eda en Periodismo de la Universidad de Texas en Austin y una Licenciatura en Comunicaci\u00f3n de la Universidad Nacional Aut\u00f3noma de M\u00e9xico. Previamente escribi\u00f3 sobre innovaci\u00f3n en periodismo para la Fundaci\u00f3n Gabo en Colombia y actualmente escribe para la revista digital LatAmJournalism Review del Centro Knight. Originario de la Ciudad de M\u00e9xico, C\u00e9sar se ha convertido en un n\u00f3mada digital que combina la creaci\u00f3n de contenido con su pasi\u00f3n por viajar. _________ C\u00e9sar L\u00f3pez Linares come\u00e7ou sua carreira no jornal mexicano REFORMA como coeditor de entretenimento e m\u00eddia. Ele escreveu para publica\u00e7\u00f5es como TODO Austin, Texas Music Magazine e The Austin Chronicle. C\u00e9sar tem mestrado em jornalismo pela University of Texas em Austin e \u00e9 bacharel em comunica\u00e7\u00e3o pela Universidad Nacional Aut\u00f3noma de M\u00e9xico. Antes disso, ele escreveu sobre inova\u00e7\u00e3o no jornalismo para a Funda\u00e7\u00e3o Gabo na Col\u00f4mbia. Atualmente escreve para a revista digital LatAmJournalism Review do Centro Knight. Nascido na Cidade do M\u00e9xico, C\u00e9sar se tornou um n\u00f4made digital combinando a cria\u00e7\u00e3o de conte\u00fado com sua paix\u00e3o por viagens.","sameAs":["https:\/\/x.com\/cesarisch"],"url":"https:\/\/latamjournalismreview.org\/es\/articles\/author\/cesar-lopez-linares\/"}]}},"_links":{"self":[{"href":"https:\/\/latamjournalismreview.org\/es\/wp-json\/wp\/v2\/posts\/46269","targetHints":{"allow":["GET"]}}],"collection":[{"href":"https:\/\/latamjournalismreview.org\/es\/wp-json\/wp\/v2\/posts"}],"about":[{"href":"https:\/\/latamjournalismreview.org\/es\/wp-json\/wp\/v2\/types\/post"}],"author":[{"embeddable":true,"href":"https:\/\/latamjournalismreview.org\/es\/wp-json\/wp\/v2\/users\/19"}],"replies":[{"embeddable":true,"href":"https:\/\/latamjournalismreview.org\/es\/wp-json\/wp\/v2\/comments?post=46269"}],"version-history":[{"count":1,"href":"https:\/\/latamjournalismreview.org\/es\/wp-json\/wp\/v2\/posts\/46269\/revisions"}],"predecessor-version":[{"id":46272,"href":"https:\/\/latamjournalismreview.org\/es\/wp-json\/wp\/v2\/posts\/46269\/revisions\/46272"}],"wp:attachment":[{"href":"https:\/\/latamjournalismreview.org\/es\/wp-json\/wp\/v2\/media?parent=46269"}],"wp:term":[{"taxonomy":"category","embeddable":true,"href":"https:\/\/latamjournalismreview.org\/es\/wp-json\/wp\/v2\/categories?post=46269"},{"taxonomy":"post_tag","embeddable":true,"href":"https:\/\/latamjournalismreview.org\/es\/wp-json\/wp\/v2\/tags?post=46269"},{"taxonomy":"author","embeddable":true,"href":"https:\/\/latamjournalismreview.org\/es\/wp-json\/wp\/v2\/coauthors?post=46269"}],"curies":[{"name":"wp","href":"https:\/\/api.w.org\/{rel}","templated":true}]}}