{"id":46718,"date":"2017-08-21T14:29:22","date_gmt":"2017-08-21T19:29:22","guid":{"rendered":"https:\/\/latamjournalismreview.org\/?p=46718"},"modified":"2022-01-10T14:30:37","modified_gmt":"2022-01-10T19:30:37","slug":"periodistas-de-diez-paises-de-america-latina-se-llevan-a-casa-premios-excelencia-periodistica-de-la-sip","status":"publish","type":"post","link":"https:\/\/latamjournalismreview.org\/es\/articles\/periodistas-de-diez-paises-de-america-latina-se-llevan-a-casa-premios-excelencia-periodistica-de-la-sip\/","title":{"rendered":"Periodistas de diez pa\u00edses de Am\u00e9rica Latina se llevan a casa premios Excelencia Period\u00edstica de la SIP"},"content":{"rendered":"<p>Periodistas de diez pa\u00edses de Am\u00e9rica Latina est\u00e1n entre los ganadores de los premios\u00a0<a href=\"http:\/\/www.sipiapa.org\/notas\/1211635-la-sip-anuncia-los-premios-excelencia-periodistica-2017\" target=\"_blank\" rel=\"noopener\">Excelencia Period\u00edstica 2017<\/a>, que entrega la Sociedad Interamericana de Prensa (SIP).<\/p>\n<p>Los galardones, que buscan \"estimular la excelencia del periodismo y la defensa de la libertad de expresi\u00f3n en todo el continente\u200b\", fueron anunciados el 18 de agosto.<\/p>\n<p>Adem\u00e1s, la organizaci\u00f3n otorg\u00f3 su Gran Premio de Libertad de Prensa a Luis Almagro, Secretario General de la Organizaci\u00f3n de los Estados Americanos (OEA). La prensa independiente venezolana tambi\u00e9n fue reconocida con una menci\u00f3n honor\u00edfica por \"mantener a la poblaci\u00f3n informada, a pesar de la censura y la represi\u00f3n del r\u00e9gimen chavista\u200b\".<\/p>\n<p>Los ganadores fueron elegidos de entre\u00a0m\u00e1s de mil postulaciones, de acuerdo con Marcela Noble-Herrera, de Grupo Clar\u00edn, quien es la presidenta del Comit\u00e9 de Premios.<\/p>\n<p>Medios de comunicaci\u00f3n y periodistas de Argentina, Brasil, Ecuador, Chile, Colombia, El Salvador, M\u00e9xico, Panam\u00e1,\u00a0Per\u00fa,\u00a0Venezuela y Estados Unidos. Adem\u00e1s de periodistas profesionales, la SIP reconoci\u00f3 proyectos realizados por estudiantes universitarios con su premio Pedro Joaqu\u00edn Chamorro al Periodismo Universitario.<\/p>\n<p>Los premios de la\u00a0SIP, que incluyen un monto de 2 mil d\u00f3lares estadounidenses y un diploma, ser\u00e1n presentados en la 73 Asamblea General de la organizaci\u00f3n, que se celebrar\u00e1 en Salt Lake City, Utah, del 27 al 30 de octubre.<\/p>\n<p>Los ganadores de las 13 categor\u00edas de los premios a la Excelencia en Periodismo son:<\/p>\n<ol>\n<li><strong>CARICATURA:<\/strong>\u00a0<strong><a href=\"http:\/\/www.eluniversal.com.mx\/carton\/carreno\/2016\/11\/12\/urgente-zurcido-invisible\" target=\"_blank\" rel=\"noopener\">\u2018Urgente zurcido invisible\u2019<\/a><\/strong>\u00a0depor Luis Carre\u00f1o de El Universal (M\u00e9xico).<\/li>\n<\/ol>\n<p><strong>Menci\u00f3n Honor\u00edfica:<\/strong>\u00a0<strong>\u2018Cervantes &amp; Shakespeare\u2019<\/strong>\u00a0de Juan Francisco P\u00e9rez Gaudio de La Voz del Interior (Argentina)<\/p>\n<ol>\n<li value=\"2\"><strong>COBERTURA DE NOTICIAS EN INTERNET:\u00a0<a href=\"http:\/\/www.elespectador.com\/static_specials\/29\/guillermo-cano\/index.html\" target=\"_blank\" rel=\"noopener\">\u2018Vida de Guillermo Cano, el hombre que enfrent\u00f3 a Pablo Escobar\u2019<\/a><\/strong>\u00a0de Jorge Cardona Alzte, \u00d3scar G\u00fcesgu\u00e1n Serpa, David Leonardo Carranza, Javier Saiguero Vel\u00e1squez, Fredy Vargas Rivera, Anderson Rodr\u00edguez, William Ariza y Andrea Torres Perdomo de El Espectador (Colombia).<\/li>\n<\/ol>\n<p><strong>Menci\u00f3n Honor\u00edfica:<\/strong>\u00a0<strong><a href=\"http:\/\/www.animalpolitico.com\/los-enfrentamientos-nochixtlan\/\" target=\"_blank\" rel=\"noopener\">\u2018Los enfrentamientos de Nochixtl\u00e1n\u2019<\/a><\/strong>, de Animal Pol\u00edtico (M\u00e9xico).<\/p>\n<ol>\n<li value=\"3\"><strong>COBERTURA NOTICIOSA:\u00a0<a href=\"http:\/\/elestimulo.com\/climax\/morir-una-dos-y-tres-veces-de-hambre\/\" target=\"_blank\" rel=\"noopener\">\u2018Morir una, dos y tres veces de hambre\u2019<\/a><\/strong>\u00a0de Andrea Tosta, Johanna Osorio, Johann Starchevich, Jefferson D\u00edaz, Emily Avenda\u00f1o, Julio Materano, Fabianny Crespo, Alexis Correia, Fabiola Ferrero, Cristian Hern\u00e1ndez, Andrea Hern\u00e1ndez, Dagne Cobo, Pedro Agranitis, Arnaldo Espinoza, V\u00edctor Amaya y Manuel S\u00e1nchez de El Est\u00edmulo (Venezuela).<\/li>\n<\/ol>\n<p><strong>Menci\u00f3n Honor\u00edfica:<\/strong>\u00a0<a href=\"http:\/\/revistafactum.com\/el-fiscal-general-y-los-aviones-de-enrique-rais\/\" target=\"_blank\" rel=\"noopener\">\u2018<strong>La corrupci\u00f3n en la Fiscal\u00eda General de Rep\u00fablica de El Salvador. El caso de la relaci\u00f3n entre el exfiscal Luis Antonio Mart\u00ednez y el empresario Enrique Rais\u2019<\/strong><\/a>\u00a0de H\u00e9ctor Silva \u00c1valos, Bryan Avelar, Salvador Mel\u00e9ndez y C\u00e9sar Castro Fagoaga de Factum (El Salvador).<\/p>\n<ol>\n<li value=\"4\"><strong>COBERTURA DE NOTICIAS EN M\u00d3VILES:\u00a0<a href=\"https:\/\/www.clarin.com\/tema\/elecciones_en_estados_unidos.html\" target=\"_blank\" rel=\"noopener\">\u2018Las elecciones presidenciales en EE.UU.\u2019<\/a>\u00a0<\/strong>de Juan Marcos Bouthemy, Juan Pablo De Santis, Alejandra Pataro, Paula Lugones, Pablo De Le\u00f3n, Santiago Radice, Mar\u00eda Noel Scanarotti, Dami\u00e1n Taubaso, Pablo Blanco, Christian Cibelli y Dar\u00edo Gallo de Clar\u00edn (Argentina).<\/li>\n<\/ol>\n<ol>\n<li value=\"5\"><strong>CR\u00d3NICA:\u00a0<a href=\"https:\/\/www.bloomberg.com\/features\/2016-venezuela-diary\/\" target=\"_blank\" rel=\"noopener\">\u2018My Venezuela Nightmare: a 30-day hunt for food in a starving land\u2019<\/a>\u00a0<\/strong>(Mi pesadilla venezolana: una cacer\u00eda de comida de 30 d\u00edas en una tierra muriendo de hambre) de Fabiola\u00a0\u00a0\u00a0\u00a0 Zerpa de Bloomberg News (USA).<\/li>\n<\/ol>\n<p><strong>Menci\u00f3n Honor\u00edfica:\u00a0<a href=\"http:\/\/revistafactum.com\/el-escuadron-cazapandilleros\/\" target=\"_blank\" rel=\"noopener\">\u2018El escuadr\u00f3n cazapandilleros\u2019<\/a>\u00a0<\/strong>de Bryan Avelar de Revista Factum (El Salvador).<\/p>\n<ol>\n<li value=\"6\"><strong>DERECHOS HUMANOS Y SERVICIO A LA SOCIEDAD:\u00a0<\/strong><strong><a href=\"http:\/\/www.eltiempo.com\/archivo\/documento\/CMS-16588351\" target=\"_blank\" rel=\"noopener\">\u2018Un nombre menos en la lista de los muertos que nadie reclama\u2019<\/a><\/strong>\u00a0de Jhon Jairo Torres, Sair Buitrago Medina, Milena Sarralde Duque, Valentina Obando Jaramillo, Angy Alvarado Rodriguez, Marcela Han, Wendy Fajardo Zabala, Cristian Pe\u00f1a y Tatiana Romerol de El Tiempo (Colombia).<\/li>\n<\/ol>\n<p><strong>Menci\u00f3n Honor\u00edfica:\u00a0<\/strong>A la serie de reportajes\u00a0<strong>\u2018<a href=\"https:\/\/oglobo.globo.com\/brasil\/sistema-de-transplantes-no-brasil-sofre-com-falta-de-transporte-aereo-19444859\" target=\"_blank\" rel=\"noopener\">Recusas da FAB impedem transplante de 153 \u00f3rg\u00e3os\u2019<\/a><\/strong>\u00a0de Vinicius Carneiro Sassine of Jornal O Globo (Brasil).<\/p>\n<ol>\n<li value=\"7\"><strong>FOTOGRAF\u00cdA:\u00a0<a href=\"http:\/\/felipedana.com.br\/photos\/zika-virus\" target=\"_blank\" rel=\"noopener\">\u2018Zika outbreak in Rio\u2019<\/a><\/strong>\u00a0por Felipe Dana of The Associated Press (Brasil).<\/li>\n<\/ol>\n<p><strong>Menci\u00f3n Honor\u00edfica:\u00a0<a href=\"http:\/\/www.listindiario.com\/la-republica\/2016\/04\/04\/414105\/como-se-mueve-el-peaje\" target=\"_blank\" rel=\"noopener\">\u201829 d\u00edas en La Victoria\u2019<\/a><\/strong>\u00a0de Jorge Manuel Cruz D\u00edaz de List\u00edn Diario (Rep\u00fablica Dominicana).<\/p>\n<ol>\n<li value=\"8\"><strong>INFOGRAF\u00cdA:\u00a0<a href=\"http:\/\/www.prensa.com\/cultura\/Diario-categorias-premios-Excelencia-Periodistica_0_4828767081.html\" target=\"_blank\" rel=\"noopener\">\u2018Expandiendo el Canal de Panam\u00e1\u2019<\/a><\/strong>\u00a0de Ernesto Ja\u00e9n de Mi Diario (Panam\u00e1).<\/li>\n<\/ol>\n<p><strong>Menci\u00f3n Honor\u00edfica<a href=\"http:\/\/infografias.elmercurio.com\/20161107-CRO-telefericosantiago\/\" target=\"_blank\" rel=\"noopener\">: \u2018Telef\u00e9rico Santiago\u2019<\/a><\/strong>\u00a0de Roberto Ortega, Juan Pablo Bravo, Manuel Valencia y Ren\u00e9 Olivares de El Mercurio (Chile).<\/p>\n<ol>\n<li value=\"9\"><strong>OPINI\u00d3N:\u00a0<a href=\"https:\/\/www.clarin.com\/autor\/hector-gambini.html\" target=\"_blank\" rel=\"noopener\">\u2018Nisman\u2019<\/a><\/strong>\u00a0de H\u00e9ctor Gambini de Clar\u00edn (Argentina).<\/li>\n<\/ol>\n<p><strong>Menci\u00f3n Honor\u00edfica:\u00a0<a href=\"http:\/\/www.larepublica.ec\/blog\/opinion\/2016\/07\/14\/escribo-por-cuba\/\" target=\"_blank\" rel=\"noopener\">\u2018Escribo por Cuba\u2019<\/a><\/strong>\u00a0de Miguel Molina D\u00edaz de La Rep\u00fablica (Ecuador).<\/p>\n<ol>\n<li value=\"10\"><strong>PERIODISMO DE DATOS:\u00a0<a href=\"http:\/\/infograficos.estadao.com.br\/public\/sustentabilidade\/clima-em-transformacao\/\" target=\"_blank\" rel=\"noopener\">\u2018Clima em transforma\u00e7\u00e3o\u2019<\/a><\/strong>\u00a0de Giovana Girardi, Marco Carvalho, Marcos Muller, William Mariotto, Carlos Marin, Renan Kikuche, Vinicius Sueiro, Caroline Rozendo and Tiago Henrique de O Estado de S. Paulo (Brasil).<\/li>\n<\/ol>\n<p><strong>Menci\u00f3n Honor\u00edfica: \u2018<a href=\"http:\/\/www.elpais.com.co\/especiales\/el-mapa-de-la-muerte\/\" target=\"_blank\" rel=\"noopener\">Cali: 15 a\u00f1os de violencia\u2019<\/a><\/strong>\u00a0de Hugo Mario C\u00e1rdenas L\u00f3pez, Ana Mar\u00eda Saavedra, Lina Alejandra Uribe, Ossiel Villada, Germ\u00e1n Gonz\u00e1lez Barco, Bernardo Pe\u00f1a, \u00c1lvaro P\u00edo Fern\u00e1ndez, Carlos Hern\u00e1n Castillo y Jose Jair Reyes de El Pa\u00eds (Colombia).<\/p>\n<ol>\n<li value=\"11\"><strong>PERIODISMO DE PROFUNDIDAD:\u00a0<a href=\"https:\/\/panamapapers.icij.org\/\" target=\"_blank\" rel=\"noopener\">\u2018The Panama Papers. Politicians, Criminals and the Rogue Industry that Hides Their Cash\u2019<\/a><\/strong>\u00a0('Los Papeles de Panam\u00e1. Polt\u00edcos, criminales y la despreciable industria que esconde su dinero') por el Consorcio Internacional de Periodistas de Investigaci\u00f3n (USA).<\/li>\n<\/ol>\n<p><strong>Menci\u00f3n Honor\u00edfica:\u00a0<a href=\"http:\/\/www.elespectador.com\/noticias\/investigacion\/ultimas-prisioneras-de-los-nazis-america-latina-articulo-623135\" target=\"_blank\" rel=\"noopener\">\u2018Las \u00faltimas prisioneras de los nazis en Am\u00e9rica Latina\u2019<\/a><\/strong>\u00a0de Ra\u00fal Olmos, Valeria Dur\u00e1n, Ewald Sharfenberg, Cristian Ascencio, Camila Molina, Laila Abu Shihab y Carlos Eduardo Huertas de AM (M\u00e9xico), El Mercurio (Antofagasta, Chile), O Estado (Brasil), Armando Info (Venezuela) y CONNECTAS.<\/p>\n<ol>\n<li value=\"12\"><strong>PERIODISMO SOBRE MEDIO AMBIENTE ROBERTO EISENMANN JR: \u2018<a href=\"https:\/\/ojo-publico.com\/sites\/apps\/amarakaeri-parte1\/\" target=\"_blank\" rel=\"noopener\">La carretera que corta el coraz\u00f3n de la Amazon\u00eda\u2019<\/a><\/strong>\u00a0de Fabiola Torres L\u00f3pez, David Hidalgo Vega, Audrey Cordova y Ricardo Le\u00f3n de Ojo P\u00fablico (Per\u00fa).<\/li>\n<\/ol>\n<p><strong>Menci\u00f3n Honor\u00edfica: \u2018<a href=\"http:\/\/especiais.opovo.com.br\/aesperadefrancisco\/\">\u00c0<\/a><a href=\"http:\/\/especiais.opovo.com.br\/aesperadefrancisco\/\" target=\"_blank\" rel=\"noopener\">\u00a0espera de Francisco: A peleja da \u00e1gua\u2019<\/a><\/strong>\u00a0de Arlen Medina N\u00e9ri, Ana Naddaf, Erick Guimar\u00e3es, F\u00e1tima Sud\u00e1rio, \u00c9rico Firmo, Cl\u00e1udio Ribeiro, Michel Victor Queiroz, Juliana Matos Brito, Gil Dicelli, Iana Soares, Luciana Pimenta, Pedro Turano, Maryllene Freitas, S\u00edlvia Bessa, Thadeu Braga, \u00c9merson Maranh\u00e3o, F\u00e1bio Lima, Renato Ferreira, Farias J\u00fanior, Maisa Vasconcelos, Jos\u00e9 Maria Rodrigues, Robson Pires, Glenna Cherice, Chico Driessen y Nat\u00e9rcia Melo de Jornal O Povo (Brasil).<\/p>\n<ol>\n<li value=\"13\"><strong>PREMIO DE PERIODISMO UNIVERSITARIO PEDRO JOAQU\u00cdN CHAMORRO:\u00a0<a href=\"https:\/\/kilometrocero.cl\/la-wwe-de-los-hermanos-urz%C3%BAa-e09399383eca\" target=\"_blank\" rel=\"noopener\">\u2018La WWE de los hermanos Urz\u00faa,<\/a>\u2019<\/strong>\u00a0de Juan Manuel Ojeda G\u00fcemes, Kil\u00f3metro Cero, Escuela de Comunicaciones de Pontificia Universidad Cat\u00f3lica de Chile (Pontificia Universidad Cat\u00f3lica de Chile).<\/li>\n<\/ol>\n<p><strong>Menci\u00f3n Honor\u00edfica:<\/strong>\u00a0<strong><a href=\"https:\/\/www.youtube.com\/watch?v=WGHTvLi94Z4\" target=\"_blank\" rel=\"noopener\">\u2018Al Tun Tun de Sexy Betancourt\u2019<\/a><\/strong>\u00a0de Mateo Uribe S\u00e1enz de Ciudad Cr\u00f3nica (Colombia).<\/p>\n<p><strong>Menci\u00f3n Honor\u00edfica<\/strong>:\u00a0<strong><a href=\"http:\/\/www.periodicoelpunto.com\/2016\/11\/29\/los-olvidados-de-la-concepcion\/\" target=\"_blank\" rel=\"noopener\">\u2018Los olvidados de La Concepci\u00f3n\u2019<\/a><\/strong>\u00a0de Andrea Carolina Torres L\u00f3pez del Peri\u00f3dico El Punto, Programa de Comunicaci\u00f3n Social, Universidad del Norte (Colombia).<\/p>\n<p><em>Nota del editor: Esta historia fue publicada originalmente en el blog Periodismo en las Am\u00e9ricas del Centro Knight, el predecesor de LatAm Journalism Review.<\/em><\/p>\n","protected":false},"excerpt":{"rendered":"<p>Periodistas de diez pa\u00edses de Am\u00e9rica Latina est\u00e1n entre los ganadores de los premios\u00a0Excelencia Period\u00edstica 2017, que entrega la Sociedad Interamericana de Prensa (SIP).<\/p>\n","protected":false},"author":3,"featured_media":0,"comment_status":"closed","ping_status":"closed","sticky":false,"template":"","format":"standard","meta":{"inline_featured_image":false,"footnotes":""},"categories":[1354],"tags":[1428],"coauthors":[],"class_list":["post-46718","post","type-post","status-publish","format-standard","hentry","category-premios-y-oportunidades-es","tag-premios-es"],"acf":[],"yoast_head":"<!-- This site is optimized with the Yoast SEO Premium plugin v22.6 (Yoast SEO v27.4) - https:\/\/yoast.com\/product\/yoast-seo-premium-wordpress\/ -->\n<title>Periodistas de diez pa\u00edses de Am\u00e9rica Latina se llevan a casa premios Excelencia Period\u00edstica de la SIP - LatAm Journalism Review<\/title>\n<meta name=\"description\" content=\"Periodistas de diez pa\u00edses de Am\u00e9rica Latina se llevan a casa premios Excelencia Period\u00edstica de la SIP Premios y oportunidades. Latin American Journalism Review by The Knight Center at The University of Texas at Austin.\" \/>\n<meta name=\"robots\" content=\"index, follow, max-snippet:-1, max-image-preview:large, max-video-preview:-1\" \/>\n<link rel=\"canonical\" href=\"https:\/\/latamjournalismreview.org\/es\/articles\/periodistas-de-diez-paises-de-america-latina-se-llevan-a-casa-premios-excelencia-periodistica-de-la-sip\/\" \/>\n<meta property=\"og:locale\" content=\"es_ES\" \/>\n<meta property=\"og:type\" content=\"article\" \/>\n<meta property=\"og:title\" content=\"Periodistas de diez pa\u00edses de Am\u00e9rica Latina se llevan a casa premios Excelencia Period\u00edstica de la SIP\" \/>\n<meta property=\"og:description\" content=\"Periodistas de diez pa\u00edses de Am\u00e9rica Latina se llevan a casa premios Excelencia Period\u00edstica de la SIP Premios y oportunidades. Latin American Journalism Review by The Knight Center at The University of Texas at Austin.\" \/>\n<meta property=\"og:url\" content=\"https:\/\/latamjournalismreview.org\/es\/articles\/periodistas-de-diez-paises-de-america-latina-se-llevan-a-casa-premios-excelencia-periodistica-de-la-sip\/\" \/>\n<meta property=\"og:site_name\" content=\"LatAm Journalism Review\" \/>\n<meta property=\"article:published_time\" content=\"2017-08-21T19:29:22+00:00\" \/>\n<meta property=\"article:modified_time\" content=\"2022-01-10T19:30:37+00:00\" \/>\n<meta name=\"author\" content=\"Teresa Mioli\" \/>\n<meta name=\"twitter:card\" content=\"summary_large_image\" \/>\n<meta name=\"twitter:creator\" content=\"@TeresaMioli\" \/>\n<meta name=\"twitter:site\" content=\"@LatAmJournalism\" \/>\n<meta name=\"twitter:label1\" content=\"Written by\" \/>\n\t<meta name=\"twitter:data1\" content=\"Teresa Mioli\" \/>\n\t<meta name=\"twitter:label2\" content=\"Est. reading time\" \/>\n\t<meta name=\"twitter:data2\" content=\"6 minutos\" \/>\n<script type=\"application\/ld+json\" class=\"yoast-schema-graph\">{\"@context\":\"https:\\\/\\\/schema.org\",\"@graph\":[{\"@type\":\"Article\",\"@id\":\"https:\\\/\\\/latamjournalismreview.org\\\/es\\\/articles\\\/periodistas-de-diez-paises-de-america-latina-se-llevan-a-casa-premios-excelencia-periodistica-de-la-sip\\\/#article\",\"isPartOf\":{\"@id\":\"https:\\\/\\\/latamjournalismreview.org\\\/es\\\/articles\\\/periodistas-de-diez-paises-de-america-latina-se-llevan-a-casa-premios-excelencia-periodistica-de-la-sip\\\/\"},\"author\":{\"name\":\"Teresa Mioli\",\"@id\":\"https:\\\/\\\/latamjournalismreview.org\\\/es\\\/#\\\/schema\\\/person\\\/b83a4912f05c8178389e917d8d51de03\"},\"headline\":\"Periodistas de diez pa\u00edses de Am\u00e9rica Latina se llevan a casa premios Excelencia Period\u00edstica de la SIP\",\"datePublished\":\"2017-08-21T19:29:22+00:00\",\"dateModified\":\"2022-01-10T19:30:37+00:00\",\"mainEntityOfPage\":{\"@id\":\"https:\\\/\\\/latamjournalismreview.org\\\/es\\\/articles\\\/periodistas-de-diez-paises-de-america-latina-se-llevan-a-casa-premios-excelencia-periodistica-de-la-sip\\\/\"},\"wordCount\":1159,\"publisher\":{\"@id\":\"https:\\\/\\\/latamjournalismreview.org\\\/es\\\/#organization\"},\"keywords\":[\"Premios\"],\"articleSection\":[\"Premios y oportunidades\"],\"inLanguage\":\"es\"},{\"@type\":\"WebPage\",\"@id\":\"https:\\\/\\\/latamjournalismreview.org\\\/es\\\/articles\\\/periodistas-de-diez-paises-de-america-latina-se-llevan-a-casa-premios-excelencia-periodistica-de-la-sip\\\/\",\"url\":\"https:\\\/\\\/latamjournalismreview.org\\\/es\\\/articles\\\/periodistas-de-diez-paises-de-america-latina-se-llevan-a-casa-premios-excelencia-periodistica-de-la-sip\\\/\",\"name\":\"Periodistas de diez pa\u00edses de Am\u00e9rica Latina se llevan a casa premios Excelencia Period\u00edstica de la SIP - LatAm Journalism Review\",\"isPartOf\":{\"@id\":\"https:\\\/\\\/latamjournalismreview.org\\\/es\\\/#website\"},\"datePublished\":\"2017-08-21T19:29:22+00:00\",\"dateModified\":\"2022-01-10T19:30:37+00:00\",\"description\":\"Periodistas de diez pa\u00edses de Am\u00e9rica Latina se llevan a casa premios Excelencia Period\u00edstica de la SIP Premios y oportunidades. Latin American Journalism Review by The Knight Center at The University of Texas at Austin.\",\"breadcrumb\":{\"@id\":\"https:\\\/\\\/latamjournalismreview.org\\\/es\\\/articles\\\/periodistas-de-diez-paises-de-america-latina-se-llevan-a-casa-premios-excelencia-periodistica-de-la-sip\\\/#breadcrumb\"},\"inLanguage\":\"es\",\"potentialAction\":[{\"@type\":\"ReadAction\",\"target\":[\"https:\\\/\\\/latamjournalismreview.org\\\/es\\\/articles\\\/periodistas-de-diez-paises-de-america-latina-se-llevan-a-casa-premios-excelencia-periodistica-de-la-sip\\\/\"]}]},{\"@type\":\"BreadcrumbList\",\"@id\":\"https:\\\/\\\/latamjournalismreview.org\\\/es\\\/articles\\\/periodistas-de-diez-paises-de-america-latina-se-llevan-a-casa-premios-excelencia-periodistica-de-la-sip\\\/#breadcrumb\",\"itemListElement\":[{\"@type\":\"ListItem\",\"position\":1,\"name\":\"Home\",\"item\":\"https:\\\/\\\/latamjournalismreview.org\\\/es\\\/\"},{\"@type\":\"ListItem\",\"position\":2,\"name\":\"Periodistas de diez pa\u00edses de Am\u00e9rica Latina se llevan a casa premios Excelencia Period\u00edstica de la SIP\"}]},{\"@type\":\"WebSite\",\"@id\":\"https:\\\/\\\/latamjournalismreview.org\\\/es\\\/#website\",\"url\":\"https:\\\/\\\/latamjournalismreview.org\\\/es\\\/\",\"name\":\"LatAm Journalism Review\",\"description\":\"Knight Center at The University of Texas\",\"publisher\":{\"@id\":\"https:\\\/\\\/latamjournalismreview.org\\\/es\\\/#organization\"},\"potentialAction\":[{\"@type\":\"SearchAction\",\"target\":{\"@type\":\"EntryPoint\",\"urlTemplate\":\"https:\\\/\\\/latamjournalismreview.org\\\/es\\\/?s={search_term_string}\"},\"query-input\":{\"@type\":\"PropertyValueSpecification\",\"valueRequired\":true,\"valueName\":\"search_term_string\"}}],\"inLanguage\":\"es\"},{\"@type\":\"Organization\",\"@id\":\"https:\\\/\\\/latamjournalismreview.org\\\/es\\\/#organization\",\"name\":\"LatAm Journalism Review\",\"url\":\"https:\\\/\\\/latamjournalismreview.org\\\/es\\\/\",\"logo\":{\"@type\":\"ImageObject\",\"inLanguage\":\"es\",\"@id\":\"https:\\\/\\\/latamjournalismreview.org\\\/es\\\/#\\\/schema\\\/logo\\\/image\\\/\",\"url\":\"https:\\\/\\\/latamjournalismreview.org\\\/wp-content\\\/uploads\\\/2020\\\/05\\\/knight-latAm-review-logo.svg\",\"contentUrl\":\"https:\\\/\\\/latamjournalismreview.org\\\/wp-content\\\/uploads\\\/2020\\\/05\\\/knight-latAm-review-logo.svg\",\"width\":\"1024\",\"height\":\"1024\",\"caption\":\"LatAm Journalism Review\"},\"image\":{\"@id\":\"https:\\\/\\\/latamjournalismreview.org\\\/es\\\/#\\\/schema\\\/logo\\\/image\\\/\"},\"sameAs\":[\"https:\\\/\\\/x.com\\\/LatAmJournalism\"]},{\"@type\":\"Person\",\"@id\":\"https:\\\/\\\/latamjournalismreview.org\\\/es\\\/#\\\/schema\\\/person\\\/b83a4912f05c8178389e917d8d51de03\",\"name\":\"Teresa Mioli\",\"description\":\"Teresa Mioli is the editorial manager for the Knight Center for Journalism in the Americas. She is interested in press freedom, democratization, and investigative journalism in Latin America and is dedicated to increasing awareness about the importance of independent news media to the health of democracies. She produces journalistic work with the aim of helping people to make informed decisions about their lives and societies and wants to make sure other journalists are able to do the same. She has Bachelors' degrees in Journalism and Plan II Honors (Liberal Arts) and a Master's degree in Latin American Studies, all from the University of Texas at Austin. She started her journalistic career at The Beaumont Enterprise in Southeast Texas where she last worked as a breaking news reporter. ______ Teresa Mioli es la directora editorial del Centro Knight para el Periodismo en las Am\u00e9ricas. Es una periodista con inter\u00e9s en la libertad de prensa, la democratizaci\u00f3n y el periodismo investigativo en Am\u00e9rica Latina y est\u00e1 dedicada a crear mayor consciencia sobre la importancia de los medios noticiosos independientes para la salud de las democracias. El objetivo de su trabajo period\u00edstico es ayudar las personas para que tomen decisiones informadas sobre sus vidas y sus sociedades, y busca que otros periodistas tengan la posibilidad de hacer lo mismo. Teresa tiene una licenciatura en Periodismo y Artes liberales (Plan II Honors), y una maestr\u00eda en Estudios Latinoamericanos, todos de la Universidad de Texas en Austin. Empez\u00f3 su carrera en periodismo en The Beaumont Enterprise al sureste de Texas, en donde recientemente trabaj\u00f3 como reportera de noticias de \u00faltima hora. Anteriormente ella fue la editora de LatAm Journalism Review del Centro Knight. ______ Teresa Mioli \u00e9 gerente editorial do Centro Knight para o Jornalismo nas Am\u00e9ricas. Ela se interessa por liberdade de imprensa, democratiza\u00e7\u00e3o e jornalismo investigativo na Am\u00e9rica Latina e se dedica a aumentar a conscientiza\u00e7\u00e3o sobre a import\u00e2ncia da m\u00eddia independente para a sa\u00fade das democracias. Ela produz trabalhos jornal\u00edsticos com o objetivo de ajudar as pessoas a tomarem decis\u00f5es informadas sobre suas vidas e sociedades e deseja garantir que outros jornalistas possam fazer o mesmo. Ela tem bacharelado em jornalismo e artes liberais e um mestrado em Estudos Latino-Americanos, todos pela Universidade do Texas em Austin. Ela come\u00e7ou sua carreira jornal\u00edstica na The Beaumont Enterprise no sudeste do Texas, onde trabalhou pela \u00faltima vez como rep\u00f3rter de not\u00edcias de \u00faltima hora.\",\"sameAs\":[\"https:\\\/\\\/x.com\\\/TeresaMioli\"],\"url\":\"https:\\\/\\\/latamjournalismreview.org\\\/es\\\/articles\\\/author\\\/teresa-mioli\\\/\"}]}<\/script>\n<!-- \/ Yoast SEO Premium plugin. -->","yoast_head_json":{"title":"Periodistas de diez pa\u00edses de Am\u00e9rica Latina se llevan a casa premios Excelencia Period\u00edstica de la SIP - LatAm Journalism Review","description":"Periodistas de diez pa\u00edses de Am\u00e9rica Latina se llevan a casa premios Excelencia Period\u00edstica de la SIP Premios y oportunidades. Latin American Journalism Review by The Knight Center at The University of Texas at Austin.","robots":{"index":"index","follow":"follow","max-snippet":"max-snippet:-1","max-image-preview":"max-image-preview:large","max-video-preview":"max-video-preview:-1"},"canonical":"https:\/\/latamjournalismreview.org\/es\/articles\/periodistas-de-diez-paises-de-america-latina-se-llevan-a-casa-premios-excelencia-periodistica-de-la-sip\/","og_locale":"es_ES","og_type":"article","og_title":"Periodistas de diez pa\u00edses de Am\u00e9rica Latina se llevan a casa premios Excelencia Period\u00edstica de la SIP","og_description":"Periodistas de diez pa\u00edses de Am\u00e9rica Latina se llevan a casa premios Excelencia Period\u00edstica de la SIP Premios y oportunidades. Latin American Journalism Review by The Knight Center at The University of Texas at Austin.","og_url":"https:\/\/latamjournalismreview.org\/es\/articles\/periodistas-de-diez-paises-de-america-latina-se-llevan-a-casa-premios-excelencia-periodistica-de-la-sip\/","og_site_name":"LatAm Journalism Review","article_published_time":"2017-08-21T19:29:22+00:00","article_modified_time":"2022-01-10T19:30:37+00:00","author":"Teresa Mioli","twitter_card":"summary_large_image","twitter_creator":"@TeresaMioli","twitter_site":"@LatAmJournalism","twitter_misc":{"Written by":"Teresa Mioli","Est. reading time":"6 minutos"},"schema":{"@context":"https:\/\/schema.org","@graph":[{"@type":"Article","@id":"https:\/\/latamjournalismreview.org\/es\/articles\/periodistas-de-diez-paises-de-america-latina-se-llevan-a-casa-premios-excelencia-periodistica-de-la-sip\/#article","isPartOf":{"@id":"https:\/\/latamjournalismreview.org\/es\/articles\/periodistas-de-diez-paises-de-america-latina-se-llevan-a-casa-premios-excelencia-periodistica-de-la-sip\/"},"author":{"name":"Teresa Mioli","@id":"https:\/\/latamjournalismreview.org\/es\/#\/schema\/person\/b83a4912f05c8178389e917d8d51de03"},"headline":"Periodistas de diez pa\u00edses de Am\u00e9rica Latina se llevan a casa premios Excelencia Period\u00edstica de la SIP","datePublished":"2017-08-21T19:29:22+00:00","dateModified":"2022-01-10T19:30:37+00:00","mainEntityOfPage":{"@id":"https:\/\/latamjournalismreview.org\/es\/articles\/periodistas-de-diez-paises-de-america-latina-se-llevan-a-casa-premios-excelencia-periodistica-de-la-sip\/"},"wordCount":1159,"publisher":{"@id":"https:\/\/latamjournalismreview.org\/es\/#organization"},"keywords":["Premios"],"articleSection":["Premios y oportunidades"],"inLanguage":"es"},{"@type":"WebPage","@id":"https:\/\/latamjournalismreview.org\/es\/articles\/periodistas-de-diez-paises-de-america-latina-se-llevan-a-casa-premios-excelencia-periodistica-de-la-sip\/","url":"https:\/\/latamjournalismreview.org\/es\/articles\/periodistas-de-diez-paises-de-america-latina-se-llevan-a-casa-premios-excelencia-periodistica-de-la-sip\/","name":"Periodistas de diez pa\u00edses de Am\u00e9rica Latina se llevan a casa premios Excelencia Period\u00edstica de la SIP - LatAm Journalism Review","isPartOf":{"@id":"https:\/\/latamjournalismreview.org\/es\/#website"},"datePublished":"2017-08-21T19:29:22+00:00","dateModified":"2022-01-10T19:30:37+00:00","description":"Periodistas de diez pa\u00edses de Am\u00e9rica Latina se llevan a casa premios Excelencia Period\u00edstica de la SIP Premios y oportunidades. Latin American Journalism Review by The Knight Center at The University of Texas at Austin.","breadcrumb":{"@id":"https:\/\/latamjournalismreview.org\/es\/articles\/periodistas-de-diez-paises-de-america-latina-se-llevan-a-casa-premios-excelencia-periodistica-de-la-sip\/#breadcrumb"},"inLanguage":"es","potentialAction":[{"@type":"ReadAction","target":["https:\/\/latamjournalismreview.org\/es\/articles\/periodistas-de-diez-paises-de-america-latina-se-llevan-a-casa-premios-excelencia-periodistica-de-la-sip\/"]}]},{"@type":"BreadcrumbList","@id":"https:\/\/latamjournalismreview.org\/es\/articles\/periodistas-de-diez-paises-de-america-latina-se-llevan-a-casa-premios-excelencia-periodistica-de-la-sip\/#breadcrumb","itemListElement":[{"@type":"ListItem","position":1,"name":"Home","item":"https:\/\/latamjournalismreview.org\/es\/"},{"@type":"ListItem","position":2,"name":"Periodistas de diez pa\u00edses de Am\u00e9rica Latina se llevan a casa premios Excelencia Period\u00edstica de la SIP"}]},{"@type":"WebSite","@id":"https:\/\/latamjournalismreview.org\/es\/#website","url":"https:\/\/latamjournalismreview.org\/es\/","name":"LatAm Journalism Review","description":"Knight Center at The University of Texas","publisher":{"@id":"https:\/\/latamjournalismreview.org\/es\/#organization"},"potentialAction":[{"@type":"SearchAction","target":{"@type":"EntryPoint","urlTemplate":"https:\/\/latamjournalismreview.org\/es\/?s={search_term_string}"},"query-input":{"@type":"PropertyValueSpecification","valueRequired":true,"valueName":"search_term_string"}}],"inLanguage":"es"},{"@type":"Organization","@id":"https:\/\/latamjournalismreview.org\/es\/#organization","name":"LatAm Journalism Review","url":"https:\/\/latamjournalismreview.org\/es\/","logo":{"@type":"ImageObject","inLanguage":"es","@id":"https:\/\/latamjournalismreview.org\/es\/#\/schema\/logo\/image\/","url":"https:\/\/latamjournalismreview.org\/wp-content\/uploads\/2020\/05\/knight-latAm-review-logo.svg","contentUrl":"https:\/\/latamjournalismreview.org\/wp-content\/uploads\/2020\/05\/knight-latAm-review-logo.svg","width":"1024","height":"1024","caption":"LatAm Journalism Review"},"image":{"@id":"https:\/\/latamjournalismreview.org\/es\/#\/schema\/logo\/image\/"},"sameAs":["https:\/\/x.com\/LatAmJournalism"]},{"@type":"Person","@id":"https:\/\/latamjournalismreview.org\/es\/#\/schema\/person\/b83a4912f05c8178389e917d8d51de03","name":"Teresa Mioli","description":"Teresa Mioli is the editorial manager for the Knight Center for Journalism in the Americas. She is interested in press freedom, democratization, and investigative journalism in Latin America and is dedicated to increasing awareness about the importance of independent news media to the health of democracies. She produces journalistic work with the aim of helping people to make informed decisions about their lives and societies and wants to make sure other journalists are able to do the same. She has Bachelors' degrees in Journalism and Plan II Honors (Liberal Arts) and a Master's degree in Latin American Studies, all from the University of Texas at Austin. She started her journalistic career at The Beaumont Enterprise in Southeast Texas where she last worked as a breaking news reporter. ______ Teresa Mioli es la directora editorial del Centro Knight para el Periodismo en las Am\u00e9ricas. Es una periodista con inter\u00e9s en la libertad de prensa, la democratizaci\u00f3n y el periodismo investigativo en Am\u00e9rica Latina y est\u00e1 dedicada a crear mayor consciencia sobre la importancia de los medios noticiosos independientes para la salud de las democracias. El objetivo de su trabajo period\u00edstico es ayudar las personas para que tomen decisiones informadas sobre sus vidas y sus sociedades, y busca que otros periodistas tengan la posibilidad de hacer lo mismo. Teresa tiene una licenciatura en Periodismo y Artes liberales (Plan II Honors), y una maestr\u00eda en Estudios Latinoamericanos, todos de la Universidad de Texas en Austin. Empez\u00f3 su carrera en periodismo en The Beaumont Enterprise al sureste de Texas, en donde recientemente trabaj\u00f3 como reportera de noticias de \u00faltima hora. Anteriormente ella fue la editora de LatAm Journalism Review del Centro Knight. ______ Teresa Mioli \u00e9 gerente editorial do Centro Knight para o Jornalismo nas Am\u00e9ricas. Ela se interessa por liberdade de imprensa, democratiza\u00e7\u00e3o e jornalismo investigativo na Am\u00e9rica Latina e se dedica a aumentar a conscientiza\u00e7\u00e3o sobre a import\u00e2ncia da m\u00eddia independente para a sa\u00fade das democracias. Ela produz trabalhos jornal\u00edsticos com o objetivo de ajudar as pessoas a tomarem decis\u00f5es informadas sobre suas vidas e sociedades e deseja garantir que outros jornalistas possam fazer o mesmo. Ela tem bacharelado em jornalismo e artes liberais e um mestrado em Estudos Latino-Americanos, todos pela Universidade do Texas em Austin. Ela come\u00e7ou sua carreira jornal\u00edstica na The Beaumont Enterprise no sudeste do Texas, onde trabalhou pela \u00faltima vez como rep\u00f3rter de not\u00edcias de \u00faltima hora.","sameAs":["https:\/\/x.com\/TeresaMioli"],"url":"https:\/\/latamjournalismreview.org\/es\/articles\/author\/teresa-mioli\/"}]}},"_links":{"self":[{"href":"https:\/\/latamjournalismreview.org\/es\/wp-json\/wp\/v2\/posts\/46718","targetHints":{"allow":["GET"]}}],"collection":[{"href":"https:\/\/latamjournalismreview.org\/es\/wp-json\/wp\/v2\/posts"}],"about":[{"href":"https:\/\/latamjournalismreview.org\/es\/wp-json\/wp\/v2\/types\/post"}],"author":[{"embeddable":true,"href":"https:\/\/latamjournalismreview.org\/es\/wp-json\/wp\/v2\/users\/3"}],"replies":[{"embeddable":true,"href":"https:\/\/latamjournalismreview.org\/es\/wp-json\/wp\/v2\/comments?post=46718"}],"version-history":[{"count":1,"href":"https:\/\/latamjournalismreview.org\/es\/wp-json\/wp\/v2\/posts\/46718\/revisions"}],"predecessor-version":[{"id":46720,"href":"https:\/\/latamjournalismreview.org\/es\/wp-json\/wp\/v2\/posts\/46718\/revisions\/46720"}],"wp:attachment":[{"href":"https:\/\/latamjournalismreview.org\/es\/wp-json\/wp\/v2\/media?parent=46718"}],"wp:term":[{"taxonomy":"category","embeddable":true,"href":"https:\/\/latamjournalismreview.org\/es\/wp-json\/wp\/v2\/categories?post=46718"},{"taxonomy":"post_tag","embeddable":true,"href":"https:\/\/latamjournalismreview.org\/es\/wp-json\/wp\/v2\/tags?post=46718"},{"taxonomy":"author","embeddable":true,"href":"https:\/\/latamjournalismreview.org\/es\/wp-json\/wp\/v2\/coauthors?post=46718"}],"curies":[{"name":"wp","href":"https:\/\/api.w.org\/{rel}","templated":true}]}}