{"id":46731,"date":"2017-07-18T14:36:09","date_gmt":"2017-07-18T19:36:09","guid":{"rendered":"https:\/\/latamjournalismreview.org\/?p=46731"},"modified":"2022-01-10T14:37:03","modified_gmt":"2022-01-10T19:37:03","slug":"medios-de-comunicacion-latinoamericanos-se-asocian-con-universidades-para-producir-contenido-periodistico","status":"publish","type":"post","link":"https:\/\/latamjournalismreview.org\/es\/articles\/medios-de-comunicacion-latinoamericanos-se-asocian-con-universidades-para-producir-contenido-periodistico\/","title":{"rendered":"Medios de comunicaci\u00f3n latinoamericanos se asocian con universidades para producir contenido period\u00edstico"},"content":{"rendered":"<p>Los presentadores son periodistas con experiencia que reportan noticias nacionales y entrevistan a l\u00edderes de opini\u00f3n y pol\u00edticos en un noticiero televisivo producido por profesionales. Todo sobre este programa noticioso producido por el diario peruano Correo opera como cualquier otro noticiero de un medio de comunicaci\u00f3n.<\/p>\n<p>Sin embargo, hay una colaboraci\u00f3n tras bambalinas que hace de este programa de noticias period\u00edsticas un caso particular: es producido en el estudio de televisi\u00f3n del campus de la Universidad San Ignacio de Loyola (USIL), con la ayuda de estudiantes de la carrera de comunicaciones que operan las c\u00e1maras bajo la supervisi\u00f3n de sus profesores.<\/p>\n<p>Los medios latinoamericanos, como Correo, est\u00e1n formando alianzas con escuelas de periodismo locales como una manera creativa de luchar contra la reducci\u00f3n de recursos que enfrenta la industria period\u00edstica, adem\u00e1s de preparar profesionalmente a las futuras generaciones de periodistas. Hoy en d\u00eda, varios medios y universidades comparten espacios de trabajo, colaboran en investigaciones conjuntas y reportan noticias codo a codo.<\/p>\n<p>Como est\u00e1 sucediendo con todas las publicaciones alrededor del mundo, los ingresos del diario Correo empezaron a decaer consistentemente. Esto hizo que el Grupo Epensa, conglomerado editorial del que forma parte Correo, suscribiera un acuerdo con USIL en 2015 para compartir recursos y espacios en la producci\u00f3n conjunta de contenidos.<\/p>\n<p>Gracias a este acuerdo, los profesionales de Epensa pueden hacer uso del estudio y sala de producci\u00f3n de televisi\u00f3n de la USIL, con la colaboraci\u00f3n de algunos de sus estudiantes, en calidad de pr\u00e1cticas profesionales.<\/p>\n<p>As\u00ed es como naci\u00f3<a href=\"http:\/\/diariocorreo.pe\/correo-tv\/sirisha-yellali-comento-sobre-la-campana-medica-gratuita-en-iquitos-767608\/\" target=\"_blank\" rel=\"noopener\">\u00a0Los Desayunos de Correo y USIL<\/a>. Un noticiero matutino de TV cuyo contenido informativo es producido por periodistas de Epensa en el estudio de televisi\u00f3n de la USIL. Los estudiantes de la carrera de Comunicaci\u00f3n operan las c\u00e1maras de video supervisados por sus profesores, y dos profesionales contratados por la universidad se encargan de la direcci\u00f3n de c\u00e1mara y de sonido.<\/p>\n<p>\u201cEste convenio de co-producci\u00f3n con Correo para el desarrollo del programa 'Los Desayunos de Correo y USIL' ha beneficiado, en estos dos a\u00f1os, a una treintena de alumnos, otorg\u00e1ndoles las competencias necesarias para poder ejercer su profesi\u00f3n\u201d, declar\u00f3 \u00darsula Vallejo Moreno, directora de la carrera de comunicaciones de USIL, al\u00a0<strong>Centro Knight<\/strong>. \u201cEllos pueden converger con profesionales de amplia trayectoria en prensa y televisi\u00f3n, y tenerlos como referentes. Adem\u00e1s, aprenden en vivo y en directo el proceso de la comunicaci\u00f3n, la producci\u00f3n y la realizaci\u00f3n de programas informativos. Todo ello les da la capacidad para ser mejores profesionales altamente competentes\u201d.<\/p>\n<p>El noticiero se transmite dos horas al d\u00eda en se\u00f1al abierta de TV, a trav\u00e9s del canal de youtube Willax TV, por Facebook Live y en las p\u00e1ginas web de Correo y de la USIL.<\/p>\n<p>\u201cEste formato es una apuesta por el contenido period\u00edstico. Si la publicidad llega, perfecto. De hecho, ya empresas como (la telef\u00f3nica) Claro han mostrado sus productos en las horas de emisi\u00f3n\u201d, dijo Iv\u00e1nSlocovich, director nacional del diario Correo. Asimismo, se\u00f1al\u00f3 que tanto el Grupo Epensa como la USIL est\u00e1n muy satisfechos por esta alianza estrat\u00e9gica.<\/p>\n<p>Correo no es el \u00fanico medio peruano que trabaja con estudiantes universitarios.<\/p>\n<p>En julio de 2017, el medio nativo digital peruano Ojo P\u00fablico, que hace periodismo investigativo y de datos, public\u00f3 por primera vez<a href=\"https:\/\/narcomapa.ojo-publico.com\/articulo\/caso-sanchez-paredes-los-fantasmas-del-narcotrafico-nunca-desaparecen\/\" target=\"_blank\" rel=\"noopener\">\u00a0un reportaje conjunto con estudiantes universitarios<\/a>\u00a0de periodismo de la Pontificia Universidad Cat\u00f3lica del Per\u00fa (PUCP). Se trata de NarcoMapa,\u00a0<a href=\"https:\/\/narcomapa.ojo-publico.com\/\" target=\"_blank\" rel=\"noopener\">una plataforma de periodismo de investigaci\u00f3n enfocada en los principales casos de tr\u00e1fico de drogas en el pa\u00eds<\/a>, sus actores y sus nexos pol\u00edticos.<\/p>\n<p>El proyecto fue propuesto como un reportaje de periodismo de investigaci\u00f3n a Ojo P\u00fablico por un grupo de universitarios del \u00faltimo ciclo de la carrera de periodismo de PUCP. Como parte del curso Proyecto de Periodismo, que dicta la abogada y periodista peruana Rosa Mar\u00eda Palacios, los estudiantes presentaron un proyecto de reportaje, propusieron un modelo de negocio y un medio donde publicar su reportaje. Tambi\u00e9n idearon las estrategias de su difusi\u00f3n.<\/p>\n<p>\u201cEl tema nos interesaba y tambi\u00e9n ten\u00edamos la intenci\u00f3n de trabajar con gente joven, con universitarios\u201d, dijo \u00d3scar Castilla, cofundador y director ejecutivo de Ojo P\u00fablico, resaltando la labor formativa que desde Ojo P\u00fablico los hace sentirse comprometidos con los j\u00f3venes periodistas y estudiantes de periodismo que saldr\u00e1n al mercado laboral.<\/p>\n<p>NarcoMapa \u201cfue un proyecto un poco\u00a0<em>sui generis<\/em>, en el cual tuvimos que acompa\u00f1ar a los estudiantes en el proceso. Tuvimos como dos o tres meses desde que empezamos, y al final acordamos que ser\u00eda un proyecto conjunto entre Ojo P\u00fablico y ellos (los estudiantes)\u201d, cont\u00f3 Castilla.<\/p>\n<p>Los estudiantes aprendieron a manejar fuentes judiciales, a reportear en la calle, en las salas de audiencia de los penales, y a tomar fotos. Para Castilla, la experiencia fue bastante completa para los estudiantes desde lo que representa ser un periodista moderno, y no un periodista tradicional, que solo se ocupa de cubrir una noticia y de escribir su historia.<\/p>\n<p>Para algunos medios, este tipo de colaboraci\u00f3n no solo resulta del deseo de ense\u00f1ar y difundir su conocimiento, sino tambi\u00e9n de la necesidad de contar con m\u00e1s manos.<\/p>\n<p>En Argentina, la redacci\u00f3n del diario La Naci\u00f3n y su equipo de periodismo de datos La Naci\u00f3n Data, tambi\u00e9n recurrieron a la ayuda de voluntarios de universidades de periodismo y otras carreras de humanidades para procesar la informaci\u00f3n de su<a href=\"http:\/\/interactivos.lanacion.com.ar\/declaraciones-juradas\/#pd=0\" target=\"_blank\" rel=\"noopener\">\u00a0plataforma de datos abiertos que consigna las declaraciones juradas de jueces federales<\/a>\u00a0y de los miembros del gabinete ministerial de Argentina.<\/p>\n<p>El peri\u00f3dico y su equipo La Naci\u00f3n Data vienen trabajando en este proyecto desde 2012.<\/p>\n<p>A fines de 2013, se dieron cuenta que con solo 10 personas en el equipo y otros proyectos en curso no podr\u00edan cargar toda la informaci\u00f3n que hab\u00edan recolectado sobre declaraciones juradas de a\u00f1os atr\u00e1s hasta la actualidad.<\/p>\n<p>\u201cNecesit\u00e1bamos tener un grupo controlado al cual le pudi\u00e9ramos dar seguimiento, y se nos ocurri\u00f3 hablar con uno de nuestros compa\u00f1eros que es Hern\u00e1n Cappiello, uno de los periodistas de La Naci\u00f3n que es el director de la carrera de comunicaci\u00f3n period\u00edstica de la Universidad Cat\u00f3lica de Argentina (UCA), para ver si pod\u00edamos enviar una invitaci\u00f3n a los estudiantes para ver qui\u00e9n se quer\u00eda sumar. \u00c9l hizo la difusi\u00f3n de la invitaci\u00f3n dentro de los estudiantes de la UCA y los capacitamos ac\u00e1 en La Naci\u00f3n\u201d, dijo Romina Colman al\u00a0<strong>Centro Knight<\/strong>.<\/p>\n<p>Colman es responsable de producci\u00f3n de datos y coordinadora de proyectos entre La Naci\u00f3n Data y la redacci\u00f3n general del diario. Ella se especializa en el acceso a la informaci\u00f3n p\u00fablica.<\/p>\n<p>Los<a href=\"http:\/\/experiencia-voluntarios-ddjjabiertas.silk.co\/\" target=\"_blank\" rel=\"noopener\">\u00a015 estudiantes de periodismo de la UCA<\/a>\u00a0que aceptaron participar como voluntarios en el proyecto fueron capacitados en La Naci\u00f3n en 2015. Ellos recibieron previamente un<a href=\"https:\/\/docs.google.com\/document\/d\/1f0aUuqtxJAVwy-vQJY6NtJ28lPILDoET8X0cQf4JGEY\/edit\" target=\"_blank\" rel=\"noopener\">\u00a0manual<\/a>\u00a0y usuarios de carga de informaci\u00f3n con los cuales pudieron colaborar tanto desde el diario como desde sus casas.<\/p>\n<p>\u201cMe parece b\u00e1rbara la apertura que tuvo La Naci\u00f3n de poder recibirnos, que para ellos es una ayuda, pero para nosotros significa incorporar nuevos contenidos [en la carrera]. De la alianza entre la universidad y La Naci\u00f3n Data, nosotros estamos m\u00e1s que felices. Por lo menos son 20 los alumnos [de la UCA] que ya han colaborado en proyectos de La Naci\u00f3n\u201d, dijo Cappiello, \u00a0periodista de La Naci\u00f3n y director de la carrera de periodismo en la UCA, al\u00a0<strong>Centro Knight<\/strong>.<\/p>\n<p>La plataforma de declaraciones juradas de funcionarios p\u00fablicos de Argentina se alimenta continuamente, y por etapas, con ayuda de los voluntarios que colaboran con el equipo de La Naci\u00f3n Data. En estos d\u00edas\u00a0estar\u00e1n publicando una reportaje basado en la informaci\u00f3n patrimonial y financiera recogida hasta la fecha, sobre las inversiones de los ministros, cont\u00f3 Colman.<\/p>\n<p>\u201cEsto es un acercamiento al mundo profesional y a la innovaci\u00f3n, como al periodismo de datos, o el an\u00e1lisis de alguna informaci\u00f3n en particular para un proyecto espec\u00edfico. Es un acercamiento muy, muy valioso\u201d, dijo Cappiello. \u201cEl segundo aspecto que me parece muy interesante es que los proyectos en los que estamos participando son los que est\u00e1 haciendo hoy el periodismo, que tienen que ver con la idea del periodismo colaborativo, que a las redes de personas que emprenden un proyecto se le pueden sumar personas de la sociedad civil [para participar de este]\u201d.<\/p>\n<p>La Naci\u00f3n tambi\u00e9n cont\u00f3 con la ayuda de voluntarios de universidades argentinas para llevar a cabo proyectos de datos abiertos a trav\u00e9s de su plataforma colaborativa\u00a0<a href=\"http:\/\/vozdata.lanacion.com.ar\/\" target=\"_blank\" rel=\"noopener\">VozData<\/a>, la cual fue desarrollada con el apoyo de\u00a0<a href=\"https:\/\/www.opennews.org\/\" target=\"_blank\" rel=\"noopener\">Knight Mozilla Open News<\/a>\u00a0y<a href=\"http:\/\/www.civicus.org\/\" target=\"_blank\" rel=\"noopener\">\u00a0Civicus Alliance<\/a>. En marzo de 2014 empezaron a trabajar el primer proyecto de esta plataforma,<a href=\"http:\/\/www.lanacion.com.ar\/gastos-en-el-senado-t49163\" target=\"_blank\" rel=\"noopener\">\u00a0Gastos del Senado<\/a>, seg\u00fan Florencia Coelho, gerente de investigaci\u00f3n y data training manager de La Naci\u00f3n.<\/p>\n<p>Para recabar toda esta informaci\u00f3n, dijo Coelho, La Naci\u00f3n tambi\u00e9n convoc\u00f3 la ayuda de voluntarios, llegando a tener cerca de mil, la mayor\u00eda de ellos provenientes de universidades como UCA, Universidad Austral, Universidad de El Salvador, Colegio Universitario de Periodismo de la Provincia de C\u00f3rdoba (CUP), Universidad Torcuato di Tella, Universidad Siglo 21 y Universidad de Concepci\u00f3n del Uruguay.<\/p>\n<p>Desde hace tres a\u00f1os vienen trabajando el proyecto Gastos del Senado, cargando a la plataforma informaci\u00f3n de los gastos de los legisladores argentinos registrados desde 2010 hasta la fecha.<\/p>\n<p>Asimismo, trabajaron con universitarios y voluntarios de diversas ONG el\u00a0<a href=\"http:\/\/www.lanacion.com.ar\/telegramas-electorales-t54807\" target=\"_blank\" rel=\"noopener\">proyecto de telegramas electorales de las primarias de Argentina<\/a>\u00a0para elecci\u00f3n presidencial de 2015, gracias al cual revelaron varias irregularidades en el proceso.<\/p>\n<p>\u201cLo importante de esta tarea en conjunto, que no es trabajar gratis para La Naci\u00f3n, sino es que estamos abriendo datos p\u00fablicos entre muchas personas [...]\u00a0para poder tener una base de datos y hacer investigaciones period\u00edsticas, tanto ellos [los estudiantes], como La Naci\u00f3n. Sino es un proyecto imposible para trabajar nosotros solos; trabajando en equipo con universidades y ONG logramos un proyecto que de lo contrario no hubi\u00e9ramos podido hacer\u201d, dijo Coelho.<\/p>\n<p><em>Nota del editor: Esta historia fue publicada originalmente en el blog Periodismo en las Am\u00e9ricas del Centro Knight, el predecesor de LatAm Journalism Review.<\/em><\/p>\n","protected":false},"excerpt":{"rendered":"<p>Los presentadores son periodistas con experiencia que reportan noticias nacionales y entrevistan a l\u00edderes de opini\u00f3n y pol\u00edticos en un noticiero televisivo producido por profesionales. Todo sobre este programa noticioso producido por el diario peruano Correo opera como cualquier otro noticiero de un medio de comunicaci\u00f3n.<\/p>\n","protected":false},"author":4,"featured_media":0,"comment_status":"closed","ping_status":"closed","sticky":false,"template":"","format":"standard","meta":{"inline_featured_image":false,"footnotes":""},"categories":[1213],"tags":[1422,1436,1477],"coauthors":[],"class_list":["post-46731","post","type-post","status-publish","format-standard","hentry","category-colaboracion-es","tag-acceso-a-la-informacion-es","tag-colaboracion-es","tag-educacion-en-periodismo-es"],"acf":[],"yoast_head":"<!-- This site is optimized with the Yoast SEO Premium plugin v22.6 (Yoast SEO v27.4) - https:\/\/yoast.com\/product\/yoast-seo-premium-wordpress\/ -->\n<title>Medios de comunicaci\u00f3n latinoamericanos se asocian con universidades para producir contenido period\u00edstico - LatAm Journalism Review<\/title>\n<meta name=\"description\" content=\"Medios de comunicaci\u00f3n latinoamericanos se asocian con universidades para producir contenido period\u00edstico Colaboraci\u00f3n. Latin American Journalism Review by The Knight Center at The University of Texas at Austin.\" \/>\n<meta name=\"robots\" content=\"index, follow, max-snippet:-1, max-image-preview:large, max-video-preview:-1\" \/>\n<link rel=\"canonical\" href=\"https:\/\/latamjournalismreview.org\/es\/articles\/medios-de-comunicacion-latinoamericanos-se-asocian-con-universidades-para-producir-contenido-periodistico\/\" \/>\n<meta property=\"og:locale\" content=\"es_ES\" \/>\n<meta property=\"og:type\" content=\"article\" \/>\n<meta property=\"og:title\" content=\"Medios de comunicaci\u00f3n latinoamericanos se asocian con universidades para producir contenido period\u00edstico\" \/>\n<meta property=\"og:description\" content=\"Medios de comunicaci\u00f3n latinoamericanos se asocian con universidades para producir contenido period\u00edstico Colaboraci\u00f3n. Latin American Journalism Review by The Knight Center at The University of Texas at Austin.\" \/>\n<meta property=\"og:url\" content=\"https:\/\/latamjournalismreview.org\/es\/articles\/medios-de-comunicacion-latinoamericanos-se-asocian-con-universidades-para-producir-contenido-periodistico\/\" \/>\n<meta property=\"og:site_name\" content=\"LatAm Journalism Review\" \/>\n<meta property=\"article:published_time\" content=\"2017-07-18T19:36:09+00:00\" \/>\n<meta property=\"article:modified_time\" content=\"2022-01-10T19:37:03+00:00\" \/>\n<meta name=\"author\" content=\"Paola Nalvarte\" \/>\n<meta name=\"twitter:card\" content=\"summary_large_image\" \/>\n<meta name=\"twitter:creator\" content=\"@paolanalvarte\" \/>\n<meta name=\"twitter:site\" content=\"@LatAmJournalism\" \/>\n<meta name=\"twitter:label1\" content=\"Written by\" \/>\n\t<meta name=\"twitter:data1\" content=\"Paola Nalvarte\" \/>\n\t<meta name=\"twitter:label2\" content=\"Est. reading time\" \/>\n\t<meta name=\"twitter:data2\" content=\"9 minutos\" \/>\n<script type=\"application\/ld+json\" class=\"yoast-schema-graph\">{\"@context\":\"https:\\\/\\\/schema.org\",\"@graph\":[{\"@type\":\"Article\",\"@id\":\"https:\\\/\\\/latamjournalismreview.org\\\/es\\\/articles\\\/medios-de-comunicacion-latinoamericanos-se-asocian-con-universidades-para-producir-contenido-periodistico\\\/#article\",\"isPartOf\":{\"@id\":\"https:\\\/\\\/latamjournalismreview.org\\\/es\\\/articles\\\/medios-de-comunicacion-latinoamericanos-se-asocian-con-universidades-para-producir-contenido-periodistico\\\/\"},\"author\":{\"name\":\"Paola Nalvarte\",\"@id\":\"https:\\\/\\\/latamjournalismreview.org\\\/es\\\/#\\\/schema\\\/person\\\/d0b9fa850ef1b6f56bb445e52f29f63f\"},\"headline\":\"Medios de comunicaci\u00f3n latinoamericanos se asocian con universidades para producir contenido period\u00edstico\",\"datePublished\":\"2017-07-18T19:36:09+00:00\",\"dateModified\":\"2022-01-10T19:37:03+00:00\",\"mainEntityOfPage\":{\"@id\":\"https:\\\/\\\/latamjournalismreview.org\\\/es\\\/articles\\\/medios-de-comunicacion-latinoamericanos-se-asocian-con-universidades-para-producir-contenido-periodistico\\\/\"},\"wordCount\":1781,\"publisher\":{\"@id\":\"https:\\\/\\\/latamjournalismreview.org\\\/es\\\/#organization\"},\"keywords\":[\"Acceso a la informaci\u00f3n\",\"Colaboraci\u00f3n\",\"Educaci\u00f3n en periodismo\"],\"articleSection\":[\"Colaboraci\u00f3n\"],\"inLanguage\":\"es\"},{\"@type\":\"WebPage\",\"@id\":\"https:\\\/\\\/latamjournalismreview.org\\\/es\\\/articles\\\/medios-de-comunicacion-latinoamericanos-se-asocian-con-universidades-para-producir-contenido-periodistico\\\/\",\"url\":\"https:\\\/\\\/latamjournalismreview.org\\\/es\\\/articles\\\/medios-de-comunicacion-latinoamericanos-se-asocian-con-universidades-para-producir-contenido-periodistico\\\/\",\"name\":\"Medios de comunicaci\u00f3n latinoamericanos se asocian con universidades para producir contenido period\u00edstico - LatAm Journalism Review\",\"isPartOf\":{\"@id\":\"https:\\\/\\\/latamjournalismreview.org\\\/es\\\/#website\"},\"datePublished\":\"2017-07-18T19:36:09+00:00\",\"dateModified\":\"2022-01-10T19:37:03+00:00\",\"description\":\"Medios de comunicaci\u00f3n latinoamericanos se asocian con universidades para producir contenido period\u00edstico Colaboraci\u00f3n. Latin American Journalism Review by The Knight Center at The University of Texas at Austin.\",\"breadcrumb\":{\"@id\":\"https:\\\/\\\/latamjournalismreview.org\\\/es\\\/articles\\\/medios-de-comunicacion-latinoamericanos-se-asocian-con-universidades-para-producir-contenido-periodistico\\\/#breadcrumb\"},\"inLanguage\":\"es\",\"potentialAction\":[{\"@type\":\"ReadAction\",\"target\":[\"https:\\\/\\\/latamjournalismreview.org\\\/es\\\/articles\\\/medios-de-comunicacion-latinoamericanos-se-asocian-con-universidades-para-producir-contenido-periodistico\\\/\"]}]},{\"@type\":\"BreadcrumbList\",\"@id\":\"https:\\\/\\\/latamjournalismreview.org\\\/es\\\/articles\\\/medios-de-comunicacion-latinoamericanos-se-asocian-con-universidades-para-producir-contenido-periodistico\\\/#breadcrumb\",\"itemListElement\":[{\"@type\":\"ListItem\",\"position\":1,\"name\":\"Home\",\"item\":\"https:\\\/\\\/latamjournalismreview.org\\\/es\\\/\"},{\"@type\":\"ListItem\",\"position\":2,\"name\":\"Medios de comunicaci\u00f3n latinoamericanos se asocian con universidades para producir contenido period\u00edstico\"}]},{\"@type\":\"WebSite\",\"@id\":\"https:\\\/\\\/latamjournalismreview.org\\\/es\\\/#website\",\"url\":\"https:\\\/\\\/latamjournalismreview.org\\\/es\\\/\",\"name\":\"LatAm Journalism Review\",\"description\":\"Knight Center at The University of Texas\",\"publisher\":{\"@id\":\"https:\\\/\\\/latamjournalismreview.org\\\/es\\\/#organization\"},\"potentialAction\":[{\"@type\":\"SearchAction\",\"target\":{\"@type\":\"EntryPoint\",\"urlTemplate\":\"https:\\\/\\\/latamjournalismreview.org\\\/es\\\/?s={search_term_string}\"},\"query-input\":{\"@type\":\"PropertyValueSpecification\",\"valueRequired\":true,\"valueName\":\"search_term_string\"}}],\"inLanguage\":\"es\"},{\"@type\":\"Organization\",\"@id\":\"https:\\\/\\\/latamjournalismreview.org\\\/es\\\/#organization\",\"name\":\"LatAm Journalism Review\",\"url\":\"https:\\\/\\\/latamjournalismreview.org\\\/es\\\/\",\"logo\":{\"@type\":\"ImageObject\",\"inLanguage\":\"es\",\"@id\":\"https:\\\/\\\/latamjournalismreview.org\\\/es\\\/#\\\/schema\\\/logo\\\/image\\\/\",\"url\":\"https:\\\/\\\/latamjournalismreview.org\\\/wp-content\\\/uploads\\\/2020\\\/05\\\/knight-latAm-review-logo.svg\",\"contentUrl\":\"https:\\\/\\\/latamjournalismreview.org\\\/wp-content\\\/uploads\\\/2020\\\/05\\\/knight-latAm-review-logo.svg\",\"width\":\"1024\",\"height\":\"1024\",\"caption\":\"LatAm Journalism Review\"},\"image\":{\"@id\":\"https:\\\/\\\/latamjournalismreview.org\\\/es\\\/#\\\/schema\\\/logo\\\/image\\\/\"},\"sameAs\":[\"https:\\\/\\\/x.com\\\/LatAmJournalism\"]},{\"@type\":\"Person\",\"@id\":\"https:\\\/\\\/latamjournalismreview.org\\\/es\\\/#\\\/schema\\\/person\\\/d0b9fa850ef1b6f56bb445e52f29f63f\",\"name\":\"Paola Nalvarte\",\"description\":\"Paola Nalvarte is a Peruvian journalist and documentary photographer living in Austin, Texas. She focuses on covering and writing about the Andes region. In Peru, Paola worked in the Lima office of the Italian news agency ANSA, on the economic news desk of the daily Expreso, and for ten years she has been working on different editorial projects doing picture editing and research for one of the oldest Spanish-language papers in the world, the Peruvian newspaper El Comercio. She also enjoyed writing for the newspaper weekly magazine Somos. Paola Nalvarte es una periodista y fot\u00f3grafa documental peruana que vive en Austin, Texas. El foco de inter\u00e9s de su cobertura noticiosa es la regi\u00f3n andina. En Per\u00fa, Paola trabaj\u00f3 en la oficina de Lima de la agencia italiana de noticias ANSA, en la secci\u00f3n de econom\u00eda del diario Expreso y por diez a\u00f1os hizo investigaci\u00f3n fotogr\u00e1fica y edici\u00f3n de fotograf\u00eda editorial en el diario decano de la prensa peruana, El Comercio. Tambi\u00e9n escribi\u00f3 para Somos, la revista semanal del mismo diario\u200b, art\u00edculos sobre medio ambiente y cultura. Paola Nalvarte \u00e9 uma jornalista peruana e fot\u00f3grafa documentarista que vive em Austin, Texas. O foco de interesse da sua cobertura jornal\u00edstica \u00e9 a regi\u00e3o andina. No Peru, Paola trabalhou no escrit\u00f3rio de Lima da ag\u00eancia de not\u00edcias italiana ANSA, na se\u00e7\u00e3o de economia do jornal Expreso e, por dez anos, fez pesquisa fotogr\u00e1fica e edi\u00e7\u00e3o de fotografia editorial para um dos jornais em espanhol mais antigos do mundo, o jornal peruano El Comercio. Ela tamb\u00e9m escreveu artigos de meio ambiente e cultura para a Somos, a revista semanal do mesmo jornal.\",\"sameAs\":[\"https:\\\/\\\/x.com\\\/paolanalvarte\"],\"url\":\"https:\\\/\\\/latamjournalismreview.org\\\/es\\\/articles\\\/author\\\/paola-nalvarte\\\/\"}]}<\/script>\n<!-- \/ Yoast SEO Premium plugin. -->","yoast_head_json":{"title":"Medios de comunicaci\u00f3n latinoamericanos se asocian con universidades para producir contenido period\u00edstico - LatAm Journalism Review","description":"Medios de comunicaci\u00f3n latinoamericanos se asocian con universidades para producir contenido period\u00edstico Colaboraci\u00f3n. Latin American Journalism Review by The Knight Center at The University of Texas at Austin.","robots":{"index":"index","follow":"follow","max-snippet":"max-snippet:-1","max-image-preview":"max-image-preview:large","max-video-preview":"max-video-preview:-1"},"canonical":"https:\/\/latamjournalismreview.org\/es\/articles\/medios-de-comunicacion-latinoamericanos-se-asocian-con-universidades-para-producir-contenido-periodistico\/","og_locale":"es_ES","og_type":"article","og_title":"Medios de comunicaci\u00f3n latinoamericanos se asocian con universidades para producir contenido period\u00edstico","og_description":"Medios de comunicaci\u00f3n latinoamericanos se asocian con universidades para producir contenido period\u00edstico Colaboraci\u00f3n. Latin American Journalism Review by The Knight Center at The University of Texas at Austin.","og_url":"https:\/\/latamjournalismreview.org\/es\/articles\/medios-de-comunicacion-latinoamericanos-se-asocian-con-universidades-para-producir-contenido-periodistico\/","og_site_name":"LatAm Journalism Review","article_published_time":"2017-07-18T19:36:09+00:00","article_modified_time":"2022-01-10T19:37:03+00:00","author":"Paola Nalvarte","twitter_card":"summary_large_image","twitter_creator":"@paolanalvarte","twitter_site":"@LatAmJournalism","twitter_misc":{"Written by":"Paola Nalvarte","Est. reading time":"9 minutos"},"schema":{"@context":"https:\/\/schema.org","@graph":[{"@type":"Article","@id":"https:\/\/latamjournalismreview.org\/es\/articles\/medios-de-comunicacion-latinoamericanos-se-asocian-con-universidades-para-producir-contenido-periodistico\/#article","isPartOf":{"@id":"https:\/\/latamjournalismreview.org\/es\/articles\/medios-de-comunicacion-latinoamericanos-se-asocian-con-universidades-para-producir-contenido-periodistico\/"},"author":{"name":"Paola Nalvarte","@id":"https:\/\/latamjournalismreview.org\/es\/#\/schema\/person\/d0b9fa850ef1b6f56bb445e52f29f63f"},"headline":"Medios de comunicaci\u00f3n latinoamericanos se asocian con universidades para producir contenido period\u00edstico","datePublished":"2017-07-18T19:36:09+00:00","dateModified":"2022-01-10T19:37:03+00:00","mainEntityOfPage":{"@id":"https:\/\/latamjournalismreview.org\/es\/articles\/medios-de-comunicacion-latinoamericanos-se-asocian-con-universidades-para-producir-contenido-periodistico\/"},"wordCount":1781,"publisher":{"@id":"https:\/\/latamjournalismreview.org\/es\/#organization"},"keywords":["Acceso a la informaci\u00f3n","Colaboraci\u00f3n","Educaci\u00f3n en periodismo"],"articleSection":["Colaboraci\u00f3n"],"inLanguage":"es"},{"@type":"WebPage","@id":"https:\/\/latamjournalismreview.org\/es\/articles\/medios-de-comunicacion-latinoamericanos-se-asocian-con-universidades-para-producir-contenido-periodistico\/","url":"https:\/\/latamjournalismreview.org\/es\/articles\/medios-de-comunicacion-latinoamericanos-se-asocian-con-universidades-para-producir-contenido-periodistico\/","name":"Medios de comunicaci\u00f3n latinoamericanos se asocian con universidades para producir contenido period\u00edstico - LatAm Journalism Review","isPartOf":{"@id":"https:\/\/latamjournalismreview.org\/es\/#website"},"datePublished":"2017-07-18T19:36:09+00:00","dateModified":"2022-01-10T19:37:03+00:00","description":"Medios de comunicaci\u00f3n latinoamericanos se asocian con universidades para producir contenido period\u00edstico Colaboraci\u00f3n. Latin American Journalism Review by The Knight Center at The University of Texas at Austin.","breadcrumb":{"@id":"https:\/\/latamjournalismreview.org\/es\/articles\/medios-de-comunicacion-latinoamericanos-se-asocian-con-universidades-para-producir-contenido-periodistico\/#breadcrumb"},"inLanguage":"es","potentialAction":[{"@type":"ReadAction","target":["https:\/\/latamjournalismreview.org\/es\/articles\/medios-de-comunicacion-latinoamericanos-se-asocian-con-universidades-para-producir-contenido-periodistico\/"]}]},{"@type":"BreadcrumbList","@id":"https:\/\/latamjournalismreview.org\/es\/articles\/medios-de-comunicacion-latinoamericanos-se-asocian-con-universidades-para-producir-contenido-periodistico\/#breadcrumb","itemListElement":[{"@type":"ListItem","position":1,"name":"Home","item":"https:\/\/latamjournalismreview.org\/es\/"},{"@type":"ListItem","position":2,"name":"Medios de comunicaci\u00f3n latinoamericanos se asocian con universidades para producir contenido period\u00edstico"}]},{"@type":"WebSite","@id":"https:\/\/latamjournalismreview.org\/es\/#website","url":"https:\/\/latamjournalismreview.org\/es\/","name":"LatAm Journalism Review","description":"Knight Center at The University of Texas","publisher":{"@id":"https:\/\/latamjournalismreview.org\/es\/#organization"},"potentialAction":[{"@type":"SearchAction","target":{"@type":"EntryPoint","urlTemplate":"https:\/\/latamjournalismreview.org\/es\/?s={search_term_string}"},"query-input":{"@type":"PropertyValueSpecification","valueRequired":true,"valueName":"search_term_string"}}],"inLanguage":"es"},{"@type":"Organization","@id":"https:\/\/latamjournalismreview.org\/es\/#organization","name":"LatAm Journalism Review","url":"https:\/\/latamjournalismreview.org\/es\/","logo":{"@type":"ImageObject","inLanguage":"es","@id":"https:\/\/latamjournalismreview.org\/es\/#\/schema\/logo\/image\/","url":"https:\/\/latamjournalismreview.org\/wp-content\/uploads\/2020\/05\/knight-latAm-review-logo.svg","contentUrl":"https:\/\/latamjournalismreview.org\/wp-content\/uploads\/2020\/05\/knight-latAm-review-logo.svg","width":"1024","height":"1024","caption":"LatAm Journalism Review"},"image":{"@id":"https:\/\/latamjournalismreview.org\/es\/#\/schema\/logo\/image\/"},"sameAs":["https:\/\/x.com\/LatAmJournalism"]},{"@type":"Person","@id":"https:\/\/latamjournalismreview.org\/es\/#\/schema\/person\/d0b9fa850ef1b6f56bb445e52f29f63f","name":"Paola Nalvarte","description":"Paola Nalvarte is a Peruvian journalist and documentary photographer living in Austin, Texas. She focuses on covering and writing about the Andes region. In Peru, Paola worked in the Lima office of the Italian news agency ANSA, on the economic news desk of the daily Expreso, and for ten years she has been working on different editorial projects doing picture editing and research for one of the oldest Spanish-language papers in the world, the Peruvian newspaper El Comercio. She also enjoyed writing for the newspaper weekly magazine Somos. Paola Nalvarte es una periodista y fot\u00f3grafa documental peruana que vive en Austin, Texas. El foco de inter\u00e9s de su cobertura noticiosa es la regi\u00f3n andina. En Per\u00fa, Paola trabaj\u00f3 en la oficina de Lima de la agencia italiana de noticias ANSA, en la secci\u00f3n de econom\u00eda del diario Expreso y por diez a\u00f1os hizo investigaci\u00f3n fotogr\u00e1fica y edici\u00f3n de fotograf\u00eda editorial en el diario decano de la prensa peruana, El Comercio. Tambi\u00e9n escribi\u00f3 para Somos, la revista semanal del mismo diario\u200b, art\u00edculos sobre medio ambiente y cultura. Paola Nalvarte \u00e9 uma jornalista peruana e fot\u00f3grafa documentarista que vive em Austin, Texas. O foco de interesse da sua cobertura jornal\u00edstica \u00e9 a regi\u00e3o andina. No Peru, Paola trabalhou no escrit\u00f3rio de Lima da ag\u00eancia de not\u00edcias italiana ANSA, na se\u00e7\u00e3o de economia do jornal Expreso e, por dez anos, fez pesquisa fotogr\u00e1fica e edi\u00e7\u00e3o de fotografia editorial para um dos jornais em espanhol mais antigos do mundo, o jornal peruano El Comercio. Ela tamb\u00e9m escreveu artigos de meio ambiente e cultura para a Somos, a revista semanal do mesmo jornal.","sameAs":["https:\/\/x.com\/paolanalvarte"],"url":"https:\/\/latamjournalismreview.org\/es\/articles\/author\/paola-nalvarte\/"}]}},"_links":{"self":[{"href":"https:\/\/latamjournalismreview.org\/es\/wp-json\/wp\/v2\/posts\/46731","targetHints":{"allow":["GET"]}}],"collection":[{"href":"https:\/\/latamjournalismreview.org\/es\/wp-json\/wp\/v2\/posts"}],"about":[{"href":"https:\/\/latamjournalismreview.org\/es\/wp-json\/wp\/v2\/types\/post"}],"author":[{"embeddable":true,"href":"https:\/\/latamjournalismreview.org\/es\/wp-json\/wp\/v2\/users\/4"}],"replies":[{"embeddable":true,"href":"https:\/\/latamjournalismreview.org\/es\/wp-json\/wp\/v2\/comments?post=46731"}],"version-history":[{"count":1,"href":"https:\/\/latamjournalismreview.org\/es\/wp-json\/wp\/v2\/posts\/46731\/revisions"}],"predecessor-version":[{"id":46733,"href":"https:\/\/latamjournalismreview.org\/es\/wp-json\/wp\/v2\/posts\/46731\/revisions\/46733"}],"wp:attachment":[{"href":"https:\/\/latamjournalismreview.org\/es\/wp-json\/wp\/v2\/media?parent=46731"}],"wp:term":[{"taxonomy":"category","embeddable":true,"href":"https:\/\/latamjournalismreview.org\/es\/wp-json\/wp\/v2\/categories?post=46731"},{"taxonomy":"post_tag","embeddable":true,"href":"https:\/\/latamjournalismreview.org\/es\/wp-json\/wp\/v2\/tags?post=46731"},{"taxonomy":"author","embeddable":true,"href":"https:\/\/latamjournalismreview.org\/es\/wp-json\/wp\/v2\/coauthors?post=46731"}],"curies":[{"name":"wp","href":"https:\/\/api.w.org\/{rel}","templated":true}]}}