{"id":46772,"date":"2017-08-11T14:53:43","date_gmt":"2017-08-11T19:53:43","guid":{"rendered":"https:\/\/latamjournalismreview.org\/?p=46772"},"modified":"2022-01-10T14:54:30","modified_gmt":"2022-01-10T19:54:30","slug":"iniciativa-mexicana-agendadeperiodistas-propone-combatir-impunidad-y-fortalecer-al-periodismo-como-profesion","status":"publish","type":"post","link":"https:\/\/latamjournalismreview.org\/es\/articles\/iniciativa-mexicana-agendadeperiodistas-propone-combatir-impunidad-y-fortalecer-al-periodismo-como-profesion\/","title":{"rendered":"Iniciativa mexicana #AgendaDePeriodistas propone combatir impunidad y fortalecer al periodismo como profesi\u00f3n"},"content":{"rendered":"<p>Valorar la labor period\u00edstica en M\u00e9xico, acabar con la impunidad de las agresiones contra periodistas y fortalecer al gremio son los objetivos preliminares a los que llegaron los participantes de las mesas de trabajo de la iniciativa #AgendaDePeriodistas, que busca crear una organizaci\u00f3n y un plan de trabajo contra la violencia hacia la prensa en ese pa\u00eds.<\/p>\n<p>En la primera fase de la iniciativa, los m\u00e1s de 500 participantes realizaron propuestas de objetivos a seguir durante seis mesas de trabajo que se realizaron en junio en la Ciudad de M\u00e9xico. Despu\u00e9s, esas propuestas fueron organizadas y trabajadas.<\/p>\n<p>De esas propuestas resultaron los tres objetivos preliminares que servir\u00e1n de eje para conformar la agenda de una futura organizaci\u00f3n que buscar\u00e1 apoyar, proteger y fortalecer al gremio period\u00edstico en M\u00e9xico.<\/p>\n<p>\u201cEstos tres objetivos forman parte de una tendencia y\/o una preocupaci\u00f3n generalizada de quienes asistieron a la actividad (las mesas de trabajo)\u201d, dijo Antonio Mart\u00ednez durante la presentaci\u00f3n de los objetivos, realizada el 10 de agosto en la capital mexicana. \u201cCreo que ahorita ya tendr\u00edamos que empezar con una conversaci\u00f3n alrededor de estos tres objetivos\u201d.<\/p>\n<p>El objetivo de valorar la importancia de la labor period\u00edstica incluye hacer visibles las cifras de agresiones a la prensa, expuso Mart\u00ednez. Al respecto, los asistentes y representantes de organizaciones de periodistas de otros pa\u00edses argumentaron que, m\u00e1s que difundir cifras \u2013que var\u00edan, seg\u00fan el organismo que las presente-, lo que se debe lograr es sensibilizar a la sociedad sobre la necesidad de estar bien informada.<\/p>\n<p>\u201cHay que comunicarle a la gente por qu\u00e9 los periodistas son importantes, porque somos su instrumento para ejercer su derecho a informarse\u201d, dijo el periodista T\u00e9moris Grecko. \u201cNo que somos importantes porque somos periodistas, sino porque nos matan mientras estamos sirvi\u00e9ndole a la sociedad como instrumento\u201d.<\/p>\n<p>Adem\u00e1s de sentirse desprotegidos, los periodistas en M\u00e9xico se sienten abandonados por otros sectores de la sociedad en su lucha por defender su labor y garantizar la libertad de expresi\u00f3n, de acuerdo con otros participantes.<\/p>\n<p>\u201cHay una desconexi\u00f3n entre nuestra bronca [problema], nuestro drama, y c\u00f3mo la sociedad est\u00e1 percibiendo nuestra bronca\u201d, consider\u00f3 el periodista Homero Campa. \u201cLa idea es lograr esa comunicaci\u00f3n con los distintos sectores sociales y lograr un acompa\u00f1amiento. Debemos vincularnos con distintos sectores sociales para que nos acompa\u00f1en en este proceso\u201d.<\/p>\n<p>Sobre el objetivo de terminar con la impunidad, as\u00ed como sus metas espec\u00edficas de reformar la legislaci\u00f3n y fortalecer los sistemas de protecci\u00f3n a periodistas, los participantes coincidieron en que es un objetivo que no est\u00e1 en manos de los periodistas lograr, adem\u00e1s de que son metas ambiciosas y poco realistas.<\/p>\n<p>Sin embargo, propusieron abordar ese objetivo desde la parte que corresponde a los periodistas, con acciones como conformar un gremio fuerte que est\u00e9 en posici\u00f3n de negociar y presionar a legisladores, pol\u00edticos y organizaciones.<\/p>\n<p>\u201cHabr\u00eda que empezar m\u00e1s abajo, primero logrando unidad y sumar periodistas, logrando una organizaci\u00f3n de periodistas fuerte\u201d, dijo Alfredo Zacar\u00edas, director de la organizaci\u00f3n Foro de Periodismo Argentino (FOPEA). \u201cNinguna de esas cosas implican acciones que se puedan hacer si son 10 o 20 (periodistas). Para llegar a este punto de reformular a los organismos del Estado primero hay que tener un organismo fuerte que salga a buscar eso\u201d.<\/p>\n<p>Tambi\u00e9n est\u00e1 en manos de los periodistas trabajar desde su trinchera para lograr que suba el costo pol\u00edtico de los asesinatos de periodistas, as\u00ed como presionar a la justicia para que los casos se resuelvan, dijeron los asistentes.<\/p>\n<p>\u201cUn tema contra la impunidad que s\u00ed depende del periodismo hacer es investigar los casos y publicar caso por caso\u201d, expres\u00f3 Mar\u00eda Teresa Ronderos, directora de la Open Society Foundations para el Periodismo Independiente. \u201cEsa es la tarea del periodismo, que es distinta a la tarea de la pol\u00edtica. Hay que hacer una lista de prioridades, porque no se puede hacer todo al mismo tiempo y menos cuando est\u00e1s empezando\u201d.<\/p>\n<p>Seg\u00fan la periodista, acabar con la impunidad y reformar los organismos del estado \u201cson cosas que va a hacer el Estado, pero que el periodismo puede presionar, molestar y publicar\u201d para que se logren.<\/p>\n<p>\u201cLa agenda period\u00edstica tambi\u00e9n puede hacer una lista de las cosas que el Estado deber\u00eda estar haciendo y no est\u00e1 haciendo\u201d, dijo Ronderos.<\/p>\n<p>Varios de los asistentes coincidieron en que el fortalecimiento de los periodistas como gremio es b\u00e1sico para poder lograr los otros dos objetivos. Asimismo, otros propusieron impulsar temas como la capacitaci\u00f3n de los periodistas y la colaboraci\u00f3n con otros sectores de los que el periodismo se puede apoyar para lograr sus objetivos<\/p>\n<p>\u201cEl tema jur\u00eddico es clave para el periodista, pero es mucho m\u00e1s importante hacer alianzas con organizaciones de abogados, sin perder la esencia del periodismo\u201d, consider\u00f3 Fernando Ram\u00edrez, presidente de la Junta Directiva de la Fundaci\u00f3n para la Libertad de Prensa (FLIP) de Colombia. \u201cTraer gente de otros lados nos permite crecer en esas cosas que necesitamos para llevar casos a la CIDH, eso que como periodistas no sabemos hacer\u201d.<\/p>\n<p>Tras la exposici\u00f3n de estos objetivos preliminares, lo que sigue para #AgendaDePeriodistas es ordenar las propuestas e identificar los temas prioritarios para posteriormente crear la agenda definitiva, as\u00ed como definir el modelo de organizaci\u00f3n que conformar\u00e1n y presentarlo en septiembre.<\/p>\n<p>\u201cLo primero que hay que definir es qu\u00e9 nos interesa de la agenda, eso es clave\u201d, dijo Guillermo Osorno, director del portal Horizontal y convocante de #AgendaDePeriodistas, en entrevista con el\u00a0<strong>Centro Knight\u00a0<\/strong>previa al evento del 10 de agosto. \u201cNo s\u00e9 qu\u00e9 clase de organizaci\u00f3n queremos\u00a0 ser\u00a0 porque no hemos acabado de definir cu\u00e1l es nuestra agenda prioritaria. Pero tiene que haber una membres\u00eda grande y nacional. Esas dos cosas son b\u00e1sicas para poder tener peso y capacidad de influencia en cualquier \u00e1rea en que nos ocupemos\u201d.<\/p>\n<p><em>Nota del editor: Esta historia fue publicada originalmente en el blog Periodismo en las Am\u00e9ricas del Centro Knight, el predecesor de LatAm Journalism Review.<\/em><\/p>\n","protected":false},"excerpt":{"rendered":"<p>Valorar la labor period\u00edstica en M\u00e9xico, acabar con la impunidad de las agresiones contra periodistas y fortalecer al gremio son los objetivos preliminares a los que llegaron los participantes de las mesas de trabajo de la iniciativa #AgendaDePeriodistas, que busca crear una organizaci\u00f3n y un plan de trabajo contra la violencia hacia la prensa en ese pa\u00eds.<\/p>\n","protected":false},"author":19,"featured_media":0,"comment_status":"closed","ping_status":"closed","sticky":false,"template":"","format":"standard","meta":{"inline_featured_image":false,"footnotes":""},"categories":[1220],"tags":[1393,1518],"coauthors":[],"class_list":["post-46772","post","type-post","status-publish","format-standard","hentry","category-libertad-de-prensa-es","tag-mexico-es","tag-seguridad-y-proteccion-es"],"acf":[],"yoast_head":"<!-- This site is optimized with the Yoast SEO Premium plugin v22.6 (Yoast SEO v27.4) - https:\/\/yoast.com\/product\/yoast-seo-premium-wordpress\/ -->\n<title>Iniciativa mexicana #AgendaDePeriodistas propone combatir impunidad y fortalecer al periodismo como profesi\u00f3n - LatAm Journalism Review<\/title>\n<meta name=\"description\" content=\"Iniciativa mexicana #AgendaDePeriodistas propone combatir impunidad y fortalecer al periodismo como profesi\u00f3n Libertad de prensa. Latin American Journalism Review by The Knight Center at The University of Texas at Austin.\" \/>\n<meta name=\"robots\" content=\"index, follow, max-snippet:-1, max-image-preview:large, max-video-preview:-1\" \/>\n<link rel=\"canonical\" href=\"https:\/\/latamjournalismreview.org\/es\/articles\/iniciativa-mexicana-agendadeperiodistas-propone-combatir-impunidad-y-fortalecer-al-periodismo-como-profesion\/\" \/>\n<meta property=\"og:locale\" content=\"es_ES\" \/>\n<meta property=\"og:type\" content=\"article\" \/>\n<meta property=\"og:title\" content=\"Iniciativa mexicana #AgendaDePeriodistas propone combatir impunidad y fortalecer al periodismo como profesi\u00f3n\" \/>\n<meta property=\"og:description\" content=\"Iniciativa mexicana #AgendaDePeriodistas propone combatir impunidad y fortalecer al periodismo como profesi\u00f3n Libertad de prensa. Latin American Journalism Review by The Knight Center at The University of Texas at Austin.\" \/>\n<meta property=\"og:url\" content=\"https:\/\/latamjournalismreview.org\/es\/articles\/iniciativa-mexicana-agendadeperiodistas-propone-combatir-impunidad-y-fortalecer-al-periodismo-como-profesion\/\" \/>\n<meta property=\"og:site_name\" content=\"LatAm Journalism Review\" \/>\n<meta property=\"article:published_time\" content=\"2017-08-11T19:53:43+00:00\" \/>\n<meta property=\"article:modified_time\" content=\"2022-01-10T19:54:30+00:00\" \/>\n<meta name=\"author\" content=\"C\u00e9sar L\u00f3pez Linares\" \/>\n<meta name=\"twitter:card\" content=\"summary_large_image\" \/>\n<meta name=\"twitter:creator\" content=\"@cesarisch\" \/>\n<meta name=\"twitter:site\" content=\"@LatAmJournalism\" \/>\n<meta name=\"twitter:label1\" content=\"Written by\" \/>\n\t<meta name=\"twitter:data1\" content=\"C\u00e9sar L\u00f3pez Linares\" \/>\n\t<meta name=\"twitter:label2\" content=\"Est. reading time\" \/>\n\t<meta name=\"twitter:data2\" content=\"5 minutos\" \/>\n<script type=\"application\/ld+json\" class=\"yoast-schema-graph\">{\"@context\":\"https:\\\/\\\/schema.org\",\"@graph\":[{\"@type\":\"Article\",\"@id\":\"https:\\\/\\\/latamjournalismreview.org\\\/es\\\/articles\\\/iniciativa-mexicana-agendadeperiodistas-propone-combatir-impunidad-y-fortalecer-al-periodismo-como-profesion\\\/#article\",\"isPartOf\":{\"@id\":\"https:\\\/\\\/latamjournalismreview.org\\\/es\\\/articles\\\/iniciativa-mexicana-agendadeperiodistas-propone-combatir-impunidad-y-fortalecer-al-periodismo-como-profesion\\\/\"},\"author\":{\"name\":\"C\u00e9sar L\u00f3pez Linares\",\"@id\":\"https:\\\/\\\/latamjournalismreview.org\\\/es\\\/#\\\/schema\\\/person\\\/dcf6dcdd6226ac8d939e2796645d17c6\"},\"headline\":\"Iniciativa mexicana #AgendaDePeriodistas propone combatir impunidad y fortalecer al periodismo como profesi\u00f3n\",\"datePublished\":\"2017-08-11T19:53:43+00:00\",\"dateModified\":\"2022-01-10T19:54:30+00:00\",\"mainEntityOfPage\":{\"@id\":\"https:\\\/\\\/latamjournalismreview.org\\\/es\\\/articles\\\/iniciativa-mexicana-agendadeperiodistas-propone-combatir-impunidad-y-fortalecer-al-periodismo-como-profesion\\\/\"},\"wordCount\":1049,\"publisher\":{\"@id\":\"https:\\\/\\\/latamjournalismreview.org\\\/es\\\/#organization\"},\"keywords\":[\"M\u00e9xico\",\"Seguridad y protecci\u00f3n\"],\"articleSection\":[\"Libertad de prensa\"],\"inLanguage\":\"es\"},{\"@type\":\"WebPage\",\"@id\":\"https:\\\/\\\/latamjournalismreview.org\\\/es\\\/articles\\\/iniciativa-mexicana-agendadeperiodistas-propone-combatir-impunidad-y-fortalecer-al-periodismo-como-profesion\\\/\",\"url\":\"https:\\\/\\\/latamjournalismreview.org\\\/es\\\/articles\\\/iniciativa-mexicana-agendadeperiodistas-propone-combatir-impunidad-y-fortalecer-al-periodismo-como-profesion\\\/\",\"name\":\"Iniciativa mexicana #AgendaDePeriodistas propone combatir impunidad y fortalecer al periodismo como profesi\u00f3n - LatAm Journalism Review\",\"isPartOf\":{\"@id\":\"https:\\\/\\\/latamjournalismreview.org\\\/es\\\/#website\"},\"datePublished\":\"2017-08-11T19:53:43+00:00\",\"dateModified\":\"2022-01-10T19:54:30+00:00\",\"description\":\"Iniciativa mexicana #AgendaDePeriodistas propone combatir impunidad y fortalecer al periodismo como profesi\u00f3n Libertad de prensa. Latin American Journalism Review by The Knight Center at The University of Texas at Austin.\",\"breadcrumb\":{\"@id\":\"https:\\\/\\\/latamjournalismreview.org\\\/es\\\/articles\\\/iniciativa-mexicana-agendadeperiodistas-propone-combatir-impunidad-y-fortalecer-al-periodismo-como-profesion\\\/#breadcrumb\"},\"inLanguage\":\"es\",\"potentialAction\":[{\"@type\":\"ReadAction\",\"target\":[\"https:\\\/\\\/latamjournalismreview.org\\\/es\\\/articles\\\/iniciativa-mexicana-agendadeperiodistas-propone-combatir-impunidad-y-fortalecer-al-periodismo-como-profesion\\\/\"]}]},{\"@type\":\"BreadcrumbList\",\"@id\":\"https:\\\/\\\/latamjournalismreview.org\\\/es\\\/articles\\\/iniciativa-mexicana-agendadeperiodistas-propone-combatir-impunidad-y-fortalecer-al-periodismo-como-profesion\\\/#breadcrumb\",\"itemListElement\":[{\"@type\":\"ListItem\",\"position\":1,\"name\":\"Home\",\"item\":\"https:\\\/\\\/latamjournalismreview.org\\\/es\\\/\"},{\"@type\":\"ListItem\",\"position\":2,\"name\":\"Iniciativa mexicana #AgendaDePeriodistas propone combatir impunidad y fortalecer al periodismo como profesi\u00f3n\"}]},{\"@type\":\"WebSite\",\"@id\":\"https:\\\/\\\/latamjournalismreview.org\\\/es\\\/#website\",\"url\":\"https:\\\/\\\/latamjournalismreview.org\\\/es\\\/\",\"name\":\"LatAm Journalism Review\",\"description\":\"Knight Center at The University of Texas\",\"publisher\":{\"@id\":\"https:\\\/\\\/latamjournalismreview.org\\\/es\\\/#organization\"},\"potentialAction\":[{\"@type\":\"SearchAction\",\"target\":{\"@type\":\"EntryPoint\",\"urlTemplate\":\"https:\\\/\\\/latamjournalismreview.org\\\/es\\\/?s={search_term_string}\"},\"query-input\":{\"@type\":\"PropertyValueSpecification\",\"valueRequired\":true,\"valueName\":\"search_term_string\"}}],\"inLanguage\":\"es\"},{\"@type\":\"Organization\",\"@id\":\"https:\\\/\\\/latamjournalismreview.org\\\/es\\\/#organization\",\"name\":\"LatAm Journalism Review\",\"url\":\"https:\\\/\\\/latamjournalismreview.org\\\/es\\\/\",\"logo\":{\"@type\":\"ImageObject\",\"inLanguage\":\"es\",\"@id\":\"https:\\\/\\\/latamjournalismreview.org\\\/es\\\/#\\\/schema\\\/logo\\\/image\\\/\",\"url\":\"https:\\\/\\\/latamjournalismreview.org\\\/wp-content\\\/uploads\\\/2020\\\/05\\\/knight-latAm-review-logo.svg\",\"contentUrl\":\"https:\\\/\\\/latamjournalismreview.org\\\/wp-content\\\/uploads\\\/2020\\\/05\\\/knight-latAm-review-logo.svg\",\"width\":\"1024\",\"height\":\"1024\",\"caption\":\"LatAm Journalism Review\"},\"image\":{\"@id\":\"https:\\\/\\\/latamjournalismreview.org\\\/es\\\/#\\\/schema\\\/logo\\\/image\\\/\"},\"sameAs\":[\"https:\\\/\\\/x.com\\\/LatAmJournalism\"]},{\"@type\":\"Person\",\"@id\":\"https:\\\/\\\/latamjournalismreview.org\\\/es\\\/#\\\/schema\\\/person\\\/dcf6dcdd6226ac8d939e2796645d17c6\",\"name\":\"C\u00e9sar L\u00f3pez Linares\",\"description\":\"C\u00e9sar L\u00f3pez Linares began his career at the Mexican newspaper REFORMA as an entertainment and media co-editor. He has written for publications such as TODO Austin, Texas Music Magazine and The Austin Chronicle. C\u00e9sar has a Master's degree in Journalism from the University of Texas at Austin and a Bachelors degree in Communication from the National Autonomous University of Mexico. He previously wrote about innovation in journalism for the Gabo Foundation in Colombia and currently reports for the Knight Center's LatAmJournalism Review digital magazine. A native of Mexico City, C\u00e9sar has become a digital nomad combining content creation with his passion for travel. ________ C\u00e9sar L\u00f3pez Linares inici\u00f3 su carrera en el diario mexicano REFORMA como coeditor de entretenimiento y medios. Ha escrito para publicaciones como TODO Austin, Texas Music Magazine y The Austin Chronicle. C\u00e9sar tiene una Maestr\u00eda en Periodismo de la Universidad de Texas en Austin y una Licenciatura en Comunicaci\u00f3n de la Universidad Nacional Aut\u00f3noma de M\u00e9xico. Previamente escribi\u00f3 sobre innovaci\u00f3n en periodismo para la Fundaci\u00f3n Gabo en Colombia y actualmente escribe para la revista digital LatAmJournalism Review del Centro Knight. Originario de la Ciudad de M\u00e9xico, C\u00e9sar se ha convertido en un n\u00f3mada digital que combina la creaci\u00f3n de contenido con su pasi\u00f3n por viajar. _________ C\u00e9sar L\u00f3pez Linares come\u00e7ou sua carreira no jornal mexicano REFORMA como coeditor de entretenimento e m\u00eddia. Ele escreveu para publica\u00e7\u00f5es como TODO Austin, Texas Music Magazine e The Austin Chronicle. C\u00e9sar tem mestrado em jornalismo pela University of Texas em Austin e \u00e9 bacharel em comunica\u00e7\u00e3o pela Universidad Nacional Aut\u00f3noma de M\u00e9xico. Antes disso, ele escreveu sobre inova\u00e7\u00e3o no jornalismo para a Funda\u00e7\u00e3o Gabo na Col\u00f4mbia. Atualmente escreve para a revista digital LatAmJournalism Review do Centro Knight. Nascido na Cidade do M\u00e9xico, C\u00e9sar se tornou um n\u00f4made digital combinando a cria\u00e7\u00e3o de conte\u00fado com sua paix\u00e3o por viagens.\",\"sameAs\":[\"https:\\\/\\\/x.com\\\/cesarisch\"],\"url\":\"https:\\\/\\\/latamjournalismreview.org\\\/es\\\/articles\\\/author\\\/cesar-lopez-linares\\\/\"}]}<\/script>\n<!-- \/ Yoast SEO Premium plugin. -->","yoast_head_json":{"title":"Iniciativa mexicana #AgendaDePeriodistas propone combatir impunidad y fortalecer al periodismo como profesi\u00f3n - LatAm Journalism Review","description":"Iniciativa mexicana #AgendaDePeriodistas propone combatir impunidad y fortalecer al periodismo como profesi\u00f3n Libertad de prensa. Latin American Journalism Review by The Knight Center at The University of Texas at Austin.","robots":{"index":"index","follow":"follow","max-snippet":"max-snippet:-1","max-image-preview":"max-image-preview:large","max-video-preview":"max-video-preview:-1"},"canonical":"https:\/\/latamjournalismreview.org\/es\/articles\/iniciativa-mexicana-agendadeperiodistas-propone-combatir-impunidad-y-fortalecer-al-periodismo-como-profesion\/","og_locale":"es_ES","og_type":"article","og_title":"Iniciativa mexicana #AgendaDePeriodistas propone combatir impunidad y fortalecer al periodismo como profesi\u00f3n","og_description":"Iniciativa mexicana #AgendaDePeriodistas propone combatir impunidad y fortalecer al periodismo como profesi\u00f3n Libertad de prensa. Latin American Journalism Review by The Knight Center at The University of Texas at Austin.","og_url":"https:\/\/latamjournalismreview.org\/es\/articles\/iniciativa-mexicana-agendadeperiodistas-propone-combatir-impunidad-y-fortalecer-al-periodismo-como-profesion\/","og_site_name":"LatAm Journalism Review","article_published_time":"2017-08-11T19:53:43+00:00","article_modified_time":"2022-01-10T19:54:30+00:00","author":"C\u00e9sar L\u00f3pez Linares","twitter_card":"summary_large_image","twitter_creator":"@cesarisch","twitter_site":"@LatAmJournalism","twitter_misc":{"Written by":"C\u00e9sar L\u00f3pez Linares","Est. reading time":"5 minutos"},"schema":{"@context":"https:\/\/schema.org","@graph":[{"@type":"Article","@id":"https:\/\/latamjournalismreview.org\/es\/articles\/iniciativa-mexicana-agendadeperiodistas-propone-combatir-impunidad-y-fortalecer-al-periodismo-como-profesion\/#article","isPartOf":{"@id":"https:\/\/latamjournalismreview.org\/es\/articles\/iniciativa-mexicana-agendadeperiodistas-propone-combatir-impunidad-y-fortalecer-al-periodismo-como-profesion\/"},"author":{"name":"C\u00e9sar L\u00f3pez Linares","@id":"https:\/\/latamjournalismreview.org\/es\/#\/schema\/person\/dcf6dcdd6226ac8d939e2796645d17c6"},"headline":"Iniciativa mexicana #AgendaDePeriodistas propone combatir impunidad y fortalecer al periodismo como profesi\u00f3n","datePublished":"2017-08-11T19:53:43+00:00","dateModified":"2022-01-10T19:54:30+00:00","mainEntityOfPage":{"@id":"https:\/\/latamjournalismreview.org\/es\/articles\/iniciativa-mexicana-agendadeperiodistas-propone-combatir-impunidad-y-fortalecer-al-periodismo-como-profesion\/"},"wordCount":1049,"publisher":{"@id":"https:\/\/latamjournalismreview.org\/es\/#organization"},"keywords":["M\u00e9xico","Seguridad y protecci\u00f3n"],"articleSection":["Libertad de prensa"],"inLanguage":"es"},{"@type":"WebPage","@id":"https:\/\/latamjournalismreview.org\/es\/articles\/iniciativa-mexicana-agendadeperiodistas-propone-combatir-impunidad-y-fortalecer-al-periodismo-como-profesion\/","url":"https:\/\/latamjournalismreview.org\/es\/articles\/iniciativa-mexicana-agendadeperiodistas-propone-combatir-impunidad-y-fortalecer-al-periodismo-como-profesion\/","name":"Iniciativa mexicana #AgendaDePeriodistas propone combatir impunidad y fortalecer al periodismo como profesi\u00f3n - LatAm Journalism Review","isPartOf":{"@id":"https:\/\/latamjournalismreview.org\/es\/#website"},"datePublished":"2017-08-11T19:53:43+00:00","dateModified":"2022-01-10T19:54:30+00:00","description":"Iniciativa mexicana #AgendaDePeriodistas propone combatir impunidad y fortalecer al periodismo como profesi\u00f3n Libertad de prensa. Latin American Journalism Review by The Knight Center at The University of Texas at Austin.","breadcrumb":{"@id":"https:\/\/latamjournalismreview.org\/es\/articles\/iniciativa-mexicana-agendadeperiodistas-propone-combatir-impunidad-y-fortalecer-al-periodismo-como-profesion\/#breadcrumb"},"inLanguage":"es","potentialAction":[{"@type":"ReadAction","target":["https:\/\/latamjournalismreview.org\/es\/articles\/iniciativa-mexicana-agendadeperiodistas-propone-combatir-impunidad-y-fortalecer-al-periodismo-como-profesion\/"]}]},{"@type":"BreadcrumbList","@id":"https:\/\/latamjournalismreview.org\/es\/articles\/iniciativa-mexicana-agendadeperiodistas-propone-combatir-impunidad-y-fortalecer-al-periodismo-como-profesion\/#breadcrumb","itemListElement":[{"@type":"ListItem","position":1,"name":"Home","item":"https:\/\/latamjournalismreview.org\/es\/"},{"@type":"ListItem","position":2,"name":"Iniciativa mexicana #AgendaDePeriodistas propone combatir impunidad y fortalecer al periodismo como profesi\u00f3n"}]},{"@type":"WebSite","@id":"https:\/\/latamjournalismreview.org\/es\/#website","url":"https:\/\/latamjournalismreview.org\/es\/","name":"LatAm Journalism Review","description":"Knight Center at The University of Texas","publisher":{"@id":"https:\/\/latamjournalismreview.org\/es\/#organization"},"potentialAction":[{"@type":"SearchAction","target":{"@type":"EntryPoint","urlTemplate":"https:\/\/latamjournalismreview.org\/es\/?s={search_term_string}"},"query-input":{"@type":"PropertyValueSpecification","valueRequired":true,"valueName":"search_term_string"}}],"inLanguage":"es"},{"@type":"Organization","@id":"https:\/\/latamjournalismreview.org\/es\/#organization","name":"LatAm Journalism Review","url":"https:\/\/latamjournalismreview.org\/es\/","logo":{"@type":"ImageObject","inLanguage":"es","@id":"https:\/\/latamjournalismreview.org\/es\/#\/schema\/logo\/image\/","url":"https:\/\/latamjournalismreview.org\/wp-content\/uploads\/2020\/05\/knight-latAm-review-logo.svg","contentUrl":"https:\/\/latamjournalismreview.org\/wp-content\/uploads\/2020\/05\/knight-latAm-review-logo.svg","width":"1024","height":"1024","caption":"LatAm Journalism Review"},"image":{"@id":"https:\/\/latamjournalismreview.org\/es\/#\/schema\/logo\/image\/"},"sameAs":["https:\/\/x.com\/LatAmJournalism"]},{"@type":"Person","@id":"https:\/\/latamjournalismreview.org\/es\/#\/schema\/person\/dcf6dcdd6226ac8d939e2796645d17c6","name":"C\u00e9sar L\u00f3pez Linares","description":"C\u00e9sar L\u00f3pez Linares began his career at the Mexican newspaper REFORMA as an entertainment and media co-editor. He has written for publications such as TODO Austin, Texas Music Magazine and The Austin Chronicle. C\u00e9sar has a Master's degree in Journalism from the University of Texas at Austin and a Bachelors degree in Communication from the National Autonomous University of Mexico. He previously wrote about innovation in journalism for the Gabo Foundation in Colombia and currently reports for the Knight Center's LatAmJournalism Review digital magazine. A native of Mexico City, C\u00e9sar has become a digital nomad combining content creation with his passion for travel. ________ C\u00e9sar L\u00f3pez Linares inici\u00f3 su carrera en el diario mexicano REFORMA como coeditor de entretenimiento y medios. Ha escrito para publicaciones como TODO Austin, Texas Music Magazine y The Austin Chronicle. C\u00e9sar tiene una Maestr\u00eda en Periodismo de la Universidad de Texas en Austin y una Licenciatura en Comunicaci\u00f3n de la Universidad Nacional Aut\u00f3noma de M\u00e9xico. Previamente escribi\u00f3 sobre innovaci\u00f3n en periodismo para la Fundaci\u00f3n Gabo en Colombia y actualmente escribe para la revista digital LatAmJournalism Review del Centro Knight. Originario de la Ciudad de M\u00e9xico, C\u00e9sar se ha convertido en un n\u00f3mada digital que combina la creaci\u00f3n de contenido con su pasi\u00f3n por viajar. _________ C\u00e9sar L\u00f3pez Linares come\u00e7ou sua carreira no jornal mexicano REFORMA como coeditor de entretenimento e m\u00eddia. Ele escreveu para publica\u00e7\u00f5es como TODO Austin, Texas Music Magazine e The Austin Chronicle. C\u00e9sar tem mestrado em jornalismo pela University of Texas em Austin e \u00e9 bacharel em comunica\u00e7\u00e3o pela Universidad Nacional Aut\u00f3noma de M\u00e9xico. Antes disso, ele escreveu sobre inova\u00e7\u00e3o no jornalismo para a Funda\u00e7\u00e3o Gabo na Col\u00f4mbia. Atualmente escreve para a revista digital LatAmJournalism Review do Centro Knight. Nascido na Cidade do M\u00e9xico, C\u00e9sar se tornou um n\u00f4made digital combinando a cria\u00e7\u00e3o de conte\u00fado com sua paix\u00e3o por viagens.","sameAs":["https:\/\/x.com\/cesarisch"],"url":"https:\/\/latamjournalismreview.org\/es\/articles\/author\/cesar-lopez-linares\/"}]}},"_links":{"self":[{"href":"https:\/\/latamjournalismreview.org\/es\/wp-json\/wp\/v2\/posts\/46772","targetHints":{"allow":["GET"]}}],"collection":[{"href":"https:\/\/latamjournalismreview.org\/es\/wp-json\/wp\/v2\/posts"}],"about":[{"href":"https:\/\/latamjournalismreview.org\/es\/wp-json\/wp\/v2\/types\/post"}],"author":[{"embeddable":true,"href":"https:\/\/latamjournalismreview.org\/es\/wp-json\/wp\/v2\/users\/19"}],"replies":[{"embeddable":true,"href":"https:\/\/latamjournalismreview.org\/es\/wp-json\/wp\/v2\/comments?post=46772"}],"version-history":[{"count":1,"href":"https:\/\/latamjournalismreview.org\/es\/wp-json\/wp\/v2\/posts\/46772\/revisions"}],"predecessor-version":[{"id":46777,"href":"https:\/\/latamjournalismreview.org\/es\/wp-json\/wp\/v2\/posts\/46772\/revisions\/46777"}],"wp:attachment":[{"href":"https:\/\/latamjournalismreview.org\/es\/wp-json\/wp\/v2\/media?parent=46772"}],"wp:term":[{"taxonomy":"category","embeddable":true,"href":"https:\/\/latamjournalismreview.org\/es\/wp-json\/wp\/v2\/categories?post=46772"},{"taxonomy":"post_tag","embeddable":true,"href":"https:\/\/latamjournalismreview.org\/es\/wp-json\/wp\/v2\/tags?post=46772"},{"taxonomy":"author","embeddable":true,"href":"https:\/\/latamjournalismreview.org\/es\/wp-json\/wp\/v2\/coauthors?post=46772"}],"curies":[{"name":"wp","href":"https:\/\/api.w.org\/{rel}","templated":true}]}}