{"id":46818,"date":"2017-08-09T15:13:54","date_gmt":"2017-08-09T20:13:54","guid":{"rendered":"https:\/\/latamjournalismreview.org\/?p=46818"},"modified":"2022-01-10T15:15:30","modified_gmt":"2022-01-10T20:15:30","slug":"caso-de-estigmatizacion-demuestra-los-nuevos-peligros-que-enfrentan-los-periodistas-colombianos","status":"publish","type":"post","link":"https:\/\/latamjournalismreview.org\/es\/articles\/caso-de-estigmatizacion-demuestra-los-nuevos-peligros-que-enfrentan-los-periodistas-colombianos\/","title":{"rendered":"Caso de estigmatizaci\u00f3n demuestra los nuevos peligros que enfrentan los periodistas colombianos"},"content":{"rendered":"<p>El reciente caso de estigmatizaci\u00f3n en contra del\u00a0<a href=\"http:\/\/www.semana.com\/autor\/daniel-samper-ospina\/3\" target=\"_blank\" rel=\"noopener\">columnista de la revista Semana Daniel Samper Ospina<\/a>\u00a0es solo un ejemplo de los nuevos tipos de amenazas que est\u00e1n experimentando los periodistas en Colombia cuando la violencia letal de d\u00e9cadas pasadas parece haber reducido sus cifras.<\/p>\n<p>Para Pedro Vaca, director ejecutivo de la Fundaci\u00f3n para la Libertad de Prensa (FLIP), aunque en el pa\u00eds se han reducido las cifras de asesinatos a periodistas por motivos relacionados con su trabajo (<a href=\"http:\/\/flip.org.co\/index.php\/es\/atencion-a-periodistas\/mapa-de-agresiones\" target=\"_blank\" rel=\"noopener\">en 2016 no se registraron asesinatos de periodistas<\/a>\u00a0y en lo que va de 2017 la cifra se mantiene en cero), otros tipos de violaciones a la prensa van en aumento.<\/p>\n<p>\u201cHay otro tipo de violencia distinto al asesinato que se mantiene en Colombia que tiene que ver con amenazas a periodistas por su trabajo, obstrucciones al trabajo period\u00edstico, incluso\u00a0<a href=\"https:\/\/knightcenter.utexas.edu\/es\/blog\/00-18515-eln-libera-los-periodistas-holandeses-retenidos-en-el-catatumbo-colombia\" target=\"_blank\" rel=\"noopener\">casos de secuestros<\/a>\u00a0se han presentado este a\u00f1o lo cual marca un poco la violencia como un recurso de censura que utilizan los actores que quieren silenciar a la prensa\u201d, dijo Pedro Vaca, director ejecutivo de la FLIP, al\u00a0<strong>Centro Knight<\/strong>.<\/p>\n<p>De hecho, la Relator\u00eda Especial para la Libertad de Expresi\u00f3n de la Comisi\u00f3n Interamericana de Derechos Humanos (CIDH) public\u00f3 el pasado 26 de julio un comunicado en el que\u00a0<a href=\"http:\/\/www.oas.org\/es\/cidh\/expresion\/showarticle.asp?artID=1070&amp;lID=2\" target=\"_blank\" rel=\"noopener\">expresaba su preocupaci\u00f3n por la \u201cestigmatizaci\u00f3n y violencia contra periodistas\u201d en el pa\u00eds<\/a>.<\/p>\n<p>La entidad inst\u00f3 al Estado a \u201cfortalecer las medidas integrales de prevenci\u00f3n, protecci\u00f3n y procuraci\u00f3n de justicia\u201d en los casos que afecten a los periodistas como parte de su obligaci\u00f3n internacional.<\/p>\n<p>Precisamente, uno de los casos mencionados en el comunicado fue el de\u00a0<a href=\"https:\/\/twitter.com\/DanielSamperO\" target=\"_blank\" rel=\"noopener\">Samper\u00a0Ospina<\/a>\u00a0quien denunci\u00f3 ante la justicia del pa\u00eds\u00a0<a href=\"http:\/\/www.elespectador.com\/noticias\/judicial\/daniel-samper-ospina-interpone-acciones-legales-ante-senalamientos-de-uribe-articulo-703965\" target=\"_blank\" rel=\"noopener\">al\u00a0<\/a><a href=\"http:\/\/www.elespectador.com\/noticias\/judicial\/daniel-samper-ospina-interpone-acciones-legales-ante-senalamientos-de-uribe-articulo-703965\" target=\"_blank\" rel=\"noopener\">expresidente\u00a0y actual senador \u00c1lvaro\u00a0Uribe<\/a><a href=\"http:\/\/www.elespectador.com\/noticias\/judicial\/daniel-samper-ospina-interpone-acciones-legales-ante-senalamientos-de-uribe-articulo-703965\" target=\"_blank\" rel=\"noopener\">\u00a0luego de que este lo llamara \u201cviolador de ni\u00f1os\u201d<\/a>\u00a0a trav\u00e9s de su cuenta de\u00a0Twitter.<\/p>\n<p>En trino publicado por Uribe daba cuenta de una carta enviada por un suscriptor de la revista Semana quien se quejaba de las columnas de Samper Ospina; raz\u00f3n por la que cancelaba su suscripci\u00f3n. \u201cFederico Escobar protesta por ofensa del violador de ni\u00f1os, Samper Ospina, a Antioquia, ofensa publicada en Semana\u201d,\u00a0<a href=\"https:\/\/twitter.com\/AlvaroUribeVel\/status\/885920581572546561?ref_src=twsrc%5Etfw&amp;ref_url=http%3A%2F%2Fwww.pulzo.com%2Fnacion%2Furibe-llama-violador-ninos-daniel-samper-ospina%2FPP305559\" target=\"_top\" rel=\"noopener\">dec\u00eda el trino<\/a>.<\/p>\n<p>Tras la pol\u00e9mica generada, el\u00a0exmandatario\u00a0no demostr\u00f3 evidencia que sustentara la acusaci\u00f3n en contra de Samper, sino que intent\u00f3 explicar lo escrito al se\u00f1alar que\u00a0<a href=\"http:\/\/www.elespectador.com\/noticias\/judicial\/ordenan-alvaro-uribe-retractarse-por-llamar-daniel-samper-violador-de-ninos-articulo-706396\" target=\"_blank\" rel=\"noopener\">el columnista era un \u201cviolador de los derechos de los ni\u00f1os\u201d al burlarse del nombre de la hija de una senadora\u00a0<\/a>del mismo partido de\u00a0Uribe. Asimismo, agreg\u00f3 que cuando Samper dirigi\u00f3 la revista\u00a0SOHO\u00a0\u201chizo publicaciones pornogr\u00e1ficas con menores\u201d, inform\u00f3 El Espectador.<\/p>\n<p>El columnista interpuso una\u00a0<a href=\"https:\/\/flip.org.co\/index.php\/es\/informacion\/pronunciamientos\/item\/2116-las-lecciones-que-deja-la-rectificacion-de-alvaro-uribe\" target=\"_blank\" rel=\"noopener\">acci\u00f3n de tutela en contra de Uribe \u201cpor vulnerar su derecho al buen nombre\u201d<\/a>, seg\u00fan la FLIP.<\/p>\n<p>El pasado 2 de agosto el Tribunal Superior de Bogot\u00e1\u00a0<a href=\"http:\/\/www.elespectador.com\/noticias\/judicial\/ordenan-alvaro-uribe-retractarse-por-llamar-daniel-samper-violador-de-ninos-articulo-706396\" target=\"_blank\" rel=\"noopener\">fall\u00f3 a favor del periodista y orden\u00f3 al senador que \u201cemita una retractaci\u00f3n firme y precisa de la sindicaci\u00f3n al\u00a0<\/a><a href=\"http:\/\/www.elespectador.com\/noticias\/judicial\/ordenan-alvaro-uribe-retractarse-por-llamar-daniel-samper-violador-de-ninos-articulo-706396\" target=\"_blank\" rel=\"noopener\">accionante<\/a><a href=\"http:\/\/www.elespectador.com\/noticias\/judicial\/ordenan-alvaro-uribe-retractarse-por-llamar-daniel-samper-violador-de-ninos-articulo-706396\" target=\"_blank\" rel=\"noopener\">\u00a0de \u2018violador de ni\u00f1os\u2019<\/a>\u00a0y de la afirmaci\u00f3n acerca de que \u00e9ste hizo \u2018publicaciones pornogr\u00e1ficas\u2019, a trav\u00e9s del mismo medio en que las expres\u00f3, aclarando que esas afirmaciones realizadas anteriormente por \u00e9l no se basan en evidencias disponibles; por consiguiente, que no es cierto lo afirmado por \u00e9l respecto del periodista\u201d, seg\u00fan la sentencia.<\/p>\n<p>El Tribunal le otorg\u00f3 a Uribe 48 horas despu\u00e9s de emitido la resoluci\u00f3n para hacer esta retractaci\u00f3n.<\/p>\n<p>\u201cA pesar de mi desacuerdo y por el respeto que debo a la administraci\u00f3n de justicia acato el fallo del Tribunal de Bogot\u00e1. En consecuencia,\u00a0<a href=\"https:\/\/twishort.com\/cdumc\" target=\"_blank\" rel=\"noopener\">como me exige la justicia, corrijo que no es violador de ni\u00f1os.\u00a0<\/a>Nunca quise acusarlo de violaci\u00f3n f\u00edsica o sexual de ni\u00f1os. En cuanto a la pornograf\u00eda infantil, mi juicio de valor es rechazado por el Tribunal en providencia que prevalece sobre mi opini\u00f3n, providencia que acato, por ende, tengo que aceptar que jur\u00eddicamente, seg\u00fan criterio de autoridad, no se ha configurado pornograf\u00eda infantil\u201d,\u00a0<a href=\"https:\/\/twitter.com\/AlvaroUribeVel\/status\/893894027816431616\" target=\"_blank\" rel=\"noopener\">inicia la retractaci\u00f3n de Uribe<\/a>.<\/p>\n<p>No obstante, en su escrito, Uribe ofrece sus razones por las cuales considera que el columnista ha afectado los derechos de menores de edad, as\u00ed como que ha utilizado aspectos f\u00edsicos para burlarse de algunas personas, entre otros se\u00f1alamientos.<\/p>\n<p>Por su parte, Samper public\u00f3 un video en el que expres\u00f3 su satisfacci\u00f3n por la decisi\u00f3n de la justicia y aunque acept\u00f3 que el expresidente hizo la rectificaci\u00f3n \u201cmuy a su manera,\u00a0<a href=\"https:\/\/twitter.com\/DanielSamperO\/status\/893981768738648068\" target=\"_blank\" rel=\"noopener\">considero su rectificaci\u00f3n como un nuevo lindero<\/a>\u201d.<\/p>\n<p>Agreg\u00f3 que continuar\u00e1 con su ejercicio de \u201ccr\u00edtica y s\u00e1tira pol\u00edtica respecto de quien tenga que hacerlo, inclusive de quien tuvo que rectificar sus injurias y calumnias en mi contra\u201d.<\/p>\n<p><strong>Estigmatizaci\u00f3n a periodistas en medio de polarizaci\u00f3n<\/strong><\/p>\n<p>El caso de Samper Ospina ha sido uno de los que m\u00e1s titulares ha acaparado en la prensa nacional e incluso de la regi\u00f3n no solo por la gravedad de la acusaci\u00f3n en su contra, sino\u00a0tambi\u00e9n por el peso pol\u00edtico que a\u00fan tiene el expresidente Uribe en el pa\u00eds.<\/p>\n<p>En medio de la pol\u00e9mica causada por la acusaci\u00f3n de Uribe, m\u00e1s de 50 periodistas firmaron una carta en la que le\u00a0<a href=\"https:\/\/flip.org.co\/index.php\/es\/informacion\/noticias\/item\/2108-punto-final-la-carta-de-rechazo-a-las-difamaciones-de-uribe-contra-la-prensa\" target=\"_blank\" rel=\"noopener\">exig\u00edan al senador que se acogiera a la ley y dejara su campa\u00f1a de estigmatizaci\u00f3n y se\u00f1alamientos<\/a>\u00a0en contra de la prensa.<\/p>\n<p>\u201cEs hora de que el expresidente \u00c1lvaro Uribe V\u00e9lez\u00a0<a href=\"https:\/\/flip.org.co\/index.php\/es\/informacion\/noticias\/item\/2108-punto-final-la-carta-de-rechazo-a-las-difamaciones-de-uribe-contra-la-prensa\" target=\"_blank\" rel=\"noopener\">deje atr\u00e1s la pr\u00e1ctica sistem\u00e1tica de difamar, calumniar e injuriar a sus cr\u00edticos como si no fuera un expresidente obligado a dar ejemplo<\/a>, ni un ciudadano sujeto al C\u00f3digo Penal\u201d, comenzaba la carta. \u201cEl l\u00edmite de todos los colombianos es y debe ser la ley. Y es tiempo de que el expresidente est\u00e9 a la altura del enorme poder del que ha venido abusando sin mayores consecuencias\u201d.<\/p>\n<p>De acuerdo con la carta, lo que diga Uribe es suficiente para acabar con el nombre de cualquier persona raz\u00f3n por la cual \u00e9l debe ser un \u201cl\u00edder responsable y digno\u201d.<\/p>\n<p>Esta no era la primera ocasi\u00f3n en la que Uribe se refer\u00eda en t\u00e9rminos estigamatizantes a Samper. Lo hab\u00eda\u00a0<a href=\"https:\/\/flip.org.co\/index.php\/es\/informacion\/pronunciamientos\/item\/2107-flip-condena-senalamientos-de-alvaro-uribe-velez-en-contra-de-daniel-samper-ospina\" target=\"_blank\" rel=\"noopener\">llamado \u201cbandidito\u201d, \u201cmaltratador de ni\u00f1as reci\u00e9n nacidas\u201d, \u201cpayaso\u201d<\/a>, seg\u00fan la FLIP.<\/p>\n<p>Por eso para Samper, la decisi\u00f3n en su caso puede sentar un precedente para evitar no solo que Uribe realic\u00e9 se\u00f1alamientos de este tipo, sino a otros funcionarios p\u00fablicos.<\/p>\n<p>\u201cEspero que mi caso sirva de precedente para que personajes de la pol\u00edtica como \u00c1lvaro\u00a0Uribe\u00a0no puedan lanzar campa\u00f1as de difamaci\u00f3n a trav\u00e9s de las redes (a las que suelen acudir para saltarse la intermediaci\u00f3n de los medios tradicionales, precisamente) de forma tan impune\u201d, dijo Samper al\u00a0<strong>Centro Knight<\/strong>. \u201cAl menos esta vez se encontr\u00f3 con una reacci\u00f3n de los mismos periodistas, una llamada de atenci\u00f3n de la Relator\u00eda de la\u00a0OEA\u00a0y una sentencia de un magistrado en su contra, con rega\u00f1o incluido. [\u2026]. Ojal\u00e1 la suma de unos tras otros sirvan de talanquera para que cada vez le cueste m\u00e1s trabajo activar el manual de su difamaci\u00f3n, que siempre es el mismo\u201d.<\/p>\n<p>Samper tampoco ha sido el \u00fanico periodista al que Uribe ha atacado. El pasado mayo se\u00f1al\u00f3 al\u00a0<a href=\"https:\/\/flip.org.co\/index.php\/es\/informacion\/pronunciamientos\/item\/2092-alvaro-uribe-velez-estigmatiza-a-periodista-de-noticias-uno\" target=\"_blank\" rel=\"noopener\">reportero de Noticias Uno Juli\u00e1n Mart\u00ednez como \u201cpro Farc\u201d<\/a>. Todo a ra\u00edz de una nota que daba cuenta de que presuntamente Uribe utiliz\u00f3 dinero del Estado en sus propiedades cuando a\u00fan era presidente, inform\u00f3 la FLIP.<\/p>\n<p>La lista de periodistas incluye tambi\u00e9n a Daniel Coronell, Gonzalo Guill\u00e9n y Hollman Morris entre otros,\u00a0<a href=\"https:\/\/flip.org.co\/index.php\/es\/informacion\/pronunciamientos\/item\/2092-alvaro-uribe-velez-estigmatiza-a-periodista-de-noticias-uno\" target=\"_blank\" rel=\"noopener\">agreg\u00f3 la FLIP<\/a>.<\/p>\n<p>El caso ha permitido a analizar la situaci\u00f3n\u00a0de polarizaci\u00f3n del pa\u00eds as\u00ed como del uso del redes sociales. La\u00a0sentencia que oblig\u00f3 a Uribe a rectificar, por ejemplo, tambi\u00e9n da cuenta de la\u00a0<a href=\"https:\/\/docs.google.com\/viewerng\/viewer?url=http:\/\/www.elespectador.com\/sites\/default\/files\/pdf-file\/sentencia_dso.pdf\" target=\"_blank\" rel=\"noopener\">obligaci\u00f3n de funcionarios p\u00fablicos respecto a ser m\u00e1s tolerantes a la cr\u00edtica<\/a>\u00a0e\u00a0inst\u00f3 a que el uso de redes sociales, especialmente por l\u00edderes de opini\u00f3n (incluidos periodistas), se hiciera con mayor responsabilidad.<\/p>\n<p>\u201cEl fomento de odios de cualquiera naturaleza, tan en boga hoy en d\u00eda, podr\u00e1 rendir frutos pasajeros para alguna bandera pero no hace honor a la condici\u00f3n humana de sus propaladores y m\u00e1s temprano que tarde se reflejar\u00e1 en fen\u00f3menos como los que ya se lamentan en pa\u00edses cercanos y amigos\u201d, establece una reflexi\u00f3n de la sentencia.<\/p>\n<p>Para Vaca, de la FLIP, lo que m\u00e1s preocupa a su organizaci\u00f3n es el uso de la estigmatizaci\u00f3n contra periodistas por parte de los funcionarios p\u00fablicos que en un ambiente polarizado como el colombiano pone en riesgo la vida de los reporteros.<\/p>\n<p>\u201cM\u00e1s que medios polarizados, lo que hay [en Colombia] es una sociedad polarizada donde, lo que a nosotros m\u00e1s nos preocupa, es que los funcionarios p\u00fablicos o las personas en liderazgos sociales no solo no contribuyen a un ambiente favorable sino que incentivan la violencia contra periodistas\u201d, dijo Vaca. \u201cLos funcionarios p\u00fablicos no responden a las cr\u00edticas o denuncias de los periodistas sino que atacan v\u00eda estigmatizaci\u00f3n\u201d.<\/p>\n<p>Pero los se\u00f1alamientos no solo llegan por parte de funcionarios p\u00fablicos. La sociedad civil tambi\u00e9n ha tomado parte en estos procesos de estigmatizaci\u00f3n.\u00a0Antes del caso de Samper, la\u00a0<a href=\"http:\/\/www.oas.org\/es\/cidh\/expresion\/showarticle.asp?artID=1070&amp;lID=2\" target=\"_blank\" rel=\"noopener\">periodista Claudia Gurisatti, directora de Noticias RCN y NTN24, denunci\u00f3 que fue v\u00edctima de una campa\u00f1a de hostigamiento<\/a>\u00a0por redes sociales, seg\u00fan la Relator\u00eda Especial.<\/p>\n<p>En Twitter tom\u00f3 fuerza la etiqueta\u00a0#GurisattiAUCN24 vincul\u00e1ndola con el extinto grupo paramilitar Autodefensas Unidas de Colombia (AUC). La periodista asegur\u00f3 que recibe siete trinos por minuto en su contra. \u201c<a href=\"http:\/\/www.semana.com\/nacion\/articulo\/quienes-me-estigmatizan-ponen-en-peligro-mi-integridad-claudia-gurisatti\/531749\" target=\"_blank\" rel=\"noopener\">Quienes me estigmatizan ponen en peligro mi integridad<\/a>\u201d, asegur\u00f3 en medio de la campa\u00f1a de hostigamiento del pasado julio.<\/p>\n<p>Colombia, como lo explic\u00f3 Vaca, no ha estado ajena a la tendencia mundial en la que los medios se han vuelto objeto de cr\u00edticas por su rol al momento de informar as\u00ed como de ser acusados de transmitir\u00a0<em>\u2018fake news\u2019<\/em>.<\/p>\n<p>\u201cHoy m\u00e1s que nunca se requiere transparencia por parte de los medios de comunicaci\u00f3n\u201d, asegur\u00f3 Vaca. \u201cEs importante que los medios ofrezcan de manera transparente informaci\u00f3n que pueda ser de inter\u00e9s de las audiencia como qui\u00e9nes lo conforman, qu\u00e9 intereses pueden tener tanto a nivel pol\u00edtico como econ\u00f3mico. Eso es clave\u201d.<\/p>\n<p><em>Nota del editor: Esta historia fue publicada originalmente en el blog Periodismo en las Am\u00e9ricas del Centro Knight, el predecesor de LatAm Journalism Review.<\/em><\/p>\n","protected":false},"excerpt":{"rendered":"<p>El reciente caso de estigmatizaci\u00f3n en contra del\u00a0columnista de la revista Semana Daniel Samper Ospina\u00a0es solo un ejemplo de los nuevos tipos de amenazas que est\u00e1n experimentando los periodistas en Colombia cuando la violencia letal de d\u00e9cadas pasadas parece haber reducido sus cifras.<\/p>\n","protected":false},"author":13,"featured_media":0,"comment_status":"closed","ping_status":"closed","sticky":false,"template":"","format":"standard","meta":{"inline_featured_image":false,"footnotes":""},"categories":[1222],"tags":[1395],"coauthors":[],"class_list":["post-46818","post","type-post","status-publish","format-standard","hentry","category-violencia-contra-periodistas-es","tag-colombia-es-2"],"acf":[],"yoast_head":"<!-- This site is optimized with the Yoast SEO Premium plugin v22.6 (Yoast SEO v27.4) - https:\/\/yoast.com\/product\/yoast-seo-premium-wordpress\/ -->\n<title>Caso de estigmatizaci\u00f3n demuestra los nuevos peligros que enfrentan los periodistas colombianos - LatAm Journalism Review<\/title>\n<meta name=\"description\" content=\"Caso de estigmatizaci\u00f3n demuestra los nuevos peligros que enfrentan los periodistas colombianos Violencia contra periodistas. Latin American Journalism Review by The Knight Center at The University of Texas at Austin.\" \/>\n<meta name=\"robots\" content=\"index, follow, max-snippet:-1, max-image-preview:large, max-video-preview:-1\" \/>\n<link rel=\"canonical\" href=\"https:\/\/latamjournalismreview.org\/es\/articles\/caso-de-estigmatizacion-demuestra-los-nuevos-peligros-que-enfrentan-los-periodistas-colombianos\/\" \/>\n<meta property=\"og:locale\" content=\"es_ES\" \/>\n<meta property=\"og:type\" content=\"article\" \/>\n<meta property=\"og:title\" content=\"Caso de estigmatizaci\u00f3n demuestra los nuevos peligros que enfrentan los periodistas colombianos\" \/>\n<meta property=\"og:description\" content=\"Caso de estigmatizaci\u00f3n demuestra los nuevos peligros que enfrentan los periodistas colombianos Violencia contra periodistas. Latin American Journalism Review by The Knight Center at The University of Texas at Austin.\" \/>\n<meta property=\"og:url\" content=\"https:\/\/latamjournalismreview.org\/es\/articles\/caso-de-estigmatizacion-demuestra-los-nuevos-peligros-que-enfrentan-los-periodistas-colombianos\/\" \/>\n<meta property=\"og:site_name\" content=\"LatAm Journalism Review\" \/>\n<meta property=\"article:published_time\" content=\"2017-08-09T20:13:54+00:00\" \/>\n<meta property=\"article:modified_time\" content=\"2022-01-10T20:15:30+00:00\" \/>\n<meta name=\"author\" content=\"Silvia Higuera\" \/>\n<meta name=\"twitter:card\" content=\"summary_large_image\" \/>\n<meta name=\"twitter:creator\" content=\"@shiguerita\" \/>\n<meta name=\"twitter:site\" content=\"@LatAmJournalism\" \/>\n<meta name=\"twitter:label1\" content=\"Written by\" \/>\n\t<meta name=\"twitter:data1\" content=\"Silvia Higuera\" \/>\n\t<meta name=\"twitter:label2\" content=\"Est. reading time\" \/>\n\t<meta name=\"twitter:data2\" content=\"9 minutos\" \/>\n<script type=\"application\/ld+json\" class=\"yoast-schema-graph\">{\"@context\":\"https:\\\/\\\/schema.org\",\"@graph\":[{\"@type\":\"Article\",\"@id\":\"https:\\\/\\\/latamjournalismreview.org\\\/es\\\/articles\\\/caso-de-estigmatizacion-demuestra-los-nuevos-peligros-que-enfrentan-los-periodistas-colombianos\\\/#article\",\"isPartOf\":{\"@id\":\"https:\\\/\\\/latamjournalismreview.org\\\/es\\\/articles\\\/caso-de-estigmatizacion-demuestra-los-nuevos-peligros-que-enfrentan-los-periodistas-colombianos\\\/\"},\"author\":{\"name\":\"Silvia Higuera\",\"@id\":\"https:\\\/\\\/latamjournalismreview.org\\\/es\\\/#\\\/schema\\\/person\\\/eac7baa6afada0957e047be9fc15703a\"},\"headline\":\"Caso de estigmatizaci\u00f3n demuestra los nuevos peligros que enfrentan los periodistas colombianos\",\"datePublished\":\"2017-08-09T20:13:54+00:00\",\"dateModified\":\"2022-01-10T20:15:30+00:00\",\"mainEntityOfPage\":{\"@id\":\"https:\\\/\\\/latamjournalismreview.org\\\/es\\\/articles\\\/caso-de-estigmatizacion-demuestra-los-nuevos-peligros-que-enfrentan-los-periodistas-colombianos\\\/\"},\"wordCount\":1815,\"publisher\":{\"@id\":\"https:\\\/\\\/latamjournalismreview.org\\\/es\\\/#organization\"},\"keywords\":[\"Colombia\"],\"articleSection\":[\"Violencia contra periodistas\"],\"inLanguage\":\"es\"},{\"@type\":\"WebPage\",\"@id\":\"https:\\\/\\\/latamjournalismreview.org\\\/es\\\/articles\\\/caso-de-estigmatizacion-demuestra-los-nuevos-peligros-que-enfrentan-los-periodistas-colombianos\\\/\",\"url\":\"https:\\\/\\\/latamjournalismreview.org\\\/es\\\/articles\\\/caso-de-estigmatizacion-demuestra-los-nuevos-peligros-que-enfrentan-los-periodistas-colombianos\\\/\",\"name\":\"Caso de estigmatizaci\u00f3n demuestra los nuevos peligros que enfrentan los periodistas colombianos - LatAm Journalism Review\",\"isPartOf\":{\"@id\":\"https:\\\/\\\/latamjournalismreview.org\\\/es\\\/#website\"},\"datePublished\":\"2017-08-09T20:13:54+00:00\",\"dateModified\":\"2022-01-10T20:15:30+00:00\",\"description\":\"Caso de estigmatizaci\u00f3n demuestra los nuevos peligros que enfrentan los periodistas colombianos Violencia contra periodistas. Latin American Journalism Review by The Knight Center at The University of Texas at Austin.\",\"breadcrumb\":{\"@id\":\"https:\\\/\\\/latamjournalismreview.org\\\/es\\\/articles\\\/caso-de-estigmatizacion-demuestra-los-nuevos-peligros-que-enfrentan-los-periodistas-colombianos\\\/#breadcrumb\"},\"inLanguage\":\"es\",\"potentialAction\":[{\"@type\":\"ReadAction\",\"target\":[\"https:\\\/\\\/latamjournalismreview.org\\\/es\\\/articles\\\/caso-de-estigmatizacion-demuestra-los-nuevos-peligros-que-enfrentan-los-periodistas-colombianos\\\/\"]}]},{\"@type\":\"BreadcrumbList\",\"@id\":\"https:\\\/\\\/latamjournalismreview.org\\\/es\\\/articles\\\/caso-de-estigmatizacion-demuestra-los-nuevos-peligros-que-enfrentan-los-periodistas-colombianos\\\/#breadcrumb\",\"itemListElement\":[{\"@type\":\"ListItem\",\"position\":1,\"name\":\"Home\",\"item\":\"https:\\\/\\\/latamjournalismreview.org\\\/es\\\/\"},{\"@type\":\"ListItem\",\"position\":2,\"name\":\"Caso de estigmatizaci\u00f3n demuestra los nuevos peligros que enfrentan los periodistas colombianos\"}]},{\"@type\":\"WebSite\",\"@id\":\"https:\\\/\\\/latamjournalismreview.org\\\/es\\\/#website\",\"url\":\"https:\\\/\\\/latamjournalismreview.org\\\/es\\\/\",\"name\":\"LatAm Journalism Review\",\"description\":\"Knight Center at The University of Texas\",\"publisher\":{\"@id\":\"https:\\\/\\\/latamjournalismreview.org\\\/es\\\/#organization\"},\"potentialAction\":[{\"@type\":\"SearchAction\",\"target\":{\"@type\":\"EntryPoint\",\"urlTemplate\":\"https:\\\/\\\/latamjournalismreview.org\\\/es\\\/?s={search_term_string}\"},\"query-input\":{\"@type\":\"PropertyValueSpecification\",\"valueRequired\":true,\"valueName\":\"search_term_string\"}}],\"inLanguage\":\"es\"},{\"@type\":\"Organization\",\"@id\":\"https:\\\/\\\/latamjournalismreview.org\\\/es\\\/#organization\",\"name\":\"LatAm Journalism Review\",\"url\":\"https:\\\/\\\/latamjournalismreview.org\\\/es\\\/\",\"logo\":{\"@type\":\"ImageObject\",\"inLanguage\":\"es\",\"@id\":\"https:\\\/\\\/latamjournalismreview.org\\\/es\\\/#\\\/schema\\\/logo\\\/image\\\/\",\"url\":\"https:\\\/\\\/latamjournalismreview.org\\\/wp-content\\\/uploads\\\/2020\\\/05\\\/knight-latAm-review-logo.svg\",\"contentUrl\":\"https:\\\/\\\/latamjournalismreview.org\\\/wp-content\\\/uploads\\\/2020\\\/05\\\/knight-latAm-review-logo.svg\",\"width\":\"1024\",\"height\":\"1024\",\"caption\":\"LatAm Journalism Review\"},\"image\":{\"@id\":\"https:\\\/\\\/latamjournalismreview.org\\\/es\\\/#\\\/schema\\\/logo\\\/image\\\/\"},\"sameAs\":[\"https:\\\/\\\/x.com\\\/LatAmJournalism\"]},{\"@type\":\"Person\",\"@id\":\"https:\\\/\\\/latamjournalismreview.org\\\/es\\\/#\\\/schema\\\/person\\\/eac7baa6afada0957e047be9fc15703a\",\"name\":\"Silvia Higuera\",\"description\":\"Silvia A. Higuera Fl\u00f3rez is a Colombian journalist interested in covering Latin American issues and human rights, especially the right to freedom of expression, and investigative journalism. She studied Social Communication and Journalism at Universidad Pontificia Bolivariana in Bucaramanga (Colombia), and received her Master's of Arts in Journalism from the University of Texas at Austin in 2015. She worked with the Office of the Special Rapporteur for Freedom of Expression of the Inter-American Commission on Human Rights (IACHR) under the Orlando Sierra fellowship during 2014. She also worked for the Colombian newspaper Vanguardia Liberal and wrote for different magazines about local, economic and public order issues. Her work has also appeared in The Miami Herald and El Nuevo Herald of Miami. Email: silvia.knightcenter@gmail.com Silvia A. Higuera Fl\u00f3rez es una periodista colombiana con inter\u00e9s period\u00edstico es Am\u00e9rica Latina y los derechos humanos, particularmente el derecho a la libertad de expresi\u00f3n, as\u00ed como el periodismo de investigaci\u00f3n. Estudi\u00f3 Comunicaci\u00f3n Social \u2013 Periodismo en la Universidad Pontificia Bolivariana de Bucaramanga (Colombia), y recibi\u00f3 su maestr\u00eda en Periodismo en la Universidad de Texas, en Austin en 2015. Trabaj\u00f3 para la Relator\u00eda Especial para la Libertad de Expresi\u00f3n de la Comisi\u00f3n Interamericana de Derechos Humanos (CIDH) en el marco de la beca Orlando Sierra, durante 2014. Tambi\u00e9n hizo parte del diario Vanguardia Liberal y escribi\u00f3 para otras revistas colombianas cubriendo fuentes locales, econ\u00f3micas y judiciales. Algunos de sus trabajos han aparecido en The Miami Herald y El Nuevo Herald de Miami. Silvia A. Higuera Fl\u00f3rez \u00e9 uma jornalista colombiana e seu interesse jornal\u00edstico \u00e9 a Am\u00e9rica Latina e os direitos humanos, nomeadamente o direito \u00e0 liberdade de express\u00e3o. Estudou Comunica\u00e7\u00e3o Social \u2013 Jornalismo na Universidade Pontif\u00edcia Bolivariana de Bucaramanga, na Col\u00f4mbia e completou seu mestrado em jornalismo na Universidade do Texas em Austin. Silvia trabalhou na Relatoria para a Liberdade de Express\u00e3o da CIDH pela bolsa Orlando Sierra, em 2014. Trabalhou para o jornal Vanguardia Liberal e escreveu para outras revistas colombianas cobrindo temas locais, econ\u00f4micas e judici\u00e1rias. Alguns de seus trabalhos apareceram no The Miami Herald e no El Nuevo Herald de Miami.\",\"sameAs\":[\"https:\\\/\\\/x.com\\\/shiguerita\"],\"url\":\"https:\\\/\\\/latamjournalismreview.org\\\/es\\\/articles\\\/author\\\/silvia-higuera\\\/\"}]}<\/script>\n<!-- \/ Yoast SEO Premium plugin. -->","yoast_head_json":{"title":"Caso de estigmatizaci\u00f3n demuestra los nuevos peligros que enfrentan los periodistas colombianos - LatAm Journalism Review","description":"Caso de estigmatizaci\u00f3n demuestra los nuevos peligros que enfrentan los periodistas colombianos Violencia contra periodistas. Latin American Journalism Review by The Knight Center at The University of Texas at Austin.","robots":{"index":"index","follow":"follow","max-snippet":"max-snippet:-1","max-image-preview":"max-image-preview:large","max-video-preview":"max-video-preview:-1"},"canonical":"https:\/\/latamjournalismreview.org\/es\/articles\/caso-de-estigmatizacion-demuestra-los-nuevos-peligros-que-enfrentan-los-periodistas-colombianos\/","og_locale":"es_ES","og_type":"article","og_title":"Caso de estigmatizaci\u00f3n demuestra los nuevos peligros que enfrentan los periodistas colombianos","og_description":"Caso de estigmatizaci\u00f3n demuestra los nuevos peligros que enfrentan los periodistas colombianos Violencia contra periodistas. Latin American Journalism Review by The Knight Center at The University of Texas at Austin.","og_url":"https:\/\/latamjournalismreview.org\/es\/articles\/caso-de-estigmatizacion-demuestra-los-nuevos-peligros-que-enfrentan-los-periodistas-colombianos\/","og_site_name":"LatAm Journalism Review","article_published_time":"2017-08-09T20:13:54+00:00","article_modified_time":"2022-01-10T20:15:30+00:00","author":"Silvia Higuera","twitter_card":"summary_large_image","twitter_creator":"@shiguerita","twitter_site":"@LatAmJournalism","twitter_misc":{"Written by":"Silvia Higuera","Est. reading time":"9 minutos"},"schema":{"@context":"https:\/\/schema.org","@graph":[{"@type":"Article","@id":"https:\/\/latamjournalismreview.org\/es\/articles\/caso-de-estigmatizacion-demuestra-los-nuevos-peligros-que-enfrentan-los-periodistas-colombianos\/#article","isPartOf":{"@id":"https:\/\/latamjournalismreview.org\/es\/articles\/caso-de-estigmatizacion-demuestra-los-nuevos-peligros-que-enfrentan-los-periodistas-colombianos\/"},"author":{"name":"Silvia Higuera","@id":"https:\/\/latamjournalismreview.org\/es\/#\/schema\/person\/eac7baa6afada0957e047be9fc15703a"},"headline":"Caso de estigmatizaci\u00f3n demuestra los nuevos peligros que enfrentan los periodistas colombianos","datePublished":"2017-08-09T20:13:54+00:00","dateModified":"2022-01-10T20:15:30+00:00","mainEntityOfPage":{"@id":"https:\/\/latamjournalismreview.org\/es\/articles\/caso-de-estigmatizacion-demuestra-los-nuevos-peligros-que-enfrentan-los-periodistas-colombianos\/"},"wordCount":1815,"publisher":{"@id":"https:\/\/latamjournalismreview.org\/es\/#organization"},"keywords":["Colombia"],"articleSection":["Violencia contra periodistas"],"inLanguage":"es"},{"@type":"WebPage","@id":"https:\/\/latamjournalismreview.org\/es\/articles\/caso-de-estigmatizacion-demuestra-los-nuevos-peligros-que-enfrentan-los-periodistas-colombianos\/","url":"https:\/\/latamjournalismreview.org\/es\/articles\/caso-de-estigmatizacion-demuestra-los-nuevos-peligros-que-enfrentan-los-periodistas-colombianos\/","name":"Caso de estigmatizaci\u00f3n demuestra los nuevos peligros que enfrentan los periodistas colombianos - LatAm Journalism Review","isPartOf":{"@id":"https:\/\/latamjournalismreview.org\/es\/#website"},"datePublished":"2017-08-09T20:13:54+00:00","dateModified":"2022-01-10T20:15:30+00:00","description":"Caso de estigmatizaci\u00f3n demuestra los nuevos peligros que enfrentan los periodistas colombianos Violencia contra periodistas. Latin American Journalism Review by The Knight Center at The University of Texas at Austin.","breadcrumb":{"@id":"https:\/\/latamjournalismreview.org\/es\/articles\/caso-de-estigmatizacion-demuestra-los-nuevos-peligros-que-enfrentan-los-periodistas-colombianos\/#breadcrumb"},"inLanguage":"es","potentialAction":[{"@type":"ReadAction","target":["https:\/\/latamjournalismreview.org\/es\/articles\/caso-de-estigmatizacion-demuestra-los-nuevos-peligros-que-enfrentan-los-periodistas-colombianos\/"]}]},{"@type":"BreadcrumbList","@id":"https:\/\/latamjournalismreview.org\/es\/articles\/caso-de-estigmatizacion-demuestra-los-nuevos-peligros-que-enfrentan-los-periodistas-colombianos\/#breadcrumb","itemListElement":[{"@type":"ListItem","position":1,"name":"Home","item":"https:\/\/latamjournalismreview.org\/es\/"},{"@type":"ListItem","position":2,"name":"Caso de estigmatizaci\u00f3n demuestra los nuevos peligros que enfrentan los periodistas colombianos"}]},{"@type":"WebSite","@id":"https:\/\/latamjournalismreview.org\/es\/#website","url":"https:\/\/latamjournalismreview.org\/es\/","name":"LatAm Journalism Review","description":"Knight Center at The University of Texas","publisher":{"@id":"https:\/\/latamjournalismreview.org\/es\/#organization"},"potentialAction":[{"@type":"SearchAction","target":{"@type":"EntryPoint","urlTemplate":"https:\/\/latamjournalismreview.org\/es\/?s={search_term_string}"},"query-input":{"@type":"PropertyValueSpecification","valueRequired":true,"valueName":"search_term_string"}}],"inLanguage":"es"},{"@type":"Organization","@id":"https:\/\/latamjournalismreview.org\/es\/#organization","name":"LatAm Journalism Review","url":"https:\/\/latamjournalismreview.org\/es\/","logo":{"@type":"ImageObject","inLanguage":"es","@id":"https:\/\/latamjournalismreview.org\/es\/#\/schema\/logo\/image\/","url":"https:\/\/latamjournalismreview.org\/wp-content\/uploads\/2020\/05\/knight-latAm-review-logo.svg","contentUrl":"https:\/\/latamjournalismreview.org\/wp-content\/uploads\/2020\/05\/knight-latAm-review-logo.svg","width":"1024","height":"1024","caption":"LatAm Journalism Review"},"image":{"@id":"https:\/\/latamjournalismreview.org\/es\/#\/schema\/logo\/image\/"},"sameAs":["https:\/\/x.com\/LatAmJournalism"]},{"@type":"Person","@id":"https:\/\/latamjournalismreview.org\/es\/#\/schema\/person\/eac7baa6afada0957e047be9fc15703a","name":"Silvia Higuera","description":"Silvia A. Higuera Fl\u00f3rez is a Colombian journalist interested in covering Latin American issues and human rights, especially the right to freedom of expression, and investigative journalism. She studied Social Communication and Journalism at Universidad Pontificia Bolivariana in Bucaramanga (Colombia), and received her Master's of Arts in Journalism from the University of Texas at Austin in 2015. She worked with the Office of the Special Rapporteur for Freedom of Expression of the Inter-American Commission on Human Rights (IACHR) under the Orlando Sierra fellowship during 2014. She also worked for the Colombian newspaper Vanguardia Liberal and wrote for different magazines about local, economic and public order issues. Her work has also appeared in The Miami Herald and El Nuevo Herald of Miami. Email: silvia.knightcenter@gmail.com Silvia A. Higuera Fl\u00f3rez es una periodista colombiana con inter\u00e9s period\u00edstico es Am\u00e9rica Latina y los derechos humanos, particularmente el derecho a la libertad de expresi\u00f3n, as\u00ed como el periodismo de investigaci\u00f3n. Estudi\u00f3 Comunicaci\u00f3n Social \u2013 Periodismo en la Universidad Pontificia Bolivariana de Bucaramanga (Colombia), y recibi\u00f3 su maestr\u00eda en Periodismo en la Universidad de Texas, en Austin en 2015. Trabaj\u00f3 para la Relator\u00eda Especial para la Libertad de Expresi\u00f3n de la Comisi\u00f3n Interamericana de Derechos Humanos (CIDH) en el marco de la beca Orlando Sierra, durante 2014. Tambi\u00e9n hizo parte del diario Vanguardia Liberal y escribi\u00f3 para otras revistas colombianas cubriendo fuentes locales, econ\u00f3micas y judiciales. Algunos de sus trabajos han aparecido en The Miami Herald y El Nuevo Herald de Miami. Silvia A. Higuera Fl\u00f3rez \u00e9 uma jornalista colombiana e seu interesse jornal\u00edstico \u00e9 a Am\u00e9rica Latina e os direitos humanos, nomeadamente o direito \u00e0 liberdade de express\u00e3o. Estudou Comunica\u00e7\u00e3o Social \u2013 Jornalismo na Universidade Pontif\u00edcia Bolivariana de Bucaramanga, na Col\u00f4mbia e completou seu mestrado em jornalismo na Universidade do Texas em Austin. Silvia trabalhou na Relatoria para a Liberdade de Express\u00e3o da CIDH pela bolsa Orlando Sierra, em 2014. Trabalhou para o jornal Vanguardia Liberal e escreveu para outras revistas colombianas cobrindo temas locais, econ\u00f4micas e judici\u00e1rias. Alguns de seus trabalhos apareceram no The Miami Herald e no El Nuevo Herald de Miami.","sameAs":["https:\/\/x.com\/shiguerita"],"url":"https:\/\/latamjournalismreview.org\/es\/articles\/author\/silvia-higuera\/"}]}},"_links":{"self":[{"href":"https:\/\/latamjournalismreview.org\/es\/wp-json\/wp\/v2\/posts\/46818","targetHints":{"allow":["GET"]}}],"collection":[{"href":"https:\/\/latamjournalismreview.org\/es\/wp-json\/wp\/v2\/posts"}],"about":[{"href":"https:\/\/latamjournalismreview.org\/es\/wp-json\/wp\/v2\/types\/post"}],"author":[{"embeddable":true,"href":"https:\/\/latamjournalismreview.org\/es\/wp-json\/wp\/v2\/users\/13"}],"replies":[{"embeddable":true,"href":"https:\/\/latamjournalismreview.org\/es\/wp-json\/wp\/v2\/comments?post=46818"}],"version-history":[{"count":1,"href":"https:\/\/latamjournalismreview.org\/es\/wp-json\/wp\/v2\/posts\/46818\/revisions"}],"predecessor-version":[{"id":46823,"href":"https:\/\/latamjournalismreview.org\/es\/wp-json\/wp\/v2\/posts\/46818\/revisions\/46823"}],"wp:attachment":[{"href":"https:\/\/latamjournalismreview.org\/es\/wp-json\/wp\/v2\/media?parent=46818"}],"wp:term":[{"taxonomy":"category","embeddable":true,"href":"https:\/\/latamjournalismreview.org\/es\/wp-json\/wp\/v2\/categories?post=46818"},{"taxonomy":"post_tag","embeddable":true,"href":"https:\/\/latamjournalismreview.org\/es\/wp-json\/wp\/v2\/tags?post=46818"},{"taxonomy":"author","embeddable":true,"href":"https:\/\/latamjournalismreview.org\/es\/wp-json\/wp\/v2\/coauthors?post=46818"}],"curies":[{"name":"wp","href":"https:\/\/api.w.org\/{rel}","templated":true}]}}