{"id":46973,"date":"2017-12-13T11:33:55","date_gmt":"2017-12-13T16:33:55","guid":{"rendered":"https:\/\/latamjournalismreview.org\/?p=46973"},"modified":"2022-01-12T11:34:36","modified_gmt":"2022-01-12T16:34:36","slug":"guatemala-ecuador-y-venezuela-estan-en-censo-anual-del-cpj-de-periodistas-presos-en-el-mundo","status":"publish","type":"post","link":"https:\/\/latamjournalismreview.org\/es\/articles\/guatemala-ecuador-y-venezuela-estan-en-censo-anual-del-cpj-de-periodistas-presos-en-el-mundo\/","title":{"rendered":"Guatemala, Ecuador y Venezuela est\u00e1n en censo anual del CPJ de periodistas presos en el mundo"},"content":{"rendered":"<p>Tres periodistas latinoamericanos aparecen en el\u00a0<a href=\"https:\/\/cpj.org\/es\/2017\/12\/encarcelan-a-una-cifra-record-de-periodistas-en-ta.php\" target=\"_blank\" rel=\"noopener\">censo global anual de periodistas presos del Comit\u00e9 para la Protecci\u00f3n de los Periodistas<\/a>\u00a0(CPJ, por sus siglas en ingl\u00e9s). El guatemalteco Jerson Antonio Xitumul Morales, el ecuatoriano Enrique Rosales Ortega y el venezolano Braulio Jatar son tres de los 262 periodistas encarcelados alrededor del mundo, de acuerdo con el informe publicado este 13 de diciembre.<\/p>\n<p>Seg\u00fan el CPJ, que hace esta investigaci\u00f3n anual desde 1990, por segundo a\u00f1o consecutivo el n\u00famero de periodistas presos por hacer su trabajo alcanz\u00f3 un r\u00e9cord hist\u00f3rico. En 2016, la organizaci\u00f3n cont\u00f3 a 259 profesionales presos en el mismo periodo del a\u00f1o.<\/p>\n<p>De los 262 nombres en la lista de este a\u00f1o, 134 \u2013 o el 51% \u2013 est\u00e1n detr\u00e1s de las rejas en Turqu\u00eda, China y Egipto. Los otros 128 est\u00e1n repartidos por 35 pa\u00edses, con Eritrea (15), Azerbaiy\u00e1n (10) y Vietnam (10) destac\u00e1ndose por el alto n\u00famero de periodistas presos. Por primera vez en al menos 12 meses, Guatemala y Ecuador aparecen en la lista del CPJ.<\/p>\n<p>De acuerdo con la organizaci\u00f3n, el guatemalteco\u00a0<a href=\"https:\/\/cpj.org\/data\/people\/jerson-antonio-xitumul-morales\/index.php\" target=\"_blank\" rel=\"noopener\">Jerson Antonio\u00a0Xitumul Morales<\/a>, que trabaja en el sitio\u00a0<a href=\"http:\/\/www.prensacomunitaria.org\/el-periodista-jerson-xitumul-documentaba-la-contaminacion-del-lago-de-izabal-esta-en-la-carcel-injustamente\/\" target=\"_blank\" rel=\"noopener\">Prensa Comunitaria<\/a>, est\u00e1 preso desde el 11 de noviembre acusado de incitaci\u00f3n al crimen, amenazas y detenci\u00f3n ilegal por su supuesta participaci\u00f3n en una protesta de pescadores contra una minera en el departamento de\u00a0Izabal, en el este de Guatemala, en mayo.<\/p>\n<p>Sus colegas afirman que \u00e9l solamente cubri\u00f3 la protesta y estaba debidamente identificado como periodista en la ocasi\u00f3n. Uno de sus colegas le dijo al CPJ que Morales\u00a0<a href=\"https:\/\/cpj.org\/data\/people\/jerson-antonio-xitumul-morales\/index.php\" target=\"_blank\" rel=\"noopener\">ven\u00eda siendo amenazado por la minera y por autoridades locales<\/a>\u00a0desde el comienzo de 2017 por su cobertura de las protestas de los pescadores, que acusan a la empresa de da\u00f1o ambiental en la regi\u00f3n del lago Izabal.<\/p>\n<p>En Ecuador, el periodista Enrique Rosales Ortega, que\u00a0<a href=\"https:\/\/www.eluniverso.com\/noticias\/2017\/12\/01\/nota\/6505804\/periodista-sentenciado-fue-apresado-ayer-libertad\" target=\"_blank\" rel=\"noopener\">escribe una columna de opini\u00f3n en El Universo<\/a>, cumple desde el 30 de noviembre una pena de dos a\u00f1os de prisi\u00f3n por difamaci\u00f3n. Fue condenado en un proceso iniciado por la exdiputada Vanessa Fajardo, del partido oficialista Alianza PAIS, luego de que el periodista\u00a0<a href=\"http:\/\/www.ecuadornoticias.com\/2015\/07\/denuncian-asambleista-de-alianza-pais.html\" target=\"_blank\" rel=\"noopener\">la acusara durante un programa de radio en julio de 2015 de tr\u00e1fico de influencia<\/a>, seg\u00fan report\u00f3 Ecuador Noticias en su momento.<\/p>\n<p>Venezuela repite este a\u00f1o su aparici\u00f3n en el censo de 2016 del CPJ, con\u00a0<a href=\"https:\/\/knightcenter.utexas.edu\/es\/blog\/00-17827-periodista-braulio-jatar-cumple-tres-meses-en-prision-en-venezuela-mientras-avanza-cam\" target=\"_blank\" rel=\"noopener\">el caso del periodista Braulio Jatar<\/a>. \u00c9l est\u00e1 preso desde septiembre de 2016 bajo la acusaci\u00f3n de lavado de dinero, pero su familia y su abogado afirman que \u00e9l es un preso pol\u00edtico, una represalia del gobierno de Nicol\u00e1s Maduro. Jatar\u00a0<a href=\"https:\/\/knightcenter.utexas.edu\/es\/blog\/00-17454-denuncian-detencion-de-periodista-venezolano-como-represalia-por-cobertura-de-protesta\" target=\"_blank\" rel=\"noopener\">fue arrestado un d\u00eda despu\u00e9s de haber publicado un video de una protesta en Isla Margartia en contra del presidente Maduro<\/a>\u00a0en el medio que \u00e9l dirige, Reporte Confidencial. Despu\u00e9s de nueve meses en la c\u00e1rcel,\u00a0<a href=\"https:\/\/knightcenter.utexas.edu\/es\/blog\/00-18437-director-de-sitio-venezolano-es-puesto-bajo-arresto-domiciliario-luego-de-pasar-9-mese\" target=\"_blank\" rel=\"noopener\">Jatar fue puesto en arresto domiciliario<\/a>.<\/p>\n<p>\u201cEn una sociedad justa,<a href=\"https:\/\/cpj.org\/2017\/12\/record-number-of-jailed-journalists-for-second-yea.php\" target=\"_blank\" rel=\"noopener\">\u00a0ning\u00fan periodista deber\u00eda ser encarcelado por hacer su trabajo e informar cr\u00edticamente<\/a>, pero 262 de ellos est\u00e1n pagando ese precio\u201d, dijo Joel Simon, director ejecutivo del CPJ, seg\u00fan un comunicado de la organizaci\u00f3n. \u201cEs vergonzoso que, por segundo a\u00f1o consecutivo, un n\u00famero r\u00e9cord de periodistas est\u00e9n tras las rejas. Los pa\u00edses que retienen a periodistas por lo que ellos publican est\u00e1n violando leyes internacionales y deben ser responsabilizados. El hecho de que gobiernos represivos no est\u00e9n pagando un precio por encarcelar a periodistas representa un fracaso de la comunidad internacional\u201d.<\/p>\n<p>El CPJ\u00a0<a href=\"https:\/\/cpj.org\/es\/2017\/12\/encarcelan-a-una-cifra-record-de-periodistas-en-ta.php\" target=\"_blank\" rel=\"noopener\">considera como periodistas a\u00a0\u201cpersonas que cubren las noticias o emiten comentarios<\/a>\u00a0sobre asuntos de inter\u00e9s para la sociedad en medios como impresos, fotograf\u00edas, radio, televisi\u00f3n e internet\u201d y afirm\u00f3 que s\u00f3lo incluye en su lista los nombres de quienes han podido confirmar han sido apresados en relaci\u00f3n con su trabajo.\u00a0<a href=\"https:\/\/cpj.org\/data\/imprisoned\/2017\/#~(status~'Imprisoned~charges~(~)~localOrForeign~(~)~gender~(~)~employedAs~(~)~jobs~(~)~coverages~(~)~mediums~(~)~cc_fips~(~)~end_year~'2017~group_by~'location)\" target=\"_blank\" rel=\"noopener\">Haga clic aqu\u00ed<\/a>\u00a0para acceder a la base de datos del CPJ con todos los 262 periodistas presos hasta este final de 2017.<\/p>\n<p><em>Nota del editor: Esta historia fue publicada originalmente en el blog Periodismo en las Am\u00e9ricas del Centro Knight, el predecesor de LatAm Journalism Review.<\/em><\/p>\n","protected":false},"excerpt":{"rendered":"<p>Tres periodistas latinoamericanos aparecen en el\u00a0censo global anual de periodistas presos del Comit\u00e9 para la Protecci\u00f3n de los Periodistas\u00a0(CPJ, por sus siglas en ingl\u00e9s). El guatemalteco Jerson Antonio Xitumul Morales, el ecuatoriano Enrique Rosales Ortega y el venezolano Braulio Jatar son tres de los 262 periodistas encarcelados alrededor del mundo, de acuerdo con el informe publicado este 13 de diciembre.<\/p>\n","protected":false},"author":16,"featured_media":0,"comment_status":"closed","ping_status":"closed","sticky":false,"template":"","format":"standard","meta":{"inline_featured_image":false,"footnotes":""},"categories":[1220],"tags":[1440,1443,1459,1405],"coauthors":[],"class_list":["post-46973","post","type-post","status-publish","format-standard","hentry","category-libertad-de-prensa-es","tag-detenciones-es","tag-ecuador-es","tag-guatemala-es","tag-venezuela-es-2"],"acf":[],"yoast_head":"<!-- This site is optimized with the Yoast SEO Premium plugin v22.6 (Yoast SEO v27.4) - https:\/\/yoast.com\/product\/yoast-seo-premium-wordpress\/ -->\n<title>Guatemala, Ecuador y Venezuela est\u00e1n en censo anual del CPJ de periodistas presos en el mundo - LatAm Journalism Review<\/title>\n<meta name=\"description\" content=\"Guatemala, Ecuador y Venezuela est\u00e1n en censo anual del CPJ de periodistas presos en el mundo Libertad de prensa. Latin American Journalism Review by The Knight Center at The University of Texas at Austin.\" \/>\n<meta name=\"robots\" content=\"index, follow, max-snippet:-1, max-image-preview:large, max-video-preview:-1\" \/>\n<link rel=\"canonical\" href=\"https:\/\/latamjournalismreview.org\/es\/articles\/guatemala-ecuador-y-venezuela-estan-en-censo-anual-del-cpj-de-periodistas-presos-en-el-mundo\/\" \/>\n<meta property=\"og:locale\" content=\"es_ES\" \/>\n<meta property=\"og:type\" content=\"article\" \/>\n<meta property=\"og:title\" content=\"Guatemala, Ecuador y Venezuela est\u00e1n en censo anual del CPJ de periodistas presos en el mundo\" \/>\n<meta property=\"og:description\" content=\"Guatemala, Ecuador y Venezuela est\u00e1n en censo anual del CPJ de periodistas presos en el mundo Libertad de prensa. Latin American Journalism Review by The Knight Center at The University of Texas at Austin.\" \/>\n<meta property=\"og:url\" content=\"https:\/\/latamjournalismreview.org\/es\/articles\/guatemala-ecuador-y-venezuela-estan-en-censo-anual-del-cpj-de-periodistas-presos-en-el-mundo\/\" \/>\n<meta property=\"og:site_name\" content=\"LatAm Journalism Review\" \/>\n<meta property=\"article:published_time\" content=\"2017-12-13T16:33:55+00:00\" \/>\n<meta property=\"article:modified_time\" content=\"2022-01-12T16:34:36+00:00\" \/>\n<meta name=\"author\" content=\"Carolina de Assis\" \/>\n<meta name=\"twitter:card\" content=\"summary_large_image\" \/>\n<meta name=\"twitter:creator\" content=\"@LatAmJournalism\" \/>\n<meta name=\"twitter:site\" content=\"@LatAmJournalism\" \/>\n<meta name=\"twitter:label1\" content=\"Written by\" \/>\n\t<meta name=\"twitter:data1\" content=\"Carolina de Assis\" \/>\n\t<meta name=\"twitter:label2\" content=\"Est. reading time\" \/>\n\t<meta name=\"twitter:data2\" content=\"3 minutos\" \/>\n<script type=\"application\/ld+json\" class=\"yoast-schema-graph\">{\"@context\":\"https:\\\/\\\/schema.org\",\"@graph\":[{\"@type\":\"Article\",\"@id\":\"https:\\\/\\\/latamjournalismreview.org\\\/es\\\/articles\\\/guatemala-ecuador-y-venezuela-estan-en-censo-anual-del-cpj-de-periodistas-presos-en-el-mundo\\\/#article\",\"isPartOf\":{\"@id\":\"https:\\\/\\\/latamjournalismreview.org\\\/es\\\/articles\\\/guatemala-ecuador-y-venezuela-estan-en-censo-anual-del-cpj-de-periodistas-presos-en-el-mundo\\\/\"},\"author\":{\"name\":\"Carolina de Assis\",\"@id\":\"https:\\\/\\\/latamjournalismreview.org\\\/es\\\/#\\\/schema\\\/person\\\/f98b544e2f231a237f39a56cc9a00a9a\"},\"headline\":\"Guatemala, Ecuador y Venezuela est\u00e1n en censo anual del CPJ de periodistas presos en el mundo\",\"datePublished\":\"2017-12-13T16:33:55+00:00\",\"dateModified\":\"2022-01-12T16:34:36+00:00\",\"mainEntityOfPage\":{\"@id\":\"https:\\\/\\\/latamjournalismreview.org\\\/es\\\/articles\\\/guatemala-ecuador-y-venezuela-estan-en-censo-anual-del-cpj-de-periodistas-presos-en-el-mundo\\\/\"},\"wordCount\":713,\"publisher\":{\"@id\":\"https:\\\/\\\/latamjournalismreview.org\\\/es\\\/#organization\"},\"keywords\":[\"Detenciones\",\"Ecuador\",\"Guatemala\",\"Venezuela\"],\"articleSection\":[\"Libertad de prensa\"],\"inLanguage\":\"es\"},{\"@type\":\"WebPage\",\"@id\":\"https:\\\/\\\/latamjournalismreview.org\\\/es\\\/articles\\\/guatemala-ecuador-y-venezuela-estan-en-censo-anual-del-cpj-de-periodistas-presos-en-el-mundo\\\/\",\"url\":\"https:\\\/\\\/latamjournalismreview.org\\\/es\\\/articles\\\/guatemala-ecuador-y-venezuela-estan-en-censo-anual-del-cpj-de-periodistas-presos-en-el-mundo\\\/\",\"name\":\"Guatemala, Ecuador y Venezuela est\u00e1n en censo anual del CPJ de periodistas presos en el mundo - LatAm Journalism Review\",\"isPartOf\":{\"@id\":\"https:\\\/\\\/latamjournalismreview.org\\\/es\\\/#website\"},\"datePublished\":\"2017-12-13T16:33:55+00:00\",\"dateModified\":\"2022-01-12T16:34:36+00:00\",\"description\":\"Guatemala, Ecuador y Venezuela est\u00e1n en censo anual del CPJ de periodistas presos en el mundo Libertad de prensa. Latin American Journalism Review by The Knight Center at The University of Texas at Austin.\",\"breadcrumb\":{\"@id\":\"https:\\\/\\\/latamjournalismreview.org\\\/es\\\/articles\\\/guatemala-ecuador-y-venezuela-estan-en-censo-anual-del-cpj-de-periodistas-presos-en-el-mundo\\\/#breadcrumb\"},\"inLanguage\":\"es\",\"potentialAction\":[{\"@type\":\"ReadAction\",\"target\":[\"https:\\\/\\\/latamjournalismreview.org\\\/es\\\/articles\\\/guatemala-ecuador-y-venezuela-estan-en-censo-anual-del-cpj-de-periodistas-presos-en-el-mundo\\\/\"]}]},{\"@type\":\"BreadcrumbList\",\"@id\":\"https:\\\/\\\/latamjournalismreview.org\\\/es\\\/articles\\\/guatemala-ecuador-y-venezuela-estan-en-censo-anual-del-cpj-de-periodistas-presos-en-el-mundo\\\/#breadcrumb\",\"itemListElement\":[{\"@type\":\"ListItem\",\"position\":1,\"name\":\"Home\",\"item\":\"https:\\\/\\\/latamjournalismreview.org\\\/es\\\/\"},{\"@type\":\"ListItem\",\"position\":2,\"name\":\"Guatemala, Ecuador y Venezuela est\u00e1n en censo anual del CPJ de periodistas presos en el mundo\"}]},{\"@type\":\"WebSite\",\"@id\":\"https:\\\/\\\/latamjournalismreview.org\\\/es\\\/#website\",\"url\":\"https:\\\/\\\/latamjournalismreview.org\\\/es\\\/\",\"name\":\"LatAm Journalism Review\",\"description\":\"Knight Center at The University of Texas\",\"publisher\":{\"@id\":\"https:\\\/\\\/latamjournalismreview.org\\\/es\\\/#organization\"},\"potentialAction\":[{\"@type\":\"SearchAction\",\"target\":{\"@type\":\"EntryPoint\",\"urlTemplate\":\"https:\\\/\\\/latamjournalismreview.org\\\/es\\\/?s={search_term_string}\"},\"query-input\":{\"@type\":\"PropertyValueSpecification\",\"valueRequired\":true,\"valueName\":\"search_term_string\"}}],\"inLanguage\":\"es\"},{\"@type\":\"Organization\",\"@id\":\"https:\\\/\\\/latamjournalismreview.org\\\/es\\\/#organization\",\"name\":\"LatAm Journalism Review\",\"url\":\"https:\\\/\\\/latamjournalismreview.org\\\/es\\\/\",\"logo\":{\"@type\":\"ImageObject\",\"inLanguage\":\"es\",\"@id\":\"https:\\\/\\\/latamjournalismreview.org\\\/es\\\/#\\\/schema\\\/logo\\\/image\\\/\",\"url\":\"https:\\\/\\\/latamjournalismreview.org\\\/wp-content\\\/uploads\\\/2020\\\/05\\\/knight-latAm-review-logo.svg\",\"contentUrl\":\"https:\\\/\\\/latamjournalismreview.org\\\/wp-content\\\/uploads\\\/2020\\\/05\\\/knight-latAm-review-logo.svg\",\"width\":\"1024\",\"height\":\"1024\",\"caption\":\"LatAm Journalism Review\"},\"image\":{\"@id\":\"https:\\\/\\\/latamjournalismreview.org\\\/es\\\/#\\\/schema\\\/logo\\\/image\\\/\"},\"sameAs\":[\"https:\\\/\\\/x.com\\\/LatAmJournalism\"]},{\"@type\":\"Person\",\"@id\":\"https:\\\/\\\/latamjournalismreview.org\\\/es\\\/#\\\/schema\\\/person\\\/f98b544e2f231a237f39a56cc9a00a9a\",\"name\":\"Carolina de Assis\",\"description\":\"Carolina de Assis is a Brazilian journalist and researcher who lives in Juiz de Fora, MG, Brazil. She holds a master's degree in Women\u2019s and Gender Studies from the GEMMA Programme \u2013 Universit\u00e0 di Bologna (Italy) \\\/ Universiteit Utrecht (The Netherlands) and has worked as an editor at G\u00eanero e N\u00famero, a Brazilian digital magazine focused on data journalism and gender issues. She is especially interested in journalistic initiatives aimed at promoting human rights and gender justice. You can find her on Twitter: @caroldeassis _________ Carolina de Assis es una periodista e investigadora brasile\u00f1a que vive en Juiz de Fora, MG, Brasil . Tiene una maestr\u00eda en Estudios de las Mujeres y de G\u00e9nero del programa GEMMA \u2013 Universit\u00e0 di Bologna (Italia) \\\/ Universiteit Utrecht (Holanda). Trabaj\u00f3 como editora en la revista digital brasile\u00f1a G\u00eanero e N\u00famero. Le interesan especialmente iniciativas period\u00edsticas que tienen el objetivo de promover los derechos humanos y la justicia de g\u00e9nero. Puedes encontrarla en Twitter: @caroldeassis. _______ Carolina de Assis \u00e9 uma jornalista e pesquisadora brasileira que vive em Juiz de Fora (MG). \u00c9 mestra em Estudos da Mulher e de G\u00eanero pelo programa GEMMA \u2013 Universit\u00e0 di Bologna (It\u00e1lia) \\\/ Universiteit Utrecht (Holanda). Trabalhou como editora na revista digital G\u00eanero e N\u00famero e se interessa especialmente por iniciativas jornal\u00edsticas que promovam os direitos humanos e a justi\u00e7a de g\u00eanero. Voc\u00ea pode encontr\u00e1-la no Twitter em @caroldeassis.\",\"url\":\"https:\\\/\\\/latamjournalismreview.org\\\/es\\\/articles\\\/author\\\/carolina-de-assis\\\/\"}]}<\/script>\n<!-- \/ Yoast SEO Premium plugin. -->","yoast_head_json":{"title":"Guatemala, Ecuador y Venezuela est\u00e1n en censo anual del CPJ de periodistas presos en el mundo - LatAm Journalism Review","description":"Guatemala, Ecuador y Venezuela est\u00e1n en censo anual del CPJ de periodistas presos en el mundo Libertad de prensa. Latin American Journalism Review by The Knight Center at The University of Texas at Austin.","robots":{"index":"index","follow":"follow","max-snippet":"max-snippet:-1","max-image-preview":"max-image-preview:large","max-video-preview":"max-video-preview:-1"},"canonical":"https:\/\/latamjournalismreview.org\/es\/articles\/guatemala-ecuador-y-venezuela-estan-en-censo-anual-del-cpj-de-periodistas-presos-en-el-mundo\/","og_locale":"es_ES","og_type":"article","og_title":"Guatemala, Ecuador y Venezuela est\u00e1n en censo anual del CPJ de periodistas presos en el mundo","og_description":"Guatemala, Ecuador y Venezuela est\u00e1n en censo anual del CPJ de periodistas presos en el mundo Libertad de prensa. Latin American Journalism Review by The Knight Center at The University of Texas at Austin.","og_url":"https:\/\/latamjournalismreview.org\/es\/articles\/guatemala-ecuador-y-venezuela-estan-en-censo-anual-del-cpj-de-periodistas-presos-en-el-mundo\/","og_site_name":"LatAm Journalism Review","article_published_time":"2017-12-13T16:33:55+00:00","article_modified_time":"2022-01-12T16:34:36+00:00","author":"Carolina de Assis","twitter_card":"summary_large_image","twitter_creator":"@LatAmJournalism","twitter_site":"@LatAmJournalism","twitter_misc":{"Written by":"Carolina de Assis","Est. reading time":"3 minutos"},"schema":{"@context":"https:\/\/schema.org","@graph":[{"@type":"Article","@id":"https:\/\/latamjournalismreview.org\/es\/articles\/guatemala-ecuador-y-venezuela-estan-en-censo-anual-del-cpj-de-periodistas-presos-en-el-mundo\/#article","isPartOf":{"@id":"https:\/\/latamjournalismreview.org\/es\/articles\/guatemala-ecuador-y-venezuela-estan-en-censo-anual-del-cpj-de-periodistas-presos-en-el-mundo\/"},"author":{"name":"Carolina de Assis","@id":"https:\/\/latamjournalismreview.org\/es\/#\/schema\/person\/f98b544e2f231a237f39a56cc9a00a9a"},"headline":"Guatemala, Ecuador y Venezuela est\u00e1n en censo anual del CPJ de periodistas presos en el mundo","datePublished":"2017-12-13T16:33:55+00:00","dateModified":"2022-01-12T16:34:36+00:00","mainEntityOfPage":{"@id":"https:\/\/latamjournalismreview.org\/es\/articles\/guatemala-ecuador-y-venezuela-estan-en-censo-anual-del-cpj-de-periodistas-presos-en-el-mundo\/"},"wordCount":713,"publisher":{"@id":"https:\/\/latamjournalismreview.org\/es\/#organization"},"keywords":["Detenciones","Ecuador","Guatemala","Venezuela"],"articleSection":["Libertad de prensa"],"inLanguage":"es"},{"@type":"WebPage","@id":"https:\/\/latamjournalismreview.org\/es\/articles\/guatemala-ecuador-y-venezuela-estan-en-censo-anual-del-cpj-de-periodistas-presos-en-el-mundo\/","url":"https:\/\/latamjournalismreview.org\/es\/articles\/guatemala-ecuador-y-venezuela-estan-en-censo-anual-del-cpj-de-periodistas-presos-en-el-mundo\/","name":"Guatemala, Ecuador y Venezuela est\u00e1n en censo anual del CPJ de periodistas presos en el mundo - LatAm Journalism Review","isPartOf":{"@id":"https:\/\/latamjournalismreview.org\/es\/#website"},"datePublished":"2017-12-13T16:33:55+00:00","dateModified":"2022-01-12T16:34:36+00:00","description":"Guatemala, Ecuador y Venezuela est\u00e1n en censo anual del CPJ de periodistas presos en el mundo Libertad de prensa. Latin American Journalism Review by The Knight Center at The University of Texas at Austin.","breadcrumb":{"@id":"https:\/\/latamjournalismreview.org\/es\/articles\/guatemala-ecuador-y-venezuela-estan-en-censo-anual-del-cpj-de-periodistas-presos-en-el-mundo\/#breadcrumb"},"inLanguage":"es","potentialAction":[{"@type":"ReadAction","target":["https:\/\/latamjournalismreview.org\/es\/articles\/guatemala-ecuador-y-venezuela-estan-en-censo-anual-del-cpj-de-periodistas-presos-en-el-mundo\/"]}]},{"@type":"BreadcrumbList","@id":"https:\/\/latamjournalismreview.org\/es\/articles\/guatemala-ecuador-y-venezuela-estan-en-censo-anual-del-cpj-de-periodistas-presos-en-el-mundo\/#breadcrumb","itemListElement":[{"@type":"ListItem","position":1,"name":"Home","item":"https:\/\/latamjournalismreview.org\/es\/"},{"@type":"ListItem","position":2,"name":"Guatemala, Ecuador y Venezuela est\u00e1n en censo anual del CPJ de periodistas presos en el mundo"}]},{"@type":"WebSite","@id":"https:\/\/latamjournalismreview.org\/es\/#website","url":"https:\/\/latamjournalismreview.org\/es\/","name":"LatAm Journalism Review","description":"Knight Center at The University of Texas","publisher":{"@id":"https:\/\/latamjournalismreview.org\/es\/#organization"},"potentialAction":[{"@type":"SearchAction","target":{"@type":"EntryPoint","urlTemplate":"https:\/\/latamjournalismreview.org\/es\/?s={search_term_string}"},"query-input":{"@type":"PropertyValueSpecification","valueRequired":true,"valueName":"search_term_string"}}],"inLanguage":"es"},{"@type":"Organization","@id":"https:\/\/latamjournalismreview.org\/es\/#organization","name":"LatAm Journalism Review","url":"https:\/\/latamjournalismreview.org\/es\/","logo":{"@type":"ImageObject","inLanguage":"es","@id":"https:\/\/latamjournalismreview.org\/es\/#\/schema\/logo\/image\/","url":"https:\/\/latamjournalismreview.org\/wp-content\/uploads\/2020\/05\/knight-latAm-review-logo.svg","contentUrl":"https:\/\/latamjournalismreview.org\/wp-content\/uploads\/2020\/05\/knight-latAm-review-logo.svg","width":"1024","height":"1024","caption":"LatAm Journalism Review"},"image":{"@id":"https:\/\/latamjournalismreview.org\/es\/#\/schema\/logo\/image\/"},"sameAs":["https:\/\/x.com\/LatAmJournalism"]},{"@type":"Person","@id":"https:\/\/latamjournalismreview.org\/es\/#\/schema\/person\/f98b544e2f231a237f39a56cc9a00a9a","name":"Carolina de Assis","description":"Carolina de Assis is a Brazilian journalist and researcher who lives in Juiz de Fora, MG, Brazil. She holds a master's degree in Women\u2019s and Gender Studies from the GEMMA Programme \u2013 Universit\u00e0 di Bologna (Italy) \/ Universiteit Utrecht (The Netherlands) and has worked as an editor at G\u00eanero e N\u00famero, a Brazilian digital magazine focused on data journalism and gender issues. She is especially interested in journalistic initiatives aimed at promoting human rights and gender justice. You can find her on Twitter: @caroldeassis _________ Carolina de Assis es una periodista e investigadora brasile\u00f1a que vive en Juiz de Fora, MG, Brasil . Tiene una maestr\u00eda en Estudios de las Mujeres y de G\u00e9nero del programa GEMMA \u2013 Universit\u00e0 di Bologna (Italia) \/ Universiteit Utrecht (Holanda). Trabaj\u00f3 como editora en la revista digital brasile\u00f1a G\u00eanero e N\u00famero. Le interesan especialmente iniciativas period\u00edsticas que tienen el objetivo de promover los derechos humanos y la justicia de g\u00e9nero. Puedes encontrarla en Twitter: @caroldeassis. _______ Carolina de Assis \u00e9 uma jornalista e pesquisadora brasileira que vive em Juiz de Fora (MG). \u00c9 mestra em Estudos da Mulher e de G\u00eanero pelo programa GEMMA \u2013 Universit\u00e0 di Bologna (It\u00e1lia) \/ Universiteit Utrecht (Holanda). Trabalhou como editora na revista digital G\u00eanero e N\u00famero e se interessa especialmente por iniciativas jornal\u00edsticas que promovam os direitos humanos e a justi\u00e7a de g\u00eanero. Voc\u00ea pode encontr\u00e1-la no Twitter em @caroldeassis.","url":"https:\/\/latamjournalismreview.org\/es\/articles\/author\/carolina-de-assis\/"}]}},"_links":{"self":[{"href":"https:\/\/latamjournalismreview.org\/es\/wp-json\/wp\/v2\/posts\/46973","targetHints":{"allow":["GET"]}}],"collection":[{"href":"https:\/\/latamjournalismreview.org\/es\/wp-json\/wp\/v2\/posts"}],"about":[{"href":"https:\/\/latamjournalismreview.org\/es\/wp-json\/wp\/v2\/types\/post"}],"author":[{"embeddable":true,"href":"https:\/\/latamjournalismreview.org\/es\/wp-json\/wp\/v2\/users\/16"}],"replies":[{"embeddable":true,"href":"https:\/\/latamjournalismreview.org\/es\/wp-json\/wp\/v2\/comments?post=46973"}],"version-history":[{"count":1,"href":"https:\/\/latamjournalismreview.org\/es\/wp-json\/wp\/v2\/posts\/46973\/revisions"}],"predecessor-version":[{"id":46976,"href":"https:\/\/latamjournalismreview.org\/es\/wp-json\/wp\/v2\/posts\/46973\/revisions\/46976"}],"wp:attachment":[{"href":"https:\/\/latamjournalismreview.org\/es\/wp-json\/wp\/v2\/media?parent=46973"}],"wp:term":[{"taxonomy":"category","embeddable":true,"href":"https:\/\/latamjournalismreview.org\/es\/wp-json\/wp\/v2\/categories?post=46973"},{"taxonomy":"post_tag","embeddable":true,"href":"https:\/\/latamjournalismreview.org\/es\/wp-json\/wp\/v2\/tags?post=46973"},{"taxonomy":"author","embeddable":true,"href":"https:\/\/latamjournalismreview.org\/es\/wp-json\/wp\/v2\/coauthors?post=46973"}],"curies":[{"name":"wp","href":"https:\/\/api.w.org\/{rel}","templated":true}]}}