{"id":47600,"date":"2022-01-19T17:24:55","date_gmt":"2022-01-19T22:24:55","guid":{"rendered":"https:\/\/latamjournalismreview.org\/?p=47600"},"modified":"2022-01-19T18:35:31","modified_gmt":"2022-01-19T23:35:31","slug":"nicaragua-registro-el-ano-mas-violento-para-la-prensa-desde-2018","status":"publish","type":"post","link":"https:\/\/latamjournalismreview.org\/es\/articles\/nicaragua-registro-el-ano-mas-violento-para-la-prensa-desde-2018\/","title":{"rendered":"Nicaragua registr\u00f3 el a\u00f1o m\u00e1s violento para la prensa desde que la ola de ataques empez\u00f3 en 2018"},"content":{"rendered":"<p>Los ataques a medios de comunicaci\u00f3n y periodistas en Nicaragua durante 2021 casi alcanzaron los niveles de 2018, a\u00f1o en el que comenz\u00f3 el recrudecimiento de las acciones de represi\u00f3n del gobierno\u00a0del Presidente Daniel Ortega hacia comunicadores y opositores.<\/p>\n<p>En 2021 se registraron 702 casos de abuso de poder y violencia contra la prensa por parte del Estado, lo que representa casi el doble de los 360 reportados en 2020. En 2018 se registraron 712 de estos incidentes. Esto, de acuerdo con el\u00a0<a href=\"http:\/\/www.vocesdelsurunidas.org\/wp-content\/uploads\/2022\/01\/INFORME-DE-VIOLACIONES-A-LA-LIBERTAD-DE-PRENSA-2021-1.pdf\">\u201cInforme de Violaciones a la Libertad De Prensa 2021\u201d<\/a> elaborado por el diario La Prensa y la organizaci\u00f3n Voces del Sur.<\/p>\n<div id=\"attachment_47602\" style=\"width: 450px\" class=\"wp-caption alignleft\"><img loading=\"lazy\" decoding=\"async\" aria-describedby=\"caption-attachment-47602\" class=\"wp-image-47602 size-full\" src=\"https:\/\/latamjournalismreview.org\/wp-content\/uploads\/2022\/01\/Captura-de-Pantalla-2022-01-19-a-las-4.52.10-p.m..png\" alt=\"El informe fue realizado por La Prensa y por la organizaci\u00f3n Voces del Sur. (Foto: Captura de pantalla)\" width=\"440\" height=\"567\" srcset=\"https:\/\/latamjournalismreview.org\/wp-content\/uploads\/2022\/01\/Captura-de-Pantalla-2022-01-19-a-las-4.52.10-p.m..png 440w, https:\/\/latamjournalismreview.org\/wp-content\/uploads\/2022\/01\/Captura-de-Pantalla-2022-01-19-a-las-4.52.10-p.m.-233x300.png 233w\" sizes=\"auto, (max-width: 440px) 100vw, 440px\" \/><p id=\"caption-attachment-47602\" class=\"wp-caption-text\">El informe fue realizado por La Prensa y por la organizaci\u00f3n Voces del Sur. (Foto: Captura de pantalla)<\/p><\/div>\n<p>En la lista de v\u00edctimas de violencia estatal, los medios de comunicaci\u00f3n independientes ocupan el primer lugar, con 469 incidentes. Les siguen los ataques individuales a periodistas, con 124 casos; y a editores, directores y ejecutivos de medios, con 76 casos.<\/p>\n<p>Entre los casos de agresi\u00f3n a medios citados por el informe est\u00e1 el\u00a0<a href=\"https:\/\/latamjournalismreview.org\/es\/articles\/policia-nicaraguense-toma-oficinas-de-la-prensa-anuncia-investigacion-y-detiene-al-gerente-general\/\">allanamiento y ocupaci\u00f3n policial de La Prensa<\/a>, ocurrido el 13 agosto, as\u00ed como el\u00a0<a href=\"https:\/\/latamjournalismreview.org\/es\/articles\/policia-nicaraguense-allana-la-redaccion-de-confidencial-por-segunda-vez-y-se-lleva-a-camarografo-que-permanece-desaparecido\/\">allanamiento sin orden judicial del medio digital Confidencial<\/a>, el 20 de mayo.<\/p>\n<p>En febrero de 2021, funcionarios del r\u00e9gimen de Daniel Ortega consumaron <a href=\"https:\/\/latamjournalismreview.org\/es\/news\/ortega-ejecuta-ultimo-acto-de-confiscacion-a-confidencial-en-nicaragua\/\">la\u00a0 confiscaci\u00f3n de las instalaciones del canal 100% Noticias y de las salas de redacci\u00f3n del portal Confidencial y la Revista Ni\u00fa<\/a>.<\/p>\n<p>El informe tambi\u00e9n menciona el caso del impedimento de la Direcci\u00f3n General de Aduanas a la importaci\u00f3n de papel del que fue v\u00edctima el diario La Prensa, el cual en 2021 <a href=\"https:\/\/latamjournalismreview.org\/es\/articles\/la-prensa-deja-de-circular-en-papel-por-falta-de-insumos-dejando-a-nicaragua-sin-diarios-impresos\/\">se vio forzado a tornarse 100 por ciento en l\u00ednea<\/a> debido a la falta de insumos. Desde agosto, Nicaragua es el \u00fanico pa\u00eds de Am\u00e9rica donde no existen peri\u00f3dicos impresos.<\/p>\n<p>\u201cEl uso abusivo del poder estatal se realiza por medio de acciones propuestas, planificadas y ejecutadas por el Estado, el cual, abusando de su condici\u00f3n superestructural se impone con la fuerza de la irracionalidad en contra de los est\u00e1ndares internacionales de la Libertad de Prensa y Expresi\u00f3n, perjudicando a veces de manera irreparable a medios de comunicaci\u00f3n y periodistas independientes que leg\u00edtimamente hacen su trabajo de fiscalizaci\u00f3n de las instituciones p\u00fablicas\u201d, indica el informe.<\/p>\n<p>La organizaci\u00f3n Voces del Sur considera uso abusivo del poder estatal a acciones orientadas a la asfixia financiera de los medios, la exclusi\u00f3n de los planes de pauta publicitaria estatal, la amenaza o cancelaci\u00f3n de frecuencias radioel\u00e9ctricas y sanciones administrativas y econ\u00f3micas injustificadas.<\/p>\n<p>\u201cDurante este 2021, se document\u00f3 que al menos 22 noticieros de radio locales desaparecieron por diversas razones, entre ellas: cambio de l\u00ednea editorial del medio de comunicaci\u00f3n y falta de patrocinio. Adem\u00e1s, algunos programas de opini\u00f3n fueron sacados de la programaci\u00f3n de las radios; obligados por el contexto hostil que vive el pa\u00eds\u201d, indic\u00f3 el documento.<\/p>\n<p>En cuanto a los ataques individuales a comunicadores y trabajadores de la prensa en 2021, el informe report\u00f3 171 incidentes, de los cuales el 37 por ciento fueron hacia mujeres y 63 por ciento hacia hombres.<\/p>\n<p>Casi todos los casos de agresi\u00f3n contra periodistas y medios fueron ejecutados por agentes estatales, en un 90.74 por ciento de los casos. El 4.42 por ciento de los perpetradores fueron identificados como agentes paraestatales y solo el 1.14 por ciento de los ataques fueron a manos de agentes no estatales. En un 3.7 por ciento de los casos, las v\u00edctimas no identificaron a los agresores.<\/p>\n<p>El informe destaca el caso de <a href=\"https:\/\/latamjournalismreview.org\/es\/articles\/policia-nicaraguense-toma-oficinas-de-la-prensa-anuncia-investigacion-y-detiene-al-gerente-general\/\">la detenci\u00f3n arbitraria del gerente general de La Prensa, Juan Lorenzo Holmann Chamorro<\/a>, en agosto, as\u00ed como el de Pedro Joaqu\u00edn Chamorro Barrios, ex director y articulista de La Prensa, quien\u00a0 est\u00e1 en prisi\u00f3n desde el 25 de junio.<\/p>\n<p>El director del medio Confidencial, Carlos Fernando Chamorro Barrios, fue acusado judicialmente de lavado de dinero, bienes y activos, y de apropiaci\u00f3n y retenci\u00f3n indebida y gesti\u00f3n abusiva, <a href=\"https:\/\/latamjournalismreview.org\/es\/news\/periodista-carlos-fernando-chamorro-confirma-que-salio-de-nicaragua\/\">lo que lo oblig\u00f3 al exilio en junio<\/a>.<\/p>\n<p>El informe tambi\u00e9n destaca el asedio policial contra la periodista de radio Kal\u00faa Salazar, al cual califica de \u201cconstante y desproporcionado\u201d. Salazar tiene adem\u00e1s <a href=\"https:\/\/cpj.org\/es\/2020\/08\/la-periodista-nicaraguense-kalua-salazar-enfrenta-un-proceso-judicial-por-el-delito-de-calumnia-por-denunciar-actos-de-corrupcion\/\">una demanda por calumnia<\/a> en su contra por parte de funcionarios de la Alcald\u00eda de El Rama, al sureste de Nicaragua.<\/p>\n<div id=\"attachment_47608\" style=\"width: 480px\" class=\"wp-caption alignright\"><img loading=\"lazy\" decoding=\"async\" aria-describedby=\"caption-attachment-47608\" class=\"wp-image-47608 \" src=\"https:\/\/latamjournalismreview.org\/wp-content\/uploads\/2022\/01\/Captura-de-Pantalla-2022-01-19-a-las-5.08.21-p.m..png\" alt=\"La periodista Kal\u00faa Salazar ha sufrido asedio judicial con agentes de la polic\u00eda afuera de su domicilio. (Foto: tomada de Twitter)\" width=\"470\" height=\"430\" srcset=\"https:\/\/latamjournalismreview.org\/wp-content\/uploads\/2022\/01\/Captura-de-Pantalla-2022-01-19-a-las-5.08.21-p.m..png 593w, https:\/\/latamjournalismreview.org\/wp-content\/uploads\/2022\/01\/Captura-de-Pantalla-2022-01-19-a-las-5.08.21-p.m.-300x274.png 300w\" sizes=\"auto, (max-width: 470px) 100vw, 470px\" \/><p id=\"caption-attachment-47608\" class=\"wp-caption-text\">La periodista Kal\u00faa Salazar ha sufrido asedio judicial con agentes de la polic\u00eda afuera de su domicilio. (Foto: tomada de Twitter)<\/p><\/div>\n<p>Si bien el informe indica que despu\u00e9s de septiembre de 2021 no se han conocido nuevos procesos del Ministerio P\u00fablico contra periodistas, las acciones represivas contin\u00faan en otras formas.<\/p>\n<p>\u201cEl aparato estatal ha modificado sus mecanismos de opresi\u00f3n con el fin de silenciar a las voces cr\u00edticas que denuncian las violaciones a los derechos fundamentales que se cometen en el pa\u00eds\u201d, dice el documento.<\/p>\n<p>Entre los tipos de violencia no judiciales o de abuso de poder considerados en el informe est\u00e1n las agresiones f\u00edsicas (con 291 casos de los 702 totales), restricciones de acceso a la informaci\u00f3n (con 19), discursos estigmatizantes (con 18), violencia transversal de g\u00e9nero (con 2) y restricciones en internet y secuestro (con un caso cada una).<\/p>\n<p>Adem\u00e1s, varios comunicadores sufrieron la retenci\u00f3n de sus pasaportes en el \u00faltimo a\u00f1o, como fue el caso del periodista Julio L\u00f3pez, jefe de informaci\u00f3n del medio digital cr\u00edtico del r\u00e9gimen Onda Local, quien fue despojado de su documento de identidad el 21 de junio, cuando se dispon\u00eda a viajar a Costa Rica por v\u00eda terrestre. De forma similar, Mauricio Madrigal, jefe de prensa del Canal 10, <a href=\"https:\/\/latamjournalismreview.org\/es\/news\/el-gobierno-de-nicaragua-impide-salir-del-pais-al-jefe-de-prensa-del-canal-10\/\">fue impedido de abordar un avi\u00f3n que lo llevar\u00eda a Miami el 29 de septiembre<\/a> y le fue retirado su pasaporte.<\/p>\n<p>Seg\u00fan el informe, la enorme mayor\u00eda de ataques a medios y periodistas se han registrado en la capital del pa\u00eds, Managua, con 592 de las 702 (84.30 por ciento). Le siguen la Regi\u00f3n Aut\u00f3noma de la Costa Caribe Sur, con 45 casos registrados (6.41 por ciento) y la ciudad de Le\u00f3n, donde ocurrieron 22 agresiones (3.13 por ciento).<\/p>\n<div id=\"attachment_47605\" style=\"width: 446px\" class=\"wp-caption alignleft\"><img loading=\"lazy\" decoding=\"async\" aria-describedby=\"caption-attachment-47605\" class=\"wp-image-47605 size-full\" src=\"https:\/\/latamjournalismreview.org\/wp-content\/uploads\/2022\/01\/Captura-de-Pantalla-2022-01-19-a-las-5.01.26-p.m..png\" alt=\"Los tipos de violencia a periodistas por parte del r\u00e9gimen de Ortega van desde detenciones arbitrarias hasta decomiso de pasaportes. (Foto: Captura de pantalla)\" width=\"436\" height=\"569\" srcset=\"https:\/\/latamjournalismreview.org\/wp-content\/uploads\/2022\/01\/Captura-de-Pantalla-2022-01-19-a-las-5.01.26-p.m..png 436w, https:\/\/latamjournalismreview.org\/wp-content\/uploads\/2022\/01\/Captura-de-Pantalla-2022-01-19-a-las-5.01.26-p.m.-230x300.png 230w\" sizes=\"auto, (max-width: 436px) 100vw, 436px\" \/><p id=\"caption-attachment-47605\" class=\"wp-caption-text\">Los tipos de violencia a periodistas por parte del r\u00e9gimen de Ortega van desde detenciones arbitrarias hasta decomiso de pasaportes. (Foto: Captura de pantalla)<\/p><\/div>\n<p>Las gr\u00e1ficas del informe muestran que la segunda mitad de 2021 fue la de mayor violencia a la libertad de prensa. Noviembre \u2014cuando se llevaron a cabo elecciones presidenciales\u2014 fue el mes con m\u00e1s casos registrados, con 128. En octubre hubo 107, en diciembre, 105; en septiembre, 104; y en agosto, 80.<\/p>\n<p>El 7 de noviembre, la Organizaci\u00f3n de Estados Americanos (OEA) resolvi\u00f3 que las elecciones del 7 de noviembre \u201cno fueron libres, justas ni transparentes\u201d y advirti\u00f3 sobre el hostigamiento a los medios de comunicaci\u00f3n por parte de las fuerzas represivas del Gobierno en la coyuntura de los comicios.<\/p>\n<p>\u201cEl proceso electoral del 7 de noviembre no fue la excepci\u00f3n, continu\u00f3 el asedio, la intimidaci\u00f3n, las obstrucciones y espec\u00edficamente el bloqueo de la labor period\u00edstica\u201d, se\u00f1al\u00f3 la organizaci\u00f3n en su resoluci\u00f3n del viernes 12 de noviembre.<\/p>\n<p>El informe de Voces del Sur consign\u00f3 tambi\u00e9n que autoridades migratorias de Nicaragua impidieron el ingreso al pa\u00eds a al menos 5 equipos period\u00edsticos de medios internacionales que pretend\u00edan cubrir los comicios presidenciales.<\/p>\n<p>\u201cLa coyuntura sociopol\u00edtica en la que se encuentra inmerso el pa\u00eds con mayor \u00e9nfasis a partir de abril 2018, es sumamente preocupante y al cierre del a\u00f1o 2021 no hay se\u00f1ales de que la pol\u00edtica de hostilidad en contra de los medios de comunicaci\u00f3n y los periodistas independientes frenar\u00e1\u201d, concluye en documento.<\/p>\n<p>&nbsp;<\/p>\n","protected":false},"excerpt":{"rendered":"<p>En 2021 se registraron 702 casos de abuso de poder y violencia contra la prensa por parte del r\u00e9gimen de Daniel Ortega, casi el doble de los 360 reportados en 2020; los ataques a medios de comunicaci\u00f3n independientes est\u00e1n a la cabeza, con 469 casos reportados.<\/p>\n","protected":false},"author":19,"featured_media":47614,"comment_status":"closed","ping_status":"closed","sticky":false,"template":"","format":"standard","meta":{"inline_featured_image":false,"footnotes":""},"categories":[1222],"tags":[1497],"coauthors":[],"class_list":["post-47600","post","type-post","status-publish","format-standard","has-post-thumbnail","hentry","category-violencia-contra-periodistas-es","tag-nicaragua-es"],"acf":[],"yoast_head":"<!-- This site is optimized with the Yoast SEO Premium plugin v22.6 (Yoast SEO v27.4) - https:\/\/yoast.com\/product\/yoast-seo-premium-wordpress\/ -->\n<title>Nicaragua registr\u00f3 el a\u00f1o m\u00e1s violento para la prensa desde que la ola de ataques empez\u00f3 en 2018 - LatAm Journalism Review<\/title>\n<meta name=\"description\" content=\"Nicaragua registr\u00f3 el a\u00f1o m\u00e1s violento para la prensa desde que la ola de ataques empez\u00f3 en 2018 Violencia contra periodistas. Latin American Journalism Review by The Knight Center at The University of Texas at Austin.\" \/>\n<meta name=\"robots\" content=\"index, follow, max-snippet:-1, max-image-preview:large, max-video-preview:-1\" \/>\n<link rel=\"canonical\" href=\"https:\/\/latamjournalismreview.org\/es\/articles\/nicaragua-registro-el-ano-mas-violento-para-la-prensa-desde-2018\/\" \/>\n<meta property=\"og:locale\" content=\"es_ES\" \/>\n<meta property=\"og:type\" content=\"article\" \/>\n<meta property=\"og:title\" content=\"Nicaragua registr\u00f3 el a\u00f1o m\u00e1s violento para la prensa desde que la ola de ataques empez\u00f3 en 2018\" \/>\n<meta property=\"og:description\" content=\"Nicaragua registr\u00f3 el a\u00f1o m\u00e1s violento para la prensa desde que la ola de ataques empez\u00f3 en 2018 Violencia contra periodistas. Latin American Journalism Review by The Knight Center at The University of Texas at Austin.\" \/>\n<meta property=\"og:url\" content=\"https:\/\/latamjournalismreview.org\/es\/articles\/nicaragua-registro-el-ano-mas-violento-para-la-prensa-desde-2018\/\" \/>\n<meta property=\"og:site_name\" content=\"LatAm Journalism Review\" \/>\n<meta property=\"article:published_time\" content=\"2022-01-19T22:24:55+00:00\" \/>\n<meta property=\"article:modified_time\" content=\"2022-01-19T23:35:31+00:00\" \/>\n<meta property=\"og:image\" content=\"https:\/\/latamjournalismreview.org\/wp-content\/uploads\/2022\/01\/Imagen-Portada.png\" \/>\n\t<meta property=\"og:image:width\" content=\"850\" \/>\n\t<meta property=\"og:image:height\" content=\"550\" \/>\n\t<meta property=\"og:image:type\" content=\"image\/png\" \/>\n<meta name=\"author\" content=\"C\u00e9sar L\u00f3pez Linares\" \/>\n<meta name=\"twitter:card\" content=\"summary_large_image\" \/>\n<meta name=\"twitter:creator\" content=\"@cesarisch\" \/>\n<meta name=\"twitter:site\" content=\"@LatAmJournalism\" \/>\n<meta name=\"twitter:label1\" content=\"Written by\" \/>\n\t<meta name=\"twitter:data1\" content=\"C\u00e9sar L\u00f3pez Linares\" \/>\n\t<meta name=\"twitter:label2\" content=\"Est. reading time\" \/>\n\t<meta name=\"twitter:data2\" content=\"6 minutos\" \/>\n<script type=\"application\/ld+json\" class=\"yoast-schema-graph\">{\"@context\":\"https:\\\/\\\/schema.org\",\"@graph\":[{\"@type\":\"Article\",\"@id\":\"https:\\\/\\\/latamjournalismreview.org\\\/es\\\/articles\\\/nicaragua-registro-el-ano-mas-violento-para-la-prensa-desde-2018\\\/#article\",\"isPartOf\":{\"@id\":\"https:\\\/\\\/latamjournalismreview.org\\\/es\\\/articles\\\/nicaragua-registro-el-ano-mas-violento-para-la-prensa-desde-2018\\\/\"},\"author\":{\"name\":\"C\u00e9sar L\u00f3pez Linares\",\"@id\":\"https:\\\/\\\/latamjournalismreview.org\\\/es\\\/#\\\/schema\\\/person\\\/dcf6dcdd6226ac8d939e2796645d17c6\"},\"headline\":\"Nicaragua registr\u00f3 el a\u00f1o m\u00e1s violento para la prensa desde que la ola de ataques empez\u00f3 en 2018\",\"datePublished\":\"2022-01-19T22:24:55+00:00\",\"dateModified\":\"2022-01-19T23:35:31+00:00\",\"mainEntityOfPage\":{\"@id\":\"https:\\\/\\\/latamjournalismreview.org\\\/es\\\/articles\\\/nicaragua-registro-el-ano-mas-violento-para-la-prensa-desde-2018\\\/\"},\"wordCount\":1314,\"publisher\":{\"@id\":\"https:\\\/\\\/latamjournalismreview.org\\\/es\\\/#organization\"},\"image\":{\"@id\":\"https:\\\/\\\/latamjournalismreview.org\\\/es\\\/articles\\\/nicaragua-registro-el-ano-mas-violento-para-la-prensa-desde-2018\\\/#primaryimage\"},\"thumbnailUrl\":\"https:\\\/\\\/latamjournalismreview.org\\\/wp-content\\\/uploads\\\/2022\\\/01\\\/Imagen-Portada.png\",\"keywords\":[\"Nicaragua\"],\"articleSection\":[\"Violencia contra periodistas\"],\"inLanguage\":\"es\"},{\"@type\":\"WebPage\",\"@id\":\"https:\\\/\\\/latamjournalismreview.org\\\/es\\\/articles\\\/nicaragua-registro-el-ano-mas-violento-para-la-prensa-desde-2018\\\/\",\"url\":\"https:\\\/\\\/latamjournalismreview.org\\\/es\\\/articles\\\/nicaragua-registro-el-ano-mas-violento-para-la-prensa-desde-2018\\\/\",\"name\":\"Nicaragua registr\u00f3 el a\u00f1o m\u00e1s violento para la prensa desde que la ola de ataques empez\u00f3 en 2018 - LatAm Journalism Review\",\"isPartOf\":{\"@id\":\"https:\\\/\\\/latamjournalismreview.org\\\/es\\\/#website\"},\"primaryImageOfPage\":{\"@id\":\"https:\\\/\\\/latamjournalismreview.org\\\/es\\\/articles\\\/nicaragua-registro-el-ano-mas-violento-para-la-prensa-desde-2018\\\/#primaryimage\"},\"image\":{\"@id\":\"https:\\\/\\\/latamjournalismreview.org\\\/es\\\/articles\\\/nicaragua-registro-el-ano-mas-violento-para-la-prensa-desde-2018\\\/#primaryimage\"},\"thumbnailUrl\":\"https:\\\/\\\/latamjournalismreview.org\\\/wp-content\\\/uploads\\\/2022\\\/01\\\/Imagen-Portada.png\",\"datePublished\":\"2022-01-19T22:24:55+00:00\",\"dateModified\":\"2022-01-19T23:35:31+00:00\",\"description\":\"Nicaragua registr\u00f3 el a\u00f1o m\u00e1s violento para la prensa desde que la ola de ataques empez\u00f3 en 2018 Violencia contra periodistas. Latin American Journalism Review by The Knight Center at The University of Texas at Austin.\",\"breadcrumb\":{\"@id\":\"https:\\\/\\\/latamjournalismreview.org\\\/es\\\/articles\\\/nicaragua-registro-el-ano-mas-violento-para-la-prensa-desde-2018\\\/#breadcrumb\"},\"inLanguage\":\"es\",\"potentialAction\":[{\"@type\":\"ReadAction\",\"target\":[\"https:\\\/\\\/latamjournalismreview.org\\\/es\\\/articles\\\/nicaragua-registro-el-ano-mas-violento-para-la-prensa-desde-2018\\\/\"]}]},{\"@type\":\"ImageObject\",\"inLanguage\":\"es\",\"@id\":\"https:\\\/\\\/latamjournalismreview.org\\\/es\\\/articles\\\/nicaragua-registro-el-ano-mas-violento-para-la-prensa-desde-2018\\\/#primaryimage\",\"url\":\"https:\\\/\\\/latamjournalismreview.org\\\/wp-content\\\/uploads\\\/2022\\\/01\\\/Imagen-Portada.png\",\"contentUrl\":\"https:\\\/\\\/latamjournalismreview.org\\\/wp-content\\\/uploads\\\/2022\\\/01\\\/Imagen-Portada.png\",\"width\":850,\"height\":550},{\"@type\":\"BreadcrumbList\",\"@id\":\"https:\\\/\\\/latamjournalismreview.org\\\/es\\\/articles\\\/nicaragua-registro-el-ano-mas-violento-para-la-prensa-desde-2018\\\/#breadcrumb\",\"itemListElement\":[{\"@type\":\"ListItem\",\"position\":1,\"name\":\"Home\",\"item\":\"https:\\\/\\\/latamjournalismreview.org\\\/es\\\/\"},{\"@type\":\"ListItem\",\"position\":2,\"name\":\"Nicaragua registr\u00f3 el a\u00f1o m\u00e1s violento para la prensa desde que la ola de ataques empez\u00f3 en 2018\"}]},{\"@type\":\"WebSite\",\"@id\":\"https:\\\/\\\/latamjournalismreview.org\\\/es\\\/#website\",\"url\":\"https:\\\/\\\/latamjournalismreview.org\\\/es\\\/\",\"name\":\"LatAm Journalism Review\",\"description\":\"Knight Center at The University of Texas\",\"publisher\":{\"@id\":\"https:\\\/\\\/latamjournalismreview.org\\\/es\\\/#organization\"},\"potentialAction\":[{\"@type\":\"SearchAction\",\"target\":{\"@type\":\"EntryPoint\",\"urlTemplate\":\"https:\\\/\\\/latamjournalismreview.org\\\/es\\\/?s={search_term_string}\"},\"query-input\":{\"@type\":\"PropertyValueSpecification\",\"valueRequired\":true,\"valueName\":\"search_term_string\"}}],\"inLanguage\":\"es\"},{\"@type\":\"Organization\",\"@id\":\"https:\\\/\\\/latamjournalismreview.org\\\/es\\\/#organization\",\"name\":\"LatAm Journalism Review\",\"url\":\"https:\\\/\\\/latamjournalismreview.org\\\/es\\\/\",\"logo\":{\"@type\":\"ImageObject\",\"inLanguage\":\"es\",\"@id\":\"https:\\\/\\\/latamjournalismreview.org\\\/es\\\/#\\\/schema\\\/logo\\\/image\\\/\",\"url\":\"https:\\\/\\\/latamjournalismreview.org\\\/wp-content\\\/uploads\\\/2020\\\/05\\\/knight-latAm-review-logo.svg\",\"contentUrl\":\"https:\\\/\\\/latamjournalismreview.org\\\/wp-content\\\/uploads\\\/2020\\\/05\\\/knight-latAm-review-logo.svg\",\"width\":\"1024\",\"height\":\"1024\",\"caption\":\"LatAm Journalism Review\"},\"image\":{\"@id\":\"https:\\\/\\\/latamjournalismreview.org\\\/es\\\/#\\\/schema\\\/logo\\\/image\\\/\"},\"sameAs\":[\"https:\\\/\\\/x.com\\\/LatAmJournalism\"]},{\"@type\":\"Person\",\"@id\":\"https:\\\/\\\/latamjournalismreview.org\\\/es\\\/#\\\/schema\\\/person\\\/dcf6dcdd6226ac8d939e2796645d17c6\",\"name\":\"C\u00e9sar L\u00f3pez Linares\",\"description\":\"C\u00e9sar L\u00f3pez Linares began his career at the Mexican newspaper REFORMA as an entertainment and media co-editor. He has written for publications such as TODO Austin, Texas Music Magazine and The Austin Chronicle. C\u00e9sar has a Master's degree in Journalism from the University of Texas at Austin and a Bachelors degree in Communication from the National Autonomous University of Mexico. He previously wrote about innovation in journalism for the Gabo Foundation in Colombia and currently reports for the Knight Center's LatAmJournalism Review digital magazine. A native of Mexico City, C\u00e9sar has become a digital nomad combining content creation with his passion for travel. ________ C\u00e9sar L\u00f3pez Linares inici\u00f3 su carrera en el diario mexicano REFORMA como coeditor de entretenimiento y medios. Ha escrito para publicaciones como TODO Austin, Texas Music Magazine y The Austin Chronicle. C\u00e9sar tiene una Maestr\u00eda en Periodismo de la Universidad de Texas en Austin y una Licenciatura en Comunicaci\u00f3n de la Universidad Nacional Aut\u00f3noma de M\u00e9xico. Previamente escribi\u00f3 sobre innovaci\u00f3n en periodismo para la Fundaci\u00f3n Gabo en Colombia y actualmente escribe para la revista digital LatAmJournalism Review del Centro Knight. Originario de la Ciudad de M\u00e9xico, C\u00e9sar se ha convertido en un n\u00f3mada digital que combina la creaci\u00f3n de contenido con su pasi\u00f3n por viajar. _________ C\u00e9sar L\u00f3pez Linares come\u00e7ou sua carreira no jornal mexicano REFORMA como coeditor de entretenimento e m\u00eddia. Ele escreveu para publica\u00e7\u00f5es como TODO Austin, Texas Music Magazine e The Austin Chronicle. C\u00e9sar tem mestrado em jornalismo pela University of Texas em Austin e \u00e9 bacharel em comunica\u00e7\u00e3o pela Universidad Nacional Aut\u00f3noma de M\u00e9xico. Antes disso, ele escreveu sobre inova\u00e7\u00e3o no jornalismo para a Funda\u00e7\u00e3o Gabo na Col\u00f4mbia. Atualmente escreve para a revista digital LatAmJournalism Review do Centro Knight. Nascido na Cidade do M\u00e9xico, C\u00e9sar se tornou um n\u00f4made digital combinando a cria\u00e7\u00e3o de conte\u00fado com sua paix\u00e3o por viagens.\",\"sameAs\":[\"https:\\\/\\\/x.com\\\/cesarisch\"],\"url\":\"https:\\\/\\\/latamjournalismreview.org\\\/es\\\/articles\\\/author\\\/cesar-lopez-linares\\\/\"}]}<\/script>\n<!-- \/ Yoast SEO Premium plugin. -->","yoast_head_json":{"title":"Nicaragua registr\u00f3 el a\u00f1o m\u00e1s violento para la prensa desde que la ola de ataques empez\u00f3 en 2018 - LatAm Journalism Review","description":"Nicaragua registr\u00f3 el a\u00f1o m\u00e1s violento para la prensa desde que la ola de ataques empez\u00f3 en 2018 Violencia contra periodistas. Latin American Journalism Review by The Knight Center at The University of Texas at Austin.","robots":{"index":"index","follow":"follow","max-snippet":"max-snippet:-1","max-image-preview":"max-image-preview:large","max-video-preview":"max-video-preview:-1"},"canonical":"https:\/\/latamjournalismreview.org\/es\/articles\/nicaragua-registro-el-ano-mas-violento-para-la-prensa-desde-2018\/","og_locale":"es_ES","og_type":"article","og_title":"Nicaragua registr\u00f3 el a\u00f1o m\u00e1s violento para la prensa desde que la ola de ataques empez\u00f3 en 2018","og_description":"Nicaragua registr\u00f3 el a\u00f1o m\u00e1s violento para la prensa desde que la ola de ataques empez\u00f3 en 2018 Violencia contra periodistas. Latin American Journalism Review by The Knight Center at The University of Texas at Austin.","og_url":"https:\/\/latamjournalismreview.org\/es\/articles\/nicaragua-registro-el-ano-mas-violento-para-la-prensa-desde-2018\/","og_site_name":"LatAm Journalism Review","article_published_time":"2022-01-19T22:24:55+00:00","article_modified_time":"2022-01-19T23:35:31+00:00","og_image":[{"width":850,"height":550,"url":"https:\/\/latamjournalismreview.org\/wp-content\/uploads\/2022\/01\/Imagen-Portada.png","type":"image\/png"}],"author":"C\u00e9sar L\u00f3pez Linares","twitter_card":"summary_large_image","twitter_creator":"@cesarisch","twitter_site":"@LatAmJournalism","twitter_misc":{"Written by":"C\u00e9sar L\u00f3pez Linares","Est. reading time":"6 minutos"},"schema":{"@context":"https:\/\/schema.org","@graph":[{"@type":"Article","@id":"https:\/\/latamjournalismreview.org\/es\/articles\/nicaragua-registro-el-ano-mas-violento-para-la-prensa-desde-2018\/#article","isPartOf":{"@id":"https:\/\/latamjournalismreview.org\/es\/articles\/nicaragua-registro-el-ano-mas-violento-para-la-prensa-desde-2018\/"},"author":{"name":"C\u00e9sar L\u00f3pez Linares","@id":"https:\/\/latamjournalismreview.org\/es\/#\/schema\/person\/dcf6dcdd6226ac8d939e2796645d17c6"},"headline":"Nicaragua registr\u00f3 el a\u00f1o m\u00e1s violento para la prensa desde que la ola de ataques empez\u00f3 en 2018","datePublished":"2022-01-19T22:24:55+00:00","dateModified":"2022-01-19T23:35:31+00:00","mainEntityOfPage":{"@id":"https:\/\/latamjournalismreview.org\/es\/articles\/nicaragua-registro-el-ano-mas-violento-para-la-prensa-desde-2018\/"},"wordCount":1314,"publisher":{"@id":"https:\/\/latamjournalismreview.org\/es\/#organization"},"image":{"@id":"https:\/\/latamjournalismreview.org\/es\/articles\/nicaragua-registro-el-ano-mas-violento-para-la-prensa-desde-2018\/#primaryimage"},"thumbnailUrl":"https:\/\/latamjournalismreview.org\/wp-content\/uploads\/2022\/01\/Imagen-Portada.png","keywords":["Nicaragua"],"articleSection":["Violencia contra periodistas"],"inLanguage":"es"},{"@type":"WebPage","@id":"https:\/\/latamjournalismreview.org\/es\/articles\/nicaragua-registro-el-ano-mas-violento-para-la-prensa-desde-2018\/","url":"https:\/\/latamjournalismreview.org\/es\/articles\/nicaragua-registro-el-ano-mas-violento-para-la-prensa-desde-2018\/","name":"Nicaragua registr\u00f3 el a\u00f1o m\u00e1s violento para la prensa desde que la ola de ataques empez\u00f3 en 2018 - LatAm Journalism Review","isPartOf":{"@id":"https:\/\/latamjournalismreview.org\/es\/#website"},"primaryImageOfPage":{"@id":"https:\/\/latamjournalismreview.org\/es\/articles\/nicaragua-registro-el-ano-mas-violento-para-la-prensa-desde-2018\/#primaryimage"},"image":{"@id":"https:\/\/latamjournalismreview.org\/es\/articles\/nicaragua-registro-el-ano-mas-violento-para-la-prensa-desde-2018\/#primaryimage"},"thumbnailUrl":"https:\/\/latamjournalismreview.org\/wp-content\/uploads\/2022\/01\/Imagen-Portada.png","datePublished":"2022-01-19T22:24:55+00:00","dateModified":"2022-01-19T23:35:31+00:00","description":"Nicaragua registr\u00f3 el a\u00f1o m\u00e1s violento para la prensa desde que la ola de ataques empez\u00f3 en 2018 Violencia contra periodistas. Latin American Journalism Review by The Knight Center at The University of Texas at Austin.","breadcrumb":{"@id":"https:\/\/latamjournalismreview.org\/es\/articles\/nicaragua-registro-el-ano-mas-violento-para-la-prensa-desde-2018\/#breadcrumb"},"inLanguage":"es","potentialAction":[{"@type":"ReadAction","target":["https:\/\/latamjournalismreview.org\/es\/articles\/nicaragua-registro-el-ano-mas-violento-para-la-prensa-desde-2018\/"]}]},{"@type":"ImageObject","inLanguage":"es","@id":"https:\/\/latamjournalismreview.org\/es\/articles\/nicaragua-registro-el-ano-mas-violento-para-la-prensa-desde-2018\/#primaryimage","url":"https:\/\/latamjournalismreview.org\/wp-content\/uploads\/2022\/01\/Imagen-Portada.png","contentUrl":"https:\/\/latamjournalismreview.org\/wp-content\/uploads\/2022\/01\/Imagen-Portada.png","width":850,"height":550},{"@type":"BreadcrumbList","@id":"https:\/\/latamjournalismreview.org\/es\/articles\/nicaragua-registro-el-ano-mas-violento-para-la-prensa-desde-2018\/#breadcrumb","itemListElement":[{"@type":"ListItem","position":1,"name":"Home","item":"https:\/\/latamjournalismreview.org\/es\/"},{"@type":"ListItem","position":2,"name":"Nicaragua registr\u00f3 el a\u00f1o m\u00e1s violento para la prensa desde que la ola de ataques empez\u00f3 en 2018"}]},{"@type":"WebSite","@id":"https:\/\/latamjournalismreview.org\/es\/#website","url":"https:\/\/latamjournalismreview.org\/es\/","name":"LatAm Journalism Review","description":"Knight Center at The University of Texas","publisher":{"@id":"https:\/\/latamjournalismreview.org\/es\/#organization"},"potentialAction":[{"@type":"SearchAction","target":{"@type":"EntryPoint","urlTemplate":"https:\/\/latamjournalismreview.org\/es\/?s={search_term_string}"},"query-input":{"@type":"PropertyValueSpecification","valueRequired":true,"valueName":"search_term_string"}}],"inLanguage":"es"},{"@type":"Organization","@id":"https:\/\/latamjournalismreview.org\/es\/#organization","name":"LatAm Journalism Review","url":"https:\/\/latamjournalismreview.org\/es\/","logo":{"@type":"ImageObject","inLanguage":"es","@id":"https:\/\/latamjournalismreview.org\/es\/#\/schema\/logo\/image\/","url":"https:\/\/latamjournalismreview.org\/wp-content\/uploads\/2020\/05\/knight-latAm-review-logo.svg","contentUrl":"https:\/\/latamjournalismreview.org\/wp-content\/uploads\/2020\/05\/knight-latAm-review-logo.svg","width":"1024","height":"1024","caption":"LatAm Journalism Review"},"image":{"@id":"https:\/\/latamjournalismreview.org\/es\/#\/schema\/logo\/image\/"},"sameAs":["https:\/\/x.com\/LatAmJournalism"]},{"@type":"Person","@id":"https:\/\/latamjournalismreview.org\/es\/#\/schema\/person\/dcf6dcdd6226ac8d939e2796645d17c6","name":"C\u00e9sar L\u00f3pez Linares","description":"C\u00e9sar L\u00f3pez Linares began his career at the Mexican newspaper REFORMA as an entertainment and media co-editor. He has written for publications such as TODO Austin, Texas Music Magazine and The Austin Chronicle. C\u00e9sar has a Master's degree in Journalism from the University of Texas at Austin and a Bachelors degree in Communication from the National Autonomous University of Mexico. He previously wrote about innovation in journalism for the Gabo Foundation in Colombia and currently reports for the Knight Center's LatAmJournalism Review digital magazine. A native of Mexico City, C\u00e9sar has become a digital nomad combining content creation with his passion for travel. ________ C\u00e9sar L\u00f3pez Linares inici\u00f3 su carrera en el diario mexicano REFORMA como coeditor de entretenimiento y medios. Ha escrito para publicaciones como TODO Austin, Texas Music Magazine y The Austin Chronicle. C\u00e9sar tiene una Maestr\u00eda en Periodismo de la Universidad de Texas en Austin y una Licenciatura en Comunicaci\u00f3n de la Universidad Nacional Aut\u00f3noma de M\u00e9xico. Previamente escribi\u00f3 sobre innovaci\u00f3n en periodismo para la Fundaci\u00f3n Gabo en Colombia y actualmente escribe para la revista digital LatAmJournalism Review del Centro Knight. Originario de la Ciudad de M\u00e9xico, C\u00e9sar se ha convertido en un n\u00f3mada digital que combina la creaci\u00f3n de contenido con su pasi\u00f3n por viajar. _________ C\u00e9sar L\u00f3pez Linares come\u00e7ou sua carreira no jornal mexicano REFORMA como coeditor de entretenimento e m\u00eddia. Ele escreveu para publica\u00e7\u00f5es como TODO Austin, Texas Music Magazine e The Austin Chronicle. C\u00e9sar tem mestrado em jornalismo pela University of Texas em Austin e \u00e9 bacharel em comunica\u00e7\u00e3o pela Universidad Nacional Aut\u00f3noma de M\u00e9xico. Antes disso, ele escreveu sobre inova\u00e7\u00e3o no jornalismo para a Funda\u00e7\u00e3o Gabo na Col\u00f4mbia. Atualmente escreve para a revista digital LatAmJournalism Review do Centro Knight. Nascido na Cidade do M\u00e9xico, C\u00e9sar se tornou um n\u00f4made digital combinando a cria\u00e7\u00e3o de conte\u00fado com sua paix\u00e3o por viagens.","sameAs":["https:\/\/x.com\/cesarisch"],"url":"https:\/\/latamjournalismreview.org\/es\/articles\/author\/cesar-lopez-linares\/"}]}},"_links":{"self":[{"href":"https:\/\/latamjournalismreview.org\/es\/wp-json\/wp\/v2\/posts\/47600","targetHints":{"allow":["GET"]}}],"collection":[{"href":"https:\/\/latamjournalismreview.org\/es\/wp-json\/wp\/v2\/posts"}],"about":[{"href":"https:\/\/latamjournalismreview.org\/es\/wp-json\/wp\/v2\/types\/post"}],"author":[{"embeddable":true,"href":"https:\/\/latamjournalismreview.org\/es\/wp-json\/wp\/v2\/users\/19"}],"replies":[{"embeddable":true,"href":"https:\/\/latamjournalismreview.org\/es\/wp-json\/wp\/v2\/comments?post=47600"}],"version-history":[{"count":4,"href":"https:\/\/latamjournalismreview.org\/es\/wp-json\/wp\/v2\/posts\/47600\/revisions"}],"predecessor-version":[{"id":47646,"href":"https:\/\/latamjournalismreview.org\/es\/wp-json\/wp\/v2\/posts\/47600\/revisions\/47646"}],"wp:featuredmedia":[{"embeddable":true,"href":"https:\/\/latamjournalismreview.org\/es\/wp-json\/wp\/v2\/media\/47614"}],"wp:attachment":[{"href":"https:\/\/latamjournalismreview.org\/es\/wp-json\/wp\/v2\/media?parent=47600"}],"wp:term":[{"taxonomy":"category","embeddable":true,"href":"https:\/\/latamjournalismreview.org\/es\/wp-json\/wp\/v2\/categories?post=47600"},{"taxonomy":"post_tag","embeddable":true,"href":"https:\/\/latamjournalismreview.org\/es\/wp-json\/wp\/v2\/tags?post=47600"},{"taxonomy":"author","embeddable":true,"href":"https:\/\/latamjournalismreview.org\/es\/wp-json\/wp\/v2\/coauthors?post=47600"}],"curies":[{"name":"wp","href":"https:\/\/api.w.org\/{rel}","templated":true}]}}