{"id":47747,"date":"2018-01-10T12:27:15","date_gmt":"2018-01-10T17:27:15","guid":{"rendered":"https:\/\/latamjournalismreview.org\/?p=47747"},"modified":"2022-01-20T12:29:29","modified_gmt":"2022-01-20T17:29:29","slug":"de-website-a-biblioteca-como-una-mujer-impulsa-a-fotografas-latinoamericanas","status":"publish","type":"post","link":"https:\/\/latamjournalismreview.org\/es\/articles\/de-website-a-biblioteca-como-una-mujer-impulsa-a-fotografas-latinoamericanas\/","title":{"rendered":"De website a biblioteca: C\u00f3mo una mujer impulsa a fot\u00f3grafas latinoamericanas"},"content":{"rendered":"<p><em>Por Madeline Wells*<\/em><\/p>\n<p>Lo que empez\u00f3 como un simple inter\u00e9s se ha vuelto un apasionado proyecto de Ver\u00f3nica Sanchis Bencomo. A trav\u00e9s de su website\u00a0<a href=\"https:\/\/foto-feminas.com\/\" target=\"_blank\" rel=\"noopener\">Foto F\u00e9minas<\/a>, la fot\u00f3grafa publica mensualmente art\u00edculos en espa\u00f1ol e ingl\u00e9s que resaltan el trabajo de fot\u00f3grafas mujeres en Am\u00e9rica Latina y el Caribe. Ahora, Sanchis ha convertido su trabajo del sitio web en una biblioteca.<\/p>\n<p>La biblioteca, que fue inaugurada en agosto de 2017, no tiene un espacio fijo, pero viaja con Sanchis a festivales fotogr\u00e1ficos. Esta contiene libros de fotograf\u00eda cuyas p\u00e1ginas est\u00e1n llenas de im\u00e1genes de mujeres fot\u00f3grafas de Am\u00e9rica Latina y el Caribe. Con la ayuda de la casa editorial chilena La Visita, las fot\u00f3grafas han donado su trabajo a la biblioteca. Con el nombre Mar\u00eda Cristina Orive, la biblioteca ha sido exhibida en Hong Kong y Taiwan en 2017. La colecci\u00f3n de libros ha sido presentada en ferias de libros, talleres gr\u00e1ficos, y en un refugio de mujeres migrantes de Asia.<\/p>\n<p>Su nombre es en homenaje a la fot\u00f3grafa guatemalteca Mar\u00eda Cristina Orive. Sanchis tuvo la oportunidad de conocer a Cristina mientras asist\u00eda al festival GuatePhoto en Antigua, Guatemala, con cuyo trabajo qued\u00f3 extremadamente inspirada.<\/p>\n<p>Ahora otros pueden conmoverse de la misma manera al mirar los libros de fot\u00f3grafas latinoamericanas. Antes de agosto, el acceso a este tipo de contenido era principalmente a trav\u00e9s del website Foto F\u00e9minas.<\/p>\n<p>\u201cMe siento muy orgullosa de que la biblioteca de Foto F\u00e9minas lleve su nombre\u201d, dijo Sanchis al\u00a0<strong>Centro Knight<\/strong>.<\/p>\n<p>La idea de la biblioteca surgi\u00f3 luego de que la fot\u00f3grafa asistiera a diferentes festivales de fotograf\u00eda, en donde pudo personalmente ver fotograf\u00edas y tuvo la oportunidad de reunirse con algunas personas que trabajan detr\u00e1s del lente.<\/p>\n<p>\u201cNo solo asisten las personas de la industria fotogr\u00e1fica, sino creo que lo m\u00e1s importante sobre estos eventos culturales es el beneficio que la gente local obtiene de estas experiencias\u201d, dijo Sanchis sobre los festivales. \u201cEsta vivencia fue bastante gratificante y siento que esto es muy importante, no solo en cuanto a su presencia en l\u00ednea, sino tambi\u00e9n el estar ah\u00ed presente\u201d.<\/p>\n<p>Foto F\u00e9minas particip\u00f3 en su primer festival fotogr\u00e1fico en 2015, en Antigua, Guatemala, con el trabajo de 12 mujeres fot\u00f3grafas. Ahora, luego de dos a\u00f1os de dedicaci\u00f3n y trabajo duro - con la ayuda de otras fot\u00f3grafas que contribuyeron con libros - la biblioteca ha pasado de la fantas\u00eda a la realidad.<\/p>\n<p>\u201cQuiero que las personas se relacionen con estas im\u00e1genes tambi\u00e9n\u201d, dijo Sanchis. \u201cF\u00edsicamente, que pueden verlas\u201d.<\/p>\n<p>La fotograf\u00eda no fue originalmente el campo de estudio de Sanchis cuando fue a la Universidad Swansea Metropolitan, en Wales, por su t\u00edtulo en fotoperiodismo. Su inter\u00e9s en el arte, el cual tuvo desde ni\u00f1a, se reanud\u00f3 cuando un profesor le sugiri\u00f3 que tomara un curso introductorio en fotograf\u00eda.<\/p>\n<p>Sanchis siente que la investigaci\u00f3n que hizo para su tesis de pregrado - que trat\u00f3 sobre la diferencia en la perspectiva de fot\u00f3grafos locales de M\u00e9xico y fot\u00f3grafos extranjeros - la ayud\u00f3 en la creaci\u00f3n y desarrollo de Foto F\u00e9minas.<\/p>\n<p>\u201cMe inspira por la regi\u00f3n. Es mi herencia\u201d, dijo Sanchis. \u201cY creo que a menudo hay una imagen muy negativa de nuestra regi\u00f3n, sabes, o es violencia, pobreza, pandillas. Por supuesto, no niego que esa parte de la historia exista y creo que es relevante destacarla, sin embargo, pienso que hay otras historias en la regi\u00f3n\u201d.<\/p>\n<p>Como estudiante, Sanchis not\u00f3 una problem\u00e1tica evidente: ubicar el trabajo de mujeres fot\u00f3grafas contempor\u00e1neas en Am\u00e9rica Latina no era algo que costara poco esfuerzo. Mientras que las im\u00e1genes e historias de fot\u00f3grafas consagradas pod\u00edan ser f\u00e1cilmente encontradas, Sanchis dijo que la documentaci\u00f3n de mujeres que actualmente est\u00e1n detr\u00e1s del lente fue casi imposible de realizar.<\/p>\n<p>\u201cEso tuvo un gran impacto porque durante ese tiempo empec\u00e9 a darme cuenta, r\u00e1pidamente, que era muy dif\u00edcil encontrar el trabajo de fot\u00f3grafas contempor\u00e1neas\u201d.<\/p>\n<p>Luego de su graduaci\u00f3n, Sanchis empez\u00f3 su trabajo en l\u00ednea en 2013 en la revista Ventana Latina, con base en Londres, que forma parte de una organizaci\u00f3n de caridad de nombre Latin American House. La organizaci\u00f3n ayuda a promover la cultura latinoamericana en el Reino Unido y tambi\u00e9n provee asistencia con el idioma y con temas legales a la comunidad latina. Sanchis contribuy\u00f3 con el reportaje \u201c10 Preguntas a\u201d, para el cual entrevist\u00f3 a fot\u00f3grafos latinoamericanos.<\/p>\n<p>Sanchis luego comenz\u00f3 una pasant\u00eda en el Centro Internacional de Fotograf\u00eda (ICP, por sus siglas en ingl\u00e9s), y entre sus labores archivando fotograf\u00edas, la conmovi\u00f3 e inspir\u00f3 mucho todos los trabajos con los que se encontr\u00f3.<\/p>\n<p>\u201cEst\u00e1s expuesto a un contenido incre\u00edble, no solo de Am\u00e9rica Latina, sino del mundo entero\u201d, dijo Sanchis. \u201cY eso realmente me hizo valorar la experiencia de la biblioteca - la importancia de compilar y compartir conocimiento. Creo que ese fue el punto [donde todo empez\u00f3]\u201d.<\/p>\n<p>Fue a partir de su colaboraci\u00f3n con ICP que Sanchis empez\u00f3 a contactar a fot\u00f3grafas latinoamericanas cuyos trabajos exhibi\u00f3 en Foto F\u00e9minas cuando el proyecto fue lanzado en enero de 2015.<\/p>\n<p>El sitio se inspir\u00f3 en dos aspectos importantes relacionados a ella: su g\u00e9nero y su legado venezolano.<\/p>\n<p>\u201cY eso hizo sentido en mi mente porque yo soy de Venezuela. Soy mujer. Y estudio fotograf\u00eda, entonces pienso que eso estaba, por naturaleza, dentro de mis intereses\u201d.<\/p>\n<p>Sanchis dijo que intenta incorporar una variedad de temas y problem\u00e1ticas en su sitio y espera empezar a presentar m\u00e1s fotograf\u00edas e historias relacionadas al medio ambiente.<\/p>\n<p>\u201cCreo que es nuestra responsabilidad tanto como productores y realizadores de im\u00e1genes. Necesitamos asegurarnos de que estos asuntos sean del conocimiento de la gente\u201d, dijo Sanchis.<\/p>\n<p>Sobre todo, Sanchis dijo estar contenta con la comunidad que ha creado gracias a su plataforma y con el impacto que est\u00e1 teniendo en otros y en ella misma.<\/p>\n<p>\u201cPienso que muchas mujeres involucradas en el arte se est\u00e1n uniendo\u201d, dijo ella, \u201cno solo en Am\u00e9rica Latina, sino [a nivel mundial]\u201d.<\/p>\n<p><em>*Madeline Wells es estudiante de periodismo en la Escuela Moody\u00a0de Comunicaciones y Periodismo de la Universidad de Texas en Austin. Esta historia fue realizada para el curso\u00a0Reporting Latin America.<\/em><\/p>\n<p><em>Nota del editor: Esta historia fue publicada originalmente en el blog Periodismo en las Am\u00e9ricas del Centro Knight, el predecesor de LatAm Journalism Review.<\/em><\/p>\n","protected":false},"excerpt":{"rendered":"<p>Lo que empez\u00f3 como un simple inter\u00e9s se ha vuelto un apasionado proyecto de Ver\u00f3nica Sanchis Bencomo. A trav\u00e9s de su website\u00a0Foto F\u00e9minas, la fot\u00f3grafa publica mensualmente art\u00edculos en espa\u00f1ol e ingl\u00e9s que resaltan el trabajo de fot\u00f3grafas mujeres en Am\u00e9rica Latina y el Caribe. Ahora, Sanchis ha convertido su trabajo del sitio web en una biblioteca.<\/p>\n","protected":false},"author":17,"featured_media":0,"comment_status":"closed","ping_status":"closed","sticky":false,"template":"","format":"standard","meta":{"inline_featured_image":false,"footnotes":""},"categories":[1227],"tags":[1422,1506],"coauthors":[],"class_list":["post-47747","post","type-post","status-publish","format-standard","hentry","category-acceso-a-la-informacion-es","tag-acceso-a-la-informacion-es","tag-fotoperiodismo-es"],"acf":[],"yoast_head":"<!-- This site is optimized with the Yoast SEO Premium plugin v22.6 (Yoast SEO v27.4) - https:\/\/yoast.com\/product\/yoast-seo-premium-wordpress\/ -->\n<title>De website a biblioteca: C\u00f3mo una mujer impulsa a fot\u00f3grafas latinoamericanas - LatAm Journalism Review<\/title>\n<meta name=\"description\" content=\"De website a biblioteca: C\u00f3mo una mujer impulsa a fot\u00f3grafas latinoamericanas Acceso a la Informaci\u00f3n. Latin American Journalism Review by The Knight Center at The University of Texas at Austin.\" \/>\n<meta name=\"robots\" content=\"index, follow, max-snippet:-1, max-image-preview:large, max-video-preview:-1\" \/>\n<link rel=\"canonical\" href=\"https:\/\/latamjournalismreview.org\/es\/articles\/de-website-a-biblioteca-como-una-mujer-impulsa-a-fotografas-latinoamericanas\/\" \/>\n<meta property=\"og:locale\" content=\"es_ES\" \/>\n<meta property=\"og:type\" content=\"article\" \/>\n<meta property=\"og:title\" content=\"De website a biblioteca: C\u00f3mo una mujer impulsa a fot\u00f3grafas latinoamericanas\" \/>\n<meta property=\"og:description\" content=\"De website a biblioteca: C\u00f3mo una mujer impulsa a fot\u00f3grafas latinoamericanas Acceso a la Informaci\u00f3n. Latin American Journalism Review by The Knight Center at The University of Texas at Austin.\" \/>\n<meta property=\"og:url\" content=\"https:\/\/latamjournalismreview.org\/es\/articles\/de-website-a-biblioteca-como-una-mujer-impulsa-a-fotografas-latinoamericanas\/\" \/>\n<meta property=\"og:site_name\" content=\"LatAm Journalism Review\" \/>\n<meta property=\"article:published_time\" content=\"2018-01-10T17:27:15+00:00\" \/>\n<meta property=\"article:modified_time\" content=\"2022-01-20T17:29:29+00:00\" \/>\n<meta name=\"author\" content=\"Guest\" \/>\n<meta name=\"twitter:card\" content=\"summary_large_image\" \/>\n<meta name=\"twitter:creator\" content=\"@LatAmJournalism\" \/>\n<meta name=\"twitter:site\" content=\"@LatAmJournalism\" \/>\n<meta name=\"twitter:label1\" content=\"Written by\" \/>\n\t<meta name=\"twitter:data1\" content=\"Guest\" \/>\n\t<meta name=\"twitter:label2\" content=\"Est. reading time\" \/>\n\t<meta name=\"twitter:data2\" content=\"6 minutos\" \/>\n<script type=\"application\/ld+json\" class=\"yoast-schema-graph\">{\"@context\":\"https:\\\/\\\/schema.org\",\"@graph\":[{\"@type\":\"Article\",\"@id\":\"https:\\\/\\\/latamjournalismreview.org\\\/es\\\/articles\\\/de-website-a-biblioteca-como-una-mujer-impulsa-a-fotografas-latinoamericanas\\\/#article\",\"isPartOf\":{\"@id\":\"https:\\\/\\\/latamjournalismreview.org\\\/es\\\/articles\\\/de-website-a-biblioteca-como-una-mujer-impulsa-a-fotografas-latinoamericanas\\\/\"},\"author\":{\"name\":\"Guest\",\"@id\":\"https:\\\/\\\/latamjournalismreview.org\\\/es\\\/#\\\/schema\\\/person\\\/0315202e0b3c0963a2440f1c3012c360\"},\"headline\":\"De website a biblioteca: C\u00f3mo una mujer impulsa a fot\u00f3grafas latinoamericanas\",\"datePublished\":\"2018-01-10T17:27:15+00:00\",\"dateModified\":\"2022-01-20T17:29:29+00:00\",\"mainEntityOfPage\":{\"@id\":\"https:\\\/\\\/latamjournalismreview.org\\\/es\\\/articles\\\/de-website-a-biblioteca-como-una-mujer-impulsa-a-fotografas-latinoamericanas\\\/\"},\"wordCount\":1136,\"publisher\":{\"@id\":\"https:\\\/\\\/latamjournalismreview.org\\\/es\\\/#organization\"},\"keywords\":[\"Acceso a la informaci\u00f3n\",\"Fotoperiodismo\"],\"articleSection\":[\"Acceso a la Informaci\u00f3n\"],\"inLanguage\":\"es\"},{\"@type\":\"WebPage\",\"@id\":\"https:\\\/\\\/latamjournalismreview.org\\\/es\\\/articles\\\/de-website-a-biblioteca-como-una-mujer-impulsa-a-fotografas-latinoamericanas\\\/\",\"url\":\"https:\\\/\\\/latamjournalismreview.org\\\/es\\\/articles\\\/de-website-a-biblioteca-como-una-mujer-impulsa-a-fotografas-latinoamericanas\\\/\",\"name\":\"De website a biblioteca: C\u00f3mo una mujer impulsa a fot\u00f3grafas latinoamericanas - LatAm Journalism Review\",\"isPartOf\":{\"@id\":\"https:\\\/\\\/latamjournalismreview.org\\\/es\\\/#website\"},\"datePublished\":\"2018-01-10T17:27:15+00:00\",\"dateModified\":\"2022-01-20T17:29:29+00:00\",\"description\":\"De website a biblioteca: C\u00f3mo una mujer impulsa a fot\u00f3grafas latinoamericanas Acceso a la Informaci\u00f3n. Latin American Journalism Review by The Knight Center at The University of Texas at Austin.\",\"breadcrumb\":{\"@id\":\"https:\\\/\\\/latamjournalismreview.org\\\/es\\\/articles\\\/de-website-a-biblioteca-como-una-mujer-impulsa-a-fotografas-latinoamericanas\\\/#breadcrumb\"},\"inLanguage\":\"es\",\"potentialAction\":[{\"@type\":\"ReadAction\",\"target\":[\"https:\\\/\\\/latamjournalismreview.org\\\/es\\\/articles\\\/de-website-a-biblioteca-como-una-mujer-impulsa-a-fotografas-latinoamericanas\\\/\"]}]},{\"@type\":\"BreadcrumbList\",\"@id\":\"https:\\\/\\\/latamjournalismreview.org\\\/es\\\/articles\\\/de-website-a-biblioteca-como-una-mujer-impulsa-a-fotografas-latinoamericanas\\\/#breadcrumb\",\"itemListElement\":[{\"@type\":\"ListItem\",\"position\":1,\"name\":\"Home\",\"item\":\"https:\\\/\\\/latamjournalismreview.org\\\/es\\\/\"},{\"@type\":\"ListItem\",\"position\":2,\"name\":\"De website a biblioteca: C\u00f3mo una mujer impulsa a fot\u00f3grafas latinoamericanas\"}]},{\"@type\":\"WebSite\",\"@id\":\"https:\\\/\\\/latamjournalismreview.org\\\/es\\\/#website\",\"url\":\"https:\\\/\\\/latamjournalismreview.org\\\/es\\\/\",\"name\":\"LatAm Journalism Review\",\"description\":\"Knight Center at The University of Texas\",\"publisher\":{\"@id\":\"https:\\\/\\\/latamjournalismreview.org\\\/es\\\/#organization\"},\"potentialAction\":[{\"@type\":\"SearchAction\",\"target\":{\"@type\":\"EntryPoint\",\"urlTemplate\":\"https:\\\/\\\/latamjournalismreview.org\\\/es\\\/?s={search_term_string}\"},\"query-input\":{\"@type\":\"PropertyValueSpecification\",\"valueRequired\":true,\"valueName\":\"search_term_string\"}}],\"inLanguage\":\"es\"},{\"@type\":\"Organization\",\"@id\":\"https:\\\/\\\/latamjournalismreview.org\\\/es\\\/#organization\",\"name\":\"LatAm Journalism Review\",\"url\":\"https:\\\/\\\/latamjournalismreview.org\\\/es\\\/\",\"logo\":{\"@type\":\"ImageObject\",\"inLanguage\":\"es\",\"@id\":\"https:\\\/\\\/latamjournalismreview.org\\\/es\\\/#\\\/schema\\\/logo\\\/image\\\/\",\"url\":\"https:\\\/\\\/latamjournalismreview.org\\\/wp-content\\\/uploads\\\/2020\\\/05\\\/knight-latAm-review-logo.svg\",\"contentUrl\":\"https:\\\/\\\/latamjournalismreview.org\\\/wp-content\\\/uploads\\\/2020\\\/05\\\/knight-latAm-review-logo.svg\",\"width\":\"1024\",\"height\":\"1024\",\"caption\":\"LatAm Journalism Review\"},\"image\":{\"@id\":\"https:\\\/\\\/latamjournalismreview.org\\\/es\\\/#\\\/schema\\\/logo\\\/image\\\/\"},\"sameAs\":[\"https:\\\/\\\/x.com\\\/LatAmJournalism\"]},{\"@type\":\"Person\",\"@id\":\"https:\\\/\\\/latamjournalismreview.org\\\/es\\\/#\\\/schema\\\/person\\\/0315202e0b3c0963a2440f1c3012c360\",\"name\":\"Guest\",\"url\":\"https:\\\/\\\/latamjournalismreview.org\\\/es\\\/articles\\\/author\\\/guest\\\/\"}]}<\/script>\n<!-- \/ Yoast SEO Premium plugin. -->","yoast_head_json":{"title":"De website a biblioteca: C\u00f3mo una mujer impulsa a fot\u00f3grafas latinoamericanas - LatAm Journalism Review","description":"De website a biblioteca: C\u00f3mo una mujer impulsa a fot\u00f3grafas latinoamericanas Acceso a la Informaci\u00f3n. Latin American Journalism Review by The Knight Center at The University of Texas at Austin.","robots":{"index":"index","follow":"follow","max-snippet":"max-snippet:-1","max-image-preview":"max-image-preview:large","max-video-preview":"max-video-preview:-1"},"canonical":"https:\/\/latamjournalismreview.org\/es\/articles\/de-website-a-biblioteca-como-una-mujer-impulsa-a-fotografas-latinoamericanas\/","og_locale":"es_ES","og_type":"article","og_title":"De website a biblioteca: C\u00f3mo una mujer impulsa a fot\u00f3grafas latinoamericanas","og_description":"De website a biblioteca: C\u00f3mo una mujer impulsa a fot\u00f3grafas latinoamericanas Acceso a la Informaci\u00f3n. Latin American Journalism Review by The Knight Center at The University of Texas at Austin.","og_url":"https:\/\/latamjournalismreview.org\/es\/articles\/de-website-a-biblioteca-como-una-mujer-impulsa-a-fotografas-latinoamericanas\/","og_site_name":"LatAm Journalism Review","article_published_time":"2018-01-10T17:27:15+00:00","article_modified_time":"2022-01-20T17:29:29+00:00","author":"Guest","twitter_card":"summary_large_image","twitter_creator":"@LatAmJournalism","twitter_site":"@LatAmJournalism","twitter_misc":{"Written by":"Guest","Est. reading time":"6 minutos"},"schema":{"@context":"https:\/\/schema.org","@graph":[{"@type":"Article","@id":"https:\/\/latamjournalismreview.org\/es\/articles\/de-website-a-biblioteca-como-una-mujer-impulsa-a-fotografas-latinoamericanas\/#article","isPartOf":{"@id":"https:\/\/latamjournalismreview.org\/es\/articles\/de-website-a-biblioteca-como-una-mujer-impulsa-a-fotografas-latinoamericanas\/"},"author":{"name":"Guest","@id":"https:\/\/latamjournalismreview.org\/es\/#\/schema\/person\/0315202e0b3c0963a2440f1c3012c360"},"headline":"De website a biblioteca: C\u00f3mo una mujer impulsa a fot\u00f3grafas latinoamericanas","datePublished":"2018-01-10T17:27:15+00:00","dateModified":"2022-01-20T17:29:29+00:00","mainEntityOfPage":{"@id":"https:\/\/latamjournalismreview.org\/es\/articles\/de-website-a-biblioteca-como-una-mujer-impulsa-a-fotografas-latinoamericanas\/"},"wordCount":1136,"publisher":{"@id":"https:\/\/latamjournalismreview.org\/es\/#organization"},"keywords":["Acceso a la informaci\u00f3n","Fotoperiodismo"],"articleSection":["Acceso a la Informaci\u00f3n"],"inLanguage":"es"},{"@type":"WebPage","@id":"https:\/\/latamjournalismreview.org\/es\/articles\/de-website-a-biblioteca-como-una-mujer-impulsa-a-fotografas-latinoamericanas\/","url":"https:\/\/latamjournalismreview.org\/es\/articles\/de-website-a-biblioteca-como-una-mujer-impulsa-a-fotografas-latinoamericanas\/","name":"De website a biblioteca: C\u00f3mo una mujer impulsa a fot\u00f3grafas latinoamericanas - LatAm Journalism Review","isPartOf":{"@id":"https:\/\/latamjournalismreview.org\/es\/#website"},"datePublished":"2018-01-10T17:27:15+00:00","dateModified":"2022-01-20T17:29:29+00:00","description":"De website a biblioteca: C\u00f3mo una mujer impulsa a fot\u00f3grafas latinoamericanas Acceso a la Informaci\u00f3n. Latin American Journalism Review by The Knight Center at The University of Texas at Austin.","breadcrumb":{"@id":"https:\/\/latamjournalismreview.org\/es\/articles\/de-website-a-biblioteca-como-una-mujer-impulsa-a-fotografas-latinoamericanas\/#breadcrumb"},"inLanguage":"es","potentialAction":[{"@type":"ReadAction","target":["https:\/\/latamjournalismreview.org\/es\/articles\/de-website-a-biblioteca-como-una-mujer-impulsa-a-fotografas-latinoamericanas\/"]}]},{"@type":"BreadcrumbList","@id":"https:\/\/latamjournalismreview.org\/es\/articles\/de-website-a-biblioteca-como-una-mujer-impulsa-a-fotografas-latinoamericanas\/#breadcrumb","itemListElement":[{"@type":"ListItem","position":1,"name":"Home","item":"https:\/\/latamjournalismreview.org\/es\/"},{"@type":"ListItem","position":2,"name":"De website a biblioteca: C\u00f3mo una mujer impulsa a fot\u00f3grafas latinoamericanas"}]},{"@type":"WebSite","@id":"https:\/\/latamjournalismreview.org\/es\/#website","url":"https:\/\/latamjournalismreview.org\/es\/","name":"LatAm Journalism Review","description":"Knight Center at The University of Texas","publisher":{"@id":"https:\/\/latamjournalismreview.org\/es\/#organization"},"potentialAction":[{"@type":"SearchAction","target":{"@type":"EntryPoint","urlTemplate":"https:\/\/latamjournalismreview.org\/es\/?s={search_term_string}"},"query-input":{"@type":"PropertyValueSpecification","valueRequired":true,"valueName":"search_term_string"}}],"inLanguage":"es"},{"@type":"Organization","@id":"https:\/\/latamjournalismreview.org\/es\/#organization","name":"LatAm Journalism Review","url":"https:\/\/latamjournalismreview.org\/es\/","logo":{"@type":"ImageObject","inLanguage":"es","@id":"https:\/\/latamjournalismreview.org\/es\/#\/schema\/logo\/image\/","url":"https:\/\/latamjournalismreview.org\/wp-content\/uploads\/2020\/05\/knight-latAm-review-logo.svg","contentUrl":"https:\/\/latamjournalismreview.org\/wp-content\/uploads\/2020\/05\/knight-latAm-review-logo.svg","width":"1024","height":"1024","caption":"LatAm Journalism Review"},"image":{"@id":"https:\/\/latamjournalismreview.org\/es\/#\/schema\/logo\/image\/"},"sameAs":["https:\/\/x.com\/LatAmJournalism"]},{"@type":"Person","@id":"https:\/\/latamjournalismreview.org\/es\/#\/schema\/person\/0315202e0b3c0963a2440f1c3012c360","name":"Guest","url":"https:\/\/latamjournalismreview.org\/es\/articles\/author\/guest\/"}]}},"_links":{"self":[{"href":"https:\/\/latamjournalismreview.org\/es\/wp-json\/wp\/v2\/posts\/47747","targetHints":{"allow":["GET"]}}],"collection":[{"href":"https:\/\/latamjournalismreview.org\/es\/wp-json\/wp\/v2\/posts"}],"about":[{"href":"https:\/\/latamjournalismreview.org\/es\/wp-json\/wp\/v2\/types\/post"}],"author":[{"embeddable":true,"href":"https:\/\/latamjournalismreview.org\/es\/wp-json\/wp\/v2\/users\/17"}],"replies":[{"embeddable":true,"href":"https:\/\/latamjournalismreview.org\/es\/wp-json\/wp\/v2\/comments?post=47747"}],"version-history":[{"count":1,"href":"https:\/\/latamjournalismreview.org\/es\/wp-json\/wp\/v2\/posts\/47747\/revisions"}],"predecessor-version":[{"id":47751,"href":"https:\/\/latamjournalismreview.org\/es\/wp-json\/wp\/v2\/posts\/47747\/revisions\/47751"}],"wp:attachment":[{"href":"https:\/\/latamjournalismreview.org\/es\/wp-json\/wp\/v2\/media?parent=47747"}],"wp:term":[{"taxonomy":"category","embeddable":true,"href":"https:\/\/latamjournalismreview.org\/es\/wp-json\/wp\/v2\/categories?post=47747"},{"taxonomy":"post_tag","embeddable":true,"href":"https:\/\/latamjournalismreview.org\/es\/wp-json\/wp\/v2\/tags?post=47747"},{"taxonomy":"author","embeddable":true,"href":"https:\/\/latamjournalismreview.org\/es\/wp-json\/wp\/v2\/coauthors?post=47747"}],"curies":[{"name":"wp","href":"https:\/\/api.w.org\/{rel}","templated":true}]}}