{"id":47809,"date":"2018-02-28T19:52:56","date_gmt":"2018-03-01T00:52:56","guid":{"rendered":"https:\/\/latamjournalismreview.org\/?p=47809"},"modified":"2022-01-21T19:54:55","modified_gmt":"2022-01-22T00:54:55","slug":"video-columna-satirica-trae-nueva-vida-y-audiencia-a-la-seccion-de-opinion-de-un-periodico-tradicional-colombiano","status":"publish","type":"post","link":"https:\/\/latamjournalismreview.org\/es\/articles\/video-columna-satirica-trae-nueva-vida-y-audiencia-a-la-seccion-de-opinion-de-un-periodico-tradicional-colombiano\/","title":{"rendered":"Video columna sat\u00edrica trae nueva vida y audiencia a la secci\u00f3n de opini\u00f3n de un peri\u00f3dico tradicional colombiano"},"content":{"rendered":"<p><em>Por Dylan Baddour<br \/>\n<\/em><\/p>\n<p><em>*Esta\u00a0historia hace\u00a0<a href=\"https:\/\/utw10693.utweb.utexas.edu\/es\/blog\/00-19336-video-columna-satirica-trae-nueva-vida-y-audiencia-la-seccion-de-opinion-de-un-periodi#serie\">parte de un proyecto especial\u00a0<\/a>sobre Innovadores en el Periodismo de Am\u00e9rica Latina y el Caribe.<\/em><\/p>\n<hr \/>\n<div>Pocos periodistas son m\u00e1s conocidos entre los j\u00f3venes de Bogot\u00e1, capital de Colombia, que Mar\u00eda Paulina Baena, de 27 a\u00f1os. Una vez a la semana aparece frente a la c\u00e1mara, a veces recostada sobre su escritorio, agitando los brazos y siempre desbordando de furia mientras dice sin rodeos las fallas de su pa\u00eds y sus l\u00edderes.<\/div>\n<p>Ella es anfitriona de La Pulla, una \u201cvideo columna\u201d de cinco a ocho minutos difundida por el peri\u00f3dico colombiano m\u00e1s antiguo, El Espectador. En un momento en que los medios tradicionales luchan por traer una nueva generaci\u00f3n a sus lectores, La Pulla ha demostrado ser un \u00e9xito viral entre un p\u00fablico joven, debido en gran parte al exc\u00e9ntrico estilo de Baena.<\/p>\n<p>\u201cEs como poner toda la energ\u00eda en un personaje, poner toda la rabia\u201d, le dijo al\u00a0<strong>Centro Knight<\/strong>. \u201cEs como un personaje de ficci\u00f3n, pero con una periodista que cuenta hechos reales\u201d.<\/p>\n<p>Producido por un equipo de tres periodistas y filmado en la oficina del editor con una c\u00e1mara colocada encima de una pila de libros, los episodios a menudo superan\u00a0<a href=\"https:\/\/www.facebook.com\/elespectadorcom\/videos\/\" target=\"_blank\" rel=\"noopener\">1 mill\u00f3n de visualizaciones en Facebook<\/a>\u00a0y consiguen otros grandes n\u00fameros en YouTube, con t\u00edtulos provocativos como \u201c<a href=\"https:\/\/www.youtube.com\/watch?v=v6b1emMACrw\" target=\"_blank\" rel=\"noopener\">10 pasos para ser asesinado en Colombia<\/a>\u201d, \u201c<a href=\"https:\/\/www.youtube.com\/watch?v=Co-skf_nLiY\" target=\"_blank\" rel=\"noopener\">As\u00ed es como la multinacionales evitan impuestos<\/a>\u201d y \u201c<a href=\"https:\/\/www.youtube.com\/watch?v=Co-skf_nLiY\" target=\"_blank\" rel=\"noopener\">Lo que su empleada dom\u00e9stica quisiera decirle<\/a>\u201d.<\/p>\n<p>Rara vez otros medios tradicionales han podido sacar provecho de una producci\u00f3n tan moderna como La Pulla. Incluso para El Espectador, este\u00a0<em>home run<\/em>\u00a0lleg\u00f3 despu\u00e9s de una d\u00e9cada de experimentaci\u00f3n turbulenta, que vio el nacimiento y la muerte de historias para ni\u00f1os, innumerables blogs y numerosos proyectos de\u00a0video\u00a0en el peri\u00f3dico.<\/p>\n<p>Nelson Padilla, editor dominical de El Espectador, dijo que la receta para el \u00e9xito implica una reorganizaci\u00f3n de la jerarqu\u00eda tradicional de la sala de redacci\u00f3n que se hab\u00eda adaptado a los veteranos que controlaban a puertas cerradas, mientras los j\u00f3venes gru\u00f1\u00edan ruidosamente en sus teclados. Ahora, la gente de arriba mira a los que est\u00e1n en la parte inferior para obtener respuestas.<\/p>\n<p>\u201cLas nuevas ideas vienen de las nuevas generaciones\u201d, dijo Padilla, quien comenz\u00f3 su primer trabajo en El Espectador en 1991. \u201cTuvimos que darles m\u00e1s responsabilidad a los practicantes\u201d.<\/p>\n<p>Baena fue uno de esos practicantes. Comenz\u00f3 en El Espectador en 2014 mientras estudiaba ciencias pol\u00edticas y comunicaci\u00f3n en una universidad de Bogot\u00e1. M\u00e1s tarde fue contratada para cubrir problemas ambientales. Entonces, un d\u00eda, recibi\u00f3 un correo electr\u00f3nico anunciando que el peri\u00f3dico iba a realizar audiciones para un nuevo segmento de\u00a0video.<\/p>\n<p>La idea ya hab\u00eda sido difundida por la redacci\u00f3n durante algunos meses, perfeccionada por un grupo de j\u00f3venes amigos de diferentes departamentos que quer\u00edan que el peri\u00f3dico produjera el tipo de medio que les gustaba consumir: programas nocturnos estadounidenses y modernos YouTubers.<\/p>\n<p>\u201cLo bueno es que La Pulla vino de una manera at\u00edpica\u201d, dijo Daniel Salgar Antolinez, de 31 a\u00f1os, quien era un periodista internacional de El Espectador y miembro fundador del equipo de La Pulla. \u201cNo vino como estrategia de arriba, sino como estrategia de abajo, con los periodistas\u201d.<\/p>\n<p>La gerencia hab\u00eda estado buscando una manera de interesar a los lectores m\u00e1s j\u00f3venes en la secci\u00f3n de opini\u00f3n. Se hab\u00eda intentado otro proyecto de video, una serie de humor pol\u00edtico, pero requer\u00eda actores, guiones, c\u00e1maras de fantas\u00eda y un set. Demasiado complejo, ese proyecto muri\u00f3 en seis meses. Entonces los periodistas ten\u00edan una idea m\u00e1s simple.<\/p>\n<p>\u201cQuer\u00edamos ser como los YouTubers, pero tambi\u00e9n con buen periodismo\u201d, dijo Salgar, ahora el editor en espa\u00f1ol de la agencia de noticias turca Anadolu.<\/p>\n<p>Aprobado para su lanzamiento, la serie de video a\u00fan sin nombre necesitaba un presentador. Cuando sali\u00f3 el correo electr\u00f3nico para las audiciones, Baena se inscribi\u00f3.<\/p>\n<p>Ley\u00f3 el gui\u00f3n de muestra, un art\u00edculo sobre un reciente esc\u00e1ndalo relacionado con abuso sexual y agentes de polic\u00eda, y luego lo memoriz\u00f3. Se sent\u00f3 frente a su computadora practicando, buscando una voz que pudiera hablar para su generaci\u00f3n: j\u00f3venes conectados a la comunidad global y desconcertados por la historia de corrupci\u00f3n, guerra civil, violencia de drogas y asesinatos de su pa\u00eds.<\/p>\n<p>Pens\u00f3 en el estilo de Jaime Garz\u00f3n, un periodista colombiano y activista por la paz famoso por su ingeniosa s\u00e1tira, quien\u00a0<a href=\"https:\/\/knightcenter.utexas.edu\/es\/blog\/00-17493-estado-colombiano-es-condenado-por-asesinato-de-periodista-jaime-garzon\" target=\"_blank\" rel=\"noopener\">fue asesinado por enemigos pol\u00edticos en las calles de Bogot\u00e1 en 1999<\/a>. Baena sinti\u00f3 una sensaci\u00f3n de ira, hervida por la frustraci\u00f3n por el absurdo de tal disfunci\u00f3n.<\/p>\n<p>\u201cPara m\u00ed fue importante mostrar esa emoci\u00f3n\u201d, dijo. \u201cRabiosa, indignada, con un tono muy fuerte, pues estamos sacando eso de los j\u00f3venes\u201d.<\/p>\n<p>\u201cA partir de la risa, ver qu\u00e9 absurdo que es este pa\u00eds\u201d, asegur\u00f3.<\/p>\n<p>Pronto surgi\u00f3 su personaje: una mujer sincera y profundamente frustrada que ofrece informes period\u00edsticos con brazos temblorosos y un tono de incredulidad; una mujer que habla de manera agresiva y por el que las mujeres no son conocidas por hablar en los medios colombianos; una presentadora de noticias que rompe el est\u00e1ndar de cara de mu\u00f1eca, con el pelo rizado y el abrigo y la corbata de un hombre.<\/p>\n<p>Baena fue a la audici\u00f3n. Un equipo de cinco miembros escribi\u00f3 el guion para el primer episodio de la serie llamada La Pulla. El video se lanz\u00f3 en abril de 2016 y se volvi\u00f3 viral. El segundo video tuvo incluso m\u00e1s vistas. El equipo sab\u00eda que ten\u00edan un \u00e9xito.<\/p>\n<p>M\u00e1s tarde buscaron monetizar La Pulla, pero no quisieron poner anuncios o enchufes de productos en el programa. Ganaron fondos de Instinto de Vida, un proyecto por la Open Society Foundations, para producir siete episodios de violencia letal en Am\u00e9rica Latina. La fundaci\u00f3n pol\u00edtica alemana Freidrich-Ebert-Stiftung financi\u00f3 episodios sobre empleadas dom\u00e9sticas, corporaciones multinacionales, un barrio marginal de Bogot\u00e1 y el ciberactivismo. Los episodios patrocinados terminan con una oraci\u00f3n en la pantalla que identifica al financiador.<\/p>\n<p>\u201cLa Pulla descubri\u00f3 que s\u00ed se puede hacer periodismo sin poner promociones en todos lados\u201d, dijo Salgar. \u201cEse descubrimiento fue muy importante\u201d.<\/p>\n<p>Ahora varias fundaciones prometen fondos para que La Pulla aborde sus propios problemas, y el programa paga los sueldos de su equipo, que tambi\u00e9n gana dinero dando charlas p\u00fablicas.<\/p>\n<p>Como resultado, La Pulla seguir\u00e1 siendo gratuita, incluso\u00a0<a href=\"http:\/\/www.pulzo.com\/economia\/espectador-cobra-por-su-contenido-internet-PP441002\" target=\"_blank\" rel=\"noopener\">ahora que El Espectador anunci\u00f3 a principios de este mes que su sitio web ir\u00e1 detr\u00e1s de un muro de pago<\/a>\u00a0(<em>paywall<\/em>) a partir de marzo. De todos modos, no se podr\u00eda monetizar con un muro de pago, dijeron los periodistas, ya que pocos usuarios lo encuentran en la p\u00e1gina de inicio, sino en Facebook o YouTube.<\/p>\n<p>Adem\u00e1s, las perspectivas de financiaci\u00f3n est\u00e1n mejorando para La Pulla. Apenas la semana pasada, el programa lanz\u00f3 uno de sus episodios m\u00e1s exitosos \u2013 una\u00a0<a href=\"https:\/\/www.facebook.com\/elespectadorcom\/videos\/vl.1522170154759115\/10156302982869066\/?type=1\" target=\"_blank\" rel=\"noopener\">cr\u00edtica al temor por el \u201ccastrochavismo\u201d<\/a>\u00a0\u2013 que acumul\u00f3 1.7 millones de visitas y fue compartida 115.000 \u00a0veces en Facebook desde que fue publicada el 22 de febrero, y termin\u00f3 con el anuncio de una serie de un a\u00f1o financiada por Open Society Foundations que abordar\u00e1 temas como las elecciones en Am\u00e9rica Latina, migraci\u00f3n, pol\u00edtica colombiana y derechos humanos en el continente.<\/p>\n<p>El proceso de paz en Colombia le ha proporcionado a La Pulla una de sus historias m\u00e1s exitosas, el de noviembre de 2017 sobre la posibilidad de que el l\u00edder de la guerrilla de las\u00a0Farc, Rodrigo\u00a0Londo\u00f1o, conocido como\u00a0\u2018Timochenko\u2019, se convirtiera en presidente del pa\u00eds. Con un presentador invitado \u2013 miembro del equipo y coordinador de la secci\u00f3n de opini\u00f3n de El Espectador \u2013, Juan Carlos Rinc\u00f3n Escalante,\u00a0<a href=\"https:\/\/www.facebook.com\/elespectadorcom\/videos\/vb.14302129065\/10155984169344066\/?type=2&amp;theater\" target=\"_blank\" rel=\"noopener\">el episodio recibi\u00f3 5 millones de visitas en Facebook<\/a>.<\/p>\n<p>En general, los episodios sobre las noticias de m\u00e1s tendencia tienen la mayor cantidad de vistas para La Pulla, que\u00a0<a href=\"https:\/\/www.elespectador.com\/entretenimiento\/medios\/el-espectador-gano-cinco-premios-simon-bolivar-articulo-663841\" target=\"_blank\" rel=\"noopener\">gan\u00f3 un Premio Nacional de Periodismo Sim\u00f3n Bol\u00edvar<\/a>\u00a0en 2016 por su video \u201c<a href=\"https:\/\/www.elespectador.com\/opinion\/dejen-los-homosexuales-adopten\" target=\"_blank\" rel=\"noopener\">Dejen que los homosexuales adopten<\/a>\u201d.<\/p>\n<p>Otros episodios con gran n\u00famero de vistas incluyen: uno sobre\u00a0<a href=\"https:\/\/www.youtube.com\/watch?v=6g9K1Tvgy50\" target=\"_blank\" rel=\"noopener\">el proceso de paz de Colombia<\/a>\u00a0con la aparici\u00f3n de un popular YouTuber,\u00a0<a href=\"https:\/\/www.youtube.com\/watch?v=A4VcX4FAIaY\" target=\"_blank\" rel=\"noopener\">cr\u00edticas por el rechazo de Colombia a los acuerdos de paz<\/a>\u00a0por votaci\u00f3n popular en 2016 y un episodio\u00a0<a href=\"https:\/\/www.youtube.com\/watch?v=Rd7AzDkcFiM\" target=\"_blank\" rel=\"noopener\">sobre la toma por parte de la polic\u00eda y soldados de un barrio en Bogot\u00e1<\/a>, conocido como el Bronx, que ten\u00eda \u201csu propio gobierno\u201d como lo dijo La Pulla.<\/p>\n<p>Ahora el peri\u00f3dico est\u00e1 lanzando otras video columnas inspiradas de manera similar, que incluyen un programa de conversaci\u00f3n feminista y un elenco de noticias en las redes sociales.<\/p>\n<p>\u201cAyuda la reputaci\u00f3n de El Espectador\u201d, dijo Padilla, el editor dominical. \u201cNos muestra como un medio moderno, inclusivo y liberal\u201d.<\/p>\n<p><em>* Esta historia fue actualizada para corregir los nombres de Mar\u00eda Paulina Baena y Nelson Padilla.<\/em><\/p>\n<hr \/>\n<p><em>La serie\u00a0<a id=\"serie\" name=\"serie\"><\/a>\"Innovadores en el Periodismo\",\u00a0que es posible gracias al generoso aporte de\u00a0<a href=\"https:\/\/www.opensocietyfoundations.org\/\" target=\"_blank\" rel=\"noopener\" data-saferedirecturl=\"https:\/\/www.google.com\/url?hl=en&amp;q=https:\/\/www.opensocietyfoundations.org\/&amp;source=gmail&amp;ust=1512676960753000&amp;usg=AFQjCNEZYVikZpwKc2O8eP1p7YFKKowofA\">Open Society Foundations,\u00a0<\/a>cubre tendencias en medios digitales de noticias y las mejores pr\u00e1cticas en Am\u00e9rica Latina y el\u00a0Caribe. Este es una ampliaci\u00f3n de nuestra serie anterior y libro electr\u00f3nico,\u00a0<a href=\"https:\/\/knightcenter.utexas.edu\/es\/ebook\/periodismo-innovador-en-america-latina-es\" target=\"_blank\" rel=\"noopener\" data-saferedirecturl=\"https:\/\/www.google.com\/url?hl=en&amp;q=https:\/\/knightcenter.utexas.edu\/ebook\/innovative-journalism-latin-america&amp;source=gmail&amp;ust=1512676960753000&amp;usg=AFQjCNEOj3dyPLWCQi3iiSPAkCyrcHXWww\">Periodismo Innovador en Am\u00e9rica Latina<\/a>, al mirar a las personas y equipos que lideran en la regi\u00f3n iniciativas\u00a0innovadoras de reporter\u00eda, narraci\u00f3n de historias, distribuci\u00f3n de contenido y financiaci\u00f3n.<\/p>\n<p><span data-sheets-value=\"{&quot;1&quot;:2,&quot;2&quot;:&quot;Nota del editor: Esta historia fue publicada originalmente en el blog Periodismo en las Am\u00e9ricas del Centro Knight, el predecesor de LatAm Journalism Review.&quot;}\" data-sheets-userformat=\"{&quot;2&quot;:6562,&quot;4&quot;:{&quot;1&quot;:2,&quot;2&quot;:16777215},&quot;8&quot;:{&quot;1&quot;:[{&quot;1&quot;:2,&quot;2&quot;:0,&quot;5&quot;:{&quot;1&quot;:0}},{&quot;1&quot;:0,&quot;2&quot;:0,&quot;3&quot;:3},{&quot;1&quot;:1,&quot;2&quot;:0,&quot;4&quot;:1}]},&quot;10&quot;:2,&quot;11&quot;:0,&quot;14&quot;:{&quot;1&quot;:2,&quot;2&quot;:3358536},&quot;15&quot;:&quot;Arial&quot;}\">Nota del editor: Esta historia fue publicada originalmente en el blog Periodismo en las Am\u00e9ricas del Centro Knight, el predecesor de LatAm Journalism Review.<\/span><br \/>\n<\/em><\/p>\n<p><em>\u00a0<\/em><\/p>\n","protected":false},"excerpt":{"rendered":"<p>Pocos periodistas son m\u00e1s conocidos entre los j\u00f3venes de Bogot\u00e1, capital de Colombia, que Mar\u00eda Paulina Baena, de 27 a\u00f1os. Una vez a la semana aparece frente a la c\u00e1mara, a veces recostada sobre su escritorio, agitando los brazos y siempre desbordando de furia mientras dice sin rodeos las fallas de su pa\u00eds y sus l\u00edderes.<\/p>\n","protected":false},"author":17,"featured_media":0,"comment_status":"closed","ping_status":"closed","sticky":false,"template":"","format":"standard","meta":{"inline_featured_image":false,"footnotes":""},"categories":[1218],"tags":[1395,1516],"coauthors":[],"class_list":["post-47809","post","type-post","status-publish","format-standard","hentry","category-innovacion-es","tag-colombia-es-2","tag-satira-es"],"acf":[],"yoast_head":"<!-- This site is optimized with the Yoast SEO Premium plugin v22.6 (Yoast SEO v27.4) - https:\/\/yoast.com\/product\/yoast-seo-premium-wordpress\/ -->\n<title>Video columna sat\u00edrica trae nueva vida y audiencia a la secci\u00f3n de opini\u00f3n de un peri\u00f3dico tradicional colombiano - LatAm Journalism Review<\/title>\n<meta name=\"description\" content=\"Video columna sat\u00edrica trae nueva vida y audiencia a la secci\u00f3n de opini\u00f3n de un peri\u00f3dico tradicional colombiano Innovaci\u00f3n. Latin American Journalism Review by The Knight Center at The University of Texas at Austin.\" \/>\n<meta name=\"robots\" content=\"index, follow, max-snippet:-1, max-image-preview:large, max-video-preview:-1\" \/>\n<link rel=\"canonical\" href=\"https:\/\/latamjournalismreview.org\/es\/articles\/video-columna-satirica-trae-nueva-vida-y-audiencia-a-la-seccion-de-opinion-de-un-periodico-tradicional-colombiano\/\" \/>\n<meta property=\"og:locale\" content=\"es_ES\" \/>\n<meta property=\"og:type\" content=\"article\" \/>\n<meta property=\"og:title\" content=\"Video columna sat\u00edrica trae nueva vida y audiencia a la secci\u00f3n de opini\u00f3n de un peri\u00f3dico tradicional colombiano\" \/>\n<meta property=\"og:description\" content=\"Video columna sat\u00edrica trae nueva vida y audiencia a la secci\u00f3n de opini\u00f3n de un peri\u00f3dico tradicional colombiano Innovaci\u00f3n. Latin American Journalism Review by The Knight Center at The University of Texas at Austin.\" \/>\n<meta property=\"og:url\" content=\"https:\/\/latamjournalismreview.org\/es\/articles\/video-columna-satirica-trae-nueva-vida-y-audiencia-a-la-seccion-de-opinion-de-un-periodico-tradicional-colombiano\/\" \/>\n<meta property=\"og:site_name\" content=\"LatAm Journalism Review\" \/>\n<meta property=\"article:published_time\" content=\"2018-03-01T00:52:56+00:00\" \/>\n<meta property=\"article:modified_time\" content=\"2022-01-22T00:54:55+00:00\" \/>\n<meta name=\"author\" content=\"Guest\" \/>\n<meta name=\"twitter:card\" content=\"summary_large_image\" \/>\n<meta name=\"twitter:creator\" content=\"@LatAmJournalism\" \/>\n<meta name=\"twitter:site\" content=\"@LatAmJournalism\" \/>\n<meta name=\"twitter:label1\" content=\"Written by\" \/>\n\t<meta name=\"twitter:data1\" content=\"Guest\" \/>\n\t<meta name=\"twitter:label2\" content=\"Est. reading time\" \/>\n\t<meta name=\"twitter:data2\" content=\"8 minutos\" \/>\n<script type=\"application\/ld+json\" class=\"yoast-schema-graph\">{\"@context\":\"https:\\\/\\\/schema.org\",\"@graph\":[{\"@type\":\"Article\",\"@id\":\"https:\\\/\\\/latamjournalismreview.org\\\/es\\\/articles\\\/video-columna-satirica-trae-nueva-vida-y-audiencia-a-la-seccion-de-opinion-de-un-periodico-tradicional-colombiano\\\/#article\",\"isPartOf\":{\"@id\":\"https:\\\/\\\/latamjournalismreview.org\\\/es\\\/articles\\\/video-columna-satirica-trae-nueva-vida-y-audiencia-a-la-seccion-de-opinion-de-un-periodico-tradicional-colombiano\\\/\"},\"author\":{\"name\":\"Guest\",\"@id\":\"https:\\\/\\\/latamjournalismreview.org\\\/es\\\/#\\\/schema\\\/person\\\/0315202e0b3c0963a2440f1c3012c360\"},\"headline\":\"Video columna sat\u00edrica trae nueva vida y audiencia a la secci\u00f3n de opini\u00f3n de un peri\u00f3dico tradicional colombiano\",\"datePublished\":\"2018-03-01T00:52:56+00:00\",\"dateModified\":\"2022-01-22T00:54:55+00:00\",\"mainEntityOfPage\":{\"@id\":\"https:\\\/\\\/latamjournalismreview.org\\\/es\\\/articles\\\/video-columna-satirica-trae-nueva-vida-y-audiencia-a-la-seccion-de-opinion-de-un-periodico-tradicional-colombiano\\\/\"},\"wordCount\":1664,\"publisher\":{\"@id\":\"https:\\\/\\\/latamjournalismreview.org\\\/es\\\/#organization\"},\"keywords\":[\"Colombia\",\"S\u00e1tira\"],\"articleSection\":[\"Innovaci\u00f3n\"],\"inLanguage\":\"es\"},{\"@type\":\"WebPage\",\"@id\":\"https:\\\/\\\/latamjournalismreview.org\\\/es\\\/articles\\\/video-columna-satirica-trae-nueva-vida-y-audiencia-a-la-seccion-de-opinion-de-un-periodico-tradicional-colombiano\\\/\",\"url\":\"https:\\\/\\\/latamjournalismreview.org\\\/es\\\/articles\\\/video-columna-satirica-trae-nueva-vida-y-audiencia-a-la-seccion-de-opinion-de-un-periodico-tradicional-colombiano\\\/\",\"name\":\"Video columna sat\u00edrica trae nueva vida y audiencia a la secci\u00f3n de opini\u00f3n de un peri\u00f3dico tradicional colombiano - LatAm Journalism Review\",\"isPartOf\":{\"@id\":\"https:\\\/\\\/latamjournalismreview.org\\\/es\\\/#website\"},\"datePublished\":\"2018-03-01T00:52:56+00:00\",\"dateModified\":\"2022-01-22T00:54:55+00:00\",\"description\":\"Video columna sat\u00edrica trae nueva vida y audiencia a la secci\u00f3n de opini\u00f3n de un peri\u00f3dico tradicional colombiano Innovaci\u00f3n. Latin American Journalism Review by The Knight Center at The University of Texas at Austin.\",\"breadcrumb\":{\"@id\":\"https:\\\/\\\/latamjournalismreview.org\\\/es\\\/articles\\\/video-columna-satirica-trae-nueva-vida-y-audiencia-a-la-seccion-de-opinion-de-un-periodico-tradicional-colombiano\\\/#breadcrumb\"},\"inLanguage\":\"es\",\"potentialAction\":[{\"@type\":\"ReadAction\",\"target\":[\"https:\\\/\\\/latamjournalismreview.org\\\/es\\\/articles\\\/video-columna-satirica-trae-nueva-vida-y-audiencia-a-la-seccion-de-opinion-de-un-periodico-tradicional-colombiano\\\/\"]}]},{\"@type\":\"BreadcrumbList\",\"@id\":\"https:\\\/\\\/latamjournalismreview.org\\\/es\\\/articles\\\/video-columna-satirica-trae-nueva-vida-y-audiencia-a-la-seccion-de-opinion-de-un-periodico-tradicional-colombiano\\\/#breadcrumb\",\"itemListElement\":[{\"@type\":\"ListItem\",\"position\":1,\"name\":\"Home\",\"item\":\"https:\\\/\\\/latamjournalismreview.org\\\/es\\\/\"},{\"@type\":\"ListItem\",\"position\":2,\"name\":\"Video columna sat\u00edrica trae nueva vida y audiencia a la secci\u00f3n de opini\u00f3n de un peri\u00f3dico tradicional colombiano\"}]},{\"@type\":\"WebSite\",\"@id\":\"https:\\\/\\\/latamjournalismreview.org\\\/es\\\/#website\",\"url\":\"https:\\\/\\\/latamjournalismreview.org\\\/es\\\/\",\"name\":\"LatAm Journalism Review\",\"description\":\"Knight Center at The University of Texas\",\"publisher\":{\"@id\":\"https:\\\/\\\/latamjournalismreview.org\\\/es\\\/#organization\"},\"potentialAction\":[{\"@type\":\"SearchAction\",\"target\":{\"@type\":\"EntryPoint\",\"urlTemplate\":\"https:\\\/\\\/latamjournalismreview.org\\\/es\\\/?s={search_term_string}\"},\"query-input\":{\"@type\":\"PropertyValueSpecification\",\"valueRequired\":true,\"valueName\":\"search_term_string\"}}],\"inLanguage\":\"es\"},{\"@type\":\"Organization\",\"@id\":\"https:\\\/\\\/latamjournalismreview.org\\\/es\\\/#organization\",\"name\":\"LatAm Journalism Review\",\"url\":\"https:\\\/\\\/latamjournalismreview.org\\\/es\\\/\",\"logo\":{\"@type\":\"ImageObject\",\"inLanguage\":\"es\",\"@id\":\"https:\\\/\\\/latamjournalismreview.org\\\/es\\\/#\\\/schema\\\/logo\\\/image\\\/\",\"url\":\"https:\\\/\\\/latamjournalismreview.org\\\/wp-content\\\/uploads\\\/2020\\\/05\\\/knight-latAm-review-logo.svg\",\"contentUrl\":\"https:\\\/\\\/latamjournalismreview.org\\\/wp-content\\\/uploads\\\/2020\\\/05\\\/knight-latAm-review-logo.svg\",\"width\":\"1024\",\"height\":\"1024\",\"caption\":\"LatAm Journalism Review\"},\"image\":{\"@id\":\"https:\\\/\\\/latamjournalismreview.org\\\/es\\\/#\\\/schema\\\/logo\\\/image\\\/\"},\"sameAs\":[\"https:\\\/\\\/x.com\\\/LatAmJournalism\"]},{\"@type\":\"Person\",\"@id\":\"https:\\\/\\\/latamjournalismreview.org\\\/es\\\/#\\\/schema\\\/person\\\/0315202e0b3c0963a2440f1c3012c360\",\"name\":\"Guest\",\"url\":\"https:\\\/\\\/latamjournalismreview.org\\\/es\\\/articles\\\/author\\\/guest\\\/\"}]}<\/script>\n<!-- \/ Yoast SEO Premium plugin. -->","yoast_head_json":{"title":"Video columna sat\u00edrica trae nueva vida y audiencia a la secci\u00f3n de opini\u00f3n de un peri\u00f3dico tradicional colombiano - LatAm Journalism Review","description":"Video columna sat\u00edrica trae nueva vida y audiencia a la secci\u00f3n de opini\u00f3n de un peri\u00f3dico tradicional colombiano Innovaci\u00f3n. Latin American Journalism Review by The Knight Center at The University of Texas at Austin.","robots":{"index":"index","follow":"follow","max-snippet":"max-snippet:-1","max-image-preview":"max-image-preview:large","max-video-preview":"max-video-preview:-1"},"canonical":"https:\/\/latamjournalismreview.org\/es\/articles\/video-columna-satirica-trae-nueva-vida-y-audiencia-a-la-seccion-de-opinion-de-un-periodico-tradicional-colombiano\/","og_locale":"es_ES","og_type":"article","og_title":"Video columna sat\u00edrica trae nueva vida y audiencia a la secci\u00f3n de opini\u00f3n de un peri\u00f3dico tradicional colombiano","og_description":"Video columna sat\u00edrica trae nueva vida y audiencia a la secci\u00f3n de opini\u00f3n de un peri\u00f3dico tradicional colombiano Innovaci\u00f3n. Latin American Journalism Review by The Knight Center at The University of Texas at Austin.","og_url":"https:\/\/latamjournalismreview.org\/es\/articles\/video-columna-satirica-trae-nueva-vida-y-audiencia-a-la-seccion-de-opinion-de-un-periodico-tradicional-colombiano\/","og_site_name":"LatAm Journalism Review","article_published_time":"2018-03-01T00:52:56+00:00","article_modified_time":"2022-01-22T00:54:55+00:00","author":"Guest","twitter_card":"summary_large_image","twitter_creator":"@LatAmJournalism","twitter_site":"@LatAmJournalism","twitter_misc":{"Written by":"Guest","Est. reading time":"8 minutos"},"schema":{"@context":"https:\/\/schema.org","@graph":[{"@type":"Article","@id":"https:\/\/latamjournalismreview.org\/es\/articles\/video-columna-satirica-trae-nueva-vida-y-audiencia-a-la-seccion-de-opinion-de-un-periodico-tradicional-colombiano\/#article","isPartOf":{"@id":"https:\/\/latamjournalismreview.org\/es\/articles\/video-columna-satirica-trae-nueva-vida-y-audiencia-a-la-seccion-de-opinion-de-un-periodico-tradicional-colombiano\/"},"author":{"name":"Guest","@id":"https:\/\/latamjournalismreview.org\/es\/#\/schema\/person\/0315202e0b3c0963a2440f1c3012c360"},"headline":"Video columna sat\u00edrica trae nueva vida y audiencia a la secci\u00f3n de opini\u00f3n de un peri\u00f3dico tradicional colombiano","datePublished":"2018-03-01T00:52:56+00:00","dateModified":"2022-01-22T00:54:55+00:00","mainEntityOfPage":{"@id":"https:\/\/latamjournalismreview.org\/es\/articles\/video-columna-satirica-trae-nueva-vida-y-audiencia-a-la-seccion-de-opinion-de-un-periodico-tradicional-colombiano\/"},"wordCount":1664,"publisher":{"@id":"https:\/\/latamjournalismreview.org\/es\/#organization"},"keywords":["Colombia","S\u00e1tira"],"articleSection":["Innovaci\u00f3n"],"inLanguage":"es"},{"@type":"WebPage","@id":"https:\/\/latamjournalismreview.org\/es\/articles\/video-columna-satirica-trae-nueva-vida-y-audiencia-a-la-seccion-de-opinion-de-un-periodico-tradicional-colombiano\/","url":"https:\/\/latamjournalismreview.org\/es\/articles\/video-columna-satirica-trae-nueva-vida-y-audiencia-a-la-seccion-de-opinion-de-un-periodico-tradicional-colombiano\/","name":"Video columna sat\u00edrica trae nueva vida y audiencia a la secci\u00f3n de opini\u00f3n de un peri\u00f3dico tradicional colombiano - LatAm Journalism Review","isPartOf":{"@id":"https:\/\/latamjournalismreview.org\/es\/#website"},"datePublished":"2018-03-01T00:52:56+00:00","dateModified":"2022-01-22T00:54:55+00:00","description":"Video columna sat\u00edrica trae nueva vida y audiencia a la secci\u00f3n de opini\u00f3n de un peri\u00f3dico tradicional colombiano Innovaci\u00f3n. Latin American Journalism Review by The Knight Center at The University of Texas at Austin.","breadcrumb":{"@id":"https:\/\/latamjournalismreview.org\/es\/articles\/video-columna-satirica-trae-nueva-vida-y-audiencia-a-la-seccion-de-opinion-de-un-periodico-tradicional-colombiano\/#breadcrumb"},"inLanguage":"es","potentialAction":[{"@type":"ReadAction","target":["https:\/\/latamjournalismreview.org\/es\/articles\/video-columna-satirica-trae-nueva-vida-y-audiencia-a-la-seccion-de-opinion-de-un-periodico-tradicional-colombiano\/"]}]},{"@type":"BreadcrumbList","@id":"https:\/\/latamjournalismreview.org\/es\/articles\/video-columna-satirica-trae-nueva-vida-y-audiencia-a-la-seccion-de-opinion-de-un-periodico-tradicional-colombiano\/#breadcrumb","itemListElement":[{"@type":"ListItem","position":1,"name":"Home","item":"https:\/\/latamjournalismreview.org\/es\/"},{"@type":"ListItem","position":2,"name":"Video columna sat\u00edrica trae nueva vida y audiencia a la secci\u00f3n de opini\u00f3n de un peri\u00f3dico tradicional colombiano"}]},{"@type":"WebSite","@id":"https:\/\/latamjournalismreview.org\/es\/#website","url":"https:\/\/latamjournalismreview.org\/es\/","name":"LatAm Journalism Review","description":"Knight Center at The University of Texas","publisher":{"@id":"https:\/\/latamjournalismreview.org\/es\/#organization"},"potentialAction":[{"@type":"SearchAction","target":{"@type":"EntryPoint","urlTemplate":"https:\/\/latamjournalismreview.org\/es\/?s={search_term_string}"},"query-input":{"@type":"PropertyValueSpecification","valueRequired":true,"valueName":"search_term_string"}}],"inLanguage":"es"},{"@type":"Organization","@id":"https:\/\/latamjournalismreview.org\/es\/#organization","name":"LatAm Journalism Review","url":"https:\/\/latamjournalismreview.org\/es\/","logo":{"@type":"ImageObject","inLanguage":"es","@id":"https:\/\/latamjournalismreview.org\/es\/#\/schema\/logo\/image\/","url":"https:\/\/latamjournalismreview.org\/wp-content\/uploads\/2020\/05\/knight-latAm-review-logo.svg","contentUrl":"https:\/\/latamjournalismreview.org\/wp-content\/uploads\/2020\/05\/knight-latAm-review-logo.svg","width":"1024","height":"1024","caption":"LatAm Journalism Review"},"image":{"@id":"https:\/\/latamjournalismreview.org\/es\/#\/schema\/logo\/image\/"},"sameAs":["https:\/\/x.com\/LatAmJournalism"]},{"@type":"Person","@id":"https:\/\/latamjournalismreview.org\/es\/#\/schema\/person\/0315202e0b3c0963a2440f1c3012c360","name":"Guest","url":"https:\/\/latamjournalismreview.org\/es\/articles\/author\/guest\/"}]}},"_links":{"self":[{"href":"https:\/\/latamjournalismreview.org\/es\/wp-json\/wp\/v2\/posts\/47809","targetHints":{"allow":["GET"]}}],"collection":[{"href":"https:\/\/latamjournalismreview.org\/es\/wp-json\/wp\/v2\/posts"}],"about":[{"href":"https:\/\/latamjournalismreview.org\/es\/wp-json\/wp\/v2\/types\/post"}],"author":[{"embeddable":true,"href":"https:\/\/latamjournalismreview.org\/es\/wp-json\/wp\/v2\/users\/17"}],"replies":[{"embeddable":true,"href":"https:\/\/latamjournalismreview.org\/es\/wp-json\/wp\/v2\/comments?post=47809"}],"version-history":[{"count":1,"href":"https:\/\/latamjournalismreview.org\/es\/wp-json\/wp\/v2\/posts\/47809\/revisions"}],"predecessor-version":[{"id":47811,"href":"https:\/\/latamjournalismreview.org\/es\/wp-json\/wp\/v2\/posts\/47809\/revisions\/47811"}],"wp:attachment":[{"href":"https:\/\/latamjournalismreview.org\/es\/wp-json\/wp\/v2\/media?parent=47809"}],"wp:term":[{"taxonomy":"category","embeddable":true,"href":"https:\/\/latamjournalismreview.org\/es\/wp-json\/wp\/v2\/categories?post=47809"},{"taxonomy":"post_tag","embeddable":true,"href":"https:\/\/latamjournalismreview.org\/es\/wp-json\/wp\/v2\/tags?post=47809"},{"taxonomy":"author","embeddable":true,"href":"https:\/\/latamjournalismreview.org\/es\/wp-json\/wp\/v2\/coauthors?post=47809"}],"curies":[{"name":"wp","href":"https:\/\/api.w.org\/{rel}","templated":true}]}}