{"id":4828,"date":"2018-11-30T16:12:09","date_gmt":"2018-11-30T21:12:09","guid":{"rendered":"https:\/\/live-lajr.pantheonsite.io\/articles\/crimen-organizado-mato-a-10-periodistas-en-america-latina-en-2018-dice-rsf\/"},"modified":"2020-06-05T16:13:34","modified_gmt":"2020-06-05T21:13:34","slug":"crimen-organizado-mato-a-10-periodistas-en-america-latina-en-2018-dice-rsf","status":"publish","type":"post","link":"https:\/\/latamjournalismreview.org\/es\/articles\/crimen-organizado-mato-a-10-periodistas-en-america-latina-en-2018-dice-rsf\/","title":{"rendered":"Crimen organizado mat\u00f3 a 10 periodistas en Am\u00e9rica Latina en 2018, dice RSF"},"content":{"rendered":"<p>En lo que va de 2018, 10 periodistas han sido asesinados en Am\u00e9rica Latina por organizaciones criminales en represalia por sus reportajes, de acuerdo con un reciente informe de Reporteros Sin Fronteras (RSF).<\/p>\n<div style=\"width: 350px; font-size: 80%; text-align: left; float: left; padding-left: 10px; padding-right: 10px;\"><a href=\"https:\/\/rsf.org\/en\/reports\/rsf-report-journalists-who-are-targeted-organized-crime\" target=\"_blank\" rel=\"noopener noreferrer\"><img decoding=\"async\" style=\"width: 350px;\" src=\"https:\/\/farm5.staticflickr.com\/4883\/44304258820_40421d58b7_o.png\" \/><\/a> (Captura de pantalla).<\/div>\n<p>En general, las muertes en la regi\u00f3n est\u00e1n ligadas a carteles de la droga que se benefician de la proximidad con actores en el poder p\u00fablico, seg\u00fan el documento \u201c<a href=\"https:\/\/rsf.org\/es\/informes\/investigacion-de-rsf-los-periodistas-en-la-mira-de-los-grupos-mafiosos\" target=\"_blank\" rel=\"noopener noreferrer\">Los periodistas, la pesadilla de la mafia<\/a>\u201d. La organizaci\u00f3n report\u00f3 asesinatos de este tipo en M\u00e9xico (con cuatro casos), Brasil (tres) y Ecuador\/Colombia (tambi\u00e9n tres). En todo el mundo, fueron 12 homicidios catalogados en\u00a0esta categor\u00eda.<\/p>\n<p>Otras cuatro muertes de profesionales de la prensa mexicana ocurridas\u00a0este a\u00f1o est\u00e1n siendo investigadas para averiguar si hay relaci\u00f3n con el ejercicio del periodismo. Desde 2012, la organizaci\u00f3n estima que 32 periodistas murieron por cuenta de los carteles en el pa\u00eds.<\/p>\n<p>\u201cEste n\u00famero, de por s\u00ed preocupante, podr\u00eda incrementarse debido a que en este pa\u00eds [M\u00e9xico] los mafiosos y los pol\u00edticos se mezclan o se al\u00edan para hacer callar a los periodistas. Adem\u00e1s, la justicia avanza poco y arresta a falsos culpables; tambi\u00e9n puede suceder que simplemente no abra una investigaci\u00f3n\u201d, informa RSF en el documento.<\/p>\n<p>El a\u00f1o pasado, otros 11 homicidios de periodistas por organizaciones criminales fueron documentados por RSF en Am\u00e9rica Latina: nueve en M\u00e9xico, uno en Brasil y uno en Honduras.<\/p>\n<p>Es definitivamente en M\u00e9xico donde la situaci\u00f3n es m\u00e1s grave para periodistas que investigan carteles de drogas, de acuerdo con RSF. El documento recuerda las muertes de los periodistas <a href=\"https:\/\/knightcenter.utexas.edu\/es\/blog\/00-18730-asesinan-periodista-mexicano-pese-que-contaba-con-proteccion-del-gobierno\" target=\"_blank\" rel=\"noopener noreferrer\">C\u00e1ndido R\u00edos V\u00e1zquez<\/a>, baleado en un supermercado el 22 de agosto de 2017, y <a href=\"https:\/\/knightcenter.utexas.edu\/es\/blog\/00-19965-periodista-mexicano-bajo-proteccion-del-gobierno-es-asesinado-en-quintana-roo-menos-de\" target=\"_blank\" rel=\"noopener noreferrer\">Rub\u00e9n Pat<\/a>, muerto en un caf\u00e9 el 24 de julio de este a\u00f1o.<\/p>\n<p>Ambos casos son emblem\u00e1ticos de c\u00f3mo las instituciones de seguridad para profesionales de los medios no funcionan en M\u00e9xico, seg\u00fan RSF. Los dos periodistas muertos estaban bajo Mecanismo de Atenci\u00f3n y Protecci\u00f3n a Defensores de Derechos Humanos y Periodistas. Para Pat, las medidas protectivas solo consistieron en un \u201c\u2018bot\u00f3n de p\u00e1nico\u2019 y un GPS\u201d, subray\u00f3 la organizaci\u00f3n.<\/p>\n<p><span style=\"font-size: 1em;\">\u201cMedidas insuficientes a los ojos del periodista, que dec\u00eda trabajar \u2018con miedo\u2019. En ese entonces RSF pidi\u00f3 que se reforzaran las medidas de protecci\u00f3n con que contaba el reportero. Fue en vano\u201d, se\u00f1ala el documento de RSF.<\/span><\/p>\n<p><span style=\"font-size: 1em;\">RSF indica que existen cuatro entidades federales de protecci\u00f3n a periodistas en M\u00e9xico, incluyendo al Mecanismo como la Fiscal\u00eda Especial para la Atenci\u00f3n de Delitos cometidos contra la Libertad de Expresi\u00f3n (Feadle), la Comisi\u00f3n Nacional de los Derechos Humanos (CNDH) y la Comisi\u00f3n Ejecutiva de Atenci\u00f3n a V\u00edctimas (CEAV). Sin embargo, \u201cestos organismos \u2013 que poseen sus propias normativas y reglas de funcionamiento \u2013 funcionan a escala federal, pero por lo general, no se comunican lo suficiente entre s\u00ed\u201d, seg\u00fan RSF.<\/span><\/p>\n<p>La impunidad de esos cr\u00edmenes es otro gran obst\u00e1culo en el pa\u00eds latinoamericano. RSF cita datos recopilados por la CNDH M\u00e9xico que indica que m\u00e1s del 90% de los cr\u00edmenes violentos contra periodistas quedan impunes. En algunos estados como Tamaulipas, Veracruz y Sinaloa esta tasa est\u00e1 cerca del 100%.<\/p>\n<p>\u201cEn un pa\u00eds como M\u00e9xico, donde el n\u00famero de cuerpos encontrados cada a\u00f1o en las calles o descubiertos en fosas comunes podr\u00edan hacer pensar en una guerra civil, los mafiosos saben que la justicia se ve sobrepasada, al igual que la polic\u00eda judicial, lo que les garantiza una forma de impunidad\u201d, dice RSF en el informe.<\/p>\n<p>En muchos casos, el crimen organizado alcanza su objetivo de silenciar el periodismo cr\u00edtico, al menos temporalmente. Un ejemplo es el de Oscar Arturo Cant\u00fa Murgu\u00eda, exeditor del diario Norte, entrevistado para el informe. El periodista decidi\u00f3 cerrar el impreso tras el <a href=\"https:\/\/knightcenter.utexas.edu\/es\/blog\/00-18144-corresponsal-acribillada-en-chihuahua-es-la-tercera-periodista-mexicana-asesinada-en-e\" target=\"_blank\" rel=\"noopener noreferrer\">asesinato de la reportera Miroslava Breach<\/a>, con quien era muy cercano profesionalmente.<\/p>\n<p>La muerte hizo que \u00e9l considerara la falta de seguridad y de garant\u00edas para el periodismo investigativo y cr\u00edtico, as\u00ed como la situaci\u00f3n de impunidad, seg\u00fan dijo a RSF.<\/p>\n<p>\u201cVe\u00edamos a la sociedad muy alejada, sent\u00edamos que nos hab\u00eda dejado solos. En segundo lugar, estaba la actitud del gobierno del estado, en contra de los medios [de comunicaci\u00f3n], descalific\u00e1ndonos sin hacer excepciones\u201d, dijo Murgu\u00eda a RSF. \u201cPuse todo esto en una balanza y consider\u00e9 que necesit\u00e1bamos hacer algo diferente a lo que hab\u00edamos hecho. Lo que hab\u00edamos publicado hasta entonces no hab\u00eda tenido una correspondencia de la sociedad, ni del gobierno. Por eso decid\u00ed cerrar [el diario] en protesta\u201d.<\/p>\n<p>Murgu\u00eda dijo que Norte ahora tiene un nuevo proyecto llamado \u201cperiodismo de contrapeso\u201d. \u201cEl proyecto no acepta publicidad oficial, vive de patrocinios, lo estamos impulsando as\u00ed desde la sociedad civil para acabar con las presiones\u201d, dijo.<\/p>\n<p>El informe de RSF tambi\u00e9n describi\u00f3 la situaci\u00f3n de los periodistas en Colombia, pa\u00eds que sigue siendo uno de los tres mayores productores de pasta de coca\u00edna del mundo.<\/p>\n<p>El caso destacado por RSF en el pa\u00eds gan\u00f3 la atenci\u00f3n internacional. El reportero Javier Ortega, el fot\u00f3grafo Paul Rivas, y el conductor Efra\u00edn Segarra, que trabajaban para el diario ecuatoriano El Comercio, <a href=\"https:\/\/knightcenter.utexas.edu\/es\/blog\/00-19436-gobierno-ecuatoriano-confirma-el-secuestro-de-tres-periodistas-cerca-de-la-frontera-co\" target=\"_blank\" rel=\"noopener noreferrer\">fueron secuestrados en la frontera entre Ecuador y Colombia<\/a> por el grupo armado Frente Oliver Sinisterra, disidente de la guerrilla de las Farc. Posteriormente, el <a href=\"https:\/\/knightcenter.utexas.edu\/es\/blog\/00-19494-gobierno-de-ecuador-confirma-muerte-de-los-periodistas-y-el-conductor-de-el-comercio-s\" target=\"_blank\" rel=\"noopener noreferrer\">gobierno de Ecuador confirm\u00f3 sus muertes<\/a>.\u00a0<span style=\"font-size: 1em;\">Los ecuatorianos estaban trabajando en un \u00e1rea que alberga plantaciones de coca y producci\u00f3n de coca\u00edna, as\u00ed como conflictos entre las autoridades y los narcotraficantes, subray\u00f3 RSF.<\/span><\/p>\n","protected":false},"excerpt":{"rendered":"<p>En lo que va de 2018, 10 periodistas han sido asesinados en Am\u00e9rica Latina por organizaciones criminales en represalia por sus reportajes, de acuerdo con un reciente informe de Reporteros Sin Fronteras (RSF).<\/p>\n","protected":false},"author":20,"featured_media":4813,"comment_status":"closed","ping_status":"closed","sticky":false,"template":"","format":"standard","meta":{"inline_featured_image":false,"footnotes":""},"categories":[1222],"tags":[],"coauthors":[],"class_list":["post-4828","post","type-post","status-publish","format-standard","has-post-thumbnail","hentry","category-violencia-contra-periodistas-es"],"acf":[],"yoast_head":"<!-- This site is optimized with the Yoast SEO Premium plugin v22.6 (Yoast SEO v27.4) - https:\/\/yoast.com\/product\/yoast-seo-premium-wordpress\/ -->\n<title>Crimen organizado mat\u00f3 a 10 periodistas en Am\u00e9rica Latina en 2018, dice RSF - LatAm Journalism Review<\/title>\n<meta name=\"description\" content=\"Crimen organizado mat\u00f3 a 10 periodistas en Am\u00e9rica Latina en 2018, dice RSF . Latin American Journalism Review by The Knight Center at The University of Texas at Austin.\" \/>\n<meta name=\"robots\" content=\"index, follow, max-snippet:-1, max-image-preview:large, max-video-preview:-1\" \/>\n<link rel=\"canonical\" href=\"https:\/\/latamjournalismreview.org\/es\/articles\/crimen-organizado-mato-a-10-periodistas-en-america-latina-en-2018-dice-rsf\/\" \/>\n<meta property=\"og:locale\" content=\"es_ES\" \/>\n<meta property=\"og:type\" content=\"article\" \/>\n<meta property=\"og:title\" content=\"Crimen organizado mat\u00f3 a 10 periodistas en Am\u00e9rica Latina en 2018, dice RSF\" \/>\n<meta property=\"og:description\" content=\"Crimen organizado mat\u00f3 a 10 periodistas en Am\u00e9rica Latina en 2018, dice RSF . Latin American Journalism Review by The Knight Center at The University of Texas at Austin.\" \/>\n<meta property=\"og:url\" content=\"https:\/\/latamjournalismreview.org\/es\/articles\/crimen-organizado-mato-a-10-periodistas-en-america-latina-en-2018-dice-rsf\/\" \/>\n<meta property=\"og:site_name\" content=\"LatAm Journalism Review\" \/>\n<meta property=\"article:published_time\" content=\"2018-11-30T21:12:09+00:00\" \/>\n<meta property=\"article:modified_time\" content=\"2020-06-05T21:13:34+00:00\" \/>\n<meta property=\"og:image\" content=\"https:\/\/latamjournalismreview.org\/wp-content\/uploads\/2020\/06\/Journalists-the-b\u00eate-noire-of-organised-crime.png\" \/>\n\t<meta property=\"og:image:width\" content=\"535\" \/>\n\t<meta property=\"og:image:height\" content=\"758\" \/>\n\t<meta property=\"og:image:type\" content=\"image\/png\" \/>\n<meta name=\"author\" content=\"Alessandra Monnerat\" \/>\n<meta name=\"twitter:card\" content=\"summary_large_image\" \/>\n<meta name=\"twitter:creator\" content=\"@LatAmJournalism\" \/>\n<meta name=\"twitter:site\" content=\"@LatAmJournalism\" \/>\n<meta name=\"twitter:label1\" content=\"Written by\" \/>\n\t<meta name=\"twitter:data1\" content=\"Alessandra Monnerat\" \/>\n\t<meta name=\"twitter:label2\" content=\"Est. reading time\" \/>\n\t<meta name=\"twitter:data2\" content=\"5 minutos\" \/>\n<script type=\"application\/ld+json\" class=\"yoast-schema-graph\">{\"@context\":\"https:\\\/\\\/schema.org\",\"@graph\":[{\"@type\":\"Article\",\"@id\":\"https:\\\/\\\/latamjournalismreview.org\\\/es\\\/articles\\\/crimen-organizado-mato-a-10-periodistas-en-america-latina-en-2018-dice-rsf\\\/#article\",\"isPartOf\":{\"@id\":\"https:\\\/\\\/latamjournalismreview.org\\\/es\\\/articles\\\/crimen-organizado-mato-a-10-periodistas-en-america-latina-en-2018-dice-rsf\\\/\"},\"author\":{\"name\":\"Alessandra Monnerat\",\"@id\":\"https:\\\/\\\/latamjournalismreview.org\\\/es\\\/#\\\/schema\\\/person\\\/3846d9e890c0f307c3256e69382db33e\"},\"headline\":\"Crimen organizado mat\u00f3 a 10 periodistas en Am\u00e9rica Latina en 2018, dice RSF\",\"datePublished\":\"2018-11-30T21:12:09+00:00\",\"dateModified\":\"2020-06-05T21:13:34+00:00\",\"mainEntityOfPage\":{\"@id\":\"https:\\\/\\\/latamjournalismreview.org\\\/es\\\/articles\\\/crimen-organizado-mato-a-10-periodistas-en-america-latina-en-2018-dice-rsf\\\/\"},\"wordCount\":976,\"publisher\":{\"@id\":\"https:\\\/\\\/latamjournalismreview.org\\\/es\\\/#organization\"},\"image\":{\"@id\":\"https:\\\/\\\/latamjournalismreview.org\\\/es\\\/articles\\\/crimen-organizado-mato-a-10-periodistas-en-america-latina-en-2018-dice-rsf\\\/#primaryimage\"},\"thumbnailUrl\":\"https:\\\/\\\/latamjournalismreview.org\\\/wp-content\\\/uploads\\\/2020\\\/06\\\/Journalists-the-b\u00eate-noire-of-organised-crime.png\",\"articleSection\":[\"Violencia contra periodistas\"],\"inLanguage\":\"es\"},{\"@type\":\"WebPage\",\"@id\":\"https:\\\/\\\/latamjournalismreview.org\\\/es\\\/articles\\\/crimen-organizado-mato-a-10-periodistas-en-america-latina-en-2018-dice-rsf\\\/\",\"url\":\"https:\\\/\\\/latamjournalismreview.org\\\/es\\\/articles\\\/crimen-organizado-mato-a-10-periodistas-en-america-latina-en-2018-dice-rsf\\\/\",\"name\":\"Crimen organizado mat\u00f3 a 10 periodistas en Am\u00e9rica Latina en 2018, dice RSF - LatAm Journalism Review\",\"isPartOf\":{\"@id\":\"https:\\\/\\\/latamjournalismreview.org\\\/es\\\/#website\"},\"primaryImageOfPage\":{\"@id\":\"https:\\\/\\\/latamjournalismreview.org\\\/es\\\/articles\\\/crimen-organizado-mato-a-10-periodistas-en-america-latina-en-2018-dice-rsf\\\/#primaryimage\"},\"image\":{\"@id\":\"https:\\\/\\\/latamjournalismreview.org\\\/es\\\/articles\\\/crimen-organizado-mato-a-10-periodistas-en-america-latina-en-2018-dice-rsf\\\/#primaryimage\"},\"thumbnailUrl\":\"https:\\\/\\\/latamjournalismreview.org\\\/wp-content\\\/uploads\\\/2020\\\/06\\\/Journalists-the-b\u00eate-noire-of-organised-crime.png\",\"datePublished\":\"2018-11-30T21:12:09+00:00\",\"dateModified\":\"2020-06-05T21:13:34+00:00\",\"description\":\"Crimen organizado mat\u00f3 a 10 periodistas en Am\u00e9rica Latina en 2018, dice RSF . Latin American Journalism Review by The Knight Center at The University of Texas at Austin.\",\"breadcrumb\":{\"@id\":\"https:\\\/\\\/latamjournalismreview.org\\\/es\\\/articles\\\/crimen-organizado-mato-a-10-periodistas-en-america-latina-en-2018-dice-rsf\\\/#breadcrumb\"},\"inLanguage\":\"es\",\"potentialAction\":[{\"@type\":\"ReadAction\",\"target\":[\"https:\\\/\\\/latamjournalismreview.org\\\/es\\\/articles\\\/crimen-organizado-mato-a-10-periodistas-en-america-latina-en-2018-dice-rsf\\\/\"]}]},{\"@type\":\"ImageObject\",\"inLanguage\":\"es\",\"@id\":\"https:\\\/\\\/latamjournalismreview.org\\\/es\\\/articles\\\/crimen-organizado-mato-a-10-periodistas-en-america-latina-en-2018-dice-rsf\\\/#primaryimage\",\"url\":\"https:\\\/\\\/latamjournalismreview.org\\\/wp-content\\\/uploads\\\/2020\\\/06\\\/Journalists-the-b\u00eate-noire-of-organised-crime.png\",\"contentUrl\":\"https:\\\/\\\/latamjournalismreview.org\\\/wp-content\\\/uploads\\\/2020\\\/06\\\/Journalists-the-b\u00eate-noire-of-organised-crime.png\",\"width\":535,\"height\":758,\"caption\":\"Journalists - the b\u00eate noire of organised crime\"},{\"@type\":\"BreadcrumbList\",\"@id\":\"https:\\\/\\\/latamjournalismreview.org\\\/es\\\/articles\\\/crimen-organizado-mato-a-10-periodistas-en-america-latina-en-2018-dice-rsf\\\/#breadcrumb\",\"itemListElement\":[{\"@type\":\"ListItem\",\"position\":1,\"name\":\"Home\",\"item\":\"https:\\\/\\\/latamjournalismreview.org\\\/es\\\/\"},{\"@type\":\"ListItem\",\"position\":2,\"name\":\"Crimen organizado mat\u00f3 a 10 periodistas en Am\u00e9rica Latina en 2018, dice RSF\"}]},{\"@type\":\"WebSite\",\"@id\":\"https:\\\/\\\/latamjournalismreview.org\\\/es\\\/#website\",\"url\":\"https:\\\/\\\/latamjournalismreview.org\\\/es\\\/\",\"name\":\"LatAm Journalism Review\",\"description\":\"Knight Center at The University of Texas\",\"publisher\":{\"@id\":\"https:\\\/\\\/latamjournalismreview.org\\\/es\\\/#organization\"},\"potentialAction\":[{\"@type\":\"SearchAction\",\"target\":{\"@type\":\"EntryPoint\",\"urlTemplate\":\"https:\\\/\\\/latamjournalismreview.org\\\/es\\\/?s={search_term_string}\"},\"query-input\":{\"@type\":\"PropertyValueSpecification\",\"valueRequired\":true,\"valueName\":\"search_term_string\"}}],\"inLanguage\":\"es\"},{\"@type\":\"Organization\",\"@id\":\"https:\\\/\\\/latamjournalismreview.org\\\/es\\\/#organization\",\"name\":\"LatAm Journalism Review\",\"url\":\"https:\\\/\\\/latamjournalismreview.org\\\/es\\\/\",\"logo\":{\"@type\":\"ImageObject\",\"inLanguage\":\"es\",\"@id\":\"https:\\\/\\\/latamjournalismreview.org\\\/es\\\/#\\\/schema\\\/logo\\\/image\\\/\",\"url\":\"https:\\\/\\\/latamjournalismreview.org\\\/wp-content\\\/uploads\\\/2020\\\/05\\\/knight-latAm-review-logo.svg\",\"contentUrl\":\"https:\\\/\\\/latamjournalismreview.org\\\/wp-content\\\/uploads\\\/2020\\\/05\\\/knight-latAm-review-logo.svg\",\"width\":\"1024\",\"height\":\"1024\",\"caption\":\"LatAm Journalism Review\"},\"image\":{\"@id\":\"https:\\\/\\\/latamjournalismreview.org\\\/es\\\/#\\\/schema\\\/logo\\\/image\\\/\"},\"sameAs\":[\"https:\\\/\\\/x.com\\\/LatAmJournalism\"]},{\"@type\":\"Person\",\"@id\":\"https:\\\/\\\/latamjournalismreview.org\\\/es\\\/#\\\/schema\\\/person\\\/3846d9e890c0f307c3256e69382db33e\",\"name\":\"Alessandra Monnerat\",\"url\":\"https:\\\/\\\/latamjournalismreview.org\\\/es\\\/articles\\\/author\\\/alessandra-monnerat\\\/\"}]}<\/script>\n<!-- \/ Yoast SEO Premium plugin. -->","yoast_head_json":{"title":"Crimen organizado mat\u00f3 a 10 periodistas en Am\u00e9rica Latina en 2018, dice RSF - LatAm Journalism Review","description":"Crimen organizado mat\u00f3 a 10 periodistas en Am\u00e9rica Latina en 2018, dice RSF . Latin American Journalism Review by The Knight Center at The University of Texas at Austin.","robots":{"index":"index","follow":"follow","max-snippet":"max-snippet:-1","max-image-preview":"max-image-preview:large","max-video-preview":"max-video-preview:-1"},"canonical":"https:\/\/latamjournalismreview.org\/es\/articles\/crimen-organizado-mato-a-10-periodistas-en-america-latina-en-2018-dice-rsf\/","og_locale":"es_ES","og_type":"article","og_title":"Crimen organizado mat\u00f3 a 10 periodistas en Am\u00e9rica Latina en 2018, dice RSF","og_description":"Crimen organizado mat\u00f3 a 10 periodistas en Am\u00e9rica Latina en 2018, dice RSF . Latin American Journalism Review by The Knight Center at The University of Texas at Austin.","og_url":"https:\/\/latamjournalismreview.org\/es\/articles\/crimen-organizado-mato-a-10-periodistas-en-america-latina-en-2018-dice-rsf\/","og_site_name":"LatAm Journalism Review","article_published_time":"2018-11-30T21:12:09+00:00","article_modified_time":"2020-06-05T21:13:34+00:00","og_image":[{"width":535,"height":758,"url":"https:\/\/latamjournalismreview.org\/wp-content\/uploads\/2020\/06\/Journalists-the-b\u00eate-noire-of-organised-crime.png","type":"image\/png"}],"author":"Alessandra Monnerat","twitter_card":"summary_large_image","twitter_creator":"@LatAmJournalism","twitter_site":"@LatAmJournalism","twitter_misc":{"Written by":"Alessandra Monnerat","Est. reading time":"5 minutos"},"schema":{"@context":"https:\/\/schema.org","@graph":[{"@type":"Article","@id":"https:\/\/latamjournalismreview.org\/es\/articles\/crimen-organizado-mato-a-10-periodistas-en-america-latina-en-2018-dice-rsf\/#article","isPartOf":{"@id":"https:\/\/latamjournalismreview.org\/es\/articles\/crimen-organizado-mato-a-10-periodistas-en-america-latina-en-2018-dice-rsf\/"},"author":{"name":"Alessandra Monnerat","@id":"https:\/\/latamjournalismreview.org\/es\/#\/schema\/person\/3846d9e890c0f307c3256e69382db33e"},"headline":"Crimen organizado mat\u00f3 a 10 periodistas en Am\u00e9rica Latina en 2018, dice RSF","datePublished":"2018-11-30T21:12:09+00:00","dateModified":"2020-06-05T21:13:34+00:00","mainEntityOfPage":{"@id":"https:\/\/latamjournalismreview.org\/es\/articles\/crimen-organizado-mato-a-10-periodistas-en-america-latina-en-2018-dice-rsf\/"},"wordCount":976,"publisher":{"@id":"https:\/\/latamjournalismreview.org\/es\/#organization"},"image":{"@id":"https:\/\/latamjournalismreview.org\/es\/articles\/crimen-organizado-mato-a-10-periodistas-en-america-latina-en-2018-dice-rsf\/#primaryimage"},"thumbnailUrl":"https:\/\/latamjournalismreview.org\/wp-content\/uploads\/2020\/06\/Journalists-the-b\u00eate-noire-of-organised-crime.png","articleSection":["Violencia contra periodistas"],"inLanguage":"es"},{"@type":"WebPage","@id":"https:\/\/latamjournalismreview.org\/es\/articles\/crimen-organizado-mato-a-10-periodistas-en-america-latina-en-2018-dice-rsf\/","url":"https:\/\/latamjournalismreview.org\/es\/articles\/crimen-organizado-mato-a-10-periodistas-en-america-latina-en-2018-dice-rsf\/","name":"Crimen organizado mat\u00f3 a 10 periodistas en Am\u00e9rica Latina en 2018, dice RSF - LatAm Journalism Review","isPartOf":{"@id":"https:\/\/latamjournalismreview.org\/es\/#website"},"primaryImageOfPage":{"@id":"https:\/\/latamjournalismreview.org\/es\/articles\/crimen-organizado-mato-a-10-periodistas-en-america-latina-en-2018-dice-rsf\/#primaryimage"},"image":{"@id":"https:\/\/latamjournalismreview.org\/es\/articles\/crimen-organizado-mato-a-10-periodistas-en-america-latina-en-2018-dice-rsf\/#primaryimage"},"thumbnailUrl":"https:\/\/latamjournalismreview.org\/wp-content\/uploads\/2020\/06\/Journalists-the-b\u00eate-noire-of-organised-crime.png","datePublished":"2018-11-30T21:12:09+00:00","dateModified":"2020-06-05T21:13:34+00:00","description":"Crimen organizado mat\u00f3 a 10 periodistas en Am\u00e9rica Latina en 2018, dice RSF . Latin American Journalism Review by The Knight Center at The University of Texas at Austin.","breadcrumb":{"@id":"https:\/\/latamjournalismreview.org\/es\/articles\/crimen-organizado-mato-a-10-periodistas-en-america-latina-en-2018-dice-rsf\/#breadcrumb"},"inLanguage":"es","potentialAction":[{"@type":"ReadAction","target":["https:\/\/latamjournalismreview.org\/es\/articles\/crimen-organizado-mato-a-10-periodistas-en-america-latina-en-2018-dice-rsf\/"]}]},{"@type":"ImageObject","inLanguage":"es","@id":"https:\/\/latamjournalismreview.org\/es\/articles\/crimen-organizado-mato-a-10-periodistas-en-america-latina-en-2018-dice-rsf\/#primaryimage","url":"https:\/\/latamjournalismreview.org\/wp-content\/uploads\/2020\/06\/Journalists-the-b\u00eate-noire-of-organised-crime.png","contentUrl":"https:\/\/latamjournalismreview.org\/wp-content\/uploads\/2020\/06\/Journalists-the-b\u00eate-noire-of-organised-crime.png","width":535,"height":758,"caption":"Journalists - the b\u00eate noire of organised crime"},{"@type":"BreadcrumbList","@id":"https:\/\/latamjournalismreview.org\/es\/articles\/crimen-organizado-mato-a-10-periodistas-en-america-latina-en-2018-dice-rsf\/#breadcrumb","itemListElement":[{"@type":"ListItem","position":1,"name":"Home","item":"https:\/\/latamjournalismreview.org\/es\/"},{"@type":"ListItem","position":2,"name":"Crimen organizado mat\u00f3 a 10 periodistas en Am\u00e9rica Latina en 2018, dice RSF"}]},{"@type":"WebSite","@id":"https:\/\/latamjournalismreview.org\/es\/#website","url":"https:\/\/latamjournalismreview.org\/es\/","name":"LatAm Journalism Review","description":"Knight Center at The University of Texas","publisher":{"@id":"https:\/\/latamjournalismreview.org\/es\/#organization"},"potentialAction":[{"@type":"SearchAction","target":{"@type":"EntryPoint","urlTemplate":"https:\/\/latamjournalismreview.org\/es\/?s={search_term_string}"},"query-input":{"@type":"PropertyValueSpecification","valueRequired":true,"valueName":"search_term_string"}}],"inLanguage":"es"},{"@type":"Organization","@id":"https:\/\/latamjournalismreview.org\/es\/#organization","name":"LatAm Journalism Review","url":"https:\/\/latamjournalismreview.org\/es\/","logo":{"@type":"ImageObject","inLanguage":"es","@id":"https:\/\/latamjournalismreview.org\/es\/#\/schema\/logo\/image\/","url":"https:\/\/latamjournalismreview.org\/wp-content\/uploads\/2020\/05\/knight-latAm-review-logo.svg","contentUrl":"https:\/\/latamjournalismreview.org\/wp-content\/uploads\/2020\/05\/knight-latAm-review-logo.svg","width":"1024","height":"1024","caption":"LatAm Journalism Review"},"image":{"@id":"https:\/\/latamjournalismreview.org\/es\/#\/schema\/logo\/image\/"},"sameAs":["https:\/\/x.com\/LatAmJournalism"]},{"@type":"Person","@id":"https:\/\/latamjournalismreview.org\/es\/#\/schema\/person\/3846d9e890c0f307c3256e69382db33e","name":"Alessandra Monnerat","url":"https:\/\/latamjournalismreview.org\/es\/articles\/author\/alessandra-monnerat\/"}]}},"_links":{"self":[{"href":"https:\/\/latamjournalismreview.org\/es\/wp-json\/wp\/v2\/posts\/4828","targetHints":{"allow":["GET"]}}],"collection":[{"href":"https:\/\/latamjournalismreview.org\/es\/wp-json\/wp\/v2\/posts"}],"about":[{"href":"https:\/\/latamjournalismreview.org\/es\/wp-json\/wp\/v2\/types\/post"}],"author":[{"embeddable":true,"href":"https:\/\/latamjournalismreview.org\/es\/wp-json\/wp\/v2\/users\/20"}],"replies":[{"embeddable":true,"href":"https:\/\/latamjournalismreview.org\/es\/wp-json\/wp\/v2\/comments?post=4828"}],"version-history":[{"count":1,"href":"https:\/\/latamjournalismreview.org\/es\/wp-json\/wp\/v2\/posts\/4828\/revisions"}],"predecessor-version":[{"id":4829,"href":"https:\/\/latamjournalismreview.org\/es\/wp-json\/wp\/v2\/posts\/4828\/revisions\/4829"}],"wp:featuredmedia":[{"embeddable":true,"href":"https:\/\/latamjournalismreview.org\/es\/wp-json\/wp\/v2\/media\/4813"}],"wp:attachment":[{"href":"https:\/\/latamjournalismreview.org\/es\/wp-json\/wp\/v2\/media?parent=4828"}],"wp:term":[{"taxonomy":"category","embeddable":true,"href":"https:\/\/latamjournalismreview.org\/es\/wp-json\/wp\/v2\/categories?post=4828"},{"taxonomy":"post_tag","embeddable":true,"href":"https:\/\/latamjournalismreview.org\/es\/wp-json\/wp\/v2\/tags?post=4828"},{"taxonomy":"author","embeddable":true,"href":"https:\/\/latamjournalismreview.org\/es\/wp-json\/wp\/v2\/coauthors?post=4828"}],"curies":[{"name":"wp","href":"https:\/\/api.w.org\/{rel}","templated":true}]}}