{"id":48340,"date":"2018-04-10T12:39:51","date_gmt":"2018-04-10T17:39:51","guid":{"rendered":"https:\/\/latamjournalismreview.org\/?p=48340"},"modified":"2022-01-31T12:41:55","modified_gmt":"2022-01-31T17:41:55","slug":"por-lo-menos-19-periodistas-y-profesionales-de-la-prensa-fueron-agredidos-en-cobertura-de-encarcelamiento-de-expresidente-lula","status":"publish","type":"post","link":"https:\/\/latamjournalismreview.org\/es\/articles\/por-lo-menos-19-periodistas-y-profesionales-de-la-prensa-fueron-agredidos-en-cobertura-de-encarcelamiento-de-expresidente-lula\/","title":{"rendered":"Por lo menos 19 periodistas y profesionales de la prensa fueron agredidos en cobertura de encarcelamiento de expresidente Lula"},"content":{"rendered":"<p dir=\"ltr\">Por lo menos 19 periodistas y profesionales de la prensa fueron agredidos en varias ciudades de Brasil entre el 5 y 7 de abril, mientras trabajaban en la cobertura del encarcelamiento del expresidente Luiz In\u00e1cio Lula da Silva (2003-2011),<a href=\"http:\/\/docs.google.com\/spreadsheets\/d\/1fP6owOQTOT4bdgCrCbDz9piYkAk6QEPtOofvmJ2EYMs\/edit#gid=0\" target=\"_blank\" rel=\"noopener\">\u00a0seg\u00fan document\u00f3 la Asociaci\u00f3n Brasile\u00f1a de Periodismo Investigativo<\/a>\u00a0(Abraji, por sus siglas en portugu\u00e9s). Las agresiones, que empezaron por parte de los simpatizantes de Lula y de la Polic\u00eda Militar, fueron repudiadas por organizaciones period\u00edsticas de Brasil y de Am\u00e9rica Latina.<\/p>\n<p dir=\"ltr\"><a href=\"http:\/\/abraji.org.br\/noticias\/militantes-agridem-jornalistas-durante-protesto-em-sbc-no-sabado\" target=\"_blank\" rel=\"noopener\">Se registraron agresiones a periodistas<\/a>, camar\u00f3grafos y empleados de diversos medios en S\u00e3o Bernardo do Campo, S\u00e3o Paulo, Brasilia, Jo\u00e3o Pessoa y Curitiba.<\/p>\n<p dir=\"ltr\">El expresidente brasile\u00f1o fue\u00a0<a href=\"http:\/\/g1.globo.com\/politica\/noticia\/entenda-a-condenacao-de-lula-no-caso-do-triplex.ghtml\" target=\"_blank\" rel=\"noopener\">condenado en enero, en segunda instancia, a 12 a\u00f1os y un mes<\/a>\u00a0de prisi\u00f3n por cr\u00edmenes de corrupci\u00f3n y lavado de dinero. El 5 de abril, el Tribunal Supremo Federal\u00a0<a href=\"http:\/\/g1.globo.com\/politica\/noticia\/stf-julgamento-habeas-corpus-lula-4-de-abril.ghtml\" target=\"_blank\" rel=\"noopener\">rechaz\u00f3 con 6 votos a favor y 5 en contra<\/a>\u00a0el pedido de H\u00e1beas Corpus preventivo de la defensa y luego de eso autoriz\u00f3 el encarcelamiento de Lula,\u00a0<a href=\"http:\/\/g1.globo.com\/pr\/parana\/noticia\/moro-determina-prisao-de-lula-para-cumprir-pena-no-caso-do-triplex-em-guaruja.ghtml\" target=\"_blank\" rel=\"noopener\">decretado minutos despu\u00e9s de que terminara el juicio en el STF<\/a>.<\/p>\n<p dir=\"ltr\">Despu\u00e9s de la sentencia de prisi\u00f3n, Lula fue conducido a la sede del Sindicato de Metal\u00fargicos de ABC, en S\u00e3o Bernardo do Campo, donde comenz\u00f3 su carrera pol\u00edtica. All\u00ed se concentraron miles de partidarios del expresidente y fue donde se registraron m\u00e1s agresiones a periodistas y profesionales de la prensa por parte de los manifestantes.<\/p>\n<p dir=\"ltr\">Ya en la noche del d\u00eda 5, el fot\u00f3grafo Nilton Fukuda, del diario O Estado de S. Paulo, fue blanco de huevos lanzados por un hombre con camiseta de la Central \u00danica de los Trabajadores (CUT), y\u00a0<a href=\"http:\/\/politica.estadao.com.br\/noticias\/geral,jornalistas-sao-agredidos-por-manifestantes-pro-lula-em-sao-bernardo-e-brasilia,70002257033\" target=\"_blank\" rel=\"noopener\">registr\u00f3 la agresi\u00f3n<\/a>.<\/p>\n<p dir=\"ltr\">La reportera Sonia Blota, de TV Band,\u00a0<a href=\"http:\/\/twitter.com\/soniablota\/status\/982052727252570112\" target=\"_blank\" rel=\"noopener\">tambi\u00e9n fue agredida con huevos<\/a>\u00a0el 5 de abril por la noche, seg\u00fan escribi\u00f3 en su cuenta de Twitter.<\/p>\n<p dir=\"ltr\">En la madrugada del 6 de abril, manifestantes\u00a0<a href=\"http:\/\/veja.abril.com.br\/politica\/jornalistas-sao-ameacados-na-frente-de-sindicato-dos-metalurgicos-do-abc\/\" target=\"_blank\" rel=\"noopener\">intentaron invadir la sala<\/a>\u00a0del local del sindicato donde estaba la prensa, de acuerdo con la revista Veja. Los representantes del Sindicato de los Metal\u00fargicos de ABC ayudaron a proteger a los profesionales de la prensa, quienes fueron trasladados al tercer piso del edificio.<\/p>\n<p dir=\"ltr\">Durante la noche, los veh\u00edculos de reportaje de la radio Band News FM y de TV Cultura\u00a0<a href=\"http:\/\/www.buzzfeed.com\/alexandrearagao\/jornalistas-agredidos-prisao-lula?utm_term=.bvWJDe3B9#.skVdRLG13\" target=\"_blank\" rel=\"noopener\">fueron vandalizados<\/a>, inform\u00f3 BuzzFeed News. El sitio tambi\u00e9n registr\u00f3 cuando\u00a0<a href=\"http:\/\/www.buzzfeed.com\/alexandrearagao\/jornalistas-agredidos-prisao-lula?utm_term=.bvWJDe3B9#.skVdRLG13\" target=\"_blank\" rel=\"noopener\">un hombre intent\u00f3 expulsar al reportero<\/a>\u00a0Pedro Dur\u00e1n, de radio CBN, de dentro del sindicato, el 7 de abril por la ma\u00f1ana.<\/p>\n<p dir=\"ltr\">Tambi\u00e9n el d\u00eda 7, la reportera Joana Treptow, de TV Band, sufri\u00f3 un golpe en la mano durante una transmisi\u00f3n en vivo. En su cuenta de Twitter, la periodistas dijo que\u00a0<a href=\"http:\/\/twitter.com\/joanatreptow\/status\/982728533595381760\" target=\"_blank\" rel=\"noopener\">fue obligada a salir del sindicato<\/a>. \"Nos quedar\u00edamos si no estuvi\u00e9amos expuestos y en peligro\", escribi\u00f3.<\/p>\n<p dir=\"ltr\">Las reporteras Bruna Barboza, de radio Bandeirantes, y Gabriela Mayer, de radio Band FM, tambi\u00e9n relataron en redes sociales\u00a0<a href=\"http:\/\/www.buzzfeed.com\/alexandrearagao\/jornalistas-agredidos-prisao-lula?utm_term=.bvWJDe3B9#.skVdRLG13\" target=\"_blank\" rel=\"noopener\">las agresiones que sufrieron<\/a>.\u00a0<a href=\"http:\/\/twitter.com\/eubrunabarboza\/status\/982717929472094210\" target=\"_blank\" rel=\"noopener\">\"Es dif\u00edcil trabajar con miedo\"<\/a>, escribi\u00f3 Barboza.<\/p>\n<p dir=\"ltr\">Un equipo de Rede TV!\u00a0<a href=\"http:\/\/www.redetv.uol.com.br\/jornalismo\/cidades\/equipe-da-redetv-e-agredida-em-frente-a-sindicato-dos-metalurgicos-no-abc\" target=\"_blank\" rel=\"noopener\">tambi\u00e9n fue agredido delante del sindicato<\/a>\u00a0el d\u00eda 7, conforme divulg\u00f3 dicha emisora. De acuerdo con el reportero Igor Duarte, un peque\u00f1o grupo de manifestantes interrumpi\u00f3 la grabaci\u00f3n de una toma del periodista. \u00c9l, el camar\u00f3grafo y el asistente decidieron entonces apartarse.\u00a0<a href=\"http:\/\/www.redetv.uol.com.br\/jornalismo\/cidades\/equipe-da-redetv-e-agredida-em-frente-a-sindicato-dos-metalurgicos-no-abc\" target=\"_blank\" rel=\"noopener\">\"Cuando pasamos por el carro de sonido<\/a>, ellos comenzaron a excederse, a atacarnos con objetos con agua, vasos, latas de cerveza. \"Una mujer me golpe\u00f3 la cara con un papel\", coment\u00f3 de acuerdo con Rede TV!.<\/p>\n<p dir=\"ltr\">Ya en Brasilia, el 5 de abril por la noche, un equipo del diario Correio Braziliense\u00a0<a href=\"http:\/\/www.correiobraziliense.com.br\/app\/noticia\/politica\/2018\/04\/05\/interna_politica,671306\/equipe-de-reportagem-do-correio-e-atacada-em-frente-a-sede-da-cut.shtml\" target=\"_blank\" rel=\"noopener\">fue atacado por aproximadamente 30 personas<\/a>\u00a0frente a la sede de la Central \u00danica de Trabajadores del Distrito Federal (CUT-DF), donde los simpatizantes del expresidente en la ciudad estaban reunidos.\u00a0<a href=\"http:\/\/www.correiobraziliense.com.br\/app\/noticia\/politica\/2018\/04\/05\/interna_politica,671306\/equipe-de-reportagem-do-correio-e-atacada-em-frente-a-sede-da-cut.shtml\" target=\"_blank\" rel=\"noopener\">De acuerdo con el diario<\/a>, los manifestantes avanzaron sobre el auto del peri\u00f3dico, en el cual se encontraban una reportera, una fot\u00f3grafa y el conductor. Ellos rompieron los vidrios del veh\u00edculo y gritaron improperios contra la prensa, contra el diario y en defensa del expresidente Lula,\u00a0<a href=\"http:\/\/www.correiobraziliense.com.br\/app\/noticia\/politica\/2018\/04\/05\/interna_politica,671306\/equipe-de-reportagem-do-correio-e-atacada-em-frente-a-sede-da-cut.shtml\" target=\"_blank\" rel=\"noopener\">public\u00f3 Correio<\/a>. El conductor consigui\u00f3 salir del local logrando sacar ilesas a las profesionales de la prensa. El caso est\u00e1 siendo investigado por la Polic\u00eda Civil del Distrito Federal.<\/p>\n<p dir=\"ltr\">En el mismo local, un equipo de canal SBt tambi\u00e9n fue agredido, seg\u00fan el reportero Daniel Adjuto.\u00a0<a href=\"http:\/\/twitter.com\/DanAdjuto\/status\/982044720716238850\" target=\"_blank\" rel=\"noopener\">\"Ustedes van a salir de aqu\u00ed por su propio bien\"<\/a>, dijo uno de los manifestantes, conforme escribi\u00f3 el periodista en su cuenta de Twitter. Un fot\u00f3grafo de la agencia Reuters que\u00a0<a href=\"http:\/\/exame.abril.com.br\/brasil\/manifestantes-pro-lula-agridem-equipe-do-correio-braziliense\/\" target=\"_blank\" rel=\"noopener\">tambi\u00e9n fue agredido<\/a>\u00a0e impedido de documentar la protesta termin\u00f3 abandonando el local, report\u00f3 el sitio de la revista Exame.<\/p>\n<p dir=\"ltr\">Varias organizaciones period\u00edsticas condenaron las agresiones a periodistas en el ejercicio de su trabajo. Para Abraji, \"<a href=\"http:\/\/abraji.org.br\/noticias\/jornalistas-sao-agredidos-e-hostilizados-em-brasilia-e-sao-bernardo-do-campo\" target=\"_blank\" rel=\"noopener\">la violencia contra los profesionales de la prensa es inaceptable\u00a0<\/a>en cualquier contexto. Impedir que los periodistas ejerzan su oficio es atentar contra la democracia. Los autores deben ser identificados y sancionados por las autoridades\".<\/p>\n<p dir=\"ltr\">En una\u00a0<a href=\"http:\/\/www.anj.org.br\/site\/component\/k2\/73-jornal-anj-online\/7624-jornalistas-sao-agredidos-por-manifestantes-pro-lula-em-sao-paulo-e-em-brasilia-anj-abert-e-aner-repudiam-violencia.html\" target=\"_blank\" rel=\"noopener\">nota conjunta<\/a>, la Asociaci\u00f3n Nacional de Periodistas (ANJ), la Asociaci\u00f3n Brasile\u00f1a de Emisoras de Radio y Televisi\u00f3n (Abert) y la Asociaci\u00f3n Nacional de Editores de Revistas (ANER) repudiaron las agresiones, se solidarizaron con los profesionales y las empresas y exigieron a las autoridades que investiguen los hechos y que se castigue a los agresores.<\/p>\n<p dir=\"ltr\">\"Toda esa violencia injustificable y cobarde se deriva de la intolerancia y de la incapacidad de comprender la actividad period\u00edstica, que es llevar informaci\u00f3n a los ciudadanos\", mencion\u00f3 la nota. \"La libertad de prensa y el derecho a la informaci\u00f3n son b\u00e1sicos en las sociedades democr\u00e1ticas, y est\u00e1n siendo irrespetados por el autoritarismo de los agresores. Todos aquellos que aprecian la democracia deben mostrar su desacuerdo con estos lamentables episodios y movilizarse para que no vuelvan a ocurrir. Sin periodismo, no hay democracia\", continu\u00f3 el documento.<\/p>\n<p dir=\"ltr\">La Sociedad Interamericana de Prensa (SIP)<a href=\"http:\/\/pt.sipiapa.org\/notas\/1212153-sip-repudia-agressoes-contra-jornalistas-brasileiros\" target=\"_blank\" rel=\"noopener\">\u00a0tambi\u00e9n repudi\u00f3 las hostilidades contra los periodistas<\/a>. \"La SIP est\u00e1 alerta respecto a esos incidentes de violencia y los incluir\u00e1 entre los temas a debatirse durante su reuni\u00f3n de la pr\u00f3xima semana en Medell\u00edn, Colombia, en la cual se discutir\u00e1 la situaci\u00f3n de la libertad de prensa en el continente\", afirm\u00f3 la organizaci\u00f3n.<\/p>\n<p dir=\"ltr\">El Sindicato de Periodistas de S\u00e3o Paulo (SJSP)\u00a0<a href=\"http:\/\/www.sjsp.org.br\/noticias\/repudio-as-agressoes-contra-a-imprensa-em-sao-bernardo-do-campo-3689\" target=\"_blank\" rel=\"noopener\">divulg\u00f3 una nota de rechazo<\/a>\u00a0a las agresiones contra la prensa en S\u00e3o Bernardo do Campo. \"Condenamos que algunas personas que quieren protestar contra los medios de comunicaci\u00f3n lo hagan agrediendo a los profesionales\", escribi\u00f3 la entidad, agregando que \"esa situaci\u00f3n lamentable es tambi\u00e9n el resultado de las pol\u00edticas de las grandes empresas de comunicaci\u00f3n que apoyaron el golpe, y que adoptaron una l\u00ednea editorial hostil en contra de las organizaciones populares\".<\/p>\n<p dir=\"ltr\">Asimismo, la entidad anunci\u00f3 que realizar\u00e1\u00a0<a href=\"http:\/\/www.sjsp.org.br\/noticias\/sindicato-realiza-assembleia-para-debater-violencia-contra-jornalistas-e703\" target=\"_blank\" rel=\"noopener\">una asamblea para debatir la violencia contra los periodistas<\/a>\u00a0el 12 de abril. La idea es \"discutir democr\u00e1ticamente la actuaci\u00f3n del SJSP en los casos de violencia contra esa categor\u00eda y debatir nuevas medidas de protecci\u00f3n para el ejercicio profesional\". El evento est\u00e1 abierto a periodistas y tendr\u00e1 lugar en la sede del Sindicato, en el centro de\u00a0S\u00e3o Paulo, a las 8 p.m.<\/p>\n<p>Desde enero, hubo por lo menos 55 casos de agresiones a periodistas en el contexto de la cobertura sobre el expresidente, de acuerdo al registro de Abraji.\u00a0 Uno de los episodios m\u00e1s graves fue\u00a0<a href=\"http:\/\/eleicoes.uol.com.br\/2018\/noticias\/2018\/03\/27\/onibus-da-caravana-de-lula-e-atacado-em-estrada-no-parana.htm\" target=\"_blank\" rel=\"noopener\">el ataque a tiros contra un bus que transportaba a los periodistas<\/a>\u00a0que acompa\u00f1aban a la caravana del expresidente por el sur del pa\u00eds. Las balas perforaron el metal del bus pero nadie sali\u00f3 herido. El ataque sucedi\u00f3 en Quedas do Igua\u00e7u, en Paran\u00e1, la noche del 27 de marzo, y fue\u00a0<a href=\"http:\/\/abraji.org.br\/noticias\/para-abraji-atentado-contra-caravana-de-lula-e-gravissimo\" target=\"_blank\" rel=\"noopener\">calificado como \"grav\u00edsimo\" por Abraji.<\/a><\/p>\n<p><em><span data-sheets-value=\"{&quot;1&quot;:2,&quot;2&quot;:&quot;Nota del editor: Esta historia fue publicada originalmente en el blog Periodismo en las Am\u00e9ricas del Centro Knight, el predecesor de LatAm Journalism Review.&quot;}\" data-sheets-userformat=\"{&quot;2&quot;:6562,&quot;4&quot;:{&quot;1&quot;:2,&quot;2&quot;:16777215},&quot;8&quot;:{&quot;1&quot;:[{&quot;1&quot;:2,&quot;2&quot;:0,&quot;5&quot;:{&quot;1&quot;:0}},{&quot;1&quot;:0,&quot;2&quot;:0,&quot;3&quot;:3},{&quot;1&quot;:1,&quot;2&quot;:0,&quot;4&quot;:1}]},&quot;10&quot;:2,&quot;11&quot;:0,&quot;14&quot;:{&quot;1&quot;:2,&quot;2&quot;:3358536},&quot;15&quot;:&quot;Arial&quot;}\">Nota del editor: Esta historia fue publicada originalmente en el blog Periodismo en las Am\u00e9ricas del Centro Knight, el predecesor de LatAm Journalism Review.<\/span><\/em><\/p>\n","protected":false},"excerpt":{"rendered":"<p>Por lo menos 19 periodistas y profesionales de la prensa fueron agredidos en varias ciudades de Brasil entre el 5 y 7 de abril, mientras trabajaban en la cobertura del encarcelamiento del expresidente Luiz In\u00e1cio Lula da Silva (2003-2011),\u00a0seg\u00fan document\u00f3 la Asociaci\u00f3n Brasile\u00f1a de Periodismo Investigativo\u00a0(Abraji, por sus siglas en portugu\u00e9s). Las agresiones, que empezaron por parte de los simpatizantes de Lula y de la Polic\u00eda Militar, fueron repudiadas por organizaciones period\u00edsticas de Brasil y de Am\u00e9rica Latina.<\/p>\n","protected":false},"author":16,"featured_media":0,"comment_status":"closed","ping_status":"closed","sticky":false,"template":"","format":"standard","meta":{"inline_featured_image":false,"footnotes":""},"categories":[1222],"tags":[],"coauthors":[],"class_list":["post-48340","post","type-post","status-publish","format-standard","hentry","category-violencia-contra-periodistas-es"],"acf":[],"yoast_head":"<!-- This site is optimized with the Yoast SEO Premium plugin v22.6 (Yoast SEO v27.4) - https:\/\/yoast.com\/product\/yoast-seo-premium-wordpress\/ -->\n<title>Por lo menos 19 periodistas y profesionales de la prensa fueron agredidos en cobertura de encarcelamiento de expresidente Lula - LatAm Journalism Review<\/title>\n<meta name=\"description\" content=\"Por lo menos 19 periodistas y profesionales de la prensa fueron agredidos en cobertura de encarcelamiento de expresidente Lula Violencia contra periodistas. Latin American Journalism Review by The Knight Center at The University of Texas at Austin.\" \/>\n<meta name=\"robots\" content=\"index, follow, max-snippet:-1, max-image-preview:large, max-video-preview:-1\" \/>\n<link rel=\"canonical\" href=\"https:\/\/latamjournalismreview.org\/es\/articles\/por-lo-menos-19-periodistas-y-profesionales-de-la-prensa-fueron-agredidos-en-cobertura-de-encarcelamiento-de-expresidente-lula\/\" \/>\n<meta property=\"og:locale\" content=\"es_ES\" \/>\n<meta property=\"og:type\" content=\"article\" \/>\n<meta property=\"og:title\" content=\"Por lo menos 19 periodistas y profesionales de la prensa fueron agredidos en cobertura de encarcelamiento de expresidente Lula\" \/>\n<meta property=\"og:description\" content=\"Por lo menos 19 periodistas y profesionales de la prensa fueron agredidos en cobertura de encarcelamiento de expresidente Lula Violencia contra periodistas. Latin American Journalism Review by The Knight Center at The University of Texas at Austin.\" \/>\n<meta property=\"og:url\" content=\"https:\/\/latamjournalismreview.org\/es\/articles\/por-lo-menos-19-periodistas-y-profesionales-de-la-prensa-fueron-agredidos-en-cobertura-de-encarcelamiento-de-expresidente-lula\/\" \/>\n<meta property=\"og:site_name\" content=\"LatAm Journalism Review\" \/>\n<meta property=\"article:published_time\" content=\"2018-04-10T17:39:51+00:00\" \/>\n<meta property=\"article:modified_time\" content=\"2022-01-31T17:41:55+00:00\" \/>\n<meta name=\"author\" content=\"Carolina de Assis\" \/>\n<meta name=\"twitter:card\" content=\"summary_large_image\" \/>\n<meta name=\"twitter:creator\" content=\"@LatAmJournalism\" \/>\n<meta name=\"twitter:site\" content=\"@LatAmJournalism\" \/>\n<meta name=\"twitter:label1\" content=\"Written by\" \/>\n\t<meta name=\"twitter:data1\" content=\"Carolina de Assis\" \/>\n\t<meta name=\"twitter:label2\" content=\"Est. reading time\" \/>\n\t<meta name=\"twitter:data2\" content=\"7 minutos\" \/>\n<script type=\"application\/ld+json\" class=\"yoast-schema-graph\">{\"@context\":\"https:\\\/\\\/schema.org\",\"@graph\":[{\"@type\":\"Article\",\"@id\":\"https:\\\/\\\/latamjournalismreview.org\\\/es\\\/articles\\\/por-lo-menos-19-periodistas-y-profesionales-de-la-prensa-fueron-agredidos-en-cobertura-de-encarcelamiento-de-expresidente-lula\\\/#article\",\"isPartOf\":{\"@id\":\"https:\\\/\\\/latamjournalismreview.org\\\/es\\\/articles\\\/por-lo-menos-19-periodistas-y-profesionales-de-la-prensa-fueron-agredidos-en-cobertura-de-encarcelamiento-de-expresidente-lula\\\/\"},\"author\":{\"name\":\"Carolina de Assis\",\"@id\":\"https:\\\/\\\/latamjournalismreview.org\\\/es\\\/#\\\/schema\\\/person\\\/f98b544e2f231a237f39a56cc9a00a9a\"},\"headline\":\"Por lo menos 19 periodistas y profesionales de la prensa fueron agredidos en cobertura de encarcelamiento de expresidente Lula\",\"datePublished\":\"2018-04-10T17:39:51+00:00\",\"dateModified\":\"2022-01-31T17:41:55+00:00\",\"mainEntityOfPage\":{\"@id\":\"https:\\\/\\\/latamjournalismreview.org\\\/es\\\/articles\\\/por-lo-menos-19-periodistas-y-profesionales-de-la-prensa-fueron-agredidos-en-cobertura-de-encarcelamiento-de-expresidente-lula\\\/\"},\"wordCount\":1356,\"publisher\":{\"@id\":\"https:\\\/\\\/latamjournalismreview.org\\\/es\\\/#organization\"},\"articleSection\":[\"Violencia contra periodistas\"],\"inLanguage\":\"es\"},{\"@type\":\"WebPage\",\"@id\":\"https:\\\/\\\/latamjournalismreview.org\\\/es\\\/articles\\\/por-lo-menos-19-periodistas-y-profesionales-de-la-prensa-fueron-agredidos-en-cobertura-de-encarcelamiento-de-expresidente-lula\\\/\",\"url\":\"https:\\\/\\\/latamjournalismreview.org\\\/es\\\/articles\\\/por-lo-menos-19-periodistas-y-profesionales-de-la-prensa-fueron-agredidos-en-cobertura-de-encarcelamiento-de-expresidente-lula\\\/\",\"name\":\"Por lo menos 19 periodistas y profesionales de la prensa fueron agredidos en cobertura de encarcelamiento de expresidente Lula - LatAm Journalism Review\",\"isPartOf\":{\"@id\":\"https:\\\/\\\/latamjournalismreview.org\\\/es\\\/#website\"},\"datePublished\":\"2018-04-10T17:39:51+00:00\",\"dateModified\":\"2022-01-31T17:41:55+00:00\",\"description\":\"Por lo menos 19 periodistas y profesionales de la prensa fueron agredidos en cobertura de encarcelamiento de expresidente Lula Violencia contra periodistas. Latin American Journalism Review by The Knight Center at The University of Texas at Austin.\",\"breadcrumb\":{\"@id\":\"https:\\\/\\\/latamjournalismreview.org\\\/es\\\/articles\\\/por-lo-menos-19-periodistas-y-profesionales-de-la-prensa-fueron-agredidos-en-cobertura-de-encarcelamiento-de-expresidente-lula\\\/#breadcrumb\"},\"inLanguage\":\"es\",\"potentialAction\":[{\"@type\":\"ReadAction\",\"target\":[\"https:\\\/\\\/latamjournalismreview.org\\\/es\\\/articles\\\/por-lo-menos-19-periodistas-y-profesionales-de-la-prensa-fueron-agredidos-en-cobertura-de-encarcelamiento-de-expresidente-lula\\\/\"]}]},{\"@type\":\"BreadcrumbList\",\"@id\":\"https:\\\/\\\/latamjournalismreview.org\\\/es\\\/articles\\\/por-lo-menos-19-periodistas-y-profesionales-de-la-prensa-fueron-agredidos-en-cobertura-de-encarcelamiento-de-expresidente-lula\\\/#breadcrumb\",\"itemListElement\":[{\"@type\":\"ListItem\",\"position\":1,\"name\":\"Home\",\"item\":\"https:\\\/\\\/latamjournalismreview.org\\\/es\\\/\"},{\"@type\":\"ListItem\",\"position\":2,\"name\":\"Por lo menos 19 periodistas y profesionales de la prensa fueron agredidos en cobertura de encarcelamiento de expresidente Lula\"}]},{\"@type\":\"WebSite\",\"@id\":\"https:\\\/\\\/latamjournalismreview.org\\\/es\\\/#website\",\"url\":\"https:\\\/\\\/latamjournalismreview.org\\\/es\\\/\",\"name\":\"LatAm Journalism Review\",\"description\":\"Knight Center at The University of Texas\",\"publisher\":{\"@id\":\"https:\\\/\\\/latamjournalismreview.org\\\/es\\\/#organization\"},\"potentialAction\":[{\"@type\":\"SearchAction\",\"target\":{\"@type\":\"EntryPoint\",\"urlTemplate\":\"https:\\\/\\\/latamjournalismreview.org\\\/es\\\/?s={search_term_string}\"},\"query-input\":{\"@type\":\"PropertyValueSpecification\",\"valueRequired\":true,\"valueName\":\"search_term_string\"}}],\"inLanguage\":\"es\"},{\"@type\":\"Organization\",\"@id\":\"https:\\\/\\\/latamjournalismreview.org\\\/es\\\/#organization\",\"name\":\"LatAm Journalism Review\",\"url\":\"https:\\\/\\\/latamjournalismreview.org\\\/es\\\/\",\"logo\":{\"@type\":\"ImageObject\",\"inLanguage\":\"es\",\"@id\":\"https:\\\/\\\/latamjournalismreview.org\\\/es\\\/#\\\/schema\\\/logo\\\/image\\\/\",\"url\":\"https:\\\/\\\/latamjournalismreview.org\\\/wp-content\\\/uploads\\\/2020\\\/05\\\/knight-latAm-review-logo.svg\",\"contentUrl\":\"https:\\\/\\\/latamjournalismreview.org\\\/wp-content\\\/uploads\\\/2020\\\/05\\\/knight-latAm-review-logo.svg\",\"width\":\"1024\",\"height\":\"1024\",\"caption\":\"LatAm Journalism Review\"},\"image\":{\"@id\":\"https:\\\/\\\/latamjournalismreview.org\\\/es\\\/#\\\/schema\\\/logo\\\/image\\\/\"},\"sameAs\":[\"https:\\\/\\\/x.com\\\/LatAmJournalism\"]},{\"@type\":\"Person\",\"@id\":\"https:\\\/\\\/latamjournalismreview.org\\\/es\\\/#\\\/schema\\\/person\\\/f98b544e2f231a237f39a56cc9a00a9a\",\"name\":\"Carolina de Assis\",\"description\":\"Carolina de Assis is a Brazilian journalist and researcher who lives in Juiz de Fora, MG, Brazil. She holds a master's degree in Women\u2019s and Gender Studies from the GEMMA Programme \u2013 Universit\u00e0 di Bologna (Italy) \\\/ Universiteit Utrecht (The Netherlands) and has worked as an editor at G\u00eanero e N\u00famero, a Brazilian digital magazine focused on data journalism and gender issues. She is especially interested in journalistic initiatives aimed at promoting human rights and gender justice. You can find her on Twitter: @caroldeassis _________ Carolina de Assis es una periodista e investigadora brasile\u00f1a que vive en Juiz de Fora, MG, Brasil . Tiene una maestr\u00eda en Estudios de las Mujeres y de G\u00e9nero del programa GEMMA \u2013 Universit\u00e0 di Bologna (Italia) \\\/ Universiteit Utrecht (Holanda). Trabaj\u00f3 como editora en la revista digital brasile\u00f1a G\u00eanero e N\u00famero. Le interesan especialmente iniciativas period\u00edsticas que tienen el objetivo de promover los derechos humanos y la justicia de g\u00e9nero. Puedes encontrarla en Twitter: @caroldeassis. _______ Carolina de Assis \u00e9 uma jornalista e pesquisadora brasileira que vive em Juiz de Fora (MG). \u00c9 mestra em Estudos da Mulher e de G\u00eanero pelo programa GEMMA \u2013 Universit\u00e0 di Bologna (It\u00e1lia) \\\/ Universiteit Utrecht (Holanda). Trabalhou como editora na revista digital G\u00eanero e N\u00famero e se interessa especialmente por iniciativas jornal\u00edsticas que promovam os direitos humanos e a justi\u00e7a de g\u00eanero. Voc\u00ea pode encontr\u00e1-la no Twitter em @caroldeassis.\",\"url\":\"https:\\\/\\\/latamjournalismreview.org\\\/es\\\/articles\\\/author\\\/carolina-de-assis\\\/\"}]}<\/script>\n<!-- \/ Yoast SEO Premium plugin. -->","yoast_head_json":{"title":"Por lo menos 19 periodistas y profesionales de la prensa fueron agredidos en cobertura de encarcelamiento de expresidente Lula - LatAm Journalism Review","description":"Por lo menos 19 periodistas y profesionales de la prensa fueron agredidos en cobertura de encarcelamiento de expresidente Lula Violencia contra periodistas. Latin American Journalism Review by The Knight Center at The University of Texas at Austin.","robots":{"index":"index","follow":"follow","max-snippet":"max-snippet:-1","max-image-preview":"max-image-preview:large","max-video-preview":"max-video-preview:-1"},"canonical":"https:\/\/latamjournalismreview.org\/es\/articles\/por-lo-menos-19-periodistas-y-profesionales-de-la-prensa-fueron-agredidos-en-cobertura-de-encarcelamiento-de-expresidente-lula\/","og_locale":"es_ES","og_type":"article","og_title":"Por lo menos 19 periodistas y profesionales de la prensa fueron agredidos en cobertura de encarcelamiento de expresidente Lula","og_description":"Por lo menos 19 periodistas y profesionales de la prensa fueron agredidos en cobertura de encarcelamiento de expresidente Lula Violencia contra periodistas. Latin American Journalism Review by The Knight Center at The University of Texas at Austin.","og_url":"https:\/\/latamjournalismreview.org\/es\/articles\/por-lo-menos-19-periodistas-y-profesionales-de-la-prensa-fueron-agredidos-en-cobertura-de-encarcelamiento-de-expresidente-lula\/","og_site_name":"LatAm Journalism Review","article_published_time":"2018-04-10T17:39:51+00:00","article_modified_time":"2022-01-31T17:41:55+00:00","author":"Carolina de Assis","twitter_card":"summary_large_image","twitter_creator":"@LatAmJournalism","twitter_site":"@LatAmJournalism","twitter_misc":{"Written by":"Carolina de Assis","Est. reading time":"7 minutos"},"schema":{"@context":"https:\/\/schema.org","@graph":[{"@type":"Article","@id":"https:\/\/latamjournalismreview.org\/es\/articles\/por-lo-menos-19-periodistas-y-profesionales-de-la-prensa-fueron-agredidos-en-cobertura-de-encarcelamiento-de-expresidente-lula\/#article","isPartOf":{"@id":"https:\/\/latamjournalismreview.org\/es\/articles\/por-lo-menos-19-periodistas-y-profesionales-de-la-prensa-fueron-agredidos-en-cobertura-de-encarcelamiento-de-expresidente-lula\/"},"author":{"name":"Carolina de Assis","@id":"https:\/\/latamjournalismreview.org\/es\/#\/schema\/person\/f98b544e2f231a237f39a56cc9a00a9a"},"headline":"Por lo menos 19 periodistas y profesionales de la prensa fueron agredidos en cobertura de encarcelamiento de expresidente Lula","datePublished":"2018-04-10T17:39:51+00:00","dateModified":"2022-01-31T17:41:55+00:00","mainEntityOfPage":{"@id":"https:\/\/latamjournalismreview.org\/es\/articles\/por-lo-menos-19-periodistas-y-profesionales-de-la-prensa-fueron-agredidos-en-cobertura-de-encarcelamiento-de-expresidente-lula\/"},"wordCount":1356,"publisher":{"@id":"https:\/\/latamjournalismreview.org\/es\/#organization"},"articleSection":["Violencia contra periodistas"],"inLanguage":"es"},{"@type":"WebPage","@id":"https:\/\/latamjournalismreview.org\/es\/articles\/por-lo-menos-19-periodistas-y-profesionales-de-la-prensa-fueron-agredidos-en-cobertura-de-encarcelamiento-de-expresidente-lula\/","url":"https:\/\/latamjournalismreview.org\/es\/articles\/por-lo-menos-19-periodistas-y-profesionales-de-la-prensa-fueron-agredidos-en-cobertura-de-encarcelamiento-de-expresidente-lula\/","name":"Por lo menos 19 periodistas y profesionales de la prensa fueron agredidos en cobertura de encarcelamiento de expresidente Lula - LatAm Journalism Review","isPartOf":{"@id":"https:\/\/latamjournalismreview.org\/es\/#website"},"datePublished":"2018-04-10T17:39:51+00:00","dateModified":"2022-01-31T17:41:55+00:00","description":"Por lo menos 19 periodistas y profesionales de la prensa fueron agredidos en cobertura de encarcelamiento de expresidente Lula Violencia contra periodistas. Latin American Journalism Review by The Knight Center at The University of Texas at Austin.","breadcrumb":{"@id":"https:\/\/latamjournalismreview.org\/es\/articles\/por-lo-menos-19-periodistas-y-profesionales-de-la-prensa-fueron-agredidos-en-cobertura-de-encarcelamiento-de-expresidente-lula\/#breadcrumb"},"inLanguage":"es","potentialAction":[{"@type":"ReadAction","target":["https:\/\/latamjournalismreview.org\/es\/articles\/por-lo-menos-19-periodistas-y-profesionales-de-la-prensa-fueron-agredidos-en-cobertura-de-encarcelamiento-de-expresidente-lula\/"]}]},{"@type":"BreadcrumbList","@id":"https:\/\/latamjournalismreview.org\/es\/articles\/por-lo-menos-19-periodistas-y-profesionales-de-la-prensa-fueron-agredidos-en-cobertura-de-encarcelamiento-de-expresidente-lula\/#breadcrumb","itemListElement":[{"@type":"ListItem","position":1,"name":"Home","item":"https:\/\/latamjournalismreview.org\/es\/"},{"@type":"ListItem","position":2,"name":"Por lo menos 19 periodistas y profesionales de la prensa fueron agredidos en cobertura de encarcelamiento de expresidente Lula"}]},{"@type":"WebSite","@id":"https:\/\/latamjournalismreview.org\/es\/#website","url":"https:\/\/latamjournalismreview.org\/es\/","name":"LatAm Journalism Review","description":"Knight Center at The University of Texas","publisher":{"@id":"https:\/\/latamjournalismreview.org\/es\/#organization"},"potentialAction":[{"@type":"SearchAction","target":{"@type":"EntryPoint","urlTemplate":"https:\/\/latamjournalismreview.org\/es\/?s={search_term_string}"},"query-input":{"@type":"PropertyValueSpecification","valueRequired":true,"valueName":"search_term_string"}}],"inLanguage":"es"},{"@type":"Organization","@id":"https:\/\/latamjournalismreview.org\/es\/#organization","name":"LatAm Journalism Review","url":"https:\/\/latamjournalismreview.org\/es\/","logo":{"@type":"ImageObject","inLanguage":"es","@id":"https:\/\/latamjournalismreview.org\/es\/#\/schema\/logo\/image\/","url":"https:\/\/latamjournalismreview.org\/wp-content\/uploads\/2020\/05\/knight-latAm-review-logo.svg","contentUrl":"https:\/\/latamjournalismreview.org\/wp-content\/uploads\/2020\/05\/knight-latAm-review-logo.svg","width":"1024","height":"1024","caption":"LatAm Journalism Review"},"image":{"@id":"https:\/\/latamjournalismreview.org\/es\/#\/schema\/logo\/image\/"},"sameAs":["https:\/\/x.com\/LatAmJournalism"]},{"@type":"Person","@id":"https:\/\/latamjournalismreview.org\/es\/#\/schema\/person\/f98b544e2f231a237f39a56cc9a00a9a","name":"Carolina de Assis","description":"Carolina de Assis is a Brazilian journalist and researcher who lives in Juiz de Fora, MG, Brazil. She holds a master's degree in Women\u2019s and Gender Studies from the GEMMA Programme \u2013 Universit\u00e0 di Bologna (Italy) \/ Universiteit Utrecht (The Netherlands) and has worked as an editor at G\u00eanero e N\u00famero, a Brazilian digital magazine focused on data journalism and gender issues. She is especially interested in journalistic initiatives aimed at promoting human rights and gender justice. You can find her on Twitter: @caroldeassis _________ Carolina de Assis es una periodista e investigadora brasile\u00f1a que vive en Juiz de Fora, MG, Brasil . Tiene una maestr\u00eda en Estudios de las Mujeres y de G\u00e9nero del programa GEMMA \u2013 Universit\u00e0 di Bologna (Italia) \/ Universiteit Utrecht (Holanda). Trabaj\u00f3 como editora en la revista digital brasile\u00f1a G\u00eanero e N\u00famero. Le interesan especialmente iniciativas period\u00edsticas que tienen el objetivo de promover los derechos humanos y la justicia de g\u00e9nero. Puedes encontrarla en Twitter: @caroldeassis. _______ Carolina de Assis \u00e9 uma jornalista e pesquisadora brasileira que vive em Juiz de Fora (MG). \u00c9 mestra em Estudos da Mulher e de G\u00eanero pelo programa GEMMA \u2013 Universit\u00e0 di Bologna (It\u00e1lia) \/ Universiteit Utrecht (Holanda). Trabalhou como editora na revista digital G\u00eanero e N\u00famero e se interessa especialmente por iniciativas jornal\u00edsticas que promovam os direitos humanos e a justi\u00e7a de g\u00eanero. Voc\u00ea pode encontr\u00e1-la no Twitter em @caroldeassis.","url":"https:\/\/latamjournalismreview.org\/es\/articles\/author\/carolina-de-assis\/"}]}},"_links":{"self":[{"href":"https:\/\/latamjournalismreview.org\/es\/wp-json\/wp\/v2\/posts\/48340","targetHints":{"allow":["GET"]}}],"collection":[{"href":"https:\/\/latamjournalismreview.org\/es\/wp-json\/wp\/v2\/posts"}],"about":[{"href":"https:\/\/latamjournalismreview.org\/es\/wp-json\/wp\/v2\/types\/post"}],"author":[{"embeddable":true,"href":"https:\/\/latamjournalismreview.org\/es\/wp-json\/wp\/v2\/users\/16"}],"replies":[{"embeddable":true,"href":"https:\/\/latamjournalismreview.org\/es\/wp-json\/wp\/v2\/comments?post=48340"}],"version-history":[{"count":1,"href":"https:\/\/latamjournalismreview.org\/es\/wp-json\/wp\/v2\/posts\/48340\/revisions"}],"predecessor-version":[{"id":48342,"href":"https:\/\/latamjournalismreview.org\/es\/wp-json\/wp\/v2\/posts\/48340\/revisions\/48342"}],"wp:attachment":[{"href":"https:\/\/latamjournalismreview.org\/es\/wp-json\/wp\/v2\/media?parent=48340"}],"wp:term":[{"taxonomy":"category","embeddable":true,"href":"https:\/\/latamjournalismreview.org\/es\/wp-json\/wp\/v2\/categories?post=48340"},{"taxonomy":"post_tag","embeddable":true,"href":"https:\/\/latamjournalismreview.org\/es\/wp-json\/wp\/v2\/tags?post=48340"},{"taxonomy":"author","embeddable":true,"href":"https:\/\/latamjournalismreview.org\/es\/wp-json\/wp\/v2\/coauthors?post=48340"}],"curies":[{"name":"wp","href":"https:\/\/api.w.org\/{rel}","templated":true}]}}