{"id":48409,"date":"2018-05-23T14:50:54","date_gmt":"2018-05-23T19:50:54","guid":{"rendered":"https:\/\/latamjournalismreview.org\/?p=48409"},"modified":"2022-01-31T14:51:50","modified_gmt":"2022-01-31T19:51:50","slug":"organizaciones-de-colombia-y-mexico-crean-iniciativas-que-hacen-rendir-cuentas-a-candidatos-en-su-trato-con-la-prensa","status":"publish","type":"post","link":"https:\/\/latamjournalismreview.org\/es\/articles\/organizaciones-de-colombia-y-mexico-crean-iniciativas-que-hacen-rendir-cuentas-a-candidatos-en-su-trato-con-la-prensa\/","title":{"rendered":"Organizaciones de Colombia y M\u00e9xico crean iniciativas que hacen rendir cuentas a candidatos en su trato con la prensa"},"content":{"rendered":"<p>Si bien el periodismo latinoamericano se prepara para cubrir las campa\u00f1as electorales de los pr\u00f3ximos meses en la regi\u00f3n, tiene que lidiar con candidatos y ciudadanos hostiles, incluyendo a los que arremeten\u00a0verbalmente contra los periodistas con el objetivo de interferir con su trabajo.<\/p>\n<p>Mientras que reporteros, fot\u00f3grafos y editores cubren las elecciones en m\u00edtines de campa\u00f1a y centros de votaci\u00f3n, organizaciones de libertad de expresi\u00f3n y a favor del periodismo monitorean los ataques a la prensa creando iniciativas para promover la rendici\u00f3n de cuentas entre los candidatos.<\/p>\n<p>Desde que comenz\u00f3 el a\u00f1o 2018 en Colombia, hacia las elecciones legislativas del mes de marzo y posteriormente con miras a las presidenciales que tendr\u00e1n\u00a0<a href=\"http:\/\/www.washingtonpost.com\/world\/the_americas\/for-years-colombia-battled-leftist-guerrillas-now-one-is-a-top-presidential-candidate\/2018\/05\/22\/d71ba5fc-5909-11e8-9889-07bcc1327f4b_story.html?utm_term=.a19f49622c04\" target=\"_blank\" rel=\"noopener\">lugar el 27 de mayo<\/a>, los candidatos han ido endureciendo sus discursos y sus campa\u00f1as pol\u00edticas contra la prensa, seg\u00fan identific\u00f3 la Fundaci\u00f3n para la Libertad de Prensa (FLIP) de Colombia.<\/p>\n<p>Los candidatos \u201ciniciaron una serie de comentarios o lanzaron afirmaciones que pod\u00edan f\u00e1cilmente pasar de ser cr\u00edticas v\u00e1lidas a ser violaciones al deber de los funcionarios p\u00fablicos de mantener un discurso favorable a la libertad de expresi\u00f3n\u201d, dijo Sebasti\u00e1n Salamanca, abogado y coordinador del \u00e1rea de atenci\u00f3n y defensa a periodistas de la FLIP, al\u00a0<strong>Centro Knight<\/strong>. \u201cEntonces pensamos en que necesit\u00e1bamos dar respuesta a esto a distintos niveles\u201d, explic\u00f3.<\/p>\n<p>En ese sentido, desde comienzos de este a\u00f1o la FLIP lanz\u00f3 su campa\u00f1a\u00a0<a href=\"https:\/\/flip.org.co\/index.php\/en\/informacion\/pronunciamientos\/itemlist\/tag\/Agresi%C3%B3n%20a%20la%20prensa\" target=\"_blank\" rel=\"noopener\">#VotoInformado<\/a>\u00a0en redes sociales, principalmente en Twitter, con el objetivo de que haya un discurso articulado y respetuoso por parte de candidatos, periodistas y ciudadan\u00eda en defensa de la libertad de expresi\u00f3n en el contexto de elecciones.<\/p>\n<p>\u201cLo que notamos, sobre todo en materia de elecciones al Congreso, es que algunos candidatos comenzaron a utilizar como estrategia de campa\u00f1a el atacar a medios que les eran cr\u00edticos. Nos tomamos el trabajo de documentar cada una de estas afirmaciones que hac\u00edan pol\u00edticos o candidatos a cargo de elecci\u00f3n popular\u201d, cont\u00f3 Salamanca.<\/p>\n<p>Como parte de la campa\u00f1a #VotoInformado, dijo Salamanca, la FLIP envi\u00f3 cartas a los candidatos que lanzaron afirmaciones falsas o que incitaban a la violencia contra alg\u00fan medio o periodista en particular, para explicarles por qu\u00e9 lo dicho era violatorio de los est\u00e1ndares internacionales en materia de libertad de expresi\u00f3n y cu\u00e1n importante era rectificarse o aclarar p\u00fablicamente lo dicho.<\/p>\n<p>\u201cLa parte del trabajo oculto de la campa\u00f1a es hablar con los candidatos directamente, o enviarle cartas o intercambiar comunicaciones con los\u00a0<em>community managers<\/em>\u00a0de los candidatos para lograr moderar sus discursos\u201d, dijo Salamanca. Durante la campa\u00f1a para las elecciones legislativas, #VotoInformado logr\u00f3 bajar el tono de lo dicho en redes sociales por parte de los candidatos, lo cual destacan como un resultado positivo de su campa\u00f1a, de acuerdo con Salamanca.<\/p>\n<p>Desde principios de febrero hasta comienzos de mayo de este a\u00f1o, la FLIP ha documentado 18 ataques de los candidatos a la presidencia en contra de la prensa. Esto lo midieron con un \u00edndice de censura llamado \u201ccensur\u00f3metro\u201d que forma parte de su campa\u00f1a por un voto informado.<\/p>\n<p>La mayor\u00eda de estos ataques contra la prensa han sido protagonizados por el expresidente colombiano \u00c1lvaro Uribe. Asimismo, a trav\u00e9s de su campa\u00f1a, la FLIP\u00a0<a href=\"https:\/\/twitter.com\/FLIP_org\/status\/963498442277474306?s=20\" target=\"_blank\" rel=\"noopener\">pidi\u00f3 una rectificaci\u00f3n p\u00fablica en Twitter<\/a>\u00a0al candidato de ultraderecha Alejandro Ord\u00f3\u00f1ez, quien\u00a0<a href=\"https:\/\/www.semana.com\/Item\/ArticleAsync\/556973\" target=\"_blank\" rel=\"noopener\">acus\u00f3 de ser miembro de las FARC al columnista\u00a0Ramiro Bejarano<\/a>\u00a0quien public\u00f3 una columna de opini\u00f3n cr\u00edtica sobre el candidato.<\/p>\n<p>La intenci\u00f3n de la campa\u00f1a es elevar el costo pol\u00edtico de los comentarios de pol\u00edticos y candidatos que buscan atacar a la prensa recurriendo a la desinformaci\u00f3n. \u201cEn los casos m\u00e1s graves, hemos presentado denuncias formales ante la Procuradur\u00eda pidiendo rectificaciones p\u00fablicas sobre sus afirmaciones falsas. Es un mecanismo democr\u00e1tico, se trata de aclarar los se\u00f1alamientos cuando son falsos\u201d, dijo Salamanca.<\/p>\n<p>En el caso de M\u00e9xico, cuyas\u00a0<a href=\"http:\/\/www.reuters.com\/article\/us-mexico-election-exclusive\/exclusive-mexico-leftists-wide-lead-narrows-as-election-nears-idUSKBN1I40BH\" target=\"_blank\" rel=\"noopener\">elecciones presidenciales tendr\u00e1n lugar el 1 de julio\u00a0<\/a>de este a\u00f1o, la campa\u00f1a electoral ya empez\u00f3 a calentarse.<\/p>\n<p>La organizaci\u00f3n defensora de la libertad de expresi\u00f3n e informaci\u00f3n Art\u00edculo 19 de M\u00e9xico est\u00e1 participando actualmente en dos proyectos que buscan fomentar un ambiente de mayor transparencia entre los candidatos y la opini\u00f3n p\u00fablica durante los meses de campa\u00f1a electoral.<\/p>\n<p>Uno es\u00a0<a href=\"https:\/\/mexicosinmiedo2018.mx\/\" target=\"_blank\" rel=\"noopener\">#M\u00e9xicoSinMiedo2018<\/a>, que realiza en conjunto con Amnist\u00eda Internacional. Se trata de una plataforma de monitoreo de los mensajes publicados en Twitter por los candidatos respecto de cuatro temas de derechos humanos: violencia contra la prensa, violencia de g\u00e9nero, desaparici\u00f3n forzada y detenciones arbitrarias.<\/p>\n<p>Lo que esta plataforma tambi\u00e9n busca fomentar es la interacci\u00f3n entre los candidatos y los usuarios de Twitter para entablar un di\u00e1logo que los comprometa\u00a0p\u00fablicamente a presentar propuestas concretas que ayuden a resolver los problemas del pa\u00eds, seg\u00fan coment\u00f3 Juan V\u00e1zquez de Art\u00edculo 19 de M\u00e9xico al\u00a0<strong>Centro Knight<\/strong>, v\u00eda correo electr\u00f3nico.<\/p>\n<p>Siendo M\u00e9xico el pa\u00eds m\u00e1s peligroso para periodistas en el hemisferio occidental, la campa\u00f1a hace un llamado a las propuestas de los candidatos para que los periodistas puedan \u201ctrabajar sin miedo\u201d.<\/p>\n<p>En ese sentido, el segundo proyecto en el que participa Art\u00edculo 19 es Red Rompe el Miedo, que realiza en\u00a0coordinaci\u00f3n con las organizaciones R3D y Data C\u00edvica. La red ya est\u00e1 activa y su cobertura ser\u00e1 a nivel nacional, coment\u00f3 V\u00e1zquez.<\/p>\n<p>Lo que esta red busca es\u00a0<a href=\"https:\/\/mexico.quadratin.com.mx\/buscan-romper-el-miedo-y-denunciar-violencia-durante-elecciones\/\" target=\"_blank\" rel=\"noopener\">monitorear y vigilar el proceso electoral para impedir que haya agresiones y violaciones a los derechos humanos de periodistas<\/a>, activistas y ciudadanos. Su objetivo concretamente es documentar, vigilar, hacer seguimiento de los casos de agresiones o amenazas que registren durante la \u00e9poca de elecciones presidenciales y denunciarlos ante las autoridades, seg\u00fan explicaron las organizaciones part\u00edcipes del proyecto en una conferencia de prensa dada en abril de este a\u00f1o.<\/p>\n<p><em>Nota del editor: Esta historia fue publicada originalmente en el blog Periodismo en las Am\u00e9ricas del Centro Knight, el predecesor de LatAm Journalism Review.<\/em><\/p>\n","protected":false},"excerpt":{"rendered":"<p>Si bien el periodismo latinoamericano se prepara para cubrir las campa\u00f1as electorales de los pr\u00f3ximos meses en la regi\u00f3n, tiene que lidiar con candidatos y ciudadanos hostiles, incluyendo a los que arremeten\u00a0verbalmente contra los periodistas con el objetivo de interferir con su trabajo.\u00a0<\/p>\n","protected":false},"author":4,"featured_media":0,"comment_status":"closed","ping_status":"closed","sticky":false,"template":"","format":"standard","meta":{"inline_featured_image":false,"footnotes":""},"categories":[1227],"tags":[1395,1545,1393],"coauthors":[],"class_list":["post-48409","post","type-post","status-publish","format-standard","hentry","category-acceso-a-la-informacion-es","tag-colombia-es-2","tag-elecciones-es","tag-mexico-es"],"acf":[],"yoast_head":"<!-- This site is optimized with the Yoast SEO Premium plugin v22.6 (Yoast SEO v27.4) - https:\/\/yoast.com\/product\/yoast-seo-premium-wordpress\/ -->\n<title>Organizaciones de Colombia y M\u00e9xico crean iniciativas que hacen rendir cuentas a candidatos en su trato con la prensa - LatAm Journalism Review<\/title>\n<meta name=\"description\" content=\"Organizaciones de Colombia y M\u00e9xico crean iniciativas que hacen rendir cuentas a candidatos en su trato con la prensa Acceso a la Informaci\u00f3n. Latin American Journalism Review by The Knight Center at The University of Texas at Austin.\" \/>\n<meta name=\"robots\" content=\"index, follow, max-snippet:-1, max-image-preview:large, max-video-preview:-1\" \/>\n<link rel=\"canonical\" href=\"https:\/\/latamjournalismreview.org\/es\/articles\/organizaciones-de-colombia-y-mexico-crean-iniciativas-que-hacen-rendir-cuentas-a-candidatos-en-su-trato-con-la-prensa\/\" \/>\n<meta property=\"og:locale\" content=\"es_ES\" \/>\n<meta property=\"og:type\" content=\"article\" \/>\n<meta property=\"og:title\" content=\"Organizaciones de Colombia y M\u00e9xico crean iniciativas que hacen rendir cuentas a candidatos en su trato con la prensa\" \/>\n<meta property=\"og:description\" content=\"Organizaciones de Colombia y M\u00e9xico crean iniciativas que hacen rendir cuentas a candidatos en su trato con la prensa Acceso a la Informaci\u00f3n. Latin American Journalism Review by The Knight Center at The University of Texas at Austin.\" \/>\n<meta property=\"og:url\" content=\"https:\/\/latamjournalismreview.org\/es\/articles\/organizaciones-de-colombia-y-mexico-crean-iniciativas-que-hacen-rendir-cuentas-a-candidatos-en-su-trato-con-la-prensa\/\" \/>\n<meta property=\"og:site_name\" content=\"LatAm Journalism Review\" \/>\n<meta property=\"article:published_time\" content=\"2018-05-23T19:50:54+00:00\" \/>\n<meta property=\"article:modified_time\" content=\"2022-01-31T19:51:50+00:00\" \/>\n<meta name=\"author\" content=\"Paola Nalvarte\" \/>\n<meta name=\"twitter:card\" content=\"summary_large_image\" \/>\n<meta name=\"twitter:creator\" content=\"@paolanalvarte\" \/>\n<meta name=\"twitter:site\" content=\"@LatAmJournalism\" \/>\n<meta name=\"twitter:label1\" content=\"Written by\" \/>\n\t<meta name=\"twitter:data1\" content=\"Paola Nalvarte\" \/>\n\t<meta name=\"twitter:label2\" content=\"Est. reading time\" \/>\n\t<meta name=\"twitter:data2\" content=\"5 minutos\" \/>\n<script type=\"application\/ld+json\" class=\"yoast-schema-graph\">{\"@context\":\"https:\\\/\\\/schema.org\",\"@graph\":[{\"@type\":\"Article\",\"@id\":\"https:\\\/\\\/latamjournalismreview.org\\\/es\\\/articles\\\/organizaciones-de-colombia-y-mexico-crean-iniciativas-que-hacen-rendir-cuentas-a-candidatos-en-su-trato-con-la-prensa\\\/#article\",\"isPartOf\":{\"@id\":\"https:\\\/\\\/latamjournalismreview.org\\\/es\\\/articles\\\/organizaciones-de-colombia-y-mexico-crean-iniciativas-que-hacen-rendir-cuentas-a-candidatos-en-su-trato-con-la-prensa\\\/\"},\"author\":{\"name\":\"Paola Nalvarte\",\"@id\":\"https:\\\/\\\/latamjournalismreview.org\\\/es\\\/#\\\/schema\\\/person\\\/d0b9fa850ef1b6f56bb445e52f29f63f\"},\"headline\":\"Organizaciones de Colombia y M\u00e9xico crean iniciativas que hacen rendir cuentas a candidatos en su trato con la prensa\",\"datePublished\":\"2018-05-23T19:50:54+00:00\",\"dateModified\":\"2022-01-31T19:51:50+00:00\",\"mainEntityOfPage\":{\"@id\":\"https:\\\/\\\/latamjournalismreview.org\\\/es\\\/articles\\\/organizaciones-de-colombia-y-mexico-crean-iniciativas-que-hacen-rendir-cuentas-a-candidatos-en-su-trato-con-la-prensa\\\/\"},\"wordCount\":1066,\"publisher\":{\"@id\":\"https:\\\/\\\/latamjournalismreview.org\\\/es\\\/#organization\"},\"keywords\":[\"Colombia\",\"Elecciones\",\"M\u00e9xico\"],\"articleSection\":[\"Acceso a la Informaci\u00f3n\"],\"inLanguage\":\"es\"},{\"@type\":\"WebPage\",\"@id\":\"https:\\\/\\\/latamjournalismreview.org\\\/es\\\/articles\\\/organizaciones-de-colombia-y-mexico-crean-iniciativas-que-hacen-rendir-cuentas-a-candidatos-en-su-trato-con-la-prensa\\\/\",\"url\":\"https:\\\/\\\/latamjournalismreview.org\\\/es\\\/articles\\\/organizaciones-de-colombia-y-mexico-crean-iniciativas-que-hacen-rendir-cuentas-a-candidatos-en-su-trato-con-la-prensa\\\/\",\"name\":\"Organizaciones de Colombia y M\u00e9xico crean iniciativas que hacen rendir cuentas a candidatos en su trato con la prensa - LatAm Journalism Review\",\"isPartOf\":{\"@id\":\"https:\\\/\\\/latamjournalismreview.org\\\/es\\\/#website\"},\"datePublished\":\"2018-05-23T19:50:54+00:00\",\"dateModified\":\"2022-01-31T19:51:50+00:00\",\"description\":\"Organizaciones de Colombia y M\u00e9xico crean iniciativas que hacen rendir cuentas a candidatos en su trato con la prensa Acceso a la Informaci\u00f3n. Latin American Journalism Review by The Knight Center at The University of Texas at Austin.\",\"breadcrumb\":{\"@id\":\"https:\\\/\\\/latamjournalismreview.org\\\/es\\\/articles\\\/organizaciones-de-colombia-y-mexico-crean-iniciativas-que-hacen-rendir-cuentas-a-candidatos-en-su-trato-con-la-prensa\\\/#breadcrumb\"},\"inLanguage\":\"es\",\"potentialAction\":[{\"@type\":\"ReadAction\",\"target\":[\"https:\\\/\\\/latamjournalismreview.org\\\/es\\\/articles\\\/organizaciones-de-colombia-y-mexico-crean-iniciativas-que-hacen-rendir-cuentas-a-candidatos-en-su-trato-con-la-prensa\\\/\"]}]},{\"@type\":\"BreadcrumbList\",\"@id\":\"https:\\\/\\\/latamjournalismreview.org\\\/es\\\/articles\\\/organizaciones-de-colombia-y-mexico-crean-iniciativas-que-hacen-rendir-cuentas-a-candidatos-en-su-trato-con-la-prensa\\\/#breadcrumb\",\"itemListElement\":[{\"@type\":\"ListItem\",\"position\":1,\"name\":\"Home\",\"item\":\"https:\\\/\\\/latamjournalismreview.org\\\/es\\\/\"},{\"@type\":\"ListItem\",\"position\":2,\"name\":\"Organizaciones de Colombia y M\u00e9xico crean iniciativas que hacen rendir cuentas a candidatos en su trato con la prensa\"}]},{\"@type\":\"WebSite\",\"@id\":\"https:\\\/\\\/latamjournalismreview.org\\\/es\\\/#website\",\"url\":\"https:\\\/\\\/latamjournalismreview.org\\\/es\\\/\",\"name\":\"LatAm Journalism Review\",\"description\":\"Knight Center at The University of Texas\",\"publisher\":{\"@id\":\"https:\\\/\\\/latamjournalismreview.org\\\/es\\\/#organization\"},\"potentialAction\":[{\"@type\":\"SearchAction\",\"target\":{\"@type\":\"EntryPoint\",\"urlTemplate\":\"https:\\\/\\\/latamjournalismreview.org\\\/es\\\/?s={search_term_string}\"},\"query-input\":{\"@type\":\"PropertyValueSpecification\",\"valueRequired\":true,\"valueName\":\"search_term_string\"}}],\"inLanguage\":\"es\"},{\"@type\":\"Organization\",\"@id\":\"https:\\\/\\\/latamjournalismreview.org\\\/es\\\/#organization\",\"name\":\"LatAm Journalism Review\",\"url\":\"https:\\\/\\\/latamjournalismreview.org\\\/es\\\/\",\"logo\":{\"@type\":\"ImageObject\",\"inLanguage\":\"es\",\"@id\":\"https:\\\/\\\/latamjournalismreview.org\\\/es\\\/#\\\/schema\\\/logo\\\/image\\\/\",\"url\":\"https:\\\/\\\/latamjournalismreview.org\\\/wp-content\\\/uploads\\\/2020\\\/05\\\/knight-latAm-review-logo.svg\",\"contentUrl\":\"https:\\\/\\\/latamjournalismreview.org\\\/wp-content\\\/uploads\\\/2020\\\/05\\\/knight-latAm-review-logo.svg\",\"width\":\"1024\",\"height\":\"1024\",\"caption\":\"LatAm Journalism Review\"},\"image\":{\"@id\":\"https:\\\/\\\/latamjournalismreview.org\\\/es\\\/#\\\/schema\\\/logo\\\/image\\\/\"},\"sameAs\":[\"https:\\\/\\\/x.com\\\/LatAmJournalism\"]},{\"@type\":\"Person\",\"@id\":\"https:\\\/\\\/latamjournalismreview.org\\\/es\\\/#\\\/schema\\\/person\\\/d0b9fa850ef1b6f56bb445e52f29f63f\",\"name\":\"Paola Nalvarte\",\"description\":\"Paola Nalvarte is a Peruvian journalist and documentary photographer living in Austin, Texas. She focuses on covering and writing about the Andes region. In Peru, Paola worked in the Lima office of the Italian news agency ANSA, on the economic news desk of the daily Expreso, and for ten years she has been working on different editorial projects doing picture editing and research for one of the oldest Spanish-language papers in the world, the Peruvian newspaper El Comercio. She also enjoyed writing for the newspaper weekly magazine Somos. Paola Nalvarte es una periodista y fot\u00f3grafa documental peruana que vive en Austin, Texas. El foco de inter\u00e9s de su cobertura noticiosa es la regi\u00f3n andina. En Per\u00fa, Paola trabaj\u00f3 en la oficina de Lima de la agencia italiana de noticias ANSA, en la secci\u00f3n de econom\u00eda del diario Expreso y por diez a\u00f1os hizo investigaci\u00f3n fotogr\u00e1fica y edici\u00f3n de fotograf\u00eda editorial en el diario decano de la prensa peruana, El Comercio. Tambi\u00e9n escribi\u00f3 para Somos, la revista semanal del mismo diario\u200b, art\u00edculos sobre medio ambiente y cultura. Paola Nalvarte \u00e9 uma jornalista peruana e fot\u00f3grafa documentarista que vive em Austin, Texas. O foco de interesse da sua cobertura jornal\u00edstica \u00e9 a regi\u00e3o andina. No Peru, Paola trabalhou no escrit\u00f3rio de Lima da ag\u00eancia de not\u00edcias italiana ANSA, na se\u00e7\u00e3o de economia do jornal Expreso e, por dez anos, fez pesquisa fotogr\u00e1fica e edi\u00e7\u00e3o de fotografia editorial para um dos jornais em espanhol mais antigos do mundo, o jornal peruano El Comercio. Ela tamb\u00e9m escreveu artigos de meio ambiente e cultura para a Somos, a revista semanal do mesmo jornal.\",\"sameAs\":[\"https:\\\/\\\/x.com\\\/paolanalvarte\"],\"url\":\"https:\\\/\\\/latamjournalismreview.org\\\/es\\\/articles\\\/author\\\/paola-nalvarte\\\/\"}]}<\/script>\n<!-- \/ Yoast SEO Premium plugin. -->","yoast_head_json":{"title":"Organizaciones de Colombia y M\u00e9xico crean iniciativas que hacen rendir cuentas a candidatos en su trato con la prensa - LatAm Journalism Review","description":"Organizaciones de Colombia y M\u00e9xico crean iniciativas que hacen rendir cuentas a candidatos en su trato con la prensa Acceso a la Informaci\u00f3n. Latin American Journalism Review by The Knight Center at The University of Texas at Austin.","robots":{"index":"index","follow":"follow","max-snippet":"max-snippet:-1","max-image-preview":"max-image-preview:large","max-video-preview":"max-video-preview:-1"},"canonical":"https:\/\/latamjournalismreview.org\/es\/articles\/organizaciones-de-colombia-y-mexico-crean-iniciativas-que-hacen-rendir-cuentas-a-candidatos-en-su-trato-con-la-prensa\/","og_locale":"es_ES","og_type":"article","og_title":"Organizaciones de Colombia y M\u00e9xico crean iniciativas que hacen rendir cuentas a candidatos en su trato con la prensa","og_description":"Organizaciones de Colombia y M\u00e9xico crean iniciativas que hacen rendir cuentas a candidatos en su trato con la prensa Acceso a la Informaci\u00f3n. Latin American Journalism Review by The Knight Center at The University of Texas at Austin.","og_url":"https:\/\/latamjournalismreview.org\/es\/articles\/organizaciones-de-colombia-y-mexico-crean-iniciativas-que-hacen-rendir-cuentas-a-candidatos-en-su-trato-con-la-prensa\/","og_site_name":"LatAm Journalism Review","article_published_time":"2018-05-23T19:50:54+00:00","article_modified_time":"2022-01-31T19:51:50+00:00","author":"Paola Nalvarte","twitter_card":"summary_large_image","twitter_creator":"@paolanalvarte","twitter_site":"@LatAmJournalism","twitter_misc":{"Written by":"Paola Nalvarte","Est. reading time":"5 minutos"},"schema":{"@context":"https:\/\/schema.org","@graph":[{"@type":"Article","@id":"https:\/\/latamjournalismreview.org\/es\/articles\/organizaciones-de-colombia-y-mexico-crean-iniciativas-que-hacen-rendir-cuentas-a-candidatos-en-su-trato-con-la-prensa\/#article","isPartOf":{"@id":"https:\/\/latamjournalismreview.org\/es\/articles\/organizaciones-de-colombia-y-mexico-crean-iniciativas-que-hacen-rendir-cuentas-a-candidatos-en-su-trato-con-la-prensa\/"},"author":{"name":"Paola Nalvarte","@id":"https:\/\/latamjournalismreview.org\/es\/#\/schema\/person\/d0b9fa850ef1b6f56bb445e52f29f63f"},"headline":"Organizaciones de Colombia y M\u00e9xico crean iniciativas que hacen rendir cuentas a candidatos en su trato con la prensa","datePublished":"2018-05-23T19:50:54+00:00","dateModified":"2022-01-31T19:51:50+00:00","mainEntityOfPage":{"@id":"https:\/\/latamjournalismreview.org\/es\/articles\/organizaciones-de-colombia-y-mexico-crean-iniciativas-que-hacen-rendir-cuentas-a-candidatos-en-su-trato-con-la-prensa\/"},"wordCount":1066,"publisher":{"@id":"https:\/\/latamjournalismreview.org\/es\/#organization"},"keywords":["Colombia","Elecciones","M\u00e9xico"],"articleSection":["Acceso a la Informaci\u00f3n"],"inLanguage":"es"},{"@type":"WebPage","@id":"https:\/\/latamjournalismreview.org\/es\/articles\/organizaciones-de-colombia-y-mexico-crean-iniciativas-que-hacen-rendir-cuentas-a-candidatos-en-su-trato-con-la-prensa\/","url":"https:\/\/latamjournalismreview.org\/es\/articles\/organizaciones-de-colombia-y-mexico-crean-iniciativas-que-hacen-rendir-cuentas-a-candidatos-en-su-trato-con-la-prensa\/","name":"Organizaciones de Colombia y M\u00e9xico crean iniciativas que hacen rendir cuentas a candidatos en su trato con la prensa - LatAm Journalism Review","isPartOf":{"@id":"https:\/\/latamjournalismreview.org\/es\/#website"},"datePublished":"2018-05-23T19:50:54+00:00","dateModified":"2022-01-31T19:51:50+00:00","description":"Organizaciones de Colombia y M\u00e9xico crean iniciativas que hacen rendir cuentas a candidatos en su trato con la prensa Acceso a la Informaci\u00f3n. Latin American Journalism Review by The Knight Center at The University of Texas at Austin.","breadcrumb":{"@id":"https:\/\/latamjournalismreview.org\/es\/articles\/organizaciones-de-colombia-y-mexico-crean-iniciativas-que-hacen-rendir-cuentas-a-candidatos-en-su-trato-con-la-prensa\/#breadcrumb"},"inLanguage":"es","potentialAction":[{"@type":"ReadAction","target":["https:\/\/latamjournalismreview.org\/es\/articles\/organizaciones-de-colombia-y-mexico-crean-iniciativas-que-hacen-rendir-cuentas-a-candidatos-en-su-trato-con-la-prensa\/"]}]},{"@type":"BreadcrumbList","@id":"https:\/\/latamjournalismreview.org\/es\/articles\/organizaciones-de-colombia-y-mexico-crean-iniciativas-que-hacen-rendir-cuentas-a-candidatos-en-su-trato-con-la-prensa\/#breadcrumb","itemListElement":[{"@type":"ListItem","position":1,"name":"Home","item":"https:\/\/latamjournalismreview.org\/es\/"},{"@type":"ListItem","position":2,"name":"Organizaciones de Colombia y M\u00e9xico crean iniciativas que hacen rendir cuentas a candidatos en su trato con la prensa"}]},{"@type":"WebSite","@id":"https:\/\/latamjournalismreview.org\/es\/#website","url":"https:\/\/latamjournalismreview.org\/es\/","name":"LatAm Journalism Review","description":"Knight Center at The University of Texas","publisher":{"@id":"https:\/\/latamjournalismreview.org\/es\/#organization"},"potentialAction":[{"@type":"SearchAction","target":{"@type":"EntryPoint","urlTemplate":"https:\/\/latamjournalismreview.org\/es\/?s={search_term_string}"},"query-input":{"@type":"PropertyValueSpecification","valueRequired":true,"valueName":"search_term_string"}}],"inLanguage":"es"},{"@type":"Organization","@id":"https:\/\/latamjournalismreview.org\/es\/#organization","name":"LatAm Journalism Review","url":"https:\/\/latamjournalismreview.org\/es\/","logo":{"@type":"ImageObject","inLanguage":"es","@id":"https:\/\/latamjournalismreview.org\/es\/#\/schema\/logo\/image\/","url":"https:\/\/latamjournalismreview.org\/wp-content\/uploads\/2020\/05\/knight-latAm-review-logo.svg","contentUrl":"https:\/\/latamjournalismreview.org\/wp-content\/uploads\/2020\/05\/knight-latAm-review-logo.svg","width":"1024","height":"1024","caption":"LatAm Journalism Review"},"image":{"@id":"https:\/\/latamjournalismreview.org\/es\/#\/schema\/logo\/image\/"},"sameAs":["https:\/\/x.com\/LatAmJournalism"]},{"@type":"Person","@id":"https:\/\/latamjournalismreview.org\/es\/#\/schema\/person\/d0b9fa850ef1b6f56bb445e52f29f63f","name":"Paola Nalvarte","description":"Paola Nalvarte is a Peruvian journalist and documentary photographer living in Austin, Texas. She focuses on covering and writing about the Andes region. In Peru, Paola worked in the Lima office of the Italian news agency ANSA, on the economic news desk of the daily Expreso, and for ten years she has been working on different editorial projects doing picture editing and research for one of the oldest Spanish-language papers in the world, the Peruvian newspaper El Comercio. She also enjoyed writing for the newspaper weekly magazine Somos. Paola Nalvarte es una periodista y fot\u00f3grafa documental peruana que vive en Austin, Texas. El foco de inter\u00e9s de su cobertura noticiosa es la regi\u00f3n andina. En Per\u00fa, Paola trabaj\u00f3 en la oficina de Lima de la agencia italiana de noticias ANSA, en la secci\u00f3n de econom\u00eda del diario Expreso y por diez a\u00f1os hizo investigaci\u00f3n fotogr\u00e1fica y edici\u00f3n de fotograf\u00eda editorial en el diario decano de la prensa peruana, El Comercio. Tambi\u00e9n escribi\u00f3 para Somos, la revista semanal del mismo diario\u200b, art\u00edculos sobre medio ambiente y cultura. Paola Nalvarte \u00e9 uma jornalista peruana e fot\u00f3grafa documentarista que vive em Austin, Texas. O foco de interesse da sua cobertura jornal\u00edstica \u00e9 a regi\u00e3o andina. No Peru, Paola trabalhou no escrit\u00f3rio de Lima da ag\u00eancia de not\u00edcias italiana ANSA, na se\u00e7\u00e3o de economia do jornal Expreso e, por dez anos, fez pesquisa fotogr\u00e1fica e edi\u00e7\u00e3o de fotografia editorial para um dos jornais em espanhol mais antigos do mundo, o jornal peruano El Comercio. Ela tamb\u00e9m escreveu artigos de meio ambiente e cultura para a Somos, a revista semanal do mesmo jornal.","sameAs":["https:\/\/x.com\/paolanalvarte"],"url":"https:\/\/latamjournalismreview.org\/es\/articles\/author\/paola-nalvarte\/"}]}},"_links":{"self":[{"href":"https:\/\/latamjournalismreview.org\/es\/wp-json\/wp\/v2\/posts\/48409","targetHints":{"allow":["GET"]}}],"collection":[{"href":"https:\/\/latamjournalismreview.org\/es\/wp-json\/wp\/v2\/posts"}],"about":[{"href":"https:\/\/latamjournalismreview.org\/es\/wp-json\/wp\/v2\/types\/post"}],"author":[{"embeddable":true,"href":"https:\/\/latamjournalismreview.org\/es\/wp-json\/wp\/v2\/users\/4"}],"replies":[{"embeddable":true,"href":"https:\/\/latamjournalismreview.org\/es\/wp-json\/wp\/v2\/comments?post=48409"}],"version-history":[{"count":1,"href":"https:\/\/latamjournalismreview.org\/es\/wp-json\/wp\/v2\/posts\/48409\/revisions"}],"predecessor-version":[{"id":48411,"href":"https:\/\/latamjournalismreview.org\/es\/wp-json\/wp\/v2\/posts\/48409\/revisions\/48411"}],"wp:attachment":[{"href":"https:\/\/latamjournalismreview.org\/es\/wp-json\/wp\/v2\/media?parent=48409"}],"wp:term":[{"taxonomy":"category","embeddable":true,"href":"https:\/\/latamjournalismreview.org\/es\/wp-json\/wp\/v2\/categories?post=48409"},{"taxonomy":"post_tag","embeddable":true,"href":"https:\/\/latamjournalismreview.org\/es\/wp-json\/wp\/v2\/tags?post=48409"},{"taxonomy":"author","embeddable":true,"href":"https:\/\/latamjournalismreview.org\/es\/wp-json\/wp\/v2\/coauthors?post=48409"}],"curies":[{"name":"wp","href":"https:\/\/api.w.org\/{rel}","templated":true}]}}