{"id":48744,"date":"2015-11-04T10:47:22","date_gmt":"2015-11-04T15:47:22","guid":{"rendered":"https:\/\/latamjournalismreview.org\/?p=48744"},"modified":"2022-02-01T18:01:11","modified_gmt":"2022-02-01T23:01:11","slug":"tras-17-anos-sin-justicia-caso-de-periodista-asesinado-en-colombia-llega-a-la-corte-interamericana","status":"publish","type":"post","link":"https:\/\/latamjournalismreview.org\/es\/articles\/tras-17-anos-sin-justicia-caso-de-periodista-asesinado-en-colombia-llega-a-la-corte-interamericana\/","title":{"rendered":"Tras 17 a\u00f1os sin justicia, caso de periodista asesinado en Colombia llega a la Corte Interamericana"},"content":{"rendered":"<p>El caso del periodista colombiano Nelson Carvajal, asesinado el 16 de abril de 1998, fue remitido a la <a href=\"http:\/\/www.corteidh.or.cr\/\" target=\"_blank\" rel=\"noopener\">Corte Interamericana de Derechos Humanos<\/a> (Corte IDH) el pasado 22 de octubre por parte de la <a href=\"http:\/\/www.oas.org\/es\/cidh\/\" target=\"_blank\" rel=\"noopener\">Comisi\u00f3n Interamericana de Derechos Humanos<\/a> (CIDH).<\/p>\n<p>Seg\u00fan lo dio a conocer la Sociedad Interamericana de la Prensa (SIP) \u201c<a href=\"http:\/\/www.sipiapa.org\/notas\/1201837-caso-periodista-asesinado-corte-interamericana#fotogaleria-id-1160434\" target=\"_blank\" rel=\"noopener\">tras 17 a\u00f1os del asesinato sin que el Estado colombiano lo haya esclarecido<\/a>\u201d, la SIP\u00a0y el Centro\u00a0Robert F. Kennedy\u00a0para los Derechos Humanos\u00a0pidieron a la CIDH\u00a0enviar el caso a la Corte con el objetivo de encontrar justicia.<\/p>\n<p>\u201cAunque todav\u00eda hay un duro camino por transitar ante la Corte Interamericana estamos confiados en que se har\u00e1 justicia y se sentar\u00e1n precedentes importantes para atender a otros casos de asesinatos que a\u00fan siguen impunes en las Am\u00e9ricas\u201d, expres\u00f3 Pierre Maigault, presidente de la SIP, de acuerdo con un comunicado de la organizaci\u00f3n.<\/p>\n<p>Como se ha estipulado en el <a href=\"http:\/\/www.oas.org\/es\/cidh\/mandato\/documentos_basicos.asp\" target=\"_blank\" rel=\"noopener\">Sistema Interamericano de Derechos Humanos<\/a> para que un caso llegue a la <a href=\"http:\/\/www.corteidh.or.cr\/tablas\/abccorte\/abc\/index.html#2\" target=\"_blank\" rel=\"noopener\">Corte IDH<\/a> es necesario que la Comisi\u00f3n lo presente como est\u00e1 establecido en su <a href=\"http:\/\/www.oas.org\/es\/cidh\/mandato\/funciones.asp\" target=\"_blank\" rel=\"noopener\">mandato y funciones<\/a>.<\/p>\n<p>Para el momento del asesinato, <a href=\"http:\/\/flip.org.co\/es\/content\/nelson-carvajal-carvajal\" target=\"_blank\" rel=\"noopener\">Carvajal, de 37 a\u00f1os, era el director del noticiero Momento Regional<\/a> y de las radiorevistas Mirador de la Semana y Amenecer en el Campo de la <em>Emisora Radio Sur<\/em> en el municipio de Pitalito, departamento de Huila, de acuerdo con informaci\u00f3n de la Fundaci\u00f3n para la Libertad de Prensa (FLIP).<\/p>\n<p>Carvajal se \u201cdestac\u00f3 por sus fuertes denuncias en contra de la corrupci\u00f3n de la clase\u00a0pol\u00edtica local y las presuntas relaciones de \u00e9sta con diferentes actores armados\u201d, agreg\u00f3 la FLIP.<\/p>\n<p>El periodista fue asesinado cuando sal\u00eda de la Escuela Los Pinos, donde tambi\u00e9n era maestro, cuando un <a href=\"http:\/\/flip.org.co\/es\/content\/nelson-carvajal-carvajal\" target=\"_blank\" rel=\"noopener\">sicario dispar\u00f3 contra \u00e9l en siete oportunidades<\/a>.<\/p>\n<p>Seg\u00fan la SIP, entidad que investig\u00f3 el caso desde el 2002, <a href=\"http:\/\/www.sipiapa.org\/notas\/1143924-nelson-carvajal-carvajal\" target=\"_blank\" rel=\"noopener\">las personas involucradas en la investigaci\u00f3n del crimen han sido absueltas<\/a>, incluido Fernando Berm\u00fadez, acusado como presunto instigador del crimen (autor intelectual), seg\u00fan la SIP.<\/p>\n<p>Entre 2005 y 2009, la SIP y el gobierno de Colombia sostuvieron reuniones para lograr una soluci\u00f3n amistosa, pero \u201cel proceso fue suspendido por la SIP debido a los <a href=\"http:\/\/www.sipiapa.org\/notas\/1201837-caso-periodista-asesinado-corte-interamericana#fotogaleria-id-1160434\" target=\"_blank\" rel=\"noopener\">escasos avances para el esclarecimiento del crimen<\/a>\u201d.<\/p>\n<p>De acuerdo con esta organizaci\u00f3n, <a href=\"http:\/\/www.sipiapa.org\/notas\/1143924-nelson-carvajal-carvajal\" target=\"_blank\" rel=\"noopener\">la investigaci\u00f3n del asesinato ha tenido algunas irregularidades<\/a> como el paso de su caso por cuatro diferentes fiscales, uno de ellos \u2013 por ejemplo \u2013 se neg\u00f3 a recibir el testimonio de personas interesadas en hacerlo y en la actualidad se encuentra pr\u00f3fugo. Otra fiscal recibi\u00f3 amenazas de muerte.<\/p>\n<p>Sus familiares tambi\u00e9n han sido v\u00edctimas de amenazas y se han visto obligados a salir del pa\u00eds.<\/p>\n<p>El caso tambi\u00e9n representa un problema que se evidencia en el continente como lo es el agravamiento de la violencia contra periodistas vinculada, muchas veces, al aumento del crimen organizado, y que afecta de manera desproporcionada a los periodistas que cubren temas como corrupci\u00f3n, seguridad p\u00fablica y delincuencia organizada en zonas rurales o regiones al interior de cada pa\u00eds.<\/p>\n<p>En este sentido, con este caso la <a href=\"http:\/\/www.sipiapa.org\/notas\/1201837-caso-periodista-asesinado-corte-interamericana\" target=\"_blank\" rel=\"noopener\">Corte podr\u00e1 profundizar su jurisprudencia sobre la obligaci\u00f3n que tienen los Estados de investigar <\/a>de manera oportuna y diligente los cr\u00edmenes contra periodistas, as\u00ed como analizar los altos \u00edndices de impunidad en el hemisferio, como lo expres\u00f3\u00a0Santiago Cant\u00f3n, director ejecutivo de RFK Partners for\u00a0Human Rights.<\/p>\n<p><em>Nota del editor: Esta historia fue publicada originalmente en el blog Periodismo en las Am\u00e9ricas del Centro Knight, el predecesor de LatAm Journalism Review.<\/em><\/p>\n","protected":false},"excerpt":{"rendered":"<p>El caso del periodista colombiano Nelson Carvajal, asesinado el 16 de abril de 1998, fue remitido a la Corte Interamericana de Derechos Humanos (Corte IDH) el pasado 22 de octubre por parte de la Comisi\u00f3n Interamericana de Derechos Humanos (CIDH).<\/p>\n","protected":false},"author":13,"featured_media":0,"comment_status":"closed","ping_status":"closed","sticky":false,"template":"","format":"standard","meta":{"inline_featured_image":false,"footnotes":""},"categories":[1222],"tags":[1479,1395],"coauthors":[],"class_list":["post-48744","post","type-post","status-publish","format-standard","hentry","category-violencia-contra-periodistas-es","tag-asesinato-de-periodistas-es","tag-colombia-es-2"],"acf":[],"yoast_head":"<!-- This site is optimized with the Yoast SEO Premium plugin v22.6 (Yoast SEO v27.4) - https:\/\/yoast.com\/product\/yoast-seo-premium-wordpress\/ -->\n<title>Tras 17 a\u00f1os sin justicia, caso de periodista asesinado en Colombia llega a la Corte Interamericana - LatAm Journalism Review<\/title>\n<meta name=\"description\" content=\"Tras 17 a\u00f1os sin justicia, caso de periodista asesinado en Colombia llega a la Corte Interamericana Violencia contra periodistas. Latin American Journalism Review by The Knight Center at The University of Texas at Austin.\" \/>\n<meta name=\"robots\" content=\"index, follow, max-snippet:-1, max-image-preview:large, max-video-preview:-1\" \/>\n<link rel=\"canonical\" href=\"https:\/\/latamjournalismreview.org\/es\/articles\/tras-17-anos-sin-justicia-caso-de-periodista-asesinado-en-colombia-llega-a-la-corte-interamericana\/\" \/>\n<meta property=\"og:locale\" content=\"es_ES\" \/>\n<meta property=\"og:type\" content=\"article\" \/>\n<meta property=\"og:title\" content=\"Tras 17 a\u00f1os sin justicia, caso de periodista asesinado en Colombia llega a la Corte Interamericana\" \/>\n<meta property=\"og:description\" content=\"Tras 17 a\u00f1os sin justicia, caso de periodista asesinado en Colombia llega a la Corte Interamericana Violencia contra periodistas. Latin American Journalism Review by The Knight Center at The University of Texas at Austin.\" \/>\n<meta property=\"og:url\" content=\"https:\/\/latamjournalismreview.org\/es\/articles\/tras-17-anos-sin-justicia-caso-de-periodista-asesinado-en-colombia-llega-a-la-corte-interamericana\/\" \/>\n<meta property=\"og:site_name\" content=\"LatAm Journalism Review\" \/>\n<meta property=\"article:published_time\" content=\"2015-11-04T15:47:22+00:00\" \/>\n<meta property=\"article:modified_time\" content=\"2022-02-01T23:01:11+00:00\" \/>\n<meta name=\"author\" content=\"Silvia Higuera\" \/>\n<meta name=\"twitter:card\" content=\"summary_large_image\" \/>\n<meta name=\"twitter:creator\" content=\"@shiguerita\" \/>\n<meta name=\"twitter:site\" content=\"@LatAmJournalism\" \/>\n<meta name=\"twitter:label1\" content=\"Written by\" \/>\n\t<meta name=\"twitter:data1\" content=\"Silvia Higuera\" \/>\n\t<meta name=\"twitter:label2\" content=\"Est. reading time\" \/>\n\t<meta name=\"twitter:data2\" content=\"3 minutos\" \/>\n<script type=\"application\/ld+json\" class=\"yoast-schema-graph\">{\"@context\":\"https:\\\/\\\/schema.org\",\"@graph\":[{\"@type\":\"Article\",\"@id\":\"https:\\\/\\\/latamjournalismreview.org\\\/es\\\/articles\\\/tras-17-anos-sin-justicia-caso-de-periodista-asesinado-en-colombia-llega-a-la-corte-interamericana\\\/#article\",\"isPartOf\":{\"@id\":\"https:\\\/\\\/latamjournalismreview.org\\\/es\\\/articles\\\/tras-17-anos-sin-justicia-caso-de-periodista-asesinado-en-colombia-llega-a-la-corte-interamericana\\\/\"},\"author\":{\"name\":\"Silvia Higuera\",\"@id\":\"https:\\\/\\\/latamjournalismreview.org\\\/es\\\/#\\\/schema\\\/person\\\/eac7baa6afada0957e047be9fc15703a\"},\"headline\":\"Tras 17 a\u00f1os sin justicia, caso de periodista asesinado en Colombia llega a la Corte Interamericana\",\"datePublished\":\"2015-11-04T15:47:22+00:00\",\"dateModified\":\"2022-02-01T23:01:11+00:00\",\"mainEntityOfPage\":{\"@id\":\"https:\\\/\\\/latamjournalismreview.org\\\/es\\\/articles\\\/tras-17-anos-sin-justicia-caso-de-periodista-asesinado-en-colombia-llega-a-la-corte-interamericana\\\/\"},\"wordCount\":611,\"publisher\":{\"@id\":\"https:\\\/\\\/latamjournalismreview.org\\\/es\\\/#organization\"},\"keywords\":[\"Asesinato de periodista\",\"Colombia\"],\"articleSection\":[\"Violencia contra periodistas\"],\"inLanguage\":\"es\"},{\"@type\":\"WebPage\",\"@id\":\"https:\\\/\\\/latamjournalismreview.org\\\/es\\\/articles\\\/tras-17-anos-sin-justicia-caso-de-periodista-asesinado-en-colombia-llega-a-la-corte-interamericana\\\/\",\"url\":\"https:\\\/\\\/latamjournalismreview.org\\\/es\\\/articles\\\/tras-17-anos-sin-justicia-caso-de-periodista-asesinado-en-colombia-llega-a-la-corte-interamericana\\\/\",\"name\":\"Tras 17 a\u00f1os sin justicia, caso de periodista asesinado en Colombia llega a la Corte Interamericana - LatAm Journalism Review\",\"isPartOf\":{\"@id\":\"https:\\\/\\\/latamjournalismreview.org\\\/es\\\/#website\"},\"datePublished\":\"2015-11-04T15:47:22+00:00\",\"dateModified\":\"2022-02-01T23:01:11+00:00\",\"description\":\"Tras 17 a\u00f1os sin justicia, caso de periodista asesinado en Colombia llega a la Corte Interamericana Violencia contra periodistas. Latin American Journalism Review by The Knight Center at The University of Texas at Austin.\",\"breadcrumb\":{\"@id\":\"https:\\\/\\\/latamjournalismreview.org\\\/es\\\/articles\\\/tras-17-anos-sin-justicia-caso-de-periodista-asesinado-en-colombia-llega-a-la-corte-interamericana\\\/#breadcrumb\"},\"inLanguage\":\"es\",\"potentialAction\":[{\"@type\":\"ReadAction\",\"target\":[\"https:\\\/\\\/latamjournalismreview.org\\\/es\\\/articles\\\/tras-17-anos-sin-justicia-caso-de-periodista-asesinado-en-colombia-llega-a-la-corte-interamericana\\\/\"]}]},{\"@type\":\"BreadcrumbList\",\"@id\":\"https:\\\/\\\/latamjournalismreview.org\\\/es\\\/articles\\\/tras-17-anos-sin-justicia-caso-de-periodista-asesinado-en-colombia-llega-a-la-corte-interamericana\\\/#breadcrumb\",\"itemListElement\":[{\"@type\":\"ListItem\",\"position\":1,\"name\":\"Home\",\"item\":\"https:\\\/\\\/latamjournalismreview.org\\\/es\\\/\"},{\"@type\":\"ListItem\",\"position\":2,\"name\":\"Tras 17 a\u00f1os sin justicia, caso de periodista asesinado en Colombia llega a la Corte Interamericana\"}]},{\"@type\":\"WebSite\",\"@id\":\"https:\\\/\\\/latamjournalismreview.org\\\/es\\\/#website\",\"url\":\"https:\\\/\\\/latamjournalismreview.org\\\/es\\\/\",\"name\":\"LatAm Journalism Review\",\"description\":\"Knight Center at The University of Texas\",\"publisher\":{\"@id\":\"https:\\\/\\\/latamjournalismreview.org\\\/es\\\/#organization\"},\"potentialAction\":[{\"@type\":\"SearchAction\",\"target\":{\"@type\":\"EntryPoint\",\"urlTemplate\":\"https:\\\/\\\/latamjournalismreview.org\\\/es\\\/?s={search_term_string}\"},\"query-input\":{\"@type\":\"PropertyValueSpecification\",\"valueRequired\":true,\"valueName\":\"search_term_string\"}}],\"inLanguage\":\"es\"},{\"@type\":\"Organization\",\"@id\":\"https:\\\/\\\/latamjournalismreview.org\\\/es\\\/#organization\",\"name\":\"LatAm Journalism Review\",\"url\":\"https:\\\/\\\/latamjournalismreview.org\\\/es\\\/\",\"logo\":{\"@type\":\"ImageObject\",\"inLanguage\":\"es\",\"@id\":\"https:\\\/\\\/latamjournalismreview.org\\\/es\\\/#\\\/schema\\\/logo\\\/image\\\/\",\"url\":\"https:\\\/\\\/latamjournalismreview.org\\\/wp-content\\\/uploads\\\/2020\\\/05\\\/knight-latAm-review-logo.svg\",\"contentUrl\":\"https:\\\/\\\/latamjournalismreview.org\\\/wp-content\\\/uploads\\\/2020\\\/05\\\/knight-latAm-review-logo.svg\",\"width\":\"1024\",\"height\":\"1024\",\"caption\":\"LatAm Journalism Review\"},\"image\":{\"@id\":\"https:\\\/\\\/latamjournalismreview.org\\\/es\\\/#\\\/schema\\\/logo\\\/image\\\/\"},\"sameAs\":[\"https:\\\/\\\/x.com\\\/LatAmJournalism\"]},{\"@type\":\"Person\",\"@id\":\"https:\\\/\\\/latamjournalismreview.org\\\/es\\\/#\\\/schema\\\/person\\\/eac7baa6afada0957e047be9fc15703a\",\"name\":\"Silvia Higuera\",\"description\":\"Silvia A. Higuera Fl\u00f3rez is a Colombian journalist interested in covering Latin American issues and human rights, especially the right to freedom of expression, and investigative journalism. She studied Social Communication and Journalism at Universidad Pontificia Bolivariana in Bucaramanga (Colombia), and received her Master's of Arts in Journalism from the University of Texas at Austin in 2015. She worked with the Office of the Special Rapporteur for Freedom of Expression of the Inter-American Commission on Human Rights (IACHR) under the Orlando Sierra fellowship during 2014. She also worked for the Colombian newspaper Vanguardia Liberal and wrote for different magazines about local, economic and public order issues. Her work has also appeared in The Miami Herald and El Nuevo Herald of Miami. Email: silvia.knightcenter@gmail.com Silvia A. Higuera Fl\u00f3rez es una periodista colombiana con inter\u00e9s period\u00edstico es Am\u00e9rica Latina y los derechos humanos, particularmente el derecho a la libertad de expresi\u00f3n, as\u00ed como el periodismo de investigaci\u00f3n. Estudi\u00f3 Comunicaci\u00f3n Social \u2013 Periodismo en la Universidad Pontificia Bolivariana de Bucaramanga (Colombia), y recibi\u00f3 su maestr\u00eda en Periodismo en la Universidad de Texas, en Austin en 2015. Trabaj\u00f3 para la Relator\u00eda Especial para la Libertad de Expresi\u00f3n de la Comisi\u00f3n Interamericana de Derechos Humanos (CIDH) en el marco de la beca Orlando Sierra, durante 2014. Tambi\u00e9n hizo parte del diario Vanguardia Liberal y escribi\u00f3 para otras revistas colombianas cubriendo fuentes locales, econ\u00f3micas y judiciales. Algunos de sus trabajos han aparecido en The Miami Herald y El Nuevo Herald de Miami. Silvia A. Higuera Fl\u00f3rez \u00e9 uma jornalista colombiana e seu interesse jornal\u00edstico \u00e9 a Am\u00e9rica Latina e os direitos humanos, nomeadamente o direito \u00e0 liberdade de express\u00e3o. Estudou Comunica\u00e7\u00e3o Social \u2013 Jornalismo na Universidade Pontif\u00edcia Bolivariana de Bucaramanga, na Col\u00f4mbia e completou seu mestrado em jornalismo na Universidade do Texas em Austin. Silvia trabalhou na Relatoria para a Liberdade de Express\u00e3o da CIDH pela bolsa Orlando Sierra, em 2014. Trabalhou para o jornal Vanguardia Liberal e escreveu para outras revistas colombianas cobrindo temas locais, econ\u00f4micas e judici\u00e1rias. Alguns de seus trabalhos apareceram no The Miami Herald e no El Nuevo Herald de Miami.\",\"sameAs\":[\"https:\\\/\\\/x.com\\\/shiguerita\"],\"url\":\"https:\\\/\\\/latamjournalismreview.org\\\/es\\\/articles\\\/author\\\/silvia-higuera\\\/\"}]}<\/script>\n<!-- \/ Yoast SEO Premium plugin. -->","yoast_head_json":{"title":"Tras 17 a\u00f1os sin justicia, caso de periodista asesinado en Colombia llega a la Corte Interamericana - LatAm Journalism Review","description":"Tras 17 a\u00f1os sin justicia, caso de periodista asesinado en Colombia llega a la Corte Interamericana Violencia contra periodistas. Latin American Journalism Review by The Knight Center at The University of Texas at Austin.","robots":{"index":"index","follow":"follow","max-snippet":"max-snippet:-1","max-image-preview":"max-image-preview:large","max-video-preview":"max-video-preview:-1"},"canonical":"https:\/\/latamjournalismreview.org\/es\/articles\/tras-17-anos-sin-justicia-caso-de-periodista-asesinado-en-colombia-llega-a-la-corte-interamericana\/","og_locale":"es_ES","og_type":"article","og_title":"Tras 17 a\u00f1os sin justicia, caso de periodista asesinado en Colombia llega a la Corte Interamericana","og_description":"Tras 17 a\u00f1os sin justicia, caso de periodista asesinado en Colombia llega a la Corte Interamericana Violencia contra periodistas. Latin American Journalism Review by The Knight Center at The University of Texas at Austin.","og_url":"https:\/\/latamjournalismreview.org\/es\/articles\/tras-17-anos-sin-justicia-caso-de-periodista-asesinado-en-colombia-llega-a-la-corte-interamericana\/","og_site_name":"LatAm Journalism Review","article_published_time":"2015-11-04T15:47:22+00:00","article_modified_time":"2022-02-01T23:01:11+00:00","author":"Silvia Higuera","twitter_card":"summary_large_image","twitter_creator":"@shiguerita","twitter_site":"@LatAmJournalism","twitter_misc":{"Written by":"Silvia Higuera","Est. reading time":"3 minutos"},"schema":{"@context":"https:\/\/schema.org","@graph":[{"@type":"Article","@id":"https:\/\/latamjournalismreview.org\/es\/articles\/tras-17-anos-sin-justicia-caso-de-periodista-asesinado-en-colombia-llega-a-la-corte-interamericana\/#article","isPartOf":{"@id":"https:\/\/latamjournalismreview.org\/es\/articles\/tras-17-anos-sin-justicia-caso-de-periodista-asesinado-en-colombia-llega-a-la-corte-interamericana\/"},"author":{"name":"Silvia Higuera","@id":"https:\/\/latamjournalismreview.org\/es\/#\/schema\/person\/eac7baa6afada0957e047be9fc15703a"},"headline":"Tras 17 a\u00f1os sin justicia, caso de periodista asesinado en Colombia llega a la Corte Interamericana","datePublished":"2015-11-04T15:47:22+00:00","dateModified":"2022-02-01T23:01:11+00:00","mainEntityOfPage":{"@id":"https:\/\/latamjournalismreview.org\/es\/articles\/tras-17-anos-sin-justicia-caso-de-periodista-asesinado-en-colombia-llega-a-la-corte-interamericana\/"},"wordCount":611,"publisher":{"@id":"https:\/\/latamjournalismreview.org\/es\/#organization"},"keywords":["Asesinato de periodista","Colombia"],"articleSection":["Violencia contra periodistas"],"inLanguage":"es"},{"@type":"WebPage","@id":"https:\/\/latamjournalismreview.org\/es\/articles\/tras-17-anos-sin-justicia-caso-de-periodista-asesinado-en-colombia-llega-a-la-corte-interamericana\/","url":"https:\/\/latamjournalismreview.org\/es\/articles\/tras-17-anos-sin-justicia-caso-de-periodista-asesinado-en-colombia-llega-a-la-corte-interamericana\/","name":"Tras 17 a\u00f1os sin justicia, caso de periodista asesinado en Colombia llega a la Corte Interamericana - LatAm Journalism Review","isPartOf":{"@id":"https:\/\/latamjournalismreview.org\/es\/#website"},"datePublished":"2015-11-04T15:47:22+00:00","dateModified":"2022-02-01T23:01:11+00:00","description":"Tras 17 a\u00f1os sin justicia, caso de periodista asesinado en Colombia llega a la Corte Interamericana Violencia contra periodistas. Latin American Journalism Review by The Knight Center at The University of Texas at Austin.","breadcrumb":{"@id":"https:\/\/latamjournalismreview.org\/es\/articles\/tras-17-anos-sin-justicia-caso-de-periodista-asesinado-en-colombia-llega-a-la-corte-interamericana\/#breadcrumb"},"inLanguage":"es","potentialAction":[{"@type":"ReadAction","target":["https:\/\/latamjournalismreview.org\/es\/articles\/tras-17-anos-sin-justicia-caso-de-periodista-asesinado-en-colombia-llega-a-la-corte-interamericana\/"]}]},{"@type":"BreadcrumbList","@id":"https:\/\/latamjournalismreview.org\/es\/articles\/tras-17-anos-sin-justicia-caso-de-periodista-asesinado-en-colombia-llega-a-la-corte-interamericana\/#breadcrumb","itemListElement":[{"@type":"ListItem","position":1,"name":"Home","item":"https:\/\/latamjournalismreview.org\/es\/"},{"@type":"ListItem","position":2,"name":"Tras 17 a\u00f1os sin justicia, caso de periodista asesinado en Colombia llega a la Corte Interamericana"}]},{"@type":"WebSite","@id":"https:\/\/latamjournalismreview.org\/es\/#website","url":"https:\/\/latamjournalismreview.org\/es\/","name":"LatAm Journalism Review","description":"Knight Center at The University of Texas","publisher":{"@id":"https:\/\/latamjournalismreview.org\/es\/#organization"},"potentialAction":[{"@type":"SearchAction","target":{"@type":"EntryPoint","urlTemplate":"https:\/\/latamjournalismreview.org\/es\/?s={search_term_string}"},"query-input":{"@type":"PropertyValueSpecification","valueRequired":true,"valueName":"search_term_string"}}],"inLanguage":"es"},{"@type":"Organization","@id":"https:\/\/latamjournalismreview.org\/es\/#organization","name":"LatAm Journalism Review","url":"https:\/\/latamjournalismreview.org\/es\/","logo":{"@type":"ImageObject","inLanguage":"es","@id":"https:\/\/latamjournalismreview.org\/es\/#\/schema\/logo\/image\/","url":"https:\/\/latamjournalismreview.org\/wp-content\/uploads\/2020\/05\/knight-latAm-review-logo.svg","contentUrl":"https:\/\/latamjournalismreview.org\/wp-content\/uploads\/2020\/05\/knight-latAm-review-logo.svg","width":"1024","height":"1024","caption":"LatAm Journalism Review"},"image":{"@id":"https:\/\/latamjournalismreview.org\/es\/#\/schema\/logo\/image\/"},"sameAs":["https:\/\/x.com\/LatAmJournalism"]},{"@type":"Person","@id":"https:\/\/latamjournalismreview.org\/es\/#\/schema\/person\/eac7baa6afada0957e047be9fc15703a","name":"Silvia Higuera","description":"Silvia A. Higuera Fl\u00f3rez is a Colombian journalist interested in covering Latin American issues and human rights, especially the right to freedom of expression, and investigative journalism. She studied Social Communication and Journalism at Universidad Pontificia Bolivariana in Bucaramanga (Colombia), and received her Master's of Arts in Journalism from the University of Texas at Austin in 2015. She worked with the Office of the Special Rapporteur for Freedom of Expression of the Inter-American Commission on Human Rights (IACHR) under the Orlando Sierra fellowship during 2014. She also worked for the Colombian newspaper Vanguardia Liberal and wrote for different magazines about local, economic and public order issues. Her work has also appeared in The Miami Herald and El Nuevo Herald of Miami. Email: silvia.knightcenter@gmail.com Silvia A. Higuera Fl\u00f3rez es una periodista colombiana con inter\u00e9s period\u00edstico es Am\u00e9rica Latina y los derechos humanos, particularmente el derecho a la libertad de expresi\u00f3n, as\u00ed como el periodismo de investigaci\u00f3n. Estudi\u00f3 Comunicaci\u00f3n Social \u2013 Periodismo en la Universidad Pontificia Bolivariana de Bucaramanga (Colombia), y recibi\u00f3 su maestr\u00eda en Periodismo en la Universidad de Texas, en Austin en 2015. Trabaj\u00f3 para la Relator\u00eda Especial para la Libertad de Expresi\u00f3n de la Comisi\u00f3n Interamericana de Derechos Humanos (CIDH) en el marco de la beca Orlando Sierra, durante 2014. Tambi\u00e9n hizo parte del diario Vanguardia Liberal y escribi\u00f3 para otras revistas colombianas cubriendo fuentes locales, econ\u00f3micas y judiciales. Algunos de sus trabajos han aparecido en The Miami Herald y El Nuevo Herald de Miami. Silvia A. Higuera Fl\u00f3rez \u00e9 uma jornalista colombiana e seu interesse jornal\u00edstico \u00e9 a Am\u00e9rica Latina e os direitos humanos, nomeadamente o direito \u00e0 liberdade de express\u00e3o. Estudou Comunica\u00e7\u00e3o Social \u2013 Jornalismo na Universidade Pontif\u00edcia Bolivariana de Bucaramanga, na Col\u00f4mbia e completou seu mestrado em jornalismo na Universidade do Texas em Austin. Silvia trabalhou na Relatoria para a Liberdade de Express\u00e3o da CIDH pela bolsa Orlando Sierra, em 2014. Trabalhou para o jornal Vanguardia Liberal e escreveu para outras revistas colombianas cobrindo temas locais, econ\u00f4micas e judici\u00e1rias. Alguns de seus trabalhos apareceram no The Miami Herald e no El Nuevo Herald de Miami.","sameAs":["https:\/\/x.com\/shiguerita"],"url":"https:\/\/latamjournalismreview.org\/es\/articles\/author\/silvia-higuera\/"}]}},"_links":{"self":[{"href":"https:\/\/latamjournalismreview.org\/es\/wp-json\/wp\/v2\/posts\/48744","targetHints":{"allow":["GET"]}}],"collection":[{"href":"https:\/\/latamjournalismreview.org\/es\/wp-json\/wp\/v2\/posts"}],"about":[{"href":"https:\/\/latamjournalismreview.org\/es\/wp-json\/wp\/v2\/types\/post"}],"author":[{"embeddable":true,"href":"https:\/\/latamjournalismreview.org\/es\/wp-json\/wp\/v2\/users\/13"}],"replies":[{"embeddable":true,"href":"https:\/\/latamjournalismreview.org\/es\/wp-json\/wp\/v2\/comments?post=48744"}],"version-history":[{"count":2,"href":"https:\/\/latamjournalismreview.org\/es\/wp-json\/wp\/v2\/posts\/48744\/revisions"}],"predecessor-version":[{"id":48746,"href":"https:\/\/latamjournalismreview.org\/es\/wp-json\/wp\/v2\/posts\/48744\/revisions\/48746"}],"wp:attachment":[{"href":"https:\/\/latamjournalismreview.org\/es\/wp-json\/wp\/v2\/media?parent=48744"}],"wp:term":[{"taxonomy":"category","embeddable":true,"href":"https:\/\/latamjournalismreview.org\/es\/wp-json\/wp\/v2\/categories?post=48744"},{"taxonomy":"post_tag","embeddable":true,"href":"https:\/\/latamjournalismreview.org\/es\/wp-json\/wp\/v2\/tags?post=48744"},{"taxonomy":"author","embeddable":true,"href":"https:\/\/latamjournalismreview.org\/es\/wp-json\/wp\/v2\/coauthors?post=48744"}],"curies":[{"name":"wp","href":"https:\/\/api.w.org\/{rel}","templated":true}]}}