{"id":48753,"date":"2015-11-04T12:34:03","date_gmt":"2015-11-04T17:34:03","guid":{"rendered":"https:\/\/latamjournalismreview.org\/?p=48753"},"modified":"2022-02-01T18:07:05","modified_gmt":"2022-02-01T23:07:05","slug":"panel-en-la-onu-pide-acciones-concretas-para-poner-fin-a-la-impunidad-en-los-crimenes-contra-periodistas","status":"publish","type":"post","link":"https:\/\/latamjournalismreview.org\/es\/articles\/panel-en-la-onu-pide-acciones-concretas-para-poner-fin-a-la-impunidad-en-los-crimenes-contra-periodistas\/","title":{"rendered":"Panel en la ONU pide acciones concretas para poner fin a la impunidad en los cr\u00edmenes contra periodistas"},"content":{"rendered":"<p>El <a href=\"http:\/\/www.un.org\/en\/ga\/search\/view_doc.asp?symbol=A\/RES\/68\/163&amp;referer=\/english\/&amp;Lang=S\" target=\"_blank\" rel=\"noopener\">D\u00eda Internacional para poner fin a la impunidad de los cr\u00edmenes contra periodistas<\/a> (IDEI por sus siglas en ingl\u00e9s), el 2 de noviembre, fue conmemorado con diferentes eventos en todo el mundo. En la sede de la Organizaci\u00f3n de las Naciones Unidas (ONU) en la ciudad de Nueva York, un panel concluy\u00f3 que es hora de que la comunidad internacional tome acciones m\u00e1s concretas para proteger a los periodistas y enjuiciar a los que cometen delitos en contra de ellos.<\/p>\n<p>El panel \u201cFin de la impunidad en los cr\u00edmenes contra periodistas: poniendo las Resoluciones en pr\u00e1ctica\u201d fue co-organizado por la Unesco y las misiones permanentes de Grecia y Lituania ante la ONU. Grecia fue el pa\u00eds que propuso la creaci\u00f3n del IDEI, aprobado por la Asamblea General de la ONU en 2013.<\/p>\n<p>\u201cHay un impulso generado por una serie de iniciativas de la comunidad internacional, especialmente desde el Plan de Acci\u00f3n de la ONU sobre la seguridad de los periodistas y el tema de la impunidad liderado por la Unesco. Hay mucha m\u00e1s conciencia sobre este grave problema mundial y esto es muy bueno. Ahora tenemos que poner todas las resoluciones en pr\u00e1ctica y los Estados tienen que comprometerse a\u00fan m\u00e1s en esfuerzos concretos para proteger a los periodistas\u201d, dijo el profesor Rosental Calmon Alves, fundador y director del Centro Knight para el Periodismo en las Am\u00e9ricas y titular de la C\u00e1tedra Unesco de Comunicaci\u00f3n de la Universidad de Texas en Austin.<\/p>\n<p>El profesor Alves presidi\u00f3 el panel del lunes durante un ajetreado d\u00eda en la 70\u00aa Asamblea General de las Naciones Unidas en la ciudad de Nueva York.Durante el panel, Delphine Halgand, la representante en Washington de la organizaci\u00f3n con sede en Par\u00eds Reporteros Sin Fronteras (RSF), pidi\u00f3 a la ONU nombrar un Representante Especial del Secretario General de las Naciones Unidas para la Protecci\u00f3n de periodistas.<\/p>\n<p>\u201cVarias resoluciones han sido adoptadas en la \u00faltima d\u00e9cada por el Consejo de Seguridad, por la Asamblea General, y estos muy importantes avances legales, estos avances legales hist\u00f3ricos, no se han traducido en acciones si lo juzgamos por el n\u00famero de periodistas asesinados cada a\u00f1o, cada semana\u201d, dijo Halgand. \u201cLa cuesti\u00f3n relativa a la seguridad de los periodistas no se trata de la ausencia de una ley aplicable, sino de la falta de medios para garantizar el cumplimiento\u201d.<\/p>\n<p>Seg\u00fan RSF, el <a href=\"http:\/\/es.rsf.org\/rsf-pide-a-la-onu-que-nombre-a-un-30-10-2015,48494.html\" target=\"_blank\" rel=\"noopener\">Representante Especial se encargar\u00eda de monitorear a los Estados miembro<\/a> en el cumplimiento de sus obligaciones bajo el derecho internacional. \u201cS\u00f3lo un Representante Especial trabajando en estrecha colaboraci\u00f3n con el Secretario General de la ONU tendr\u00eda el peso pol\u00edtico, la capacidad para actuar con rapidez y la legitimidad para coordinar con todos los organismos de la ONU para implementar un cambio\u201d, dijo Halgand.<\/p>\n<p>Otros panelistas y representantes r\u00e1pidamente hicieron eco del llamado de Halgand por medidas concretas para combatir la impunidad global en casos de violencia contra periodistas.<\/p>\n<p>Los llamados se hicieron m\u00e1s urgentes luego de <a href=\"http:\/\/www.ifj.org\/nc\/en\/news-single-view\/backpid\/50\/article\/secular-publisher-hacked-to-death-in-bangladesh-by-religious-group\/\" target=\"_blank\" rel=\"noopener\">los eventos del 31 de octubre en Bangladesh<\/a> en los que un editor fue asesinato, y otro editor y dos blogueros fueron atacados brutalmente. Faisal Arefin Dipan se convirti\u00f3 en el sexto trabajador de los medios muerto en Bangladesh este a\u00f1o, la mayor\u00eda de ellos blogueros seculares, seg\u00fan la Federaci\u00f3n Internacional de Periodistas.<\/p>\n<p>A principios de este a\u00f1o, el bloguero Avijit Roy y su esposa, la periodista Rafida Bonya Ahmed, fueron brutalmente atacados por presuntos extremistas religiosos armados con machetes. El blog de Roy, Muktomona (Mente libre), promueve \u201c<a href=\"http:\/\/www.bbc.com\/news\/world-asia-31819649\" target=\"_blank\" rel=\"noopener\">puntos de vista secular, ciencia y temas sociales<\/a>\u201d, seg\u00fan BBC.com.<\/p>\n<p>Rafida Bonya Ahmed sobrevivi\u00f3 al ataque y estuvo presente en el panel del lunes para hablar de la muerte de su esposo y de la situaci\u00f3n de violencia contra periodistas en Bangladesh. Ella hizo un llamado a la comunidad internacional para crear y renovar esfuerzos para la construcci\u00f3n de casas de seguridad para periodistas y bloguros en peligro.<\/p>\n<p>\u201cLa situaci\u00f3n es grave\u201d, dijo Amed. \u201cEstos d\u00edas sangrientos se est\u00e1n convirtiendo en la norma\u201d.<\/p>\n<p>Ahmed explic\u00f3 que tras el asesinato de su marido, ella fue capaz de regresar a Estados Unidos, donde la pareja viv\u00eda. Despu\u00e9s de meses en hospitales recuper\u00e1ndose de las heridas que dej\u00f3 el ataque con machete, Ahmed tom\u00f3 posici\u00f3n y continu\u00f3 la obra de su difunto esposo en el blog Muktomona. Ahora, ella est\u00e1 haciendo lo que puede para ayudar a los que est\u00e1n en riesgo periodistas en su pa\u00eds de origen.<\/p>\n<p>Con motivo del IDEI, la Unesco public\u00f3 su informe \u201c<a href=\"http:\/\/www.unesco.org\/new\/en\/world-media-trends-2015\" target=\"_blank\" rel=\"noopener\">Tendencias mundiales en materia de libertad de expresi\u00f3n y desarrollo de los medios de comunicaci\u00f3n: Enfoque digital especial 2015<\/a>\u201d, que se concentra en cuatro grandes \u00e1reas: lucha contra el discurso de odio en l\u00ednea, protecci\u00f3n de las fuentes period\u00edsticas en la era digital, fomentando la libertad en l\u00ednea: el papel de los intermediarios de Internet y la seguridad de los periodistas.<\/p>\n<p>El profesor Alves present\u00f3, en nombre de la Unesco, un resumen del cap\u00edtulo del informe Tendencias del Mundo con respecto a la seguridad de los periodistas. Se\u00f1al\u00f3 que la impunidad sigue siendo la norma, ya que \u201cmenos del 6% de los asesinatos de periodistas han sido resueltos\u201d, durante el per\u00edodo cubierto por el informe (enero de 2015 hasta agosto de 2015). Otros puntos destacados:<\/p>\n<ul>\n<li>A nivel mundial, 91 periodistas fueron asesinados en 2013 y 87 fueron asesinados en 2014.<\/li>\n<li>La mayor\u00eda trabajan a nivel local, aunque el n\u00famero de corresponsales extranjeros muertos aument\u00f3 de forma pronunciada en 2014.<\/li>\n<li>Los periodistas de televisi\u00f3n son las v\u00edctimas m\u00e1s frecuentes, seguidos por los periodistas de medios impresos.<\/li>\n<li>La regi\u00f3n de los Estados \u00c1rabes vio la mayor\u00eda de asesinatos de periodistas, seguida por Am\u00e9rica Latina y el Caribe.<\/li>\n<li>Noventa y dos por ciento de los periodistas asesinados eran hombres.<\/li>\n<\/ul>\n<p>Como parte del informe, el Director General de la <a href=\"http:\/\/en.unesco.org\/news\/world-trends-freedom-expression-report-launched-mark-international-day-end-impunity-crimes\" target=\"_blank\" rel=\"noopener\">Unesco solicit\u00f3 de manera peri\u00f3dica informaci\u00f3n a\u00a0los Estados miembros<\/a> sobre las \u201cmedidas adoptadas para evitar la impunidad de los responsables de los asesinatos de periodistas y trabajadores de los medios\u201d, seg\u00fan la organizaci\u00f3n. El informe se\u00f1al\u00f3 una posible tendencia al alza en las tasas de los Estados en dar una respuesta voluntaria en los \u00faltimos dos a\u00f1os, pero tambi\u00e9n una tendencia continuada de altos \u00edndices de impunidad.<\/p>\n<p>Los pa\u00edses de Am\u00e9rica Latina que respondieron fueron Colombia, Rep\u00fablica Dominicana, Ecuador, El Salvador, Guatemala, Hait\u00ed, Honduras, M\u00e9xico, Paraguay y Venezuela. Per\u00fa fue el \u00fanico pa\u00eds de Am\u00e9rica Latina, al que pidieron informaci\u00f3n, que no respondi\u00f3.<\/p>\n<p>Destacando los esfuerzos que se est\u00e1n tomando para poner fin a la impunidad en los cr\u00edmenes contra periodistas, el moderador del panel Rosental Alves habl\u00f3 tambi\u00e9n sobre los cursos de capacitaci\u00f3n en l\u00ednea masivos para jueces latinoamericanos, creados por el Centro Knight para el Periodismo en las Am\u00e9ricas, la Unesco y la Relator\u00eda Especial para la Libertad de Expresi\u00f3n de la Comisi\u00f3n Interamericana de Derechos Humanos (CIDH).<\/p>\n<p>Cientos de jueces latinoamericanos ya se han beneficiado de los cursos masivos abiertos en l\u00ednea (MOOC por sus siglas en ingl\u00e9s) ofrecidos por la Unesco y el Centro Knight. Despu\u00e9s de dos cursos exclusivos para M\u00e9xico (uno a nivel nacional que cont\u00f3 con el apoyo de la Suprema Corte de M\u00e9xico, y el otro a nivel local, con el apoyo del Gobierno del Estado de Coahuila), otro MOOC comenz\u00f3 el 26 de octubre, con m\u00e1s de 1.200 jueces y operadores de los sistemas de justicia de todos los pa\u00edses de Am\u00e9rica Latina, con excepci\u00f3n de Cuba.<\/p>\n<p><em>Nota del editor: Esta historia fue publicada originalmente en el blog Periodismo en las Am\u00e9ricas del Centro Knight, el predecesor de LatAm Journalism Review.<\/em><\/p>\n","protected":false},"excerpt":{"rendered":"<p>El D\u00eda Internacional para poner fin a la impunidad de los cr\u00edmenes contra periodistas (IDEI por sus siglas en ingl\u00e9s), el 2 de noviembre, fue conmemorado con diferentes eventos en todo el mundo.<\/p>\n","protected":false},"author":3,"featured_media":0,"comment_status":"closed","ping_status":"closed","sticky":false,"template":"","format":"standard","meta":{"inline_featured_image":false,"footnotes":""},"categories":[1222],"tags":[1522],"coauthors":[],"class_list":["post-48753","post","type-post","status-publish","format-standard","hentry","category-violencia-contra-periodistas-es","tag-amenazas-contra-periodistas-es"],"acf":[],"yoast_head":"<!-- This site is optimized with the Yoast SEO Premium plugin v22.6 (Yoast SEO v27.4) - https:\/\/yoast.com\/product\/yoast-seo-premium-wordpress\/ -->\n<title>Panel en la ONU pide acciones concretas para poner fin a la impunidad en los cr\u00edmenes contra periodistas - LatAm Journalism Review<\/title>\n<meta name=\"description\" content=\"Panel en la ONU pide acciones concretas para poner fin a la impunidad en los cr\u00edmenes contra periodistas Violencia contra periodistas. Latin American Journalism Review by The Knight Center at The University of Texas at Austin.\" \/>\n<meta name=\"robots\" content=\"index, follow, max-snippet:-1, max-image-preview:large, max-video-preview:-1\" \/>\n<link rel=\"canonical\" href=\"https:\/\/latamjournalismreview.org\/es\/articles\/panel-en-la-onu-pide-acciones-concretas-para-poner-fin-a-la-impunidad-en-los-crimenes-contra-periodistas\/\" \/>\n<meta property=\"og:locale\" content=\"es_ES\" \/>\n<meta property=\"og:type\" content=\"article\" \/>\n<meta property=\"og:title\" content=\"Panel en la ONU pide acciones concretas para poner fin a la impunidad en los cr\u00edmenes contra periodistas\" \/>\n<meta property=\"og:description\" content=\"Panel en la ONU pide acciones concretas para poner fin a la impunidad en los cr\u00edmenes contra periodistas Violencia contra periodistas. Latin American Journalism Review by The Knight Center at The University of Texas at Austin.\" \/>\n<meta property=\"og:url\" content=\"https:\/\/latamjournalismreview.org\/es\/articles\/panel-en-la-onu-pide-acciones-concretas-para-poner-fin-a-la-impunidad-en-los-crimenes-contra-periodistas\/\" \/>\n<meta property=\"og:site_name\" content=\"LatAm Journalism Review\" \/>\n<meta property=\"article:published_time\" content=\"2015-11-04T17:34:03+00:00\" \/>\n<meta property=\"article:modified_time\" content=\"2022-02-01T23:07:05+00:00\" \/>\n<meta name=\"author\" content=\"Teresa Mioli\" \/>\n<meta name=\"twitter:card\" content=\"summary_large_image\" \/>\n<meta name=\"twitter:creator\" content=\"@TeresaMioli\" \/>\n<meta name=\"twitter:site\" content=\"@LatAmJournalism\" \/>\n<meta name=\"twitter:label1\" content=\"Written by\" \/>\n\t<meta name=\"twitter:data1\" content=\"Teresa Mioli\" \/>\n\t<meta name=\"twitter:label2\" content=\"Est. reading time\" \/>\n\t<meta name=\"twitter:data2\" content=\"7 minutos\" \/>\n<script type=\"application\/ld+json\" class=\"yoast-schema-graph\">{\"@context\":\"https:\\\/\\\/schema.org\",\"@graph\":[{\"@type\":\"Article\",\"@id\":\"https:\\\/\\\/latamjournalismreview.org\\\/es\\\/articles\\\/panel-en-la-onu-pide-acciones-concretas-para-poner-fin-a-la-impunidad-en-los-crimenes-contra-periodistas\\\/#article\",\"isPartOf\":{\"@id\":\"https:\\\/\\\/latamjournalismreview.org\\\/es\\\/articles\\\/panel-en-la-onu-pide-acciones-concretas-para-poner-fin-a-la-impunidad-en-los-crimenes-contra-periodistas\\\/\"},\"author\":{\"name\":\"Teresa Mioli\",\"@id\":\"https:\\\/\\\/latamjournalismreview.org\\\/es\\\/#\\\/schema\\\/person\\\/b83a4912f05c8178389e917d8d51de03\"},\"headline\":\"Panel en la ONU pide acciones concretas para poner fin a la impunidad en los cr\u00edmenes contra periodistas\",\"datePublished\":\"2015-11-04T17:34:03+00:00\",\"dateModified\":\"2022-02-01T23:07:05+00:00\",\"mainEntityOfPage\":{\"@id\":\"https:\\\/\\\/latamjournalismreview.org\\\/es\\\/articles\\\/panel-en-la-onu-pide-acciones-concretas-para-poner-fin-a-la-impunidad-en-los-crimenes-contra-periodistas\\\/\"},\"wordCount\":1351,\"publisher\":{\"@id\":\"https:\\\/\\\/latamjournalismreview.org\\\/es\\\/#organization\"},\"keywords\":[\"Amenazas contra periodistas\"],\"articleSection\":[\"Violencia contra periodistas\"],\"inLanguage\":\"es\"},{\"@type\":\"WebPage\",\"@id\":\"https:\\\/\\\/latamjournalismreview.org\\\/es\\\/articles\\\/panel-en-la-onu-pide-acciones-concretas-para-poner-fin-a-la-impunidad-en-los-crimenes-contra-periodistas\\\/\",\"url\":\"https:\\\/\\\/latamjournalismreview.org\\\/es\\\/articles\\\/panel-en-la-onu-pide-acciones-concretas-para-poner-fin-a-la-impunidad-en-los-crimenes-contra-periodistas\\\/\",\"name\":\"Panel en la ONU pide acciones concretas para poner fin a la impunidad en los cr\u00edmenes contra periodistas - LatAm Journalism Review\",\"isPartOf\":{\"@id\":\"https:\\\/\\\/latamjournalismreview.org\\\/es\\\/#website\"},\"datePublished\":\"2015-11-04T17:34:03+00:00\",\"dateModified\":\"2022-02-01T23:07:05+00:00\",\"description\":\"Panel en la ONU pide acciones concretas para poner fin a la impunidad en los cr\u00edmenes contra periodistas Violencia contra periodistas. Latin American Journalism Review by The Knight Center at The University of Texas at Austin.\",\"breadcrumb\":{\"@id\":\"https:\\\/\\\/latamjournalismreview.org\\\/es\\\/articles\\\/panel-en-la-onu-pide-acciones-concretas-para-poner-fin-a-la-impunidad-en-los-crimenes-contra-periodistas\\\/#breadcrumb\"},\"inLanguage\":\"es\",\"potentialAction\":[{\"@type\":\"ReadAction\",\"target\":[\"https:\\\/\\\/latamjournalismreview.org\\\/es\\\/articles\\\/panel-en-la-onu-pide-acciones-concretas-para-poner-fin-a-la-impunidad-en-los-crimenes-contra-periodistas\\\/\"]}]},{\"@type\":\"BreadcrumbList\",\"@id\":\"https:\\\/\\\/latamjournalismreview.org\\\/es\\\/articles\\\/panel-en-la-onu-pide-acciones-concretas-para-poner-fin-a-la-impunidad-en-los-crimenes-contra-periodistas\\\/#breadcrumb\",\"itemListElement\":[{\"@type\":\"ListItem\",\"position\":1,\"name\":\"Home\",\"item\":\"https:\\\/\\\/latamjournalismreview.org\\\/es\\\/\"},{\"@type\":\"ListItem\",\"position\":2,\"name\":\"Panel en la ONU pide acciones concretas para poner fin a la impunidad en los cr\u00edmenes contra periodistas\"}]},{\"@type\":\"WebSite\",\"@id\":\"https:\\\/\\\/latamjournalismreview.org\\\/es\\\/#website\",\"url\":\"https:\\\/\\\/latamjournalismreview.org\\\/es\\\/\",\"name\":\"LatAm Journalism Review\",\"description\":\"Knight Center at The University of Texas\",\"publisher\":{\"@id\":\"https:\\\/\\\/latamjournalismreview.org\\\/es\\\/#organization\"},\"potentialAction\":[{\"@type\":\"SearchAction\",\"target\":{\"@type\":\"EntryPoint\",\"urlTemplate\":\"https:\\\/\\\/latamjournalismreview.org\\\/es\\\/?s={search_term_string}\"},\"query-input\":{\"@type\":\"PropertyValueSpecification\",\"valueRequired\":true,\"valueName\":\"search_term_string\"}}],\"inLanguage\":\"es\"},{\"@type\":\"Organization\",\"@id\":\"https:\\\/\\\/latamjournalismreview.org\\\/es\\\/#organization\",\"name\":\"LatAm Journalism Review\",\"url\":\"https:\\\/\\\/latamjournalismreview.org\\\/es\\\/\",\"logo\":{\"@type\":\"ImageObject\",\"inLanguage\":\"es\",\"@id\":\"https:\\\/\\\/latamjournalismreview.org\\\/es\\\/#\\\/schema\\\/logo\\\/image\\\/\",\"url\":\"https:\\\/\\\/latamjournalismreview.org\\\/wp-content\\\/uploads\\\/2020\\\/05\\\/knight-latAm-review-logo.svg\",\"contentUrl\":\"https:\\\/\\\/latamjournalismreview.org\\\/wp-content\\\/uploads\\\/2020\\\/05\\\/knight-latAm-review-logo.svg\",\"width\":\"1024\",\"height\":\"1024\",\"caption\":\"LatAm Journalism Review\"},\"image\":{\"@id\":\"https:\\\/\\\/latamjournalismreview.org\\\/es\\\/#\\\/schema\\\/logo\\\/image\\\/\"},\"sameAs\":[\"https:\\\/\\\/x.com\\\/LatAmJournalism\"]},{\"@type\":\"Person\",\"@id\":\"https:\\\/\\\/latamjournalismreview.org\\\/es\\\/#\\\/schema\\\/person\\\/b83a4912f05c8178389e917d8d51de03\",\"name\":\"Teresa Mioli\",\"description\":\"Teresa Mioli is the editorial manager for the Knight Center for Journalism in the Americas. She is interested in press freedom, democratization, and investigative journalism in Latin America and is dedicated to increasing awareness about the importance of independent news media to the health of democracies. She produces journalistic work with the aim of helping people to make informed decisions about their lives and societies and wants to make sure other journalists are able to do the same. She has Bachelors' degrees in Journalism and Plan II Honors (Liberal Arts) and a Master's degree in Latin American Studies, all from the University of Texas at Austin. She started her journalistic career at The Beaumont Enterprise in Southeast Texas where she last worked as a breaking news reporter. ______ Teresa Mioli es la directora editorial del Centro Knight para el Periodismo en las Am\u00e9ricas. Es una periodista con inter\u00e9s en la libertad de prensa, la democratizaci\u00f3n y el periodismo investigativo en Am\u00e9rica Latina y est\u00e1 dedicada a crear mayor consciencia sobre la importancia de los medios noticiosos independientes para la salud de las democracias. El objetivo de su trabajo period\u00edstico es ayudar las personas para que tomen decisiones informadas sobre sus vidas y sus sociedades, y busca que otros periodistas tengan la posibilidad de hacer lo mismo. Teresa tiene una licenciatura en Periodismo y Artes liberales (Plan II Honors), y una maestr\u00eda en Estudios Latinoamericanos, todos de la Universidad de Texas en Austin. Empez\u00f3 su carrera en periodismo en The Beaumont Enterprise al sureste de Texas, en donde recientemente trabaj\u00f3 como reportera de noticias de \u00faltima hora. Anteriormente ella fue la editora de LatAm Journalism Review del Centro Knight. ______ Teresa Mioli \u00e9 gerente editorial do Centro Knight para o Jornalismo nas Am\u00e9ricas. Ela se interessa por liberdade de imprensa, democratiza\u00e7\u00e3o e jornalismo investigativo na Am\u00e9rica Latina e se dedica a aumentar a conscientiza\u00e7\u00e3o sobre a import\u00e2ncia da m\u00eddia independente para a sa\u00fade das democracias. Ela produz trabalhos jornal\u00edsticos com o objetivo de ajudar as pessoas a tomarem decis\u00f5es informadas sobre suas vidas e sociedades e deseja garantir que outros jornalistas possam fazer o mesmo. Ela tem bacharelado em jornalismo e artes liberais e um mestrado em Estudos Latino-Americanos, todos pela Universidade do Texas em Austin. Ela come\u00e7ou sua carreira jornal\u00edstica na The Beaumont Enterprise no sudeste do Texas, onde trabalhou pela \u00faltima vez como rep\u00f3rter de not\u00edcias de \u00faltima hora.\",\"sameAs\":[\"https:\\\/\\\/x.com\\\/TeresaMioli\"],\"url\":\"https:\\\/\\\/latamjournalismreview.org\\\/es\\\/articles\\\/author\\\/teresa-mioli\\\/\"}]}<\/script>\n<!-- \/ Yoast SEO Premium plugin. -->","yoast_head_json":{"title":"Panel en la ONU pide acciones concretas para poner fin a la impunidad en los cr\u00edmenes contra periodistas - LatAm Journalism Review","description":"Panel en la ONU pide acciones concretas para poner fin a la impunidad en los cr\u00edmenes contra periodistas Violencia contra periodistas. Latin American Journalism Review by The Knight Center at The University of Texas at Austin.","robots":{"index":"index","follow":"follow","max-snippet":"max-snippet:-1","max-image-preview":"max-image-preview:large","max-video-preview":"max-video-preview:-1"},"canonical":"https:\/\/latamjournalismreview.org\/es\/articles\/panel-en-la-onu-pide-acciones-concretas-para-poner-fin-a-la-impunidad-en-los-crimenes-contra-periodistas\/","og_locale":"es_ES","og_type":"article","og_title":"Panel en la ONU pide acciones concretas para poner fin a la impunidad en los cr\u00edmenes contra periodistas","og_description":"Panel en la ONU pide acciones concretas para poner fin a la impunidad en los cr\u00edmenes contra periodistas Violencia contra periodistas. Latin American Journalism Review by The Knight Center at The University of Texas at Austin.","og_url":"https:\/\/latamjournalismreview.org\/es\/articles\/panel-en-la-onu-pide-acciones-concretas-para-poner-fin-a-la-impunidad-en-los-crimenes-contra-periodistas\/","og_site_name":"LatAm Journalism Review","article_published_time":"2015-11-04T17:34:03+00:00","article_modified_time":"2022-02-01T23:07:05+00:00","author":"Teresa Mioli","twitter_card":"summary_large_image","twitter_creator":"@TeresaMioli","twitter_site":"@LatAmJournalism","twitter_misc":{"Written by":"Teresa Mioli","Est. reading time":"7 minutos"},"schema":{"@context":"https:\/\/schema.org","@graph":[{"@type":"Article","@id":"https:\/\/latamjournalismreview.org\/es\/articles\/panel-en-la-onu-pide-acciones-concretas-para-poner-fin-a-la-impunidad-en-los-crimenes-contra-periodistas\/#article","isPartOf":{"@id":"https:\/\/latamjournalismreview.org\/es\/articles\/panel-en-la-onu-pide-acciones-concretas-para-poner-fin-a-la-impunidad-en-los-crimenes-contra-periodistas\/"},"author":{"name":"Teresa Mioli","@id":"https:\/\/latamjournalismreview.org\/es\/#\/schema\/person\/b83a4912f05c8178389e917d8d51de03"},"headline":"Panel en la ONU pide acciones concretas para poner fin a la impunidad en los cr\u00edmenes contra periodistas","datePublished":"2015-11-04T17:34:03+00:00","dateModified":"2022-02-01T23:07:05+00:00","mainEntityOfPage":{"@id":"https:\/\/latamjournalismreview.org\/es\/articles\/panel-en-la-onu-pide-acciones-concretas-para-poner-fin-a-la-impunidad-en-los-crimenes-contra-periodistas\/"},"wordCount":1351,"publisher":{"@id":"https:\/\/latamjournalismreview.org\/es\/#organization"},"keywords":["Amenazas contra periodistas"],"articleSection":["Violencia contra periodistas"],"inLanguage":"es"},{"@type":"WebPage","@id":"https:\/\/latamjournalismreview.org\/es\/articles\/panel-en-la-onu-pide-acciones-concretas-para-poner-fin-a-la-impunidad-en-los-crimenes-contra-periodistas\/","url":"https:\/\/latamjournalismreview.org\/es\/articles\/panel-en-la-onu-pide-acciones-concretas-para-poner-fin-a-la-impunidad-en-los-crimenes-contra-periodistas\/","name":"Panel en la ONU pide acciones concretas para poner fin a la impunidad en los cr\u00edmenes contra periodistas - LatAm Journalism Review","isPartOf":{"@id":"https:\/\/latamjournalismreview.org\/es\/#website"},"datePublished":"2015-11-04T17:34:03+00:00","dateModified":"2022-02-01T23:07:05+00:00","description":"Panel en la ONU pide acciones concretas para poner fin a la impunidad en los cr\u00edmenes contra periodistas Violencia contra periodistas. Latin American Journalism Review by The Knight Center at The University of Texas at Austin.","breadcrumb":{"@id":"https:\/\/latamjournalismreview.org\/es\/articles\/panel-en-la-onu-pide-acciones-concretas-para-poner-fin-a-la-impunidad-en-los-crimenes-contra-periodistas\/#breadcrumb"},"inLanguage":"es","potentialAction":[{"@type":"ReadAction","target":["https:\/\/latamjournalismreview.org\/es\/articles\/panel-en-la-onu-pide-acciones-concretas-para-poner-fin-a-la-impunidad-en-los-crimenes-contra-periodistas\/"]}]},{"@type":"BreadcrumbList","@id":"https:\/\/latamjournalismreview.org\/es\/articles\/panel-en-la-onu-pide-acciones-concretas-para-poner-fin-a-la-impunidad-en-los-crimenes-contra-periodistas\/#breadcrumb","itemListElement":[{"@type":"ListItem","position":1,"name":"Home","item":"https:\/\/latamjournalismreview.org\/es\/"},{"@type":"ListItem","position":2,"name":"Panel en la ONU pide acciones concretas para poner fin a la impunidad en los cr\u00edmenes contra periodistas"}]},{"@type":"WebSite","@id":"https:\/\/latamjournalismreview.org\/es\/#website","url":"https:\/\/latamjournalismreview.org\/es\/","name":"LatAm Journalism Review","description":"Knight Center at The University of Texas","publisher":{"@id":"https:\/\/latamjournalismreview.org\/es\/#organization"},"potentialAction":[{"@type":"SearchAction","target":{"@type":"EntryPoint","urlTemplate":"https:\/\/latamjournalismreview.org\/es\/?s={search_term_string}"},"query-input":{"@type":"PropertyValueSpecification","valueRequired":true,"valueName":"search_term_string"}}],"inLanguage":"es"},{"@type":"Organization","@id":"https:\/\/latamjournalismreview.org\/es\/#organization","name":"LatAm Journalism Review","url":"https:\/\/latamjournalismreview.org\/es\/","logo":{"@type":"ImageObject","inLanguage":"es","@id":"https:\/\/latamjournalismreview.org\/es\/#\/schema\/logo\/image\/","url":"https:\/\/latamjournalismreview.org\/wp-content\/uploads\/2020\/05\/knight-latAm-review-logo.svg","contentUrl":"https:\/\/latamjournalismreview.org\/wp-content\/uploads\/2020\/05\/knight-latAm-review-logo.svg","width":"1024","height":"1024","caption":"LatAm Journalism Review"},"image":{"@id":"https:\/\/latamjournalismreview.org\/es\/#\/schema\/logo\/image\/"},"sameAs":["https:\/\/x.com\/LatAmJournalism"]},{"@type":"Person","@id":"https:\/\/latamjournalismreview.org\/es\/#\/schema\/person\/b83a4912f05c8178389e917d8d51de03","name":"Teresa Mioli","description":"Teresa Mioli is the editorial manager for the Knight Center for Journalism in the Americas. She is interested in press freedom, democratization, and investigative journalism in Latin America and is dedicated to increasing awareness about the importance of independent news media to the health of democracies. She produces journalistic work with the aim of helping people to make informed decisions about their lives and societies and wants to make sure other journalists are able to do the same. She has Bachelors' degrees in Journalism and Plan II Honors (Liberal Arts) and a Master's degree in Latin American Studies, all from the University of Texas at Austin. She started her journalistic career at The Beaumont Enterprise in Southeast Texas where she last worked as a breaking news reporter. ______ Teresa Mioli es la directora editorial del Centro Knight para el Periodismo en las Am\u00e9ricas. Es una periodista con inter\u00e9s en la libertad de prensa, la democratizaci\u00f3n y el periodismo investigativo en Am\u00e9rica Latina y est\u00e1 dedicada a crear mayor consciencia sobre la importancia de los medios noticiosos independientes para la salud de las democracias. El objetivo de su trabajo period\u00edstico es ayudar las personas para que tomen decisiones informadas sobre sus vidas y sus sociedades, y busca que otros periodistas tengan la posibilidad de hacer lo mismo. Teresa tiene una licenciatura en Periodismo y Artes liberales (Plan II Honors), y una maestr\u00eda en Estudios Latinoamericanos, todos de la Universidad de Texas en Austin. Empez\u00f3 su carrera en periodismo en The Beaumont Enterprise al sureste de Texas, en donde recientemente trabaj\u00f3 como reportera de noticias de \u00faltima hora. Anteriormente ella fue la editora de LatAm Journalism Review del Centro Knight. ______ Teresa Mioli \u00e9 gerente editorial do Centro Knight para o Jornalismo nas Am\u00e9ricas. Ela se interessa por liberdade de imprensa, democratiza\u00e7\u00e3o e jornalismo investigativo na Am\u00e9rica Latina e se dedica a aumentar a conscientiza\u00e7\u00e3o sobre a import\u00e2ncia da m\u00eddia independente para a sa\u00fade das democracias. Ela produz trabalhos jornal\u00edsticos com o objetivo de ajudar as pessoas a tomarem decis\u00f5es informadas sobre suas vidas e sociedades e deseja garantir que outros jornalistas possam fazer o mesmo. Ela tem bacharelado em jornalismo e artes liberais e um mestrado em Estudos Latino-Americanos, todos pela Universidade do Texas em Austin. Ela come\u00e7ou sua carreira jornal\u00edstica na The Beaumont Enterprise no sudeste do Texas, onde trabalhou pela \u00faltima vez como rep\u00f3rter de not\u00edcias de \u00faltima hora.","sameAs":["https:\/\/x.com\/TeresaMioli"],"url":"https:\/\/latamjournalismreview.org\/es\/articles\/author\/teresa-mioli\/"}]}},"_links":{"self":[{"href":"https:\/\/latamjournalismreview.org\/es\/wp-json\/wp\/v2\/posts\/48753","targetHints":{"allow":["GET"]}}],"collection":[{"href":"https:\/\/latamjournalismreview.org\/es\/wp-json\/wp\/v2\/posts"}],"about":[{"href":"https:\/\/latamjournalismreview.org\/es\/wp-json\/wp\/v2\/types\/post"}],"author":[{"embeddable":true,"href":"https:\/\/latamjournalismreview.org\/es\/wp-json\/wp\/v2\/users\/3"}],"replies":[{"embeddable":true,"href":"https:\/\/latamjournalismreview.org\/es\/wp-json\/wp\/v2\/comments?post=48753"}],"version-history":[{"count":2,"href":"https:\/\/latamjournalismreview.org\/es\/wp-json\/wp\/v2\/posts\/48753\/revisions"}],"predecessor-version":[{"id":48755,"href":"https:\/\/latamjournalismreview.org\/es\/wp-json\/wp\/v2\/posts\/48753\/revisions\/48755"}],"wp:attachment":[{"href":"https:\/\/latamjournalismreview.org\/es\/wp-json\/wp\/v2\/media?parent=48753"}],"wp:term":[{"taxonomy":"category","embeddable":true,"href":"https:\/\/latamjournalismreview.org\/es\/wp-json\/wp\/v2\/categories?post=48753"},{"taxonomy":"post_tag","embeddable":true,"href":"https:\/\/latamjournalismreview.org\/es\/wp-json\/wp\/v2\/tags?post=48753"},{"taxonomy":"author","embeddable":true,"href":"https:\/\/latamjournalismreview.org\/es\/wp-json\/wp\/v2\/coauthors?post=48753"}],"curies":[{"name":"wp","href":"https:\/\/api.w.org\/{rel}","templated":true}]}}