{"id":48883,"date":"2015-12-04T17:36:32","date_gmt":"2015-12-04T22:36:32","guid":{"rendered":"https:\/\/latamjournalismreview.org\/?p=48883"},"modified":"2022-02-01T20:03:17","modified_gmt":"2022-02-02T01:03:17","slug":"ecuador-declara-la-comunicacion-como-un-servicio-publico-y-fundamedios-lo-considera-un-grave-retroceso","status":"publish","type":"post","link":"https:\/\/latamjournalismreview.org\/es\/articles\/ecuador-declara-la-comunicacion-como-un-servicio-publico-y-fundamedios-lo-considera-un-grave-retroceso\/","title":{"rendered":"Ecuador declara la comunicaci\u00f3n como \"un servicio p\u00fablico\" y Fundamedios lo considera un \"grave retroceso\""},"content":{"rendered":"<p>La decisi\u00f3n de la <a href=\"http:\/\/www.elcomercio.com\/actualidad\/cambios-asamblea-enmiendas-constitucion-ecuador.html\" target=\"_blank\" rel=\"noopener\">Asamblea Nacional de Ecuador de aprobar el paquete de enmiendas a la Constituci\u00f3n<\/a> este 3 de diciembre, puso en alerta a las organizaciones de defensa de la libertad de expresi\u00f3n.<\/p>\n<p>La raz\u00f3n: dentro de dicho paquete de 15 enmiendas aprobadas por la gran mayor\u00eda oficialista de la Asamblea se encontraba un art\u00edculo que convirti\u00f3 la comunicaci\u00f3n en \"un servicio p\u00fablico\".<\/p>\n<p>Para la ONG Fundamedios esto \u201cimplica un <a href=\"http:\/\/www.fundamedios.org\/alertas\/asamblea-aprueba-cambio-la-constitucion-para-que-la-comunicacion-sea-considerada-como-servicio-publico\/\" target=\"_blank\" rel=\"noopener\">grave retroceso y vulneraci\u00f3n al derecho a la libertad de expresi\u00f3n<\/a>\u201d debido a que el Estado se convierte en el titular de un derecho humano.<\/p>\n<p>Un punto en el que coincid\u00edan algunos dirigente pol\u00edticos, como C\u00e9sar Mont\u00fafar, presidente del partido Movimiento Concertaci\u00f3n, quien dio declaraciones al diario <em>El Comercio<\/em> d\u00edas antes de la sesi\u00f3n del pasado 3 de diciembre.<\/p>\n<p>\u201cCuando se establece a la comunicaci\u00f3n no como un derecho sino como un servicio p\u00fablico, se le da al <a href=\"http:\/\/www.elcomercio.com\/actualidad\/comunicacion-derecho-serviciopublico-enmiendas-asamblea.html\" target=\"_blank\" rel=\"noopener\">Estado la potestad de determinar las condiciones e incluso el contenido que puede ejercer la comunicaci\u00f3n<\/a>\u201d, asegur\u00f3 Mont\u00fafar a El Comercio. \u201cEsto contradice de forma expl\u00edcita y clara este derecho fundamental en el que el Estado no puede de ninguna manera establecer par\u00e1metros o condiciones para ejercerlo\u201d.<\/p>\n<p>Con este cambio, el art\u00edculo 384 quedar\u00eda de la siguiente manera: \u201cLa comunicaci\u00f3n como un servicio p\u00fablico se prestar\u00e1 a trav\u00e9s de medios p\u00fablicos, privados y comunitarios. El sistema de comunicaci\u00f3n social asegurar\u00e1 el ejercicio de los derechos de la comunicaci\u00f3n, la informaci\u00f3n y la libertad de expresi\u00f3n, y fortalecer\u00e1 la participaci\u00f3n ciudadana\u201d, asegur\u00f3 Fundamedios.<\/p>\n<p>De acuerdo con Fundamedios, el proyecto para modificar la constituci\u00f3n \u00a0\u2013 que en su momento ten\u00eda 17 enmiendas \u2013 fue entregado por el bloque oficialista de la Asamblea a la Corte Constitucional el 16 de junio de 2014.<\/p>\n<p>El pasado 18 de junio, el presidente del pa\u00eds, Rafael Correa, le habr\u00eda sugerido a los integrantes de su movimiento \u201cprofundizar en cuestiones verdaderamente revolucionarias y se pregunt\u00f3 \u2018\u00bfpor qu\u00e9 no hacer una enmienda constitucional\u2019 para \u2018establecer que la comunicaci\u00f3n y particularmente la informaci\u00f3n no es un simple negocio privado\u2019 sino \u2018un servicio p\u00fablico que tiene que estar garantizado para la sociedad en forma adecuada?\u2019\u201d, public\u00f3 el diario <em>El Comercio<\/em> de acuerdo con Fundamedios.<\/p>\n<p>La <a href=\"http:\/\/www.asambleanacional.gob.ec\/es\/system\/files\/ley_organica_comunicacion.pdf\" target=\"_blank\" rel=\"noopener\">Ley Org\u00e1nica de Comunicaci\u00f3n<\/a> (LOC), aprobada en 2013, ya hab\u00eda introducido el concepto de comunicaci\u00f3n como servicio p\u00fablico. Un <a href=\"http:\/\/www.fundamedios.org\/alertas\/asamblea-aprueba-cambio-la-constitucion-para-que-la-comunicacion-sea-considerada-como-servicio-publico\/\" target=\"_blank\" rel=\"noopener\">concepto cuestionado por inconstitucionalidad<\/a> y que atentaba contra los tratados internacionales, seg\u00fan Fundamedios.<\/p>\n<p>En su momento, la Relator\u00eda Especial para la Libertad de Expresi\u00f3n de la Comisi\u00f3n Interamericana de Derechos Humanos (CIDH) emiti\u00f3 un comunicado expresando su preocupaci\u00f3n por la aprobaci\u00f3n de la LOC. De acuerdo con la Relator\u00eda Especial la \u201cgravosa regulaci\u00f3n\u201d parte del hecho de interpretar la comunicaci\u00f3n como servicio p\u00fablico.<\/p>\n<p>\u201cEn esa medida, entendido como servicio p\u00fablico, el <a href=\"http:\/\/www.oas.org\/es\/cidh\/expresion\/showarticle.asp?artID=928&amp;lID=2\" target=\"_blank\" rel=\"noopener\">Estado asume facultades exorbitantes de regulaci\u00f3n sobre el ejercicio del derecho fundamental a expresarse libremente<\/a> mediante el medio que cada persona escoja para hacerlo\u201d, se\u00f1ala el comunicado.<\/p>\n<p>No obstante, con la reciente aprobaci\u00f3n de reforma, el concepto tiene un mandato constitucional.<\/p>\n<p>\u201cLas enmiendas constitucionales de Ecuador violan principios democr\u00e1ticos\u201d, dijo por su parte Carlos Ponce, director de los programas para Am\u00e9rica Latina de la ONG Freedom House. \u201cAdem\u00e1s de eliminar los l\u00edmites del mandato a los funcionarios del gobierno, <a href=\"https:\/\/freedomhouse.org\/article\/constitutional-amendments-mark-major-setback-democracy-ecuador\" target=\"_blank\" rel=\"noopener\">socavan la libertad de expresi\u00f3n mediante la consagraci\u00f3n de la comunicaci\u00f3n como un \u2018servicio p\u00fablico\u2019<\/a> que est\u00e1 sujeto a la regulaci\u00f3n gubernamental onerosa, y permitiendo la participaci\u00f3n militar en trabajo dom\u00e9stico. Estas medidas se aprobaron a trav\u00e9s de una legislaci\u00f3n sin oposici\u00f3n en lugar de por voto nacional, violando la ley ecuatoriana y marcando un claro retroceso para la democracia\u201d.<\/p>\n<p>Fundamedios hizo un llamado \u201ca los ciudadanos ecuatorianos y a la comunidad internacional a estar vigilantes sobre <a href=\"http:\/\/www.fundamedios.org\/alertas\/asamblea-aprueba-cambio-la-constitucion-para-que-la-comunicacion-sea-considerada-como-servicio-publico\/\" target=\"_blank\" rel=\"noopener\">cualquier intento del Gobierno ecuatoriano de estatizar y tomar el control de un sistema de medios<\/a> que ya en este momento afronta las consecuencias de una concentraci\u00f3n de poder estatal desmedido\u201d.<\/p>\n<p>Tambi\u00e9n pidi\u00f3 estar atentos a cualquier intento de controlar los \u201ccontenidos de la plataforma de Internet y otros sistemas de comunicaci\u00f3n actualmente no controlados por el Estado\u201d.<\/p>\n<p><em>Nota del editor: Esta historia fue publicada originalmente en el blog Periodismo en las Am\u00e9ricas del Centro Knight, el predecesor de LatAm Journalism Review.<\/em><\/p>\n","protected":false},"excerpt":{"rendered":"<p>La decisi\u00f3n de la Asamblea Nacional de Ecuador de aprobar el paquete de enmiendas a la Constituci\u00f3n este 3 de diciembre, puso en alerta a las organizaciones de defensa de la libertad de expresi\u00f3n.<\/p>\n","protected":false},"author":13,"featured_media":0,"comment_status":"closed","ping_status":"closed","sticky":false,"template":"","format":"standard","meta":{"inline_featured_image":false,"footnotes":""},"categories":[1220],"tags":[1443,1483],"coauthors":[],"class_list":["post-48883","post","type-post","status-publish","format-standard","hentry","category-libertad-de-prensa-es","tag-ecuador-es","tag-legislacion-es"],"acf":[],"yoast_head":"<!-- This site is optimized with the Yoast SEO Premium plugin v22.6 (Yoast SEO v27.4) - https:\/\/yoast.com\/product\/yoast-seo-premium-wordpress\/ -->\n<title>Ecuador declara la comunicaci\u00f3n como &quot;un servicio p\u00fablico&quot; y Fundamedios lo considera un &quot;grave retroceso&quot; - LatAm Journalism Review<\/title>\n<meta name=\"description\" content=\"Ecuador declara la comunicaci\u00f3n como &quot;un servicio p\u00fablico&quot; y Fundamedios lo considera un &quot;grave retroceso&quot; Libertad de prensa. Latin American Journalism Review by The Knight Center at The University of Texas at Austin.\" \/>\n<meta name=\"robots\" content=\"index, follow, max-snippet:-1, max-image-preview:large, max-video-preview:-1\" \/>\n<link rel=\"canonical\" href=\"https:\/\/latamjournalismreview.org\/es\/articles\/ecuador-declara-la-comunicacion-como-un-servicio-publico-y-fundamedios-lo-considera-un-grave-retroceso\/\" \/>\n<meta property=\"og:locale\" content=\"es_ES\" \/>\n<meta property=\"og:type\" content=\"article\" \/>\n<meta property=\"og:title\" content=\"Ecuador declara la comunicaci\u00f3n como &quot;un servicio p\u00fablico&quot; y Fundamedios lo considera un &quot;grave retroceso&quot;\" \/>\n<meta property=\"og:description\" content=\"Ecuador declara la comunicaci\u00f3n como &quot;un servicio p\u00fablico&quot; y Fundamedios lo considera un &quot;grave retroceso&quot; Libertad de prensa. Latin American Journalism Review by The Knight Center at The University of Texas at Austin.\" \/>\n<meta property=\"og:url\" content=\"https:\/\/latamjournalismreview.org\/es\/articles\/ecuador-declara-la-comunicacion-como-un-servicio-publico-y-fundamedios-lo-considera-un-grave-retroceso\/\" \/>\n<meta property=\"og:site_name\" content=\"LatAm Journalism Review\" \/>\n<meta property=\"article:published_time\" content=\"2015-12-04T22:36:32+00:00\" \/>\n<meta property=\"article:modified_time\" content=\"2022-02-02T01:03:17+00:00\" \/>\n<meta name=\"author\" content=\"Silvia Higuera\" \/>\n<meta name=\"twitter:card\" content=\"summary_large_image\" \/>\n<meta name=\"twitter:creator\" content=\"@shiguerita\" \/>\n<meta name=\"twitter:site\" content=\"@LatAmJournalism\" \/>\n<meta name=\"twitter:label1\" content=\"Written by\" \/>\n\t<meta name=\"twitter:data1\" content=\"Silvia Higuera\" \/>\n\t<meta name=\"twitter:label2\" content=\"Est. reading time\" \/>\n\t<meta name=\"twitter:data2\" content=\"4 minutos\" \/>\n<script type=\"application\/ld+json\" class=\"yoast-schema-graph\">{\"@context\":\"https:\\\/\\\/schema.org\",\"@graph\":[{\"@type\":\"Article\",\"@id\":\"https:\\\/\\\/latamjournalismreview.org\\\/es\\\/articles\\\/ecuador-declara-la-comunicacion-como-un-servicio-publico-y-fundamedios-lo-considera-un-grave-retroceso\\\/#article\",\"isPartOf\":{\"@id\":\"https:\\\/\\\/latamjournalismreview.org\\\/es\\\/articles\\\/ecuador-declara-la-comunicacion-como-un-servicio-publico-y-fundamedios-lo-considera-un-grave-retroceso\\\/\"},\"author\":{\"name\":\"Silvia Higuera\",\"@id\":\"https:\\\/\\\/latamjournalismreview.org\\\/es\\\/#\\\/schema\\\/person\\\/eac7baa6afada0957e047be9fc15703a\"},\"headline\":\"Ecuador declara la comunicaci\u00f3n como \\\"un servicio p\u00fablico\\\" y Fundamedios lo considera un \\\"grave retroceso\\\"\",\"datePublished\":\"2015-12-04T22:36:32+00:00\",\"dateModified\":\"2022-02-02T01:03:17+00:00\",\"mainEntityOfPage\":{\"@id\":\"https:\\\/\\\/latamjournalismreview.org\\\/es\\\/articles\\\/ecuador-declara-la-comunicacion-como-un-servicio-publico-y-fundamedios-lo-considera-un-grave-retroceso\\\/\"},\"wordCount\":776,\"publisher\":{\"@id\":\"https:\\\/\\\/latamjournalismreview.org\\\/es\\\/#organization\"},\"keywords\":[\"Ecuador\",\"Legislaci\u00f3n\"],\"articleSection\":[\"Libertad de prensa\"],\"inLanguage\":\"es\"},{\"@type\":\"WebPage\",\"@id\":\"https:\\\/\\\/latamjournalismreview.org\\\/es\\\/articles\\\/ecuador-declara-la-comunicacion-como-un-servicio-publico-y-fundamedios-lo-considera-un-grave-retroceso\\\/\",\"url\":\"https:\\\/\\\/latamjournalismreview.org\\\/es\\\/articles\\\/ecuador-declara-la-comunicacion-como-un-servicio-publico-y-fundamedios-lo-considera-un-grave-retroceso\\\/\",\"name\":\"Ecuador declara la comunicaci\u00f3n como \\\"un servicio p\u00fablico\\\" y Fundamedios lo considera un \\\"grave retroceso\\\" - LatAm Journalism Review\",\"isPartOf\":{\"@id\":\"https:\\\/\\\/latamjournalismreview.org\\\/es\\\/#website\"},\"datePublished\":\"2015-12-04T22:36:32+00:00\",\"dateModified\":\"2022-02-02T01:03:17+00:00\",\"description\":\"Ecuador declara la comunicaci\u00f3n como \\\"un servicio p\u00fablico\\\" y Fundamedios lo considera un \\\"grave retroceso\\\" Libertad de prensa. Latin American Journalism Review by The Knight Center at The University of Texas at Austin.\",\"breadcrumb\":{\"@id\":\"https:\\\/\\\/latamjournalismreview.org\\\/es\\\/articles\\\/ecuador-declara-la-comunicacion-como-un-servicio-publico-y-fundamedios-lo-considera-un-grave-retroceso\\\/#breadcrumb\"},\"inLanguage\":\"es\",\"potentialAction\":[{\"@type\":\"ReadAction\",\"target\":[\"https:\\\/\\\/latamjournalismreview.org\\\/es\\\/articles\\\/ecuador-declara-la-comunicacion-como-un-servicio-publico-y-fundamedios-lo-considera-un-grave-retroceso\\\/\"]}]},{\"@type\":\"BreadcrumbList\",\"@id\":\"https:\\\/\\\/latamjournalismreview.org\\\/es\\\/articles\\\/ecuador-declara-la-comunicacion-como-un-servicio-publico-y-fundamedios-lo-considera-un-grave-retroceso\\\/#breadcrumb\",\"itemListElement\":[{\"@type\":\"ListItem\",\"position\":1,\"name\":\"Home\",\"item\":\"https:\\\/\\\/latamjournalismreview.org\\\/es\\\/\"},{\"@type\":\"ListItem\",\"position\":2,\"name\":\"Ecuador declara la comunicaci\u00f3n como \\\"un servicio p\u00fablico\\\" y Fundamedios lo considera un \\\"grave retroceso\\\"\"}]},{\"@type\":\"WebSite\",\"@id\":\"https:\\\/\\\/latamjournalismreview.org\\\/es\\\/#website\",\"url\":\"https:\\\/\\\/latamjournalismreview.org\\\/es\\\/\",\"name\":\"LatAm Journalism Review\",\"description\":\"Knight Center at The University of Texas\",\"publisher\":{\"@id\":\"https:\\\/\\\/latamjournalismreview.org\\\/es\\\/#organization\"},\"potentialAction\":[{\"@type\":\"SearchAction\",\"target\":{\"@type\":\"EntryPoint\",\"urlTemplate\":\"https:\\\/\\\/latamjournalismreview.org\\\/es\\\/?s={search_term_string}\"},\"query-input\":{\"@type\":\"PropertyValueSpecification\",\"valueRequired\":true,\"valueName\":\"search_term_string\"}}],\"inLanguage\":\"es\"},{\"@type\":\"Organization\",\"@id\":\"https:\\\/\\\/latamjournalismreview.org\\\/es\\\/#organization\",\"name\":\"LatAm Journalism Review\",\"url\":\"https:\\\/\\\/latamjournalismreview.org\\\/es\\\/\",\"logo\":{\"@type\":\"ImageObject\",\"inLanguage\":\"es\",\"@id\":\"https:\\\/\\\/latamjournalismreview.org\\\/es\\\/#\\\/schema\\\/logo\\\/image\\\/\",\"url\":\"https:\\\/\\\/latamjournalismreview.org\\\/wp-content\\\/uploads\\\/2020\\\/05\\\/knight-latAm-review-logo.svg\",\"contentUrl\":\"https:\\\/\\\/latamjournalismreview.org\\\/wp-content\\\/uploads\\\/2020\\\/05\\\/knight-latAm-review-logo.svg\",\"width\":\"1024\",\"height\":\"1024\",\"caption\":\"LatAm Journalism Review\"},\"image\":{\"@id\":\"https:\\\/\\\/latamjournalismreview.org\\\/es\\\/#\\\/schema\\\/logo\\\/image\\\/\"},\"sameAs\":[\"https:\\\/\\\/x.com\\\/LatAmJournalism\"]},{\"@type\":\"Person\",\"@id\":\"https:\\\/\\\/latamjournalismreview.org\\\/es\\\/#\\\/schema\\\/person\\\/eac7baa6afada0957e047be9fc15703a\",\"name\":\"Silvia Higuera\",\"description\":\"Silvia A. Higuera Fl\u00f3rez is a Colombian journalist interested in covering Latin American issues and human rights, especially the right to freedom of expression, and investigative journalism. She studied Social Communication and Journalism at Universidad Pontificia Bolivariana in Bucaramanga (Colombia), and received her Master's of Arts in Journalism from the University of Texas at Austin in 2015. She worked with the Office of the Special Rapporteur for Freedom of Expression of the Inter-American Commission on Human Rights (IACHR) under the Orlando Sierra fellowship during 2014. She also worked for the Colombian newspaper Vanguardia Liberal and wrote for different magazines about local, economic and public order issues. Her work has also appeared in The Miami Herald and El Nuevo Herald of Miami. Email: silvia.knightcenter@gmail.com Silvia A. Higuera Fl\u00f3rez es una periodista colombiana con inter\u00e9s period\u00edstico es Am\u00e9rica Latina y los derechos humanos, particularmente el derecho a la libertad de expresi\u00f3n, as\u00ed como el periodismo de investigaci\u00f3n. Estudi\u00f3 Comunicaci\u00f3n Social \u2013 Periodismo en la Universidad Pontificia Bolivariana de Bucaramanga (Colombia), y recibi\u00f3 su maestr\u00eda en Periodismo en la Universidad de Texas, en Austin en 2015. Trabaj\u00f3 para la Relator\u00eda Especial para la Libertad de Expresi\u00f3n de la Comisi\u00f3n Interamericana de Derechos Humanos (CIDH) en el marco de la beca Orlando Sierra, durante 2014. Tambi\u00e9n hizo parte del diario Vanguardia Liberal y escribi\u00f3 para otras revistas colombianas cubriendo fuentes locales, econ\u00f3micas y judiciales. Algunos de sus trabajos han aparecido en The Miami Herald y El Nuevo Herald de Miami. Silvia A. Higuera Fl\u00f3rez \u00e9 uma jornalista colombiana e seu interesse jornal\u00edstico \u00e9 a Am\u00e9rica Latina e os direitos humanos, nomeadamente o direito \u00e0 liberdade de express\u00e3o. Estudou Comunica\u00e7\u00e3o Social \u2013 Jornalismo na Universidade Pontif\u00edcia Bolivariana de Bucaramanga, na Col\u00f4mbia e completou seu mestrado em jornalismo na Universidade do Texas em Austin. Silvia trabalhou na Relatoria para a Liberdade de Express\u00e3o da CIDH pela bolsa Orlando Sierra, em 2014. Trabalhou para o jornal Vanguardia Liberal e escreveu para outras revistas colombianas cobrindo temas locais, econ\u00f4micas e judici\u00e1rias. Alguns de seus trabalhos apareceram no The Miami Herald e no El Nuevo Herald de Miami.\",\"sameAs\":[\"https:\\\/\\\/x.com\\\/shiguerita\"],\"url\":\"https:\\\/\\\/latamjournalismreview.org\\\/es\\\/articles\\\/author\\\/silvia-higuera\\\/\"}]}<\/script>\n<!-- \/ Yoast SEO Premium plugin. -->","yoast_head_json":{"title":"Ecuador declara la comunicaci\u00f3n como \"un servicio p\u00fablico\" y Fundamedios lo considera un \"grave retroceso\" - LatAm Journalism Review","description":"Ecuador declara la comunicaci\u00f3n como \"un servicio p\u00fablico\" y Fundamedios lo considera un \"grave retroceso\" Libertad de prensa. Latin American Journalism Review by The Knight Center at The University of Texas at Austin.","robots":{"index":"index","follow":"follow","max-snippet":"max-snippet:-1","max-image-preview":"max-image-preview:large","max-video-preview":"max-video-preview:-1"},"canonical":"https:\/\/latamjournalismreview.org\/es\/articles\/ecuador-declara-la-comunicacion-como-un-servicio-publico-y-fundamedios-lo-considera-un-grave-retroceso\/","og_locale":"es_ES","og_type":"article","og_title":"Ecuador declara la comunicaci\u00f3n como \"un servicio p\u00fablico\" y Fundamedios lo considera un \"grave retroceso\"","og_description":"Ecuador declara la comunicaci\u00f3n como \"un servicio p\u00fablico\" y Fundamedios lo considera un \"grave retroceso\" Libertad de prensa. Latin American Journalism Review by The Knight Center at The University of Texas at Austin.","og_url":"https:\/\/latamjournalismreview.org\/es\/articles\/ecuador-declara-la-comunicacion-como-un-servicio-publico-y-fundamedios-lo-considera-un-grave-retroceso\/","og_site_name":"LatAm Journalism Review","article_published_time":"2015-12-04T22:36:32+00:00","article_modified_time":"2022-02-02T01:03:17+00:00","author":"Silvia Higuera","twitter_card":"summary_large_image","twitter_creator":"@shiguerita","twitter_site":"@LatAmJournalism","twitter_misc":{"Written by":"Silvia Higuera","Est. reading time":"4 minutos"},"schema":{"@context":"https:\/\/schema.org","@graph":[{"@type":"Article","@id":"https:\/\/latamjournalismreview.org\/es\/articles\/ecuador-declara-la-comunicacion-como-un-servicio-publico-y-fundamedios-lo-considera-un-grave-retroceso\/#article","isPartOf":{"@id":"https:\/\/latamjournalismreview.org\/es\/articles\/ecuador-declara-la-comunicacion-como-un-servicio-publico-y-fundamedios-lo-considera-un-grave-retroceso\/"},"author":{"name":"Silvia Higuera","@id":"https:\/\/latamjournalismreview.org\/es\/#\/schema\/person\/eac7baa6afada0957e047be9fc15703a"},"headline":"Ecuador declara la comunicaci\u00f3n como \"un servicio p\u00fablico\" y Fundamedios lo considera un \"grave retroceso\"","datePublished":"2015-12-04T22:36:32+00:00","dateModified":"2022-02-02T01:03:17+00:00","mainEntityOfPage":{"@id":"https:\/\/latamjournalismreview.org\/es\/articles\/ecuador-declara-la-comunicacion-como-un-servicio-publico-y-fundamedios-lo-considera-un-grave-retroceso\/"},"wordCount":776,"publisher":{"@id":"https:\/\/latamjournalismreview.org\/es\/#organization"},"keywords":["Ecuador","Legislaci\u00f3n"],"articleSection":["Libertad de prensa"],"inLanguage":"es"},{"@type":"WebPage","@id":"https:\/\/latamjournalismreview.org\/es\/articles\/ecuador-declara-la-comunicacion-como-un-servicio-publico-y-fundamedios-lo-considera-un-grave-retroceso\/","url":"https:\/\/latamjournalismreview.org\/es\/articles\/ecuador-declara-la-comunicacion-como-un-servicio-publico-y-fundamedios-lo-considera-un-grave-retroceso\/","name":"Ecuador declara la comunicaci\u00f3n como \"un servicio p\u00fablico\" y Fundamedios lo considera un \"grave retroceso\" - LatAm Journalism Review","isPartOf":{"@id":"https:\/\/latamjournalismreview.org\/es\/#website"},"datePublished":"2015-12-04T22:36:32+00:00","dateModified":"2022-02-02T01:03:17+00:00","description":"Ecuador declara la comunicaci\u00f3n como \"un servicio p\u00fablico\" y Fundamedios lo considera un \"grave retroceso\" Libertad de prensa. Latin American Journalism Review by The Knight Center at The University of Texas at Austin.","breadcrumb":{"@id":"https:\/\/latamjournalismreview.org\/es\/articles\/ecuador-declara-la-comunicacion-como-un-servicio-publico-y-fundamedios-lo-considera-un-grave-retroceso\/#breadcrumb"},"inLanguage":"es","potentialAction":[{"@type":"ReadAction","target":["https:\/\/latamjournalismreview.org\/es\/articles\/ecuador-declara-la-comunicacion-como-un-servicio-publico-y-fundamedios-lo-considera-un-grave-retroceso\/"]}]},{"@type":"BreadcrumbList","@id":"https:\/\/latamjournalismreview.org\/es\/articles\/ecuador-declara-la-comunicacion-como-un-servicio-publico-y-fundamedios-lo-considera-un-grave-retroceso\/#breadcrumb","itemListElement":[{"@type":"ListItem","position":1,"name":"Home","item":"https:\/\/latamjournalismreview.org\/es\/"},{"@type":"ListItem","position":2,"name":"Ecuador declara la comunicaci\u00f3n como \"un servicio p\u00fablico\" y Fundamedios lo considera un \"grave retroceso\""}]},{"@type":"WebSite","@id":"https:\/\/latamjournalismreview.org\/es\/#website","url":"https:\/\/latamjournalismreview.org\/es\/","name":"LatAm Journalism Review","description":"Knight Center at The University of Texas","publisher":{"@id":"https:\/\/latamjournalismreview.org\/es\/#organization"},"potentialAction":[{"@type":"SearchAction","target":{"@type":"EntryPoint","urlTemplate":"https:\/\/latamjournalismreview.org\/es\/?s={search_term_string}"},"query-input":{"@type":"PropertyValueSpecification","valueRequired":true,"valueName":"search_term_string"}}],"inLanguage":"es"},{"@type":"Organization","@id":"https:\/\/latamjournalismreview.org\/es\/#organization","name":"LatAm Journalism Review","url":"https:\/\/latamjournalismreview.org\/es\/","logo":{"@type":"ImageObject","inLanguage":"es","@id":"https:\/\/latamjournalismreview.org\/es\/#\/schema\/logo\/image\/","url":"https:\/\/latamjournalismreview.org\/wp-content\/uploads\/2020\/05\/knight-latAm-review-logo.svg","contentUrl":"https:\/\/latamjournalismreview.org\/wp-content\/uploads\/2020\/05\/knight-latAm-review-logo.svg","width":"1024","height":"1024","caption":"LatAm Journalism Review"},"image":{"@id":"https:\/\/latamjournalismreview.org\/es\/#\/schema\/logo\/image\/"},"sameAs":["https:\/\/x.com\/LatAmJournalism"]},{"@type":"Person","@id":"https:\/\/latamjournalismreview.org\/es\/#\/schema\/person\/eac7baa6afada0957e047be9fc15703a","name":"Silvia Higuera","description":"Silvia A. Higuera Fl\u00f3rez is a Colombian journalist interested in covering Latin American issues and human rights, especially the right to freedom of expression, and investigative journalism. She studied Social Communication and Journalism at Universidad Pontificia Bolivariana in Bucaramanga (Colombia), and received her Master's of Arts in Journalism from the University of Texas at Austin in 2015. She worked with the Office of the Special Rapporteur for Freedom of Expression of the Inter-American Commission on Human Rights (IACHR) under the Orlando Sierra fellowship during 2014. She also worked for the Colombian newspaper Vanguardia Liberal and wrote for different magazines about local, economic and public order issues. Her work has also appeared in The Miami Herald and El Nuevo Herald of Miami. Email: silvia.knightcenter@gmail.com Silvia A. Higuera Fl\u00f3rez es una periodista colombiana con inter\u00e9s period\u00edstico es Am\u00e9rica Latina y los derechos humanos, particularmente el derecho a la libertad de expresi\u00f3n, as\u00ed como el periodismo de investigaci\u00f3n. Estudi\u00f3 Comunicaci\u00f3n Social \u2013 Periodismo en la Universidad Pontificia Bolivariana de Bucaramanga (Colombia), y recibi\u00f3 su maestr\u00eda en Periodismo en la Universidad de Texas, en Austin en 2015. Trabaj\u00f3 para la Relator\u00eda Especial para la Libertad de Expresi\u00f3n de la Comisi\u00f3n Interamericana de Derechos Humanos (CIDH) en el marco de la beca Orlando Sierra, durante 2014. Tambi\u00e9n hizo parte del diario Vanguardia Liberal y escribi\u00f3 para otras revistas colombianas cubriendo fuentes locales, econ\u00f3micas y judiciales. Algunos de sus trabajos han aparecido en The Miami Herald y El Nuevo Herald de Miami. Silvia A. Higuera Fl\u00f3rez \u00e9 uma jornalista colombiana e seu interesse jornal\u00edstico \u00e9 a Am\u00e9rica Latina e os direitos humanos, nomeadamente o direito \u00e0 liberdade de express\u00e3o. Estudou Comunica\u00e7\u00e3o Social \u2013 Jornalismo na Universidade Pontif\u00edcia Bolivariana de Bucaramanga, na Col\u00f4mbia e completou seu mestrado em jornalismo na Universidade do Texas em Austin. Silvia trabalhou na Relatoria para a Liberdade de Express\u00e3o da CIDH pela bolsa Orlando Sierra, em 2014. Trabalhou para o jornal Vanguardia Liberal e escreveu para outras revistas colombianas cobrindo temas locais, econ\u00f4micas e judici\u00e1rias. Alguns de seus trabalhos apareceram no The Miami Herald e no El Nuevo Herald de Miami.","sameAs":["https:\/\/x.com\/shiguerita"],"url":"https:\/\/latamjournalismreview.org\/es\/articles\/author\/silvia-higuera\/"}]}},"_links":{"self":[{"href":"https:\/\/latamjournalismreview.org\/es\/wp-json\/wp\/v2\/posts\/48883","targetHints":{"allow":["GET"]}}],"collection":[{"href":"https:\/\/latamjournalismreview.org\/es\/wp-json\/wp\/v2\/posts"}],"about":[{"href":"https:\/\/latamjournalismreview.org\/es\/wp-json\/wp\/v2\/types\/post"}],"author":[{"embeddable":true,"href":"https:\/\/latamjournalismreview.org\/es\/wp-json\/wp\/v2\/users\/13"}],"replies":[{"embeddable":true,"href":"https:\/\/latamjournalismreview.org\/es\/wp-json\/wp\/v2\/comments?post=48883"}],"version-history":[{"count":1,"href":"https:\/\/latamjournalismreview.org\/es\/wp-json\/wp\/v2\/posts\/48883\/revisions"}],"predecessor-version":[{"id":48884,"href":"https:\/\/latamjournalismreview.org\/es\/wp-json\/wp\/v2\/posts\/48883\/revisions\/48884"}],"wp:attachment":[{"href":"https:\/\/latamjournalismreview.org\/es\/wp-json\/wp\/v2\/media?parent=48883"}],"wp:term":[{"taxonomy":"category","embeddable":true,"href":"https:\/\/latamjournalismreview.org\/es\/wp-json\/wp\/v2\/categories?post=48883"},{"taxonomy":"post_tag","embeddable":true,"href":"https:\/\/latamjournalismreview.org\/es\/wp-json\/wp\/v2\/tags?post=48883"},{"taxonomy":"author","embeddable":true,"href":"https:\/\/latamjournalismreview.org\/es\/wp-json\/wp\/v2\/coauthors?post=48883"}],"curies":[{"name":"wp","href":"https:\/\/api.w.org\/{rel}","templated":true}]}}