{"id":49031,"date":"2011-07-22T12:45:19","date_gmt":"2011-07-22T17:45:19","guid":{"rendered":"https:\/\/latamjournalismreview.org\/?p=49031"},"modified":"2022-02-02T12:46:04","modified_gmt":"2022-02-02T17:46:04","slug":"periodista-que-denuncio-presion-politica-de-banda-de-extorsionadores-en-peru-es-amenazado-de-muerte","status":"publish","type":"post","link":"https:\/\/latamjournalismreview.org\/es\/articles\/periodista-que-denuncio-presion-politica-de-banda-de-extorsionadores-en-peru-es-amenazado-de-muerte\/","title":{"rendered":"Periodista que denunci\u00f3 presi\u00f3n pol\u00edtica de banda de extorsionadores en Per\u00fa es amenazado de muerte"},"content":{"rendered":"<p>El periodista Jaime Quispe, director del diario\u00a0<a href=\"http:\/\/jornada.com.pe\/\">Jornada<\/a>\u00a0de Ayacucho, fue\u00a0<a href=\"http:\/\/www.ipys.org\/index.php?q=alerta\/734\">amenazado de muerte<\/a>\u00a0tras denunciar a trav\u00e9s del peri\u00f3dico presuntas presiones pol\u00edticas para obtener la liberaci\u00f3n de un hermano del ex presidente del gobierno regional, quien est\u00e1 tras las rejas acusado de integrar una banda de extorsionadores, report\u00f3 el\u00a0<a href=\"http:\/\/www.ipys.org\/\">Instituto Prensa y Sociedad<\/a>\u00a0(IPYS).<\/p>\n<p>Quispe fue amenazado por un desconocido en\u00a0<a href=\"http:\/\/www.inforegion.pe\/portada\/109563\/amenazan-de-muerte-a-director-del-diario-jornada-de-ayacucho\">una llamada telef\u00f3nica en la que le advirti\u00f3 \"Vas a morir, vas a morir\u201d<\/a>, detall\u00f3\u00a0<a href=\"http:\/\/www.inforegion.pe\/\">Inforegi\u00f3n<\/a>, una agencia de prensa ambiental de la cual el periodista es coordinador regional.<\/p>\n<p>La\u00a0<a href=\"http:\/\/www.anp.org.pe\/\">Asociaci\u00f3n Nacional de Periodistas del Per\u00fa<\/a>\u00a0(ANP)\u00a0<a href=\"http:\/\/www.eworldcity.com\/pe\/Ayacucho\/news\">rechaz\u00f3 las amenazas al comunicador<\/a>\u00a0y anunci\u00f3 que har\u00edan una denuncia a nivel internacional \"para evitar que estas amenazas en lugar de acallar al periodista terminen convirti\u00e9ndose en un gran eco\".<\/p>\n<p>La ANP alert\u00f3 que en\u00a0<a href=\"http:\/\/es.wikipedia.org\/wiki\/Departamento_de_Ayacucho\">Ayacucho<\/a>\u00a0--una regi\u00f3n monta\u00f1osa de Per\u00fa que sufri\u00f3 el azote de la violencia del grupo terrorista\u00a0<a href=\"http:\/\/es.wikipedia.org\/wiki\/Sendero_Luminoso\">Sendero Luminoso<\/a>\u00a0en las d\u00e9cadas de 1980 y 1990-- es com\u00fan que se utilicen mecanismos que van desde querellas judiciales hasta las amenazas a los periodistas, en un intento por silenciar a la prensa cr\u00edtica.<\/p>\n<p>De acuerdo con datos de la ANP,\u00a0<a href=\"http:\/\/www.inforegion.pe\/portada\/109660\/anp-hara-denuncia-internacional-sobre-amenazas-a-periodista-de-ayacucho\">en los primeros siete meses de 2011 se ha registrado unas 200 agresiones a periodistas<\/a>\u00a0en Per\u00fa, cifra que correspondi\u00f3 al total anual en 2010.\u00a0<a href=\"http:\/\/knightcenter.utexas.edu\/es\/search\/node\/Per%C3%BA%20elecciones\">Muchas de estas agresiones se produjeron durante la campa\u00f1a para las elecciones presidenciales<\/a>\u00a0del 5 de junio, que gan\u00f3 el nacionalista\u00a0<a href=\"http:\/\/es.wikipedia.org\/wiki\/Ollanta_Humala\">Ollanta Humala<\/a>\u00a0en segunda vuelta.<\/p>\n<p><strong>Otras Noticias Relacionadas<\/strong><br \/>\n\u00bb Centro Knight<span>\u00a0(<a href=\"http:\/\/knightcenter.utexas.edu\/es\/blog\/denuncias-de-agresiones-y-censura-se-multiplican-en-peru-mientras-se-acerca-segunda-vuelta-elec\" target=\"_blank\" rel=\"noopener\">Denuncias de agresiones y censura se multiplican en Per\u00fa mientras se acerca segunda vuelta electoral<\/a>)<\/p>\n<p><em>Nota del editor: Esta historia fue publicada originalmente en el blog Periodismo en las Am\u00e9ricas del Centro Knight, el predecesor de LatAm Journalism Review.<\/em><br \/>\n<\/span><\/p>\n","protected":false},"excerpt":{"rendered":"<p>El periodista Jaime Quispe, director del diario\u00a0Jornada\u00a0de Ayacucho, fue\u00a0amenazado de muerte\u00a0tras denunciar a trav\u00e9s del peri\u00f3dico presuntas presiones pol\u00edticas para obtener la liberaci\u00f3n de un hermano del ex presidente del gobierno regional, quien est\u00e1 tras las rejas acusado de integrar una banda de extorsionadores, report\u00f3 el\u00a0Instituto Prensa y Sociedad\u00a0(IPYS).<\/p>\n","protected":false},"author":43,"featured_media":0,"comment_status":"closed","ping_status":"closed","sticky":false,"template":"","format":"standard","meta":{"inline_featured_image":false,"footnotes":""},"categories":[1222],"tags":[1522,1505],"coauthors":[],"class_list":["post-49031","post","type-post","status-publish","format-standard","hentry","category-violencia-contra-periodistas-es","tag-amenazas-contra-periodistas-es","tag-peru-es"],"acf":[],"yoast_head":"<!-- This site is optimized with the Yoast SEO Premium plugin v22.6 (Yoast SEO v27.4) - https:\/\/yoast.com\/product\/yoast-seo-premium-wordpress\/ -->\n<title>Periodista que denunci\u00f3 presi\u00f3n pol\u00edtica de banda de extorsionadores en Per\u00fa es amenazado de muerte - LatAm Journalism Review<\/title>\n<meta name=\"description\" content=\"Periodista que denunci\u00f3 presi\u00f3n pol\u00edtica de banda de extorsionadores en Per\u00fa es amenazado de muerte Violencia contra periodistas. Latin American Journalism Review by The Knight Center at The University of Texas at Austin.\" \/>\n<meta name=\"robots\" content=\"index, follow, max-snippet:-1, max-image-preview:large, max-video-preview:-1\" \/>\n<link rel=\"canonical\" href=\"https:\/\/latamjournalismreview.org\/es\/articles\/periodista-que-denuncio-presion-politica-de-banda-de-extorsionadores-en-peru-es-amenazado-de-muerte\/\" \/>\n<meta property=\"og:locale\" content=\"es_ES\" \/>\n<meta property=\"og:type\" content=\"article\" \/>\n<meta property=\"og:title\" content=\"Periodista que denunci\u00f3 presi\u00f3n pol\u00edtica de banda de extorsionadores en Per\u00fa es amenazado de muerte\" \/>\n<meta property=\"og:description\" content=\"Periodista que denunci\u00f3 presi\u00f3n pol\u00edtica de banda de extorsionadores en Per\u00fa es amenazado de muerte Violencia contra periodistas. Latin American Journalism Review by The Knight Center at The University of Texas at Austin.\" \/>\n<meta property=\"og:url\" content=\"https:\/\/latamjournalismreview.org\/es\/articles\/periodista-que-denuncio-presion-politica-de-banda-de-extorsionadores-en-peru-es-amenazado-de-muerte\/\" \/>\n<meta property=\"og:site_name\" content=\"LatAm Journalism Review\" \/>\n<meta property=\"article:published_time\" content=\"2011-07-22T17:45:19+00:00\" \/>\n<meta property=\"article:modified_time\" content=\"2022-02-02T17:46:04+00:00\" \/>\n<meta name=\"author\" content=\"Monica Medel\" \/>\n<meta name=\"twitter:card\" content=\"summary_large_image\" \/>\n<meta name=\"twitter:creator\" content=\"@LatAmJournalism\" \/>\n<meta name=\"twitter:site\" content=\"@LatAmJournalism\" \/>\n<meta name=\"twitter:label1\" content=\"Written by\" \/>\n\t<meta name=\"twitter:data1\" content=\"Monica Medel\" \/>\n\t<meta name=\"twitter:label2\" content=\"Est. reading time\" \/>\n\t<meta name=\"twitter:data2\" content=\"1 minuto\" \/>\n<script type=\"application\/ld+json\" class=\"yoast-schema-graph\">{\"@context\":\"https:\\\/\\\/schema.org\",\"@graph\":[{\"@type\":\"Article\",\"@id\":\"https:\\\/\\\/latamjournalismreview.org\\\/es\\\/articles\\\/periodista-que-denuncio-presion-politica-de-banda-de-extorsionadores-en-peru-es-amenazado-de-muerte\\\/#article\",\"isPartOf\":{\"@id\":\"https:\\\/\\\/latamjournalismreview.org\\\/es\\\/articles\\\/periodista-que-denuncio-presion-politica-de-banda-de-extorsionadores-en-peru-es-amenazado-de-muerte\\\/\"},\"author\":{\"name\":\"Monica Medel\",\"@id\":\"https:\\\/\\\/latamjournalismreview.org\\\/es\\\/#\\\/schema\\\/person\\\/1746872e9af4abc45355e4a7a4ddcea5\"},\"headline\":\"Periodista que denunci\u00f3 presi\u00f3n pol\u00edtica de banda de extorsionadores en Per\u00fa es amenazado de muerte\",\"datePublished\":\"2011-07-22T17:45:19+00:00\",\"dateModified\":\"2022-02-02T17:46:04+00:00\",\"mainEntityOfPage\":{\"@id\":\"https:\\\/\\\/latamjournalismreview.org\\\/es\\\/articles\\\/periodista-que-denuncio-presion-politica-de-banda-de-extorsionadores-en-peru-es-amenazado-de-muerte\\\/\"},\"wordCount\":316,\"publisher\":{\"@id\":\"https:\\\/\\\/latamjournalismreview.org\\\/es\\\/#organization\"},\"keywords\":[\"Amenazas contra periodistas\",\"Per\u00fa\"],\"articleSection\":[\"Violencia contra periodistas\"],\"inLanguage\":\"es\"},{\"@type\":\"WebPage\",\"@id\":\"https:\\\/\\\/latamjournalismreview.org\\\/es\\\/articles\\\/periodista-que-denuncio-presion-politica-de-banda-de-extorsionadores-en-peru-es-amenazado-de-muerte\\\/\",\"url\":\"https:\\\/\\\/latamjournalismreview.org\\\/es\\\/articles\\\/periodista-que-denuncio-presion-politica-de-banda-de-extorsionadores-en-peru-es-amenazado-de-muerte\\\/\",\"name\":\"Periodista que denunci\u00f3 presi\u00f3n pol\u00edtica de banda de extorsionadores en Per\u00fa es amenazado de muerte - LatAm Journalism Review\",\"isPartOf\":{\"@id\":\"https:\\\/\\\/latamjournalismreview.org\\\/es\\\/#website\"},\"datePublished\":\"2011-07-22T17:45:19+00:00\",\"dateModified\":\"2022-02-02T17:46:04+00:00\",\"description\":\"Periodista que denunci\u00f3 presi\u00f3n pol\u00edtica de banda de extorsionadores en Per\u00fa es amenazado de muerte Violencia contra periodistas. Latin American Journalism Review by The Knight Center at The University of Texas at Austin.\",\"breadcrumb\":{\"@id\":\"https:\\\/\\\/latamjournalismreview.org\\\/es\\\/articles\\\/periodista-que-denuncio-presion-politica-de-banda-de-extorsionadores-en-peru-es-amenazado-de-muerte\\\/#breadcrumb\"},\"inLanguage\":\"es\",\"potentialAction\":[{\"@type\":\"ReadAction\",\"target\":[\"https:\\\/\\\/latamjournalismreview.org\\\/es\\\/articles\\\/periodista-que-denuncio-presion-politica-de-banda-de-extorsionadores-en-peru-es-amenazado-de-muerte\\\/\"]}]},{\"@type\":\"BreadcrumbList\",\"@id\":\"https:\\\/\\\/latamjournalismreview.org\\\/es\\\/articles\\\/periodista-que-denuncio-presion-politica-de-banda-de-extorsionadores-en-peru-es-amenazado-de-muerte\\\/#breadcrumb\",\"itemListElement\":[{\"@type\":\"ListItem\",\"position\":1,\"name\":\"Home\",\"item\":\"https:\\\/\\\/latamjournalismreview.org\\\/es\\\/\"},{\"@type\":\"ListItem\",\"position\":2,\"name\":\"Periodista que denunci\u00f3 presi\u00f3n pol\u00edtica de banda de extorsionadores en Per\u00fa es amenazado de muerte\"}]},{\"@type\":\"WebSite\",\"@id\":\"https:\\\/\\\/latamjournalismreview.org\\\/es\\\/#website\",\"url\":\"https:\\\/\\\/latamjournalismreview.org\\\/es\\\/\",\"name\":\"LatAm Journalism Review\",\"description\":\"Knight Center at The University of Texas\",\"publisher\":{\"@id\":\"https:\\\/\\\/latamjournalismreview.org\\\/es\\\/#organization\"},\"potentialAction\":[{\"@type\":\"SearchAction\",\"target\":{\"@type\":\"EntryPoint\",\"urlTemplate\":\"https:\\\/\\\/latamjournalismreview.org\\\/es\\\/?s={search_term_string}\"},\"query-input\":{\"@type\":\"PropertyValueSpecification\",\"valueRequired\":true,\"valueName\":\"search_term_string\"}}],\"inLanguage\":\"es\"},{\"@type\":\"Organization\",\"@id\":\"https:\\\/\\\/latamjournalismreview.org\\\/es\\\/#organization\",\"name\":\"LatAm Journalism Review\",\"url\":\"https:\\\/\\\/latamjournalismreview.org\\\/es\\\/\",\"logo\":{\"@type\":\"ImageObject\",\"inLanguage\":\"es\",\"@id\":\"https:\\\/\\\/latamjournalismreview.org\\\/es\\\/#\\\/schema\\\/logo\\\/image\\\/\",\"url\":\"https:\\\/\\\/latamjournalismreview.org\\\/wp-content\\\/uploads\\\/2020\\\/05\\\/knight-latAm-review-logo.svg\",\"contentUrl\":\"https:\\\/\\\/latamjournalismreview.org\\\/wp-content\\\/uploads\\\/2020\\\/05\\\/knight-latAm-review-logo.svg\",\"width\":\"1024\",\"height\":\"1024\",\"caption\":\"LatAm Journalism Review\"},\"image\":{\"@id\":\"https:\\\/\\\/latamjournalismreview.org\\\/es\\\/#\\\/schema\\\/logo\\\/image\\\/\"},\"sameAs\":[\"https:\\\/\\\/x.com\\\/LatAmJournalism\"]},{\"@type\":\"Person\",\"@id\":\"https:\\\/\\\/latamjournalismreview.org\\\/es\\\/#\\\/schema\\\/person\\\/1746872e9af4abc45355e4a7a4ddcea5\",\"name\":\"Monica Medel\",\"url\":\"https:\\\/\\\/latamjournalismreview.org\\\/es\\\/articles\\\/author\\\/monica-medel\\\/\"}]}<\/script>\n<!-- \/ Yoast SEO Premium plugin. -->","yoast_head_json":{"title":"Periodista que denunci\u00f3 presi\u00f3n pol\u00edtica de banda de extorsionadores en Per\u00fa es amenazado de muerte - LatAm Journalism Review","description":"Periodista que denunci\u00f3 presi\u00f3n pol\u00edtica de banda de extorsionadores en Per\u00fa es amenazado de muerte Violencia contra periodistas. Latin American Journalism Review by The Knight Center at The University of Texas at Austin.","robots":{"index":"index","follow":"follow","max-snippet":"max-snippet:-1","max-image-preview":"max-image-preview:large","max-video-preview":"max-video-preview:-1"},"canonical":"https:\/\/latamjournalismreview.org\/es\/articles\/periodista-que-denuncio-presion-politica-de-banda-de-extorsionadores-en-peru-es-amenazado-de-muerte\/","og_locale":"es_ES","og_type":"article","og_title":"Periodista que denunci\u00f3 presi\u00f3n pol\u00edtica de banda de extorsionadores en Per\u00fa es amenazado de muerte","og_description":"Periodista que denunci\u00f3 presi\u00f3n pol\u00edtica de banda de extorsionadores en Per\u00fa es amenazado de muerte Violencia contra periodistas. Latin American Journalism Review by The Knight Center at The University of Texas at Austin.","og_url":"https:\/\/latamjournalismreview.org\/es\/articles\/periodista-que-denuncio-presion-politica-de-banda-de-extorsionadores-en-peru-es-amenazado-de-muerte\/","og_site_name":"LatAm Journalism Review","article_published_time":"2011-07-22T17:45:19+00:00","article_modified_time":"2022-02-02T17:46:04+00:00","author":"Monica Medel","twitter_card":"summary_large_image","twitter_creator":"@LatAmJournalism","twitter_site":"@LatAmJournalism","twitter_misc":{"Written by":"Monica Medel","Est. reading time":"1 minuto"},"schema":{"@context":"https:\/\/schema.org","@graph":[{"@type":"Article","@id":"https:\/\/latamjournalismreview.org\/es\/articles\/periodista-que-denuncio-presion-politica-de-banda-de-extorsionadores-en-peru-es-amenazado-de-muerte\/#article","isPartOf":{"@id":"https:\/\/latamjournalismreview.org\/es\/articles\/periodista-que-denuncio-presion-politica-de-banda-de-extorsionadores-en-peru-es-amenazado-de-muerte\/"},"author":{"name":"Monica Medel","@id":"https:\/\/latamjournalismreview.org\/es\/#\/schema\/person\/1746872e9af4abc45355e4a7a4ddcea5"},"headline":"Periodista que denunci\u00f3 presi\u00f3n pol\u00edtica de banda de extorsionadores en Per\u00fa es amenazado de muerte","datePublished":"2011-07-22T17:45:19+00:00","dateModified":"2022-02-02T17:46:04+00:00","mainEntityOfPage":{"@id":"https:\/\/latamjournalismreview.org\/es\/articles\/periodista-que-denuncio-presion-politica-de-banda-de-extorsionadores-en-peru-es-amenazado-de-muerte\/"},"wordCount":316,"publisher":{"@id":"https:\/\/latamjournalismreview.org\/es\/#organization"},"keywords":["Amenazas contra periodistas","Per\u00fa"],"articleSection":["Violencia contra periodistas"],"inLanguage":"es"},{"@type":"WebPage","@id":"https:\/\/latamjournalismreview.org\/es\/articles\/periodista-que-denuncio-presion-politica-de-banda-de-extorsionadores-en-peru-es-amenazado-de-muerte\/","url":"https:\/\/latamjournalismreview.org\/es\/articles\/periodista-que-denuncio-presion-politica-de-banda-de-extorsionadores-en-peru-es-amenazado-de-muerte\/","name":"Periodista que denunci\u00f3 presi\u00f3n pol\u00edtica de banda de extorsionadores en Per\u00fa es amenazado de muerte - LatAm Journalism Review","isPartOf":{"@id":"https:\/\/latamjournalismreview.org\/es\/#website"},"datePublished":"2011-07-22T17:45:19+00:00","dateModified":"2022-02-02T17:46:04+00:00","description":"Periodista que denunci\u00f3 presi\u00f3n pol\u00edtica de banda de extorsionadores en Per\u00fa es amenazado de muerte Violencia contra periodistas. Latin American Journalism Review by The Knight Center at The University of Texas at Austin.","breadcrumb":{"@id":"https:\/\/latamjournalismreview.org\/es\/articles\/periodista-que-denuncio-presion-politica-de-banda-de-extorsionadores-en-peru-es-amenazado-de-muerte\/#breadcrumb"},"inLanguage":"es","potentialAction":[{"@type":"ReadAction","target":["https:\/\/latamjournalismreview.org\/es\/articles\/periodista-que-denuncio-presion-politica-de-banda-de-extorsionadores-en-peru-es-amenazado-de-muerte\/"]}]},{"@type":"BreadcrumbList","@id":"https:\/\/latamjournalismreview.org\/es\/articles\/periodista-que-denuncio-presion-politica-de-banda-de-extorsionadores-en-peru-es-amenazado-de-muerte\/#breadcrumb","itemListElement":[{"@type":"ListItem","position":1,"name":"Home","item":"https:\/\/latamjournalismreview.org\/es\/"},{"@type":"ListItem","position":2,"name":"Periodista que denunci\u00f3 presi\u00f3n pol\u00edtica de banda de extorsionadores en Per\u00fa es amenazado de muerte"}]},{"@type":"WebSite","@id":"https:\/\/latamjournalismreview.org\/es\/#website","url":"https:\/\/latamjournalismreview.org\/es\/","name":"LatAm Journalism Review","description":"Knight Center at The University of Texas","publisher":{"@id":"https:\/\/latamjournalismreview.org\/es\/#organization"},"potentialAction":[{"@type":"SearchAction","target":{"@type":"EntryPoint","urlTemplate":"https:\/\/latamjournalismreview.org\/es\/?s={search_term_string}"},"query-input":{"@type":"PropertyValueSpecification","valueRequired":true,"valueName":"search_term_string"}}],"inLanguage":"es"},{"@type":"Organization","@id":"https:\/\/latamjournalismreview.org\/es\/#organization","name":"LatAm Journalism Review","url":"https:\/\/latamjournalismreview.org\/es\/","logo":{"@type":"ImageObject","inLanguage":"es","@id":"https:\/\/latamjournalismreview.org\/es\/#\/schema\/logo\/image\/","url":"https:\/\/latamjournalismreview.org\/wp-content\/uploads\/2020\/05\/knight-latAm-review-logo.svg","contentUrl":"https:\/\/latamjournalismreview.org\/wp-content\/uploads\/2020\/05\/knight-latAm-review-logo.svg","width":"1024","height":"1024","caption":"LatAm Journalism Review"},"image":{"@id":"https:\/\/latamjournalismreview.org\/es\/#\/schema\/logo\/image\/"},"sameAs":["https:\/\/x.com\/LatAmJournalism"]},{"@type":"Person","@id":"https:\/\/latamjournalismreview.org\/es\/#\/schema\/person\/1746872e9af4abc45355e4a7a4ddcea5","name":"Monica Medel","url":"https:\/\/latamjournalismreview.org\/es\/articles\/author\/monica-medel\/"}]}},"_links":{"self":[{"href":"https:\/\/latamjournalismreview.org\/es\/wp-json\/wp\/v2\/posts\/49031","targetHints":{"allow":["GET"]}}],"collection":[{"href":"https:\/\/latamjournalismreview.org\/es\/wp-json\/wp\/v2\/posts"}],"about":[{"href":"https:\/\/latamjournalismreview.org\/es\/wp-json\/wp\/v2\/types\/post"}],"author":[{"embeddable":true,"href":"https:\/\/latamjournalismreview.org\/es\/wp-json\/wp\/v2\/users\/43"}],"replies":[{"embeddable":true,"href":"https:\/\/latamjournalismreview.org\/es\/wp-json\/wp\/v2\/comments?post=49031"}],"version-history":[{"count":1,"href":"https:\/\/latamjournalismreview.org\/es\/wp-json\/wp\/v2\/posts\/49031\/revisions"}],"predecessor-version":[{"id":49033,"href":"https:\/\/latamjournalismreview.org\/es\/wp-json\/wp\/v2\/posts\/49031\/revisions\/49033"}],"wp:attachment":[{"href":"https:\/\/latamjournalismreview.org\/es\/wp-json\/wp\/v2\/media?parent=49031"}],"wp:term":[{"taxonomy":"category","embeddable":true,"href":"https:\/\/latamjournalismreview.org\/es\/wp-json\/wp\/v2\/categories?post=49031"},{"taxonomy":"post_tag","embeddable":true,"href":"https:\/\/latamjournalismreview.org\/es\/wp-json\/wp\/v2\/tags?post=49031"},{"taxonomy":"author","embeddable":true,"href":"https:\/\/latamjournalismreview.org\/es\/wp-json\/wp\/v2\/coauthors?post=49031"}],"curies":[{"name":"wp","href":"https:\/\/api.w.org\/{rel}","templated":true}]}}