{"id":4915,"date":"2019-06-24T11:43:44","date_gmt":"2019-06-24T16:43:44","guid":{"rendered":"https:\/\/live-lajr.pantheonsite.io\/?p=4915"},"modified":"2020-06-15T17:00:23","modified_gmt":"2020-06-15T22:00:23","slug":"crece-uso-de-instagram-y-whatsapp-para-el-consumo-de-noticias-en-linea-en-argentina-brasil-chile-y-mexico-senala-informe","status":"publish","type":"post","link":"https:\/\/latamjournalismreview.org\/es\/articles\/crece-uso-de-instagram-y-whatsapp-para-el-consumo-de-noticias-en-linea-en-argentina-brasil-chile-y-mexico-senala-informe\/","title":{"rendered":"Crece uso de Instagram y WhatsApp para el consumo de noticias en l\u00ednea en Argentina, Brasil, Chile y M\u00e9xico, se\u00f1ala informe"},"content":{"rendered":"<p>En el \u00faltimo a\u00f1o, el uso de Instagram y WhatsApp para el consumo de noticias en l\u00ednea ha crecido de manera significativa en al menos cuatro pa\u00edses de Am\u00e9rica Latina: Argentina, Brasil, Chile y M\u00e9xico. Solamente en Brasil, el 53% de estos consumidores utilizan WhatsApp para este fin, el mayor \u00edndice entre 38 pa\u00edses.<\/p>\n<div id=\"attachment_4914\" style=\"width: 347px\" class=\"wp-caption alignright\"><img loading=\"lazy\" decoding=\"async\" aria-describedby=\"caption-attachment-4914\" class=\"wp-image-4914\" src=\"https:\/\/live-lajr.pantheonsite.io\/wp-content\/uploads\/2019\/06\/Reuters-report-211x300.png\" alt=\"Reuters report\" width=\"337\" height=\"479\" \/><p id=\"caption-attachment-4914\" class=\"wp-caption-text\">Reuters Institute Digital News Report 2019<\/p><\/div>\n<p>Estos son algunos de los datos presentes en el m\u00e1s reciente <a href=\"http:\/\/www.digitalnewsreport.org\/\" target=\"_blank\" rel=\"noopener noreferrer\">Digital News Report<\/a> (Informe de Noticias Digitales) del Instituto Reuters para el Estudio del Periodismo de la Universidad de Oxford en el Reino Unido.<\/p>\n<p><span style=\"font-size: 1em;\">El informe divulgado a mediados de junio trae los resultados de una encuesta realizada en 38 pa\u00edses entre enero y febrero de 2019. <a href=\"http:\/\/www.digitalnewsreport.org\/\" target=\"_blank\" rel=\"noopener noreferrer\">Se escucharon cerca de 75 mil usuarios de internet<\/a> que consumen noticias en l\u00ednea.<\/span><\/p>\n<p>De Am\u00e9rica Latina fueron incluidos <a href=\"http:\/\/www.digitalnewsreport.org\/survey\/2019\/argentina-2019\/\" target=\"_blank\" rel=\"noopener noreferrer\">Argentina<\/a>, <a href=\"http:\/\/www.digitalnewsreport.org\/survey\/2019\/brazil-2019\/\" target=\"_blank\" rel=\"noopener noreferrer\">Brasil<\/a>, <a href=\"http:\/\/www.digitalnewsreport.org\/survey\/2019\/chile-2019\/\" target=\"_blank\" rel=\"noopener noreferrer\">Chile<\/a> y <a href=\"http:\/\/www.digitalnewsreport.org\/survey\/2019\/mexico-2019\/\" target=\"_blank\" rel=\"noopener noreferrer\">M\u00e9xico<\/a>, y fueron entrevistadas cerca de 2.000 personas en cada pa\u00eds.<\/p>\n<p>Entre 2018 y 2019 en la regi\u00f3n se destaca un crecimiento promedio del 7,5% en el uso de Instagram y de 4,2% en el uso de WhatsApp para el consumo de noticias en l\u00ednea, mientras que el uso de Facebook para el mismo fin creci\u00f3 1,7 %. Facebook sigue siendo la principal red social utilizada para el consumo de noticias en l\u00ednea en los cuatro pa\u00edses, seguido por WhatsApp en Argentina, Brasil y Chile, y por YouTube en M\u00e9xico.<\/p>\n<p><span style=\"font-size: 1em;\">En Brasil, el 26% usa Instagram para el consumo de noticias, \u00edndice superado solamente por Turqu\u00eda (33%). En los otros tres pa\u00edses, ese \u00edndice no pasa del 20%.<\/span><\/p>\n<p><span style=\"font-size: 1em;\">El estudio observa que en Brasil casi seis de cada diez usuarios de WhatsApp (58%) participan en grupos con personas que no conocen, un \u00edndice que es de aproximadamente uno de cada diez (12%) en el Reino Unido, donde se encuentra el Instituto Reuters. En Brasil, casi un quinto de los usuarios de la aplicaci\u00f3n (18%) discute noticias y pol\u00edtica en estos grupos, mientras que el 2% en el Reino Unido dijeron hacer lo mismo. Esto \u201c<a href=\"https:\/\/reutersinstitute.politics.ox.ac.uk\/sites\/default\/files\/2019-06\/DNR_2019_FINAL_1.pdf\" target=\"_blank\" rel=\"noopener noreferrer\">aumenta potencialmente las posibilidades de que la desinformaci\u00f3n se disemine<\/a>\u201d en el pa\u00eds sudamericano, se\u00f1al\u00f3 el informe.<\/span><\/p>\n<h4><strong>Menos confianza en las noticias<\/strong><\/h4>\n<p>Brasil tambi\u00e9n tiene el mayor \u00edndice entre los 38 pa\u00edses analizados de preocupaci\u00f3n por la desinformaci\u00f3n en l\u00ednea. Entre los participantes brasile\u00f1os, <a href=\"https:\/\/reutersinstitute.politics.ox.ac.uk\/sites\/default\/files\/2019-06\/DNR_2019_FINAL_1.pdf\" target=\"_blank\" rel=\"noopener noreferrer\">el 85% dijo preocuparse por lo que es real y lo que es falso en internet en relaci\u00f3n con las noticias en l\u00ednea<\/a>, mientras que el promedio global fue del 55%. M\u00e9xico (68%), Chile (67%) y Argentina (62%) tambi\u00e9n demostraron m\u00e1s preocupaci\u00f3n que el promedio global sobre este tema.<\/p>\n<p><span style=\"font-size: 1em;\">Brasil tambi\u00e9n se destac\u00f3 con la mayor ca\u00edda en un a\u00f1o en el \u00edndice de confianza en las noticias, que pas\u00f3 del 59% en 2018 al 48% en 2019. La ca\u00edda de 11 puntos porcentuales tambi\u00e9n ocurri\u00f3 en Francia, en un <a href=\"http:\/\/www.digitalnewsreport.org\/survey\/2019\/france-2019\/\" target=\"_blank\" rel=\"noopener noreferrer\">reflejo de las protestas de los \u201clos chalecos amarillos\u201d<\/a>, seg\u00fan el estudio. Para el caso de Brasil, el informe atribuye la ca\u00edda en la confianza en las <a href=\"https:\/\/reutersinstitute.politics.ox.ac.uk\/sites\/default\/files\/2019-06\/DNR_2019_FINAL_1.pdf\" target=\"_blank\" rel=\"noopener noreferrer\">noticias a la \u201cturbulenta elecci\u00f3n\u201d<\/a> de octubre de 2018, marcada por la polarizaci\u00f3n pol\u00edtica y la <a href=\"https:\/\/knightcenter.utexas.edu\/es\/blog\/00-20272-iniciativas-brasilenas-de-chequeo-piden-colaboracion-del-tribunal-electoral-contra-la-\" target=\"_blank\" rel=\"noopener noreferrer\">diseminaci\u00f3n de noticias fraudulentas en redes sociales<\/a>.<\/span><\/p>\n<p>Como report\u00f3 anteriormente el <strong>Centro Knight<\/strong>, varios proyectos de verificaci\u00f3n de datos surgieron en Brasil en el contexto de las elecciones <a href=\"https:\/\/knightcenter.utexas.edu\/es\/blog\/00-19903-24-medios-brasilenos-verificaran-contenido-viral-antes-de-las-elecciones-como-parte-de\" target=\"_blank\" rel=\"noopener noreferrer\">precisamente para combatir la desinformaci\u00f3n<\/a> diseminada por redes sociales. <a href=\"https:\/\/knightcenter.utexas.edu\/es\/blog\/00-20234-nuevo-proyecto-de-fact-checking-se-enfoca-en-whatsapp-para-combatir-la-desinformacion\" target=\"_blank\" rel=\"noopener noreferrer\">Uno de ellos se enfoc\u00f3 en WhatsApp<\/a>.<\/p>\n<p>Adem\u00e1s, periodistas y acad\u00e9micos exigieron p\u00fablicamente a la aplicaci\u00f3n para que hiciera algo para combatir la propagaci\u00f3n de contenido falso.<\/p>\n<p>Una de esas exigencias fue hecha en un <a href=\"https:\/\/www.nytimes.com\/2018\/10\/17\/opinion\/brazil-election-fake-news-whatsapp.html\" target=\"_blank\" rel=\"noopener noreferrer\">art\u00edculo publicado en octubre de 2018 en el diario estadounidense The New York Times<\/a> escrito por Cristina Tard\u00e1guila, entonces directora de Ag\u00eancia Lupa, una plataforma de verificaci\u00f3n de datos; Fabr\u00edcio Benevenuto, profesor de la Universidad Federal de Minas Gerais; y Pablo Ortellado, profesor de la Universidad de S\u00e3o Paulo. Ellos sugirieron que la aplicaci\u00f3n limitara el n\u00famero posible de cadenas y de transmisiones, as\u00ed como el tama\u00f1o de los nuevos grupos.<\/p>\n<p>Seg\u00fan Ortellado, la empresa respondi\u00f3 que <a href=\"https:\/\/www.buzzfeed.com\/br\/alexandreorrico\/tres-autoridades-brasileiras-em-fake-news-foram-ate-o-ny\" target=\"_blank\" rel=\"noopener noreferrer\">no hab\u00eda tiempo suficiente para implementar los cambios en Brasil<\/a>, a lo que los autores del art\u00edculo afirmaron que WhatsApp hab\u00eda hecho algo parecido en India en <a href=\"https:\/\/www.bbc.com\/news\/world-asia-india-44897714\" target=\"_blank\" rel=\"noopener noreferrer\">pocos d\u00edas despu\u00e9s de una serie de linchamientos motivados por rumores<\/a> diseminados a trav\u00e9s de la aplicaci\u00f3n.<\/p>\n<p>WhatsApp <a href=\"https:\/\/www1.folha.uol.com.br\/opiniao\/2018\/10\/como-o-whatsapp-combate-a-desinformacao-no-brasil.shtml\" target=\"_blank\" rel=\"noopener noreferrer\">afirm\u00f3 haber tomado varias medidas para intentar mitigar la desinformaci\u00f3n<\/a> propagada por medio de la aplicaci\u00f3n durante el periodo electoral en Brasil. La empresa elimin\u00f3 \u201ccientos de miles de cuentas por spam\u201d y agreg\u00f3 una etiqueta a los mensajes enviados, seg\u00fan escribi\u00f3 el vicepresidente de WhatsApp, Chris Daniels, en un art\u00edculo publicado en el diario brasile\u00f1o Folha de S. Paulo en octubre del a\u00f1o pasado.<\/p>\n<h4><strong>La confianza crece en M\u00e9xico a pesar de la ret\u00f3rica hostil del nuevo presidente<\/strong><\/h4>\n<p>Aunque con una ca\u00edda menos significativa en el \u00faltimo a\u00f1o, la confianza en las noticias medida por el informe del Instituto Reuters es a\u00fan m\u00e1s baja en Argentina (39%) \u2013 por debajo del promedio mundial que es del 42% \u2013 y en Chile (45%). M\u00e9xico, por su parte, vio esa confianza crecer un punto porcentual entre 2018 y 2019, llegando al 50%.<\/p>\n<p>Seg\u00fan escribi\u00f3 en el informe Mar\u00eda Elena Guti\u00e9rrez Renter\u00eda, profesora de la Universidad Panamericana, \u201c<a href=\"http:\/\/www.digitalnewsreport.org\/survey\/2019\/mexico-2019\/\" target=\"_blank\" rel=\"noopener noreferrer\">instituciones religiosas, universidades y la prensa son las tres instituciones con mayor confianza en M\u00e9xico<\/a> en la \u00faltima d\u00e9cada\u201d, en contraste con la desconfianza de la poblaci\u00f3n hacia la clase pol\u00edtica. Ella considera que la llegada de Andr\u00e9s Manuel L\u00f3pez Obrador a la Presidencia del pa\u00eds \u201crestaur\u00f3 cierta credibilidad y medios period\u00edsticos que tienen afinidad con su ideolog\u00eda, como Aristegui Noticias, pueden tambi\u00e9n beneficiarse de los \u00edndices de confianza m\u00e1s altos en la investigaci\u00f3n este a\u00f1o\u201d.<\/p>\n<p>Sin embargo, varios medios han sido objeto de la ret\u00f3rica hostil de L\u00f3pez Obrador, seg\u00fan dijeron los periodistas Salvador Camarena, de la organizaci\u00f3n Mexicanos contra la Corrupci\u00f3n e Impunidad (MCCI), y Daniel Moreno, del sitio Animal Pol\u00edtico, durante el 12\u00ba Coloquio Iberoamericano de Periodismo Digital, realizado el pasado 14 de abril por el <strong>Centro Knight<\/strong> en la Universidad de Texas en Austin.<\/p>\n<p>Seg\u00fan Camarena y Moreno, el presidente mexicano <a href=\"https:\/\/knightcenter.utexas.edu\/es\/blog\/00-20811-lopez-obrador-crea-polarizacion-con-ataques-la-prensa-y-poca-transparencia-dicen-perio\" target=\"_blank\" rel=\"noopener noreferrer\">implement\u00f3 una estrategia de acoso y descalificaci\u00f3n contra los medios period\u00edsticos<\/a> que est\u00e1 causando una polarizaci\u00f3n de la prensa del pa\u00eds. En uno de los casos m\u00e1s emblem\u00e1ticos, el <a href=\"https:\/\/knightcenter.utexas.edu\/es\/blog\/00-20831-acosan-y-amenazan-de-muerte-director-editorial-de-diario-mexicano-reforma-en-redes-soc\" target=\"_blank\" rel=\"noopener noreferrer\">director editorial del diario Reforma, Juan Pardinas, fue objeto de acoso en l\u00ednea y de amenazas de muerte<\/a> en abril pasado despu\u00e9s de que el presidente criticara p\u00fablicamente un art\u00edculo publicado por el peri\u00f3dico y cuestionara la \u00e9tica de la publicaci\u00f3n.<\/p>\n<h4><strong>Pocos pagos por noticias en l\u00ednea<\/strong><\/h4>\n<p>En los cuatro pa\u00edses latinoamericanos<a href=\"http:\/\/www.digitalnewsreport.org\/\" target=\"_blank\" rel=\"noopener noreferrer\"> analizados por el Instituto Reuters en su \u00faltimo informe<\/a>, los medios en l\u00ednea, incluyendo las redes sociales, son la principal fuente para el 87,5% de los consumidores de noticias digitales. El 69,7% de ellos tambi\u00e9n se informan por la televisi\u00f3n; 31,5% tambi\u00e9n por el impreso (con el mayor \u00edndice en M\u00e9xico, 38%, y el menor en Brasil, el 27%); y el 28%, tambi\u00e9n por la radio.<\/p>\n<p>A pesar de la preferencia por lo digital, sigue baja la proporci\u00f3n de personas que pagan por el periodismo digital que consumen \u2013 sea \u00a0a trav\u00e9s de suscripciones, <a href=\"https:\/\/knightcenter.utexas.edu\/es\/blog\/00-20876-centro-knight-publica-informe-del-membership-puzzle-project-espanol-y-portugues-de-org\" target=\"_blank\" rel=\"noopener noreferrer\">asociaci\u00f3n a trav\u00e9s de modelos de membres\u00eda<\/a> o donaci\u00f3n a los medios period\u00edsticos. Este \u00edndice fue del 22% en Brasil, el 16% en M\u00e9xico, el 8% en Argentina y el 7% en Chile.<\/p>\n<p>El informe concluy\u00f3, a partir de la encuesta global, que \u201c<a href=\"https:\/\/reutersinstitute.politics.ox.ac.uk\/sites\/default\/files\/2019-06\/DNR_2019_FINAL_1.pdf\" target=\"_blank\" rel=\"noopener noreferrer\">la mayor\u00eda de la gente no est\u00e1 preparada para pagar por las noticias en l\u00ednea hoy<\/a> y, seg\u00fan tendencias actuales, parece poco probable que pague en el futuro, al menos por el tipo de noticias al que actualmente acceden gratuitamente\u201d.<\/p>\n<p>El estudio apunta a retos para los medios period\u00edsticos que buscan la contribuci\u00f3n financiera de los lectores: incluso en pa\u00edses con los mayores \u00edndices de pagos, como Noruega (34%) y Suecia (27%), la mayor\u00eda de las personas tienen solo una suscripci\u00f3n en l\u00ednea. La investigaci\u00f3n tambi\u00e9n identific\u00f3 que la mayor\u00eda de la gente prefiere pagar por servicios en l\u00ednea de entretenimiento, como Netflix y Spotify, que por las noticias.<\/p>\n<p><span style=\"font-size: 1em;\">\u201cCon muchas personas viendo las noticias como una \u2018tarea\u2019, las publicaciones pueden tener dificultades para aumentar sustancialmente el mercado de suscripciones de \u2018t\u00edtulos \u00fanicos\u2019 de alto costo\u201d, afirm\u00f3 el informe.<\/span><\/p>\n","protected":false},"excerpt":{"rendered":"<p>Seg\u00fan Camarena y Moreno, el presidente mexicano implement\u00f3 una estrategia de acoso y descalificaci\u00f3n contra los medios period\u00edsticos que est\u00e1 causando una polarizaci\u00f3n de la prensa del pa\u00eds.<\/p>\n","protected":false},"author":16,"featured_media":4914,"comment_status":"closed","ping_status":"closed","sticky":false,"template":"","format":"standard","meta":{"inline_featured_image":false,"footnotes":""},"categories":[1220],"tags":[],"coauthors":[],"class_list":["post-4915","post","type-post","status-publish","format-standard","has-post-thumbnail","hentry","category-libertad-de-prensa-es"],"acf":[],"yoast_head":"<!-- This site is optimized with the Yoast SEO Premium plugin v22.6 (Yoast SEO v27.4) - https:\/\/yoast.com\/product\/yoast-seo-premium-wordpress\/ -->\n<title>Crece uso de Instagram y WhatsApp para el consumo de noticias en l\u00ednea en Argentina, Brasil, Chile y M\u00e9xico, se\u00f1ala informe - LatAm Journalism Review<\/title>\n<meta name=\"description\" content=\"Crece uso de Instagram y WhatsApp para el consumo de noticias en l\u00ednea en Argentina, Brasil, Chile y M\u00e9xico, se\u00f1ala informe Libertad de prensa. Latin American Journalism Review by The Knight Center at The University of Texas at Austin.\" \/>\n<meta name=\"robots\" content=\"index, follow, max-snippet:-1, max-image-preview:large, max-video-preview:-1\" \/>\n<link rel=\"canonical\" href=\"https:\/\/latamjournalismreview.org\/es\/articles\/crece-uso-de-instagram-y-whatsapp-para-el-consumo-de-noticias-en-linea-en-argentina-brasil-chile-y-mexico-senala-informe\/\" \/>\n<meta property=\"og:locale\" content=\"es_ES\" \/>\n<meta property=\"og:type\" content=\"article\" \/>\n<meta property=\"og:title\" content=\"Crece uso de Instagram y WhatsApp para el consumo de noticias en l\u00ednea en Argentina, Brasil, Chile y M\u00e9xico, se\u00f1ala informe\" \/>\n<meta property=\"og:description\" content=\"Crece uso de Instagram y WhatsApp para el consumo de noticias en l\u00ednea en Argentina, Brasil, Chile y M\u00e9xico, se\u00f1ala informe Libertad de prensa. Latin American Journalism Review by The Knight Center at The University of Texas at Austin.\" \/>\n<meta property=\"og:url\" content=\"https:\/\/latamjournalismreview.org\/es\/articles\/crece-uso-de-instagram-y-whatsapp-para-el-consumo-de-noticias-en-linea-en-argentina-brasil-chile-y-mexico-senala-informe\/\" \/>\n<meta property=\"og:site_name\" content=\"LatAm Journalism Review\" \/>\n<meta property=\"article:published_time\" content=\"2019-06-24T16:43:44+00:00\" \/>\n<meta property=\"article:modified_time\" content=\"2020-06-15T22:00:23+00:00\" \/>\n<meta property=\"og:image\" content=\"https:\/\/latamjournalismreview.org\/wp-content\/uploads\/2019\/06\/Reuters-report-e1591399411444.png\" \/>\n\t<meta property=\"og:image:width\" content=\"357\" \/>\n\t<meta property=\"og:image:height\" content=\"507\" \/>\n\t<meta property=\"og:image:type\" content=\"image\/png\" \/>\n<meta name=\"author\" content=\"Carolina de Assis\" \/>\n<meta name=\"twitter:card\" content=\"summary_large_image\" \/>\n<meta name=\"twitter:creator\" content=\"@LatAmJournalism\" \/>\n<meta name=\"twitter:site\" content=\"@LatAmJournalism\" \/>\n<meta name=\"twitter:label1\" content=\"Written by\" \/>\n\t<meta name=\"twitter:data1\" content=\"Carolina de Assis\" \/>\n\t<meta name=\"twitter:label2\" content=\"Est. reading time\" \/>\n\t<meta name=\"twitter:data2\" content=\"7 minutos\" \/>\n<script type=\"application\/ld+json\" class=\"yoast-schema-graph\">{\"@context\":\"https:\\\/\\\/schema.org\",\"@graph\":[{\"@type\":\"Article\",\"@id\":\"https:\\\/\\\/latamjournalismreview.org\\\/es\\\/articles\\\/crece-uso-de-instagram-y-whatsapp-para-el-consumo-de-noticias-en-linea-en-argentina-brasil-chile-y-mexico-senala-informe\\\/#article\",\"isPartOf\":{\"@id\":\"https:\\\/\\\/latamjournalismreview.org\\\/es\\\/articles\\\/crece-uso-de-instagram-y-whatsapp-para-el-consumo-de-noticias-en-linea-en-argentina-brasil-chile-y-mexico-senala-informe\\\/\"},\"author\":{\"name\":\"Carolina de Assis\",\"@id\":\"https:\\\/\\\/latamjournalismreview.org\\\/es\\\/#\\\/schema\\\/person\\\/f98b544e2f231a237f39a56cc9a00a9a\"},\"headline\":\"Crece uso de Instagram y WhatsApp para el consumo de noticias en l\u00ednea en Argentina, Brasil, Chile y M\u00e9xico, se\u00f1ala informe\",\"datePublished\":\"2019-06-24T16:43:44+00:00\",\"dateModified\":\"2020-06-15T22:00:23+00:00\",\"mainEntityOfPage\":{\"@id\":\"https:\\\/\\\/latamjournalismreview.org\\\/es\\\/articles\\\/crece-uso-de-instagram-y-whatsapp-para-el-consumo-de-noticias-en-linea-en-argentina-brasil-chile-y-mexico-senala-informe\\\/\"},\"wordCount\":1488,\"publisher\":{\"@id\":\"https:\\\/\\\/latamjournalismreview.org\\\/es\\\/#organization\"},\"image\":{\"@id\":\"https:\\\/\\\/latamjournalismreview.org\\\/es\\\/articles\\\/crece-uso-de-instagram-y-whatsapp-para-el-consumo-de-noticias-en-linea-en-argentina-brasil-chile-y-mexico-senala-informe\\\/#primaryimage\"},\"thumbnailUrl\":\"https:\\\/\\\/latamjournalismreview.org\\\/wp-content\\\/uploads\\\/2019\\\/06\\\/Reuters-report-e1591399411444.png\",\"articleSection\":[\"Libertad de prensa\"],\"inLanguage\":\"es\"},{\"@type\":\"WebPage\",\"@id\":\"https:\\\/\\\/latamjournalismreview.org\\\/es\\\/articles\\\/crece-uso-de-instagram-y-whatsapp-para-el-consumo-de-noticias-en-linea-en-argentina-brasil-chile-y-mexico-senala-informe\\\/\",\"url\":\"https:\\\/\\\/latamjournalismreview.org\\\/es\\\/articles\\\/crece-uso-de-instagram-y-whatsapp-para-el-consumo-de-noticias-en-linea-en-argentina-brasil-chile-y-mexico-senala-informe\\\/\",\"name\":\"Crece uso de Instagram y WhatsApp para el consumo de noticias en l\u00ednea en Argentina, Brasil, Chile y M\u00e9xico, se\u00f1ala informe - LatAm Journalism Review\",\"isPartOf\":{\"@id\":\"https:\\\/\\\/latamjournalismreview.org\\\/es\\\/#website\"},\"primaryImageOfPage\":{\"@id\":\"https:\\\/\\\/latamjournalismreview.org\\\/es\\\/articles\\\/crece-uso-de-instagram-y-whatsapp-para-el-consumo-de-noticias-en-linea-en-argentina-brasil-chile-y-mexico-senala-informe\\\/#primaryimage\"},\"image\":{\"@id\":\"https:\\\/\\\/latamjournalismreview.org\\\/es\\\/articles\\\/crece-uso-de-instagram-y-whatsapp-para-el-consumo-de-noticias-en-linea-en-argentina-brasil-chile-y-mexico-senala-informe\\\/#primaryimage\"},\"thumbnailUrl\":\"https:\\\/\\\/latamjournalismreview.org\\\/wp-content\\\/uploads\\\/2019\\\/06\\\/Reuters-report-e1591399411444.png\",\"datePublished\":\"2019-06-24T16:43:44+00:00\",\"dateModified\":\"2020-06-15T22:00:23+00:00\",\"description\":\"Crece uso de Instagram y WhatsApp para el consumo de noticias en l\u00ednea en Argentina, Brasil, Chile y M\u00e9xico, se\u00f1ala informe Libertad de prensa. Latin American Journalism Review by The Knight Center at The University of Texas at Austin.\",\"breadcrumb\":{\"@id\":\"https:\\\/\\\/latamjournalismreview.org\\\/es\\\/articles\\\/crece-uso-de-instagram-y-whatsapp-para-el-consumo-de-noticias-en-linea-en-argentina-brasil-chile-y-mexico-senala-informe\\\/#breadcrumb\"},\"inLanguage\":\"es\",\"potentialAction\":[{\"@type\":\"ReadAction\",\"target\":[\"https:\\\/\\\/latamjournalismreview.org\\\/es\\\/articles\\\/crece-uso-de-instagram-y-whatsapp-para-el-consumo-de-noticias-en-linea-en-argentina-brasil-chile-y-mexico-senala-informe\\\/\"]}]},{\"@type\":\"ImageObject\",\"inLanguage\":\"es\",\"@id\":\"https:\\\/\\\/latamjournalismreview.org\\\/es\\\/articles\\\/crece-uso-de-instagram-y-whatsapp-para-el-consumo-de-noticias-en-linea-en-argentina-brasil-chile-y-mexico-senala-informe\\\/#primaryimage\",\"url\":\"https:\\\/\\\/latamjournalismreview.org\\\/wp-content\\\/uploads\\\/2019\\\/06\\\/Reuters-report-e1591399411444.png\",\"contentUrl\":\"https:\\\/\\\/latamjournalismreview.org\\\/wp-content\\\/uploads\\\/2019\\\/06\\\/Reuters-report-e1591399411444.png\",\"width\":357,\"height\":507,\"caption\":\"Reuters report\"},{\"@type\":\"BreadcrumbList\",\"@id\":\"https:\\\/\\\/latamjournalismreview.org\\\/es\\\/articles\\\/crece-uso-de-instagram-y-whatsapp-para-el-consumo-de-noticias-en-linea-en-argentina-brasil-chile-y-mexico-senala-informe\\\/#breadcrumb\",\"itemListElement\":[{\"@type\":\"ListItem\",\"position\":1,\"name\":\"Home\",\"item\":\"https:\\\/\\\/latamjournalismreview.org\\\/es\\\/\"},{\"@type\":\"ListItem\",\"position\":2,\"name\":\"Crece uso de Instagram y WhatsApp para el consumo de noticias en l\u00ednea en Argentina, Brasil, Chile y M\u00e9xico, se\u00f1ala informe\"}]},{\"@type\":\"WebSite\",\"@id\":\"https:\\\/\\\/latamjournalismreview.org\\\/es\\\/#website\",\"url\":\"https:\\\/\\\/latamjournalismreview.org\\\/es\\\/\",\"name\":\"LatAm Journalism Review\",\"description\":\"Knight Center at The University of Texas\",\"publisher\":{\"@id\":\"https:\\\/\\\/latamjournalismreview.org\\\/es\\\/#organization\"},\"potentialAction\":[{\"@type\":\"SearchAction\",\"target\":{\"@type\":\"EntryPoint\",\"urlTemplate\":\"https:\\\/\\\/latamjournalismreview.org\\\/es\\\/?s={search_term_string}\"},\"query-input\":{\"@type\":\"PropertyValueSpecification\",\"valueRequired\":true,\"valueName\":\"search_term_string\"}}],\"inLanguage\":\"es\"},{\"@type\":\"Organization\",\"@id\":\"https:\\\/\\\/latamjournalismreview.org\\\/es\\\/#organization\",\"name\":\"LatAm Journalism Review\",\"url\":\"https:\\\/\\\/latamjournalismreview.org\\\/es\\\/\",\"logo\":{\"@type\":\"ImageObject\",\"inLanguage\":\"es\",\"@id\":\"https:\\\/\\\/latamjournalismreview.org\\\/es\\\/#\\\/schema\\\/logo\\\/image\\\/\",\"url\":\"https:\\\/\\\/latamjournalismreview.org\\\/wp-content\\\/uploads\\\/2020\\\/05\\\/knight-latAm-review-logo.svg\",\"contentUrl\":\"https:\\\/\\\/latamjournalismreview.org\\\/wp-content\\\/uploads\\\/2020\\\/05\\\/knight-latAm-review-logo.svg\",\"width\":\"1024\",\"height\":\"1024\",\"caption\":\"LatAm Journalism Review\"},\"image\":{\"@id\":\"https:\\\/\\\/latamjournalismreview.org\\\/es\\\/#\\\/schema\\\/logo\\\/image\\\/\"},\"sameAs\":[\"https:\\\/\\\/x.com\\\/LatAmJournalism\"]},{\"@type\":\"Person\",\"@id\":\"https:\\\/\\\/latamjournalismreview.org\\\/es\\\/#\\\/schema\\\/person\\\/f98b544e2f231a237f39a56cc9a00a9a\",\"name\":\"Carolina de Assis\",\"description\":\"Carolina de Assis is a Brazilian journalist and researcher who lives in Juiz de Fora, MG, Brazil. She holds a master's degree in Women\u2019s and Gender Studies from the GEMMA Programme \u2013 Universit\u00e0 di Bologna (Italy) \\\/ Universiteit Utrecht (The Netherlands) and has worked as an editor at G\u00eanero e N\u00famero, a Brazilian digital magazine focused on data journalism and gender issues. She is especially interested in journalistic initiatives aimed at promoting human rights and gender justice. You can find her on Twitter: @caroldeassis _________ Carolina de Assis es una periodista e investigadora brasile\u00f1a que vive en Juiz de Fora, MG, Brasil . Tiene una maestr\u00eda en Estudios de las Mujeres y de G\u00e9nero del programa GEMMA \u2013 Universit\u00e0 di Bologna (Italia) \\\/ Universiteit Utrecht (Holanda). Trabaj\u00f3 como editora en la revista digital brasile\u00f1a G\u00eanero e N\u00famero. Le interesan especialmente iniciativas period\u00edsticas que tienen el objetivo de promover los derechos humanos y la justicia de g\u00e9nero. Puedes encontrarla en Twitter: @caroldeassis. _______ Carolina de Assis \u00e9 uma jornalista e pesquisadora brasileira que vive em Juiz de Fora (MG). \u00c9 mestra em Estudos da Mulher e de G\u00eanero pelo programa GEMMA \u2013 Universit\u00e0 di Bologna (It\u00e1lia) \\\/ Universiteit Utrecht (Holanda). Trabalhou como editora na revista digital G\u00eanero e N\u00famero e se interessa especialmente por iniciativas jornal\u00edsticas que promovam os direitos humanos e a justi\u00e7a de g\u00eanero. Voc\u00ea pode encontr\u00e1-la no Twitter em @caroldeassis.\",\"url\":\"https:\\\/\\\/latamjournalismreview.org\\\/es\\\/articles\\\/author\\\/carolina-de-assis\\\/\"}]}<\/script>\n<!-- \/ Yoast SEO Premium plugin. -->","yoast_head_json":{"title":"Crece uso de Instagram y WhatsApp para el consumo de noticias en l\u00ednea en Argentina, Brasil, Chile y M\u00e9xico, se\u00f1ala informe - LatAm Journalism Review","description":"Crece uso de Instagram y WhatsApp para el consumo de noticias en l\u00ednea en Argentina, Brasil, Chile y M\u00e9xico, se\u00f1ala informe Libertad de prensa. Latin American Journalism Review by The Knight Center at The University of Texas at Austin.","robots":{"index":"index","follow":"follow","max-snippet":"max-snippet:-1","max-image-preview":"max-image-preview:large","max-video-preview":"max-video-preview:-1"},"canonical":"https:\/\/latamjournalismreview.org\/es\/articles\/crece-uso-de-instagram-y-whatsapp-para-el-consumo-de-noticias-en-linea-en-argentina-brasil-chile-y-mexico-senala-informe\/","og_locale":"es_ES","og_type":"article","og_title":"Crece uso de Instagram y WhatsApp para el consumo de noticias en l\u00ednea en Argentina, Brasil, Chile y M\u00e9xico, se\u00f1ala informe","og_description":"Crece uso de Instagram y WhatsApp para el consumo de noticias en l\u00ednea en Argentina, Brasil, Chile y M\u00e9xico, se\u00f1ala informe Libertad de prensa. Latin American Journalism Review by The Knight Center at The University of Texas at Austin.","og_url":"https:\/\/latamjournalismreview.org\/es\/articles\/crece-uso-de-instagram-y-whatsapp-para-el-consumo-de-noticias-en-linea-en-argentina-brasil-chile-y-mexico-senala-informe\/","og_site_name":"LatAm Journalism Review","article_published_time":"2019-06-24T16:43:44+00:00","article_modified_time":"2020-06-15T22:00:23+00:00","og_image":[{"width":357,"height":507,"url":"https:\/\/latamjournalismreview.org\/wp-content\/uploads\/2019\/06\/Reuters-report-e1591399411444.png","type":"image\/png"}],"author":"Carolina de Assis","twitter_card":"summary_large_image","twitter_creator":"@LatAmJournalism","twitter_site":"@LatAmJournalism","twitter_misc":{"Written by":"Carolina de Assis","Est. reading time":"7 minutos"},"schema":{"@context":"https:\/\/schema.org","@graph":[{"@type":"Article","@id":"https:\/\/latamjournalismreview.org\/es\/articles\/crece-uso-de-instagram-y-whatsapp-para-el-consumo-de-noticias-en-linea-en-argentina-brasil-chile-y-mexico-senala-informe\/#article","isPartOf":{"@id":"https:\/\/latamjournalismreview.org\/es\/articles\/crece-uso-de-instagram-y-whatsapp-para-el-consumo-de-noticias-en-linea-en-argentina-brasil-chile-y-mexico-senala-informe\/"},"author":{"name":"Carolina de Assis","@id":"https:\/\/latamjournalismreview.org\/es\/#\/schema\/person\/f98b544e2f231a237f39a56cc9a00a9a"},"headline":"Crece uso de Instagram y WhatsApp para el consumo de noticias en l\u00ednea en Argentina, Brasil, Chile y M\u00e9xico, se\u00f1ala informe","datePublished":"2019-06-24T16:43:44+00:00","dateModified":"2020-06-15T22:00:23+00:00","mainEntityOfPage":{"@id":"https:\/\/latamjournalismreview.org\/es\/articles\/crece-uso-de-instagram-y-whatsapp-para-el-consumo-de-noticias-en-linea-en-argentina-brasil-chile-y-mexico-senala-informe\/"},"wordCount":1488,"publisher":{"@id":"https:\/\/latamjournalismreview.org\/es\/#organization"},"image":{"@id":"https:\/\/latamjournalismreview.org\/es\/articles\/crece-uso-de-instagram-y-whatsapp-para-el-consumo-de-noticias-en-linea-en-argentina-brasil-chile-y-mexico-senala-informe\/#primaryimage"},"thumbnailUrl":"https:\/\/latamjournalismreview.org\/wp-content\/uploads\/2019\/06\/Reuters-report-e1591399411444.png","articleSection":["Libertad de prensa"],"inLanguage":"es"},{"@type":"WebPage","@id":"https:\/\/latamjournalismreview.org\/es\/articles\/crece-uso-de-instagram-y-whatsapp-para-el-consumo-de-noticias-en-linea-en-argentina-brasil-chile-y-mexico-senala-informe\/","url":"https:\/\/latamjournalismreview.org\/es\/articles\/crece-uso-de-instagram-y-whatsapp-para-el-consumo-de-noticias-en-linea-en-argentina-brasil-chile-y-mexico-senala-informe\/","name":"Crece uso de Instagram y WhatsApp para el consumo de noticias en l\u00ednea en Argentina, Brasil, Chile y M\u00e9xico, se\u00f1ala informe - LatAm Journalism Review","isPartOf":{"@id":"https:\/\/latamjournalismreview.org\/es\/#website"},"primaryImageOfPage":{"@id":"https:\/\/latamjournalismreview.org\/es\/articles\/crece-uso-de-instagram-y-whatsapp-para-el-consumo-de-noticias-en-linea-en-argentina-brasil-chile-y-mexico-senala-informe\/#primaryimage"},"image":{"@id":"https:\/\/latamjournalismreview.org\/es\/articles\/crece-uso-de-instagram-y-whatsapp-para-el-consumo-de-noticias-en-linea-en-argentina-brasil-chile-y-mexico-senala-informe\/#primaryimage"},"thumbnailUrl":"https:\/\/latamjournalismreview.org\/wp-content\/uploads\/2019\/06\/Reuters-report-e1591399411444.png","datePublished":"2019-06-24T16:43:44+00:00","dateModified":"2020-06-15T22:00:23+00:00","description":"Crece uso de Instagram y WhatsApp para el consumo de noticias en l\u00ednea en Argentina, Brasil, Chile y M\u00e9xico, se\u00f1ala informe Libertad de prensa. Latin American Journalism Review by The Knight Center at The University of Texas at Austin.","breadcrumb":{"@id":"https:\/\/latamjournalismreview.org\/es\/articles\/crece-uso-de-instagram-y-whatsapp-para-el-consumo-de-noticias-en-linea-en-argentina-brasil-chile-y-mexico-senala-informe\/#breadcrumb"},"inLanguage":"es","potentialAction":[{"@type":"ReadAction","target":["https:\/\/latamjournalismreview.org\/es\/articles\/crece-uso-de-instagram-y-whatsapp-para-el-consumo-de-noticias-en-linea-en-argentina-brasil-chile-y-mexico-senala-informe\/"]}]},{"@type":"ImageObject","inLanguage":"es","@id":"https:\/\/latamjournalismreview.org\/es\/articles\/crece-uso-de-instagram-y-whatsapp-para-el-consumo-de-noticias-en-linea-en-argentina-brasil-chile-y-mexico-senala-informe\/#primaryimage","url":"https:\/\/latamjournalismreview.org\/wp-content\/uploads\/2019\/06\/Reuters-report-e1591399411444.png","contentUrl":"https:\/\/latamjournalismreview.org\/wp-content\/uploads\/2019\/06\/Reuters-report-e1591399411444.png","width":357,"height":507,"caption":"Reuters report"},{"@type":"BreadcrumbList","@id":"https:\/\/latamjournalismreview.org\/es\/articles\/crece-uso-de-instagram-y-whatsapp-para-el-consumo-de-noticias-en-linea-en-argentina-brasil-chile-y-mexico-senala-informe\/#breadcrumb","itemListElement":[{"@type":"ListItem","position":1,"name":"Home","item":"https:\/\/latamjournalismreview.org\/es\/"},{"@type":"ListItem","position":2,"name":"Crece uso de Instagram y WhatsApp para el consumo de noticias en l\u00ednea en Argentina, Brasil, Chile y M\u00e9xico, se\u00f1ala informe"}]},{"@type":"WebSite","@id":"https:\/\/latamjournalismreview.org\/es\/#website","url":"https:\/\/latamjournalismreview.org\/es\/","name":"LatAm Journalism Review","description":"Knight Center at The University of Texas","publisher":{"@id":"https:\/\/latamjournalismreview.org\/es\/#organization"},"potentialAction":[{"@type":"SearchAction","target":{"@type":"EntryPoint","urlTemplate":"https:\/\/latamjournalismreview.org\/es\/?s={search_term_string}"},"query-input":{"@type":"PropertyValueSpecification","valueRequired":true,"valueName":"search_term_string"}}],"inLanguage":"es"},{"@type":"Organization","@id":"https:\/\/latamjournalismreview.org\/es\/#organization","name":"LatAm Journalism Review","url":"https:\/\/latamjournalismreview.org\/es\/","logo":{"@type":"ImageObject","inLanguage":"es","@id":"https:\/\/latamjournalismreview.org\/es\/#\/schema\/logo\/image\/","url":"https:\/\/latamjournalismreview.org\/wp-content\/uploads\/2020\/05\/knight-latAm-review-logo.svg","contentUrl":"https:\/\/latamjournalismreview.org\/wp-content\/uploads\/2020\/05\/knight-latAm-review-logo.svg","width":"1024","height":"1024","caption":"LatAm Journalism Review"},"image":{"@id":"https:\/\/latamjournalismreview.org\/es\/#\/schema\/logo\/image\/"},"sameAs":["https:\/\/x.com\/LatAmJournalism"]},{"@type":"Person","@id":"https:\/\/latamjournalismreview.org\/es\/#\/schema\/person\/f98b544e2f231a237f39a56cc9a00a9a","name":"Carolina de Assis","description":"Carolina de Assis is a Brazilian journalist and researcher who lives in Juiz de Fora, MG, Brazil. She holds a master's degree in Women\u2019s and Gender Studies from the GEMMA Programme \u2013 Universit\u00e0 di Bologna (Italy) \/ Universiteit Utrecht (The Netherlands) and has worked as an editor at G\u00eanero e N\u00famero, a Brazilian digital magazine focused on data journalism and gender issues. She is especially interested in journalistic initiatives aimed at promoting human rights and gender justice. You can find her on Twitter: @caroldeassis _________ Carolina de Assis es una periodista e investigadora brasile\u00f1a que vive en Juiz de Fora, MG, Brasil . Tiene una maestr\u00eda en Estudios de las Mujeres y de G\u00e9nero del programa GEMMA \u2013 Universit\u00e0 di Bologna (Italia) \/ Universiteit Utrecht (Holanda). Trabaj\u00f3 como editora en la revista digital brasile\u00f1a G\u00eanero e N\u00famero. Le interesan especialmente iniciativas period\u00edsticas que tienen el objetivo de promover los derechos humanos y la justicia de g\u00e9nero. Puedes encontrarla en Twitter: @caroldeassis. _______ Carolina de Assis \u00e9 uma jornalista e pesquisadora brasileira que vive em Juiz de Fora (MG). \u00c9 mestra em Estudos da Mulher e de G\u00eanero pelo programa GEMMA \u2013 Universit\u00e0 di Bologna (It\u00e1lia) \/ Universiteit Utrecht (Holanda). Trabalhou como editora na revista digital G\u00eanero e N\u00famero e se interessa especialmente por iniciativas jornal\u00edsticas que promovam os direitos humanos e a justi\u00e7a de g\u00eanero. Voc\u00ea pode encontr\u00e1-la no Twitter em @caroldeassis.","url":"https:\/\/latamjournalismreview.org\/es\/articles\/author\/carolina-de-assis\/"}]}},"_links":{"self":[{"href":"https:\/\/latamjournalismreview.org\/es\/wp-json\/wp\/v2\/posts\/4915","targetHints":{"allow":["GET"]}}],"collection":[{"href":"https:\/\/latamjournalismreview.org\/es\/wp-json\/wp\/v2\/posts"}],"about":[{"href":"https:\/\/latamjournalismreview.org\/es\/wp-json\/wp\/v2\/types\/post"}],"author":[{"embeddable":true,"href":"https:\/\/latamjournalismreview.org\/es\/wp-json\/wp\/v2\/users\/16"}],"replies":[{"embeddable":true,"href":"https:\/\/latamjournalismreview.org\/es\/wp-json\/wp\/v2\/comments?post=4915"}],"version-history":[{"count":4,"href":"https:\/\/latamjournalismreview.org\/es\/wp-json\/wp\/v2\/posts\/4915\/revisions"}],"predecessor-version":[{"id":7240,"href":"https:\/\/latamjournalismreview.org\/es\/wp-json\/wp\/v2\/posts\/4915\/revisions\/7240"}],"wp:featuredmedia":[{"embeddable":true,"href":"https:\/\/latamjournalismreview.org\/es\/wp-json\/wp\/v2\/media\/4914"}],"wp:attachment":[{"href":"https:\/\/latamjournalismreview.org\/es\/wp-json\/wp\/v2\/media?parent=4915"}],"wp:term":[{"taxonomy":"category","embeddable":true,"href":"https:\/\/latamjournalismreview.org\/es\/wp-json\/wp\/v2\/categories?post=4915"},{"taxonomy":"post_tag","embeddable":true,"href":"https:\/\/latamjournalismreview.org\/es\/wp-json\/wp\/v2\/tags?post=4915"},{"taxonomy":"author","embeddable":true,"href":"https:\/\/latamjournalismreview.org\/es\/wp-json\/wp\/v2\/coauthors?post=4915"}],"curies":[{"name":"wp","href":"https:\/\/api.w.org\/{rel}","templated":true}]}}