{"id":49271,"date":"2016-01-26T10:34:07","date_gmt":"2016-01-26T15:34:07","guid":{"rendered":"https:\/\/latamjournalismreview.org\/?p=49271"},"modified":"2022-02-07T10:35:07","modified_gmt":"2022-02-07T15:35:07","slug":"policia-de-el-salvador-acusa-a-periodico-de-apologia-al-terrorismo-por-mostrar-territorios-dominados-por-pandillas","status":"publish","type":"post","link":"https:\/\/latamjournalismreview.org\/es\/articles\/policia-de-el-salvador-acusa-a-periodico-de-apologia-al-terrorismo-por-mostrar-territorios-dominados-por-pandillas\/","title":{"rendered":"Polic\u00eda de El Salvador acusa a peri\u00f3dico de apolog\u00eda al terrorismo por mostrar territorios dominados por pandillas"},"content":{"rendered":"<p>Si la Fiscal\u00eda General de la Rep\u00fablica de El Salvador acepta una petici\u00f3n de la Polic\u00eda\u00a0Nacional,\u00a0<em>El Diario de Hoy<\/em>\u00a0podr\u00eda convertirse en el primer medio del pa\u00eds en ser investigado por el delito de \u201capolog\u00eda de actos de terrorismo\". Los responsables podr\u00edan ser condenados hasta con 8 a\u00f1os de prisi\u00f3n, seg\u00fan la\u00a0<a href=\"http:\/\/www.asamblea.gob.sv\/eparlamento\/indice-legislativo\/buscador-de-documentos-legislativos\/ley-especial-contra-actos-de-terrorismo\/archivo_documento_legislativo\" target=\"_blank\" rel=\"noopener\">Ley Especial contra Actos de Terrorismo<\/a>.<\/p>\n<p>As\u00ed lo hizo\u00a0<a href=\"http:\/\/www.elsalvador.com\/articulo\/sucesos\/medios-internacionales-apoyan-diario-hoy-tras-aviso-por-reportajes-sobre-pandillas-98993#.Vp1xLfoy99c.twitter\" target=\"_blank\" rel=\"noopener\">p\u00fablico el mismo peri\u00f3dico en d\u00edas pasados<\/a>\u00a0cuando supo de un oficio con fecha de 23 de diciembre de 2015 firmado por el Jefe del Departamento de Investigaciones de la Polic\u00eda Nacional Civil (PNC), Eduardo Hern\u00e1ndez Rodr\u00edguez, en la que le pide a la Fiscal\u00eda abrir un caso en contra del peri\u00f3dico por \u201capolog\u00eda de actos de terrorismo\u201d.<\/p>\n<p>La petici\u00f3n se origin\u00f3 tras la publicaci\u00f3n de una serie de\u00a0reportajes\u00a0que dan cuenta del control territorial de las pandillas en San Salvador, capital del pa\u00eds. Una de las entregas,\u00a0publicadas entre el 19 y 23 de diciembre, incluye<a href=\"http:\/\/www.elsalvador.com\/articulo\/sucesos\/maras-controlan-capital-salvadorena-96558\" target=\"_blank\" rel=\"noopener\">\u00a0un\u00a0<\/a><a href=\"http:\/\/www.elsalvador.com\/articulo\/sucesos\/maras-controlan-capital-salvadorena-96558\" target=\"_blank\" rel=\"noopener\">mapeo<\/a><a href=\"http:\/\/www.elsalvador.com\/articulo\/sucesos\/maras-controlan-capital-salvadorena-96558\" target=\"_blank\" rel=\"noopener\">\u00a0de la distribuci\u00f3n del poder y control de vastas \u00e1reas de la capital que tienen pandillas<\/a>\u00a0como la Mara\u00a0Salvatrucha\u00a0y la mara Barrio18.<\/p>\n<p>Seg\u00fan\u00a0<a href=\"http:\/\/www.elsalvador.com\/articulo\/sucesos\/medios-internacionales-apoyan-diario-hoy-tras-aviso-por-reportajes-sobre-pandillas-98993#.Vp1xLfoy99c.twitter\" target=\"_blank\" rel=\"noopener\">el oficio\u00a0enviado a la Fiscal\u00eda<\/a>\u00a0y publicado por el diario, y por\u00a0<a href=\"http:\/\/www.lapagina.com.sv\/nacionales\/113692\/2016\/01\/12\/PNC-pide-investigar-a-El-Diario-de-Hoy-por-hacer-apologia-de-actos-de-terrorismo\" target=\"_blank\" rel=\"noopener\">otros medios locales<\/a>, los art\u00edculos que muestran \u201cun control total de la ciudad capital\u201d de estos grupos y que magnifican su presencia \u201cprovoca, temor o terror en la poblaci\u00f3n que accede a este tipo de noticias a nivel nacional e internacional, dejando en entredicho la labor que la Fiscal\u00eda General de la Republica y la Polic\u00eda Nacional, realiza en la esfera preventiva y represiva del delito [<em>sic<\/em>]\u201d.<\/p>\n<p>La carta establece que la base de la petici\u00f3n es la<a href=\"http:\/\/www.bbc.com\/mundo\/noticias\/2015\/08\/150825_america_latina_terrorista_el_salvador_pandilla_amv\" target=\"_blank\" rel=\"noopener\">\u00a0sentencia de la Corte Suprema de Justicia de agosto de 2015<\/a>\u00a0que establece\u00a0como \u201c<a href=\"http:\/\/www.enfoquejuridico.info\/wp\/archivos\/3672\" target=\"_blank\" rel=\"noopener\">grupos terroristas las pandillas denominadas Mara Salvatrucha o MS-13 y la Pandilla 18 o Mara 18<\/a>, y cualquier otra pandilla u organizaci\u00f3n criminal [\u2026]\u201d<\/p>\n<p>\u201cHasta el momento no ha pasado nada\u201d, asegur\u00f3 Jorge Beltr\u00e1n\u00a0Luna, periodista del diario, en conversaci\u00f3n con el\u00a0<strong>Centro Knight<\/strong>. \u201cNadie del diario ha sido citado por la Fiscal\u00eda para tomar declaraciones\u201d.<\/p>\n<p>Sin embargo, el pasado 21 de enero\u00a0<a href=\"http:\/\/www.elsalvador.com\/articulo\/sucesos\/director-pnc-respalda-aviso-contra-edh-por-mapas-pandillas-99323\" target=\"_blank\" rel=\"noopener\">el director de la Polic\u00eda respald\u00f3 la acusaci\u00f3n hecha por esta entidad<\/a>\u00a0y expres\u00f3 su apoyo a la petici\u00f3n de abrir un caso en contra del diario por considerar que se cometieron \u201cil\u00edcitos\u201d en la realizaci\u00f3n de los reportajes, public\u00f3 el portal El Salvador.com, la versi\u00f3n digital de\u00a0<em>El Diario de Hoy<\/em>.<\/p>\n<p>\u201cNunca se hizo un elogio de las actividades de estas pandillas\u201d, dijo Beltr\u00e1n. \u201cLa idea es que se supiera del control que estos grupos tienen a trav\u00e9s del asesinato y de extorsiones que son los delitos m\u00e1s graves\u201d. Tambi\u00e9n se buscaba\u00a0alertar sobre las divisiones invisibles del territorio que podr\u00edan poner en peligro a la poblaci\u00f3n, agreg\u00f3.<\/p>\n<p>El periodista explic\u00f3 que en estos reportajes nunca se atac\u00f3 el trabajo de la polic\u00eda, sino que se mostr\u00f3 una realidad de la ciudad.<\/p>\n<p>\u201cSabemos que hay esfuerzos, pero no son suficientes para arrebatar el control de la pandillas en algunas comunidad como por ejemplo la comunidad Iberia est\u00e1 limitando con la capital. All\u00ed no entra un solo polic\u00eda, tienen que ir cinco o unidades especiales. Si no entra un polic\u00eda armado, c\u00f3mo hace un ciudadano para moverse\u201d, dijo Beltr\u00e1n.<\/p>\n<p>De acuerdo Insight Crime, centro de investigaci\u00f3n del crimen organizado, la\u00a0<a href=\"http:\/\/es.insightcrime.org\/noticias-sobre-crimen-organizado-en-el-salvador\" target=\"_blank\" rel=\"noopener\">violencia en El Salvador<\/a>\u00a0comenz\u00f3 a aumentar debido\u00a0<a href=\"http:\/\/es.insightcrime.org\/analisis\/evaluacion-pandillas-el-salvador-contexto-postregua\" target=\"_blank\" rel=\"noopener\">al fin de la tregua entre pandillas<\/a>. A base de tr\u00e1fico de drogas, tr\u00e1fico de personas, extorsiones, secuestros y redes de prostituci\u00f3n, pandillas como la Mara Salvatrucha o\u00a0<a href=\"http:\/\/es.insightcrime.org\/noticias-sobre-crimen-organizado-en-el-salvador\/mara-salvatrucha-ms-13-perfil\" target=\"_blank\" rel=\"noopener\">MS13\u00a0<\/a>y\u00a0<a href=\"http:\/\/es.insightcrime.org\/noticias-sobre-crimen-organizado-en-el-salvador\/barrio-18\" target=\"_blank\" rel=\"noopener\">Barrio 18<\/a>\u00a0no solo se sostienen econ\u00f3micamente sino que tienen\u00a0<a href=\"http:\/\/cnnespanol.cnn.com\/video\/cnnee-pkg-delcid-el-salvador-gangs-and-strike\/\" target=\"_blank\" rel=\"noopener\">control en zonas del\u00a0pa\u00eds<\/a>.<\/p>\n<p>No obstante, la informaci\u00f3n sobre violencia y actividades del crimen organizado no suele ser de f\u00e1cil acceso, seg\u00fan explic\u00f3 Beltr\u00e1n. De acuerdo con el portal El Salvador.com\u00a0en d\u00edas pasados, el Instituto de Acceso a la Informaci\u00f3n P\u00fablica del pa\u00eds decidi\u00f3 que la\u00a0<a href=\"http:\/\/www.elsalvador.com\/articulo\/sucesos\/director-pnc-respalda-aviso-contra-edh-por-mapas-pandillas-99323\" target=\"_blank\" rel=\"noopener\">Polic\u00eda debe entregar \u201clos mapas de distribuci\u00f3n territorial que las maras se han hecho del pa\u00eds\u201d<\/a>\u00a0los cuales hab\u00edan sido solicitados por el peri\u00f3dico\u00a0<em>La Prensa Gr\u00e1fica<\/em>.<\/p>\n<p>\u201cEl punto no es si hubo o no apolog\u00eda del terrorismo por una serie de informes publicados por El Diario de Hoy;\u00a0<a href=\"http:\/\/www.elsalvador.com\/articulo\/editoriales\/perversidad-ignorancia-prepotencia-todo-junto-98886\" target=\"_blank\" rel=\"noopener\">la cuesti\u00f3n de fondo es si realmente los pandilleros tienen presencia e incluso control en muchas m\u00e1s zonas del territorio nacional<\/a> y generan inseguridad, desconfianza y temor o terror entre los ciudadanos que a diario tienen que convivir con el crimen, con la extorsi\u00f3n, con el robo y hurto [\u2026]\u201d, se\u00f1al\u00f3 en un editorial el editor jefe del diario, Ricardo Chac\u00f3n.<\/p>\n<p><em>Nota del editor: Esta historia fue publicada originalmente en el blog Periodismo en las Am\u00e9ricas del Centro Knight, el predecesor de LatAm Journalism Review.<\/em><\/p>\n","protected":false},"excerpt":{"rendered":"<p>Si la Fiscal\u00eda General de la Rep\u00fablica de El Salvador acepta una petici\u00f3n de la Polic\u00eda\u00a0Nacional,\u00a0El Diario de Hoy\u00a0podr\u00eda convertirse en el primer medio del pa\u00eds en ser investigado por el delito de \u201capolog\u00eda de actos de terrorismo\". Los responsables podr\u00edan ser condenados hasta con 8 a\u00f1os de prisi\u00f3n, seg\u00fan la\u00a0Ley Especial contra Actos de Terrorismo.<\/p>\n","protected":false},"author":13,"featured_media":0,"comment_status":"closed","ping_status":"closed","sticky":false,"template":"","format":"standard","meta":{"inline_featured_image":false,"footnotes":""},"categories":[1220],"tags":[1478,1444],"coauthors":[],"class_list":["post-49271","post","type-post","status-publish","format-standard","hentry","category-libertad-de-prensa-es","tag-agresiones-contra-periodistas-es","tag-el-salvador-es"],"acf":[],"yoast_head":"<!-- This site is optimized with the Yoast SEO Premium plugin v22.6 (Yoast SEO v27.4) - https:\/\/yoast.com\/product\/yoast-seo-premium-wordpress\/ -->\n<title>Polic\u00eda de El Salvador acusa a peri\u00f3dico de apolog\u00eda al terrorismo por mostrar territorios dominados por pandillas - LatAm Journalism Review<\/title>\n<meta name=\"description\" content=\"Polic\u00eda de El Salvador acusa a peri\u00f3dico de apolog\u00eda al terrorismo por mostrar territorios dominados por pandillas Libertad de Prensa. Latin American Journalism Review by The Knight Center at The University of Texas at Austin.\" \/>\n<meta name=\"robots\" content=\"index, follow, max-snippet:-1, max-image-preview:large, max-video-preview:-1\" \/>\n<link rel=\"canonical\" href=\"https:\/\/latamjournalismreview.org\/es\/articles\/policia-de-el-salvador-acusa-a-periodico-de-apologia-al-terrorismo-por-mostrar-territorios-dominados-por-pandillas\/\" \/>\n<meta property=\"og:locale\" content=\"es_ES\" \/>\n<meta property=\"og:type\" content=\"article\" \/>\n<meta property=\"og:title\" content=\"Polic\u00eda de El Salvador acusa a peri\u00f3dico de apolog\u00eda al terrorismo por mostrar territorios dominados por pandillas\" \/>\n<meta property=\"og:description\" content=\"Polic\u00eda de El Salvador acusa a peri\u00f3dico de apolog\u00eda al terrorismo por mostrar territorios dominados por pandillas Libertad de Prensa. Latin American Journalism Review by The Knight Center at The University of Texas at Austin.\" \/>\n<meta property=\"og:url\" content=\"https:\/\/latamjournalismreview.org\/es\/articles\/policia-de-el-salvador-acusa-a-periodico-de-apologia-al-terrorismo-por-mostrar-territorios-dominados-por-pandillas\/\" \/>\n<meta property=\"og:site_name\" content=\"LatAm Journalism Review\" \/>\n<meta property=\"article:published_time\" content=\"2016-01-26T15:34:07+00:00\" \/>\n<meta property=\"article:modified_time\" content=\"2022-02-07T15:35:07+00:00\" \/>\n<meta name=\"author\" content=\"Silvia Higuera\" \/>\n<meta name=\"twitter:card\" content=\"summary_large_image\" \/>\n<meta name=\"twitter:creator\" content=\"@shiguerita\" \/>\n<meta name=\"twitter:site\" content=\"@LatAmJournalism\" \/>\n<meta name=\"twitter:label1\" content=\"Written by\" \/>\n\t<meta name=\"twitter:data1\" content=\"Silvia Higuera\" \/>\n\t<meta name=\"twitter:label2\" content=\"Est. reading time\" \/>\n\t<meta name=\"twitter:data2\" content=\"4 minutos\" \/>\n<script type=\"application\/ld+json\" class=\"yoast-schema-graph\">{\"@context\":\"https:\\\/\\\/schema.org\",\"@graph\":[{\"@type\":\"Article\",\"@id\":\"https:\\\/\\\/latamjournalismreview.org\\\/es\\\/articles\\\/policia-de-el-salvador-acusa-a-periodico-de-apologia-al-terrorismo-por-mostrar-territorios-dominados-por-pandillas\\\/#article\",\"isPartOf\":{\"@id\":\"https:\\\/\\\/latamjournalismreview.org\\\/es\\\/articles\\\/policia-de-el-salvador-acusa-a-periodico-de-apologia-al-terrorismo-por-mostrar-territorios-dominados-por-pandillas\\\/\"},\"author\":{\"name\":\"Silvia Higuera\",\"@id\":\"https:\\\/\\\/latamjournalismreview.org\\\/es\\\/#\\\/schema\\\/person\\\/eac7baa6afada0957e047be9fc15703a\"},\"headline\":\"Polic\u00eda de El Salvador acusa a peri\u00f3dico de apolog\u00eda al terrorismo por mostrar territorios dominados por pandillas\",\"datePublished\":\"2016-01-26T15:34:07+00:00\",\"dateModified\":\"2022-02-07T15:35:07+00:00\",\"mainEntityOfPage\":{\"@id\":\"https:\\\/\\\/latamjournalismreview.org\\\/es\\\/articles\\\/policia-de-el-salvador-acusa-a-periodico-de-apologia-al-terrorismo-por-mostrar-territorios-dominados-por-pandillas\\\/\"},\"wordCount\":875,\"publisher\":{\"@id\":\"https:\\\/\\\/latamjournalismreview.org\\\/es\\\/#organization\"},\"keywords\":[\"Agresiones contra periodistas\",\"El Salvador\"],\"articleSection\":[\"Libertad de Prensa\"],\"inLanguage\":\"es\"},{\"@type\":\"WebPage\",\"@id\":\"https:\\\/\\\/latamjournalismreview.org\\\/es\\\/articles\\\/policia-de-el-salvador-acusa-a-periodico-de-apologia-al-terrorismo-por-mostrar-territorios-dominados-por-pandillas\\\/\",\"url\":\"https:\\\/\\\/latamjournalismreview.org\\\/es\\\/articles\\\/policia-de-el-salvador-acusa-a-periodico-de-apologia-al-terrorismo-por-mostrar-territorios-dominados-por-pandillas\\\/\",\"name\":\"Polic\u00eda de El Salvador acusa a peri\u00f3dico de apolog\u00eda al terrorismo por mostrar territorios dominados por pandillas - LatAm Journalism Review\",\"isPartOf\":{\"@id\":\"https:\\\/\\\/latamjournalismreview.org\\\/es\\\/#website\"},\"datePublished\":\"2016-01-26T15:34:07+00:00\",\"dateModified\":\"2022-02-07T15:35:07+00:00\",\"description\":\"Polic\u00eda de El Salvador acusa a peri\u00f3dico de apolog\u00eda al terrorismo por mostrar territorios dominados por pandillas Libertad de Prensa. Latin American Journalism Review by The Knight Center at The University of Texas at Austin.\",\"breadcrumb\":{\"@id\":\"https:\\\/\\\/latamjournalismreview.org\\\/es\\\/articles\\\/policia-de-el-salvador-acusa-a-periodico-de-apologia-al-terrorismo-por-mostrar-territorios-dominados-por-pandillas\\\/#breadcrumb\"},\"inLanguage\":\"es\",\"potentialAction\":[{\"@type\":\"ReadAction\",\"target\":[\"https:\\\/\\\/latamjournalismreview.org\\\/es\\\/articles\\\/policia-de-el-salvador-acusa-a-periodico-de-apologia-al-terrorismo-por-mostrar-territorios-dominados-por-pandillas\\\/\"]}]},{\"@type\":\"BreadcrumbList\",\"@id\":\"https:\\\/\\\/latamjournalismreview.org\\\/es\\\/articles\\\/policia-de-el-salvador-acusa-a-periodico-de-apologia-al-terrorismo-por-mostrar-territorios-dominados-por-pandillas\\\/#breadcrumb\",\"itemListElement\":[{\"@type\":\"ListItem\",\"position\":1,\"name\":\"Home\",\"item\":\"https:\\\/\\\/latamjournalismreview.org\\\/es\\\/\"},{\"@type\":\"ListItem\",\"position\":2,\"name\":\"Polic\u00eda de El Salvador acusa a peri\u00f3dico de apolog\u00eda al terrorismo por mostrar territorios dominados por pandillas\"}]},{\"@type\":\"WebSite\",\"@id\":\"https:\\\/\\\/latamjournalismreview.org\\\/es\\\/#website\",\"url\":\"https:\\\/\\\/latamjournalismreview.org\\\/es\\\/\",\"name\":\"LatAm Journalism Review\",\"description\":\"Knight Center at The University of Texas\",\"publisher\":{\"@id\":\"https:\\\/\\\/latamjournalismreview.org\\\/es\\\/#organization\"},\"potentialAction\":[{\"@type\":\"SearchAction\",\"target\":{\"@type\":\"EntryPoint\",\"urlTemplate\":\"https:\\\/\\\/latamjournalismreview.org\\\/es\\\/?s={search_term_string}\"},\"query-input\":{\"@type\":\"PropertyValueSpecification\",\"valueRequired\":true,\"valueName\":\"search_term_string\"}}],\"inLanguage\":\"es\"},{\"@type\":\"Organization\",\"@id\":\"https:\\\/\\\/latamjournalismreview.org\\\/es\\\/#organization\",\"name\":\"LatAm Journalism Review\",\"url\":\"https:\\\/\\\/latamjournalismreview.org\\\/es\\\/\",\"logo\":{\"@type\":\"ImageObject\",\"inLanguage\":\"es\",\"@id\":\"https:\\\/\\\/latamjournalismreview.org\\\/es\\\/#\\\/schema\\\/logo\\\/image\\\/\",\"url\":\"https:\\\/\\\/latamjournalismreview.org\\\/wp-content\\\/uploads\\\/2020\\\/05\\\/knight-latAm-review-logo.svg\",\"contentUrl\":\"https:\\\/\\\/latamjournalismreview.org\\\/wp-content\\\/uploads\\\/2020\\\/05\\\/knight-latAm-review-logo.svg\",\"width\":\"1024\",\"height\":\"1024\",\"caption\":\"LatAm Journalism Review\"},\"image\":{\"@id\":\"https:\\\/\\\/latamjournalismreview.org\\\/es\\\/#\\\/schema\\\/logo\\\/image\\\/\"},\"sameAs\":[\"https:\\\/\\\/x.com\\\/LatAmJournalism\"]},{\"@type\":\"Person\",\"@id\":\"https:\\\/\\\/latamjournalismreview.org\\\/es\\\/#\\\/schema\\\/person\\\/eac7baa6afada0957e047be9fc15703a\",\"name\":\"Silvia Higuera\",\"description\":\"Silvia A. Higuera Fl\u00f3rez is a Colombian journalist interested in covering Latin American issues and human rights, especially the right to freedom of expression, and investigative journalism. She studied Social Communication and Journalism at Universidad Pontificia Bolivariana in Bucaramanga (Colombia), and received her Master's of Arts in Journalism from the University of Texas at Austin in 2015. She worked with the Office of the Special Rapporteur for Freedom of Expression of the Inter-American Commission on Human Rights (IACHR) under the Orlando Sierra fellowship during 2014. She also worked for the Colombian newspaper Vanguardia Liberal and wrote for different magazines about local, economic and public order issues. Her work has also appeared in The Miami Herald and El Nuevo Herald of Miami. Email: silvia.knightcenter@gmail.com Silvia A. Higuera Fl\u00f3rez es una periodista colombiana con inter\u00e9s period\u00edstico es Am\u00e9rica Latina y los derechos humanos, particularmente el derecho a la libertad de expresi\u00f3n, as\u00ed como el periodismo de investigaci\u00f3n. Estudi\u00f3 Comunicaci\u00f3n Social \u2013 Periodismo en la Universidad Pontificia Bolivariana de Bucaramanga (Colombia), y recibi\u00f3 su maestr\u00eda en Periodismo en la Universidad de Texas, en Austin en 2015. Trabaj\u00f3 para la Relator\u00eda Especial para la Libertad de Expresi\u00f3n de la Comisi\u00f3n Interamericana de Derechos Humanos (CIDH) en el marco de la beca Orlando Sierra, durante 2014. Tambi\u00e9n hizo parte del diario Vanguardia Liberal y escribi\u00f3 para otras revistas colombianas cubriendo fuentes locales, econ\u00f3micas y judiciales. Algunos de sus trabajos han aparecido en The Miami Herald y El Nuevo Herald de Miami. Silvia A. Higuera Fl\u00f3rez \u00e9 uma jornalista colombiana e seu interesse jornal\u00edstico \u00e9 a Am\u00e9rica Latina e os direitos humanos, nomeadamente o direito \u00e0 liberdade de express\u00e3o. Estudou Comunica\u00e7\u00e3o Social \u2013 Jornalismo na Universidade Pontif\u00edcia Bolivariana de Bucaramanga, na Col\u00f4mbia e completou seu mestrado em jornalismo na Universidade do Texas em Austin. Silvia trabalhou na Relatoria para a Liberdade de Express\u00e3o da CIDH pela bolsa Orlando Sierra, em 2014. Trabalhou para o jornal Vanguardia Liberal e escreveu para outras revistas colombianas cobrindo temas locais, econ\u00f4micas e judici\u00e1rias. Alguns de seus trabalhos apareceram no The Miami Herald e no El Nuevo Herald de Miami.\",\"sameAs\":[\"https:\\\/\\\/x.com\\\/shiguerita\"],\"url\":\"https:\\\/\\\/latamjournalismreview.org\\\/es\\\/articles\\\/author\\\/silvia-higuera\\\/\"}]}<\/script>\n<!-- \/ Yoast SEO Premium plugin. -->","yoast_head_json":{"title":"Polic\u00eda de El Salvador acusa a peri\u00f3dico de apolog\u00eda al terrorismo por mostrar territorios dominados por pandillas - LatAm Journalism Review","description":"Polic\u00eda de El Salvador acusa a peri\u00f3dico de apolog\u00eda al terrorismo por mostrar territorios dominados por pandillas Libertad de Prensa. Latin American Journalism Review by The Knight Center at The University of Texas at Austin.","robots":{"index":"index","follow":"follow","max-snippet":"max-snippet:-1","max-image-preview":"max-image-preview:large","max-video-preview":"max-video-preview:-1"},"canonical":"https:\/\/latamjournalismreview.org\/es\/articles\/policia-de-el-salvador-acusa-a-periodico-de-apologia-al-terrorismo-por-mostrar-territorios-dominados-por-pandillas\/","og_locale":"es_ES","og_type":"article","og_title":"Polic\u00eda de El Salvador acusa a peri\u00f3dico de apolog\u00eda al terrorismo por mostrar territorios dominados por pandillas","og_description":"Polic\u00eda de El Salvador acusa a peri\u00f3dico de apolog\u00eda al terrorismo por mostrar territorios dominados por pandillas Libertad de Prensa. Latin American Journalism Review by The Knight Center at The University of Texas at Austin.","og_url":"https:\/\/latamjournalismreview.org\/es\/articles\/policia-de-el-salvador-acusa-a-periodico-de-apologia-al-terrorismo-por-mostrar-territorios-dominados-por-pandillas\/","og_site_name":"LatAm Journalism Review","article_published_time":"2016-01-26T15:34:07+00:00","article_modified_time":"2022-02-07T15:35:07+00:00","author":"Silvia Higuera","twitter_card":"summary_large_image","twitter_creator":"@shiguerita","twitter_site":"@LatAmJournalism","twitter_misc":{"Written by":"Silvia Higuera","Est. reading time":"4 minutos"},"schema":{"@context":"https:\/\/schema.org","@graph":[{"@type":"Article","@id":"https:\/\/latamjournalismreview.org\/es\/articles\/policia-de-el-salvador-acusa-a-periodico-de-apologia-al-terrorismo-por-mostrar-territorios-dominados-por-pandillas\/#article","isPartOf":{"@id":"https:\/\/latamjournalismreview.org\/es\/articles\/policia-de-el-salvador-acusa-a-periodico-de-apologia-al-terrorismo-por-mostrar-territorios-dominados-por-pandillas\/"},"author":{"name":"Silvia Higuera","@id":"https:\/\/latamjournalismreview.org\/es\/#\/schema\/person\/eac7baa6afada0957e047be9fc15703a"},"headline":"Polic\u00eda de El Salvador acusa a peri\u00f3dico de apolog\u00eda al terrorismo por mostrar territorios dominados por pandillas","datePublished":"2016-01-26T15:34:07+00:00","dateModified":"2022-02-07T15:35:07+00:00","mainEntityOfPage":{"@id":"https:\/\/latamjournalismreview.org\/es\/articles\/policia-de-el-salvador-acusa-a-periodico-de-apologia-al-terrorismo-por-mostrar-territorios-dominados-por-pandillas\/"},"wordCount":875,"publisher":{"@id":"https:\/\/latamjournalismreview.org\/es\/#organization"},"keywords":["Agresiones contra periodistas","El Salvador"],"articleSection":["Libertad de Prensa"],"inLanguage":"es"},{"@type":"WebPage","@id":"https:\/\/latamjournalismreview.org\/es\/articles\/policia-de-el-salvador-acusa-a-periodico-de-apologia-al-terrorismo-por-mostrar-territorios-dominados-por-pandillas\/","url":"https:\/\/latamjournalismreview.org\/es\/articles\/policia-de-el-salvador-acusa-a-periodico-de-apologia-al-terrorismo-por-mostrar-territorios-dominados-por-pandillas\/","name":"Polic\u00eda de El Salvador acusa a peri\u00f3dico de apolog\u00eda al terrorismo por mostrar territorios dominados por pandillas - LatAm Journalism Review","isPartOf":{"@id":"https:\/\/latamjournalismreview.org\/es\/#website"},"datePublished":"2016-01-26T15:34:07+00:00","dateModified":"2022-02-07T15:35:07+00:00","description":"Polic\u00eda de El Salvador acusa a peri\u00f3dico de apolog\u00eda al terrorismo por mostrar territorios dominados por pandillas Libertad de Prensa. Latin American Journalism Review by The Knight Center at The University of Texas at Austin.","breadcrumb":{"@id":"https:\/\/latamjournalismreview.org\/es\/articles\/policia-de-el-salvador-acusa-a-periodico-de-apologia-al-terrorismo-por-mostrar-territorios-dominados-por-pandillas\/#breadcrumb"},"inLanguage":"es","potentialAction":[{"@type":"ReadAction","target":["https:\/\/latamjournalismreview.org\/es\/articles\/policia-de-el-salvador-acusa-a-periodico-de-apologia-al-terrorismo-por-mostrar-territorios-dominados-por-pandillas\/"]}]},{"@type":"BreadcrumbList","@id":"https:\/\/latamjournalismreview.org\/es\/articles\/policia-de-el-salvador-acusa-a-periodico-de-apologia-al-terrorismo-por-mostrar-territorios-dominados-por-pandillas\/#breadcrumb","itemListElement":[{"@type":"ListItem","position":1,"name":"Home","item":"https:\/\/latamjournalismreview.org\/es\/"},{"@type":"ListItem","position":2,"name":"Polic\u00eda de El Salvador acusa a peri\u00f3dico de apolog\u00eda al terrorismo por mostrar territorios dominados por pandillas"}]},{"@type":"WebSite","@id":"https:\/\/latamjournalismreview.org\/es\/#website","url":"https:\/\/latamjournalismreview.org\/es\/","name":"LatAm Journalism Review","description":"Knight Center at The University of Texas","publisher":{"@id":"https:\/\/latamjournalismreview.org\/es\/#organization"},"potentialAction":[{"@type":"SearchAction","target":{"@type":"EntryPoint","urlTemplate":"https:\/\/latamjournalismreview.org\/es\/?s={search_term_string}"},"query-input":{"@type":"PropertyValueSpecification","valueRequired":true,"valueName":"search_term_string"}}],"inLanguage":"es"},{"@type":"Organization","@id":"https:\/\/latamjournalismreview.org\/es\/#organization","name":"LatAm Journalism Review","url":"https:\/\/latamjournalismreview.org\/es\/","logo":{"@type":"ImageObject","inLanguage":"es","@id":"https:\/\/latamjournalismreview.org\/es\/#\/schema\/logo\/image\/","url":"https:\/\/latamjournalismreview.org\/wp-content\/uploads\/2020\/05\/knight-latAm-review-logo.svg","contentUrl":"https:\/\/latamjournalismreview.org\/wp-content\/uploads\/2020\/05\/knight-latAm-review-logo.svg","width":"1024","height":"1024","caption":"LatAm Journalism Review"},"image":{"@id":"https:\/\/latamjournalismreview.org\/es\/#\/schema\/logo\/image\/"},"sameAs":["https:\/\/x.com\/LatAmJournalism"]},{"@type":"Person","@id":"https:\/\/latamjournalismreview.org\/es\/#\/schema\/person\/eac7baa6afada0957e047be9fc15703a","name":"Silvia Higuera","description":"Silvia A. Higuera Fl\u00f3rez is a Colombian journalist interested in covering Latin American issues and human rights, especially the right to freedom of expression, and investigative journalism. She studied Social Communication and Journalism at Universidad Pontificia Bolivariana in Bucaramanga (Colombia), and received her Master's of Arts in Journalism from the University of Texas at Austin in 2015. She worked with the Office of the Special Rapporteur for Freedom of Expression of the Inter-American Commission on Human Rights (IACHR) under the Orlando Sierra fellowship during 2014. She also worked for the Colombian newspaper Vanguardia Liberal and wrote for different magazines about local, economic and public order issues. Her work has also appeared in The Miami Herald and El Nuevo Herald of Miami. Email: silvia.knightcenter@gmail.com Silvia A. Higuera Fl\u00f3rez es una periodista colombiana con inter\u00e9s period\u00edstico es Am\u00e9rica Latina y los derechos humanos, particularmente el derecho a la libertad de expresi\u00f3n, as\u00ed como el periodismo de investigaci\u00f3n. Estudi\u00f3 Comunicaci\u00f3n Social \u2013 Periodismo en la Universidad Pontificia Bolivariana de Bucaramanga (Colombia), y recibi\u00f3 su maestr\u00eda en Periodismo en la Universidad de Texas, en Austin en 2015. Trabaj\u00f3 para la Relator\u00eda Especial para la Libertad de Expresi\u00f3n de la Comisi\u00f3n Interamericana de Derechos Humanos (CIDH) en el marco de la beca Orlando Sierra, durante 2014. Tambi\u00e9n hizo parte del diario Vanguardia Liberal y escribi\u00f3 para otras revistas colombianas cubriendo fuentes locales, econ\u00f3micas y judiciales. Algunos de sus trabajos han aparecido en The Miami Herald y El Nuevo Herald de Miami. Silvia A. Higuera Fl\u00f3rez \u00e9 uma jornalista colombiana e seu interesse jornal\u00edstico \u00e9 a Am\u00e9rica Latina e os direitos humanos, nomeadamente o direito \u00e0 liberdade de express\u00e3o. Estudou Comunica\u00e7\u00e3o Social \u2013 Jornalismo na Universidade Pontif\u00edcia Bolivariana de Bucaramanga, na Col\u00f4mbia e completou seu mestrado em jornalismo na Universidade do Texas em Austin. Silvia trabalhou na Relatoria para a Liberdade de Express\u00e3o da CIDH pela bolsa Orlando Sierra, em 2014. Trabalhou para o jornal Vanguardia Liberal e escreveu para outras revistas colombianas cobrindo temas locais, econ\u00f4micas e judici\u00e1rias. Alguns de seus trabalhos apareceram no The Miami Herald e no El Nuevo Herald de Miami.","sameAs":["https:\/\/x.com\/shiguerita"],"url":"https:\/\/latamjournalismreview.org\/es\/articles\/author\/silvia-higuera\/"}]}},"_links":{"self":[{"href":"https:\/\/latamjournalismreview.org\/es\/wp-json\/wp\/v2\/posts\/49271","targetHints":{"allow":["GET"]}}],"collection":[{"href":"https:\/\/latamjournalismreview.org\/es\/wp-json\/wp\/v2\/posts"}],"about":[{"href":"https:\/\/latamjournalismreview.org\/es\/wp-json\/wp\/v2\/types\/post"}],"author":[{"embeddable":true,"href":"https:\/\/latamjournalismreview.org\/es\/wp-json\/wp\/v2\/users\/13"}],"replies":[{"embeddable":true,"href":"https:\/\/latamjournalismreview.org\/es\/wp-json\/wp\/v2\/comments?post=49271"}],"version-history":[{"count":1,"href":"https:\/\/latamjournalismreview.org\/es\/wp-json\/wp\/v2\/posts\/49271\/revisions"}],"predecessor-version":[{"id":49274,"href":"https:\/\/latamjournalismreview.org\/es\/wp-json\/wp\/v2\/posts\/49271\/revisions\/49274"}],"wp:attachment":[{"href":"https:\/\/latamjournalismreview.org\/es\/wp-json\/wp\/v2\/media?parent=49271"}],"wp:term":[{"taxonomy":"category","embeddable":true,"href":"https:\/\/latamjournalismreview.org\/es\/wp-json\/wp\/v2\/categories?post=49271"},{"taxonomy":"post_tag","embeddable":true,"href":"https:\/\/latamjournalismreview.org\/es\/wp-json\/wp\/v2\/tags?post=49271"},{"taxonomy":"author","embeddable":true,"href":"https:\/\/latamjournalismreview.org\/es\/wp-json\/wp\/v2\/coauthors?post=49271"}],"curies":[{"name":"wp","href":"https:\/\/api.w.org\/{rel}","templated":true}]}}