{"id":49325,"date":"2016-01-21T11:30:04","date_gmt":"2016-01-21T16:30:04","guid":{"rendered":"https:\/\/latamjournalismreview.org\/?p=49325"},"modified":"2022-02-07T11:30:41","modified_gmt":"2022-02-07T16:30:41","slug":"periodista-y-jefe-de-prensa-del-gobierno-venezolano-es-asesinado-en-la-entrada-de-su-casa","status":"publish","type":"post","link":"https:\/\/latamjournalismreview.org\/es\/articles\/periodista-y-jefe-de-prensa-del-gobierno-venezolano-es-asesinado-en-la-entrada-de-su-casa\/","title":{"rendered":"Periodista y jefe de prensa del gobierno venezolano es asesinado en la entrada de su casa"},"content":{"rendered":"<p>Las autoridades venezolanas investigan el motivo del asesinato del periodista y jefe de prensa del Gobierno Ricardo Dur\u00e1n.<\/p>\n<p>Temprano en la ma\u00f1ana del 20 de enero, los funcionarios informaron que Dur\u00e1n hab\u00eda sido asesinado en la entrada del edificio en el que viv\u00eda en el barrio Caricuao de Caracas.<\/p>\n<p>El portal Efecto Cocuyo inform\u00f3 que \u201clas pesquisas policiales preliminares determinaron que\u00a0<a href=\"http:\/\/efectococuyo.com\/principales\/mataron-a-periodista-de-vtv-en-su-residencia-de-caricuao\" target=\"_blank\" rel=\"noopener\">Dur\u00e1n Trujillo no fue despojado de sus pertenencias, ni siquiera del arma 9mm que ten\u00eda en la pretina del pantal\u00f3n<\/a>\u201d. Agreg\u00f3 que la fiscal\u00eda asegur\u00f3 que testigos informaron sobre tres hombres que se bajaron de un autom\u00f3vil con el objetivo de robar el coche y las pertenencias del periodista, pero que \u00e9l se resisti\u00f3 y los hombres le dispararon en varias oportunidades.<\/p>\n<p>Dur\u00e1n trabajaba para el canal estatal Venezolana de Televisi\u00f3n (VTV) y era jefe de prensa del gobierno del Distrito Capital.<\/p>\n<p>El peri\u00f3dico\u00a0<em>El Universal<\/em>\u00a0dijo que\u00a0<a href=\"http:\/\/www.eluniversal.com\/sucesos\/160120\/asesinado-el-periodista-ricardo-duran\" target=\"_blank\" rel=\"noopener\">\u201cdurante a\u00f1os fue imagen y ancla de Venezolana de Televisi\u00f3n\u201d<\/a>.<\/p>\n<p>\u201cDur\u00e1n fue uno de los periodistas clave en comunicar lo que ocurri\u00f3 durante los d\u00edas de abril de 2002, desde las propias instalaciones del canal, en tiempos en los que rein\u00f3 la confusi\u00f3n cuando el entonces presidente, Hugo Ch\u00e1vez, fue retirado del cargo\u201d, inform\u00f3\u00a0<em>El Universal<\/em>.<\/p>\n<p>Tambi\u00e9n trabaj\u00f3 como director de Comunicaci\u00f3n e Informaci\u00f3n de la Asamblea Nacional y gan\u00f3 el Premio Nacional de Periodismo en 2009, agreg\u00f3 el diario.<\/p>\n<p>Luis Jose\u00a0Marcano, ministro del Poder Popular para la\u00a0Comunicaci\u00f3n y la\u00a0Informaci\u00f3n,\u00a0<a href=\"https:\/\/twitter.com\/luisjmarcano\/status\/689673538102546433\" target=\"_blank\" rel=\"noopener\">public\u00f3 en Twitter<\/a>: \u201cLamentamos profundamente el asesinato del compatriota Ricardo Duran\u2026 Organismos de inteligencia se trasladan a Caricuao en este momento! [<em>sic<\/em>]\u201d.<\/p>\n<p>El portal TalCual cit\u00f3 un art\u00edculo de un peri\u00f3dico del Partido Comunista de Venezuela publicado en 2009 e inform\u00f3 que\u00a0<a href=\"http:\/\/www.talcualdigital.com\/Nota\/122434\/quien-era-el-periodista-asesinado-de-vtv-claves\" target=\"_blank\" rel=\"noopener\">\u201cDur\u00e1n hab\u00eda recibido en el pasado varios atentados contra su vida\u201d<\/a>.<\/p>\n<p>Seg\u00fan el Comit\u00e9 para la Protecci\u00f3n de los Periodistas (CPJ por sus siglas en ingl\u00e9s) la \u00faltima vez que un\u00a0<a href=\"https:\/\/cpj.org\/killed\/americas\/venezuela\/\" target=\"_blank\" rel=\"noopener\">periodista fue asesinado en Venezuela por motivos que estaban relacionados con su trabajo<\/a>\u00a0fue en 2009.\u00a0<a href=\"https:\/\/cpj.org\/killed\/2009\/orel-sambrano.php\" target=\"_blank\" rel=\"noopener\">Orel Sambrano<\/a>, director del semanario\u00a0<em>ABC de la Semana<\/em>\u00a0y Radio Am\u00e9rica, recibi\u00f3 un disparo en Valencia el 16 de enero de 2009, de acuerdo con la organizaci\u00f3n.<\/p>\n<p><em>Nota del editor: Esta historia fue publicada originalmente en el blog Periodismo en las Am\u00e9ricas del Centro Knight, el predecesor de LatAm Journalism Review.<\/em><\/p>\n","protected":false},"excerpt":{"rendered":"<p>Las autoridades venezolanas investigan el motivo del asesinato del periodista y jefe de prensa del Gobierno Ricardo Dur\u00e1n.<\/p>\n","protected":false},"author":3,"featured_media":0,"comment_status":"closed","ping_status":"closed","sticky":false,"template":"","format":"standard","meta":{"inline_featured_image":false,"footnotes":""},"categories":[1222],"tags":[1479,1405],"coauthors":[],"class_list":["post-49325","post","type-post","status-publish","format-standard","hentry","category-violencia-contra-periodistas-es","tag-asesinato-de-periodistas-es","tag-venezuela-es-2"],"acf":[],"yoast_head":"<!-- This site is optimized with the Yoast SEO Premium plugin v22.6 (Yoast SEO v27.4) - https:\/\/yoast.com\/product\/yoast-seo-premium-wordpress\/ -->\n<title>Periodista y jefe de prensa del gobierno venezolano es asesinado en la entrada de su casa - LatAm Journalism Review<\/title>\n<meta name=\"description\" content=\"Periodista y jefe de prensa del gobierno venezolano es asesinado en la entrada de su casa Violencia contra periodistas. Latin American Journalism Review by The Knight Center at The University of Texas at Austin.\" \/>\n<meta name=\"robots\" content=\"index, follow, max-snippet:-1, max-image-preview:large, max-video-preview:-1\" \/>\n<link rel=\"canonical\" href=\"https:\/\/latamjournalismreview.org\/es\/articles\/periodista-y-jefe-de-prensa-del-gobierno-venezolano-es-asesinado-en-la-entrada-de-su-casa\/\" \/>\n<meta property=\"og:locale\" content=\"es_ES\" \/>\n<meta property=\"og:type\" content=\"article\" \/>\n<meta property=\"og:title\" content=\"Periodista y jefe de prensa del gobierno venezolano es asesinado en la entrada de su casa\" \/>\n<meta property=\"og:description\" content=\"Periodista y jefe de prensa del gobierno venezolano es asesinado en la entrada de su casa Violencia contra periodistas. Latin American Journalism Review by The Knight Center at The University of Texas at Austin.\" \/>\n<meta property=\"og:url\" content=\"https:\/\/latamjournalismreview.org\/es\/articles\/periodista-y-jefe-de-prensa-del-gobierno-venezolano-es-asesinado-en-la-entrada-de-su-casa\/\" \/>\n<meta property=\"og:site_name\" content=\"LatAm Journalism Review\" \/>\n<meta property=\"article:published_time\" content=\"2016-01-21T16:30:04+00:00\" \/>\n<meta property=\"article:modified_time\" content=\"2022-02-07T16:30:41+00:00\" \/>\n<meta name=\"author\" content=\"Teresa Mioli\" \/>\n<meta name=\"twitter:card\" content=\"summary_large_image\" \/>\n<meta name=\"twitter:creator\" content=\"@TeresaMioli\" \/>\n<meta name=\"twitter:site\" content=\"@LatAmJournalism\" \/>\n<meta name=\"twitter:label1\" content=\"Written by\" \/>\n\t<meta name=\"twitter:data1\" content=\"Teresa Mioli\" \/>\n\t<meta name=\"twitter:label2\" content=\"Est. reading time\" \/>\n\t<meta name=\"twitter:data2\" content=\"2 minutos\" \/>\n<script type=\"application\/ld+json\" class=\"yoast-schema-graph\">{\"@context\":\"https:\\\/\\\/schema.org\",\"@graph\":[{\"@type\":\"Article\",\"@id\":\"https:\\\/\\\/latamjournalismreview.org\\\/es\\\/articles\\\/periodista-y-jefe-de-prensa-del-gobierno-venezolano-es-asesinado-en-la-entrada-de-su-casa\\\/#article\",\"isPartOf\":{\"@id\":\"https:\\\/\\\/latamjournalismreview.org\\\/es\\\/articles\\\/periodista-y-jefe-de-prensa-del-gobierno-venezolano-es-asesinado-en-la-entrada-de-su-casa\\\/\"},\"author\":{\"name\":\"Teresa Mioli\",\"@id\":\"https:\\\/\\\/latamjournalismreview.org\\\/es\\\/#\\\/schema\\\/person\\\/b83a4912f05c8178389e917d8d51de03\"},\"headline\":\"Periodista y jefe de prensa del gobierno venezolano es asesinado en la entrada de su casa\",\"datePublished\":\"2016-01-21T16:30:04+00:00\",\"dateModified\":\"2022-02-07T16:30:41+00:00\",\"mainEntityOfPage\":{\"@id\":\"https:\\\/\\\/latamjournalismreview.org\\\/es\\\/articles\\\/periodista-y-jefe-de-prensa-del-gobierno-venezolano-es-asesinado-en-la-entrada-de-su-casa\\\/\"},\"wordCount\":426,\"publisher\":{\"@id\":\"https:\\\/\\\/latamjournalismreview.org\\\/es\\\/#organization\"},\"keywords\":[\"Asesinato de periodista\",\"Venezuela\"],\"articleSection\":[\"Violencia contra periodistas\"],\"inLanguage\":\"es\"},{\"@type\":\"WebPage\",\"@id\":\"https:\\\/\\\/latamjournalismreview.org\\\/es\\\/articles\\\/periodista-y-jefe-de-prensa-del-gobierno-venezolano-es-asesinado-en-la-entrada-de-su-casa\\\/\",\"url\":\"https:\\\/\\\/latamjournalismreview.org\\\/es\\\/articles\\\/periodista-y-jefe-de-prensa-del-gobierno-venezolano-es-asesinado-en-la-entrada-de-su-casa\\\/\",\"name\":\"Periodista y jefe de prensa del gobierno venezolano es asesinado en la entrada de su casa - LatAm Journalism Review\",\"isPartOf\":{\"@id\":\"https:\\\/\\\/latamjournalismreview.org\\\/es\\\/#website\"},\"datePublished\":\"2016-01-21T16:30:04+00:00\",\"dateModified\":\"2022-02-07T16:30:41+00:00\",\"description\":\"Periodista y jefe de prensa del gobierno venezolano es asesinado en la entrada de su casa Violencia contra periodistas. Latin American Journalism Review by The Knight Center at The University of Texas at Austin.\",\"breadcrumb\":{\"@id\":\"https:\\\/\\\/latamjournalismreview.org\\\/es\\\/articles\\\/periodista-y-jefe-de-prensa-del-gobierno-venezolano-es-asesinado-en-la-entrada-de-su-casa\\\/#breadcrumb\"},\"inLanguage\":\"es\",\"potentialAction\":[{\"@type\":\"ReadAction\",\"target\":[\"https:\\\/\\\/latamjournalismreview.org\\\/es\\\/articles\\\/periodista-y-jefe-de-prensa-del-gobierno-venezolano-es-asesinado-en-la-entrada-de-su-casa\\\/\"]}]},{\"@type\":\"BreadcrumbList\",\"@id\":\"https:\\\/\\\/latamjournalismreview.org\\\/es\\\/articles\\\/periodista-y-jefe-de-prensa-del-gobierno-venezolano-es-asesinado-en-la-entrada-de-su-casa\\\/#breadcrumb\",\"itemListElement\":[{\"@type\":\"ListItem\",\"position\":1,\"name\":\"Home\",\"item\":\"https:\\\/\\\/latamjournalismreview.org\\\/es\\\/\"},{\"@type\":\"ListItem\",\"position\":2,\"name\":\"Periodista y jefe de prensa del gobierno venezolano es asesinado en la entrada de su casa\"}]},{\"@type\":\"WebSite\",\"@id\":\"https:\\\/\\\/latamjournalismreview.org\\\/es\\\/#website\",\"url\":\"https:\\\/\\\/latamjournalismreview.org\\\/es\\\/\",\"name\":\"LatAm Journalism Review\",\"description\":\"Knight Center at The University of Texas\",\"publisher\":{\"@id\":\"https:\\\/\\\/latamjournalismreview.org\\\/es\\\/#organization\"},\"potentialAction\":[{\"@type\":\"SearchAction\",\"target\":{\"@type\":\"EntryPoint\",\"urlTemplate\":\"https:\\\/\\\/latamjournalismreview.org\\\/es\\\/?s={search_term_string}\"},\"query-input\":{\"@type\":\"PropertyValueSpecification\",\"valueRequired\":true,\"valueName\":\"search_term_string\"}}],\"inLanguage\":\"es\"},{\"@type\":\"Organization\",\"@id\":\"https:\\\/\\\/latamjournalismreview.org\\\/es\\\/#organization\",\"name\":\"LatAm Journalism Review\",\"url\":\"https:\\\/\\\/latamjournalismreview.org\\\/es\\\/\",\"logo\":{\"@type\":\"ImageObject\",\"inLanguage\":\"es\",\"@id\":\"https:\\\/\\\/latamjournalismreview.org\\\/es\\\/#\\\/schema\\\/logo\\\/image\\\/\",\"url\":\"https:\\\/\\\/latamjournalismreview.org\\\/wp-content\\\/uploads\\\/2020\\\/05\\\/knight-latAm-review-logo.svg\",\"contentUrl\":\"https:\\\/\\\/latamjournalismreview.org\\\/wp-content\\\/uploads\\\/2020\\\/05\\\/knight-latAm-review-logo.svg\",\"width\":\"1024\",\"height\":\"1024\",\"caption\":\"LatAm Journalism Review\"},\"image\":{\"@id\":\"https:\\\/\\\/latamjournalismreview.org\\\/es\\\/#\\\/schema\\\/logo\\\/image\\\/\"},\"sameAs\":[\"https:\\\/\\\/x.com\\\/LatAmJournalism\"]},{\"@type\":\"Person\",\"@id\":\"https:\\\/\\\/latamjournalismreview.org\\\/es\\\/#\\\/schema\\\/person\\\/b83a4912f05c8178389e917d8d51de03\",\"name\":\"Teresa Mioli\",\"description\":\"Teresa Mioli is the editorial manager for the Knight Center for Journalism in the Americas. She is interested in press freedom, democratization, and investigative journalism in Latin America and is dedicated to increasing awareness about the importance of independent news media to the health of democracies. She produces journalistic work with the aim of helping people to make informed decisions about their lives and societies and wants to make sure other journalists are able to do the same. She has Bachelors' degrees in Journalism and Plan II Honors (Liberal Arts) and a Master's degree in Latin American Studies, all from the University of Texas at Austin. She started her journalistic career at The Beaumont Enterprise in Southeast Texas where she last worked as a breaking news reporter. ______ Teresa Mioli es la directora editorial del Centro Knight para el Periodismo en las Am\u00e9ricas. Es una periodista con inter\u00e9s en la libertad de prensa, la democratizaci\u00f3n y el periodismo investigativo en Am\u00e9rica Latina y est\u00e1 dedicada a crear mayor consciencia sobre la importancia de los medios noticiosos independientes para la salud de las democracias. El objetivo de su trabajo period\u00edstico es ayudar las personas para que tomen decisiones informadas sobre sus vidas y sus sociedades, y busca que otros periodistas tengan la posibilidad de hacer lo mismo. Teresa tiene una licenciatura en Periodismo y Artes liberales (Plan II Honors), y una maestr\u00eda en Estudios Latinoamericanos, todos de la Universidad de Texas en Austin. Empez\u00f3 su carrera en periodismo en The Beaumont Enterprise al sureste de Texas, en donde recientemente trabaj\u00f3 como reportera de noticias de \u00faltima hora. Anteriormente ella fue la editora de LatAm Journalism Review del Centro Knight. ______ Teresa Mioli \u00e9 gerente editorial do Centro Knight para o Jornalismo nas Am\u00e9ricas. Ela se interessa por liberdade de imprensa, democratiza\u00e7\u00e3o e jornalismo investigativo na Am\u00e9rica Latina e se dedica a aumentar a conscientiza\u00e7\u00e3o sobre a import\u00e2ncia da m\u00eddia independente para a sa\u00fade das democracias. Ela produz trabalhos jornal\u00edsticos com o objetivo de ajudar as pessoas a tomarem decis\u00f5es informadas sobre suas vidas e sociedades e deseja garantir que outros jornalistas possam fazer o mesmo. Ela tem bacharelado em jornalismo e artes liberais e um mestrado em Estudos Latino-Americanos, todos pela Universidade do Texas em Austin. Ela come\u00e7ou sua carreira jornal\u00edstica na The Beaumont Enterprise no sudeste do Texas, onde trabalhou pela \u00faltima vez como rep\u00f3rter de not\u00edcias de \u00faltima hora.\",\"sameAs\":[\"https:\\\/\\\/x.com\\\/TeresaMioli\"],\"url\":\"https:\\\/\\\/latamjournalismreview.org\\\/es\\\/articles\\\/author\\\/teresa-mioli\\\/\"}]}<\/script>\n<!-- \/ Yoast SEO Premium plugin. -->","yoast_head_json":{"title":"Periodista y jefe de prensa del gobierno venezolano es asesinado en la entrada de su casa - LatAm Journalism Review","description":"Periodista y jefe de prensa del gobierno venezolano es asesinado en la entrada de su casa Violencia contra periodistas. Latin American Journalism Review by The Knight Center at The University of Texas at Austin.","robots":{"index":"index","follow":"follow","max-snippet":"max-snippet:-1","max-image-preview":"max-image-preview:large","max-video-preview":"max-video-preview:-1"},"canonical":"https:\/\/latamjournalismreview.org\/es\/articles\/periodista-y-jefe-de-prensa-del-gobierno-venezolano-es-asesinado-en-la-entrada-de-su-casa\/","og_locale":"es_ES","og_type":"article","og_title":"Periodista y jefe de prensa del gobierno venezolano es asesinado en la entrada de su casa","og_description":"Periodista y jefe de prensa del gobierno venezolano es asesinado en la entrada de su casa Violencia contra periodistas. Latin American Journalism Review by The Knight Center at The University of Texas at Austin.","og_url":"https:\/\/latamjournalismreview.org\/es\/articles\/periodista-y-jefe-de-prensa-del-gobierno-venezolano-es-asesinado-en-la-entrada-de-su-casa\/","og_site_name":"LatAm Journalism Review","article_published_time":"2016-01-21T16:30:04+00:00","article_modified_time":"2022-02-07T16:30:41+00:00","author":"Teresa Mioli","twitter_card":"summary_large_image","twitter_creator":"@TeresaMioli","twitter_site":"@LatAmJournalism","twitter_misc":{"Written by":"Teresa Mioli","Est. reading time":"2 minutos"},"schema":{"@context":"https:\/\/schema.org","@graph":[{"@type":"Article","@id":"https:\/\/latamjournalismreview.org\/es\/articles\/periodista-y-jefe-de-prensa-del-gobierno-venezolano-es-asesinado-en-la-entrada-de-su-casa\/#article","isPartOf":{"@id":"https:\/\/latamjournalismreview.org\/es\/articles\/periodista-y-jefe-de-prensa-del-gobierno-venezolano-es-asesinado-en-la-entrada-de-su-casa\/"},"author":{"name":"Teresa Mioli","@id":"https:\/\/latamjournalismreview.org\/es\/#\/schema\/person\/b83a4912f05c8178389e917d8d51de03"},"headline":"Periodista y jefe de prensa del gobierno venezolano es asesinado en la entrada de su casa","datePublished":"2016-01-21T16:30:04+00:00","dateModified":"2022-02-07T16:30:41+00:00","mainEntityOfPage":{"@id":"https:\/\/latamjournalismreview.org\/es\/articles\/periodista-y-jefe-de-prensa-del-gobierno-venezolano-es-asesinado-en-la-entrada-de-su-casa\/"},"wordCount":426,"publisher":{"@id":"https:\/\/latamjournalismreview.org\/es\/#organization"},"keywords":["Asesinato de periodista","Venezuela"],"articleSection":["Violencia contra periodistas"],"inLanguage":"es"},{"@type":"WebPage","@id":"https:\/\/latamjournalismreview.org\/es\/articles\/periodista-y-jefe-de-prensa-del-gobierno-venezolano-es-asesinado-en-la-entrada-de-su-casa\/","url":"https:\/\/latamjournalismreview.org\/es\/articles\/periodista-y-jefe-de-prensa-del-gobierno-venezolano-es-asesinado-en-la-entrada-de-su-casa\/","name":"Periodista y jefe de prensa del gobierno venezolano es asesinado en la entrada de su casa - LatAm Journalism Review","isPartOf":{"@id":"https:\/\/latamjournalismreview.org\/es\/#website"},"datePublished":"2016-01-21T16:30:04+00:00","dateModified":"2022-02-07T16:30:41+00:00","description":"Periodista y jefe de prensa del gobierno venezolano es asesinado en la entrada de su casa Violencia contra periodistas. Latin American Journalism Review by The Knight Center at The University of Texas at Austin.","breadcrumb":{"@id":"https:\/\/latamjournalismreview.org\/es\/articles\/periodista-y-jefe-de-prensa-del-gobierno-venezolano-es-asesinado-en-la-entrada-de-su-casa\/#breadcrumb"},"inLanguage":"es","potentialAction":[{"@type":"ReadAction","target":["https:\/\/latamjournalismreview.org\/es\/articles\/periodista-y-jefe-de-prensa-del-gobierno-venezolano-es-asesinado-en-la-entrada-de-su-casa\/"]}]},{"@type":"BreadcrumbList","@id":"https:\/\/latamjournalismreview.org\/es\/articles\/periodista-y-jefe-de-prensa-del-gobierno-venezolano-es-asesinado-en-la-entrada-de-su-casa\/#breadcrumb","itemListElement":[{"@type":"ListItem","position":1,"name":"Home","item":"https:\/\/latamjournalismreview.org\/es\/"},{"@type":"ListItem","position":2,"name":"Periodista y jefe de prensa del gobierno venezolano es asesinado en la entrada de su casa"}]},{"@type":"WebSite","@id":"https:\/\/latamjournalismreview.org\/es\/#website","url":"https:\/\/latamjournalismreview.org\/es\/","name":"LatAm Journalism Review","description":"Knight Center at The University of Texas","publisher":{"@id":"https:\/\/latamjournalismreview.org\/es\/#organization"},"potentialAction":[{"@type":"SearchAction","target":{"@type":"EntryPoint","urlTemplate":"https:\/\/latamjournalismreview.org\/es\/?s={search_term_string}"},"query-input":{"@type":"PropertyValueSpecification","valueRequired":true,"valueName":"search_term_string"}}],"inLanguage":"es"},{"@type":"Organization","@id":"https:\/\/latamjournalismreview.org\/es\/#organization","name":"LatAm Journalism Review","url":"https:\/\/latamjournalismreview.org\/es\/","logo":{"@type":"ImageObject","inLanguage":"es","@id":"https:\/\/latamjournalismreview.org\/es\/#\/schema\/logo\/image\/","url":"https:\/\/latamjournalismreview.org\/wp-content\/uploads\/2020\/05\/knight-latAm-review-logo.svg","contentUrl":"https:\/\/latamjournalismreview.org\/wp-content\/uploads\/2020\/05\/knight-latAm-review-logo.svg","width":"1024","height":"1024","caption":"LatAm Journalism Review"},"image":{"@id":"https:\/\/latamjournalismreview.org\/es\/#\/schema\/logo\/image\/"},"sameAs":["https:\/\/x.com\/LatAmJournalism"]},{"@type":"Person","@id":"https:\/\/latamjournalismreview.org\/es\/#\/schema\/person\/b83a4912f05c8178389e917d8d51de03","name":"Teresa Mioli","description":"Teresa Mioli is the editorial manager for the Knight Center for Journalism in the Americas. She is interested in press freedom, democratization, and investigative journalism in Latin America and is dedicated to increasing awareness about the importance of independent news media to the health of democracies. She produces journalistic work with the aim of helping people to make informed decisions about their lives and societies and wants to make sure other journalists are able to do the same. She has Bachelors' degrees in Journalism and Plan II Honors (Liberal Arts) and a Master's degree in Latin American Studies, all from the University of Texas at Austin. She started her journalistic career at The Beaumont Enterprise in Southeast Texas where she last worked as a breaking news reporter. ______ Teresa Mioli es la directora editorial del Centro Knight para el Periodismo en las Am\u00e9ricas. Es una periodista con inter\u00e9s en la libertad de prensa, la democratizaci\u00f3n y el periodismo investigativo en Am\u00e9rica Latina y est\u00e1 dedicada a crear mayor consciencia sobre la importancia de los medios noticiosos independientes para la salud de las democracias. El objetivo de su trabajo period\u00edstico es ayudar las personas para que tomen decisiones informadas sobre sus vidas y sus sociedades, y busca que otros periodistas tengan la posibilidad de hacer lo mismo. Teresa tiene una licenciatura en Periodismo y Artes liberales (Plan II Honors), y una maestr\u00eda en Estudios Latinoamericanos, todos de la Universidad de Texas en Austin. Empez\u00f3 su carrera en periodismo en The Beaumont Enterprise al sureste de Texas, en donde recientemente trabaj\u00f3 como reportera de noticias de \u00faltima hora. Anteriormente ella fue la editora de LatAm Journalism Review del Centro Knight. ______ Teresa Mioli \u00e9 gerente editorial do Centro Knight para o Jornalismo nas Am\u00e9ricas. Ela se interessa por liberdade de imprensa, democratiza\u00e7\u00e3o e jornalismo investigativo na Am\u00e9rica Latina e se dedica a aumentar a conscientiza\u00e7\u00e3o sobre a import\u00e2ncia da m\u00eddia independente para a sa\u00fade das democracias. Ela produz trabalhos jornal\u00edsticos com o objetivo de ajudar as pessoas a tomarem decis\u00f5es informadas sobre suas vidas e sociedades e deseja garantir que outros jornalistas possam fazer o mesmo. Ela tem bacharelado em jornalismo e artes liberais e um mestrado em Estudos Latino-Americanos, todos pela Universidade do Texas em Austin. Ela come\u00e7ou sua carreira jornal\u00edstica na The Beaumont Enterprise no sudeste do Texas, onde trabalhou pela \u00faltima vez como rep\u00f3rter de not\u00edcias de \u00faltima hora.","sameAs":["https:\/\/x.com\/TeresaMioli"],"url":"https:\/\/latamjournalismreview.org\/es\/articles\/author\/teresa-mioli\/"}]}},"_links":{"self":[{"href":"https:\/\/latamjournalismreview.org\/es\/wp-json\/wp\/v2\/posts\/49325","targetHints":{"allow":["GET"]}}],"collection":[{"href":"https:\/\/latamjournalismreview.org\/es\/wp-json\/wp\/v2\/posts"}],"about":[{"href":"https:\/\/latamjournalismreview.org\/es\/wp-json\/wp\/v2\/types\/post"}],"author":[{"embeddable":true,"href":"https:\/\/latamjournalismreview.org\/es\/wp-json\/wp\/v2\/users\/3"}],"replies":[{"embeddable":true,"href":"https:\/\/latamjournalismreview.org\/es\/wp-json\/wp\/v2\/comments?post=49325"}],"version-history":[{"count":1,"href":"https:\/\/latamjournalismreview.org\/es\/wp-json\/wp\/v2\/posts\/49325\/revisions"}],"predecessor-version":[{"id":49328,"href":"https:\/\/latamjournalismreview.org\/es\/wp-json\/wp\/v2\/posts\/49325\/revisions\/49328"}],"wp:attachment":[{"href":"https:\/\/latamjournalismreview.org\/es\/wp-json\/wp\/v2\/media?parent=49325"}],"wp:term":[{"taxonomy":"category","embeddable":true,"href":"https:\/\/latamjournalismreview.org\/es\/wp-json\/wp\/v2\/categories?post=49325"},{"taxonomy":"post_tag","embeddable":true,"href":"https:\/\/latamjournalismreview.org\/es\/wp-json\/wp\/v2\/tags?post=49325"},{"taxonomy":"author","embeddable":true,"href":"https:\/\/latamjournalismreview.org\/es\/wp-json\/wp\/v2\/coauthors?post=49325"}],"curies":[{"name":"wp","href":"https:\/\/api.w.org\/{rel}","templated":true}]}}