{"id":50207,"date":"2022-02-21T17:39:40","date_gmt":"2022-02-21T22:39:40","guid":{"rendered":"https:\/\/latamjournalismreview.org\/?p=50207"},"modified":"2022-02-22T13:11:05","modified_gmt":"2022-02-22T18:11:05","slug":"quienes-eran-los-periodistas-asesinados-en-mexico-en-lo-que-va-del-ano","status":"publish","type":"post","link":"https:\/\/latamjournalismreview.org\/es\/articles\/quienes-eran-los-periodistas-asesinados-en-mexico-en-lo-que-va-del-ano\/","title":{"rendered":"\u00bfQui\u00e9nes eran los periodistas asesinados en M\u00e9xico en lo que va del a\u00f1o?"},"content":{"rendered":"<p>Protestas van y vienen en repudio a la creciente violencia que sufren los periodistas en M\u00e9xico, mientras el presidente Andr\u00e9s Manuel L\u00f3pez Obrador sigue dedicando frecuentemente tiempo en sus conferencias matutinas diarias a atacar, intimidar y descalificar a medios y periodistas que han revelado presuntos esc\u00e1ndalos de corrupci\u00f3n de miembros de su familia o colaboradores cercanos.<\/p>\n<p>Los periodistas se\u00f1alados han usado los medios a su alcance para alzar la voz y defender su derecho a informar, como lo hizo el periodista Carlos Loret de Mola\u00a0<a href=\"https:\/\/twitter.com\/carlosloret\/status\/1492229273083654148?s=21\">en un video en su cuenta de Twitter\u00a0<\/a>luego de que el presidente\u00a0<a href=\"https:\/\/latamjournalismreview.org\/es\/articles\/presidente-de-mexico-revela-ingresos-de-periodista-y-la-sociedad-reacciona-de-forma-inedita-en-redes-sociales\/\">revel\u00f3 los supuestos ingresos millonarios que hab\u00eda recibido por su trabajo para distintos medios<\/a>.<\/p>\n<p>Sin embargo, los periodistas m\u00e1s afectados por la violencia, los que han sido asesinados o han sobrevivido a intentos de asesinato, no tienen acceso a los grandes medios ni a cuentas de redes sociales con millones de seguidores para hacer escuchar sus peticiones de ayuda ante el clima de violencia.<\/p>\n<p>En lo que va de 2022, cinco periodistas han sido asesinados en M\u00e9xico y al menos tres m\u00e1s se han salvado de morir en ataques con armas de fuego.<\/p>\n<p>Estos comunicadores tienen en com\u00fan que son periodistas independientes o trabajan en sus propios proyectos nativos digitales o basados en redes sociales. Tambi\u00e9n coinciden en que su trabajo se enfoca en temas locales, sobre todo en temas de seguridad, crimen, pol\u00edtica y corrupci\u00f3n.<\/p>\n<p>A continuaci\u00f3n presentamos los perfiles de los cinco periodistas que han perdido la vida de forma violenta en enero y febrero de 2022 con detalles generales de sus asesinatos. Igualmente, mostramos los perfiles de comunicadores que han sido v\u00edctimas de intentos de asesinato y han sobrevivido.<\/p>\n<div id=\"attachment_50257\" style=\"width: 660px\" class=\"wp-caption aligncenter\"><img loading=\"lazy\" decoding=\"async\" aria-describedby=\"caption-attachment-50257\" class=\"wp-image-50257 \" src=\"https:\/\/latamjournalismreview.org\/wp-content\/uploads\/2022\/02\/Periodistas-Aseinados-Mapa-SP.png\" alt=\"Nombres de los periodistas v\u00edctimas de la violencia en M\u00e9xico en los dos primeros meses de 2022 y los estados del pa\u00eds en los que sucedieron los hechos.\" width=\"650\" height=\"545\" srcset=\"https:\/\/latamjournalismreview.org\/wp-content\/uploads\/2022\/02\/Periodistas-Aseinados-Mapa-SP.png 940w, https:\/\/latamjournalismreview.org\/wp-content\/uploads\/2022\/02\/Periodistas-Aseinados-Mapa-SP-300x251.png 300w, https:\/\/latamjournalismreview.org\/wp-content\/uploads\/2022\/02\/Periodistas-Aseinados-Mapa-SP-768x644.png 768w\" sizes=\"auto, (max-width: 650px) 100vw, 650px\" \/><p id=\"caption-attachment-50257\" class=\"wp-caption-text\">Nombres de los periodistas v\u00edctimas de la violencia en M\u00e9xico en los dos primeros meses de 2022 y los estados del pa\u00eds en los que sucedieron los hechos.<\/p><\/div>\n<p>&nbsp;<\/p>\n<p>&nbsp;<\/p>\n<div id=\"attachment_50208\" style=\"width: 381px\" class=\"wp-caption alignright\"><img loading=\"lazy\" decoding=\"async\" aria-describedby=\"caption-attachment-50208\" class=\"wp-image-50208 \" src=\"https:\/\/latamjournalismreview.org\/wp-content\/uploads\/2022\/02\/Captura-de-Pantalla-2022-02-21-a-las-9.37.11-p.m..png\" alt=\"Jos\u00e9 Luis Gamboa Arenas, de Veracruz, recibi\u00f3 al menos siete pu\u00f1aladas. (Foto: Captura de pantalla de YouTube)\" width=\"371\" height=\"529\" srcset=\"https:\/\/latamjournalismreview.org\/wp-content\/uploads\/2022\/02\/Captura-de-Pantalla-2022-02-21-a-las-9.37.11-p.m..png 429w, https:\/\/latamjournalismreview.org\/wp-content\/uploads\/2022\/02\/Captura-de-Pantalla-2022-02-21-a-las-9.37.11-p.m.-210x300.png 210w\" sizes=\"auto, (max-width: 371px) 100vw, 371px\" \/><p id=\"caption-attachment-50208\" class=\"wp-caption-text\">Jos\u00e9 Luis Gamboa Arenas, de Veracruz, recibi\u00f3 al menos siete pu\u00f1aladas. (Foto: Captura de pantalla de YouTube)<\/p><\/div>\n<p>&nbsp;<\/p>\n<p><strong>Fecha: <\/strong>12 de enero de 2022<\/p>\n<p><strong>Nombre:\u00a0<\/strong>Jos\u00e9 Luis Gamboa Arenas<\/p>\n<p><strong>Edad:\u00a0<\/strong>45<\/p>\n<p><strong>Localidad:<\/strong> Puerto de Veracruz, Veracruz<\/p>\n<p><strong>Ocupaci\u00f3n:\u00a0<\/strong>Periodista y editor<\/p>\n<p><strong>Fuente:<\/strong> Pol\u00edtica local y seguridad<\/p>\n<p><strong>Medio:\u00a0<\/strong><a href=\"https:\/\/inforegio.wordpress.com\/\">InfoRegio<\/a> (nativo digital) y\u00a0<a href=\"https:\/\/diariolanoticiaenlinea.wordpress.com\/\">La Noticia<\/a> (nativo digital)<\/p>\n<p><strong>Causa de muerte:<\/strong> Recibi\u00f3 al menos siete pu\u00f1aladas y su cuerpo fue encontrado en un vecindario del Puerto de Veracruz.<\/p>\n<p><strong>Otros datos:<\/strong> Gamboa es el quinto periodista asesinado durante la administraci\u00f3n del Gobernador Cuitl\u00e1huac Garc\u00eda en Veracruz. Unos d\u00edas antes de su muerte,\u00a0<a href=\"https:\/\/www.facebook.com\/inforegio\/posts\/10221119095033624\">hab\u00eda publicado en sus redes sociales una cr\u00edtica a la inseguridad<\/a> y la supuesta protecci\u00f3n con la que autoridades municipales permit\u00edan el supuesto cobro de derecho de piso en la ciudad.<\/p>\n<p>&nbsp;<\/p>\n<p>&nbsp;<\/p>\n<div id=\"attachment_50211\" style=\"width: 438px\" class=\"wp-caption alignleft\"><img loading=\"lazy\" decoding=\"async\" aria-describedby=\"caption-attachment-50211\" class=\"wp-image-50211 \" src=\"https:\/\/latamjournalismreview.org\/wp-content\/uploads\/2022\/02\/Margarito.jpeg\" alt=\"A Margarito Mart\u00ednez le sobreviven su esposa y una hija adolescente. (Foto: Facebook de Margarito Mart\u00ednez)\" width=\"428\" height=\"576\" srcset=\"https:\/\/latamjournalismreview.org\/wp-content\/uploads\/2022\/02\/Margarito.jpeg 627w, https:\/\/latamjournalismreview.org\/wp-content\/uploads\/2022\/02\/Margarito-223x300.jpeg 223w\" sizes=\"auto, (max-width: 428px) 100vw, 428px\" \/><p id=\"caption-attachment-50211\" class=\"wp-caption-text\">A Margarito Mart\u00ednez le sobreviven su esposa y una hija adolescente. (Foto: Facebook de Margarito Mart\u00ednez)<\/p><\/div>\n<p><strong>Fecha: <\/strong>17 de enero de 2022<\/p>\n<p><strong>Nombre:\u00a0<\/strong>Alfonso Margarito Mart\u00ednez Esquivel<\/p>\n<p><strong>Edad:\u00a0<\/strong>49<\/p>\n<p><strong>Localidad:<\/strong> Tijuana, Baja California<\/p>\n<p><strong>Ocupaci\u00f3n:\u00a0<\/strong>Fotoperiodista<\/p>\n<p><strong>Fuente:<\/strong> Seguridad y temas policiacos locales<\/p>\n<p><strong>Medio:\u00a0<\/strong>Independiente. Colabor\u00f3 para medios como Zeta Tijuana, La Jornada de Baja California y Cadena Noticias.<\/p>\n<p><strong>Causa de muerte:<\/strong> Fue emboscado afuera de su domicilio cuando regres\u00f3 a su casa luego de una cobertura. Planeaba salir a cubrir otra asignaci\u00f3n cuando recibi\u00f3 varios impactos de bala, uno de ellos en la cabeza.<\/p>\n<p><strong>Otros datos:<\/strong> En 2019,\u00a0<a href=\"https:\/\/www.sandiegouniontribune.com\/en-espanol\/primera-plana\/articulo\/2019-10-06\/quieres-entrevistar-a-sicarios-de-carteles-o-a-traficantes-de-personas-estos-hombres-y-mujeres-pueden-hacer-que-suceda\">The San Diego Union-Tribune destac\u00f3 en un art\u00edculo<\/a> la labor de Mart\u00ednez cubriendo la violencia, las drogas y la migraci\u00f3n en Tijuana. Mart\u00ednez formaba parte del mecanismo de protecci\u00f3n a periodistas de Baja California y estaba en an\u00e1lisis su incorporaci\u00f3n al mecanismo de protecci\u00f3n federal, luego que un expolic\u00eda lo amenaz\u00f3 con\u00a0<a href=\"https:\/\/www.youtube.com\/watch?v=wFsaoj-IzsU\">la publicaci\u00f3n de un video<\/a> el 13 de diciembre de 2021.<\/p>\n<p>&nbsp;<\/p>\n<div id=\"attachment_50214\" style=\"width: 451px\" class=\"wp-caption alignright\"><img loading=\"lazy\" decoding=\"async\" aria-describedby=\"caption-attachment-50214\" class=\"wp-image-50214 \" src=\"https:\/\/latamjournalismreview.org\/wp-content\/uploads\/2022\/02\/Captura-de-Pantalla-2022-02-21-a-las-9.58.08-p.m..png\" alt=\"Lourdes Maldonado estaba inscrita en el Mecanismo de Protecci\u00f3n de la Secretar\u00eda de Gobernaci\u00f3n. (Foto: Captura de pantalla de YouTube)\" width=\"441\" height=\"558\" srcset=\"https:\/\/latamjournalismreview.org\/wp-content\/uploads\/2022\/02\/Captura-de-Pantalla-2022-02-21-a-las-9.58.08-p.m..png 604w, https:\/\/latamjournalismreview.org\/wp-content\/uploads\/2022\/02\/Captura-de-Pantalla-2022-02-21-a-las-9.58.08-p.m.-237x300.png 237w\" sizes=\"auto, (max-width: 441px) 100vw, 441px\" \/><p id=\"caption-attachment-50214\" class=\"wp-caption-text\">Lourdes Maldonado estaba inscrita en el Mecanismo de Protecci\u00f3n de la Secretar\u00eda de Gobernaci\u00f3n. (Foto: Captura de pantalla de YouTube)<\/p><\/div>\n<p><strong>\u00a0Fecha: <\/strong>23 de enero de 2022<\/p>\n<p><strong>Nombre:\u00a0<\/strong>Mar\u00eda de<strong>\u00a0<\/strong>Lourdes Maldonado L\u00f3pez<\/p>\n<p><strong>Edad:\u00a0<\/strong>67<\/p>\n<p><strong>Localidad:<\/strong> Tijuana, Baja California<\/p>\n<p><strong>Ocupaci\u00f3n:\u00a0<\/strong>Periodista independiente<\/p>\n<p><strong>Fuente:\u00a0<\/strong>Pol\u00edtica y corrupci\u00f3n local<\/p>\n<p><strong>Medio:\u00a0<\/strong>Conduc\u00eda el programa en internet \u201cBrebaje\u201d para la organizaci\u00f3n Sintoniza Sin Fronteras<\/p>\n<p><strong>Causa de muerte:<\/strong> Se encontraba en su autom\u00f3vil al exterior de su casa cuando un sujeto se baj\u00f3 de un taxi, se acerc\u00f3 a ella y le dispar\u00f3.<\/p>\n<p><strong>Otros datos:<\/strong> Maldonado estaba inscrita en el Mecanismo de Protecci\u00f3n de la Secretar\u00eda de Gobernaci\u00f3n de M\u00e9xico. En 2019, acudi\u00f3 a una conferencia de prensa del Presidente Andr\u00e9s Manuel L\u00f3pez Obrador para pedirle ayuda y externarle que tem\u00eda por su vida a causa de un litigio laboral que sosten\u00eda contra la cadena PSN, propiedad del exgobernador de Baja California Jaime Bonilla. D\u00edas antes de su asesinato, la periodista <a href=\"https:\/\/youtu.be\/yMV9PGAIA9Q\">hab\u00eda anunciado en un video<\/a> que hab\u00eda ganado dicho juicio.<\/p>\n<p>&nbsp;<\/p>\n<div id=\"attachment_50217\" style=\"width: 378px\" class=\"wp-caption alignleft\"><img loading=\"lazy\" decoding=\"async\" aria-describedby=\"caption-attachment-50217\" class=\"wp-image-50217 size-full\" src=\"https:\/\/latamjournalismreview.org\/wp-content\/uploads\/2022\/02\/272324767_5459198487443256_5329193692844543302_n.jpeg\" alt=\"Roberto Toledo era camar\u00f3grafo y editor de video del sitio de noticias Monitor Michoac\u00e1n. (Foto: Captura de pantalla de YouTube)\" width=\"368\" height=\"523\" srcset=\"https:\/\/latamjournalismreview.org\/wp-content\/uploads\/2022\/02\/272324767_5459198487443256_5329193692844543302_n.jpeg 368w, https:\/\/latamjournalismreview.org\/wp-content\/uploads\/2022\/02\/272324767_5459198487443256_5329193692844543302_n-211x300.jpeg 211w\" sizes=\"auto, (max-width: 368px) 100vw, 368px\" \/><p id=\"caption-attachment-50217\" class=\"wp-caption-text\">Roberto Toledo era camar\u00f3grafo y editor de video del sitio de noticias Monitor Michoac\u00e1n. (Foto: Captura de pantalla de YouTube)<\/p><\/div>\n<p><strong>Fecha: <\/strong>31 de enero de 2022<\/p>\n<p><strong>Nombre:\u00a0<\/strong>Roberto Toledo<\/p>\n<p><strong>Edad:\u00a0<\/strong>55<\/p>\n<p><strong>Localidad:<\/strong> Zit\u00e1cuaro, Michoac\u00e1n<\/p>\n<p><strong>Ocupaci\u00f3n:\u00a0<\/strong>Camar\u00f3grafo y editor de video<\/p>\n<p><strong>Fuente:\u00a0<\/strong>Noticias generales locales<\/p>\n<p><strong>Medio:\u00a0<\/strong><a href=\"https:\/\/monitormichoacan.com\/\">Monitor Michoac\u00e1n<\/a> (nativo digital)<\/p>\n<p><strong>Causa de muerte:<\/strong> Recibi\u00f3 una serie de disparos de varios sujetos cuando sali\u00f3 a atender el timbre de la puerta. Se encontraba en la oficina del abogado y colaborador de Monitor Michoac\u00e1n Joel Vera para grabar una video columna.<\/p>\n<p><strong>Otros datos:<\/strong> Monitor Michoac\u00e1n, que cubre pol\u00edtica, crimen y seguridad de la ciudad de Zit\u00e1cuaro y alrededores, hab\u00eda recibido amenazas de muerte a ra\u00edz de\u00a0<a href=\"https:\/\/www.facebook.com\/MonitorMichoacan\/posts\/352599480201804\">cr\u00edticas del medio a autoridades estatales y municipales<\/a>, dijo el editor Armando Linares. Se desconoce si Toledo era el blanco del ataque o si este iba dirigido a Vera o a otro miembro del medio,\u00a0<a href=\"https:\/\/cpj.org\/2022\/02\/roberto-toledo-is-fourth-mexican-journalist-killed-in-less-than-four-weeks\/\">dijo el editor a CPJ<\/a>.<\/p>\n<p>&nbsp;<\/p>\n<p>&nbsp;<\/p>\n<div id=\"attachment_50220\" style=\"width: 357px\" class=\"wp-caption alignright\"><img loading=\"lazy\" decoding=\"async\" aria-describedby=\"caption-attachment-50220\" class=\"wp-image-50220 \" src=\"https:\/\/latamjournalismreview.org\/wp-content\/uploads\/2022\/02\/167348499_3866880590028086_24778975953545753_n.jpeg\" alt=\"Heber L\u00f3pez se encontraba en compa\u00f1\u00eda de su hijo cuando fue asesinado. (Foto: tomada del Facebook de Heber L\u00f3pez)\" width=\"347\" height=\"466\" srcset=\"https:\/\/latamjournalismreview.org\/wp-content\/uploads\/2022\/02\/167348499_3866880590028086_24778975953545753_n.jpeg 486w, https:\/\/latamjournalismreview.org\/wp-content\/uploads\/2022\/02\/167348499_3866880590028086_24778975953545753_n-224x300.jpeg 224w\" sizes=\"auto, (max-width: 347px) 100vw, 347px\" \/><p id=\"caption-attachment-50220\" class=\"wp-caption-text\">Heber L\u00f3pez se encontraba en compa\u00f1\u00eda de su hijo cuando fue asesinado. (Foto: tomada del Facebook de Heber L\u00f3pez)<\/p><\/div>\n<p><strong>Fecha:\u00a0<\/strong>10 de febrero de 2022<\/p>\n<p><strong>Nombre:\u00a0<\/strong>Heber L\u00f3pez V\u00e1squez<\/p>\n<p><strong>Edad:\u00a0<\/strong>42<\/p>\n<p><strong>Localidad:<\/strong> Salina Cruz, Oaxaca<\/p>\n<p><strong>Ocupaci\u00f3n:\u00a0<\/strong>Editor<\/p>\n<p><strong>Fuente:\u00a0<\/strong>Pol\u00edtica, corrupci\u00f3n y noticias generales locales<\/p>\n<p><strong>Medio:\u00a0<\/strong><a href=\"http:\/\/rcpnoticias.com.mx\/\">RCP Noticias<\/a> (nativo digital) y\u00a0<a href=\"https:\/\/www.facebook.com\/NoticiasWeb-636125043174386\">NoticiasWeb<\/a> (basado en redes sociales)<\/p>\n<p><strong>Causa de muerte:<\/strong> Fue atacado a balazos por sujetos desconocidos cuando entraba a su oficina en el puerto de Salina Cruz. Se encontraba en compa\u00f1\u00eda de su hijo. Dos personas fueron detenidas poco tiempo despu\u00e9s como sospechosos del crimen.<\/p>\n<p><strong>Otros datos:<\/strong> Horas antes de su asesinato, L\u00f3pez hab\u00eda publicado\u00a0<a href=\"https:\/\/www.facebook.com\/permalink.php?story_fbid=4897057433747771&amp;id=636125043174386\">un texto en el que acusaba a una exfuncionaria municipal de corrupci\u00f3n<\/a>. La organizaci\u00f3n Art\u00edculo 19 indic\u00f3 que el periodista hab\u00eda denunciado agresiones en su contra en 2019.<\/p>\n<p>&nbsp;<\/p>\n<p><strong>Los que se salvaron<\/strong><\/p>\n<p>&nbsp;<\/p>\n<div id=\"attachment_50223\" style=\"width: 377px\" class=\"wp-caption alignright\"><img loading=\"lazy\" decoding=\"async\" aria-describedby=\"caption-attachment-50223\" class=\"wp-image-50223 \" src=\"https:\/\/latamjournalismreview.org\/wp-content\/uploads\/2022\/02\/Captura-de-Pantalla-2022-02-21-a-las-10.16.22-p.m..png\" alt=\"Jos\u00e9 Ignacio Santiago sali\u00f3 ileso de un ataque armado en una carretera de Oaxaca. (Foto: Captura de pantalla de YouTube)\" width=\"367\" height=\"486\" srcset=\"https:\/\/latamjournalismreview.org\/wp-content\/uploads\/2022\/02\/Captura-de-Pantalla-2022-02-21-a-las-10.16.22-p.m..png 541w, https:\/\/latamjournalismreview.org\/wp-content\/uploads\/2022\/02\/Captura-de-Pantalla-2022-02-21-a-las-10.16.22-p.m.-226x300.png 226w\" sizes=\"auto, (max-width: 367px) 100vw, 367px\" \/><p id=\"caption-attachment-50223\" class=\"wp-caption-text\">Jos\u00e9 Ignacio Santiago sali\u00f3 ileso de un ataque armado en una carretera de Oaxaca. (Foto: Captura de pantalla de YouTube)<\/p><\/div>\n<p><strong>Fecha:\u00a0<\/strong>26 de enero de 2022<\/p>\n<p><strong>Nombre:\u00a0<\/strong>Jos\u00e9 Ignacio Santiago Mart\u00ednez<\/p>\n<p><strong>Localidad:<\/strong> Regi\u00f3n Mixteca, Oaxaca<\/p>\n<p><strong>Ocupaci\u00f3n:\u00a0<\/strong>Reportero y editor<\/p>\n<p><strong>Fuente:\u00a0<\/strong>Polic\u00eda y nota roja<\/p>\n<p><strong>Medio:\u00a0<\/strong><a href=\"https:\/\/www.facebook.com\/PlumaDigitalNoticias\/\">Pluma Digital<\/a> (basado en redes sociales)<\/p>\n<p><strong>Descripci\u00f3n del ataque:<\/strong> El periodista viajaba con sus escoltas en un veh\u00edculo hacia la ciudad de Juchit\u00e1n, cuando se percataron\u00a0de que unos\u00a0sujetos con armas largas a bordo de un taxi los segu\u00edan. Los escoltas maniobraron para intentar evadir a los hombres, quienes abrieron fuego contra el veh\u00edculo donde viajaba Santiago. Nadie result\u00f3 herido.<\/p>\n<p><strong>Otros datos:<\/strong> Santiago cuenta con escoltas como parte del Mecanismo de Protecci\u00f3n a periodistas de la Secretar\u00eda de Gobernaci\u00f3n del cual forma parte.<\/p>\n<p>&nbsp;<\/p>\n<p>&nbsp;<\/p>\n<div id=\"attachment_50226\" style=\"width: 377px\" class=\"wp-caption alignleft\"><img loading=\"lazy\" decoding=\"async\" aria-describedby=\"caption-attachment-50226\" class=\"wp-image-50226 \" src=\"https:\/\/latamjournalismreview.org\/wp-content\/uploads\/2022\/02\/16178950_1206637456038702_3288747218996580455_o.jpeg\" alt=\"Netzahualc\u00f3yotl Cordero cuenta con un bot\u00f3n de p\u00e1nico como parte del mecanismo de protecci\u00f3n al que est\u00e1 inscrito. (Foto: tomada del Facebook de Netzahualc\u00f3yotl Cordero)\" width=\"367\" height=\"503\" srcset=\"https:\/\/latamjournalismreview.org\/wp-content\/uploads\/2022\/02\/16178950_1206637456038702_3288747218996580455_o.jpeg 531w, https:\/\/latamjournalismreview.org\/wp-content\/uploads\/2022\/02\/16178950_1206637456038702_3288747218996580455_o-219x300.jpeg 219w\" sizes=\"auto, (max-width: 367px) 100vw, 367px\" \/><p id=\"caption-attachment-50226\" class=\"wp-caption-text\">Netzahualc\u00f3yotl Cordero cuenta con un bot\u00f3n de p\u00e1nico como parte del mecanismo de protecci\u00f3n al que est\u00e1 inscrito. (Foto: tomada del Facebook de Netzahualc\u00f3yotl Cordero)<\/p><\/div>\n<p><strong>Fecha:\u00a0<\/strong>1 de febrero de 2022<\/p>\n<p><strong>Nombre:\u00a0<\/strong>Netzahualc\u00f3yotl Cordero Garc\u00eda<\/p>\n<p><strong>Localidad:<\/strong> Isla Mujeres, Quintana Roo<\/p>\n<p><strong>Ocupaci\u00f3n:\u00a0<\/strong>Reportero y editor<\/p>\n<p><strong>Fuente:\u00a0<\/strong>Crimen y seguridad<\/p>\n<p><strong>Medio:\u00a0<\/strong><a href=\"https:\/\/cgnoticias.net\/\">CGNoticias<\/a> (nativo digital)<\/p>\n<p><strong>Descripci\u00f3n del ataque:<\/strong> Dos sujetos ingresaron al domicilio de Cordero en la zona continental de Isla Mujeres, en los l\u00edmites con Canc\u00fan. Uno de ellos lo enca\u00f1on\u00f3 y le dijo \u201cperiodista, vine por ti\u201d. Cuando el agresor quiso cortar cartucho, Cordero le levant\u00f3 el brazo que sosten\u00eda el arma, y con la otra mano apret\u00f3 un bot\u00f3n de p\u00e1nico para llamar a la Guardia Nacional. Vecinos escucharon la agresi\u00f3n y acudieron a ayudar al periodista a someter al agresor, quien termin\u00f3 hospitalizado por golpes.<\/p>\n<p><strong>Otros datos:<\/strong> Cordero cuenta con un bot\u00f3n de p\u00e1nico para alertar a las autoridades porque forma parte del Mecanismo de Protecci\u00f3n a periodistas federal, a ra\u00edz de que hab\u00eda recibido amenazas con anterioridad.<\/p>\n<p>&nbsp;<\/p>\n<div id=\"attachment_50229\" style=\"width: 346px\" class=\"wp-caption alignright\"><img loading=\"lazy\" decoding=\"async\" aria-describedby=\"caption-attachment-50229\" class=\"wp-image-50229 \" src=\"https:\/\/latamjournalismreview.org\/wp-content\/uploads\/2022\/02\/FL__WfGVUAIukbV.jpeg\" alt=\"Juan Carlos Fabi\u00e1n Cruz sali\u00f3 ileso del ataque, pero su familiar result\u00f3 herido. (Foto: tomada del Twitter de Juan Carlos Fabi\u00e1n)\" width=\"336\" height=\"505\" srcset=\"https:\/\/latamjournalismreview.org\/wp-content\/uploads\/2022\/02\/FL__WfGVUAIukbV.jpeg 570w, https:\/\/latamjournalismreview.org\/wp-content\/uploads\/2022\/02\/FL__WfGVUAIukbV-200x300.jpeg 200w\" sizes=\"auto, (max-width: 336px) 100vw, 336px\" \/><p id=\"caption-attachment-50229\" class=\"wp-caption-text\">Juan Carlos Fabi\u00e1n Cruz sali\u00f3 ileso del ataque, pero su familiar result\u00f3 herido. (Foto: tomada del Twitter de Juan Carlos Fabi\u00e1n)<\/p><\/div>\n<p><strong>Fecha:\u00a0<\/strong>16 de febrero de 2022<\/p>\n<p><strong>Nombre:\u00a0<\/strong>Juan Carlos Fabi\u00e1n Cruz<\/p>\n<p><strong>Localidad:<\/strong> Santa Mar\u00eda Tonameca, Oaxaca<\/p>\n<p><strong>Ocupaci\u00f3n:\u00a0<\/strong>Reportero y editor<\/p>\n<p><strong>Fuente:\u00a0<\/strong>Noticias locales<\/p>\n<p><strong>Medio:\u00a0<\/strong><a href=\"https:\/\/www.facebook.com\/ElSoldeTonameca\">El Sol de Tonameca<\/a> (basado en redes sociales)<\/p>\n<p><strong>Descripci\u00f3n del ataque:<\/strong> Individuos que estaban ingiriendo bebidas alcoh\u00f3licas en la calle acusaron al periodista de grabarlos sin su consentimiento. Dos de los sujetos ingresaron al domicilio de la madre de Fabi\u00e1n y la pareja de esta, uno de ellos con un arma. La pareja de la madre de la v\u00edctima intervino para intentar quitarle el arma al agresor, quien realiz\u00f3 varios disparos. La pareja de la madre del periodista result\u00f3 herido.<\/p>\n<p><strong>Otros datos:<\/strong> Santiago present\u00f3 una denuncia ante la Fiscal\u00eda de Oaxaca por tentativa de homicidio y lesiones. Sin embargo, acus\u00f3 que la Fiscal\u00eda no le tom\u00f3 su declaraci\u00f3n y \u00fanicamente tom\u00f3 la del presunto agresor, quien qued\u00f3 detenido.<\/p>\n","protected":false},"excerpt":{"rendered":"<p>Los comunicadores v\u00edctimas de la ola de violencia de inicios de 2022 tienen comunes denominadores como el ser independientes o trabajar en proyectos nativos digitales propios sobre temas locales de pol\u00edtica, inseguridad y corrupci\u00f3n.<\/p>\n","protected":false},"author":19,"featured_media":50233,"comment_status":"closed","ping_status":"closed","sticky":false,"template":"","format":"standard","meta":{"inline_featured_image":false,"footnotes":""},"categories":[1222],"tags":[1479,1393],"coauthors":[],"class_list":["post-50207","post","type-post","status-publish","format-standard","has-post-thumbnail","hentry","category-violencia-contra-periodistas-es","tag-asesinato-de-periodistas-es","tag-mexico-es"],"acf":[],"yoast_head":"<!-- This site is optimized with the Yoast SEO Premium plugin v22.6 (Yoast SEO v27.4) - https:\/\/yoast.com\/product\/yoast-seo-premium-wordpress\/ -->\n<title>\u00bfQui\u00e9nes eran los periodistas asesinados en M\u00e9xico en lo que va del a\u00f1o? - LatAm Journalism Review<\/title>\n<meta name=\"description\" content=\"\u00bfQui\u00e9nes eran los periodistas asesinados en M\u00e9xico en lo que va del a\u00f1o? Violencia contra periodistas. Latin American Journalism Review by The Knight Center at The University of Texas at Austin.\" \/>\n<meta name=\"robots\" content=\"index, follow, max-snippet:-1, max-image-preview:large, max-video-preview:-1\" \/>\n<link rel=\"canonical\" href=\"https:\/\/latamjournalismreview.org\/es\/articles\/quienes-eran-los-periodistas-asesinados-en-mexico-en-lo-que-va-del-ano\/\" \/>\n<meta property=\"og:locale\" content=\"es_ES\" \/>\n<meta property=\"og:type\" content=\"article\" \/>\n<meta property=\"og:title\" content=\"\u00bfQui\u00e9nes eran los periodistas asesinados en M\u00e9xico en lo que va del a\u00f1o?\" \/>\n<meta property=\"og:description\" content=\"\u00bfQui\u00e9nes eran los periodistas asesinados en M\u00e9xico en lo que va del a\u00f1o? Violencia contra periodistas. Latin American Journalism Review by The Knight Center at The University of Texas at Austin.\" \/>\n<meta property=\"og:url\" content=\"https:\/\/latamjournalismreview.org\/es\/articles\/quienes-eran-los-periodistas-asesinados-en-mexico-en-lo-que-va-del-ano\/\" \/>\n<meta property=\"og:site_name\" content=\"LatAm Journalism Review\" \/>\n<meta property=\"article:published_time\" content=\"2022-02-21T22:39:40+00:00\" \/>\n<meta property=\"article:modified_time\" content=\"2022-02-22T18:11:05+00:00\" \/>\n<meta property=\"og:image\" content=\"https:\/\/latamjournalismreview.org\/wp-content\/uploads\/2022\/02\/F829B2CB-30B3-4A58-A810-EFDBA19D39A9.jpg\" \/>\n\t<meta property=\"og:image:width\" content=\"2048\" \/>\n\t<meta property=\"og:image:height\" content=\"1489\" \/>\n\t<meta property=\"og:image:type\" content=\"image\/jpeg\" \/>\n<meta name=\"author\" content=\"C\u00e9sar L\u00f3pez Linares\" \/>\n<meta name=\"twitter:card\" content=\"summary_large_image\" \/>\n<meta name=\"twitter:creator\" content=\"@cesarisch\" \/>\n<meta name=\"twitter:site\" content=\"@LatAmJournalism\" \/>\n<meta name=\"twitter:label1\" content=\"Written by\" \/>\n\t<meta name=\"twitter:data1\" content=\"C\u00e9sar L\u00f3pez Linares\" \/>\n\t<meta name=\"twitter:label2\" content=\"Est. reading time\" \/>\n\t<meta name=\"twitter:data2\" content=\"9 minutos\" \/>\n<script type=\"application\/ld+json\" class=\"yoast-schema-graph\">{\"@context\":\"https:\\\/\\\/schema.org\",\"@graph\":[{\"@type\":\"Article\",\"@id\":\"https:\\\/\\\/latamjournalismreview.org\\\/es\\\/articles\\\/quienes-eran-los-periodistas-asesinados-en-mexico-en-lo-que-va-del-ano\\\/#article\",\"isPartOf\":{\"@id\":\"https:\\\/\\\/latamjournalismreview.org\\\/es\\\/articles\\\/quienes-eran-los-periodistas-asesinados-en-mexico-en-lo-que-va-del-ano\\\/\"},\"author\":{\"name\":\"C\u00e9sar L\u00f3pez Linares\",\"@id\":\"https:\\\/\\\/latamjournalismreview.org\\\/es\\\/#\\\/schema\\\/person\\\/dcf6dcdd6226ac8d939e2796645d17c6\"},\"headline\":\"\u00bfQui\u00e9nes eran los periodistas asesinados en M\u00e9xico en lo que va del a\u00f1o?\",\"datePublished\":\"2022-02-21T22:39:40+00:00\",\"dateModified\":\"2022-02-22T18:11:05+00:00\",\"mainEntityOfPage\":{\"@id\":\"https:\\\/\\\/latamjournalismreview.org\\\/es\\\/articles\\\/quienes-eran-los-periodistas-asesinados-en-mexico-en-lo-que-va-del-ano\\\/\"},\"wordCount\":1716,\"publisher\":{\"@id\":\"https:\\\/\\\/latamjournalismreview.org\\\/es\\\/#organization\"},\"image\":{\"@id\":\"https:\\\/\\\/latamjournalismreview.org\\\/es\\\/articles\\\/quienes-eran-los-periodistas-asesinados-en-mexico-en-lo-que-va-del-ano\\\/#primaryimage\"},\"thumbnailUrl\":\"https:\\\/\\\/latamjournalismreview.org\\\/wp-content\\\/uploads\\\/2022\\\/02\\\/F829B2CB-30B3-4A58-A810-EFDBA19D39A9.jpg\",\"keywords\":[\"Asesinato de periodista\",\"M\u00e9xico\"],\"articleSection\":[\"Violencia contra periodistas\"],\"inLanguage\":\"es\"},{\"@type\":\"WebPage\",\"@id\":\"https:\\\/\\\/latamjournalismreview.org\\\/es\\\/articles\\\/quienes-eran-los-periodistas-asesinados-en-mexico-en-lo-que-va-del-ano\\\/\",\"url\":\"https:\\\/\\\/latamjournalismreview.org\\\/es\\\/articles\\\/quienes-eran-los-periodistas-asesinados-en-mexico-en-lo-que-va-del-ano\\\/\",\"name\":\"\u00bfQui\u00e9nes eran los periodistas asesinados en M\u00e9xico en lo que va del a\u00f1o? - LatAm Journalism Review\",\"isPartOf\":{\"@id\":\"https:\\\/\\\/latamjournalismreview.org\\\/es\\\/#website\"},\"primaryImageOfPage\":{\"@id\":\"https:\\\/\\\/latamjournalismreview.org\\\/es\\\/articles\\\/quienes-eran-los-periodistas-asesinados-en-mexico-en-lo-que-va-del-ano\\\/#primaryimage\"},\"image\":{\"@id\":\"https:\\\/\\\/latamjournalismreview.org\\\/es\\\/articles\\\/quienes-eran-los-periodistas-asesinados-en-mexico-en-lo-que-va-del-ano\\\/#primaryimage\"},\"thumbnailUrl\":\"https:\\\/\\\/latamjournalismreview.org\\\/wp-content\\\/uploads\\\/2022\\\/02\\\/F829B2CB-30B3-4A58-A810-EFDBA19D39A9.jpg\",\"datePublished\":\"2022-02-21T22:39:40+00:00\",\"dateModified\":\"2022-02-22T18:11:05+00:00\",\"description\":\"\u00bfQui\u00e9nes eran los periodistas asesinados en M\u00e9xico en lo que va del a\u00f1o? Violencia contra periodistas. Latin American Journalism Review by The Knight Center at The University of Texas at Austin.\",\"breadcrumb\":{\"@id\":\"https:\\\/\\\/latamjournalismreview.org\\\/es\\\/articles\\\/quienes-eran-los-periodistas-asesinados-en-mexico-en-lo-que-va-del-ano\\\/#breadcrumb\"},\"inLanguage\":\"es\",\"potentialAction\":[{\"@type\":\"ReadAction\",\"target\":[\"https:\\\/\\\/latamjournalismreview.org\\\/es\\\/articles\\\/quienes-eran-los-periodistas-asesinados-en-mexico-en-lo-que-va-del-ano\\\/\"]}]},{\"@type\":\"ImageObject\",\"inLanguage\":\"es\",\"@id\":\"https:\\\/\\\/latamjournalismreview.org\\\/es\\\/articles\\\/quienes-eran-los-periodistas-asesinados-en-mexico-en-lo-que-va-del-ano\\\/#primaryimage\",\"url\":\"https:\\\/\\\/latamjournalismreview.org\\\/wp-content\\\/uploads\\\/2022\\\/02\\\/F829B2CB-30B3-4A58-A810-EFDBA19D39A9.jpg\",\"contentUrl\":\"https:\\\/\\\/latamjournalismreview.org\\\/wp-content\\\/uploads\\\/2022\\\/02\\\/F829B2CB-30B3-4A58-A810-EFDBA19D39A9.jpg\",\"width\":2048,\"height\":1489,\"caption\":\"Periodistas asesinados\"},{\"@type\":\"BreadcrumbList\",\"@id\":\"https:\\\/\\\/latamjournalismreview.org\\\/es\\\/articles\\\/quienes-eran-los-periodistas-asesinados-en-mexico-en-lo-que-va-del-ano\\\/#breadcrumb\",\"itemListElement\":[{\"@type\":\"ListItem\",\"position\":1,\"name\":\"Home\",\"item\":\"https:\\\/\\\/latamjournalismreview.org\\\/es\\\/\"},{\"@type\":\"ListItem\",\"position\":2,\"name\":\"\u00bfQui\u00e9nes eran los periodistas asesinados en M\u00e9xico en lo que va del a\u00f1o?\"}]},{\"@type\":\"WebSite\",\"@id\":\"https:\\\/\\\/latamjournalismreview.org\\\/es\\\/#website\",\"url\":\"https:\\\/\\\/latamjournalismreview.org\\\/es\\\/\",\"name\":\"LatAm Journalism Review\",\"description\":\"Knight Center at The University of Texas\",\"publisher\":{\"@id\":\"https:\\\/\\\/latamjournalismreview.org\\\/es\\\/#organization\"},\"potentialAction\":[{\"@type\":\"SearchAction\",\"target\":{\"@type\":\"EntryPoint\",\"urlTemplate\":\"https:\\\/\\\/latamjournalismreview.org\\\/es\\\/?s={search_term_string}\"},\"query-input\":{\"@type\":\"PropertyValueSpecification\",\"valueRequired\":true,\"valueName\":\"search_term_string\"}}],\"inLanguage\":\"es\"},{\"@type\":\"Organization\",\"@id\":\"https:\\\/\\\/latamjournalismreview.org\\\/es\\\/#organization\",\"name\":\"LatAm Journalism Review\",\"url\":\"https:\\\/\\\/latamjournalismreview.org\\\/es\\\/\",\"logo\":{\"@type\":\"ImageObject\",\"inLanguage\":\"es\",\"@id\":\"https:\\\/\\\/latamjournalismreview.org\\\/es\\\/#\\\/schema\\\/logo\\\/image\\\/\",\"url\":\"https:\\\/\\\/latamjournalismreview.org\\\/wp-content\\\/uploads\\\/2020\\\/05\\\/knight-latAm-review-logo.svg\",\"contentUrl\":\"https:\\\/\\\/latamjournalismreview.org\\\/wp-content\\\/uploads\\\/2020\\\/05\\\/knight-latAm-review-logo.svg\",\"width\":\"1024\",\"height\":\"1024\",\"caption\":\"LatAm Journalism Review\"},\"image\":{\"@id\":\"https:\\\/\\\/latamjournalismreview.org\\\/es\\\/#\\\/schema\\\/logo\\\/image\\\/\"},\"sameAs\":[\"https:\\\/\\\/x.com\\\/LatAmJournalism\"]},{\"@type\":\"Person\",\"@id\":\"https:\\\/\\\/latamjournalismreview.org\\\/es\\\/#\\\/schema\\\/person\\\/dcf6dcdd6226ac8d939e2796645d17c6\",\"name\":\"C\u00e9sar L\u00f3pez Linares\",\"description\":\"C\u00e9sar L\u00f3pez Linares began his career at the Mexican newspaper REFORMA as an entertainment and media co-editor. He has written for publications such as TODO Austin, Texas Music Magazine and The Austin Chronicle. C\u00e9sar has a Master's degree in Journalism from the University of Texas at Austin and a Bachelors degree in Communication from the National Autonomous University of Mexico. He previously wrote about innovation in journalism for the Gabo Foundation in Colombia and currently reports for the Knight Center's LatAmJournalism Review digital magazine. A native of Mexico City, C\u00e9sar has become a digital nomad combining content creation with his passion for travel. ________ C\u00e9sar L\u00f3pez Linares inici\u00f3 su carrera en el diario mexicano REFORMA como coeditor de entretenimiento y medios. Ha escrito para publicaciones como TODO Austin, Texas Music Magazine y The Austin Chronicle. C\u00e9sar tiene una Maestr\u00eda en Periodismo de la Universidad de Texas en Austin y una Licenciatura en Comunicaci\u00f3n de la Universidad Nacional Aut\u00f3noma de M\u00e9xico. Previamente escribi\u00f3 sobre innovaci\u00f3n en periodismo para la Fundaci\u00f3n Gabo en Colombia y actualmente escribe para la revista digital LatAmJournalism Review del Centro Knight. Originario de la Ciudad de M\u00e9xico, C\u00e9sar se ha convertido en un n\u00f3mada digital que combina la creaci\u00f3n de contenido con su pasi\u00f3n por viajar. _________ C\u00e9sar L\u00f3pez Linares come\u00e7ou sua carreira no jornal mexicano REFORMA como coeditor de entretenimento e m\u00eddia. Ele escreveu para publica\u00e7\u00f5es como TODO Austin, Texas Music Magazine e The Austin Chronicle. C\u00e9sar tem mestrado em jornalismo pela University of Texas em Austin e \u00e9 bacharel em comunica\u00e7\u00e3o pela Universidad Nacional Aut\u00f3noma de M\u00e9xico. Antes disso, ele escreveu sobre inova\u00e7\u00e3o no jornalismo para a Funda\u00e7\u00e3o Gabo na Col\u00f4mbia. Atualmente escreve para a revista digital LatAmJournalism Review do Centro Knight. Nascido na Cidade do M\u00e9xico, C\u00e9sar se tornou um n\u00f4made digital combinando a cria\u00e7\u00e3o de conte\u00fado com sua paix\u00e3o por viagens.\",\"sameAs\":[\"https:\\\/\\\/x.com\\\/cesarisch\"],\"url\":\"https:\\\/\\\/latamjournalismreview.org\\\/es\\\/articles\\\/author\\\/cesar-lopez-linares\\\/\"}]}<\/script>\n<!-- \/ Yoast SEO Premium plugin. -->","yoast_head_json":{"title":"\u00bfQui\u00e9nes eran los periodistas asesinados en M\u00e9xico en lo que va del a\u00f1o? - LatAm Journalism Review","description":"\u00bfQui\u00e9nes eran los periodistas asesinados en M\u00e9xico en lo que va del a\u00f1o? Violencia contra periodistas. Latin American Journalism Review by The Knight Center at The University of Texas at Austin.","robots":{"index":"index","follow":"follow","max-snippet":"max-snippet:-1","max-image-preview":"max-image-preview:large","max-video-preview":"max-video-preview:-1"},"canonical":"https:\/\/latamjournalismreview.org\/es\/articles\/quienes-eran-los-periodistas-asesinados-en-mexico-en-lo-que-va-del-ano\/","og_locale":"es_ES","og_type":"article","og_title":"\u00bfQui\u00e9nes eran los periodistas asesinados en M\u00e9xico en lo que va del a\u00f1o?","og_description":"\u00bfQui\u00e9nes eran los periodistas asesinados en M\u00e9xico en lo que va del a\u00f1o? Violencia contra periodistas. Latin American Journalism Review by The Knight Center at The University of Texas at Austin.","og_url":"https:\/\/latamjournalismreview.org\/es\/articles\/quienes-eran-los-periodistas-asesinados-en-mexico-en-lo-que-va-del-ano\/","og_site_name":"LatAm Journalism Review","article_published_time":"2022-02-21T22:39:40+00:00","article_modified_time":"2022-02-22T18:11:05+00:00","og_image":[{"width":2048,"height":1489,"url":"https:\/\/latamjournalismreview.org\/wp-content\/uploads\/2022\/02\/F829B2CB-30B3-4A58-A810-EFDBA19D39A9.jpg","type":"image\/jpeg"}],"author":"C\u00e9sar L\u00f3pez Linares","twitter_card":"summary_large_image","twitter_creator":"@cesarisch","twitter_site":"@LatAmJournalism","twitter_misc":{"Written by":"C\u00e9sar L\u00f3pez Linares","Est. reading time":"9 minutos"},"schema":{"@context":"https:\/\/schema.org","@graph":[{"@type":"Article","@id":"https:\/\/latamjournalismreview.org\/es\/articles\/quienes-eran-los-periodistas-asesinados-en-mexico-en-lo-que-va-del-ano\/#article","isPartOf":{"@id":"https:\/\/latamjournalismreview.org\/es\/articles\/quienes-eran-los-periodistas-asesinados-en-mexico-en-lo-que-va-del-ano\/"},"author":{"name":"C\u00e9sar L\u00f3pez Linares","@id":"https:\/\/latamjournalismreview.org\/es\/#\/schema\/person\/dcf6dcdd6226ac8d939e2796645d17c6"},"headline":"\u00bfQui\u00e9nes eran los periodistas asesinados en M\u00e9xico en lo que va del a\u00f1o?","datePublished":"2022-02-21T22:39:40+00:00","dateModified":"2022-02-22T18:11:05+00:00","mainEntityOfPage":{"@id":"https:\/\/latamjournalismreview.org\/es\/articles\/quienes-eran-los-periodistas-asesinados-en-mexico-en-lo-que-va-del-ano\/"},"wordCount":1716,"publisher":{"@id":"https:\/\/latamjournalismreview.org\/es\/#organization"},"image":{"@id":"https:\/\/latamjournalismreview.org\/es\/articles\/quienes-eran-los-periodistas-asesinados-en-mexico-en-lo-que-va-del-ano\/#primaryimage"},"thumbnailUrl":"https:\/\/latamjournalismreview.org\/wp-content\/uploads\/2022\/02\/F829B2CB-30B3-4A58-A810-EFDBA19D39A9.jpg","keywords":["Asesinato de periodista","M\u00e9xico"],"articleSection":["Violencia contra periodistas"],"inLanguage":"es"},{"@type":"WebPage","@id":"https:\/\/latamjournalismreview.org\/es\/articles\/quienes-eran-los-periodistas-asesinados-en-mexico-en-lo-que-va-del-ano\/","url":"https:\/\/latamjournalismreview.org\/es\/articles\/quienes-eran-los-periodistas-asesinados-en-mexico-en-lo-que-va-del-ano\/","name":"\u00bfQui\u00e9nes eran los periodistas asesinados en M\u00e9xico en lo que va del a\u00f1o? - LatAm Journalism Review","isPartOf":{"@id":"https:\/\/latamjournalismreview.org\/es\/#website"},"primaryImageOfPage":{"@id":"https:\/\/latamjournalismreview.org\/es\/articles\/quienes-eran-los-periodistas-asesinados-en-mexico-en-lo-que-va-del-ano\/#primaryimage"},"image":{"@id":"https:\/\/latamjournalismreview.org\/es\/articles\/quienes-eran-los-periodistas-asesinados-en-mexico-en-lo-que-va-del-ano\/#primaryimage"},"thumbnailUrl":"https:\/\/latamjournalismreview.org\/wp-content\/uploads\/2022\/02\/F829B2CB-30B3-4A58-A810-EFDBA19D39A9.jpg","datePublished":"2022-02-21T22:39:40+00:00","dateModified":"2022-02-22T18:11:05+00:00","description":"\u00bfQui\u00e9nes eran los periodistas asesinados en M\u00e9xico en lo que va del a\u00f1o? Violencia contra periodistas. Latin American Journalism Review by The Knight Center at The University of Texas at Austin.","breadcrumb":{"@id":"https:\/\/latamjournalismreview.org\/es\/articles\/quienes-eran-los-periodistas-asesinados-en-mexico-en-lo-que-va-del-ano\/#breadcrumb"},"inLanguage":"es","potentialAction":[{"@type":"ReadAction","target":["https:\/\/latamjournalismreview.org\/es\/articles\/quienes-eran-los-periodistas-asesinados-en-mexico-en-lo-que-va-del-ano\/"]}]},{"@type":"ImageObject","inLanguage":"es","@id":"https:\/\/latamjournalismreview.org\/es\/articles\/quienes-eran-los-periodistas-asesinados-en-mexico-en-lo-que-va-del-ano\/#primaryimage","url":"https:\/\/latamjournalismreview.org\/wp-content\/uploads\/2022\/02\/F829B2CB-30B3-4A58-A810-EFDBA19D39A9.jpg","contentUrl":"https:\/\/latamjournalismreview.org\/wp-content\/uploads\/2022\/02\/F829B2CB-30B3-4A58-A810-EFDBA19D39A9.jpg","width":2048,"height":1489,"caption":"Periodistas asesinados"},{"@type":"BreadcrumbList","@id":"https:\/\/latamjournalismreview.org\/es\/articles\/quienes-eran-los-periodistas-asesinados-en-mexico-en-lo-que-va-del-ano\/#breadcrumb","itemListElement":[{"@type":"ListItem","position":1,"name":"Home","item":"https:\/\/latamjournalismreview.org\/es\/"},{"@type":"ListItem","position":2,"name":"\u00bfQui\u00e9nes eran los periodistas asesinados en M\u00e9xico en lo que va del a\u00f1o?"}]},{"@type":"WebSite","@id":"https:\/\/latamjournalismreview.org\/es\/#website","url":"https:\/\/latamjournalismreview.org\/es\/","name":"LatAm Journalism Review","description":"Knight Center at The University of Texas","publisher":{"@id":"https:\/\/latamjournalismreview.org\/es\/#organization"},"potentialAction":[{"@type":"SearchAction","target":{"@type":"EntryPoint","urlTemplate":"https:\/\/latamjournalismreview.org\/es\/?s={search_term_string}"},"query-input":{"@type":"PropertyValueSpecification","valueRequired":true,"valueName":"search_term_string"}}],"inLanguage":"es"},{"@type":"Organization","@id":"https:\/\/latamjournalismreview.org\/es\/#organization","name":"LatAm Journalism Review","url":"https:\/\/latamjournalismreview.org\/es\/","logo":{"@type":"ImageObject","inLanguage":"es","@id":"https:\/\/latamjournalismreview.org\/es\/#\/schema\/logo\/image\/","url":"https:\/\/latamjournalismreview.org\/wp-content\/uploads\/2020\/05\/knight-latAm-review-logo.svg","contentUrl":"https:\/\/latamjournalismreview.org\/wp-content\/uploads\/2020\/05\/knight-latAm-review-logo.svg","width":"1024","height":"1024","caption":"LatAm Journalism Review"},"image":{"@id":"https:\/\/latamjournalismreview.org\/es\/#\/schema\/logo\/image\/"},"sameAs":["https:\/\/x.com\/LatAmJournalism"]},{"@type":"Person","@id":"https:\/\/latamjournalismreview.org\/es\/#\/schema\/person\/dcf6dcdd6226ac8d939e2796645d17c6","name":"C\u00e9sar L\u00f3pez Linares","description":"C\u00e9sar L\u00f3pez Linares began his career at the Mexican newspaper REFORMA as an entertainment and media co-editor. He has written for publications such as TODO Austin, Texas Music Magazine and The Austin Chronicle. C\u00e9sar has a Master's degree in Journalism from the University of Texas at Austin and a Bachelors degree in Communication from the National Autonomous University of Mexico. He previously wrote about innovation in journalism for the Gabo Foundation in Colombia and currently reports for the Knight Center's LatAmJournalism Review digital magazine. A native of Mexico City, C\u00e9sar has become a digital nomad combining content creation with his passion for travel. ________ C\u00e9sar L\u00f3pez Linares inici\u00f3 su carrera en el diario mexicano REFORMA como coeditor de entretenimiento y medios. Ha escrito para publicaciones como TODO Austin, Texas Music Magazine y The Austin Chronicle. C\u00e9sar tiene una Maestr\u00eda en Periodismo de la Universidad de Texas en Austin y una Licenciatura en Comunicaci\u00f3n de la Universidad Nacional Aut\u00f3noma de M\u00e9xico. Previamente escribi\u00f3 sobre innovaci\u00f3n en periodismo para la Fundaci\u00f3n Gabo en Colombia y actualmente escribe para la revista digital LatAmJournalism Review del Centro Knight. Originario de la Ciudad de M\u00e9xico, C\u00e9sar se ha convertido en un n\u00f3mada digital que combina la creaci\u00f3n de contenido con su pasi\u00f3n por viajar. _________ C\u00e9sar L\u00f3pez Linares come\u00e7ou sua carreira no jornal mexicano REFORMA como coeditor de entretenimento e m\u00eddia. Ele escreveu para publica\u00e7\u00f5es como TODO Austin, Texas Music Magazine e The Austin Chronicle. C\u00e9sar tem mestrado em jornalismo pela University of Texas em Austin e \u00e9 bacharel em comunica\u00e7\u00e3o pela Universidad Nacional Aut\u00f3noma de M\u00e9xico. Antes disso, ele escreveu sobre inova\u00e7\u00e3o no jornalismo para a Funda\u00e7\u00e3o Gabo na Col\u00f4mbia. Atualmente escreve para a revista digital LatAmJournalism Review do Centro Knight. Nascido na Cidade do M\u00e9xico, C\u00e9sar se tornou um n\u00f4made digital combinando a cria\u00e7\u00e3o de conte\u00fado com sua paix\u00e3o por viagens.","sameAs":["https:\/\/x.com\/cesarisch"],"url":"https:\/\/latamjournalismreview.org\/es\/articles\/author\/cesar-lopez-linares\/"}]}},"_links":{"self":[{"href":"https:\/\/latamjournalismreview.org\/es\/wp-json\/wp\/v2\/posts\/50207","targetHints":{"allow":["GET"]}}],"collection":[{"href":"https:\/\/latamjournalismreview.org\/es\/wp-json\/wp\/v2\/posts"}],"about":[{"href":"https:\/\/latamjournalismreview.org\/es\/wp-json\/wp\/v2\/types\/post"}],"author":[{"embeddable":true,"href":"https:\/\/latamjournalismreview.org\/es\/wp-json\/wp\/v2\/users\/19"}],"replies":[{"embeddable":true,"href":"https:\/\/latamjournalismreview.org\/es\/wp-json\/wp\/v2\/comments?post=50207"}],"version-history":[{"count":11,"href":"https:\/\/latamjournalismreview.org\/es\/wp-json\/wp\/v2\/posts\/50207\/revisions"}],"predecessor-version":[{"id":50272,"href":"https:\/\/latamjournalismreview.org\/es\/wp-json\/wp\/v2\/posts\/50207\/revisions\/50272"}],"wp:featuredmedia":[{"embeddable":true,"href":"https:\/\/latamjournalismreview.org\/es\/wp-json\/wp\/v2\/media\/50233"}],"wp:attachment":[{"href":"https:\/\/latamjournalismreview.org\/es\/wp-json\/wp\/v2\/media?parent=50207"}],"wp:term":[{"taxonomy":"category","embeddable":true,"href":"https:\/\/latamjournalismreview.org\/es\/wp-json\/wp\/v2\/categories?post=50207"},{"taxonomy":"post_tag","embeddable":true,"href":"https:\/\/latamjournalismreview.org\/es\/wp-json\/wp\/v2\/tags?post=50207"},{"taxonomy":"author","embeddable":true,"href":"https:\/\/latamjournalismreview.org\/es\/wp-json\/wp\/v2\/coauthors?post=50207"}],"curies":[{"name":"wp","href":"https:\/\/api.w.org\/{rel}","templated":true}]}}