{"id":50899,"date":"2022-03-11T16:54:44","date_gmt":"2022-03-11T21:54:44","guid":{"rendered":"https:\/\/latamjournalismreview.org\/?p=50899"},"modified":"2022-03-12T14:58:56","modified_gmt":"2022-03-12T19:58:56","slug":"cobertura-de-los-derechos-sexuales-y-reproductivos-de-las-mujeres-en-america-latina-tras-casos-emblematicos-recientes","status":"publish","type":"post","link":"https:\/\/latamjournalismreview.org\/es\/articles\/cobertura-de-los-derechos-sexuales-y-reproductivos-de-las-mujeres-en-america-latina-tras-casos-emblematicos-recientes\/","title":{"rendered":"Cobertura de los derechos sexuales y reproductivos de las mujeres en Am\u00e9rica Latina tras casos emblem\u00e1ticos recientes"},"content":{"rendered":"<p><span style=\"font-weight: 400;\">El pasado 24 de febrero de 2021, la Corte Constitucional de Colombia aprob\u00f3 el fallo a favor de la despenalizaci\u00f3n del aborto durante las primeras 24 semanas de un embarazo. Esta decisi\u00f3n puso de nuevo sobre la mesa la importancia de realizar una cobertura correcta en los medios de comunicaci\u00f3n cuando se tratan temas de g\u00e9nero, y espec\u00edficamente, de derechos sexuales y reproductivos en Latinoam\u00e9rica.\u00a0<\/span><\/p>\n<p><span style=\"font-weight: 400;\">Seg\u00fan la <\/span><a href=\"https:\/\/www.ohchr.org\/Documents\/Publications\/Reproductivesp.pdf\" target=\"_blank\" rel=\"noopener\"><span style=\"font-weight: 400;\">Organizaci\u00f3n de las Naciones Unidas (ONU)<\/span><\/a><span style=\"font-weight: 400;\">, los derechos sexuales y reproductivos se basan en el reconocimiento de todas las parejas e individuos a decidir libre y responsablemente el n\u00famero de hijos, el espaciamiento de los nacimientos y a disponer de la informaci\u00f3n y de los medios para ello, as\u00ed como el derecho a alcanzar el nivel m\u00e1s elevado de salud sexual y reproductiva. Tambi\u00e9n incluye el derecho a adoptar decisiones relativas a la reproducci\u00f3n sin sufrir discriminaci\u00f3n, coacciones o violencia.<\/span><\/p>\n<p><span style=\"font-weight: 400;\">Desde<\/span><b> LatAm Journalism Review (LJR) <\/b><span style=\"font-weight: 400;\">se convers\u00f3 con periodistas de Colombia, Ecuador y Argentina para conocer los retos a los que se han enfrentado al momento de cubrir estas tem\u00e1ticas en sus pa\u00edses.\u00a0<\/span><\/p>\n<p><span style=\"font-weight: 400;\">\u201cSeguimos teniendo los problemas de siempre con las coberturas de derechos sexuales o reproductivos, en especial, cuando se habla de aborto. Se siguen buscando \u00e1ngulos amarillistas: im\u00e1genes de mujeres con embarazos avanzados, historias dram\u00e1ticas y de sufrimiento, debates de feministas versus iglesia cat\u00f3lica, etc. Son errores que a\u00fan se cometen. Pero, en esa misma medida, han empezado a nacer medios feministas y algunos medios independientes que se preocupan por una perspectiva de g\u00e9nero\u201d dijo a <\/span><b>LJR<\/b><span style=\"font-weight: 400;\"> Catalina Ruiz-Navarro, directora del medio feminista colombiano <\/span><a href=\"https:\/\/volcanicas.com\/\" target=\"_blank\" rel=\"noopener\"><span style=\"font-weight: 400;\">Volc\u00e1nicas<\/span><\/a><span style=\"font-weight: 400;\">.<\/span><\/p>\n<div id=\"attachment_50915\" style=\"width: 460px\" class=\"wp-caption alignright\"><img loading=\"lazy\" decoding=\"async\" aria-describedby=\"caption-attachment-50915\" class=\"wp-image-50915\" src=\"https:\/\/latamjournalismreview.org\/wp-content\/uploads\/2022\/03\/CatalinaRuizNavarro-1-300x155.png\" alt=\"woman in red and blue dress, long dark hair, smiling\" width=\"450\" height=\"232\" srcset=\"https:\/\/latamjournalismreview.org\/wp-content\/uploads\/2022\/03\/CatalinaRuizNavarro-1-300x155.png 300w, https:\/\/latamjournalismreview.org\/wp-content\/uploads\/2022\/03\/CatalinaRuizNavarro-1.png 660w\" sizes=\"auto, (max-width: 450px) 100vw, 450px\" \/><p id=\"caption-attachment-50915\" class=\"wp-caption-text\">\u201cHan empezado a nacer medios feministas y algunos medios independientes que se preocupan por una perspectiva de g\u00e9nero\u201d, dijo Catalina Ruiz-Navarro, directora del medio feminista colombiano Volc\u00e1nicas. (Foto: Cortes\u00eda)<\/p><\/div>\n<h3><b>Cubriendo la legalizaci\u00f3n del aborto en Am\u00e9rica Latina\u00a0<\/b><\/h3>\n<p><span style=\"font-weight: 400;\">En los \u00faltimos a\u00f1os, el aborto legal ha sido una medida reclamada por colectivos feministas a lo largo de Am\u00e9rica Latina. Actualmente solo es legal en Colombia, Guyana, Guyana Francesa, Puerto Rico, Cuba, Argentina, M\u00e9xico y Uruguay.<\/span><\/p>\n<p><span style=\"font-weight: 400;\">En el resto de los pa\u00edses, est\u00e1 prohibido o solo permiten abortar en caso de riesgo para la salud de la madre. Uno de estos casos es el de Ecuador donde, en febrero 2022, se aprob\u00f3 una ley que establece un plazo de 12 semanas de gestaci\u00f3n para poder practicar un aborto legal a aquellas mujeres que hayan sido v\u00edctimas de una violaci\u00f3n. Plazo prolongable hasta 18 semanas si se trata de ni\u00f1as, adolescentes y mujeres ind\u00edgenas y del \u00e1rea rural.\u00a0<\/span><\/p>\n<p><span style=\"font-weight: 400;\">\u201cNosotras en Ecuador, uno de los temas que hemos trabajado con fuerza ha sido la cobertura del aborto. Lo hemos hecho de una forma que busca descentralizar las narrativas dicot\u00f3micas. \u00bfA qu\u00e9 me refiero con esto? Hay una narrativa dominante sobre el aborto en los medios de comunicaci\u00f3n que te pone a favor o en contra. Esa no es la narrativa que propone el periodismo feminista porque no estamos narrando una guerra, estamos narrando la situaci\u00f3n de miles de mujeres y ni\u00f1as\u201d, cont\u00f3 a <\/span><b>LJR<\/b><span style=\"font-weight: 400;\"> Ana Acosta, editora del medio feminista<\/span> <a href=\"https:\/\/wambra.ec\/\" target=\"_blank\" rel=\"noopener\"><span style=\"font-weight: 400;\">Wambra<\/span><\/a><span style=\"font-weight: 400;\">.<\/span><\/p>\n<p><span style=\"font-weight: 400;\">Las periodistas entrevistadas para este art\u00edculo coinciden en que la cobertura del aborto en Latinoam\u00e9rica es d\u00edficil por ser un tema castigado y penalizado tanto legal como socialmente.<\/span><\/p>\n<p><span style=\"font-weight: 400;\">\u201cCreo que en Colombia la cobertura sobre aborto es much\u00edsimo m\u00e1s progresista que en otros pa\u00edses, porque hemos estado hablando de las causales durante mucho tiempo. En M\u00e9xico (donde actualmente vivo) sigue siendo una cobertura muy sensacionalista, marcada por unos valores s\u00faper conservadores que est\u00e1n metidos profundamente en la cultura pop y en la forma de hacer periodismo\u201d, dijo Ruiz-Navarro.\u00a0<\/span><\/p>\n<p><span style=\"font-weight: 400;\">En el caso de Argentina, el aborto de forma legal, segura y gratuita en el sistema de salud se aprob\u00f3, en diciembre de 2020, despu\u00e9s de una larga batalla para los grupos feministas que vieron el proyecto de ley rechazado con anterioridad en 2018.\u00a0<\/span><\/p>\n<p><span style=\"font-weight: 400;\">\u201cLa situaci\u00f3n de la cobertura en general de los temas de g\u00e9nero y en particular de los vinculados al aborto cambia notoriamente en Argentina a partir del movimiento Ni Una Menos en 2015\u201d, explic\u00f3 a<\/span><b> LJR <\/b><span style=\"font-weight: 400;\">Sandra Chaher, consultora en\u00a0 comunicaci\u00f3n y g\u00e9nero y directora de <\/span><a href=\"https:\/\/comunicarigualdad.com.ar\/\" target=\"_blank\" rel=\"noopener\"><span style=\"font-weight: 400;\">Comunicaci\u00f3n por la Igualdad<\/span><\/a><span style=\"font-weight: 400;\">. \u201cEsta consciencia en torno al feminismo y a la agenda de g\u00e9nero en el pa\u00eds influy\u00f3 sustancialmente tambi\u00e9n en los medios y creo que es lo que habilita todo el debate pol\u00edtico, parlamentario, medi\u00e1tico, que da origen a la legalizaci\u00f3n del aborto\u201d, agreg\u00f3 Chaher.<\/span><\/p>\n<div id=\"attachment_50924\" style=\"width: 460px\" class=\"wp-caption alignleft\"><img loading=\"lazy\" decoding=\"async\" aria-describedby=\"caption-attachment-50924\" class=\"wp-image-50924\" src=\"https:\/\/latamjournalismreview.org\/wp-content\/uploads\/2022\/03\/Sandra_Chaher-1-300x195.jpg\" alt=\"two women wearing green bandanas, one of them speaking on a microphone, with a green background\" width=\"450\" height=\"292\" srcset=\"https:\/\/latamjournalismreview.org\/wp-content\/uploads\/2022\/03\/Sandra_Chaher-1-300x195.jpg 300w, https:\/\/latamjournalismreview.org\/wp-content\/uploads\/2022\/03\/Sandra_Chaher-1.jpg 699w\" sizes=\"auto, (max-width: 450px) 100vw, 450px\" \/><p id=\"caption-attachment-50924\" class=\"wp-caption-text\">\u201cLos temas de g\u00e9nero no los puede cubrir cualquiera o los puede cubrir cualquiera, pero no necesariamente lo va a hacer bien. Se necesita una formaci\u00f3n espec\u00edfica\u201d, dijo Sandra Chaher, directora de Comunicaci\u00f3n por la Igualdad. (Cortes\u00eda)<\/p><\/div>\n<h3><b>Ser o no feminista\u00a0<\/b><\/h3>\n<p><span style=\"font-weight: 400;\">Las periodistas que cubren temas de g\u00e9nero est\u00e1n acostumbradas a que desde la sociedad y sus propios entornos laborales se les pida elegir entre el activismo y el periodismo. El defender causas sociales se sale de la objetividad exigida por muchos dentro del periodismo.\u00a0<\/span><\/p>\n<p><span style=\"font-weight: 400;\">\u201cEn 2019 cuando hicimos el primer<\/span><a href=\"https:\/\/festivalzarelia.com\/\" target=\"_blank\" rel=\"noopener\"><span style=\"font-weight: 400;\"> Festival Zarelia<\/span><\/a> <span style=\"font-weight: 400;\">muchas periodistas que nosotras consider\u00e1bamos que ten\u00edan una cobertura con perspectiva de g\u00e9nero no se autodenominaban como feministas. Muchas veces por el estigma y el hostigamiento dentro de sus propios espacios laborales\u201d, explic\u00f3 Acosta. \u201cEso ha cambiado. Muchas de las periodistas que antes no quer\u00edan decirse feministas por miedo a las criticas, hoy dicen \u2018s\u00ed, soy periodista feminista \u00bfy qu\u00e9?\u2019\u201d, agreg\u00f3 la editora ecuatoriana.\u00a0<\/span><\/p>\n<p><span style=\"font-weight: 400;\">Una periodista que no tiene problemas en asumirse y posicionarse como feminista es Mariana Fern\u00e1ndez Camacho, quien trabaja para Infobae y es tambi\u00e9n parte de la asociaci\u00f3n Comunicaci\u00f3n por la Igualdad.\u00a0 \u201cSiempre he sido una periodista feminista. Adem\u00e1s, me planto desde este espacio, desde este lugar pol\u00edtico, as\u00ed me presento. No concuerdo con el tener que presentar siempre las dos posiciones. Por ejemplo, si cubres un tema sobre abuso sexual en las infancias, el periodismo tradicional te dir\u00eda que hay que escuchar la historia de la mam\u00e1 protectora, pero tambi\u00e9n hay que sacar la visi\u00f3n de ese pap\u00e1 que es denunciado. No, esas cosas no las hago\u201d, dijo Fern\u00e1ndez Camacho.\u00a0<\/span><\/p>\n<p><span style=\"font-weight: 400;\">Para Chaher, la estigmatizaci\u00f3n alrededor de asumir el posicionamiento pol\u00edtico del feminismo es lo m\u00e1s complicado al momento de abordar historias sobre g\u00e9nero. Pero, esa postura no excluye la preparaci\u00f3n que deben tener las periodistas al momento de cubrir tem\u00e1ticas sobre derechos sexuales y reproductivos. \u201cLa formaci\u00f3n en g\u00e9nero es una formaci\u00f3n period\u00edstica, como lo es el periodismo cultural, pol\u00edtico, econ\u00f3mico, deportivo, etc. Es decir, los temas de g\u00e9nero no los puede cubrir cualquiera o los puede cubrir cualquiera, pero no necesariamente lo va a hacer bien. Se necesita una formaci\u00f3n espec\u00edfica que no todo el mundo tiene\u201d, agreg\u00f3 la consultora.\u00a0<\/span><\/p>\n<h3><b>Se ha avanzado\u00a0<\/b><\/h3>\n<p><span style=\"font-weight: 400;\">En los \u00faltimos a\u00f1os se ha producido una <\/span><a href=\"https:\/\/latamjournalismreview.org\/es\/articles\/medios-feministas-de-america-latina-amplian-voces-del-ecosistema-mediatico-al-reportar-con-enfoque-de-genero\/\" target=\"_blank\" rel=\"noopener\"><span style=\"font-weight: 400;\">primavera de medios en Latinoam\u00e9rica<\/span><\/a> <span style=\"font-weight: 400;\">que buscan poner en la conversaci\u00f3n p\u00fablica los temas de mujeres, mujeres trans y de la comunidad LGBTQ+. La plataforma digital de informaci\u00f3n y an\u00e1lisis sobre el acontecer en Am\u00e9rica Latina, Distintas Latitudes,<\/span> <a href=\"https:\/\/distintaslatitudes.net\/oportunidades\/periodismo-feminista-en-america-latina-30-proyectos-para-seguir-la-pista\" target=\"_blank\" rel=\"noopener\"><span style=\"font-weight: 400;\">identific\u00f3<\/span><\/a><span style=\"font-weight: 400;\"> 30 medios feministas en la regi\u00f3n.\u00a0<\/span><\/p>\n<p><span style=\"font-weight: 400;\">Sin embargo, aunque se han creado nuevos medios especializados en estos temas, a\u00fan se echa de menos la perspectiva de g\u00e9nero en algunos medios de comunicaci\u00f3n. \u201cHay pocas mujeres feministas trabajando en los medios de comunicaci\u00f3n. Hay todav\u00eda much\u00edsimas menos mujeres feministas en espacios de poder y de decisi\u00f3n importantes. Sin embargo, no puedo dejar de marcar que hemos avanzado tambi\u00e9n un mont\u00f3n en los medios de comunicaci\u00f3n en relaci\u00f3n a los abordajes\u201d, dijo Fern\u00e1ndez Camacho.\u00a0<\/span><\/p>\n<p><span style=\"font-weight: 400;\">Lo cierto es que cada vez m\u00e1s periodistas se especializan en la cobertura de g\u00e9nero y le abren el camino a las siguientes generaciones. Adem\u00e1s, se han creado redes de apoyo en diferentes pa\u00edses de Am\u00e9rica Latina como la <\/span><a href=\"http:\/\/www.redperiodistasgenero.org\/nuestra-red-internacional\/\" target=\"_blank\" rel=\"noopener\"><span style=\"font-weight: 400;\">Red Internacional de Periodistas con Visi\u00f3n de G\u00e9nero<\/span><\/a><span style=\"font-weight: 400;\"> que apoya y prioriza el periodismo feminista.\u00a0<\/span><\/p>\n<p><span style=\"font-weight: 400;\">\u201cDecir que no hemos ganado espacio en el mundo del periodismo con respecto a los derechos de las mujeres y con respecto al enfoque de g\u00e9nero, pues ser\u00eda negar una realidad que estamos viviendo. Se ha logrado abrir puertas con mucha dificultad y a\u00fan queda mucho por hacer. Pero, hemos avanzado\u201d, concluy\u00f3 Fabiola Calvo Ocampo, directora de la Red de Periodistas con Visi\u00f3n de G\u00e9nero en Colombia.<\/span><\/p>\n","protected":false},"excerpt":{"rendered":"<p>Las recientes despenalizaciones de aborto en Latinoam\u00e9rica han abierto nuevamente la conversaci\u00f3n sobre la importancia de realizar una cobertura correcta en los medios de comunicaci\u00f3n cuando se tratan temas de derechos sexuales y reproductivos. Se convers\u00f3 con periodistas feministas de la regi\u00f3n para conocer los retos a los que se han enfrentado al momento de cubrir estas tem\u00e1ticas en sus pa\u00edses. <\/p>\n","protected":false},"author":36,"featured_media":50924,"comment_status":"closed","ping_status":"closed","sticky":false,"template":"","format":"standard","meta":{"inline_featured_image":false,"footnotes":""},"categories":[18],"tags":[1395],"coauthors":[],"class_list":["post-50899","post","type-post","status-publish","format-standard","has-post-thumbnail","hentry","category-sin-categorizar","tag-colombia-es-2"],"acf":[],"yoast_head":"<!-- This site is optimized with the Yoast SEO Premium plugin v22.6 (Yoast SEO v27.4) - https:\/\/yoast.com\/product\/yoast-seo-premium-wordpress\/ -->\n<title>Cobertura de los derechos sexuales y reproductivos de las mujeres en Am\u00e9rica Latina tras casos emblem\u00e1ticos recientes - LatAm Journalism Review<\/title>\n<meta name=\"description\" content=\"Cobertura de los derechos sexuales y reproductivos de las mujeres en Am\u00e9rica Latina tras casos emblem\u00e1ticos recientes . Latin American Journalism Review by The Knight Center at The University of Texas at Austin.\" \/>\n<meta name=\"robots\" content=\"index, follow, max-snippet:-1, max-image-preview:large, max-video-preview:-1\" \/>\n<link rel=\"canonical\" href=\"https:\/\/latamjournalismreview.org\/es\/articles\/cobertura-de-los-derechos-sexuales-y-reproductivos-de-las-mujeres-en-america-latina-tras-casos-emblematicos-recientes\/\" \/>\n<meta property=\"og:locale\" content=\"es_ES\" \/>\n<meta property=\"og:type\" content=\"article\" \/>\n<meta property=\"og:title\" content=\"Cobertura de los derechos sexuales y reproductivos de las mujeres en Am\u00e9rica Latina tras casos emblem\u00e1ticos recientes\" \/>\n<meta property=\"og:description\" content=\"Cobertura de los derechos sexuales y reproductivos de las mujeres en Am\u00e9rica Latina tras casos emblem\u00e1ticos recientes . Latin American Journalism Review by The Knight Center at The University of Texas at Austin.\" \/>\n<meta property=\"og:url\" content=\"https:\/\/latamjournalismreview.org\/es\/articles\/cobertura-de-los-derechos-sexuales-y-reproductivos-de-las-mujeres-en-america-latina-tras-casos-emblematicos-recientes\/\" \/>\n<meta property=\"og:site_name\" content=\"LatAm Journalism Review\" \/>\n<meta property=\"article:published_time\" content=\"2022-03-11T21:54:44+00:00\" \/>\n<meta property=\"article:modified_time\" content=\"2022-03-12T19:58:56+00:00\" \/>\n<meta property=\"og:image\" content=\"https:\/\/latamjournalismreview.org\/wp-content\/uploads\/2022\/03\/Sandra_Chaher-1.jpg\" \/>\n\t<meta property=\"og:image:width\" content=\"699\" \/>\n\t<meta property=\"og:image:height\" content=\"454\" \/>\n\t<meta property=\"og:image:type\" content=\"image\/jpeg\" \/>\n<meta name=\"author\" content=\"Katherine Pennacchio\" \/>\n<meta name=\"twitter:card\" content=\"summary_large_image\" \/>\n<meta name=\"twitter:creator\" content=\"@kathypennacchio\" \/>\n<meta name=\"twitter:site\" content=\"@LatAmJournalism\" \/>\n<meta name=\"twitter:label1\" content=\"Written by\" \/>\n\t<meta name=\"twitter:data1\" content=\"Katherine Pennacchio\" \/>\n\t<meta name=\"twitter:label2\" content=\"Est. reading time\" \/>\n\t<meta name=\"twitter:data2\" content=\"7 minutos\" \/>\n<script type=\"application\/ld+json\" class=\"yoast-schema-graph\">{\"@context\":\"https:\\\/\\\/schema.org\",\"@graph\":[{\"@type\":\"Article\",\"@id\":\"https:\\\/\\\/latamjournalismreview.org\\\/es\\\/articles\\\/cobertura-de-los-derechos-sexuales-y-reproductivos-de-las-mujeres-en-america-latina-tras-casos-emblematicos-recientes\\\/#article\",\"isPartOf\":{\"@id\":\"https:\\\/\\\/latamjournalismreview.org\\\/es\\\/articles\\\/cobertura-de-los-derechos-sexuales-y-reproductivos-de-las-mujeres-en-america-latina-tras-casos-emblematicos-recientes\\\/\"},\"author\":{\"name\":\"Katherine Pennacchio\",\"@id\":\"https:\\\/\\\/latamjournalismreview.org\\\/es\\\/#\\\/schema\\\/person\\\/35fb0fc8541711528b3683cd6bf42190\"},\"headline\":\"Cobertura de los derechos sexuales y reproductivos de las mujeres en Am\u00e9rica Latina tras casos emblem\u00e1ticos recientes\",\"datePublished\":\"2022-03-11T21:54:44+00:00\",\"dateModified\":\"2022-03-12T19:58:56+00:00\",\"mainEntityOfPage\":{\"@id\":\"https:\\\/\\\/latamjournalismreview.org\\\/es\\\/articles\\\/cobertura-de-los-derechos-sexuales-y-reproductivos-de-las-mujeres-en-america-latina-tras-casos-emblematicos-recientes\\\/\"},\"wordCount\":1509,\"publisher\":{\"@id\":\"https:\\\/\\\/latamjournalismreview.org\\\/es\\\/#organization\"},\"image\":{\"@id\":\"https:\\\/\\\/latamjournalismreview.org\\\/es\\\/articles\\\/cobertura-de-los-derechos-sexuales-y-reproductivos-de-las-mujeres-en-america-latina-tras-casos-emblematicos-recientes\\\/#primaryimage\"},\"thumbnailUrl\":\"https:\\\/\\\/latamjournalismreview.org\\\/wp-content\\\/uploads\\\/2022\\\/03\\\/Sandra_Chaher-1.jpg\",\"keywords\":[\"Colombia\"],\"articleSection\":[\"Sin categorizar\"],\"inLanguage\":\"es\"},{\"@type\":\"WebPage\",\"@id\":\"https:\\\/\\\/latamjournalismreview.org\\\/es\\\/articles\\\/cobertura-de-los-derechos-sexuales-y-reproductivos-de-las-mujeres-en-america-latina-tras-casos-emblematicos-recientes\\\/\",\"url\":\"https:\\\/\\\/latamjournalismreview.org\\\/es\\\/articles\\\/cobertura-de-los-derechos-sexuales-y-reproductivos-de-las-mujeres-en-america-latina-tras-casos-emblematicos-recientes\\\/\",\"name\":\"Cobertura de los derechos sexuales y reproductivos de las mujeres en Am\u00e9rica Latina tras casos emblem\u00e1ticos recientes - LatAm Journalism Review\",\"isPartOf\":{\"@id\":\"https:\\\/\\\/latamjournalismreview.org\\\/es\\\/#website\"},\"primaryImageOfPage\":{\"@id\":\"https:\\\/\\\/latamjournalismreview.org\\\/es\\\/articles\\\/cobertura-de-los-derechos-sexuales-y-reproductivos-de-las-mujeres-en-america-latina-tras-casos-emblematicos-recientes\\\/#primaryimage\"},\"image\":{\"@id\":\"https:\\\/\\\/latamjournalismreview.org\\\/es\\\/articles\\\/cobertura-de-los-derechos-sexuales-y-reproductivos-de-las-mujeres-en-america-latina-tras-casos-emblematicos-recientes\\\/#primaryimage\"},\"thumbnailUrl\":\"https:\\\/\\\/latamjournalismreview.org\\\/wp-content\\\/uploads\\\/2022\\\/03\\\/Sandra_Chaher-1.jpg\",\"datePublished\":\"2022-03-11T21:54:44+00:00\",\"dateModified\":\"2022-03-12T19:58:56+00:00\",\"description\":\"Cobertura de los derechos sexuales y reproductivos de las mujeres en Am\u00e9rica Latina tras casos emblem\u00e1ticos recientes . Latin American Journalism Review by The Knight Center at The University of Texas at Austin.\",\"breadcrumb\":{\"@id\":\"https:\\\/\\\/latamjournalismreview.org\\\/es\\\/articles\\\/cobertura-de-los-derechos-sexuales-y-reproductivos-de-las-mujeres-en-america-latina-tras-casos-emblematicos-recientes\\\/#breadcrumb\"},\"inLanguage\":\"es\",\"potentialAction\":[{\"@type\":\"ReadAction\",\"target\":[\"https:\\\/\\\/latamjournalismreview.org\\\/es\\\/articles\\\/cobertura-de-los-derechos-sexuales-y-reproductivos-de-las-mujeres-en-america-latina-tras-casos-emblematicos-recientes\\\/\"]}]},{\"@type\":\"ImageObject\",\"inLanguage\":\"es\",\"@id\":\"https:\\\/\\\/latamjournalismreview.org\\\/es\\\/articles\\\/cobertura-de-los-derechos-sexuales-y-reproductivos-de-las-mujeres-en-america-latina-tras-casos-emblematicos-recientes\\\/#primaryimage\",\"url\":\"https:\\\/\\\/latamjournalismreview.org\\\/wp-content\\\/uploads\\\/2022\\\/03\\\/Sandra_Chaher-1.jpg\",\"contentUrl\":\"https:\\\/\\\/latamjournalismreview.org\\\/wp-content\\\/uploads\\\/2022\\\/03\\\/Sandra_Chaher-1.jpg\",\"width\":699,\"height\":454,\"caption\":\"\u201cLos temas de g\u00e9nero no los puede cubrir cualquiera o los puede cubrir cualquiera, pero no necesariamente lo va a hacer bien. Se necesita una formaci\u00f3n espec\u00edfica\u201d, dijo Sandra Chaher, directora de Comunicaci\u00f3n por la Igualdad. (Cortes\u00eda)\"},{\"@type\":\"BreadcrumbList\",\"@id\":\"https:\\\/\\\/latamjournalismreview.org\\\/es\\\/articles\\\/cobertura-de-los-derechos-sexuales-y-reproductivos-de-las-mujeres-en-america-latina-tras-casos-emblematicos-recientes\\\/#breadcrumb\",\"itemListElement\":[{\"@type\":\"ListItem\",\"position\":1,\"name\":\"Home\",\"item\":\"https:\\\/\\\/latamjournalismreview.org\\\/es\\\/\"},{\"@type\":\"ListItem\",\"position\":2,\"name\":\"Cobertura de los derechos sexuales y reproductivos de las mujeres en Am\u00e9rica Latina tras casos emblem\u00e1ticos recientes\"}]},{\"@type\":\"WebSite\",\"@id\":\"https:\\\/\\\/latamjournalismreview.org\\\/es\\\/#website\",\"url\":\"https:\\\/\\\/latamjournalismreview.org\\\/es\\\/\",\"name\":\"LatAm Journalism Review\",\"description\":\"Knight Center at The University of Texas\",\"publisher\":{\"@id\":\"https:\\\/\\\/latamjournalismreview.org\\\/es\\\/#organization\"},\"potentialAction\":[{\"@type\":\"SearchAction\",\"target\":{\"@type\":\"EntryPoint\",\"urlTemplate\":\"https:\\\/\\\/latamjournalismreview.org\\\/es\\\/?s={search_term_string}\"},\"query-input\":{\"@type\":\"PropertyValueSpecification\",\"valueRequired\":true,\"valueName\":\"search_term_string\"}}],\"inLanguage\":\"es\"},{\"@type\":\"Organization\",\"@id\":\"https:\\\/\\\/latamjournalismreview.org\\\/es\\\/#organization\",\"name\":\"LatAm Journalism Review\",\"url\":\"https:\\\/\\\/latamjournalismreview.org\\\/es\\\/\",\"logo\":{\"@type\":\"ImageObject\",\"inLanguage\":\"es\",\"@id\":\"https:\\\/\\\/latamjournalismreview.org\\\/es\\\/#\\\/schema\\\/logo\\\/image\\\/\",\"url\":\"https:\\\/\\\/latamjournalismreview.org\\\/wp-content\\\/uploads\\\/2020\\\/05\\\/knight-latAm-review-logo.svg\",\"contentUrl\":\"https:\\\/\\\/latamjournalismreview.org\\\/wp-content\\\/uploads\\\/2020\\\/05\\\/knight-latAm-review-logo.svg\",\"width\":\"1024\",\"height\":\"1024\",\"caption\":\"LatAm Journalism Review\"},\"image\":{\"@id\":\"https:\\\/\\\/latamjournalismreview.org\\\/es\\\/#\\\/schema\\\/logo\\\/image\\\/\"},\"sameAs\":[\"https:\\\/\\\/x.com\\\/LatAmJournalism\"]},{\"@type\":\"Person\",\"@id\":\"https:\\\/\\\/latamjournalismreview.org\\\/es\\\/#\\\/schema\\\/person\\\/35fb0fc8541711528b3683cd6bf42190\",\"name\":\"Katherine Pennacchio\",\"description\":\"Katherine Pennacchio is a Venezuelan journalist with a master's degree in Investigative, Data and Visualization Journalism from Unidad Editorial and the Rey Juan Carlos University of Madrid. Katherine is passionate about data analysis and currently works as a freelancer. ____ Katherine Pennacchio es una periodista venezolana con una maestr\u00eda en Periodismo de Investigaci\u00f3n, Datos y Visualizaci\u00f3n de la Unidad Editorial y la Universidad Rey Juan Carlos de Madrid. Katherine es una apasionada del an\u00e1lisis de datos y actualmente trabaja como independiente.\",\"sameAs\":[\"https:\\\/\\\/x.com\\\/kathypennacchio\"],\"url\":\"https:\\\/\\\/latamjournalismreview.org\\\/es\\\/articles\\\/author\\\/katherine-pennacchio\\\/\"}]}<\/script>\n<!-- \/ Yoast SEO Premium plugin. -->","yoast_head_json":{"title":"Cobertura de los derechos sexuales y reproductivos de las mujeres en Am\u00e9rica Latina tras casos emblem\u00e1ticos recientes - LatAm Journalism Review","description":"Cobertura de los derechos sexuales y reproductivos de las mujeres en Am\u00e9rica Latina tras casos emblem\u00e1ticos recientes . Latin American Journalism Review by The Knight Center at The University of Texas at Austin.","robots":{"index":"index","follow":"follow","max-snippet":"max-snippet:-1","max-image-preview":"max-image-preview:large","max-video-preview":"max-video-preview:-1"},"canonical":"https:\/\/latamjournalismreview.org\/es\/articles\/cobertura-de-los-derechos-sexuales-y-reproductivos-de-las-mujeres-en-america-latina-tras-casos-emblematicos-recientes\/","og_locale":"es_ES","og_type":"article","og_title":"Cobertura de los derechos sexuales y reproductivos de las mujeres en Am\u00e9rica Latina tras casos emblem\u00e1ticos recientes","og_description":"Cobertura de los derechos sexuales y reproductivos de las mujeres en Am\u00e9rica Latina tras casos emblem\u00e1ticos recientes . Latin American Journalism Review by The Knight Center at The University of Texas at Austin.","og_url":"https:\/\/latamjournalismreview.org\/es\/articles\/cobertura-de-los-derechos-sexuales-y-reproductivos-de-las-mujeres-en-america-latina-tras-casos-emblematicos-recientes\/","og_site_name":"LatAm Journalism Review","article_published_time":"2022-03-11T21:54:44+00:00","article_modified_time":"2022-03-12T19:58:56+00:00","og_image":[{"width":699,"height":454,"url":"https:\/\/latamjournalismreview.org\/wp-content\/uploads\/2022\/03\/Sandra_Chaher-1.jpg","type":"image\/jpeg"}],"author":"Katherine Pennacchio","twitter_card":"summary_large_image","twitter_creator":"@kathypennacchio","twitter_site":"@LatAmJournalism","twitter_misc":{"Written by":"Katherine Pennacchio","Est. reading time":"7 minutos"},"schema":{"@context":"https:\/\/schema.org","@graph":[{"@type":"Article","@id":"https:\/\/latamjournalismreview.org\/es\/articles\/cobertura-de-los-derechos-sexuales-y-reproductivos-de-las-mujeres-en-america-latina-tras-casos-emblematicos-recientes\/#article","isPartOf":{"@id":"https:\/\/latamjournalismreview.org\/es\/articles\/cobertura-de-los-derechos-sexuales-y-reproductivos-de-las-mujeres-en-america-latina-tras-casos-emblematicos-recientes\/"},"author":{"name":"Katherine Pennacchio","@id":"https:\/\/latamjournalismreview.org\/es\/#\/schema\/person\/35fb0fc8541711528b3683cd6bf42190"},"headline":"Cobertura de los derechos sexuales y reproductivos de las mujeres en Am\u00e9rica Latina tras casos emblem\u00e1ticos recientes","datePublished":"2022-03-11T21:54:44+00:00","dateModified":"2022-03-12T19:58:56+00:00","mainEntityOfPage":{"@id":"https:\/\/latamjournalismreview.org\/es\/articles\/cobertura-de-los-derechos-sexuales-y-reproductivos-de-las-mujeres-en-america-latina-tras-casos-emblematicos-recientes\/"},"wordCount":1509,"publisher":{"@id":"https:\/\/latamjournalismreview.org\/es\/#organization"},"image":{"@id":"https:\/\/latamjournalismreview.org\/es\/articles\/cobertura-de-los-derechos-sexuales-y-reproductivos-de-las-mujeres-en-america-latina-tras-casos-emblematicos-recientes\/#primaryimage"},"thumbnailUrl":"https:\/\/latamjournalismreview.org\/wp-content\/uploads\/2022\/03\/Sandra_Chaher-1.jpg","keywords":["Colombia"],"articleSection":["Sin categorizar"],"inLanguage":"es"},{"@type":"WebPage","@id":"https:\/\/latamjournalismreview.org\/es\/articles\/cobertura-de-los-derechos-sexuales-y-reproductivos-de-las-mujeres-en-america-latina-tras-casos-emblematicos-recientes\/","url":"https:\/\/latamjournalismreview.org\/es\/articles\/cobertura-de-los-derechos-sexuales-y-reproductivos-de-las-mujeres-en-america-latina-tras-casos-emblematicos-recientes\/","name":"Cobertura de los derechos sexuales y reproductivos de las mujeres en Am\u00e9rica Latina tras casos emblem\u00e1ticos recientes - LatAm Journalism Review","isPartOf":{"@id":"https:\/\/latamjournalismreview.org\/es\/#website"},"primaryImageOfPage":{"@id":"https:\/\/latamjournalismreview.org\/es\/articles\/cobertura-de-los-derechos-sexuales-y-reproductivos-de-las-mujeres-en-america-latina-tras-casos-emblematicos-recientes\/#primaryimage"},"image":{"@id":"https:\/\/latamjournalismreview.org\/es\/articles\/cobertura-de-los-derechos-sexuales-y-reproductivos-de-las-mujeres-en-america-latina-tras-casos-emblematicos-recientes\/#primaryimage"},"thumbnailUrl":"https:\/\/latamjournalismreview.org\/wp-content\/uploads\/2022\/03\/Sandra_Chaher-1.jpg","datePublished":"2022-03-11T21:54:44+00:00","dateModified":"2022-03-12T19:58:56+00:00","description":"Cobertura de los derechos sexuales y reproductivos de las mujeres en Am\u00e9rica Latina tras casos emblem\u00e1ticos recientes . Latin American Journalism Review by The Knight Center at The University of Texas at Austin.","breadcrumb":{"@id":"https:\/\/latamjournalismreview.org\/es\/articles\/cobertura-de-los-derechos-sexuales-y-reproductivos-de-las-mujeres-en-america-latina-tras-casos-emblematicos-recientes\/#breadcrumb"},"inLanguage":"es","potentialAction":[{"@type":"ReadAction","target":["https:\/\/latamjournalismreview.org\/es\/articles\/cobertura-de-los-derechos-sexuales-y-reproductivos-de-las-mujeres-en-america-latina-tras-casos-emblematicos-recientes\/"]}]},{"@type":"ImageObject","inLanguage":"es","@id":"https:\/\/latamjournalismreview.org\/es\/articles\/cobertura-de-los-derechos-sexuales-y-reproductivos-de-las-mujeres-en-america-latina-tras-casos-emblematicos-recientes\/#primaryimage","url":"https:\/\/latamjournalismreview.org\/wp-content\/uploads\/2022\/03\/Sandra_Chaher-1.jpg","contentUrl":"https:\/\/latamjournalismreview.org\/wp-content\/uploads\/2022\/03\/Sandra_Chaher-1.jpg","width":699,"height":454,"caption":"\u201cLos temas de g\u00e9nero no los puede cubrir cualquiera o los puede cubrir cualquiera, pero no necesariamente lo va a hacer bien. Se necesita una formaci\u00f3n espec\u00edfica\u201d, dijo Sandra Chaher, directora de Comunicaci\u00f3n por la Igualdad. (Cortes\u00eda)"},{"@type":"BreadcrumbList","@id":"https:\/\/latamjournalismreview.org\/es\/articles\/cobertura-de-los-derechos-sexuales-y-reproductivos-de-las-mujeres-en-america-latina-tras-casos-emblematicos-recientes\/#breadcrumb","itemListElement":[{"@type":"ListItem","position":1,"name":"Home","item":"https:\/\/latamjournalismreview.org\/es\/"},{"@type":"ListItem","position":2,"name":"Cobertura de los derechos sexuales y reproductivos de las mujeres en Am\u00e9rica Latina tras casos emblem\u00e1ticos recientes"}]},{"@type":"WebSite","@id":"https:\/\/latamjournalismreview.org\/es\/#website","url":"https:\/\/latamjournalismreview.org\/es\/","name":"LatAm Journalism Review","description":"Knight Center at The University of Texas","publisher":{"@id":"https:\/\/latamjournalismreview.org\/es\/#organization"},"potentialAction":[{"@type":"SearchAction","target":{"@type":"EntryPoint","urlTemplate":"https:\/\/latamjournalismreview.org\/es\/?s={search_term_string}"},"query-input":{"@type":"PropertyValueSpecification","valueRequired":true,"valueName":"search_term_string"}}],"inLanguage":"es"},{"@type":"Organization","@id":"https:\/\/latamjournalismreview.org\/es\/#organization","name":"LatAm Journalism Review","url":"https:\/\/latamjournalismreview.org\/es\/","logo":{"@type":"ImageObject","inLanguage":"es","@id":"https:\/\/latamjournalismreview.org\/es\/#\/schema\/logo\/image\/","url":"https:\/\/latamjournalismreview.org\/wp-content\/uploads\/2020\/05\/knight-latAm-review-logo.svg","contentUrl":"https:\/\/latamjournalismreview.org\/wp-content\/uploads\/2020\/05\/knight-latAm-review-logo.svg","width":"1024","height":"1024","caption":"LatAm Journalism Review"},"image":{"@id":"https:\/\/latamjournalismreview.org\/es\/#\/schema\/logo\/image\/"},"sameAs":["https:\/\/x.com\/LatAmJournalism"]},{"@type":"Person","@id":"https:\/\/latamjournalismreview.org\/es\/#\/schema\/person\/35fb0fc8541711528b3683cd6bf42190","name":"Katherine Pennacchio","description":"Katherine Pennacchio is a Venezuelan journalist with a master's degree in Investigative, Data and Visualization Journalism from Unidad Editorial and the Rey Juan Carlos University of Madrid. Katherine is passionate about data analysis and currently works as a freelancer. ____ Katherine Pennacchio es una periodista venezolana con una maestr\u00eda en Periodismo de Investigaci\u00f3n, Datos y Visualizaci\u00f3n de la Unidad Editorial y la Universidad Rey Juan Carlos de Madrid. Katherine es una apasionada del an\u00e1lisis de datos y actualmente trabaja como independiente.","sameAs":["https:\/\/x.com\/kathypennacchio"],"url":"https:\/\/latamjournalismreview.org\/es\/articles\/author\/katherine-pennacchio\/"}]}},"_links":{"self":[{"href":"https:\/\/latamjournalismreview.org\/es\/wp-json\/wp\/v2\/posts\/50899","targetHints":{"allow":["GET"]}}],"collection":[{"href":"https:\/\/latamjournalismreview.org\/es\/wp-json\/wp\/v2\/posts"}],"about":[{"href":"https:\/\/latamjournalismreview.org\/es\/wp-json\/wp\/v2\/types\/post"}],"author":[{"embeddable":true,"href":"https:\/\/latamjournalismreview.org\/es\/wp-json\/wp\/v2\/users\/36"}],"replies":[{"embeddable":true,"href":"https:\/\/latamjournalismreview.org\/es\/wp-json\/wp\/v2\/comments?post=50899"}],"version-history":[{"count":4,"href":"https:\/\/latamjournalismreview.org\/es\/wp-json\/wp\/v2\/posts\/50899\/revisions"}],"predecessor-version":[{"id":50938,"href":"https:\/\/latamjournalismreview.org\/es\/wp-json\/wp\/v2\/posts\/50899\/revisions\/50938"}],"wp:featuredmedia":[{"embeddable":true,"href":"https:\/\/latamjournalismreview.org\/es\/wp-json\/wp\/v2\/media\/50924"}],"wp:attachment":[{"href":"https:\/\/latamjournalismreview.org\/es\/wp-json\/wp\/v2\/media?parent=50899"}],"wp:term":[{"taxonomy":"category","embeddable":true,"href":"https:\/\/latamjournalismreview.org\/es\/wp-json\/wp\/v2\/categories?post=50899"},{"taxonomy":"post_tag","embeddable":true,"href":"https:\/\/latamjournalismreview.org\/es\/wp-json\/wp\/v2\/tags?post=50899"},{"taxonomy":"author","embeddable":true,"href":"https:\/\/latamjournalismreview.org\/es\/wp-json\/wp\/v2\/coauthors?post=50899"}],"curies":[{"name":"wp","href":"https:\/\/api.w.org\/{rel}","templated":true}]}}