{"id":51165,"date":"2022-03-21T18:05:40","date_gmt":"2022-03-21T23:05:40","guid":{"rendered":"https:\/\/latamjournalismreview.org\/?p=51165"},"modified":"2022-03-23T21:41:04","modified_gmt":"2022-03-24T02:41:04","slug":"periodistas-negras-e-indigenas-son-atacadas-en-linea-cuando-se-pronuncian-contra-el-racismo","status":"publish","type":"post","link":"https:\/\/latamjournalismreview.org\/es\/articles\/periodistas-negras-e-indigenas-son-atacadas-en-linea-cuando-se-pronuncian-contra-el-racismo\/","title":{"rendered":"Periodistas negras e ind\u00edgenas son atacadas en l\u00ednea cuando se pronuncian contra el racismo"},"content":{"rendered":"<p><em>Por Jamile Santana y La\u00eds Martins, en <span style=\"font-weight: 400;\"><a href=\"https:\/\/azmina.com.br\/reportagens\/jornalistas-negras-e-indigenas-sao-ofendidas-quando-se-posicionam-contra-racismo%ef%bf%bc\/\" target=\"_blank\" rel=\"noopener\">Revista AzMina<\/a><\/span><\/em><\/p>\n<p><em>Advertencia: el siguiente art\u00edculo muestra fragmentos expl\u00edcitos de contenido mis\u00f3gino y racista. Optamos por no censurarlos porque creemos que es importante ejemplificar c\u00f3mo se violenta el debate en las redes, c\u00f3mo se propaga la violencia contra las mujeres periodistas, qu\u00e9 t\u00e9rminos se utilizan con frecuencia y c\u00f3mo podemos identificarla.<\/em><\/p>\n<p>Las mujeres periodistas, en general, enfrentan desaf\u00edos a la hora de posicionarse en las redes sociales. En el caso de las mujeres afro e ind\u00edgenas encontramos aspectos a\u00fan m\u00e1s problem\u00e1ticos. Adem\u00e1s de la misoginia y violencia de g\u00e9nero de la que son objeto por el solo hecho de ser mujeres, estos grupos sufren ataques que intentan desprestigiar las luchas antirracistas y la garant\u00eda de los derechos constitucionales de los pueblos ind\u00edgenas.<\/p>\n<p>Acusaciones como \u201cdiscurso de mujer negra\u201d, \u201cvictimismo\u201d y \u201coportunista\u201d suelen encontrarse en los tuits dirigidos a estas profesionales. As\u00ed lo muestra la investigaci\u00f3n de datos realizada por Revista AzMina, InternetLab y N\u00facleo Jornalismo, junto con Volt Data Lab e INCT.DD, con financiamiento de Carnegie for International Peace y apoyo del Centro Internacional para Periodistas (ICFJ).<\/p>\n<p>El segundo informe de la serie sobre violencia de g\u00e9nero contra periodistas analiz\u00f3 cerca de 240 tuits ofensivos dirigidos a un grupo de 26 periodistas mujeres, negras e ind\u00edgenas. Tambi\u00e9n se identific\u00f3 que solo dos de cada 10 delitos fueron eliminados por la plataforma de la red social. Los t\u00e9rminos m\u00e1s frecuentes se dividen en categor\u00edas como racismo, insultos personales, ofensas al desempe\u00f1o profesional, desprestigio intelectual, machismo, amenaza f\u00edsica y acoso sexual.<\/p>\n<p>Los insultos \u201cperiodista parcial\u201d, \u201ctendenciosa\u201d y \u201cmanipuladora\u201d, \u201ccomunista\u201d (en el mal contexto), \u201cfracasada\u201d y \u201crid\u00edcula\u201d son los m\u00e1s frecuentes entre los tuits al grupo de perfil analizado. Los ataques siempre ocurren cuando un usuario no est\u00e1 de acuerdo con la informaci\u00f3n o el punto de vista publicado por las periodistas.<\/p>\n<p>Otro fen\u00f3meno percibido fue el uso de frases mis\u00f3ginas para desacreditar y silenciar a las profesionales. Los mensajes ofensivos conten\u00edan frases como \u201cve a lavar los platos\u201d, \u201cve a cuidar a la familia\u201d o \u201cmalquerida\u201d y \u201cmal atendida\u201d. Tambi\u00e9n se identificaron t\u00e9rminos para desacreditar intelectualmente a las mujeres, como \u201cloca\u201d, \u201cest\u00fapida\u201d, \u201cenferma\u201d, \u201cdemente\u201d e \u201cidiota\u201d, por ejemplo.<\/p>\n<h3>Posicionamentos antirracistas<\/h3>\n<p>Las mujeres negras a menudo son atacadas cuando se oponen al racismo. En los mensajes, los agresores relativizan posiciones antirracistas, sugiriendo, por ejemplo, que \u201cya no se puede criticar a un negro\u201d o que \u201clos negros tambi\u00e9n pueden matar a los blancos\u201d.<\/p>\n<p>El a\u00f1o pasado, la periodista Fl\u00e1via Oliveira, comentarista de Globo News y columnista de los diarios O Globo y CBN, public\u00f3 un tuit haciendo eco del episodio en el que se incendi\u00f3 la estatua de Borba Gato en S\u00e3o Paulo. En el mensaje, ella, que es negra, recomend\u00f3 leer el libro \u201cEscravid\u00e3o 2\u201d (Esclavitud 2), de Laurentino Gomes, para que la gente supiera qui\u00e9n fue el blanco de la protesta antirracista. La periodista fue atacada con una serie de insultos racistas y mis\u00f3ginos; contenido que sigue en l\u00ednea.<\/p>\n<p>Pero, en algunos casos, los ataques ni siquiera son respuestas a publicaciones publicadas por las profesionales. Cuando la periodista y presentadora Maju Coutinho sale al aire en TV Globo, por ejemplo, recibe insultos sin motivo. En algunos casos, los ataques van acompa\u00f1ados de amenazas f\u00edsicas. El monitoreo tambi\u00e9n sugiere que existe un comportamiento de acoso por parte de algunos usuarios: se encontraron 10 ataques a Maju Coutinho realizados por un solo usuario. Todo el contenido sigue en l\u00ednea.<\/p>\n<p>Las profesionales que trabajan en medios de comunicaci\u00f3n nacionales, especialmente la televisi\u00f3n, est\u00e1n m\u00e1s expuestas a las ofensas. Pero las periodistas negras de medios en l\u00ednea o impresos tambi\u00e9n sufren ataques organizados, seg\u00fan inform\u00f3 la periodista Gabi Coelho, reportera del diario Estado de S. Paulo y miembro del Colectivo Lena Santos, un grupo de periodistas negros y negras de Minas Gerais.<\/p>\n<p>\u201cLos ataques que recibo y recib\u00ed, pr\u00e1cticamente todos estaban dirigidos a temas de g\u00e9nero y raza\u201d, dijo Gabi. En una de estas experiencias, su foto fue difundida luego de un reportaje que hizo sobre el negacionismo. \u201cEl objetivo era hacer circular mi rostro y que quedara marcado para los dem\u00e1s usuarios de la red\u201d, dijo.<\/p>\n<p>En ese incidente, Gabi cont\u00f3 con el apoyo de la Asociaci\u00f3n Brasile\u00f1a de Periodismo de Investigaci\u00f3n (Abraji), del diario para el que trabaja y de Twitter. Pero la periodista se pregunta c\u00f3mo buscar apoyo en las redes sociales, \u201csabiendo que reproducen lo que llamamos racismo estructural\u201d. Y concluye que es importante buscar apoyo \u201cpara que sigamos existiendo en estos espacios que son imprescindibles\u201d.<\/p>\n<p>La periodista de investigaci\u00f3n Cec\u00edlia Oliveira recibe ataques en su Twitter casi a diario. Cec\u00edlia, quien tambi\u00e9n es fundadora y directora del Instituto Fogo Cruzado, enfoca su cobertura en el \u00e1rea de seguridad p\u00fablica, principalmente en el tr\u00e1fico de armas y drogas, pero que son cubiertos y debatidos principalmente por hombres, dice ella. \u201cLo que ser\u00eda una cr\u00edtica a mi trabajo se convierte en una cr\u00edtica personal, con ataques a la sexualidad y a la raza. Son ofensas m\u00e1s dirigidas a lo que eres como individuo, precisamente porque muchas de ellas funcionan atacando a la persona y no a la idea\u201d, dice. M\u00e1s de la mitad de los t\u00e9rminos ofensivos encontrados por el an\u00e1lisis son de ofensa personal y no est\u00e1n relacionados con el desempe\u00f1o profesional de las periodistas.<\/p>\n<h3>Lucha ind\u00edgena<\/h3>\n<p>Las periodistas ind\u00edgenas tambi\u00e9n son atacadas cuando abordan temas como la demarcaci\u00f3n de tierras y las pol\u00edticas ind\u00edgenas. El cuestionamiento y descr\u00e9dito de la identidad ind\u00edgena ha sido durante mucho tiempo una estrategia silenciadora, como cuando se les cuestiona por ocupar espacios urbanos, hacer uso de tecnolog\u00edas y hablar otros idiomas.<\/p>\n<p>Al publicar un tuit que mostraba el mapa de Brasil completamente demarcado como \u00e1rea ind\u00edgena, la periodista Ela\u00edze Farias, reportera y cofundadora de Amaz\u00f4nia Real, fue atacada por varios usuarios que intentaron desacreditar la lucha por el reconocimiento de los territorios ind\u00edgenas.<\/p>\n<p>\u201cCuando las mujeres ind\u00edgenas empiezan a hablar de sus experiencias, pr\u00e1cticas sociales y culturales, utilizando una de las tantas herramientas del avance tecnol\u00f3gico, cuando ponen el dedo en la llaga y denuncian las injusticias y violaciones a las que son sometidas, molesta, provoca malestar y enojo en personas no ind\u00edgenas\u201d, dijo Ela\u00edze.<\/p>\n<p>La periodista ind\u00edgena Alice Patax\u00f3 tambi\u00e9n es blanco de ataques ofensivos cuando cubre eventos que discuten el acceso a los derechos fundamentales de los pueblos ind\u00edgenas. En uno de los incidentes, public\u00f3 una foto del juicio en el Marco Temporal de las Terras Ind\u00edgenas y un usuario critic\u00f3 el hecho de que la periodista tuviera acceso a un celular.<\/p>\n<h3><em>Quilombos<\/em> en las redes<\/h3>\n<p>A pesar del escenario hostil, en contraste con la violencia, nuestra encuesta encontr\u00f3 157 tuits de apoyo a las mujeres negras en un total de dos mil 204 mensajes analizados que inclu\u00edan t\u00e9rminos sobre raza.<\/p>\n<p>La uni\u00f3n de las personas negras para fortalecer a los individuos de manera colectiva se conoce como la \u201cestrategia del quilombo\u201d. Los quilombos fueron dispositivos fundamentales en la preservaci\u00f3n de la identidad, la dignidad, la cultura y la salud mental de la poblaci\u00f3n negra durante el periodo de la esclavitud, seg\u00fan explic\u00f3 el psic\u00f3logo y M\u00e1ster en Psicolog\u00eda Cl\u00ednica de la Universidad Federal Fluminense (UFF) Lucas Veiga, en el art\u00edculo <a href=\"https:\/\/www.scielo.br\/j\/fractal\/a\/NTf4hsLfg85J6s5kYw93GkF\/?lang=pt#\" target=\"_blank\" rel=\"noopener\">\u201cDescolonizando la Psicolog\u00eda: Apuntes para una Psicolog\u00eda Negra\u201d<\/a>. \u201cEl encuentro entre hombres y mujeres negros es curativo\u201d, escribi\u00f3.<\/p>\n<p>Para Fernanda K. Martins, antrop\u00f3loga y una de las coordinadoras de la investigaci\u00f3n de InternetLab, las redes sociales ocupan un lugar muy ambiguo en el ejercicio profesional de los negros e ind\u00edgenas.<\/p>\n<p>\u201cPor un lado, hay m\u00e1s espacio para que estas personas sean escuchadas, lleguen a un p\u00fablico m\u00e1s amplio y encuentren espacios de sanaci\u00f3n al tratar con sus pares\u201d, dice. Por otro lado, Fernanda agrega que las plataformas en general tienen dificultades para hacer frente a los ataques. Seg\u00fan ella, esto se debe en parte a que no pueden identificar el contexto de los ataques, lo que impide, por ejemplo, excluir algunos contenidos.<\/p>\n<p>\u201cEs urgente mejorar este tipo de moderaci\u00f3n, ya que las redes sociales pueden mantener disponibles contenidos que incluso violan la ley brasile\u00f1a\u201d, dijo Fernanda. Este es el caso de los tuits expl\u00edcitamente racistas encontrados en el transcurso de la investigaci\u00f3n.<\/p>\n<h3>El contenido ofensivo permanece en l\u00ednea<\/h3>\n<p>Solo 2 de cada 10 publicaciones ofensivas identificadas en nuestro an\u00e1lisis fueron eliminadas, algunas por Twitter y otras por el propio usuario. Vale la pena mencionar que nuestra revisi\u00f3n no sigui\u00f3 los t\u00e9rminos y pol\u00edticas de la plataforma. La compa\u00f1\u00eda sigue sus propias pautas para identificar publicaciones potencialmente da\u00f1inas.<\/p>\n<p>Ela\u00edze dice que cuando recibe este tipo de ataques en la red social, trata de blindar su salud mental utilizando una estrategia particular. \u201cNormalmente no leo publicaciones ni retuits. Por lo general, solo interact\u00fao con las personas que sigo en Twitter y los ataques se pierden entre los escombros. Lo importante es que se dio el mensaje\u201d, dice. Pero defiende que las plataformas digitales afinen sus estrategias para combatir la violencia. \u201cCreo que podr\u00eda haber una moderaci\u00f3n, especialmente para las mentiras y publicaciones racistas. Un medio para identificar qui\u00e9nes son los perpetradores, porque el racismo es un delito en el pa\u00eds. Por otro lado, no podemos ser ingenuos de que esto suceder\u00e1 en el corto plazo\u201d.<\/p>\n<p>Despu\u00e9s de un curso sobre interacci\u00f3n en las redes sociales, Cec\u00edlia tambi\u00e9n cambi\u00f3 su forma de enfrentar los ataques y las ofensas. \u201cAntes, cuando me atacaban, me pon\u00eda muy conmocionada, entonces hoy cuando s\u00e9 que hay tuits con el potencial de atraer <i>haters<\/i>, silencio ese tuit y no vuelvo a \u00e9l\u201d. Tambi\u00e9n adopta como pr\u00e1ctica el no compartir los ataques que recibe y utiliza filtros puestos a disposici\u00f3n por Twitter que limitan, por ejemplo, las notificaciones de usuarios sin correo electr\u00f3nico y n\u00fameros de tel\u00e9fono verificados.<\/p>\n<p>Pero las herramientas de red no siempre son satisfactorias. La periodista recuerda que en septiembre de 2021 empez\u00f3 a recibir ataques sistem\u00e1ticos de la misma usuaria, que respond\u00eda a todos sus tuits con una copia del v\u00eddeo de 'Nega do Cabelo Duro' [una canci\u00f3n brasile\u00f1a con insultos racistas hacia las mujeres negras]. Al denunciarlo a trav\u00e9s de la plataforma, la periodista recibi\u00f3 una notificaci\u00f3n a los pocos d\u00edas de que el contenido no violaba las pol\u00edticas de Twitter.<\/p>\n<p>\u201cMe quej\u00e9 en Twitter de la respuesta de la plataforma, dije que eran ataques sistem\u00e1ticos de la misma cuenta, insultos racistas, y esa fue la respuesta que recib\u00ed, y luego la gente de Twitter me envi\u00f3 un correo. Me dieron las gracias y supongo que luego lo cambiaron\u201d, dijo la periodista, quien tiene 173 mil seguidores en Twitter.<\/p>\n<p>En un comunicado, Twitter dijo que \u201ctiene una pol\u00edtica contra la <a href=\"https:\/\/help.twitter.com\/pt\/rules-and-policies\/hateful-conduct-policy\" target=\"_blank\" rel=\"noopener\">propagaci\u00f3n del odio<\/a> que proh\u00edbe los tuits con contenido de lenguaje deshumanizante basado en religi\u00f3n, casta, edad, discapacidad, enfermedad, raza, etnia o lugar de nacimiento, g\u00e9nero, identidad de g\u00e9nero u orientaci\u00f3n sexual. La <a href=\"https:\/\/help.twitter.com\/pt\/rules-and-policies\/abusive-behavior\" target=\"_blank\" rel=\"noopener\">pol\u00edtica de comportamiento abusivo<\/a>, por otro lado, proh\u00edbe la participaci\u00f3n o el fomento del acoso dirigido a alguien\u201d.<\/p>\n<p>La plataforma tambi\u00e9n destac\u00f3 que no siempre est\u00e1 claro si el contenido se produjo con la intenci\u00f3n de acosar o atacar a una persona en funci\u00f3n de su \u201cestado de categor\u00eda protegida\u201d y, por lo tanto, puede ser necesario que la persona presente una denuncia. \u201cPara ayudar a nuestros equipos a comprender el contexto, a veces necesitamos escuchar a la persona directamente afectada para asegurarnos de tener la informaci\u00f3n necesaria antes de tomar <a href=\"https:\/\/help.twitter.com\/pt\/rules-and-policies\/enforcement-options\" target=\"_blank\" rel=\"noopener\">medidas correctivas,<\/a> que pueden incluir eliminar y\/o reducir la visibilidad de un tweet hasta la suspensi\u00f3n permanente de la cuenta\u201d, dice la nota.<\/p>\n<h3>Metodolog\u00eda<\/h3>\n<p>Creamos una lista de periodistas con diferentes perfiles de g\u00e9nero, raciales-\u00e9tnicos y diferentes orientaciones sexuales cuyos perfiles ser\u00edan monitoreados, buscando construir un an\u00e1lisis que nos permitiera articular marcadores sociales. Esta lista inclu\u00eda 200 periodistas (133 mujeres y 67 hombres) con trabajo en diferentes medios de prensa brasile\u00f1os, diferentes regiones y, al mismo tiempo, en diferentes etapas de sus carreras.<\/p>\n<p>Recolectamos tuits y retuits que mencionaban a los periodistas monitoreados y que conten\u00edan al menos una de las palabras presentes en una <a href=\"https:\/\/docs.google.com\/spreadsheets\/d\/1VeD2lUGMcgLb7hSpBQbNsoe_1yDS_lv0eNjUoSh4lc4\/edit?usp=sharing\" target=\"_blank\" rel=\"noopener\">lista de t\u00e9rminos<\/a> que podr\u00edan usarse en publicaciones ofensivas. El l\u00e9xico inclu\u00eda t\u00e9rminos ofensivos relacionados con la misoginia, el racismo, la homofobia, entre otros, y fue determinado por ling\u00fcistas, periodistas y otros expertos.<\/p>\n<p>La recolecci\u00f3n de tuits se realiz\u00f3 del 15 de mayo al 27 de septiembre de 2021. Recolectamos un total de 7 millones 082 mil 947 tuits y retuits dirigidos a periodistas hombres y mujeres.<\/p>\n<p>Una vez completada la recopilaci\u00f3n, analizamos por separado los tuits dirigidos a mujeres periodistas negras, ind\u00edgenas y asi\u00e1ticas. Como no fue posible analizar cualitativamente todos los tuits y retuits mencionados, optamos por analizar solo los que ten\u00edan al menos un Me Gusta y\/o RT como participaci\u00f3n. Se consideraron 2 mil 455 publicaciones con t\u00e9rminos potencialmente ofensivos. El an\u00e1lisis manual fue importante para eliminar los tuits de \"falsos positivos\" que podr\u00edan haberse incrustado citando palabras que aparec\u00edan en el l\u00e9xico pero que estaban descontextualizadas y, en ocasiones, no eran ofensivas.<\/p>\n<p>Para asegurarnos de que hab\u00eda un entendimiento com\u00fan entre los investigadores sobre lo que constitu\u00eda una ofensa y lo que era solo una cr\u00edtica, inicialmente analizamos los primeros 100 tuits juntos. Adem\u00e1s, los tuits que ten\u00edan contextos m\u00e1s complejos y que no pod\u00edan ser etiquetados f\u00e1cilmente por un solo investigador fueron analizados por m\u00e1s de uno.<\/p>\n<p>Finalmente, los t\u00e9rminos ofensivos encontrados fueron clasificados en categor\u00edas: racismo (incluyendo insultos o desprestigio a la lucha antirracista), maldiciones (groser\u00edas y agresiones seg\u00fan los contextos personales de cada periodista), ofensas al desempe\u00f1o profesional, desprestigio intelectual, machismo, amenaza amenaza f\u00edsica y sexual.<\/p>\n<p><em>*El proyecto \u201cComprender c\u00f3mo se utilizan las operaciones de influencia a trav\u00e9s de plataformas para atacar a los periodistas y obstaculizar las democracias\u201d se lleva a cabo en una asociaci\u00f3n entre Internet Lab, INCT.DD, Instituto Vero, DFR Lab, AzMina y Volt Data Lab. La investigaci\u00f3n est\u00e1 financiada por Carnegie for International Peace's Partnership for Countering Influence Operations y tambi\u00e9n cuenta con el apoyo del Centro Internacional para Periodistas (ICFJ), a trav\u00e9s de Volt. El estudio tiene como objetivo comprender los patrones de ataques a periodistas en entornos digitales, con un enfoque especial en cuestiones de g\u00e9nero y raza.<\/em><\/p>\n<p><em>Reportaje publicado originalmente en el sitio web de la <a href=\"https:\/\/azmina.com.br\/reportagens\/jornalistas-negras-e-indigenas-sao-ofendidas-quando-se-posicionam-contra-racismo%ef%bf%bc\/\" target=\"_blank\" rel=\"noopener\">Revista AzMina<\/a>.<\/em><\/p>\n","protected":false},"excerpt":{"rendered":"<p>Un estudio de periodismo de datos realizado por varias organizaciones de noticias encontr\u00f3 que las mujeres negras e ind\u00edgenas en Brasil, adem\u00e1s de ser objeto de misoginia y violencia de g\u00e9nero, enfrentan ataques adicionales en l\u00ednea cuando hablan en contra del racismo.<\/p>\n","protected":false},"author":17,"featured_media":51158,"comment_status":"closed","ping_status":"closed","sticky":false,"template":"","format":"standard","meta":{"inline_featured_image":false,"footnotes":""},"categories":[1222],"tags":[],"coauthors":[],"class_list":["post-51165","post","type-post","status-publish","format-standard","has-post-thumbnail","hentry","category-violencia-contra-periodistas-es"],"acf":[],"yoast_head":"<!-- This site is optimized with the Yoast SEO Premium plugin v22.6 (Yoast SEO v27.4) - https:\/\/yoast.com\/product\/yoast-seo-premium-wordpress\/ -->\n<title>Periodistas negras e ind\u00edgenas son atacadas en l\u00ednea cuando se pronuncian contra el racismo - LatAm Journalism Review<\/title>\n<meta name=\"description\" content=\"Periodistas negras e ind\u00edgenas son atacadas en l\u00ednea cuando se pronuncian contra el racismo Violencia contra periodistas. Latin American Journalism Review by The Knight Center at The University of Texas at Austin.\" \/>\n<meta name=\"robots\" content=\"index, follow, max-snippet:-1, max-image-preview:large, max-video-preview:-1\" \/>\n<link rel=\"canonical\" href=\"https:\/\/latamjournalismreview.org\/es\/articles\/periodistas-negras-e-indigenas-son-atacadas-en-linea-cuando-se-pronuncian-contra-el-racismo\/\" \/>\n<meta property=\"og:locale\" content=\"es_ES\" \/>\n<meta property=\"og:type\" content=\"article\" \/>\n<meta property=\"og:title\" content=\"Periodistas negras e ind\u00edgenas son atacadas en l\u00ednea cuando se pronuncian contra el racismo\" \/>\n<meta property=\"og:description\" content=\"Periodistas negras e ind\u00edgenas son atacadas en l\u00ednea cuando se pronuncian contra el racismo Violencia contra periodistas. Latin American Journalism Review by The Knight Center at The University of Texas at Austin.\" \/>\n<meta property=\"og:url\" content=\"https:\/\/latamjournalismreview.org\/es\/articles\/periodistas-negras-e-indigenas-son-atacadas-en-linea-cuando-se-pronuncian-contra-el-racismo\/\" \/>\n<meta property=\"og:site_name\" content=\"LatAm Journalism Review\" \/>\n<meta property=\"article:published_time\" content=\"2022-03-21T23:05:40+00:00\" \/>\n<meta property=\"article:modified_time\" content=\"2022-03-24T02:41:04+00:00\" \/>\n<meta property=\"og:image\" content=\"https:\/\/latamjournalismreview.org\/wp-content\/uploads\/2022\/03\/Featured-Azmina.png\" \/>\n\t<meta property=\"og:image:width\" content=\"507\" \/>\n\t<meta property=\"og:image:height\" content=\"340\" \/>\n\t<meta property=\"og:image:type\" content=\"image\/png\" \/>\n<meta name=\"author\" content=\"Guest\" \/>\n<meta name=\"twitter:card\" content=\"summary_large_image\" \/>\n<meta name=\"twitter:creator\" content=\"@LatAmJournalism\" \/>\n<meta name=\"twitter:site\" content=\"@LatAmJournalism\" \/>\n<meta name=\"twitter:label1\" content=\"Written by\" \/>\n\t<meta name=\"twitter:data1\" content=\"Guest\" \/>\n\t<meta name=\"twitter:label2\" content=\"Est. reading time\" \/>\n\t<meta name=\"twitter:data2\" content=\"13 minutos\" \/>\n<script type=\"application\/ld+json\" class=\"yoast-schema-graph\">{\"@context\":\"https:\\\/\\\/schema.org\",\"@graph\":[{\"@type\":\"Article\",\"@id\":\"https:\\\/\\\/latamjournalismreview.org\\\/es\\\/articles\\\/periodistas-negras-e-indigenas-son-atacadas-en-linea-cuando-se-pronuncian-contra-el-racismo\\\/#article\",\"isPartOf\":{\"@id\":\"https:\\\/\\\/latamjournalismreview.org\\\/es\\\/articles\\\/periodistas-negras-e-indigenas-son-atacadas-en-linea-cuando-se-pronuncian-contra-el-racismo\\\/\"},\"author\":{\"name\":\"Guest\",\"@id\":\"https:\\\/\\\/latamjournalismreview.org\\\/es\\\/#\\\/schema\\\/person\\\/0315202e0b3c0963a2440f1c3012c360\"},\"headline\":\"Periodistas negras e ind\u00edgenas son atacadas en l\u00ednea cuando se pronuncian contra el racismo\",\"datePublished\":\"2022-03-21T23:05:40+00:00\",\"dateModified\":\"2022-03-24T02:41:04+00:00\",\"mainEntityOfPage\":{\"@id\":\"https:\\\/\\\/latamjournalismreview.org\\\/es\\\/articles\\\/periodistas-negras-e-indigenas-son-atacadas-en-linea-cuando-se-pronuncian-contra-el-racismo\\\/\"},\"wordCount\":2572,\"publisher\":{\"@id\":\"https:\\\/\\\/latamjournalismreview.org\\\/es\\\/#organization\"},\"image\":{\"@id\":\"https:\\\/\\\/latamjournalismreview.org\\\/es\\\/articles\\\/periodistas-negras-e-indigenas-son-atacadas-en-linea-cuando-se-pronuncian-contra-el-racismo\\\/#primaryimage\"},\"thumbnailUrl\":\"https:\\\/\\\/latamjournalismreview.org\\\/wp-content\\\/uploads\\\/2022\\\/03\\\/Featured-Azmina.png\",\"articleSection\":[\"Violencia contra periodistas\"],\"inLanguage\":\"es\"},{\"@type\":\"WebPage\",\"@id\":\"https:\\\/\\\/latamjournalismreview.org\\\/es\\\/articles\\\/periodistas-negras-e-indigenas-son-atacadas-en-linea-cuando-se-pronuncian-contra-el-racismo\\\/\",\"url\":\"https:\\\/\\\/latamjournalismreview.org\\\/es\\\/articles\\\/periodistas-negras-e-indigenas-son-atacadas-en-linea-cuando-se-pronuncian-contra-el-racismo\\\/\",\"name\":\"Periodistas negras e ind\u00edgenas son atacadas en l\u00ednea cuando se pronuncian contra el racismo - LatAm Journalism Review\",\"isPartOf\":{\"@id\":\"https:\\\/\\\/latamjournalismreview.org\\\/es\\\/#website\"},\"primaryImageOfPage\":{\"@id\":\"https:\\\/\\\/latamjournalismreview.org\\\/es\\\/articles\\\/periodistas-negras-e-indigenas-son-atacadas-en-linea-cuando-se-pronuncian-contra-el-racismo\\\/#primaryimage\"},\"image\":{\"@id\":\"https:\\\/\\\/latamjournalismreview.org\\\/es\\\/articles\\\/periodistas-negras-e-indigenas-son-atacadas-en-linea-cuando-se-pronuncian-contra-el-racismo\\\/#primaryimage\"},\"thumbnailUrl\":\"https:\\\/\\\/latamjournalismreview.org\\\/wp-content\\\/uploads\\\/2022\\\/03\\\/Featured-Azmina.png\",\"datePublished\":\"2022-03-21T23:05:40+00:00\",\"dateModified\":\"2022-03-24T02:41:04+00:00\",\"description\":\"Periodistas negras e ind\u00edgenas son atacadas en l\u00ednea cuando se pronuncian contra el racismo Violencia contra periodistas. Latin American Journalism Review by The Knight Center at The University of Texas at Austin.\",\"breadcrumb\":{\"@id\":\"https:\\\/\\\/latamjournalismreview.org\\\/es\\\/articles\\\/periodistas-negras-e-indigenas-son-atacadas-en-linea-cuando-se-pronuncian-contra-el-racismo\\\/#breadcrumb\"},\"inLanguage\":\"es\",\"potentialAction\":[{\"@type\":\"ReadAction\",\"target\":[\"https:\\\/\\\/latamjournalismreview.org\\\/es\\\/articles\\\/periodistas-negras-e-indigenas-son-atacadas-en-linea-cuando-se-pronuncian-contra-el-racismo\\\/\"]}]},{\"@type\":\"ImageObject\",\"inLanguage\":\"es\",\"@id\":\"https:\\\/\\\/latamjournalismreview.org\\\/es\\\/articles\\\/periodistas-negras-e-indigenas-son-atacadas-en-linea-cuando-se-pronuncian-contra-el-racismo\\\/#primaryimage\",\"url\":\"https:\\\/\\\/latamjournalismreview.org\\\/wp-content\\\/uploads\\\/2022\\\/03\\\/Featured-Azmina.png\",\"contentUrl\":\"https:\\\/\\\/latamjournalismreview.org\\\/wp-content\\\/uploads\\\/2022\\\/03\\\/Featured-Azmina.png\",\"width\":507,\"height\":340,\"caption\":\"Illustration showing women reporters\"},{\"@type\":\"BreadcrumbList\",\"@id\":\"https:\\\/\\\/latamjournalismreview.org\\\/es\\\/articles\\\/periodistas-negras-e-indigenas-son-atacadas-en-linea-cuando-se-pronuncian-contra-el-racismo\\\/#breadcrumb\",\"itemListElement\":[{\"@type\":\"ListItem\",\"position\":1,\"name\":\"Home\",\"item\":\"https:\\\/\\\/latamjournalismreview.org\\\/es\\\/\"},{\"@type\":\"ListItem\",\"position\":2,\"name\":\"Periodistas negras e ind\u00edgenas son atacadas en l\u00ednea cuando se pronuncian contra el racismo\"}]},{\"@type\":\"WebSite\",\"@id\":\"https:\\\/\\\/latamjournalismreview.org\\\/es\\\/#website\",\"url\":\"https:\\\/\\\/latamjournalismreview.org\\\/es\\\/\",\"name\":\"LatAm Journalism Review\",\"description\":\"Knight Center at The University of Texas\",\"publisher\":{\"@id\":\"https:\\\/\\\/latamjournalismreview.org\\\/es\\\/#organization\"},\"potentialAction\":[{\"@type\":\"SearchAction\",\"target\":{\"@type\":\"EntryPoint\",\"urlTemplate\":\"https:\\\/\\\/latamjournalismreview.org\\\/es\\\/?s={search_term_string}\"},\"query-input\":{\"@type\":\"PropertyValueSpecification\",\"valueRequired\":true,\"valueName\":\"search_term_string\"}}],\"inLanguage\":\"es\"},{\"@type\":\"Organization\",\"@id\":\"https:\\\/\\\/latamjournalismreview.org\\\/es\\\/#organization\",\"name\":\"LatAm Journalism Review\",\"url\":\"https:\\\/\\\/latamjournalismreview.org\\\/es\\\/\",\"logo\":{\"@type\":\"ImageObject\",\"inLanguage\":\"es\",\"@id\":\"https:\\\/\\\/latamjournalismreview.org\\\/es\\\/#\\\/schema\\\/logo\\\/image\\\/\",\"url\":\"https:\\\/\\\/latamjournalismreview.org\\\/wp-content\\\/uploads\\\/2020\\\/05\\\/knight-latAm-review-logo.svg\",\"contentUrl\":\"https:\\\/\\\/latamjournalismreview.org\\\/wp-content\\\/uploads\\\/2020\\\/05\\\/knight-latAm-review-logo.svg\",\"width\":\"1024\",\"height\":\"1024\",\"caption\":\"LatAm Journalism Review\"},\"image\":{\"@id\":\"https:\\\/\\\/latamjournalismreview.org\\\/es\\\/#\\\/schema\\\/logo\\\/image\\\/\"},\"sameAs\":[\"https:\\\/\\\/x.com\\\/LatAmJournalism\"]},{\"@type\":\"Person\",\"@id\":\"https:\\\/\\\/latamjournalismreview.org\\\/es\\\/#\\\/schema\\\/person\\\/0315202e0b3c0963a2440f1c3012c360\",\"name\":\"Guest\",\"url\":\"https:\\\/\\\/latamjournalismreview.org\\\/es\\\/articles\\\/author\\\/guest\\\/\"}]}<\/script>\n<!-- \/ Yoast SEO Premium plugin. -->","yoast_head_json":{"title":"Periodistas negras e ind\u00edgenas son atacadas en l\u00ednea cuando se pronuncian contra el racismo - LatAm Journalism Review","description":"Periodistas negras e ind\u00edgenas son atacadas en l\u00ednea cuando se pronuncian contra el racismo Violencia contra periodistas. Latin American Journalism Review by The Knight Center at The University of Texas at Austin.","robots":{"index":"index","follow":"follow","max-snippet":"max-snippet:-1","max-image-preview":"max-image-preview:large","max-video-preview":"max-video-preview:-1"},"canonical":"https:\/\/latamjournalismreview.org\/es\/articles\/periodistas-negras-e-indigenas-son-atacadas-en-linea-cuando-se-pronuncian-contra-el-racismo\/","og_locale":"es_ES","og_type":"article","og_title":"Periodistas negras e ind\u00edgenas son atacadas en l\u00ednea cuando se pronuncian contra el racismo","og_description":"Periodistas negras e ind\u00edgenas son atacadas en l\u00ednea cuando se pronuncian contra el racismo Violencia contra periodistas. Latin American Journalism Review by The Knight Center at The University of Texas at Austin.","og_url":"https:\/\/latamjournalismreview.org\/es\/articles\/periodistas-negras-e-indigenas-son-atacadas-en-linea-cuando-se-pronuncian-contra-el-racismo\/","og_site_name":"LatAm Journalism Review","article_published_time":"2022-03-21T23:05:40+00:00","article_modified_time":"2022-03-24T02:41:04+00:00","og_image":[{"width":507,"height":340,"url":"https:\/\/latamjournalismreview.org\/wp-content\/uploads\/2022\/03\/Featured-Azmina.png","type":"image\/png"}],"author":"Guest","twitter_card":"summary_large_image","twitter_creator":"@LatAmJournalism","twitter_site":"@LatAmJournalism","twitter_misc":{"Written by":"Guest","Est. reading time":"13 minutos"},"schema":{"@context":"https:\/\/schema.org","@graph":[{"@type":"Article","@id":"https:\/\/latamjournalismreview.org\/es\/articles\/periodistas-negras-e-indigenas-son-atacadas-en-linea-cuando-se-pronuncian-contra-el-racismo\/#article","isPartOf":{"@id":"https:\/\/latamjournalismreview.org\/es\/articles\/periodistas-negras-e-indigenas-son-atacadas-en-linea-cuando-se-pronuncian-contra-el-racismo\/"},"author":{"name":"Guest","@id":"https:\/\/latamjournalismreview.org\/es\/#\/schema\/person\/0315202e0b3c0963a2440f1c3012c360"},"headline":"Periodistas negras e ind\u00edgenas son atacadas en l\u00ednea cuando se pronuncian contra el racismo","datePublished":"2022-03-21T23:05:40+00:00","dateModified":"2022-03-24T02:41:04+00:00","mainEntityOfPage":{"@id":"https:\/\/latamjournalismreview.org\/es\/articles\/periodistas-negras-e-indigenas-son-atacadas-en-linea-cuando-se-pronuncian-contra-el-racismo\/"},"wordCount":2572,"publisher":{"@id":"https:\/\/latamjournalismreview.org\/es\/#organization"},"image":{"@id":"https:\/\/latamjournalismreview.org\/es\/articles\/periodistas-negras-e-indigenas-son-atacadas-en-linea-cuando-se-pronuncian-contra-el-racismo\/#primaryimage"},"thumbnailUrl":"https:\/\/latamjournalismreview.org\/wp-content\/uploads\/2022\/03\/Featured-Azmina.png","articleSection":["Violencia contra periodistas"],"inLanguage":"es"},{"@type":"WebPage","@id":"https:\/\/latamjournalismreview.org\/es\/articles\/periodistas-negras-e-indigenas-son-atacadas-en-linea-cuando-se-pronuncian-contra-el-racismo\/","url":"https:\/\/latamjournalismreview.org\/es\/articles\/periodistas-negras-e-indigenas-son-atacadas-en-linea-cuando-se-pronuncian-contra-el-racismo\/","name":"Periodistas negras e ind\u00edgenas son atacadas en l\u00ednea cuando se pronuncian contra el racismo - LatAm Journalism Review","isPartOf":{"@id":"https:\/\/latamjournalismreview.org\/es\/#website"},"primaryImageOfPage":{"@id":"https:\/\/latamjournalismreview.org\/es\/articles\/periodistas-negras-e-indigenas-son-atacadas-en-linea-cuando-se-pronuncian-contra-el-racismo\/#primaryimage"},"image":{"@id":"https:\/\/latamjournalismreview.org\/es\/articles\/periodistas-negras-e-indigenas-son-atacadas-en-linea-cuando-se-pronuncian-contra-el-racismo\/#primaryimage"},"thumbnailUrl":"https:\/\/latamjournalismreview.org\/wp-content\/uploads\/2022\/03\/Featured-Azmina.png","datePublished":"2022-03-21T23:05:40+00:00","dateModified":"2022-03-24T02:41:04+00:00","description":"Periodistas negras e ind\u00edgenas son atacadas en l\u00ednea cuando se pronuncian contra el racismo Violencia contra periodistas. Latin American Journalism Review by The Knight Center at The University of Texas at Austin.","breadcrumb":{"@id":"https:\/\/latamjournalismreview.org\/es\/articles\/periodistas-negras-e-indigenas-son-atacadas-en-linea-cuando-se-pronuncian-contra-el-racismo\/#breadcrumb"},"inLanguage":"es","potentialAction":[{"@type":"ReadAction","target":["https:\/\/latamjournalismreview.org\/es\/articles\/periodistas-negras-e-indigenas-son-atacadas-en-linea-cuando-se-pronuncian-contra-el-racismo\/"]}]},{"@type":"ImageObject","inLanguage":"es","@id":"https:\/\/latamjournalismreview.org\/es\/articles\/periodistas-negras-e-indigenas-son-atacadas-en-linea-cuando-se-pronuncian-contra-el-racismo\/#primaryimage","url":"https:\/\/latamjournalismreview.org\/wp-content\/uploads\/2022\/03\/Featured-Azmina.png","contentUrl":"https:\/\/latamjournalismreview.org\/wp-content\/uploads\/2022\/03\/Featured-Azmina.png","width":507,"height":340,"caption":"Illustration showing women reporters"},{"@type":"BreadcrumbList","@id":"https:\/\/latamjournalismreview.org\/es\/articles\/periodistas-negras-e-indigenas-son-atacadas-en-linea-cuando-se-pronuncian-contra-el-racismo\/#breadcrumb","itemListElement":[{"@type":"ListItem","position":1,"name":"Home","item":"https:\/\/latamjournalismreview.org\/es\/"},{"@type":"ListItem","position":2,"name":"Periodistas negras e ind\u00edgenas son atacadas en l\u00ednea cuando se pronuncian contra el racismo"}]},{"@type":"WebSite","@id":"https:\/\/latamjournalismreview.org\/es\/#website","url":"https:\/\/latamjournalismreview.org\/es\/","name":"LatAm Journalism Review","description":"Knight Center at The University of Texas","publisher":{"@id":"https:\/\/latamjournalismreview.org\/es\/#organization"},"potentialAction":[{"@type":"SearchAction","target":{"@type":"EntryPoint","urlTemplate":"https:\/\/latamjournalismreview.org\/es\/?s={search_term_string}"},"query-input":{"@type":"PropertyValueSpecification","valueRequired":true,"valueName":"search_term_string"}}],"inLanguage":"es"},{"@type":"Organization","@id":"https:\/\/latamjournalismreview.org\/es\/#organization","name":"LatAm Journalism Review","url":"https:\/\/latamjournalismreview.org\/es\/","logo":{"@type":"ImageObject","inLanguage":"es","@id":"https:\/\/latamjournalismreview.org\/es\/#\/schema\/logo\/image\/","url":"https:\/\/latamjournalismreview.org\/wp-content\/uploads\/2020\/05\/knight-latAm-review-logo.svg","contentUrl":"https:\/\/latamjournalismreview.org\/wp-content\/uploads\/2020\/05\/knight-latAm-review-logo.svg","width":"1024","height":"1024","caption":"LatAm Journalism Review"},"image":{"@id":"https:\/\/latamjournalismreview.org\/es\/#\/schema\/logo\/image\/"},"sameAs":["https:\/\/x.com\/LatAmJournalism"]},{"@type":"Person","@id":"https:\/\/latamjournalismreview.org\/es\/#\/schema\/person\/0315202e0b3c0963a2440f1c3012c360","name":"Guest","url":"https:\/\/latamjournalismreview.org\/es\/articles\/author\/guest\/"}]}},"_links":{"self":[{"href":"https:\/\/latamjournalismreview.org\/es\/wp-json\/wp\/v2\/posts\/51165","targetHints":{"allow":["GET"]}}],"collection":[{"href":"https:\/\/latamjournalismreview.org\/es\/wp-json\/wp\/v2\/posts"}],"about":[{"href":"https:\/\/latamjournalismreview.org\/es\/wp-json\/wp\/v2\/types\/post"}],"author":[{"embeddable":true,"href":"https:\/\/latamjournalismreview.org\/es\/wp-json\/wp\/v2\/users\/17"}],"replies":[{"embeddable":true,"href":"https:\/\/latamjournalismreview.org\/es\/wp-json\/wp\/v2\/comments?post=51165"}],"version-history":[{"count":8,"href":"https:\/\/latamjournalismreview.org\/es\/wp-json\/wp\/v2\/posts\/51165\/revisions"}],"predecessor-version":[{"id":51304,"href":"https:\/\/latamjournalismreview.org\/es\/wp-json\/wp\/v2\/posts\/51165\/revisions\/51304"}],"wp:featuredmedia":[{"embeddable":true,"href":"https:\/\/latamjournalismreview.org\/es\/wp-json\/wp\/v2\/media\/51158"}],"wp:attachment":[{"href":"https:\/\/latamjournalismreview.org\/es\/wp-json\/wp\/v2\/media?parent=51165"}],"wp:term":[{"taxonomy":"category","embeddable":true,"href":"https:\/\/latamjournalismreview.org\/es\/wp-json\/wp\/v2\/categories?post=51165"},{"taxonomy":"post_tag","embeddable":true,"href":"https:\/\/latamjournalismreview.org\/es\/wp-json\/wp\/v2\/tags?post=51165"},{"taxonomy":"author","embeddable":true,"href":"https:\/\/latamjournalismreview.org\/es\/wp-json\/wp\/v2\/coauthors?post=51165"}],"curies":[{"name":"wp","href":"https:\/\/api.w.org\/{rel}","templated":true}]}}