{"id":53954,"date":"2017-02-09T17:15:08","date_gmt":"2017-02-09T22:15:08","guid":{"rendered":"https:\/\/latamjournalismreview.org\/?p=53954"},"modified":"2022-05-16T17:15:50","modified_gmt":"2022-05-16T22:15:50","slug":"gobernador-mexicano-dice-que-propondra-una-ley-que-obligue-a-periodistas-a-revelar-sus-fuentes-de-informacion","status":"publish","type":"post","link":"https:\/\/latamjournalismreview.org\/es\/articles\/gobernador-mexicano-dice-que-propondra-una-ley-que-obligue-a-periodistas-a-revelar-sus-fuentes-de-informacion\/","title":{"rendered":"Gobernador mexicano dice que propondr\u00e1 una ley que obligue a periodistas a revelar sus fuentes de informaci\u00f3n"},"content":{"rendered":"<p>Con el fin de que no prolifere la desinformaci\u00f3n, Jaime Rodr\u00edguez Calder\u00f3n, gobernador mexicano del estado norte\u00f1o de Nuevo Le\u00f3n, dijo que pedir\u00e1 a los legisladores locales una\u00a0<a href=\"http:\/\/www.proceso.com.mx\/473724\/bronco-propone-legislar-periodistas-revelen-fuentes-informacion\" target=\"_blank\" rel=\"noopener\">ley que obligue a los periodistas a revelar sus fuentes<\/a>\u00a0informativas, public\u00f3 Proceso.<\/p>\n<p>\u201cSi no me dicen la fuente, ni me pregunten;\u00a0<a href=\"http:\/\/www.jornada.unam.mx\/ultimas\/2017\/02\/08\/2018el-bronco2019-cuestiona-a-reporteros-sobre-la-fuente-de-su-informacion\" target=\"_blank\" rel=\"noopener\">si ustedes no me dicen la fuente yo no les dar\u00e9 respuesta de nada<\/a>\u00a0que no me digan qui\u00e9n se los dijo\u201d, manifest\u00f3 a la prensa Rodr\u00edguez Calder\u00f3n, tambi\u00e9n conocido como \u2018El Bronco\u2019.<\/p>\n<p>Estas declaraciones las hizo durante una entrevista en la cual la prensa le hac\u00eda preguntas relacionadas a temas de seguridad ciudadana en Nuevo Le\u00f3n.<\/p>\n<p>Uno de\u00a0<a href=\"http:\/\/www.eluniversal.com.mx\/articulo\/estados\/2017\/02\/7\/asesinan-funcionario-de-la-procuraduria-de-nuevo-leon\" target=\"_blank\" rel=\"noopener\">los recientes cr\u00edmenes por los que fue consultado el gobernador<\/a>\u00a0fue el de Jos\u00e9 Luis de Le\u00f3n Cant\u00fa, fiscal adscrito a la Procuradur\u00eda General de Justicia de Nuevo Le\u00f3n, que hace dos d\u00edas fue asesinado a balazos frente a su domicilio.<\/p>\n<p>Rodr\u00edguez Calder\u00f3n\u00a0<a href=\"http:\/\/www.proceso.com.mx\/473724\/bronco-propone-legislar-periodistas-revelen-fuentes-informacion\" target=\"_blank\" rel=\"noopener\">dijo a la prensa que se hab\u00eda difundido informaci\u00f3n equivocada respecto a ese tema<\/a>. Por ejemplo, explic\u00f3 que el fiscal asesinado no se encontraba investigando actos de corrupci\u00f3n al interior de la Agencia Estatal de Investigaciones, inform\u00f3 Proceso.<\/p>\n<p>\u201cHoy es un d\u00eda que decid\u00ed atenderlos,\u00a0<a href=\"http:\/\/www.jornada.unam.mx\/ultimas\/2017\/02\/08\/2018el-bronco2019-cuestiona-a-reporteros-sobre-la-fuente-de-su-informacion\" target=\"_blank\" rel=\"noopener\">tengo el derecho de no atenderlos, de no decirles nada<\/a>. Hoy decid\u00ed darles informaci\u00f3n respecto a las ambulancias, ma\u00f1ana, o cuando tengamos un evento de seguridad, les dir\u00e9 qu\u00e9 pasa con el tema de la seguridad\u201d, enfatiz\u00f3 el gobernador a los periodistas all\u00ed presentes, seg\u00fan La Jornada.<\/p>\n<p>El secreto profesional, es decir, la protecci\u00f3n de las fuentes informativas de los periodistas, est\u00e1 garantizado por los\u00a0<a href=\"https:\/\/www.juridicas.unam.mx\/legislacion\/ordenamiento\/constitucion-politica-de-los-estados-unidos-mexicanos#10541\" target=\"_blank\" rel=\"noopener\">art\u00edculos 6 y 7<\/a>\u00a0de la constituci\u00f3n mexicana. Los derechos a la libertad de expresi\u00f3n y de informaci\u00f3n\u00a0est\u00e1n amparados por el Estado.<\/p>\n<p>Rodr\u00edguez Calder\u00f3n, que\u00a0<a href=\"https:\/\/es.wikipedia.org\/wiki\/Jaime_Rodr%C3%ADguez_Calder%C3%B3n#Candidato_Independiente\" target=\"_blank\" rel=\"noopener\">antes formaba las filas del Partido Revolucionario Institucional (PRI)<\/a>, fue elegido gobernador de Nuevo Le\u00f3n como pol\u00edtico independiente para el per\u00edodo 2015-2021.<\/p>\n<p><em>Nota del editor: Esta historia fue publicada originalmente en el blog Periodismo en las Am\u00e9ricas del Centro Knight, el predecesor de LatAm Journalism Review.<\/em><\/p>\n","protected":false},"excerpt":{"rendered":"<p>Con el fin de que no prolifere la desinformaci\u00f3n, Jaime Rodr\u00edguez Calder\u00f3n, gobernador mexicano del estado norte\u00f1o de Nuevo Le\u00f3n, dijo que pedir\u00e1 a los legisladores locales una\u00a0ley que obligue a los periodistas a revelar sus fuentes\u00a0informativas, public\u00f3 Proceso.<\/p>\n","protected":false},"author":4,"featured_media":0,"comment_status":"closed","ping_status":"closed","sticky":false,"template":"","format":"standard","meta":{"inline_featured_image":false,"footnotes":""},"categories":[1220],"tags":[1520,1483,1393],"coauthors":[],"class_list":["post-53954","post","type-post","status-publish","format-standard","hentry","category-libertad-de-prensa-es","tag-confidencialidad-de-las-fuentes-es","tag-legislacion-es","tag-mexico-es"],"acf":[],"yoast_head":"<!-- This site is optimized with the Yoast SEO Premium plugin v22.6 (Yoast SEO v27.4) - https:\/\/yoast.com\/product\/yoast-seo-premium-wordpress\/ -->\n<title>Gobernador mexicano dice que propondr\u00e1 una ley que obligue a periodistas a revelar sus fuentes de informaci\u00f3n - LatAm Journalism Review<\/title>\n<meta name=\"description\" content=\"Gobernador mexicano dice que propondr\u00e1 una ley que obligue a periodistas a revelar sus fuentes de informaci\u00f3n Libertad de prensa. Latin American Journalism Review by The Knight Center at The University of Texas at Austin.\" \/>\n<meta name=\"robots\" content=\"index, follow, max-snippet:-1, max-image-preview:large, max-video-preview:-1\" \/>\n<link rel=\"canonical\" href=\"https:\/\/latamjournalismreview.org\/es\/articles\/gobernador-mexicano-dice-que-propondra-una-ley-que-obligue-a-periodistas-a-revelar-sus-fuentes-de-informacion\/\" \/>\n<meta property=\"og:locale\" content=\"es_ES\" \/>\n<meta property=\"og:type\" content=\"article\" \/>\n<meta property=\"og:title\" content=\"Gobernador mexicano dice que propondr\u00e1 una ley que obligue a periodistas a revelar sus fuentes de informaci\u00f3n\" \/>\n<meta property=\"og:description\" content=\"Gobernador mexicano dice que propondr\u00e1 una ley que obligue a periodistas a revelar sus fuentes de informaci\u00f3n Libertad de prensa. Latin American Journalism Review by The Knight Center at The University of Texas at Austin.\" \/>\n<meta property=\"og:url\" content=\"https:\/\/latamjournalismreview.org\/es\/articles\/gobernador-mexicano-dice-que-propondra-una-ley-que-obligue-a-periodistas-a-revelar-sus-fuentes-de-informacion\/\" \/>\n<meta property=\"og:site_name\" content=\"LatAm Journalism Review\" \/>\n<meta property=\"article:published_time\" content=\"2017-02-09T22:15:08+00:00\" \/>\n<meta property=\"article:modified_time\" content=\"2022-05-16T22:15:50+00:00\" \/>\n<meta name=\"author\" content=\"Paola Nalvarte\" \/>\n<meta name=\"twitter:card\" content=\"summary_large_image\" \/>\n<meta name=\"twitter:creator\" content=\"@paolanalvarte\" \/>\n<meta name=\"twitter:site\" content=\"@LatAmJournalism\" \/>\n<meta name=\"twitter:label1\" content=\"Written by\" \/>\n\t<meta name=\"twitter:data1\" content=\"Paola Nalvarte\" \/>\n\t<meta name=\"twitter:label2\" content=\"Est. reading time\" \/>\n\t<meta name=\"twitter:data2\" content=\"2 minutos\" \/>\n<script type=\"application\/ld+json\" class=\"yoast-schema-graph\">{\"@context\":\"https:\\\/\\\/schema.org\",\"@graph\":[{\"@type\":\"Article\",\"@id\":\"https:\\\/\\\/latamjournalismreview.org\\\/es\\\/articles\\\/gobernador-mexicano-dice-que-propondra-una-ley-que-obligue-a-periodistas-a-revelar-sus-fuentes-de-informacion\\\/#article\",\"isPartOf\":{\"@id\":\"https:\\\/\\\/latamjournalismreview.org\\\/es\\\/articles\\\/gobernador-mexicano-dice-que-propondra-una-ley-que-obligue-a-periodistas-a-revelar-sus-fuentes-de-informacion\\\/\"},\"author\":{\"name\":\"Paola Nalvarte\",\"@id\":\"https:\\\/\\\/latamjournalismreview.org\\\/es\\\/#\\\/schema\\\/person\\\/d0b9fa850ef1b6f56bb445e52f29f63f\"},\"headline\":\"Gobernador mexicano dice que propondr\u00e1 una ley que obligue a periodistas a revelar sus fuentes de informaci\u00f3n\",\"datePublished\":\"2017-02-09T22:15:08+00:00\",\"dateModified\":\"2022-05-16T22:15:50+00:00\",\"mainEntityOfPage\":{\"@id\":\"https:\\\/\\\/latamjournalismreview.org\\\/es\\\/articles\\\/gobernador-mexicano-dice-que-propondra-una-ley-que-obligue-a-periodistas-a-revelar-sus-fuentes-de-informacion\\\/\"},\"wordCount\":387,\"publisher\":{\"@id\":\"https:\\\/\\\/latamjournalismreview.org\\\/es\\\/#organization\"},\"keywords\":[\"Confidencialidad de las fuentes\",\"Legislaci\u00f3n\",\"M\u00e9xico\"],\"articleSection\":[\"Libertad de prensa\"],\"inLanguage\":\"es\"},{\"@type\":\"WebPage\",\"@id\":\"https:\\\/\\\/latamjournalismreview.org\\\/es\\\/articles\\\/gobernador-mexicano-dice-que-propondra-una-ley-que-obligue-a-periodistas-a-revelar-sus-fuentes-de-informacion\\\/\",\"url\":\"https:\\\/\\\/latamjournalismreview.org\\\/es\\\/articles\\\/gobernador-mexicano-dice-que-propondra-una-ley-que-obligue-a-periodistas-a-revelar-sus-fuentes-de-informacion\\\/\",\"name\":\"Gobernador mexicano dice que propondr\u00e1 una ley que obligue a periodistas a revelar sus fuentes de informaci\u00f3n - LatAm Journalism Review\",\"isPartOf\":{\"@id\":\"https:\\\/\\\/latamjournalismreview.org\\\/es\\\/#website\"},\"datePublished\":\"2017-02-09T22:15:08+00:00\",\"dateModified\":\"2022-05-16T22:15:50+00:00\",\"description\":\"Gobernador mexicano dice que propondr\u00e1 una ley que obligue a periodistas a revelar sus fuentes de informaci\u00f3n Libertad de prensa. Latin American Journalism Review by The Knight Center at The University of Texas at Austin.\",\"breadcrumb\":{\"@id\":\"https:\\\/\\\/latamjournalismreview.org\\\/es\\\/articles\\\/gobernador-mexicano-dice-que-propondra-una-ley-que-obligue-a-periodistas-a-revelar-sus-fuentes-de-informacion\\\/#breadcrumb\"},\"inLanguage\":\"es\",\"potentialAction\":[{\"@type\":\"ReadAction\",\"target\":[\"https:\\\/\\\/latamjournalismreview.org\\\/es\\\/articles\\\/gobernador-mexicano-dice-que-propondra-una-ley-que-obligue-a-periodistas-a-revelar-sus-fuentes-de-informacion\\\/\"]}]},{\"@type\":\"BreadcrumbList\",\"@id\":\"https:\\\/\\\/latamjournalismreview.org\\\/es\\\/articles\\\/gobernador-mexicano-dice-que-propondra-una-ley-que-obligue-a-periodistas-a-revelar-sus-fuentes-de-informacion\\\/#breadcrumb\",\"itemListElement\":[{\"@type\":\"ListItem\",\"position\":1,\"name\":\"Home\",\"item\":\"https:\\\/\\\/latamjournalismreview.org\\\/es\\\/\"},{\"@type\":\"ListItem\",\"position\":2,\"name\":\"Gobernador mexicano dice que propondr\u00e1 una ley que obligue a periodistas a revelar sus fuentes de informaci\u00f3n\"}]},{\"@type\":\"WebSite\",\"@id\":\"https:\\\/\\\/latamjournalismreview.org\\\/es\\\/#website\",\"url\":\"https:\\\/\\\/latamjournalismreview.org\\\/es\\\/\",\"name\":\"LatAm Journalism Review\",\"description\":\"Knight Center at The University of Texas\",\"publisher\":{\"@id\":\"https:\\\/\\\/latamjournalismreview.org\\\/es\\\/#organization\"},\"potentialAction\":[{\"@type\":\"SearchAction\",\"target\":{\"@type\":\"EntryPoint\",\"urlTemplate\":\"https:\\\/\\\/latamjournalismreview.org\\\/es\\\/?s={search_term_string}\"},\"query-input\":{\"@type\":\"PropertyValueSpecification\",\"valueRequired\":true,\"valueName\":\"search_term_string\"}}],\"inLanguage\":\"es\"},{\"@type\":\"Organization\",\"@id\":\"https:\\\/\\\/latamjournalismreview.org\\\/es\\\/#organization\",\"name\":\"LatAm Journalism Review\",\"url\":\"https:\\\/\\\/latamjournalismreview.org\\\/es\\\/\",\"logo\":{\"@type\":\"ImageObject\",\"inLanguage\":\"es\",\"@id\":\"https:\\\/\\\/latamjournalismreview.org\\\/es\\\/#\\\/schema\\\/logo\\\/image\\\/\",\"url\":\"https:\\\/\\\/latamjournalismreview.org\\\/wp-content\\\/uploads\\\/2020\\\/05\\\/knight-latAm-review-logo.svg\",\"contentUrl\":\"https:\\\/\\\/latamjournalismreview.org\\\/wp-content\\\/uploads\\\/2020\\\/05\\\/knight-latAm-review-logo.svg\",\"width\":\"1024\",\"height\":\"1024\",\"caption\":\"LatAm Journalism Review\"},\"image\":{\"@id\":\"https:\\\/\\\/latamjournalismreview.org\\\/es\\\/#\\\/schema\\\/logo\\\/image\\\/\"},\"sameAs\":[\"https:\\\/\\\/x.com\\\/LatAmJournalism\"]},{\"@type\":\"Person\",\"@id\":\"https:\\\/\\\/latamjournalismreview.org\\\/es\\\/#\\\/schema\\\/person\\\/d0b9fa850ef1b6f56bb445e52f29f63f\",\"name\":\"Paola Nalvarte\",\"description\":\"Paola Nalvarte is a Peruvian journalist and documentary photographer living in Austin, Texas. She focuses on covering and writing about the Andes region. In Peru, Paola worked in the Lima office of the Italian news agency ANSA, on the economic news desk of the daily Expreso, and for ten years she has been working on different editorial projects doing picture editing and research for one of the oldest Spanish-language papers in the world, the Peruvian newspaper El Comercio. She also enjoyed writing for the newspaper weekly magazine Somos. Paola Nalvarte es una periodista y fot\u00f3grafa documental peruana que vive en Austin, Texas. El foco de inter\u00e9s de su cobertura noticiosa es la regi\u00f3n andina. En Per\u00fa, Paola trabaj\u00f3 en la oficina de Lima de la agencia italiana de noticias ANSA, en la secci\u00f3n de econom\u00eda del diario Expreso y por diez a\u00f1os hizo investigaci\u00f3n fotogr\u00e1fica y edici\u00f3n de fotograf\u00eda editorial en el diario decano de la prensa peruana, El Comercio. Tambi\u00e9n escribi\u00f3 para Somos, la revista semanal del mismo diario\u200b, art\u00edculos sobre medio ambiente y cultura. Paola Nalvarte \u00e9 uma jornalista peruana e fot\u00f3grafa documentarista que vive em Austin, Texas. O foco de interesse da sua cobertura jornal\u00edstica \u00e9 a regi\u00e3o andina. No Peru, Paola trabalhou no escrit\u00f3rio de Lima da ag\u00eancia de not\u00edcias italiana ANSA, na se\u00e7\u00e3o de economia do jornal Expreso e, por dez anos, fez pesquisa fotogr\u00e1fica e edi\u00e7\u00e3o de fotografia editorial para um dos jornais em espanhol mais antigos do mundo, o jornal peruano El Comercio. Ela tamb\u00e9m escreveu artigos de meio ambiente e cultura para a Somos, a revista semanal do mesmo jornal.\",\"sameAs\":[\"https:\\\/\\\/x.com\\\/paolanalvarte\"],\"url\":\"https:\\\/\\\/latamjournalismreview.org\\\/es\\\/articles\\\/author\\\/paola-nalvarte\\\/\"}]}<\/script>\n<!-- \/ Yoast SEO Premium plugin. -->","yoast_head_json":{"title":"Gobernador mexicano dice que propondr\u00e1 una ley que obligue a periodistas a revelar sus fuentes de informaci\u00f3n - LatAm Journalism Review","description":"Gobernador mexicano dice que propondr\u00e1 una ley que obligue a periodistas a revelar sus fuentes de informaci\u00f3n Libertad de prensa. Latin American Journalism Review by The Knight Center at The University of Texas at Austin.","robots":{"index":"index","follow":"follow","max-snippet":"max-snippet:-1","max-image-preview":"max-image-preview:large","max-video-preview":"max-video-preview:-1"},"canonical":"https:\/\/latamjournalismreview.org\/es\/articles\/gobernador-mexicano-dice-que-propondra-una-ley-que-obligue-a-periodistas-a-revelar-sus-fuentes-de-informacion\/","og_locale":"es_ES","og_type":"article","og_title":"Gobernador mexicano dice que propondr\u00e1 una ley que obligue a periodistas a revelar sus fuentes de informaci\u00f3n","og_description":"Gobernador mexicano dice que propondr\u00e1 una ley que obligue a periodistas a revelar sus fuentes de informaci\u00f3n Libertad de prensa. Latin American Journalism Review by The Knight Center at The University of Texas at Austin.","og_url":"https:\/\/latamjournalismreview.org\/es\/articles\/gobernador-mexicano-dice-que-propondra-una-ley-que-obligue-a-periodistas-a-revelar-sus-fuentes-de-informacion\/","og_site_name":"LatAm Journalism Review","article_published_time":"2017-02-09T22:15:08+00:00","article_modified_time":"2022-05-16T22:15:50+00:00","author":"Paola Nalvarte","twitter_card":"summary_large_image","twitter_creator":"@paolanalvarte","twitter_site":"@LatAmJournalism","twitter_misc":{"Written by":"Paola Nalvarte","Est. reading time":"2 minutos"},"schema":{"@context":"https:\/\/schema.org","@graph":[{"@type":"Article","@id":"https:\/\/latamjournalismreview.org\/es\/articles\/gobernador-mexicano-dice-que-propondra-una-ley-que-obligue-a-periodistas-a-revelar-sus-fuentes-de-informacion\/#article","isPartOf":{"@id":"https:\/\/latamjournalismreview.org\/es\/articles\/gobernador-mexicano-dice-que-propondra-una-ley-que-obligue-a-periodistas-a-revelar-sus-fuentes-de-informacion\/"},"author":{"name":"Paola Nalvarte","@id":"https:\/\/latamjournalismreview.org\/es\/#\/schema\/person\/d0b9fa850ef1b6f56bb445e52f29f63f"},"headline":"Gobernador mexicano dice que propondr\u00e1 una ley que obligue a periodistas a revelar sus fuentes de informaci\u00f3n","datePublished":"2017-02-09T22:15:08+00:00","dateModified":"2022-05-16T22:15:50+00:00","mainEntityOfPage":{"@id":"https:\/\/latamjournalismreview.org\/es\/articles\/gobernador-mexicano-dice-que-propondra-una-ley-que-obligue-a-periodistas-a-revelar-sus-fuentes-de-informacion\/"},"wordCount":387,"publisher":{"@id":"https:\/\/latamjournalismreview.org\/es\/#organization"},"keywords":["Confidencialidad de las fuentes","Legislaci\u00f3n","M\u00e9xico"],"articleSection":["Libertad de prensa"],"inLanguage":"es"},{"@type":"WebPage","@id":"https:\/\/latamjournalismreview.org\/es\/articles\/gobernador-mexicano-dice-que-propondra-una-ley-que-obligue-a-periodistas-a-revelar-sus-fuentes-de-informacion\/","url":"https:\/\/latamjournalismreview.org\/es\/articles\/gobernador-mexicano-dice-que-propondra-una-ley-que-obligue-a-periodistas-a-revelar-sus-fuentes-de-informacion\/","name":"Gobernador mexicano dice que propondr\u00e1 una ley que obligue a periodistas a revelar sus fuentes de informaci\u00f3n - LatAm Journalism Review","isPartOf":{"@id":"https:\/\/latamjournalismreview.org\/es\/#website"},"datePublished":"2017-02-09T22:15:08+00:00","dateModified":"2022-05-16T22:15:50+00:00","description":"Gobernador mexicano dice que propondr\u00e1 una ley que obligue a periodistas a revelar sus fuentes de informaci\u00f3n Libertad de prensa. Latin American Journalism Review by The Knight Center at The University of Texas at Austin.","breadcrumb":{"@id":"https:\/\/latamjournalismreview.org\/es\/articles\/gobernador-mexicano-dice-que-propondra-una-ley-que-obligue-a-periodistas-a-revelar-sus-fuentes-de-informacion\/#breadcrumb"},"inLanguage":"es","potentialAction":[{"@type":"ReadAction","target":["https:\/\/latamjournalismreview.org\/es\/articles\/gobernador-mexicano-dice-que-propondra-una-ley-que-obligue-a-periodistas-a-revelar-sus-fuentes-de-informacion\/"]}]},{"@type":"BreadcrumbList","@id":"https:\/\/latamjournalismreview.org\/es\/articles\/gobernador-mexicano-dice-que-propondra-una-ley-que-obligue-a-periodistas-a-revelar-sus-fuentes-de-informacion\/#breadcrumb","itemListElement":[{"@type":"ListItem","position":1,"name":"Home","item":"https:\/\/latamjournalismreview.org\/es\/"},{"@type":"ListItem","position":2,"name":"Gobernador mexicano dice que propondr\u00e1 una ley que obligue a periodistas a revelar sus fuentes de informaci\u00f3n"}]},{"@type":"WebSite","@id":"https:\/\/latamjournalismreview.org\/es\/#website","url":"https:\/\/latamjournalismreview.org\/es\/","name":"LatAm Journalism Review","description":"Knight Center at The University of Texas","publisher":{"@id":"https:\/\/latamjournalismreview.org\/es\/#organization"},"potentialAction":[{"@type":"SearchAction","target":{"@type":"EntryPoint","urlTemplate":"https:\/\/latamjournalismreview.org\/es\/?s={search_term_string}"},"query-input":{"@type":"PropertyValueSpecification","valueRequired":true,"valueName":"search_term_string"}}],"inLanguage":"es"},{"@type":"Organization","@id":"https:\/\/latamjournalismreview.org\/es\/#organization","name":"LatAm Journalism Review","url":"https:\/\/latamjournalismreview.org\/es\/","logo":{"@type":"ImageObject","inLanguage":"es","@id":"https:\/\/latamjournalismreview.org\/es\/#\/schema\/logo\/image\/","url":"https:\/\/latamjournalismreview.org\/wp-content\/uploads\/2020\/05\/knight-latAm-review-logo.svg","contentUrl":"https:\/\/latamjournalismreview.org\/wp-content\/uploads\/2020\/05\/knight-latAm-review-logo.svg","width":"1024","height":"1024","caption":"LatAm Journalism Review"},"image":{"@id":"https:\/\/latamjournalismreview.org\/es\/#\/schema\/logo\/image\/"},"sameAs":["https:\/\/x.com\/LatAmJournalism"]},{"@type":"Person","@id":"https:\/\/latamjournalismreview.org\/es\/#\/schema\/person\/d0b9fa850ef1b6f56bb445e52f29f63f","name":"Paola Nalvarte","description":"Paola Nalvarte is a Peruvian journalist and documentary photographer living in Austin, Texas. She focuses on covering and writing about the Andes region. In Peru, Paola worked in the Lima office of the Italian news agency ANSA, on the economic news desk of the daily Expreso, and for ten years she has been working on different editorial projects doing picture editing and research for one of the oldest Spanish-language papers in the world, the Peruvian newspaper El Comercio. She also enjoyed writing for the newspaper weekly magazine Somos. Paola Nalvarte es una periodista y fot\u00f3grafa documental peruana que vive en Austin, Texas. El foco de inter\u00e9s de su cobertura noticiosa es la regi\u00f3n andina. En Per\u00fa, Paola trabaj\u00f3 en la oficina de Lima de la agencia italiana de noticias ANSA, en la secci\u00f3n de econom\u00eda del diario Expreso y por diez a\u00f1os hizo investigaci\u00f3n fotogr\u00e1fica y edici\u00f3n de fotograf\u00eda editorial en el diario decano de la prensa peruana, El Comercio. Tambi\u00e9n escribi\u00f3 para Somos, la revista semanal del mismo diario\u200b, art\u00edculos sobre medio ambiente y cultura. Paola Nalvarte \u00e9 uma jornalista peruana e fot\u00f3grafa documentarista que vive em Austin, Texas. O foco de interesse da sua cobertura jornal\u00edstica \u00e9 a regi\u00e3o andina. No Peru, Paola trabalhou no escrit\u00f3rio de Lima da ag\u00eancia de not\u00edcias italiana ANSA, na se\u00e7\u00e3o de economia do jornal Expreso e, por dez anos, fez pesquisa fotogr\u00e1fica e edi\u00e7\u00e3o de fotografia editorial para um dos jornais em espanhol mais antigos do mundo, o jornal peruano El Comercio. Ela tamb\u00e9m escreveu artigos de meio ambiente e cultura para a Somos, a revista semanal do mesmo jornal.","sameAs":["https:\/\/x.com\/paolanalvarte"],"url":"https:\/\/latamjournalismreview.org\/es\/articles\/author\/paola-nalvarte\/"}]}},"_links":{"self":[{"href":"https:\/\/latamjournalismreview.org\/es\/wp-json\/wp\/v2\/posts\/53954","targetHints":{"allow":["GET"]}}],"collection":[{"href":"https:\/\/latamjournalismreview.org\/es\/wp-json\/wp\/v2\/posts"}],"about":[{"href":"https:\/\/latamjournalismreview.org\/es\/wp-json\/wp\/v2\/types\/post"}],"author":[{"embeddable":true,"href":"https:\/\/latamjournalismreview.org\/es\/wp-json\/wp\/v2\/users\/4"}],"replies":[{"embeddable":true,"href":"https:\/\/latamjournalismreview.org\/es\/wp-json\/wp\/v2\/comments?post=53954"}],"version-history":[{"count":1,"href":"https:\/\/latamjournalismreview.org\/es\/wp-json\/wp\/v2\/posts\/53954\/revisions"}],"predecessor-version":[{"id":53956,"href":"https:\/\/latamjournalismreview.org\/es\/wp-json\/wp\/v2\/posts\/53954\/revisions\/53956"}],"wp:attachment":[{"href":"https:\/\/latamjournalismreview.org\/es\/wp-json\/wp\/v2\/media?parent=53954"}],"wp:term":[{"taxonomy":"category","embeddable":true,"href":"https:\/\/latamjournalismreview.org\/es\/wp-json\/wp\/v2\/categories?post=53954"},{"taxonomy":"post_tag","embeddable":true,"href":"https:\/\/latamjournalismreview.org\/es\/wp-json\/wp\/v2\/tags?post=53954"},{"taxonomy":"author","embeddable":true,"href":"https:\/\/latamjournalismreview.org\/es\/wp-json\/wp\/v2\/coauthors?post=53954"}],"curies":[{"name":"wp","href":"https:\/\/api.w.org\/{rel}","templated":true}]}}