{"id":54002,"date":"2017-02-08T13:28:50","date_gmt":"2017-02-08T18:28:50","guid":{"rendered":"https:\/\/latamjournalismreview.org\/?p=54002"},"modified":"2022-05-17T13:29:38","modified_gmt":"2022-05-17T18:29:38","slug":"noticiero-peruano-en-quechua-busca-reivindicar-el-uso-de-una-de-las-lenguas-mas-antiguas-del-mundo","status":"publish","type":"post","link":"https:\/\/latamjournalismreview.org\/es\/articles\/noticiero-peruano-en-quechua-busca-reivindicar-el-uso-de-una-de-las-lenguas-mas-antiguas-del-mundo\/","title":{"rendered":"Noticiero peruano en quechua busca reivindicar el uso de una de las lenguas m\u00e1s antiguas del mundo"},"content":{"rendered":"<p>El quechua, como el griego y el hebreo, es una de las lenguas ancestrales del mundo que contin\u00faa vigente. Todav\u00eda se habla en gran parte de Per\u00fa, Bolivia, Ecuador, y en algunas zonas de Colombia, Chile y Argentina; sin embargo,\u00a0<a href=\"http:\/\/elcomercio.pe\/mundo\/europa\/quechua-500-lenguas-amenazadas-extincion-noticia-248351\" target=\"_blank\" rel=\"noopener\">la rapidez con la que su uso se est\u00e1 perdiendo es vertiginosa<\/a>.<\/p>\n<p>Desde el 12 de diciembre de 2016, se transmite a nivel nacional el primer noticiero hecho completamente en quechua que se haya tenido en la historia de la televisi\u00f3n peruana. Esta iniciativa la propuso Hugo Coya, periodista y escritor que desde agosto de 2016 es director del Instituto Nacional de Radio y Televisi\u00f3n (IRTP) de Per\u00fa.<\/p>\n<p>\u201c\u00d1uqanchik\u201d (en espa\u00f1ol: \u201cNosotros\u201d) es el nuevo noticiero peruano, que en sus dos primeros meses al aire est\u00e1 teniendo bastante buena acogida entre los quechua hablantes nacionales.<\/p>\n<p>\u201cAl ser un hecho in\u00e9dito, se presenta como un gran desaf\u00edo. Primero porque no tenemos tanto personal capacitado para hacerlo. Los camar\u00f3grafos, directores de c\u00e1mara y t\u00e9cnicos de edici\u00f3n son hispanohablantes. Estamos viviendo un proceso de transici\u00f3n bien interesante\u201d, dijo Coya al\u00a0<strong>Centro Knight,\u00a0<\/strong>un d\u00eda despu\u00e9s del lanzamiento del noticiero.<\/p>\n<p>Al tener el quechua varios dialectos, se hizo necesario incluir parte de esa variedad en \u00d1uqanchik, cont\u00f3 Coya. Para buscar a los presentadores se convoc\u00f3 a un casting en el que participaron cerca de 200 periodistas que tuvieran el quechua como lengua materna.<\/p>\n<p>Se eligi\u00f3 as\u00ed a Marisol Mena, quien adem\u00e1s ense\u00f1a quechua a nivel escolar, que habla la variante de Cusco-Collao, del sur de Per\u00fa. El segundo conductor es Clodomiro Landeo, quien tambi\u00e9n habla el quechua cusque\u00f1o y el de Ayacucho-Chanka, de los andes centrales. Landeo es conductor en Radio Nacional desde hace 11 a\u00f1os, y consultor de quechua del ministerio de Cultura.<\/p>\n<p>Para Coya, al ser Per\u00fa un pa\u00eds multiling\u00fce y pluricultural, uno de los grandes problemas nacionales es la desinformaci\u00f3n y la falta de comunicaci\u00f3n.<\/p>\n<p>La informaci\u00f3n tambi\u00e9n te otorga dignidad, sostuvo Coya. \u201cEs un derecho humano estar informado. Esta decisi\u00f3n (de hacer el noticiero en quechua) es como decirles: \u2018Ustedes tienen los mismos derechos que todos a estar informados, y con la informaci\u00f3n objetiva pueden tomar sus propias y mejores decisiones para sus vidas\u2019\u201d, agreg\u00f3.<\/p>\n<p>El quechua, hablado mayoritariamente en Per\u00fa hasta principios del siglo XX, es un idioma inclusivo que no hace discriminaci\u00f3n de g\u00e9nero. \"Para el quechua todos somos seremos humanos\", dijo Coya.<\/p>\n<p>Para esta iniciativa, Coya habl\u00f3 con varios expertos, desde psic\u00f3logos, ling\u00fcistas, especialistas del ministerio de Cultura, periodistas, entre otros.<\/p>\n<p>\u201cEl lanzamiento de \u00d1uqanchik ha provocado una verdadero entusiasmo a nivel nacional e internacional\u201d, subray\u00f3 Coya. Varios medios y portales del mundo como\u00a0<a href=\"http:\/\/www.lefigaro.fr\/flash-actu\/2016\/12\/12\/97001-20161212FILWWW00388-perou-premier-journal-televise-en-quechua.php\" target=\"_blank\" rel=\"noopener\">Le Figaro<\/a>,\u00a0<a href=\"http:\/\/internacional.elpais.com\/internacional\/2016\/12\/07\/america\/1481150662_571329.html\" target=\"_blank\" rel=\"noopener\">El Pa\u00eds<\/a>,\u00a0<a href=\"http:\/\/www.bbc.com\/news\/world-latin-america-38301253\" target=\"_blank\" rel=\"noopener\">BBC<\/a>,\u00a0<a href=\"https:\/\/www.theguardian.com\/world\/2016\/dec\/14\/peru-nuqanchik-quechua-broadcast-inca-empire\" target=\"_blank\" rel=\"noopener\">The Guardian<\/a>,\u00a0<a href=\"https:\/\/www.democracynow.org\/2016\/12\/15\/headlines\/peru_launches_first_daily_national_news_broadcast_in_quechua\" target=\"_blank\" rel=\"noopener\">Democracy Now<\/a>,\u00a0<a href=\"http:\/\/cnnespanol.cnn.com\/video\/cnnee-pkg-pilar-higashi-peru-noticiero-quechua-noqanchik\/\" target=\"_blank\" rel=\"noopener\">CNN en Espa\u00f1ol<\/a>, entre otros, publicaron la noticia del lanzamiento del noticiero en quechua.<\/p>\n<p>Recientemente, la productora del noticiero, Carol Ruiz, dijo al\u00a0<strong>Centro Knight<\/strong>\u00a0que a trav\u00e9s de las\u00a0<a href=\"https:\/\/www.facebook.com\/search\/top\/?q=%C3%B1uqanchik\" target=\"_blank\" rel=\"noopener\">redes sociales<\/a>\u00a0reciben mucha comunicaci\u00f3n de las personas que ven y siguen \u00d1uqanchik a nivel nacional. \u201cAlgunas personas hasta nos han pedido que subtitulemos el noticiero porque se sienten excluidos. [\u2026]\u00a0Si nosotros subtitul\u00e1ramos el noticiero (al espa\u00f1ol) perder\u00eda el sentido por el cual fue creado\u201d, subray\u00f3 Ruiz.<\/p>\n<p>En las \u00faltimas semanas, dijo Ruiz, se ha agregado al noticiero dos segmentos nuevos para que tambi\u00e9n tenga un espacio cultural que recoja danza y tradici\u00f3n andina, como tambi\u00e9n de la selva, y otro dedicado exclusivamente al clima. Este \u00faltimo, en particular, dijo Ruiz, es un tema de inter\u00e9s cotidiano para la poblaci\u00f3n quechua hablante, porque muchos son agricultores, ganaderos, campesinos, y les sirve saber si habr\u00e1 lluvias fuertes, bajas dr\u00e1sticas de temperatura, etc.<\/p>\n<p>La antrop\u00f3loga peruana especialista en el mundo quechua,\u00a0<a href=\"https:\/\/nas.ucdavis.edu\/faculty\/zoila-s-mendoza\" target=\"_blank\" rel=\"noopener\">Zoila Mendoza<\/a>, profesora y catedr\u00e1tica de la universidad UC Davis de California, EE.UU., dijo al\u00a0<strong>Centro Knight<\/strong>\u00a0que \u00d1uqanchik tambi\u00e9n se puede ver como una estrategia de revitalizaci\u00f3n del quechua, que a pesar de que varios millones a\u00fan lo hablan, se est\u00e1 perdiendo con rapidez.<\/p>\n<p>Desde 2009,\u00a0<a href=\"http:\/\/elcomercio.pe\/mundo\/europa\/quechua-500-lenguas-amenazadas-extincion-noticia-248351\" target=\"_blank\" rel=\"noopener\">el quechua est\u00e1 incluido en la lista del Atlas de las Lenguas en Peligro de la Unesco<\/a>, por ser una lengua amenazada de extinci\u00f3n. Al respecto, el entonces director de la Unesco, Koichiro Matsuura, dijo: \u201cLa muerte de una lengua supone al mismo tiempo la desaparici\u00f3n de un legado cultural, desde poemas y leyendas hasta refranes y bromas\u201d.<\/p>\n<p>De los 30 millones de peruanos que hay, 4 millones son solo quechua hablantes, y otros 6 millones hablan castellano adem\u00e1s de quechua, seg\u00fan Coya. Es decir, casi 13 por ciento de la poblaci\u00f3n contin\u00faa hablando quechua.<\/p>\n<p>\u201cCon este reconocimiento se muestra tambi\u00e9n un cierto respeto e intenci\u00f3n de dejar de lado la marginaci\u00f3n social y \u00e9tnica en Per\u00fa, que muchas veces ha podido ser ilustrada por una mofa al idioma y a los que hablan con ese acento el castellano. Adem\u00e1s, con el idioma se reval\u00faa la cultura y las pr\u00e1cticas sociales de los quechua hablantes\u201d, dijo Mendoza.<\/p>\n<p>La conductora de \u00d1uqanchik, Mena, dijo al\u00a0<strong>Centro Knight<\/strong>\u00a0que es un sue\u00f1o hecho realidad, en su caso, el poder hacer llegar informaci\u00f3n de actualidad importante a todos sus hermanos y hermanas quechua hablantes.<\/p>\n<p>\u201cDefinitivamente es una experiencia \u00fanica e hist\u00f3rica en lo personal como tambi\u00e9n en lo profesional, asumir esta gran responsabilidad para m\u00ed\u00a0es todo un reto. [\u2026]\u00a0Son muchos los a\u00f1os que se ha dejado en el olvido a las lenguas originarias de mi pa\u00eds, que adem\u00e1s han sido signo de burla y discriminaci\u00f3n\u201d, enfatiz\u00f3 Mena.<\/p>\n<p><em>Nota del editor: Esta historia fue publicada originalmente en el blog Periodismo en las Am\u00e9ricas del Centro Knight, el predecesor de LatAm Journalism Review.<\/em><\/p>\n","protected":false},"excerpt":{"rendered":"<p>El quechua, como el griego y el hebreo, es una de las lenguas ancestrales del mundo que contin\u00faa vigente. Todav\u00eda se habla en gran parte de Per\u00fa, Bolivia, Ecuador, y en algunas zonas de Colombia, Chile y Argentina; sin embargo,\u00a0la rapidez con la que su uso se est\u00e1 perdiendo es vertiginosa.<\/p>\n","protected":false},"author":4,"featured_media":0,"comment_status":"closed","ping_status":"closed","sticky":false,"template":"","format":"standard","meta":{"inline_featured_image":false,"footnotes":""},"categories":[],"tags":[1505],"coauthors":[],"class_list":["post-54002","post","type-post","status-publish","format-standard","hentry","tag-peru-es"],"acf":[],"yoast_head":"<!-- This site is optimized with the Yoast SEO Premium plugin v22.6 (Yoast SEO v27.4) - https:\/\/yoast.com\/product\/yoast-seo-premium-wordpress\/ -->\n<title>Noticiero peruano en quechua busca reivindicar el uso de una de las lenguas m\u00e1s antiguas del mundo - LatAm Journalism Review<\/title>\n<meta name=\"description\" content=\"Noticiero peruano en quechua busca reivindicar el uso de una de las lenguas m\u00e1s antiguas del mundo . Latin American Journalism Review by The Knight Center at The University of Texas at Austin.\" \/>\n<meta name=\"robots\" content=\"index, follow, max-snippet:-1, max-image-preview:large, max-video-preview:-1\" \/>\n<link rel=\"canonical\" href=\"https:\/\/latamjournalismreview.org\/es\/articles\/noticiero-peruano-en-quechua-busca-reivindicar-el-uso-de-una-de-las-lenguas-mas-antiguas-del-mundo\/\" \/>\n<meta property=\"og:locale\" content=\"es_ES\" \/>\n<meta property=\"og:type\" content=\"article\" \/>\n<meta property=\"og:title\" content=\"Noticiero peruano en quechua busca reivindicar el uso de una de las lenguas m\u00e1s antiguas del mundo\" \/>\n<meta property=\"og:description\" content=\"Noticiero peruano en quechua busca reivindicar el uso de una de las lenguas m\u00e1s antiguas del mundo . Latin American Journalism Review by The Knight Center at The University of Texas at Austin.\" \/>\n<meta property=\"og:url\" content=\"https:\/\/latamjournalismreview.org\/es\/articles\/noticiero-peruano-en-quechua-busca-reivindicar-el-uso-de-una-de-las-lenguas-mas-antiguas-del-mundo\/\" \/>\n<meta property=\"og:site_name\" content=\"LatAm Journalism Review\" \/>\n<meta property=\"article:published_time\" content=\"2017-02-08T18:28:50+00:00\" \/>\n<meta property=\"article:modified_time\" content=\"2022-05-17T18:29:38+00:00\" \/>\n<meta name=\"author\" content=\"Paola Nalvarte\" \/>\n<meta name=\"twitter:card\" content=\"summary_large_image\" \/>\n<meta name=\"twitter:creator\" content=\"@paolanalvarte\" \/>\n<meta name=\"twitter:site\" content=\"@LatAmJournalism\" \/>\n<meta name=\"twitter:label1\" content=\"Written by\" \/>\n\t<meta name=\"twitter:data1\" content=\"Paola Nalvarte\" \/>\n\t<meta name=\"twitter:label2\" content=\"Est. reading time\" \/>\n\t<meta name=\"twitter:data2\" content=\"5 minutos\" \/>\n<script type=\"application\/ld+json\" class=\"yoast-schema-graph\">{\"@context\":\"https:\\\/\\\/schema.org\",\"@graph\":[{\"@type\":\"Article\",\"@id\":\"https:\\\/\\\/latamjournalismreview.org\\\/es\\\/articles\\\/noticiero-peruano-en-quechua-busca-reivindicar-el-uso-de-una-de-las-lenguas-mas-antiguas-del-mundo\\\/#article\",\"isPartOf\":{\"@id\":\"https:\\\/\\\/latamjournalismreview.org\\\/es\\\/articles\\\/noticiero-peruano-en-quechua-busca-reivindicar-el-uso-de-una-de-las-lenguas-mas-antiguas-del-mundo\\\/\"},\"author\":{\"name\":\"Paola Nalvarte\",\"@id\":\"https:\\\/\\\/latamjournalismreview.org\\\/es\\\/#\\\/schema\\\/person\\\/d0b9fa850ef1b6f56bb445e52f29f63f\"},\"headline\":\"Noticiero peruano en quechua busca reivindicar el uso de una de las lenguas m\u00e1s antiguas del mundo\",\"datePublished\":\"2017-02-08T18:28:50+00:00\",\"dateModified\":\"2022-05-17T18:29:38+00:00\",\"mainEntityOfPage\":{\"@id\":\"https:\\\/\\\/latamjournalismreview.org\\\/es\\\/articles\\\/noticiero-peruano-en-quechua-busca-reivindicar-el-uso-de-una-de-las-lenguas-mas-antiguas-del-mundo\\\/\"},\"wordCount\":1000,\"publisher\":{\"@id\":\"https:\\\/\\\/latamjournalismreview.org\\\/es\\\/#organization\"},\"keywords\":[\"Per\u00fa\"],\"inLanguage\":\"es\"},{\"@type\":\"WebPage\",\"@id\":\"https:\\\/\\\/latamjournalismreview.org\\\/es\\\/articles\\\/noticiero-peruano-en-quechua-busca-reivindicar-el-uso-de-una-de-las-lenguas-mas-antiguas-del-mundo\\\/\",\"url\":\"https:\\\/\\\/latamjournalismreview.org\\\/es\\\/articles\\\/noticiero-peruano-en-quechua-busca-reivindicar-el-uso-de-una-de-las-lenguas-mas-antiguas-del-mundo\\\/\",\"name\":\"Noticiero peruano en quechua busca reivindicar el uso de una de las lenguas m\u00e1s antiguas del mundo - LatAm Journalism Review\",\"isPartOf\":{\"@id\":\"https:\\\/\\\/latamjournalismreview.org\\\/es\\\/#website\"},\"datePublished\":\"2017-02-08T18:28:50+00:00\",\"dateModified\":\"2022-05-17T18:29:38+00:00\",\"description\":\"Noticiero peruano en quechua busca reivindicar el uso de una de las lenguas m\u00e1s antiguas del mundo . Latin American Journalism Review by The Knight Center at The University of Texas at Austin.\",\"breadcrumb\":{\"@id\":\"https:\\\/\\\/latamjournalismreview.org\\\/es\\\/articles\\\/noticiero-peruano-en-quechua-busca-reivindicar-el-uso-de-una-de-las-lenguas-mas-antiguas-del-mundo\\\/#breadcrumb\"},\"inLanguage\":\"es\",\"potentialAction\":[{\"@type\":\"ReadAction\",\"target\":[\"https:\\\/\\\/latamjournalismreview.org\\\/es\\\/articles\\\/noticiero-peruano-en-quechua-busca-reivindicar-el-uso-de-una-de-las-lenguas-mas-antiguas-del-mundo\\\/\"]}]},{\"@type\":\"BreadcrumbList\",\"@id\":\"https:\\\/\\\/latamjournalismreview.org\\\/es\\\/articles\\\/noticiero-peruano-en-quechua-busca-reivindicar-el-uso-de-una-de-las-lenguas-mas-antiguas-del-mundo\\\/#breadcrumb\",\"itemListElement\":[{\"@type\":\"ListItem\",\"position\":1,\"name\":\"Home\",\"item\":\"https:\\\/\\\/latamjournalismreview.org\\\/es\\\/\"},{\"@type\":\"ListItem\",\"position\":2,\"name\":\"Noticiero peruano en quechua busca reivindicar el uso de una de las lenguas m\u00e1s antiguas del mundo\"}]},{\"@type\":\"WebSite\",\"@id\":\"https:\\\/\\\/latamjournalismreview.org\\\/es\\\/#website\",\"url\":\"https:\\\/\\\/latamjournalismreview.org\\\/es\\\/\",\"name\":\"LatAm Journalism Review\",\"description\":\"Knight Center at The University of Texas\",\"publisher\":{\"@id\":\"https:\\\/\\\/latamjournalismreview.org\\\/es\\\/#organization\"},\"potentialAction\":[{\"@type\":\"SearchAction\",\"target\":{\"@type\":\"EntryPoint\",\"urlTemplate\":\"https:\\\/\\\/latamjournalismreview.org\\\/es\\\/?s={search_term_string}\"},\"query-input\":{\"@type\":\"PropertyValueSpecification\",\"valueRequired\":true,\"valueName\":\"search_term_string\"}}],\"inLanguage\":\"es\"},{\"@type\":\"Organization\",\"@id\":\"https:\\\/\\\/latamjournalismreview.org\\\/es\\\/#organization\",\"name\":\"LatAm Journalism Review\",\"url\":\"https:\\\/\\\/latamjournalismreview.org\\\/es\\\/\",\"logo\":{\"@type\":\"ImageObject\",\"inLanguage\":\"es\",\"@id\":\"https:\\\/\\\/latamjournalismreview.org\\\/es\\\/#\\\/schema\\\/logo\\\/image\\\/\",\"url\":\"https:\\\/\\\/latamjournalismreview.org\\\/wp-content\\\/uploads\\\/2020\\\/05\\\/knight-latAm-review-logo.svg\",\"contentUrl\":\"https:\\\/\\\/latamjournalismreview.org\\\/wp-content\\\/uploads\\\/2020\\\/05\\\/knight-latAm-review-logo.svg\",\"width\":\"1024\",\"height\":\"1024\",\"caption\":\"LatAm Journalism Review\"},\"image\":{\"@id\":\"https:\\\/\\\/latamjournalismreview.org\\\/es\\\/#\\\/schema\\\/logo\\\/image\\\/\"},\"sameAs\":[\"https:\\\/\\\/x.com\\\/LatAmJournalism\"]},{\"@type\":\"Person\",\"@id\":\"https:\\\/\\\/latamjournalismreview.org\\\/es\\\/#\\\/schema\\\/person\\\/d0b9fa850ef1b6f56bb445e52f29f63f\",\"name\":\"Paola Nalvarte\",\"description\":\"Paola Nalvarte is a Peruvian journalist and documentary photographer living in Austin, Texas. She focuses on covering and writing about the Andes region. In Peru, Paola worked in the Lima office of the Italian news agency ANSA, on the economic news desk of the daily Expreso, and for ten years she has been working on different editorial projects doing picture editing and research for one of the oldest Spanish-language papers in the world, the Peruvian newspaper El Comercio. She also enjoyed writing for the newspaper weekly magazine Somos. Paola Nalvarte es una periodista y fot\u00f3grafa documental peruana que vive en Austin, Texas. El foco de inter\u00e9s de su cobertura noticiosa es la regi\u00f3n andina. En Per\u00fa, Paola trabaj\u00f3 en la oficina de Lima de la agencia italiana de noticias ANSA, en la secci\u00f3n de econom\u00eda del diario Expreso y por diez a\u00f1os hizo investigaci\u00f3n fotogr\u00e1fica y edici\u00f3n de fotograf\u00eda editorial en el diario decano de la prensa peruana, El Comercio. Tambi\u00e9n escribi\u00f3 para Somos, la revista semanal del mismo diario\u200b, art\u00edculos sobre medio ambiente y cultura. Paola Nalvarte \u00e9 uma jornalista peruana e fot\u00f3grafa documentarista que vive em Austin, Texas. O foco de interesse da sua cobertura jornal\u00edstica \u00e9 a regi\u00e3o andina. No Peru, Paola trabalhou no escrit\u00f3rio de Lima da ag\u00eancia de not\u00edcias italiana ANSA, na se\u00e7\u00e3o de economia do jornal Expreso e, por dez anos, fez pesquisa fotogr\u00e1fica e edi\u00e7\u00e3o de fotografia editorial para um dos jornais em espanhol mais antigos do mundo, o jornal peruano El Comercio. Ela tamb\u00e9m escreveu artigos de meio ambiente e cultura para a Somos, a revista semanal do mesmo jornal.\",\"sameAs\":[\"https:\\\/\\\/x.com\\\/paolanalvarte\"],\"url\":\"https:\\\/\\\/latamjournalismreview.org\\\/es\\\/articles\\\/author\\\/paola-nalvarte\\\/\"}]}<\/script>\n<!-- \/ Yoast SEO Premium plugin. -->","yoast_head_json":{"title":"Noticiero peruano en quechua busca reivindicar el uso de una de las lenguas m\u00e1s antiguas del mundo - LatAm Journalism Review","description":"Noticiero peruano en quechua busca reivindicar el uso de una de las lenguas m\u00e1s antiguas del mundo . Latin American Journalism Review by The Knight Center at The University of Texas at Austin.","robots":{"index":"index","follow":"follow","max-snippet":"max-snippet:-1","max-image-preview":"max-image-preview:large","max-video-preview":"max-video-preview:-1"},"canonical":"https:\/\/latamjournalismreview.org\/es\/articles\/noticiero-peruano-en-quechua-busca-reivindicar-el-uso-de-una-de-las-lenguas-mas-antiguas-del-mundo\/","og_locale":"es_ES","og_type":"article","og_title":"Noticiero peruano en quechua busca reivindicar el uso de una de las lenguas m\u00e1s antiguas del mundo","og_description":"Noticiero peruano en quechua busca reivindicar el uso de una de las lenguas m\u00e1s antiguas del mundo . Latin American Journalism Review by The Knight Center at The University of Texas at Austin.","og_url":"https:\/\/latamjournalismreview.org\/es\/articles\/noticiero-peruano-en-quechua-busca-reivindicar-el-uso-de-una-de-las-lenguas-mas-antiguas-del-mundo\/","og_site_name":"LatAm Journalism Review","article_published_time":"2017-02-08T18:28:50+00:00","article_modified_time":"2022-05-17T18:29:38+00:00","author":"Paola Nalvarte","twitter_card":"summary_large_image","twitter_creator":"@paolanalvarte","twitter_site":"@LatAmJournalism","twitter_misc":{"Written by":"Paola Nalvarte","Est. reading time":"5 minutos"},"schema":{"@context":"https:\/\/schema.org","@graph":[{"@type":"Article","@id":"https:\/\/latamjournalismreview.org\/es\/articles\/noticiero-peruano-en-quechua-busca-reivindicar-el-uso-de-una-de-las-lenguas-mas-antiguas-del-mundo\/#article","isPartOf":{"@id":"https:\/\/latamjournalismreview.org\/es\/articles\/noticiero-peruano-en-quechua-busca-reivindicar-el-uso-de-una-de-las-lenguas-mas-antiguas-del-mundo\/"},"author":{"name":"Paola Nalvarte","@id":"https:\/\/latamjournalismreview.org\/es\/#\/schema\/person\/d0b9fa850ef1b6f56bb445e52f29f63f"},"headline":"Noticiero peruano en quechua busca reivindicar el uso de una de las lenguas m\u00e1s antiguas del mundo","datePublished":"2017-02-08T18:28:50+00:00","dateModified":"2022-05-17T18:29:38+00:00","mainEntityOfPage":{"@id":"https:\/\/latamjournalismreview.org\/es\/articles\/noticiero-peruano-en-quechua-busca-reivindicar-el-uso-de-una-de-las-lenguas-mas-antiguas-del-mundo\/"},"wordCount":1000,"publisher":{"@id":"https:\/\/latamjournalismreview.org\/es\/#organization"},"keywords":["Per\u00fa"],"inLanguage":"es"},{"@type":"WebPage","@id":"https:\/\/latamjournalismreview.org\/es\/articles\/noticiero-peruano-en-quechua-busca-reivindicar-el-uso-de-una-de-las-lenguas-mas-antiguas-del-mundo\/","url":"https:\/\/latamjournalismreview.org\/es\/articles\/noticiero-peruano-en-quechua-busca-reivindicar-el-uso-de-una-de-las-lenguas-mas-antiguas-del-mundo\/","name":"Noticiero peruano en quechua busca reivindicar el uso de una de las lenguas m\u00e1s antiguas del mundo - LatAm Journalism Review","isPartOf":{"@id":"https:\/\/latamjournalismreview.org\/es\/#website"},"datePublished":"2017-02-08T18:28:50+00:00","dateModified":"2022-05-17T18:29:38+00:00","description":"Noticiero peruano en quechua busca reivindicar el uso de una de las lenguas m\u00e1s antiguas del mundo . Latin American Journalism Review by The Knight Center at The University of Texas at Austin.","breadcrumb":{"@id":"https:\/\/latamjournalismreview.org\/es\/articles\/noticiero-peruano-en-quechua-busca-reivindicar-el-uso-de-una-de-las-lenguas-mas-antiguas-del-mundo\/#breadcrumb"},"inLanguage":"es","potentialAction":[{"@type":"ReadAction","target":["https:\/\/latamjournalismreview.org\/es\/articles\/noticiero-peruano-en-quechua-busca-reivindicar-el-uso-de-una-de-las-lenguas-mas-antiguas-del-mundo\/"]}]},{"@type":"BreadcrumbList","@id":"https:\/\/latamjournalismreview.org\/es\/articles\/noticiero-peruano-en-quechua-busca-reivindicar-el-uso-de-una-de-las-lenguas-mas-antiguas-del-mundo\/#breadcrumb","itemListElement":[{"@type":"ListItem","position":1,"name":"Home","item":"https:\/\/latamjournalismreview.org\/es\/"},{"@type":"ListItem","position":2,"name":"Noticiero peruano en quechua busca reivindicar el uso de una de las lenguas m\u00e1s antiguas del mundo"}]},{"@type":"WebSite","@id":"https:\/\/latamjournalismreview.org\/es\/#website","url":"https:\/\/latamjournalismreview.org\/es\/","name":"LatAm Journalism Review","description":"Knight Center at The University of Texas","publisher":{"@id":"https:\/\/latamjournalismreview.org\/es\/#organization"},"potentialAction":[{"@type":"SearchAction","target":{"@type":"EntryPoint","urlTemplate":"https:\/\/latamjournalismreview.org\/es\/?s={search_term_string}"},"query-input":{"@type":"PropertyValueSpecification","valueRequired":true,"valueName":"search_term_string"}}],"inLanguage":"es"},{"@type":"Organization","@id":"https:\/\/latamjournalismreview.org\/es\/#organization","name":"LatAm Journalism Review","url":"https:\/\/latamjournalismreview.org\/es\/","logo":{"@type":"ImageObject","inLanguage":"es","@id":"https:\/\/latamjournalismreview.org\/es\/#\/schema\/logo\/image\/","url":"https:\/\/latamjournalismreview.org\/wp-content\/uploads\/2020\/05\/knight-latAm-review-logo.svg","contentUrl":"https:\/\/latamjournalismreview.org\/wp-content\/uploads\/2020\/05\/knight-latAm-review-logo.svg","width":"1024","height":"1024","caption":"LatAm Journalism Review"},"image":{"@id":"https:\/\/latamjournalismreview.org\/es\/#\/schema\/logo\/image\/"},"sameAs":["https:\/\/x.com\/LatAmJournalism"]},{"@type":"Person","@id":"https:\/\/latamjournalismreview.org\/es\/#\/schema\/person\/d0b9fa850ef1b6f56bb445e52f29f63f","name":"Paola Nalvarte","description":"Paola Nalvarte is a Peruvian journalist and documentary photographer living in Austin, Texas. She focuses on covering and writing about the Andes region. In Peru, Paola worked in the Lima office of the Italian news agency ANSA, on the economic news desk of the daily Expreso, and for ten years she has been working on different editorial projects doing picture editing and research for one of the oldest Spanish-language papers in the world, the Peruvian newspaper El Comercio. She also enjoyed writing for the newspaper weekly magazine Somos. Paola Nalvarte es una periodista y fot\u00f3grafa documental peruana que vive en Austin, Texas. El foco de inter\u00e9s de su cobertura noticiosa es la regi\u00f3n andina. En Per\u00fa, Paola trabaj\u00f3 en la oficina de Lima de la agencia italiana de noticias ANSA, en la secci\u00f3n de econom\u00eda del diario Expreso y por diez a\u00f1os hizo investigaci\u00f3n fotogr\u00e1fica y edici\u00f3n de fotograf\u00eda editorial en el diario decano de la prensa peruana, El Comercio. Tambi\u00e9n escribi\u00f3 para Somos, la revista semanal del mismo diario\u200b, art\u00edculos sobre medio ambiente y cultura. Paola Nalvarte \u00e9 uma jornalista peruana e fot\u00f3grafa documentarista que vive em Austin, Texas. O foco de interesse da sua cobertura jornal\u00edstica \u00e9 a regi\u00e3o andina. No Peru, Paola trabalhou no escrit\u00f3rio de Lima da ag\u00eancia de not\u00edcias italiana ANSA, na se\u00e7\u00e3o de economia do jornal Expreso e, por dez anos, fez pesquisa fotogr\u00e1fica e edi\u00e7\u00e3o de fotografia editorial para um dos jornais em espanhol mais antigos do mundo, o jornal peruano El Comercio. Ela tamb\u00e9m escreveu artigos de meio ambiente e cultura para a Somos, a revista semanal do mesmo jornal.","sameAs":["https:\/\/x.com\/paolanalvarte"],"url":"https:\/\/latamjournalismreview.org\/es\/articles\/author\/paola-nalvarte\/"}]}},"_links":{"self":[{"href":"https:\/\/latamjournalismreview.org\/es\/wp-json\/wp\/v2\/posts\/54002","targetHints":{"allow":["GET"]}}],"collection":[{"href":"https:\/\/latamjournalismreview.org\/es\/wp-json\/wp\/v2\/posts"}],"about":[{"href":"https:\/\/latamjournalismreview.org\/es\/wp-json\/wp\/v2\/types\/post"}],"author":[{"embeddable":true,"href":"https:\/\/latamjournalismreview.org\/es\/wp-json\/wp\/v2\/users\/4"}],"replies":[{"embeddable":true,"href":"https:\/\/latamjournalismreview.org\/es\/wp-json\/wp\/v2\/comments?post=54002"}],"version-history":[{"count":1,"href":"https:\/\/latamjournalismreview.org\/es\/wp-json\/wp\/v2\/posts\/54002\/revisions"}],"predecessor-version":[{"id":54003,"href":"https:\/\/latamjournalismreview.org\/es\/wp-json\/wp\/v2\/posts\/54002\/revisions\/54003"}],"wp:attachment":[{"href":"https:\/\/latamjournalismreview.org\/es\/wp-json\/wp\/v2\/media?parent=54002"}],"wp:term":[{"taxonomy":"category","embeddable":true,"href":"https:\/\/latamjournalismreview.org\/es\/wp-json\/wp\/v2\/categories?post=54002"},{"taxonomy":"post_tag","embeddable":true,"href":"https:\/\/latamjournalismreview.org\/es\/wp-json\/wp\/v2\/tags?post=54002"},{"taxonomy":"author","embeddable":true,"href":"https:\/\/latamjournalismreview.org\/es\/wp-json\/wp\/v2\/coauthors?post=54002"}],"curies":[{"name":"wp","href":"https:\/\/api.w.org\/{rel}","templated":true}]}}