{"id":54634,"date":"2017-09-06T15:40:40","date_gmt":"2017-09-06T20:40:40","guid":{"rendered":"https:\/\/latamjournalismreview.org\/?p=54634"},"modified":"2022-05-20T15:41:20","modified_gmt":"2022-05-20T20:41:20","slug":"investigadores-lanzan-atlas-para-mapear-el-periodismo-local-y-los-desiertos-de-noticias-en-brasil","status":"publish","type":"post","link":"https:\/\/latamjournalismreview.org\/es\/articles\/investigadores-lanzan-atlas-para-mapear-el-periodismo-local-y-los-desiertos-de-noticias-en-brasil\/","title":{"rendered":"Investigadores lanzan atlas para mapear el periodismo local y los \"desiertos de noticias\" en Brasil"},"content":{"rendered":"<p>Concentrada en el eje S\u00e3o Paulo \u2013 R\u00edo de Janeiro \u2013 Brasilia, la gran prensa brasile\u00f1a informa a toda la poblaci\u00f3n del pa\u00eds lo que acontece en esos lugares. Pero \u00bfc\u00f3mo se informan las personas que viven en ciudades peque\u00f1as y medianas de Brasil sobre lo que sucede en su regi\u00f3n?<\/p>\n<p>El proyecto\u00a0<a href=\"https:\/\/www.atlas.jor.br\/\" target=\"_blank\" rel=\"noopener\">Atlas da Not\u00edcia<\/a>\u00a0(Atlas de la Noticia), del Projor\u00a0(Instituto para el Desarrollo del Periodismo) en colaboraci\u00f3n con la agencia de periodismo de datos\u00a0<a href=\"http:\/\/www.voltdata.info\/\" target=\"_blank\" rel=\"noopener\">Volt Data\u00a0Lab<\/a>, busca responder\u00a0esa pregunta e identificar \"desiertos de noticias\", es decir, \u00e1reas no cubiertas por los medios de comunicaci\u00f3n locales y regionales.<\/p>\n<p>El Atlas, lanzado el 30 de agosto, pretende ubicar en un mapa medios period\u00edsticos, especialmente aquellos orientados a coberturas regionales o locales, que se dedican a la producci\u00f3n de noticias de inter\u00e9s p\u00fablico en todas las regiones de Brasil.<\/p>\n<p>La iniciativa brasile\u00f1a se inspir\u00f3 en el\u00a0<a href=\"https:\/\/www.cjr.org\/local_news\/american-news-deserts-donuts-local.php\" target=\"_blank\" rel=\"noopener\">America\u2019s\u00a0Growing\u00a0News\u00a0Deserts<\/a>,\u00a0proyecto de la\u00a0revista\u00a0<a href=\"https:\/\/www.cjr.org\/\" target=\"_blank\" rel=\"noopener\">Columbia\u00a0Journalism\u00a0Review<\/a>, que registr\u00f3 en un mapa los \"desiertos de noticias\" en Estados Unidos. Pero identificar las \u00e1reas de Brasil donde la cobertura period\u00edstica\u00a0local es escasa es s\u00f3lo uno de los objetivos de Atlas da Not\u00edcia, dijo Angela\u00a0Pimenta, presidenta de Projor, al\u00a0<strong>Centro Knight<\/strong>.<\/p>\n<p>Los 207 millones de habitantes de Brasil est\u00e1n distribuidos en 5 mil 570 municipios, de los cuales apenas 300 concentran una poblaci\u00f3n de m\u00e1s de 100 mil personas, explic\u00f3. El Projor parti\u00f3 de ese dato para crear el Atlas da Not\u00edcia, con la intenci\u00f3n de conocer \"la naturaleza, la distribuci\u00f3n, las virtudes y los desaf\u00edos\" de los medios regionales y locales para \"ayudar a\u00a0desarrollar el periodismo fuera de la llamada gran prensa\", dijo Pimenta.<\/p>\n<p>En esta primera fase, el Atlas solicit\u00f3 la colaboraci\u00f3n de periodistas y consumidores de noticias, as\u00ed como de universidades, empresas, asociaciones y sindicatos del \u00e1rea, para incluir en su\u00a0<a href=\"https:\/\/www.atlas.jor.br\/\" target=\"_blank\" rel=\"noopener\">sitio<\/a>\u00a0el mayor n\u00famero posible de medios period\u00edsticos\u00a0distribuidos a lo largo del pa\u00eds.<\/p>\n<p>La plataforma permanecer\u00e1 abierta a la colaboraci\u00f3n del p\u00fablico durante el mes de septiembre. El Volt Data Lab tambi\u00e9n est\u00e1 realizando un levantamiento de datos junto con asociaciones, sindicatos y federaciones de periodistas, y estos datos ser\u00e1n cruzados con aquellos enviados por el p\u00fablico al sitio del proyecto. A mediados de octubre deber\u00e1 ser lanzado el primer balance del Atlas, con la presentaci\u00f3n de un mapa de los \"vac\u00edos de noticias\" en Brasil, como el\u00a0<a href=\"http:\/\/www.cjr.org\/local_news\/american-news-deserts-donuts-local.php\" target=\"_blank\" rel=\"noopener\">realizado en Estados Unidos por el CJR<\/a>.<\/p>\n<p>Hay muchos lugares del pa\u00eds \"muy mal atendidos\" en t\u00e9rminos de periodismo local, dijo S\u00e9rgio\u00a0Spagnuolo, fundador y editor de Volta Data Lab, al\u00a0<strong>Centro Knight.\u00a0<\/strong>\"Queremos mapear para saber d\u00f3nde las personas no est\u00e1n recibiendo informaci\u00f3n. O, si la reciben, es de peri\u00f3dicos nacionales. Una vez escuch\u00e9\u00a0de un periodista de Par\u00e1 que mucha gente en Bel\u00e9m\u00a0[capital del Estado] sabe m\u00e1s sobre lo que est\u00e1 pasando en R\u00edo de Janeiro\u00a0que lo que pasa en su propia ciudad,\" coment\u00f3.<\/p>\n<p>La idea es que los datos compilados sobre la prensa regional y local de Brasil sean puestos a disposici\u00f3n en el\u00a0<a href=\"https:\/\/www.atlas.jor.br\/\" target=\"_blank\" rel=\"noopener\">sitio del\u00a0Atlas<\/a>. La informaci\u00f3n ser\u00e1 de acceso p\u00fablico y la expectativa de Pimienta y Spagnuolo\u00a0es que esta sea usada por investigadores acad\u00e9micos, organizaciones del tercer sector y periodistas interesados en an\u00e1lisis de medios en el pa\u00eds.<\/p>\n<p>\"Cuidar el desarrollo sustentable y de la democracia brasile\u00f1a es ver con una mirada nueva y cuidadosa el periodismo local\", dijo Pimenta, citando un\u00a0<a href=\"http:\/\/observatoriodaimprensa.com.br\/imprensa-em-questao\/uma-outra-samarco-indispensavel-e-transparente\/\" target=\"_blank\" rel=\"noopener\">an\u00e1lisis\u00a0del papel de la prensa local en la cobertura de la tragedia de Mariana<\/a>, en Minas Gerais, ocurrida el 5 de noviembre de 2015. El rompimiento de una presa de la minera Samarco, controlada por la empresa brasile\u00f1a Vale S.A. y por la angloaustraliana BHP Billiton, dej\u00f3 19 muertos y provoc\u00f3 un desastre socioambiental sin precedentes en la historia de Brasil.<\/p>\n<p>\"\u00bfSer\u00e1 que si la prensa de Mariana hubiese sido menos amigable con Samarco, la empresa habr\u00eda hecho lo que hizo en aquella represa?\" cuestion\u00f3\u00a0Pimenta. \"Cuando la gente mira\u00a0la riqueza y la vulnerabilidad de nuestro medio ambiente y las carencias, las necesidades e incluso la vida c\u00edvica e institucional de esas poblaciones, corresponde a nosotros, como Instituto para el Desarrollo del Periodismo, tambi\u00e9n mirar al periodismo local\", explic\u00f3 la presidenta de Projor.<\/p>\n<p>Pimenta resalt\u00f3 que la intenci\u00f3n no es \"perseguir a la prensa local\" y record\u00f3\u00a0que los conflictos de inter\u00e9s no son exclusivos de esta. \"Estamos en b\u00fasqueda de casos de \u00e9xito y tambi\u00e9n de trabajar en conjunto, ver qu\u00e9 tipos de desaf\u00edos est\u00e1 enfrentando la prensa local, en momentos de crisis econ\u00f3mica y de distribuci\u00f3n\", dijo.<\/p>\n<p>Spagnuolo tambi\u00e9n coment\u00f3 la importancia de la investigaci\u00f3n para el an\u00e1lisis del periodismo hecho actualmente en el pa\u00eds: \"El periodismo en Brasil est\u00e1 muy sujeto a la opini\u00f3n de la cr\u00edtica especializada, que no est\u00e1 tan fundamentada en datos. Existen buenos cr\u00edticos de periodismo en\u00a0el pa\u00eds, pero creo que faltan datos cuantitativos para medir no solo la calidad y el alcance, sino otros aspectos del periodismo, como modelos de negocios y salud financiera de las empresas\".<\/p>\n<p><em>Nota del editor: Esta historia fue publicada originalmente en el blog Periodismo en las Am\u00e9ricas del Centro Knight, el predecesor de LatAm Journalism Review.<\/em><\/p>\n","protected":false},"excerpt":{"rendered":"<p>Concentrada en el eje S\u00e3o Paulo \u2013 R\u00edo de Janeiro \u2013 Brasilia, la gran prensa brasile\u00f1a informa a toda la poblaci\u00f3n del pa\u00eds lo que acontece en esos lugares. Pero \u00bfc\u00f3mo se informan las personas que viven en ciudades peque\u00f1as y medianas de Brasil sobre lo que sucede en su regi\u00f3n?<\/p>\n","protected":false},"author":16,"featured_media":0,"comment_status":"closed","ping_status":"closed","sticky":false,"template":"","format":"standard","meta":{"inline_featured_image":false,"footnotes":""},"categories":[1227],"tags":[],"coauthors":[],"class_list":["post-54634","post","type-post","status-publish","format-standard","hentry","category-acceso-a-la-informacion-es"],"acf":[],"yoast_head":"<!-- This site is optimized with the Yoast SEO Premium plugin v22.6 (Yoast SEO v27.4) - https:\/\/yoast.com\/product\/yoast-seo-premium-wordpress\/ -->\n<title>Investigadores lanzan atlas para mapear el periodismo local y los &quot;desiertos de noticias&quot; en Brasil - LatAm Journalism Review<\/title>\n<meta name=\"description\" content=\"Investigadores lanzan atlas para mapear el periodismo local y los &quot;desiertos de noticias&quot; en Brasil Acceso a la Informaci\u00f3n. Latin American Journalism Review by The Knight Center at The University of Texas at Austin.\" \/>\n<meta name=\"robots\" content=\"index, follow, max-snippet:-1, max-image-preview:large, max-video-preview:-1\" \/>\n<link rel=\"canonical\" href=\"https:\/\/latamjournalismreview.org\/es\/articles\/investigadores-lanzan-atlas-para-mapear-el-periodismo-local-y-los-desiertos-de-noticias-en-brasil\/\" \/>\n<meta property=\"og:locale\" content=\"es_ES\" \/>\n<meta property=\"og:type\" content=\"article\" \/>\n<meta property=\"og:title\" content=\"Investigadores lanzan atlas para mapear el periodismo local y los &quot;desiertos de noticias&quot; en Brasil\" \/>\n<meta property=\"og:description\" content=\"Investigadores lanzan atlas para mapear el periodismo local y los &quot;desiertos de noticias&quot; en Brasil Acceso a la Informaci\u00f3n. Latin American Journalism Review by The Knight Center at The University of Texas at Austin.\" \/>\n<meta property=\"og:url\" content=\"https:\/\/latamjournalismreview.org\/es\/articles\/investigadores-lanzan-atlas-para-mapear-el-periodismo-local-y-los-desiertos-de-noticias-en-brasil\/\" \/>\n<meta property=\"og:site_name\" content=\"LatAm Journalism Review\" \/>\n<meta property=\"article:published_time\" content=\"2017-09-06T20:40:40+00:00\" \/>\n<meta property=\"article:modified_time\" content=\"2022-05-20T20:41:20+00:00\" \/>\n<meta name=\"author\" content=\"Carolina de Assis\" \/>\n<meta name=\"twitter:card\" content=\"summary_large_image\" \/>\n<meta name=\"twitter:creator\" content=\"@LatAmJournalism\" \/>\n<meta name=\"twitter:site\" content=\"@LatAmJournalism\" \/>\n<meta name=\"twitter:label1\" content=\"Written by\" \/>\n\t<meta name=\"twitter:data1\" content=\"Carolina de Assis\" \/>\n\t<meta name=\"twitter:label2\" content=\"Est. reading time\" \/>\n\t<meta name=\"twitter:data2\" content=\"5 minutos\" \/>\n<script type=\"application\/ld+json\" class=\"yoast-schema-graph\">{\"@context\":\"https:\\\/\\\/schema.org\",\"@graph\":[{\"@type\":\"Article\",\"@id\":\"https:\\\/\\\/latamjournalismreview.org\\\/es\\\/articles\\\/investigadores-lanzan-atlas-para-mapear-el-periodismo-local-y-los-desiertos-de-noticias-en-brasil\\\/#article\",\"isPartOf\":{\"@id\":\"https:\\\/\\\/latamjournalismreview.org\\\/es\\\/articles\\\/investigadores-lanzan-atlas-para-mapear-el-periodismo-local-y-los-desiertos-de-noticias-en-brasil\\\/\"},\"author\":{\"name\":\"Carolina de Assis\",\"@id\":\"https:\\\/\\\/latamjournalismreview.org\\\/es\\\/#\\\/schema\\\/person\\\/f98b544e2f231a237f39a56cc9a00a9a\"},\"headline\":\"Investigadores lanzan atlas para mapear el periodismo local y los \\\"desiertos de noticias\\\" en Brasil\",\"datePublished\":\"2017-09-06T20:40:40+00:00\",\"dateModified\":\"2022-05-20T20:41:20+00:00\",\"mainEntityOfPage\":{\"@id\":\"https:\\\/\\\/latamjournalismreview.org\\\/es\\\/articles\\\/investigadores-lanzan-atlas-para-mapear-el-periodismo-local-y-los-desiertos-de-noticias-en-brasil\\\/\"},\"wordCount\":940,\"publisher\":{\"@id\":\"https:\\\/\\\/latamjournalismreview.org\\\/es\\\/#organization\"},\"articleSection\":[\"Acceso a la Informaci\u00f3n\"],\"inLanguage\":\"es\"},{\"@type\":\"WebPage\",\"@id\":\"https:\\\/\\\/latamjournalismreview.org\\\/es\\\/articles\\\/investigadores-lanzan-atlas-para-mapear-el-periodismo-local-y-los-desiertos-de-noticias-en-brasil\\\/\",\"url\":\"https:\\\/\\\/latamjournalismreview.org\\\/es\\\/articles\\\/investigadores-lanzan-atlas-para-mapear-el-periodismo-local-y-los-desiertos-de-noticias-en-brasil\\\/\",\"name\":\"Investigadores lanzan atlas para mapear el periodismo local y los \\\"desiertos de noticias\\\" en Brasil - LatAm Journalism Review\",\"isPartOf\":{\"@id\":\"https:\\\/\\\/latamjournalismreview.org\\\/es\\\/#website\"},\"datePublished\":\"2017-09-06T20:40:40+00:00\",\"dateModified\":\"2022-05-20T20:41:20+00:00\",\"description\":\"Investigadores lanzan atlas para mapear el periodismo local y los \\\"desiertos de noticias\\\" en Brasil Acceso a la Informaci\u00f3n. Latin American Journalism Review by The Knight Center at The University of Texas at Austin.\",\"breadcrumb\":{\"@id\":\"https:\\\/\\\/latamjournalismreview.org\\\/es\\\/articles\\\/investigadores-lanzan-atlas-para-mapear-el-periodismo-local-y-los-desiertos-de-noticias-en-brasil\\\/#breadcrumb\"},\"inLanguage\":\"es\",\"potentialAction\":[{\"@type\":\"ReadAction\",\"target\":[\"https:\\\/\\\/latamjournalismreview.org\\\/es\\\/articles\\\/investigadores-lanzan-atlas-para-mapear-el-periodismo-local-y-los-desiertos-de-noticias-en-brasil\\\/\"]}]},{\"@type\":\"BreadcrumbList\",\"@id\":\"https:\\\/\\\/latamjournalismreview.org\\\/es\\\/articles\\\/investigadores-lanzan-atlas-para-mapear-el-periodismo-local-y-los-desiertos-de-noticias-en-brasil\\\/#breadcrumb\",\"itemListElement\":[{\"@type\":\"ListItem\",\"position\":1,\"name\":\"Home\",\"item\":\"https:\\\/\\\/latamjournalismreview.org\\\/es\\\/\"},{\"@type\":\"ListItem\",\"position\":2,\"name\":\"Investigadores lanzan atlas para mapear el periodismo local y los \\\"desiertos de noticias\\\" en Brasil\"}]},{\"@type\":\"WebSite\",\"@id\":\"https:\\\/\\\/latamjournalismreview.org\\\/es\\\/#website\",\"url\":\"https:\\\/\\\/latamjournalismreview.org\\\/es\\\/\",\"name\":\"LatAm Journalism Review\",\"description\":\"Knight Center at The University of Texas\",\"publisher\":{\"@id\":\"https:\\\/\\\/latamjournalismreview.org\\\/es\\\/#organization\"},\"potentialAction\":[{\"@type\":\"SearchAction\",\"target\":{\"@type\":\"EntryPoint\",\"urlTemplate\":\"https:\\\/\\\/latamjournalismreview.org\\\/es\\\/?s={search_term_string}\"},\"query-input\":{\"@type\":\"PropertyValueSpecification\",\"valueRequired\":true,\"valueName\":\"search_term_string\"}}],\"inLanguage\":\"es\"},{\"@type\":\"Organization\",\"@id\":\"https:\\\/\\\/latamjournalismreview.org\\\/es\\\/#organization\",\"name\":\"LatAm Journalism Review\",\"url\":\"https:\\\/\\\/latamjournalismreview.org\\\/es\\\/\",\"logo\":{\"@type\":\"ImageObject\",\"inLanguage\":\"es\",\"@id\":\"https:\\\/\\\/latamjournalismreview.org\\\/es\\\/#\\\/schema\\\/logo\\\/image\\\/\",\"url\":\"https:\\\/\\\/latamjournalismreview.org\\\/wp-content\\\/uploads\\\/2020\\\/05\\\/knight-latAm-review-logo.svg\",\"contentUrl\":\"https:\\\/\\\/latamjournalismreview.org\\\/wp-content\\\/uploads\\\/2020\\\/05\\\/knight-latAm-review-logo.svg\",\"width\":\"1024\",\"height\":\"1024\",\"caption\":\"LatAm Journalism Review\"},\"image\":{\"@id\":\"https:\\\/\\\/latamjournalismreview.org\\\/es\\\/#\\\/schema\\\/logo\\\/image\\\/\"},\"sameAs\":[\"https:\\\/\\\/x.com\\\/LatAmJournalism\"]},{\"@type\":\"Person\",\"@id\":\"https:\\\/\\\/latamjournalismreview.org\\\/es\\\/#\\\/schema\\\/person\\\/f98b544e2f231a237f39a56cc9a00a9a\",\"name\":\"Carolina de Assis\",\"description\":\"Carolina de Assis is a Brazilian journalist and researcher who lives in Juiz de Fora, MG, Brazil. She holds a master's degree in Women\u2019s and Gender Studies from the GEMMA Programme \u2013 Universit\u00e0 di Bologna (Italy) \\\/ Universiteit Utrecht (The Netherlands) and has worked as an editor at G\u00eanero e N\u00famero, a Brazilian digital magazine focused on data journalism and gender issues. She is especially interested in journalistic initiatives aimed at promoting human rights and gender justice. You can find her on Twitter: @caroldeassis _________ Carolina de Assis es una periodista e investigadora brasile\u00f1a que vive en Juiz de Fora, MG, Brasil . Tiene una maestr\u00eda en Estudios de las Mujeres y de G\u00e9nero del programa GEMMA \u2013 Universit\u00e0 di Bologna (Italia) \\\/ Universiteit Utrecht (Holanda). Trabaj\u00f3 como editora en la revista digital brasile\u00f1a G\u00eanero e N\u00famero. Le interesan especialmente iniciativas period\u00edsticas que tienen el objetivo de promover los derechos humanos y la justicia de g\u00e9nero. Puedes encontrarla en Twitter: @caroldeassis. _______ Carolina de Assis \u00e9 uma jornalista e pesquisadora brasileira que vive em Juiz de Fora (MG). \u00c9 mestra em Estudos da Mulher e de G\u00eanero pelo programa GEMMA \u2013 Universit\u00e0 di Bologna (It\u00e1lia) \\\/ Universiteit Utrecht (Holanda). Trabalhou como editora na revista digital G\u00eanero e N\u00famero e se interessa especialmente por iniciativas jornal\u00edsticas que promovam os direitos humanos e a justi\u00e7a de g\u00eanero. Voc\u00ea pode encontr\u00e1-la no Twitter em @caroldeassis.\",\"url\":\"https:\\\/\\\/latamjournalismreview.org\\\/es\\\/articles\\\/author\\\/carolina-de-assis\\\/\"}]}<\/script>\n<!-- \/ Yoast SEO Premium plugin. -->","yoast_head_json":{"title":"Investigadores lanzan atlas para mapear el periodismo local y los \"desiertos de noticias\" en Brasil - LatAm Journalism Review","description":"Investigadores lanzan atlas para mapear el periodismo local y los \"desiertos de noticias\" en Brasil Acceso a la Informaci\u00f3n. Latin American Journalism Review by The Knight Center at The University of Texas at Austin.","robots":{"index":"index","follow":"follow","max-snippet":"max-snippet:-1","max-image-preview":"max-image-preview:large","max-video-preview":"max-video-preview:-1"},"canonical":"https:\/\/latamjournalismreview.org\/es\/articles\/investigadores-lanzan-atlas-para-mapear-el-periodismo-local-y-los-desiertos-de-noticias-en-brasil\/","og_locale":"es_ES","og_type":"article","og_title":"Investigadores lanzan atlas para mapear el periodismo local y los \"desiertos de noticias\" en Brasil","og_description":"Investigadores lanzan atlas para mapear el periodismo local y los \"desiertos de noticias\" en Brasil Acceso a la Informaci\u00f3n. Latin American Journalism Review by The Knight Center at The University of Texas at Austin.","og_url":"https:\/\/latamjournalismreview.org\/es\/articles\/investigadores-lanzan-atlas-para-mapear-el-periodismo-local-y-los-desiertos-de-noticias-en-brasil\/","og_site_name":"LatAm Journalism Review","article_published_time":"2017-09-06T20:40:40+00:00","article_modified_time":"2022-05-20T20:41:20+00:00","author":"Carolina de Assis","twitter_card":"summary_large_image","twitter_creator":"@LatAmJournalism","twitter_site":"@LatAmJournalism","twitter_misc":{"Written by":"Carolina de Assis","Est. reading time":"5 minutos"},"schema":{"@context":"https:\/\/schema.org","@graph":[{"@type":"Article","@id":"https:\/\/latamjournalismreview.org\/es\/articles\/investigadores-lanzan-atlas-para-mapear-el-periodismo-local-y-los-desiertos-de-noticias-en-brasil\/#article","isPartOf":{"@id":"https:\/\/latamjournalismreview.org\/es\/articles\/investigadores-lanzan-atlas-para-mapear-el-periodismo-local-y-los-desiertos-de-noticias-en-brasil\/"},"author":{"name":"Carolina de Assis","@id":"https:\/\/latamjournalismreview.org\/es\/#\/schema\/person\/f98b544e2f231a237f39a56cc9a00a9a"},"headline":"Investigadores lanzan atlas para mapear el periodismo local y los \"desiertos de noticias\" en Brasil","datePublished":"2017-09-06T20:40:40+00:00","dateModified":"2022-05-20T20:41:20+00:00","mainEntityOfPage":{"@id":"https:\/\/latamjournalismreview.org\/es\/articles\/investigadores-lanzan-atlas-para-mapear-el-periodismo-local-y-los-desiertos-de-noticias-en-brasil\/"},"wordCount":940,"publisher":{"@id":"https:\/\/latamjournalismreview.org\/es\/#organization"},"articleSection":["Acceso a la Informaci\u00f3n"],"inLanguage":"es"},{"@type":"WebPage","@id":"https:\/\/latamjournalismreview.org\/es\/articles\/investigadores-lanzan-atlas-para-mapear-el-periodismo-local-y-los-desiertos-de-noticias-en-brasil\/","url":"https:\/\/latamjournalismreview.org\/es\/articles\/investigadores-lanzan-atlas-para-mapear-el-periodismo-local-y-los-desiertos-de-noticias-en-brasil\/","name":"Investigadores lanzan atlas para mapear el periodismo local y los \"desiertos de noticias\" en Brasil - LatAm Journalism Review","isPartOf":{"@id":"https:\/\/latamjournalismreview.org\/es\/#website"},"datePublished":"2017-09-06T20:40:40+00:00","dateModified":"2022-05-20T20:41:20+00:00","description":"Investigadores lanzan atlas para mapear el periodismo local y los \"desiertos de noticias\" en Brasil Acceso a la Informaci\u00f3n. Latin American Journalism Review by The Knight Center at The University of Texas at Austin.","breadcrumb":{"@id":"https:\/\/latamjournalismreview.org\/es\/articles\/investigadores-lanzan-atlas-para-mapear-el-periodismo-local-y-los-desiertos-de-noticias-en-brasil\/#breadcrumb"},"inLanguage":"es","potentialAction":[{"@type":"ReadAction","target":["https:\/\/latamjournalismreview.org\/es\/articles\/investigadores-lanzan-atlas-para-mapear-el-periodismo-local-y-los-desiertos-de-noticias-en-brasil\/"]}]},{"@type":"BreadcrumbList","@id":"https:\/\/latamjournalismreview.org\/es\/articles\/investigadores-lanzan-atlas-para-mapear-el-periodismo-local-y-los-desiertos-de-noticias-en-brasil\/#breadcrumb","itemListElement":[{"@type":"ListItem","position":1,"name":"Home","item":"https:\/\/latamjournalismreview.org\/es\/"},{"@type":"ListItem","position":2,"name":"Investigadores lanzan atlas para mapear el periodismo local y los \"desiertos de noticias\" en Brasil"}]},{"@type":"WebSite","@id":"https:\/\/latamjournalismreview.org\/es\/#website","url":"https:\/\/latamjournalismreview.org\/es\/","name":"LatAm Journalism Review","description":"Knight Center at The University of Texas","publisher":{"@id":"https:\/\/latamjournalismreview.org\/es\/#organization"},"potentialAction":[{"@type":"SearchAction","target":{"@type":"EntryPoint","urlTemplate":"https:\/\/latamjournalismreview.org\/es\/?s={search_term_string}"},"query-input":{"@type":"PropertyValueSpecification","valueRequired":true,"valueName":"search_term_string"}}],"inLanguage":"es"},{"@type":"Organization","@id":"https:\/\/latamjournalismreview.org\/es\/#organization","name":"LatAm Journalism Review","url":"https:\/\/latamjournalismreview.org\/es\/","logo":{"@type":"ImageObject","inLanguage":"es","@id":"https:\/\/latamjournalismreview.org\/es\/#\/schema\/logo\/image\/","url":"https:\/\/latamjournalismreview.org\/wp-content\/uploads\/2020\/05\/knight-latAm-review-logo.svg","contentUrl":"https:\/\/latamjournalismreview.org\/wp-content\/uploads\/2020\/05\/knight-latAm-review-logo.svg","width":"1024","height":"1024","caption":"LatAm Journalism Review"},"image":{"@id":"https:\/\/latamjournalismreview.org\/es\/#\/schema\/logo\/image\/"},"sameAs":["https:\/\/x.com\/LatAmJournalism"]},{"@type":"Person","@id":"https:\/\/latamjournalismreview.org\/es\/#\/schema\/person\/f98b544e2f231a237f39a56cc9a00a9a","name":"Carolina de Assis","description":"Carolina de Assis is a Brazilian journalist and researcher who lives in Juiz de Fora, MG, Brazil. She holds a master's degree in Women\u2019s and Gender Studies from the GEMMA Programme \u2013 Universit\u00e0 di Bologna (Italy) \/ Universiteit Utrecht (The Netherlands) and has worked as an editor at G\u00eanero e N\u00famero, a Brazilian digital magazine focused on data journalism and gender issues. She is especially interested in journalistic initiatives aimed at promoting human rights and gender justice. You can find her on Twitter: @caroldeassis _________ Carolina de Assis es una periodista e investigadora brasile\u00f1a que vive en Juiz de Fora, MG, Brasil . Tiene una maestr\u00eda en Estudios de las Mujeres y de G\u00e9nero del programa GEMMA \u2013 Universit\u00e0 di Bologna (Italia) \/ Universiteit Utrecht (Holanda). Trabaj\u00f3 como editora en la revista digital brasile\u00f1a G\u00eanero e N\u00famero. Le interesan especialmente iniciativas period\u00edsticas que tienen el objetivo de promover los derechos humanos y la justicia de g\u00e9nero. Puedes encontrarla en Twitter: @caroldeassis. _______ Carolina de Assis \u00e9 uma jornalista e pesquisadora brasileira que vive em Juiz de Fora (MG). \u00c9 mestra em Estudos da Mulher e de G\u00eanero pelo programa GEMMA \u2013 Universit\u00e0 di Bologna (It\u00e1lia) \/ Universiteit Utrecht (Holanda). Trabalhou como editora na revista digital G\u00eanero e N\u00famero e se interessa especialmente por iniciativas jornal\u00edsticas que promovam os direitos humanos e a justi\u00e7a de g\u00eanero. Voc\u00ea pode encontr\u00e1-la no Twitter em @caroldeassis.","url":"https:\/\/latamjournalismreview.org\/es\/articles\/author\/carolina-de-assis\/"}]}},"_links":{"self":[{"href":"https:\/\/latamjournalismreview.org\/es\/wp-json\/wp\/v2\/posts\/54634","targetHints":{"allow":["GET"]}}],"collection":[{"href":"https:\/\/latamjournalismreview.org\/es\/wp-json\/wp\/v2\/posts"}],"about":[{"href":"https:\/\/latamjournalismreview.org\/es\/wp-json\/wp\/v2\/types\/post"}],"author":[{"embeddable":true,"href":"https:\/\/latamjournalismreview.org\/es\/wp-json\/wp\/v2\/users\/16"}],"replies":[{"embeddable":true,"href":"https:\/\/latamjournalismreview.org\/es\/wp-json\/wp\/v2\/comments?post=54634"}],"version-history":[{"count":1,"href":"https:\/\/latamjournalismreview.org\/es\/wp-json\/wp\/v2\/posts\/54634\/revisions"}],"predecessor-version":[{"id":54636,"href":"https:\/\/latamjournalismreview.org\/es\/wp-json\/wp\/v2\/posts\/54634\/revisions\/54636"}],"wp:attachment":[{"href":"https:\/\/latamjournalismreview.org\/es\/wp-json\/wp\/v2\/media?parent=54634"}],"wp:term":[{"taxonomy":"category","embeddable":true,"href":"https:\/\/latamjournalismreview.org\/es\/wp-json\/wp\/v2\/categories?post=54634"},{"taxonomy":"post_tag","embeddable":true,"href":"https:\/\/latamjournalismreview.org\/es\/wp-json\/wp\/v2\/tags?post=54634"},{"taxonomy":"author","embeddable":true,"href":"https:\/\/latamjournalismreview.org\/es\/wp-json\/wp\/v2\/coauthors?post=54634"}],"curies":[{"name":"wp","href":"https:\/\/api.w.org\/{rel}","templated":true}]}}