{"id":54738,"date":"2017-10-18T05:55:53","date_gmt":"2017-10-18T10:55:53","guid":{"rendered":"https:\/\/latamjournalismreview.org\/?p=54738"},"modified":"2022-05-23T05:56:29","modified_gmt":"2022-05-23T10:56:29","slug":"lanzan-premio-miroslava-breach-en-homenaje-a-periodistas-asesinados-en-latinoamerica","status":"publish","type":"post","link":"https:\/\/latamjournalismreview.org\/es\/articles\/lanzan-premio-miroslava-breach-en-homenaje-a-periodistas-asesinados-en-latinoamerica\/","title":{"rendered":"Lanzan Premio Miroslava Breach en homenaje a periodistas asesinados en Latinoam\u00e9rica"},"content":{"rendered":"<p>Cuando fue\u00a0<a href=\"https:\/\/knightcenter.utexas.edu\/es\/blog\/00-18144-corresponsal-acribillada-en-chihuahua-es-la-tercera-periodista-mexicana-asesinada-en-e\" target=\"_blank\" rel=\"noopener\">asesinada el 23 de marzo de 2017 en Chihuahua, M\u00e9xico, la periodista Miroslava Breach<\/a>\u00a0entr\u00f3 a la\u00a0<a href=\"https:\/\/knightcenter.utexas.edu\/es\/blog\/00-18828-es-mas-peligroso-investigar-un-asesinato-que-cometerlo-periodistas-enfrentan-violencia\" target=\"_blank\" rel=\"noopener\">tr\u00e1gica lista de reporteros que son objeto de violencia en Am\u00e9rica Latina<\/a>\u00a0por sacar a la luz las ilegalidades de grupos criminales y del poder p\u00fablico en la regi\u00f3n.<\/p>\n<p>Ahora, Breach y otros colegas que como ella fueron silenciados son homenajeados con un\u00a0<a href=\"http:\/\/www.clacso.org.ar\/concursos_convocatorias\/concursos_convocatorias_detalle_principales.php?id_convocatorias=91\" target=\"_blank\" rel=\"noopener\">premio que busca destacar trabajos acad\u00e9micos y period\u00edsticos<\/a>\u00a0que se dediquen al tema \u201cSistemas de poder y violencia contra periodistas en Am\u00e9rica Latina\u201d.<\/p>\n<p>El premio lanzado el 13 de octubre est\u00e1 organizado en asociaci\u00f3n entre la\u00a0<a href=\"http:\/\/www.scielo.org.mx\/revistas\/argu\/eaboutj.htm\" target=\"_blank\" rel=\"noopener\">Revista Argumentos<\/a>\u00a0de la Universidad Aut\u00f3noma Metropolitana Unidad Xochimilco (UAM-X), de M\u00e9xico, el Consejo Latinoamericano de Ciencias Sociales (Clacso), la Facultad de Cultura y Cultura Comunicaci\u00f3n de la Universidad Metropolitana para la Educaci\u00f3n y el Trabajo (Fccumet), de Argentina, y los diarios\u00a0<a href=\"http:\/\/www.jornada.unam.mx\/ultimas\" target=\"_blank\" rel=\"noopener\">La Jornada<\/a>\u00a0(M\u00e9xico),\u00a0<a href=\"https:\/\/www.pagina12.com.ar\/\" target=\"_blank\" rel=\"noopener\">P\u00e1gina 12<\/a>\u00a0(Argentina) y\u00a0<a href=\"http:\/\/www.publico.es\/\" target=\"_blank\" rel=\"noopener\">P\u00fablico<\/a>\u00a0(Espa\u00f1a).<\/p>\n<p>La iniciativa\u00a0<a href=\"http:\/\/www.clacso.org.ar\/concursos_adm\/adjuntos_concursos\/91_byc_esp.pdf\" target=\"_blank\" rel=\"noopener\">convoca a comunicadores, investigadores y activistas de todos los pa\u00edses de Am\u00e9rica Latina y el Caribe<\/a>\u00a0a inscribir hasta el 27 de diciembre art\u00edculos period\u00edsticos o acad\u00e9micos sobre los temas \u201cQuehacer period\u00edstico, violencia e impunidad\u201d, \u201cDiversas formas de agresi\u00f3n a las garant\u00edas comunicativas de los ciudadanos\u201d, \u201cIntereses econ\u00f3micos y pol\u00edticos de los medios por encima del inter\u00e9s social y del bien com\u00fan\u201d y \u201cAcademia, violencia y la ense\u00f1anza de la comunicaci\u00f3n\u201d.<\/p>\n<p>Los textos deben ser en lengua espa\u00f1ola y pueden tener hasta tres coautores. Por lo menos uno de los autores debe tener v\u00ednculo con alguna instituci\u00f3n de la\u00a0<a href=\"http:\/\/www.clacso.org.ar\/\" target=\"_blank\" rel=\"noopener\">red Clacso<\/a>, que re\u00fane organizaciones civiles y centros de investigaci\u00f3n en Am\u00e9rica Latina.<\/p>\n<p>Un grupo de jurados internacionales designados por las entidades organizadoras del premio seleccionar\u00e1 los cinco mejores trabajos. Los art\u00edculos acad\u00e9micos seleccionados ser\u00e1n publicados por la Revista Argumentos y los textos period\u00edsticos saldr\u00e1n en La Jornada o en P\u00e1gina 12, en formato impreso y digital.<\/p>\n<p>El premio Miroslava Breach \u201c<a href=\"http:\/\/www.clacso.org.ar\/concursos_convocatorias\/concursos_convocatorias_detalle_principales.php?id_convocatorias=91\" target=\"_blank\" rel=\"noopener\">pretende ser un llamado de atenci\u00f3n a la absoluta impunidad que reina en este campo<\/a>: nunca son investigados estos cr\u00edmenes ni condenados sus culpables, transform\u00e1ndose el Estado en c\u00f3mplice y, no pocas veces, en promotor e instigador de esta brutal forma de violencia que crece y se multiplica en nuestra regi\u00f3n\u201d, seg\u00fan la convocatoria.<\/p>\n<p><strong>Cartel de Sinaloa orden\u00f3 asesinato de periodista: Fiscal\u00eda<\/strong><\/p>\n<p>La\u00a0<a href=\"https:\/\/www.elheraldodechihuahua.com.mx\/chihuahua\/720106-senalan-a-asesinos-de-miroslava-breach-pistoleros-al-servicio-del-cartel-de-sinaloa\" target=\"_blank\" rel=\"noopener\">Fiscal\u00eda General del Estado de Chihuahua concluy\u00f3 que el asesinato de Miroslava Breach<\/a>\u00a0fue ordenado por el grupo criminal Gente Nueva, brazo armado del cartel de Sinaloa que opera en el suroeste del estado.<\/p>\n<p>La informaci\u00f3n fue divulgada el 11 de octubre por El Heraldo de Chihuahua. Seg\u00fan la publicaci\u00f3n, la fiscal\u00eda revis\u00f3 cientos de horas de grabaci\u00f3n de c\u00e1maras de seguridad que registraron el recorrido hecho por el veh\u00edculo en el que estaba el asesino de Breach.<\/p>\n<p>Los autores del ataque a la periodista tambi\u00e9n mataron a otra persona, a quien intentaron incriminar por el asesinato de Breach, inform\u00f3 El Heraldo de Chihuahua. Tambi\u00e9n intentaron apuntar a los investigadores al grupo criminal rival Nuevo C\u00e1rtel de Ju\u00e1rez, que opera en la misma regi\u00f3n.<\/p>\n<p>La investigaci\u00f3n fue cerrada y concluy\u00f3 que Gente Nueva asesin\u00f3 a la periodista debido a sus reportajes investigativos contra el grupo publicados en los diarios La Jornada y Norte de Ju\u00e1rez, en los que trabajaba.<\/p>\n<p>De acuerdo con El Heraldo, la Fiscal\u00eda ya pidi\u00f3 la detenci\u00f3n de al menos cuatro personas presuntamente involucradas en el asesinato de Miroslava Breach.<\/p>\n<p><em>Nota del editor: Esta historia fue publicada originalmente en el blog Periodismo en las Am\u00e9ricas del Centro Knight, el predecesor de LatAm Journalism Review.<\/em><\/p>\n","protected":false},"excerpt":{"rendered":"<p>Cuando fue\u00a0asesinada el 23 de marzo de 2017 en Chihuahua, M\u00e9xico, la periodista Miroslava Breach\u00a0entr\u00f3 a la\u00a0tr\u00e1gica lista de reporteros que son objeto de violencia en Am\u00e9rica Latina\u00a0por sacar a la luz las ilegalidades de grupos criminales y del poder p\u00fablico en la regi\u00f3n.<\/p>\n","protected":false},"author":16,"featured_media":0,"comment_status":"closed","ping_status":"closed","sticky":false,"template":"","format":"standard","meta":{"inline_featured_image":false,"footnotes":""},"categories":[1354],"tags":[1479,1393,1428],"coauthors":[],"class_list":["post-54738","post","type-post","status-publish","format-standard","hentry","category-premios-y-oportunidades-es","tag-asesinato-de-periodistas-es","tag-mexico-es","tag-premios-es"],"acf":[],"yoast_head":"<!-- This site is optimized with the Yoast SEO Premium plugin v22.6 (Yoast SEO v27.4) - https:\/\/yoast.com\/product\/yoast-seo-premium-wordpress\/ -->\n<title>Lanzan Premio Miroslava Breach en homenaje a periodistas asesinados en Latinoam\u00e9rica - LatAm Journalism Review<\/title>\n<meta name=\"description\" content=\"Lanzan Premio Miroslava Breach en homenaje a periodistas asesinados en Latinoam\u00e9rica Premios y oportunidades. Latin American Journalism Review by The Knight Center at The University of Texas at Austin.\" \/>\n<meta name=\"robots\" content=\"index, follow, max-snippet:-1, max-image-preview:large, max-video-preview:-1\" \/>\n<link rel=\"canonical\" href=\"https:\/\/latamjournalismreview.org\/es\/articles\/lanzan-premio-miroslava-breach-en-homenaje-a-periodistas-asesinados-en-latinoamerica\/\" \/>\n<meta property=\"og:locale\" content=\"es_ES\" \/>\n<meta property=\"og:type\" content=\"article\" \/>\n<meta property=\"og:title\" content=\"Lanzan Premio Miroslava Breach en homenaje a periodistas asesinados en Latinoam\u00e9rica\" \/>\n<meta property=\"og:description\" content=\"Lanzan Premio Miroslava Breach en homenaje a periodistas asesinados en Latinoam\u00e9rica Premios y oportunidades. Latin American Journalism Review by The Knight Center at The University of Texas at Austin.\" \/>\n<meta property=\"og:url\" content=\"https:\/\/latamjournalismreview.org\/es\/articles\/lanzan-premio-miroslava-breach-en-homenaje-a-periodistas-asesinados-en-latinoamerica\/\" \/>\n<meta property=\"og:site_name\" content=\"LatAm Journalism Review\" \/>\n<meta property=\"article:published_time\" content=\"2017-10-18T10:55:53+00:00\" \/>\n<meta property=\"article:modified_time\" content=\"2022-05-23T10:56:29+00:00\" \/>\n<meta name=\"author\" content=\"Carolina de Assis\" \/>\n<meta name=\"twitter:card\" content=\"summary_large_image\" \/>\n<meta name=\"twitter:creator\" content=\"@LatAmJournalism\" \/>\n<meta name=\"twitter:site\" content=\"@LatAmJournalism\" \/>\n<meta name=\"twitter:label1\" content=\"Written by\" \/>\n\t<meta name=\"twitter:data1\" content=\"Carolina de Assis\" \/>\n\t<meta name=\"twitter:label2\" content=\"Est. reading time\" \/>\n\t<meta name=\"twitter:data2\" content=\"3 minutos\" \/>\n<script type=\"application\/ld+json\" class=\"yoast-schema-graph\">{\"@context\":\"https:\\\/\\\/schema.org\",\"@graph\":[{\"@type\":\"Article\",\"@id\":\"https:\\\/\\\/latamjournalismreview.org\\\/es\\\/articles\\\/lanzan-premio-miroslava-breach-en-homenaje-a-periodistas-asesinados-en-latinoamerica\\\/#article\",\"isPartOf\":{\"@id\":\"https:\\\/\\\/latamjournalismreview.org\\\/es\\\/articles\\\/lanzan-premio-miroslava-breach-en-homenaje-a-periodistas-asesinados-en-latinoamerica\\\/\"},\"author\":{\"name\":\"Carolina de Assis\",\"@id\":\"https:\\\/\\\/latamjournalismreview.org\\\/es\\\/#\\\/schema\\\/person\\\/f98b544e2f231a237f39a56cc9a00a9a\"},\"headline\":\"Lanzan Premio Miroslava Breach en homenaje a periodistas asesinados en Latinoam\u00e9rica\",\"datePublished\":\"2017-10-18T10:55:53+00:00\",\"dateModified\":\"2022-05-23T10:56:29+00:00\",\"mainEntityOfPage\":{\"@id\":\"https:\\\/\\\/latamjournalismreview.org\\\/es\\\/articles\\\/lanzan-premio-miroslava-breach-en-homenaje-a-periodistas-asesinados-en-latinoamerica\\\/\"},\"wordCount\":654,\"publisher\":{\"@id\":\"https:\\\/\\\/latamjournalismreview.org\\\/es\\\/#organization\"},\"keywords\":[\"Asesinato de periodista\",\"M\u00e9xico\",\"Premios\"],\"articleSection\":[\"Premios y oportunidades\"],\"inLanguage\":\"es\"},{\"@type\":\"WebPage\",\"@id\":\"https:\\\/\\\/latamjournalismreview.org\\\/es\\\/articles\\\/lanzan-premio-miroslava-breach-en-homenaje-a-periodistas-asesinados-en-latinoamerica\\\/\",\"url\":\"https:\\\/\\\/latamjournalismreview.org\\\/es\\\/articles\\\/lanzan-premio-miroslava-breach-en-homenaje-a-periodistas-asesinados-en-latinoamerica\\\/\",\"name\":\"Lanzan Premio Miroslava Breach en homenaje a periodistas asesinados en Latinoam\u00e9rica - LatAm Journalism Review\",\"isPartOf\":{\"@id\":\"https:\\\/\\\/latamjournalismreview.org\\\/es\\\/#website\"},\"datePublished\":\"2017-10-18T10:55:53+00:00\",\"dateModified\":\"2022-05-23T10:56:29+00:00\",\"description\":\"Lanzan Premio Miroslava Breach en homenaje a periodistas asesinados en Latinoam\u00e9rica Premios y oportunidades. Latin American Journalism Review by The Knight Center at The University of Texas at Austin.\",\"breadcrumb\":{\"@id\":\"https:\\\/\\\/latamjournalismreview.org\\\/es\\\/articles\\\/lanzan-premio-miroslava-breach-en-homenaje-a-periodistas-asesinados-en-latinoamerica\\\/#breadcrumb\"},\"inLanguage\":\"es\",\"potentialAction\":[{\"@type\":\"ReadAction\",\"target\":[\"https:\\\/\\\/latamjournalismreview.org\\\/es\\\/articles\\\/lanzan-premio-miroslava-breach-en-homenaje-a-periodistas-asesinados-en-latinoamerica\\\/\"]}]},{\"@type\":\"BreadcrumbList\",\"@id\":\"https:\\\/\\\/latamjournalismreview.org\\\/es\\\/articles\\\/lanzan-premio-miroslava-breach-en-homenaje-a-periodistas-asesinados-en-latinoamerica\\\/#breadcrumb\",\"itemListElement\":[{\"@type\":\"ListItem\",\"position\":1,\"name\":\"Home\",\"item\":\"https:\\\/\\\/latamjournalismreview.org\\\/es\\\/\"},{\"@type\":\"ListItem\",\"position\":2,\"name\":\"Lanzan Premio Miroslava Breach en homenaje a periodistas asesinados en Latinoam\u00e9rica\"}]},{\"@type\":\"WebSite\",\"@id\":\"https:\\\/\\\/latamjournalismreview.org\\\/es\\\/#website\",\"url\":\"https:\\\/\\\/latamjournalismreview.org\\\/es\\\/\",\"name\":\"LatAm Journalism Review\",\"description\":\"Knight Center at The University of Texas\",\"publisher\":{\"@id\":\"https:\\\/\\\/latamjournalismreview.org\\\/es\\\/#organization\"},\"potentialAction\":[{\"@type\":\"SearchAction\",\"target\":{\"@type\":\"EntryPoint\",\"urlTemplate\":\"https:\\\/\\\/latamjournalismreview.org\\\/es\\\/?s={search_term_string}\"},\"query-input\":{\"@type\":\"PropertyValueSpecification\",\"valueRequired\":true,\"valueName\":\"search_term_string\"}}],\"inLanguage\":\"es\"},{\"@type\":\"Organization\",\"@id\":\"https:\\\/\\\/latamjournalismreview.org\\\/es\\\/#organization\",\"name\":\"LatAm Journalism Review\",\"url\":\"https:\\\/\\\/latamjournalismreview.org\\\/es\\\/\",\"logo\":{\"@type\":\"ImageObject\",\"inLanguage\":\"es\",\"@id\":\"https:\\\/\\\/latamjournalismreview.org\\\/es\\\/#\\\/schema\\\/logo\\\/image\\\/\",\"url\":\"https:\\\/\\\/latamjournalismreview.org\\\/wp-content\\\/uploads\\\/2020\\\/05\\\/knight-latAm-review-logo.svg\",\"contentUrl\":\"https:\\\/\\\/latamjournalismreview.org\\\/wp-content\\\/uploads\\\/2020\\\/05\\\/knight-latAm-review-logo.svg\",\"width\":\"1024\",\"height\":\"1024\",\"caption\":\"LatAm Journalism Review\"},\"image\":{\"@id\":\"https:\\\/\\\/latamjournalismreview.org\\\/es\\\/#\\\/schema\\\/logo\\\/image\\\/\"},\"sameAs\":[\"https:\\\/\\\/x.com\\\/LatAmJournalism\"]},{\"@type\":\"Person\",\"@id\":\"https:\\\/\\\/latamjournalismreview.org\\\/es\\\/#\\\/schema\\\/person\\\/f98b544e2f231a237f39a56cc9a00a9a\",\"name\":\"Carolina de Assis\",\"description\":\"Carolina de Assis is a Brazilian journalist and researcher who lives in Juiz de Fora, MG, Brazil. She holds a master's degree in Women\u2019s and Gender Studies from the GEMMA Programme \u2013 Universit\u00e0 di Bologna (Italy) \\\/ Universiteit Utrecht (The Netherlands) and has worked as an editor at G\u00eanero e N\u00famero, a Brazilian digital magazine focused on data journalism and gender issues. She is especially interested in journalistic initiatives aimed at promoting human rights and gender justice. You can find her on Twitter: @caroldeassis _________ Carolina de Assis es una periodista e investigadora brasile\u00f1a que vive en Juiz de Fora, MG, Brasil . Tiene una maestr\u00eda en Estudios de las Mujeres y de G\u00e9nero del programa GEMMA \u2013 Universit\u00e0 di Bologna (Italia) \\\/ Universiteit Utrecht (Holanda). Trabaj\u00f3 como editora en la revista digital brasile\u00f1a G\u00eanero e N\u00famero. Le interesan especialmente iniciativas period\u00edsticas que tienen el objetivo de promover los derechos humanos y la justicia de g\u00e9nero. Puedes encontrarla en Twitter: @caroldeassis. _______ Carolina de Assis \u00e9 uma jornalista e pesquisadora brasileira que vive em Juiz de Fora (MG). \u00c9 mestra em Estudos da Mulher e de G\u00eanero pelo programa GEMMA \u2013 Universit\u00e0 di Bologna (It\u00e1lia) \\\/ Universiteit Utrecht (Holanda). Trabalhou como editora na revista digital G\u00eanero e N\u00famero e se interessa especialmente por iniciativas jornal\u00edsticas que promovam os direitos humanos e a justi\u00e7a de g\u00eanero. Voc\u00ea pode encontr\u00e1-la no Twitter em @caroldeassis.\",\"url\":\"https:\\\/\\\/latamjournalismreview.org\\\/es\\\/articles\\\/author\\\/carolina-de-assis\\\/\"}]}<\/script>\n<!-- \/ Yoast SEO Premium plugin. -->","yoast_head_json":{"title":"Lanzan Premio Miroslava Breach en homenaje a periodistas asesinados en Latinoam\u00e9rica - LatAm Journalism Review","description":"Lanzan Premio Miroslava Breach en homenaje a periodistas asesinados en Latinoam\u00e9rica Premios y oportunidades. Latin American Journalism Review by The Knight Center at The University of Texas at Austin.","robots":{"index":"index","follow":"follow","max-snippet":"max-snippet:-1","max-image-preview":"max-image-preview:large","max-video-preview":"max-video-preview:-1"},"canonical":"https:\/\/latamjournalismreview.org\/es\/articles\/lanzan-premio-miroslava-breach-en-homenaje-a-periodistas-asesinados-en-latinoamerica\/","og_locale":"es_ES","og_type":"article","og_title":"Lanzan Premio Miroslava Breach en homenaje a periodistas asesinados en Latinoam\u00e9rica","og_description":"Lanzan Premio Miroslava Breach en homenaje a periodistas asesinados en Latinoam\u00e9rica Premios y oportunidades. Latin American Journalism Review by The Knight Center at The University of Texas at Austin.","og_url":"https:\/\/latamjournalismreview.org\/es\/articles\/lanzan-premio-miroslava-breach-en-homenaje-a-periodistas-asesinados-en-latinoamerica\/","og_site_name":"LatAm Journalism Review","article_published_time":"2017-10-18T10:55:53+00:00","article_modified_time":"2022-05-23T10:56:29+00:00","author":"Carolina de Assis","twitter_card":"summary_large_image","twitter_creator":"@LatAmJournalism","twitter_site":"@LatAmJournalism","twitter_misc":{"Written by":"Carolina de Assis","Est. reading time":"3 minutos"},"schema":{"@context":"https:\/\/schema.org","@graph":[{"@type":"Article","@id":"https:\/\/latamjournalismreview.org\/es\/articles\/lanzan-premio-miroslava-breach-en-homenaje-a-periodistas-asesinados-en-latinoamerica\/#article","isPartOf":{"@id":"https:\/\/latamjournalismreview.org\/es\/articles\/lanzan-premio-miroslava-breach-en-homenaje-a-periodistas-asesinados-en-latinoamerica\/"},"author":{"name":"Carolina de Assis","@id":"https:\/\/latamjournalismreview.org\/es\/#\/schema\/person\/f98b544e2f231a237f39a56cc9a00a9a"},"headline":"Lanzan Premio Miroslava Breach en homenaje a periodistas asesinados en Latinoam\u00e9rica","datePublished":"2017-10-18T10:55:53+00:00","dateModified":"2022-05-23T10:56:29+00:00","mainEntityOfPage":{"@id":"https:\/\/latamjournalismreview.org\/es\/articles\/lanzan-premio-miroslava-breach-en-homenaje-a-periodistas-asesinados-en-latinoamerica\/"},"wordCount":654,"publisher":{"@id":"https:\/\/latamjournalismreview.org\/es\/#organization"},"keywords":["Asesinato de periodista","M\u00e9xico","Premios"],"articleSection":["Premios y oportunidades"],"inLanguage":"es"},{"@type":"WebPage","@id":"https:\/\/latamjournalismreview.org\/es\/articles\/lanzan-premio-miroslava-breach-en-homenaje-a-periodistas-asesinados-en-latinoamerica\/","url":"https:\/\/latamjournalismreview.org\/es\/articles\/lanzan-premio-miroslava-breach-en-homenaje-a-periodistas-asesinados-en-latinoamerica\/","name":"Lanzan Premio Miroslava Breach en homenaje a periodistas asesinados en Latinoam\u00e9rica - LatAm Journalism Review","isPartOf":{"@id":"https:\/\/latamjournalismreview.org\/es\/#website"},"datePublished":"2017-10-18T10:55:53+00:00","dateModified":"2022-05-23T10:56:29+00:00","description":"Lanzan Premio Miroslava Breach en homenaje a periodistas asesinados en Latinoam\u00e9rica Premios y oportunidades. Latin American Journalism Review by The Knight Center at The University of Texas at Austin.","breadcrumb":{"@id":"https:\/\/latamjournalismreview.org\/es\/articles\/lanzan-premio-miroslava-breach-en-homenaje-a-periodistas-asesinados-en-latinoamerica\/#breadcrumb"},"inLanguage":"es","potentialAction":[{"@type":"ReadAction","target":["https:\/\/latamjournalismreview.org\/es\/articles\/lanzan-premio-miroslava-breach-en-homenaje-a-periodistas-asesinados-en-latinoamerica\/"]}]},{"@type":"BreadcrumbList","@id":"https:\/\/latamjournalismreview.org\/es\/articles\/lanzan-premio-miroslava-breach-en-homenaje-a-periodistas-asesinados-en-latinoamerica\/#breadcrumb","itemListElement":[{"@type":"ListItem","position":1,"name":"Home","item":"https:\/\/latamjournalismreview.org\/es\/"},{"@type":"ListItem","position":2,"name":"Lanzan Premio Miroslava Breach en homenaje a periodistas asesinados en Latinoam\u00e9rica"}]},{"@type":"WebSite","@id":"https:\/\/latamjournalismreview.org\/es\/#website","url":"https:\/\/latamjournalismreview.org\/es\/","name":"LatAm Journalism Review","description":"Knight Center at The University of Texas","publisher":{"@id":"https:\/\/latamjournalismreview.org\/es\/#organization"},"potentialAction":[{"@type":"SearchAction","target":{"@type":"EntryPoint","urlTemplate":"https:\/\/latamjournalismreview.org\/es\/?s={search_term_string}"},"query-input":{"@type":"PropertyValueSpecification","valueRequired":true,"valueName":"search_term_string"}}],"inLanguage":"es"},{"@type":"Organization","@id":"https:\/\/latamjournalismreview.org\/es\/#organization","name":"LatAm Journalism Review","url":"https:\/\/latamjournalismreview.org\/es\/","logo":{"@type":"ImageObject","inLanguage":"es","@id":"https:\/\/latamjournalismreview.org\/es\/#\/schema\/logo\/image\/","url":"https:\/\/latamjournalismreview.org\/wp-content\/uploads\/2020\/05\/knight-latAm-review-logo.svg","contentUrl":"https:\/\/latamjournalismreview.org\/wp-content\/uploads\/2020\/05\/knight-latAm-review-logo.svg","width":"1024","height":"1024","caption":"LatAm Journalism Review"},"image":{"@id":"https:\/\/latamjournalismreview.org\/es\/#\/schema\/logo\/image\/"},"sameAs":["https:\/\/x.com\/LatAmJournalism"]},{"@type":"Person","@id":"https:\/\/latamjournalismreview.org\/es\/#\/schema\/person\/f98b544e2f231a237f39a56cc9a00a9a","name":"Carolina de Assis","description":"Carolina de Assis is a Brazilian journalist and researcher who lives in Juiz de Fora, MG, Brazil. She holds a master's degree in Women\u2019s and Gender Studies from the GEMMA Programme \u2013 Universit\u00e0 di Bologna (Italy) \/ Universiteit Utrecht (The Netherlands) and has worked as an editor at G\u00eanero e N\u00famero, a Brazilian digital magazine focused on data journalism and gender issues. She is especially interested in journalistic initiatives aimed at promoting human rights and gender justice. You can find her on Twitter: @caroldeassis _________ Carolina de Assis es una periodista e investigadora brasile\u00f1a que vive en Juiz de Fora, MG, Brasil . Tiene una maestr\u00eda en Estudios de las Mujeres y de G\u00e9nero del programa GEMMA \u2013 Universit\u00e0 di Bologna (Italia) \/ Universiteit Utrecht (Holanda). Trabaj\u00f3 como editora en la revista digital brasile\u00f1a G\u00eanero e N\u00famero. Le interesan especialmente iniciativas period\u00edsticas que tienen el objetivo de promover los derechos humanos y la justicia de g\u00e9nero. Puedes encontrarla en Twitter: @caroldeassis. _______ Carolina de Assis \u00e9 uma jornalista e pesquisadora brasileira que vive em Juiz de Fora (MG). \u00c9 mestra em Estudos da Mulher e de G\u00eanero pelo programa GEMMA \u2013 Universit\u00e0 di Bologna (It\u00e1lia) \/ Universiteit Utrecht (Holanda). Trabalhou como editora na revista digital G\u00eanero e N\u00famero e se interessa especialmente por iniciativas jornal\u00edsticas que promovam os direitos humanos e a justi\u00e7a de g\u00eanero. Voc\u00ea pode encontr\u00e1-la no Twitter em @caroldeassis.","url":"https:\/\/latamjournalismreview.org\/es\/articles\/author\/carolina-de-assis\/"}]}},"_links":{"self":[{"href":"https:\/\/latamjournalismreview.org\/es\/wp-json\/wp\/v2\/posts\/54738","targetHints":{"allow":["GET"]}}],"collection":[{"href":"https:\/\/latamjournalismreview.org\/es\/wp-json\/wp\/v2\/posts"}],"about":[{"href":"https:\/\/latamjournalismreview.org\/es\/wp-json\/wp\/v2\/types\/post"}],"author":[{"embeddable":true,"href":"https:\/\/latamjournalismreview.org\/es\/wp-json\/wp\/v2\/users\/16"}],"replies":[{"embeddable":true,"href":"https:\/\/latamjournalismreview.org\/es\/wp-json\/wp\/v2\/comments?post=54738"}],"version-history":[{"count":1,"href":"https:\/\/latamjournalismreview.org\/es\/wp-json\/wp\/v2\/posts\/54738\/revisions"}],"predecessor-version":[{"id":54739,"href":"https:\/\/latamjournalismreview.org\/es\/wp-json\/wp\/v2\/posts\/54738\/revisions\/54739"}],"wp:attachment":[{"href":"https:\/\/latamjournalismreview.org\/es\/wp-json\/wp\/v2\/media?parent=54738"}],"wp:term":[{"taxonomy":"category","embeddable":true,"href":"https:\/\/latamjournalismreview.org\/es\/wp-json\/wp\/v2\/categories?post=54738"},{"taxonomy":"post_tag","embeddable":true,"href":"https:\/\/latamjournalismreview.org\/es\/wp-json\/wp\/v2\/tags?post=54738"},{"taxonomy":"author","embeddable":true,"href":"https:\/\/latamjournalismreview.org\/es\/wp-json\/wp\/v2\/coauthors?post=54738"}],"curies":[{"name":"wp","href":"https:\/\/api.w.org\/{rel}","templated":true}]}}