{"id":54827,"date":"2017-10-06T12:34:25","date_gmt":"2017-10-06T17:34:25","guid":{"rendered":"https:\/\/latamjournalismreview.org\/?p=54827"},"modified":"2022-05-23T12:35:03","modified_gmt":"2022-05-23T17:35:03","slug":"fotoperiodista-mexicano-es-encontrado-muerto-luego-de-ser-secuestrado-en-san-luis-potosi","status":"publish","type":"post","link":"https:\/\/latamjournalismreview.org\/es\/articles\/fotoperiodista-mexicano-es-encontrado-muerto-luego-de-ser-secuestrado-en-san-luis-potosi\/","title":{"rendered":"Fotoperiodista mexicano es encontrado muerto luego de ser secuestrado en San Luis Potos\u00ed"},"content":{"rendered":"<p>El fotoperiodista Edgar Daniel Esqueda Castro fue encontrado muerto el 6 de octubre en San Luis Potos\u00ed, en el centro de M\u00e9xico, un d\u00eda despu\u00e9s de haber sido secuestrado por hombres que presuntamente se identificaron como polic\u00edas.<\/p>\n<p>El cuerpo de Esqueda Castro fue encontrado cerca del aeropuerto internacional Ponciano Arriaga,\u00a0<a href=\"http:\/\/www.eluniversal.com.mx\/estados\/hallan-cuerpo-del-reportero-grafico-secuestrado-en-slp\" target=\"_blank\" rel=\"noopener\">mostrando huellas de tortura y ejecuci\u00f3n<\/a>, seg\u00fan El Universal.<\/p>\n<p dir=\"ltr\">La Procuradur\u00eda General de Justicia del Estado (PGJE) de San Luis Potos\u00ed confirm\u00f3 la muerte del fotoperiodista luego de que sus familiares reconocieron su cuerpo, a\u00f1adi\u00f3 el peri\u00f3dico.<\/p>\n<p>\u201c<a href=\"https:\/\/www.facebook.com\/MetropoliSanLuis\/photos\/rpp.234021056716453\/1413343422117538\/?type=3&amp;theater\" target=\"_blank\" rel=\"noopener\">Amigo, hoy te perdimos, te quitaron la vida de una forma tan cobarde<\/a>, t\u00fa salvaste muchas de forma tan valiente, s\u00e9 que descansas ya en paz\u201d, public\u00f3 Metropoli San Luis, uno de los medios para el cual trabajaba Esqueda Castro, al anunciar el hallazgo de su cuerpo el 6 de octubre. \u201cEstamos con su familia, con su hija Daniela de un a\u00f1o. NO SE MATA A LA VERDAD MATANDO PERIODISTAS\u201d.<\/p>\n<p>El medio public\u00f3 un video que mostraba a\u00a0<a href=\"https:\/\/www.facebook.com\/MetropoliSanLuis\/videos\/1413393655445848\/\" target=\"_blank\" rel=\"noopener\">periodistas de varios medios guardando un minuto de silencio por Esqueda Castro<\/a>, en las afueras del Palacio de Gobierno del Estado. Los periodistas portaban carteles que dec\u00edan \u201cNi Uno M\u00e1s\u201d y \u201cSigo yo\u201d.<\/p>\n<p>Seg\u00fan informaron los familiares de Esqueda Castro, el d\u00eda 5 por la ma\u00f1ana,\u00a0<a href=\"http:\/\/subrayado.mx\/leer?id=3089\" target=\"_blank\" rel=\"noopener\">hombres armados que se identificaron como agentes de la Polic\u00eda Ministerial<\/a>\u00a0ingresaron violentamente al domicilio del fotoperiodista y su familia y se lo llevaron, report\u00f3 Subrayado.<\/p>\n<p>El mismo d\u00eda, la PGJE difundi\u00f3 un comunicado en su cuenta de Twitter a trav\u00e9s del cual la Polic\u00eda Ministerial del Estado de San Luis Potos\u00ed\u00a0<a href=\"https:\/\/twitter.com\/PGJE_SLP\/status\/915970148237942784\" target=\"_blank\" rel=\"noopener\">neg\u00f3 haber realizado alguna acci\u00f3n policial contra el fotoperiodista<\/a>.<\/p>\n<p>Esqueda Castro cubr\u00eda temas policiales y de sociedad para los medios locales\u00a0<a href=\"http:\/\/metropolisanluis.com\/2017\/10\/carreras-senala-que-su-gobierno-ya-esta-trabajando-en-el-tema-del-periodista-secuestrado\/\" target=\"_blank\" rel=\"noopener\">Metropoli San Luis<\/a>\u00a0y\u00a0<a href=\"http:\/\/voxpopulislp.com\/2017\/10\/05\/carreras-senala-gobierno-ya-esta-trabajando-tema-del-periodista-secuestrado\/\" target=\"_blank\" rel=\"noopener\">Vox Populi<\/a>. Ambos medios reportaron que el fotoperiodista hab\u00eda recibido anteriormente amenazas en su trabajo por parte de oficiales de la polic\u00eda ministerial, quienes hasta le llegaron a decir que lo secuestrar\u00edan.<\/p>\n<p>Debido a las amenazas,\u00a0<a href=\"http:\/\/metropolisanluis.com\/2017\/10\/carreras-senala-que-su-gobierno-ya-esta-trabajando-en-el-tema-del-periodista-secuestrado\/\" target=\"_blank\" rel=\"noopener\">el fotoperiodista hab\u00eda presentado una queja<\/a>\u00a0ante la Comisi\u00f3n Estatal de Derechos Humanos y la Comisi\u00f3n Estatal de Protecci\u00f3n a Periodistas del Estado de San Luis Potos\u00ed, report\u00f3 Metropoli.<\/p>\n<p>Antes de ser encontrado el cuerpo del fotoperiodista, el gobernador del Estado, Juan Manuel Carreras, dijo que su gobierno estaba trabajando en el caso en conjunto con la Procuradur\u00eda General de Justicia de San Luis Potos\u00ed, public\u00f3 Vox Populi.\u00a0<a href=\"http:\/\/voxpopulislp.com\/2017\/10\/05\/carreras-senala-gobierno-ya-esta-trabajando-tema-del-periodista-secuestrado\/\" target=\"_blank\" rel=\"noopener\">La Procuradur\u00eda General de la Rep\u00fablica y el Mecanismo Nacional de Protecci\u00f3n a Periodistas tambi\u00e9n hab\u00edan iniciado acciones<\/a>, se\u00f1al\u00f3 el medio.<\/p>\n<p>Seg\u00fan el\u00a0CPJ, solo en este a\u00f1o,\u00a0<a href=\"https:\/\/cpj.org\/es\/2017\/10\/fotografo-local-secuestrado-en-su-casa-en-la-zona-.php\" target=\"_blank\" rel=\"noopener\">al menos cuatro periodistas fueron asesinados en M\u00e9xico en represalia por su trabajo<\/a>, y el Comit\u00e9 est\u00e1 investigando las circunstancias de un quinto asesinato de periodista en el pa\u00eds.<\/p>\n<p dir=\"ltr\">Las organizaciones difieren en la cuenta de periodistas asesinados debido al uso de diferentes criterios. Algunos medios de comunicaci\u00f3n han reportado los asesinatos de por lo menos 11 periodistas en M\u00e9xico, solamente en este a\u00f1o.<\/p>\n<p><em>Nota del editor: Esta historia fue publicada originalmente en el blog Periodismo en las Am\u00e9ricas del Centro Knight, el predecesor de LatAm Journalism Review.<\/em><\/p>\n","protected":false},"excerpt":{"rendered":"<p>El fotoperiodista Edgar Daniel Esqueda Castro fue encontrado muerto el 6 de octubre en San Luis Potos\u00ed, en el centro de M\u00e9xico, un d\u00eda despu\u00e9s de haber sido secuestrado por hombres que presuntamente se identificaron como polic\u00edas.<\/p>\n","protected":false},"author":16,"featured_media":0,"comment_status":"closed","ping_status":"closed","sticky":false,"template":"","format":"standard","meta":{"inline_featured_image":false,"footnotes":""},"categories":[1222],"tags":[1479,1506,1393],"coauthors":[],"class_list":["post-54827","post","type-post","status-publish","format-standard","hentry","category-violencia-contra-periodistas-es","tag-asesinato-de-periodistas-es","tag-fotoperiodismo-es","tag-mexico-es"],"acf":[],"yoast_head":"<!-- This site is optimized with the Yoast SEO Premium plugin v22.6 (Yoast SEO v27.4) - https:\/\/yoast.com\/product\/yoast-seo-premium-wordpress\/ -->\n<title>Fotoperiodista mexicano es encontrado muerto luego de ser secuestrado en San Luis Potos\u00ed - LatAm Journalism Review<\/title>\n<meta name=\"description\" content=\"Fotoperiodista mexicano es encontrado muerto luego de ser secuestrado en San Luis Potos\u00ed Violencia contra periodistas. Latin American Journalism Review by The Knight Center at The University of Texas at Austin.\" \/>\n<meta name=\"robots\" content=\"index, follow, max-snippet:-1, max-image-preview:large, max-video-preview:-1\" \/>\n<link rel=\"canonical\" href=\"https:\/\/latamjournalismreview.org\/es\/articles\/fotoperiodista-mexicano-es-encontrado-muerto-luego-de-ser-secuestrado-en-san-luis-potosi\/\" \/>\n<meta property=\"og:locale\" content=\"es_ES\" \/>\n<meta property=\"og:type\" content=\"article\" \/>\n<meta property=\"og:title\" content=\"Fotoperiodista mexicano es encontrado muerto luego de ser secuestrado en San Luis Potos\u00ed\" \/>\n<meta property=\"og:description\" content=\"Fotoperiodista mexicano es encontrado muerto luego de ser secuestrado en San Luis Potos\u00ed Violencia contra periodistas. Latin American Journalism Review by The Knight Center at The University of Texas at Austin.\" \/>\n<meta property=\"og:url\" content=\"https:\/\/latamjournalismreview.org\/es\/articles\/fotoperiodista-mexicano-es-encontrado-muerto-luego-de-ser-secuestrado-en-san-luis-potosi\/\" \/>\n<meta property=\"og:site_name\" content=\"LatAm Journalism Review\" \/>\n<meta property=\"article:published_time\" content=\"2017-10-06T17:34:25+00:00\" \/>\n<meta property=\"article:modified_time\" content=\"2022-05-23T17:35:03+00:00\" \/>\n<meta name=\"author\" content=\"Carolina de Assis\" \/>\n<meta name=\"twitter:card\" content=\"summary_large_image\" \/>\n<meta name=\"twitter:creator\" content=\"@LatAmJournalism\" \/>\n<meta name=\"twitter:site\" content=\"@LatAmJournalism\" \/>\n<meta name=\"twitter:label1\" content=\"Written by\" \/>\n\t<meta name=\"twitter:data1\" content=\"Carolina de Assis\" \/>\n\t<meta name=\"twitter:label2\" content=\"Est. reading time\" \/>\n\t<meta name=\"twitter:data2\" content=\"3 minutos\" \/>\n<script type=\"application\/ld+json\" class=\"yoast-schema-graph\">{\"@context\":\"https:\\\/\\\/schema.org\",\"@graph\":[{\"@type\":\"Article\",\"@id\":\"https:\\\/\\\/latamjournalismreview.org\\\/es\\\/articles\\\/fotoperiodista-mexicano-es-encontrado-muerto-luego-de-ser-secuestrado-en-san-luis-potosi\\\/#article\",\"isPartOf\":{\"@id\":\"https:\\\/\\\/latamjournalismreview.org\\\/es\\\/articles\\\/fotoperiodista-mexicano-es-encontrado-muerto-luego-de-ser-secuestrado-en-san-luis-potosi\\\/\"},\"author\":{\"name\":\"Carolina de Assis\",\"@id\":\"https:\\\/\\\/latamjournalismreview.org\\\/es\\\/#\\\/schema\\\/person\\\/f98b544e2f231a237f39a56cc9a00a9a\"},\"headline\":\"Fotoperiodista mexicano es encontrado muerto luego de ser secuestrado en San Luis Potos\u00ed\",\"datePublished\":\"2017-10-06T17:34:25+00:00\",\"dateModified\":\"2022-05-23T17:35:03+00:00\",\"mainEntityOfPage\":{\"@id\":\"https:\\\/\\\/latamjournalismreview.org\\\/es\\\/articles\\\/fotoperiodista-mexicano-es-encontrado-muerto-luego-de-ser-secuestrado-en-san-luis-potosi\\\/\"},\"wordCount\":560,\"publisher\":{\"@id\":\"https:\\\/\\\/latamjournalismreview.org\\\/es\\\/#organization\"},\"keywords\":[\"Asesinato de periodista\",\"Fotoperiodismo\",\"M\u00e9xico\"],\"articleSection\":[\"Violencia contra periodistas\"],\"inLanguage\":\"es\"},{\"@type\":\"WebPage\",\"@id\":\"https:\\\/\\\/latamjournalismreview.org\\\/es\\\/articles\\\/fotoperiodista-mexicano-es-encontrado-muerto-luego-de-ser-secuestrado-en-san-luis-potosi\\\/\",\"url\":\"https:\\\/\\\/latamjournalismreview.org\\\/es\\\/articles\\\/fotoperiodista-mexicano-es-encontrado-muerto-luego-de-ser-secuestrado-en-san-luis-potosi\\\/\",\"name\":\"Fotoperiodista mexicano es encontrado muerto luego de ser secuestrado en San Luis Potos\u00ed - LatAm Journalism Review\",\"isPartOf\":{\"@id\":\"https:\\\/\\\/latamjournalismreview.org\\\/es\\\/#website\"},\"datePublished\":\"2017-10-06T17:34:25+00:00\",\"dateModified\":\"2022-05-23T17:35:03+00:00\",\"description\":\"Fotoperiodista mexicano es encontrado muerto luego de ser secuestrado en San Luis Potos\u00ed Violencia contra periodistas. Latin American Journalism Review by The Knight Center at The University of Texas at Austin.\",\"breadcrumb\":{\"@id\":\"https:\\\/\\\/latamjournalismreview.org\\\/es\\\/articles\\\/fotoperiodista-mexicano-es-encontrado-muerto-luego-de-ser-secuestrado-en-san-luis-potosi\\\/#breadcrumb\"},\"inLanguage\":\"es\",\"potentialAction\":[{\"@type\":\"ReadAction\",\"target\":[\"https:\\\/\\\/latamjournalismreview.org\\\/es\\\/articles\\\/fotoperiodista-mexicano-es-encontrado-muerto-luego-de-ser-secuestrado-en-san-luis-potosi\\\/\"]}]},{\"@type\":\"BreadcrumbList\",\"@id\":\"https:\\\/\\\/latamjournalismreview.org\\\/es\\\/articles\\\/fotoperiodista-mexicano-es-encontrado-muerto-luego-de-ser-secuestrado-en-san-luis-potosi\\\/#breadcrumb\",\"itemListElement\":[{\"@type\":\"ListItem\",\"position\":1,\"name\":\"Home\",\"item\":\"https:\\\/\\\/latamjournalismreview.org\\\/es\\\/\"},{\"@type\":\"ListItem\",\"position\":2,\"name\":\"Fotoperiodista mexicano es encontrado muerto luego de ser secuestrado en San Luis Potos\u00ed\"}]},{\"@type\":\"WebSite\",\"@id\":\"https:\\\/\\\/latamjournalismreview.org\\\/es\\\/#website\",\"url\":\"https:\\\/\\\/latamjournalismreview.org\\\/es\\\/\",\"name\":\"LatAm Journalism Review\",\"description\":\"Knight Center at The University of Texas\",\"publisher\":{\"@id\":\"https:\\\/\\\/latamjournalismreview.org\\\/es\\\/#organization\"},\"potentialAction\":[{\"@type\":\"SearchAction\",\"target\":{\"@type\":\"EntryPoint\",\"urlTemplate\":\"https:\\\/\\\/latamjournalismreview.org\\\/es\\\/?s={search_term_string}\"},\"query-input\":{\"@type\":\"PropertyValueSpecification\",\"valueRequired\":true,\"valueName\":\"search_term_string\"}}],\"inLanguage\":\"es\"},{\"@type\":\"Organization\",\"@id\":\"https:\\\/\\\/latamjournalismreview.org\\\/es\\\/#organization\",\"name\":\"LatAm Journalism Review\",\"url\":\"https:\\\/\\\/latamjournalismreview.org\\\/es\\\/\",\"logo\":{\"@type\":\"ImageObject\",\"inLanguage\":\"es\",\"@id\":\"https:\\\/\\\/latamjournalismreview.org\\\/es\\\/#\\\/schema\\\/logo\\\/image\\\/\",\"url\":\"https:\\\/\\\/latamjournalismreview.org\\\/wp-content\\\/uploads\\\/2020\\\/05\\\/knight-latAm-review-logo.svg\",\"contentUrl\":\"https:\\\/\\\/latamjournalismreview.org\\\/wp-content\\\/uploads\\\/2020\\\/05\\\/knight-latAm-review-logo.svg\",\"width\":\"1024\",\"height\":\"1024\",\"caption\":\"LatAm Journalism Review\"},\"image\":{\"@id\":\"https:\\\/\\\/latamjournalismreview.org\\\/es\\\/#\\\/schema\\\/logo\\\/image\\\/\"},\"sameAs\":[\"https:\\\/\\\/x.com\\\/LatAmJournalism\"]},{\"@type\":\"Person\",\"@id\":\"https:\\\/\\\/latamjournalismreview.org\\\/es\\\/#\\\/schema\\\/person\\\/f98b544e2f231a237f39a56cc9a00a9a\",\"name\":\"Carolina de Assis\",\"description\":\"Carolina de Assis is a Brazilian journalist and researcher who lives in Juiz de Fora, MG, Brazil. She holds a master's degree in Women\u2019s and Gender Studies from the GEMMA Programme \u2013 Universit\u00e0 di Bologna (Italy) \\\/ Universiteit Utrecht (The Netherlands) and has worked as an editor at G\u00eanero e N\u00famero, a Brazilian digital magazine focused on data journalism and gender issues. She is especially interested in journalistic initiatives aimed at promoting human rights and gender justice. You can find her on Twitter: @caroldeassis _________ Carolina de Assis es una periodista e investigadora brasile\u00f1a que vive en Juiz de Fora, MG, Brasil . Tiene una maestr\u00eda en Estudios de las Mujeres y de G\u00e9nero del programa GEMMA \u2013 Universit\u00e0 di Bologna (Italia) \\\/ Universiteit Utrecht (Holanda). Trabaj\u00f3 como editora en la revista digital brasile\u00f1a G\u00eanero e N\u00famero. Le interesan especialmente iniciativas period\u00edsticas que tienen el objetivo de promover los derechos humanos y la justicia de g\u00e9nero. Puedes encontrarla en Twitter: @caroldeassis. _______ Carolina de Assis \u00e9 uma jornalista e pesquisadora brasileira que vive em Juiz de Fora (MG). \u00c9 mestra em Estudos da Mulher e de G\u00eanero pelo programa GEMMA \u2013 Universit\u00e0 di Bologna (It\u00e1lia) \\\/ Universiteit Utrecht (Holanda). Trabalhou como editora na revista digital G\u00eanero e N\u00famero e se interessa especialmente por iniciativas jornal\u00edsticas que promovam os direitos humanos e a justi\u00e7a de g\u00eanero. Voc\u00ea pode encontr\u00e1-la no Twitter em @caroldeassis.\",\"url\":\"https:\\\/\\\/latamjournalismreview.org\\\/es\\\/articles\\\/author\\\/carolina-de-assis\\\/\"}]}<\/script>\n<!-- \/ Yoast SEO Premium plugin. -->","yoast_head_json":{"title":"Fotoperiodista mexicano es encontrado muerto luego de ser secuestrado en San Luis Potos\u00ed - LatAm Journalism Review","description":"Fotoperiodista mexicano es encontrado muerto luego de ser secuestrado en San Luis Potos\u00ed Violencia contra periodistas. Latin American Journalism Review by The Knight Center at The University of Texas at Austin.","robots":{"index":"index","follow":"follow","max-snippet":"max-snippet:-1","max-image-preview":"max-image-preview:large","max-video-preview":"max-video-preview:-1"},"canonical":"https:\/\/latamjournalismreview.org\/es\/articles\/fotoperiodista-mexicano-es-encontrado-muerto-luego-de-ser-secuestrado-en-san-luis-potosi\/","og_locale":"es_ES","og_type":"article","og_title":"Fotoperiodista mexicano es encontrado muerto luego de ser secuestrado en San Luis Potos\u00ed","og_description":"Fotoperiodista mexicano es encontrado muerto luego de ser secuestrado en San Luis Potos\u00ed Violencia contra periodistas. Latin American Journalism Review by The Knight Center at The University of Texas at Austin.","og_url":"https:\/\/latamjournalismreview.org\/es\/articles\/fotoperiodista-mexicano-es-encontrado-muerto-luego-de-ser-secuestrado-en-san-luis-potosi\/","og_site_name":"LatAm Journalism Review","article_published_time":"2017-10-06T17:34:25+00:00","article_modified_time":"2022-05-23T17:35:03+00:00","author":"Carolina de Assis","twitter_card":"summary_large_image","twitter_creator":"@LatAmJournalism","twitter_site":"@LatAmJournalism","twitter_misc":{"Written by":"Carolina de Assis","Est. reading time":"3 minutos"},"schema":{"@context":"https:\/\/schema.org","@graph":[{"@type":"Article","@id":"https:\/\/latamjournalismreview.org\/es\/articles\/fotoperiodista-mexicano-es-encontrado-muerto-luego-de-ser-secuestrado-en-san-luis-potosi\/#article","isPartOf":{"@id":"https:\/\/latamjournalismreview.org\/es\/articles\/fotoperiodista-mexicano-es-encontrado-muerto-luego-de-ser-secuestrado-en-san-luis-potosi\/"},"author":{"name":"Carolina de Assis","@id":"https:\/\/latamjournalismreview.org\/es\/#\/schema\/person\/f98b544e2f231a237f39a56cc9a00a9a"},"headline":"Fotoperiodista mexicano es encontrado muerto luego de ser secuestrado en San Luis Potos\u00ed","datePublished":"2017-10-06T17:34:25+00:00","dateModified":"2022-05-23T17:35:03+00:00","mainEntityOfPage":{"@id":"https:\/\/latamjournalismreview.org\/es\/articles\/fotoperiodista-mexicano-es-encontrado-muerto-luego-de-ser-secuestrado-en-san-luis-potosi\/"},"wordCount":560,"publisher":{"@id":"https:\/\/latamjournalismreview.org\/es\/#organization"},"keywords":["Asesinato de periodista","Fotoperiodismo","M\u00e9xico"],"articleSection":["Violencia contra periodistas"],"inLanguage":"es"},{"@type":"WebPage","@id":"https:\/\/latamjournalismreview.org\/es\/articles\/fotoperiodista-mexicano-es-encontrado-muerto-luego-de-ser-secuestrado-en-san-luis-potosi\/","url":"https:\/\/latamjournalismreview.org\/es\/articles\/fotoperiodista-mexicano-es-encontrado-muerto-luego-de-ser-secuestrado-en-san-luis-potosi\/","name":"Fotoperiodista mexicano es encontrado muerto luego de ser secuestrado en San Luis Potos\u00ed - LatAm Journalism Review","isPartOf":{"@id":"https:\/\/latamjournalismreview.org\/es\/#website"},"datePublished":"2017-10-06T17:34:25+00:00","dateModified":"2022-05-23T17:35:03+00:00","description":"Fotoperiodista mexicano es encontrado muerto luego de ser secuestrado en San Luis Potos\u00ed Violencia contra periodistas. Latin American Journalism Review by The Knight Center at The University of Texas at Austin.","breadcrumb":{"@id":"https:\/\/latamjournalismreview.org\/es\/articles\/fotoperiodista-mexicano-es-encontrado-muerto-luego-de-ser-secuestrado-en-san-luis-potosi\/#breadcrumb"},"inLanguage":"es","potentialAction":[{"@type":"ReadAction","target":["https:\/\/latamjournalismreview.org\/es\/articles\/fotoperiodista-mexicano-es-encontrado-muerto-luego-de-ser-secuestrado-en-san-luis-potosi\/"]}]},{"@type":"BreadcrumbList","@id":"https:\/\/latamjournalismreview.org\/es\/articles\/fotoperiodista-mexicano-es-encontrado-muerto-luego-de-ser-secuestrado-en-san-luis-potosi\/#breadcrumb","itemListElement":[{"@type":"ListItem","position":1,"name":"Home","item":"https:\/\/latamjournalismreview.org\/es\/"},{"@type":"ListItem","position":2,"name":"Fotoperiodista mexicano es encontrado muerto luego de ser secuestrado en San Luis Potos\u00ed"}]},{"@type":"WebSite","@id":"https:\/\/latamjournalismreview.org\/es\/#website","url":"https:\/\/latamjournalismreview.org\/es\/","name":"LatAm Journalism Review","description":"Knight Center at The University of Texas","publisher":{"@id":"https:\/\/latamjournalismreview.org\/es\/#organization"},"potentialAction":[{"@type":"SearchAction","target":{"@type":"EntryPoint","urlTemplate":"https:\/\/latamjournalismreview.org\/es\/?s={search_term_string}"},"query-input":{"@type":"PropertyValueSpecification","valueRequired":true,"valueName":"search_term_string"}}],"inLanguage":"es"},{"@type":"Organization","@id":"https:\/\/latamjournalismreview.org\/es\/#organization","name":"LatAm Journalism Review","url":"https:\/\/latamjournalismreview.org\/es\/","logo":{"@type":"ImageObject","inLanguage":"es","@id":"https:\/\/latamjournalismreview.org\/es\/#\/schema\/logo\/image\/","url":"https:\/\/latamjournalismreview.org\/wp-content\/uploads\/2020\/05\/knight-latAm-review-logo.svg","contentUrl":"https:\/\/latamjournalismreview.org\/wp-content\/uploads\/2020\/05\/knight-latAm-review-logo.svg","width":"1024","height":"1024","caption":"LatAm Journalism Review"},"image":{"@id":"https:\/\/latamjournalismreview.org\/es\/#\/schema\/logo\/image\/"},"sameAs":["https:\/\/x.com\/LatAmJournalism"]},{"@type":"Person","@id":"https:\/\/latamjournalismreview.org\/es\/#\/schema\/person\/f98b544e2f231a237f39a56cc9a00a9a","name":"Carolina de Assis","description":"Carolina de Assis is a Brazilian journalist and researcher who lives in Juiz de Fora, MG, Brazil. She holds a master's degree in Women\u2019s and Gender Studies from the GEMMA Programme \u2013 Universit\u00e0 di Bologna (Italy) \/ Universiteit Utrecht (The Netherlands) and has worked as an editor at G\u00eanero e N\u00famero, a Brazilian digital magazine focused on data journalism and gender issues. She is especially interested in journalistic initiatives aimed at promoting human rights and gender justice. You can find her on Twitter: @caroldeassis _________ Carolina de Assis es una periodista e investigadora brasile\u00f1a que vive en Juiz de Fora, MG, Brasil . Tiene una maestr\u00eda en Estudios de las Mujeres y de G\u00e9nero del programa GEMMA \u2013 Universit\u00e0 di Bologna (Italia) \/ Universiteit Utrecht (Holanda). Trabaj\u00f3 como editora en la revista digital brasile\u00f1a G\u00eanero e N\u00famero. Le interesan especialmente iniciativas period\u00edsticas que tienen el objetivo de promover los derechos humanos y la justicia de g\u00e9nero. Puedes encontrarla en Twitter: @caroldeassis. _______ Carolina de Assis \u00e9 uma jornalista e pesquisadora brasileira que vive em Juiz de Fora (MG). \u00c9 mestra em Estudos da Mulher e de G\u00eanero pelo programa GEMMA \u2013 Universit\u00e0 di Bologna (It\u00e1lia) \/ Universiteit Utrecht (Holanda). Trabalhou como editora na revista digital G\u00eanero e N\u00famero e se interessa especialmente por iniciativas jornal\u00edsticas que promovam os direitos humanos e a justi\u00e7a de g\u00eanero. Voc\u00ea pode encontr\u00e1-la no Twitter em @caroldeassis.","url":"https:\/\/latamjournalismreview.org\/es\/articles\/author\/carolina-de-assis\/"}]}},"_links":{"self":[{"href":"https:\/\/latamjournalismreview.org\/es\/wp-json\/wp\/v2\/posts\/54827","targetHints":{"allow":["GET"]}}],"collection":[{"href":"https:\/\/latamjournalismreview.org\/es\/wp-json\/wp\/v2\/posts"}],"about":[{"href":"https:\/\/latamjournalismreview.org\/es\/wp-json\/wp\/v2\/types\/post"}],"author":[{"embeddable":true,"href":"https:\/\/latamjournalismreview.org\/es\/wp-json\/wp\/v2\/users\/16"}],"replies":[{"embeddable":true,"href":"https:\/\/latamjournalismreview.org\/es\/wp-json\/wp\/v2\/comments?post=54827"}],"version-history":[{"count":1,"href":"https:\/\/latamjournalismreview.org\/es\/wp-json\/wp\/v2\/posts\/54827\/revisions"}],"predecessor-version":[{"id":54828,"href":"https:\/\/latamjournalismreview.org\/es\/wp-json\/wp\/v2\/posts\/54827\/revisions\/54828"}],"wp:attachment":[{"href":"https:\/\/latamjournalismreview.org\/es\/wp-json\/wp\/v2\/media?parent=54827"}],"wp:term":[{"taxonomy":"category","embeddable":true,"href":"https:\/\/latamjournalismreview.org\/es\/wp-json\/wp\/v2\/categories?post=54827"},{"taxonomy":"post_tag","embeddable":true,"href":"https:\/\/latamjournalismreview.org\/es\/wp-json\/wp\/v2\/tags?post=54827"},{"taxonomy":"author","embeddable":true,"href":"https:\/\/latamjournalismreview.org\/es\/wp-json\/wp\/v2\/coauthors?post=54827"}],"curies":[{"name":"wp","href":"https:\/\/api.w.org\/{rel}","templated":true}]}}