{"id":54912,"date":"2017-11-20T13:35:17","date_gmt":"2017-11-20T18:35:17","guid":{"rendered":"https:\/\/latamjournalismreview.org\/?p=54912"},"modified":"2022-05-23T13:36:28","modified_gmt":"2022-05-23T18:36:28","slug":"camarografo-salvadoreno-es-asesinado-por-presuntos-pandilleros-fuera-de-una-iglesia","status":"publish","type":"post","link":"https:\/\/latamjournalismreview.org\/es\/articles\/camarografo-salvadoreno-es-asesinado-por-presuntos-pandilleros-fuera-de-una-iglesia\/","title":{"rendered":"Camar\u00f3grafo salvadore\u00f1o es asesinado por presuntos pandilleros fuera de una iglesia"},"content":{"rendered":"<p>Un camar\u00f3grafo salvadore\u00f1o\u00a0<a href=\"http:\/\/www.elsalvador.com\/fotogalerias\/noticias-fotogalerias\/419537\/samuel-rivas-camarografo-de-canal-21-que-fue-asesinado-en-en-ilopango\/\" target=\"_blank\" rel=\"noopener\">recibi\u00f3 varios disparos en la ma\u00f1ana del 16 de noviembre<\/a>\u00a0en Ilopango, un pueblo a menos de 16 kil\u00f3metros de San Salvador.<\/p>\n<p>Samuel Rivas, un camar\u00f3grafo de 28 a\u00f1os que laboraba en Canal 21 del Grupo Megavisi\u00f3n,\u00a0<a href=\"http:\/\/megavision.com.sv\/inicio\/index.php\/noticieros\/19-telenoticias21\/9666-asesinan-a-camarografo-de-grupo-megavision-en-ilopango\" target=\"_blank\" rel=\"noopener\">fue asesinado mientras trabajaba en la reconstrucci\u00f3n de una iglesia<\/a>, seg\u00fan Grupo Megavisi\u00f3n.<\/p>\n<p>El Fiscal General anunci\u00f3 que\u00a0<a href=\"http:\/\/www.elsalvador.com\/noticias\/nacional\/419880\/unidad-elite-de-la-fiscalia-tras-la-pista-de-los-asesinos-del-camarografo-del-canal-21\/\" target=\"_blank\" rel=\"noopener\">la Unidad Especial Antipandillas de la Fiscal\u00eda General de la Rep\u00fablica investigar\u00e1 el asesinato<\/a>, seg\u00fan inform\u00f3 ElSalvador.com.<\/p>\n<p>De acuerdo con el sitio, Roberto Hugo Preza, director de noticias del Grupo Megavisi\u00f3n, dijo que Rivas tuvo un altercado con pandilleros de la zona hace algunos meses.<\/p>\n<p>En un informe del Grupo Megavisi\u00f3n, la empresa declar\u00f3 que las investigaciones preliminares indicaban que Rivas fue asesinado por supuestos pandilleros que confundieron al periodista con otra persona. Sin embargo, la organizaci\u00f3n period\u00edstica tambi\u00e9n cit\u00f3 al fiscal del caso diciendo que fue un ataque directo a Rivas, quien recibi\u00f3 nueve impactos de bala.<\/p>\n<p>El Salvador Times escribi\u00f3 que\u00a0<a href=\"http:\/\/www.elsalvadortimes.com\/articulo\/la-nota-roja\/gremio-periodistico-consternado-asesinato-camarografo-canal-21\/20171116125419031640.html\" target=\"_blank\" rel=\"noopener\">colegas y amigos dijeron que Rivas recibi\u00f3 amenazas de miembros de pandillas.<\/a><\/p>\n<p>La Junta Directiva de la Asociaci\u00f3n de Periodistas de El Salvador\u00a0<a href=\"https:\/\/www.facebook.com\/APES-Asociaci%C3%B3n-de-Periodistas-de-El-Salvador-123853664102\/?hc_ref=ARSleY8j5kqliBST8cEEIYPtjk0Ac63glYZ0GbCXcYyeNb_dVh52vt_d3kz1VBJZ6P8&amp;fref=nf\" target=\"_blank\" rel=\"noopener\">conden\u00f3 el asesinato y exigi\u00f3 a las autoridades llevar a cabo una investigaci\u00f3n profunda<\/a>.<\/p>\n<p>Colegas de Rivas lo recordaron como una persona apasionada, dedicada, que le gustaba colaborar, seg\u00fan ElSalvador.com.<\/p>\n<p><em>Nota del editor: Esta historia fue publicada originalmente en el blog Periodismo en las Am\u00e9ricas del Centro Knight, el predecesor de LatAm Journalism Review.<\/em><\/p>\n","protected":false},"excerpt":{"rendered":"<p>Un camar\u00f3grafo salvadore\u00f1o\u00a0recibi\u00f3 varios disparos en la ma\u00f1ana del 16 de noviembre\u00a0en Ilopango, un pueblo a menos de 16 kil\u00f3metros de San Salvador.\u00a0<\/p>\n","protected":false},"author":3,"featured_media":0,"comment_status":"closed","ping_status":"closed","sticky":false,"template":"","format":"standard","meta":{"inline_featured_image":false,"footnotes":""},"categories":[1222],"tags":[1444],"coauthors":[],"class_list":["post-54912","post","type-post","status-publish","format-standard","hentry","category-violencia-contra-periodistas-es","tag-el-salvador-es"],"acf":[],"yoast_head":"<!-- This site is optimized with the Yoast SEO Premium plugin v22.6 (Yoast SEO v27.4) - https:\/\/yoast.com\/product\/yoast-seo-premium-wordpress\/ -->\n<title>Camar\u00f3grafo salvadore\u00f1o es asesinado por presuntos pandilleros fuera de una iglesia - LatAm Journalism Review<\/title>\n<meta name=\"description\" content=\"Camar\u00f3grafo salvadore\u00f1o es asesinado por presuntos pandilleros fuera de una iglesia Violencia contra periodistas. Latin American Journalism Review by The Knight Center at The University of Texas at Austin.\" \/>\n<meta name=\"robots\" content=\"index, follow, max-snippet:-1, max-image-preview:large, max-video-preview:-1\" \/>\n<link rel=\"canonical\" href=\"https:\/\/latamjournalismreview.org\/es\/articles\/camarografo-salvadoreno-es-asesinado-por-presuntos-pandilleros-fuera-de-una-iglesia\/\" \/>\n<meta property=\"og:locale\" content=\"es_ES\" \/>\n<meta property=\"og:type\" content=\"article\" \/>\n<meta property=\"og:title\" content=\"Camar\u00f3grafo salvadore\u00f1o es asesinado por presuntos pandilleros fuera de una iglesia\" \/>\n<meta property=\"og:description\" content=\"Camar\u00f3grafo salvadore\u00f1o es asesinado por presuntos pandilleros fuera de una iglesia Violencia contra periodistas. Latin American Journalism Review by The Knight Center at The University of Texas at Austin.\" \/>\n<meta property=\"og:url\" content=\"https:\/\/latamjournalismreview.org\/es\/articles\/camarografo-salvadoreno-es-asesinado-por-presuntos-pandilleros-fuera-de-una-iglesia\/\" \/>\n<meta property=\"og:site_name\" content=\"LatAm Journalism Review\" \/>\n<meta property=\"article:published_time\" content=\"2017-11-20T18:35:17+00:00\" \/>\n<meta property=\"article:modified_time\" content=\"2022-05-23T18:36:28+00:00\" \/>\n<meta name=\"author\" content=\"Teresa Mioli\" \/>\n<meta name=\"twitter:card\" content=\"summary_large_image\" \/>\n<meta name=\"twitter:creator\" content=\"@TeresaMioli\" \/>\n<meta name=\"twitter:site\" content=\"@LatAmJournalism\" \/>\n<meta name=\"twitter:label1\" content=\"Written by\" \/>\n\t<meta name=\"twitter:data1\" content=\"Teresa Mioli\" \/>\n\t<meta name=\"twitter:label2\" content=\"Est. reading time\" \/>\n\t<meta name=\"twitter:data2\" content=\"1 minuto\" \/>\n<script type=\"application\/ld+json\" class=\"yoast-schema-graph\">{\"@context\":\"https:\\\/\\\/schema.org\",\"@graph\":[{\"@type\":\"Article\",\"@id\":\"https:\\\/\\\/latamjournalismreview.org\\\/es\\\/articles\\\/camarografo-salvadoreno-es-asesinado-por-presuntos-pandilleros-fuera-de-una-iglesia\\\/#article\",\"isPartOf\":{\"@id\":\"https:\\\/\\\/latamjournalismreview.org\\\/es\\\/articles\\\/camarografo-salvadoreno-es-asesinado-por-presuntos-pandilleros-fuera-de-una-iglesia\\\/\"},\"author\":{\"name\":\"Teresa Mioli\",\"@id\":\"https:\\\/\\\/latamjournalismreview.org\\\/es\\\/#\\\/schema\\\/person\\\/b83a4912f05c8178389e917d8d51de03\"},\"headline\":\"Camar\u00f3grafo salvadore\u00f1o es asesinado por presuntos pandilleros fuera de una iglesia\",\"datePublished\":\"2017-11-20T18:35:17+00:00\",\"dateModified\":\"2022-05-23T18:36:28+00:00\",\"mainEntityOfPage\":{\"@id\":\"https:\\\/\\\/latamjournalismreview.org\\\/es\\\/articles\\\/camarografo-salvadoreno-es-asesinado-por-presuntos-pandilleros-fuera-de-una-iglesia\\\/\"},\"wordCount\":271,\"publisher\":{\"@id\":\"https:\\\/\\\/latamjournalismreview.org\\\/es\\\/#organization\"},\"keywords\":[\"El Salvador\"],\"articleSection\":[\"Violencia contra periodistas\"],\"inLanguage\":\"es\"},{\"@type\":\"WebPage\",\"@id\":\"https:\\\/\\\/latamjournalismreview.org\\\/es\\\/articles\\\/camarografo-salvadoreno-es-asesinado-por-presuntos-pandilleros-fuera-de-una-iglesia\\\/\",\"url\":\"https:\\\/\\\/latamjournalismreview.org\\\/es\\\/articles\\\/camarografo-salvadoreno-es-asesinado-por-presuntos-pandilleros-fuera-de-una-iglesia\\\/\",\"name\":\"Camar\u00f3grafo salvadore\u00f1o es asesinado por presuntos pandilleros fuera de una iglesia - LatAm Journalism Review\",\"isPartOf\":{\"@id\":\"https:\\\/\\\/latamjournalismreview.org\\\/es\\\/#website\"},\"datePublished\":\"2017-11-20T18:35:17+00:00\",\"dateModified\":\"2022-05-23T18:36:28+00:00\",\"description\":\"Camar\u00f3grafo salvadore\u00f1o es asesinado por presuntos pandilleros fuera de una iglesia Violencia contra periodistas. Latin American Journalism Review by The Knight Center at The University of Texas at Austin.\",\"breadcrumb\":{\"@id\":\"https:\\\/\\\/latamjournalismreview.org\\\/es\\\/articles\\\/camarografo-salvadoreno-es-asesinado-por-presuntos-pandilleros-fuera-de-una-iglesia\\\/#breadcrumb\"},\"inLanguage\":\"es\",\"potentialAction\":[{\"@type\":\"ReadAction\",\"target\":[\"https:\\\/\\\/latamjournalismreview.org\\\/es\\\/articles\\\/camarografo-salvadoreno-es-asesinado-por-presuntos-pandilleros-fuera-de-una-iglesia\\\/\"]}]},{\"@type\":\"BreadcrumbList\",\"@id\":\"https:\\\/\\\/latamjournalismreview.org\\\/es\\\/articles\\\/camarografo-salvadoreno-es-asesinado-por-presuntos-pandilleros-fuera-de-una-iglesia\\\/#breadcrumb\",\"itemListElement\":[{\"@type\":\"ListItem\",\"position\":1,\"name\":\"Home\",\"item\":\"https:\\\/\\\/latamjournalismreview.org\\\/es\\\/\"},{\"@type\":\"ListItem\",\"position\":2,\"name\":\"Camar\u00f3grafo salvadore\u00f1o es asesinado por presuntos pandilleros fuera de una iglesia\"}]},{\"@type\":\"WebSite\",\"@id\":\"https:\\\/\\\/latamjournalismreview.org\\\/es\\\/#website\",\"url\":\"https:\\\/\\\/latamjournalismreview.org\\\/es\\\/\",\"name\":\"LatAm Journalism Review\",\"description\":\"Knight Center at The University of Texas\",\"publisher\":{\"@id\":\"https:\\\/\\\/latamjournalismreview.org\\\/es\\\/#organization\"},\"potentialAction\":[{\"@type\":\"SearchAction\",\"target\":{\"@type\":\"EntryPoint\",\"urlTemplate\":\"https:\\\/\\\/latamjournalismreview.org\\\/es\\\/?s={search_term_string}\"},\"query-input\":{\"@type\":\"PropertyValueSpecification\",\"valueRequired\":true,\"valueName\":\"search_term_string\"}}],\"inLanguage\":\"es\"},{\"@type\":\"Organization\",\"@id\":\"https:\\\/\\\/latamjournalismreview.org\\\/es\\\/#organization\",\"name\":\"LatAm Journalism Review\",\"url\":\"https:\\\/\\\/latamjournalismreview.org\\\/es\\\/\",\"logo\":{\"@type\":\"ImageObject\",\"inLanguage\":\"es\",\"@id\":\"https:\\\/\\\/latamjournalismreview.org\\\/es\\\/#\\\/schema\\\/logo\\\/image\\\/\",\"url\":\"https:\\\/\\\/latamjournalismreview.org\\\/wp-content\\\/uploads\\\/2020\\\/05\\\/knight-latAm-review-logo.svg\",\"contentUrl\":\"https:\\\/\\\/latamjournalismreview.org\\\/wp-content\\\/uploads\\\/2020\\\/05\\\/knight-latAm-review-logo.svg\",\"width\":\"1024\",\"height\":\"1024\",\"caption\":\"LatAm Journalism Review\"},\"image\":{\"@id\":\"https:\\\/\\\/latamjournalismreview.org\\\/es\\\/#\\\/schema\\\/logo\\\/image\\\/\"},\"sameAs\":[\"https:\\\/\\\/x.com\\\/LatAmJournalism\"]},{\"@type\":\"Person\",\"@id\":\"https:\\\/\\\/latamjournalismreview.org\\\/es\\\/#\\\/schema\\\/person\\\/b83a4912f05c8178389e917d8d51de03\",\"name\":\"Teresa Mioli\",\"description\":\"Teresa Mioli is the editorial manager for the Knight Center for Journalism in the Americas. She is interested in press freedom, democratization, and investigative journalism in Latin America and is dedicated to increasing awareness about the importance of independent news media to the health of democracies. She produces journalistic work with the aim of helping people to make informed decisions about their lives and societies and wants to make sure other journalists are able to do the same. She has Bachelors' degrees in Journalism and Plan II Honors (Liberal Arts) and a Master's degree in Latin American Studies, all from the University of Texas at Austin. She started her journalistic career at The Beaumont Enterprise in Southeast Texas where she last worked as a breaking news reporter. ______ Teresa Mioli es la directora editorial del Centro Knight para el Periodismo en las Am\u00e9ricas. Es una periodista con inter\u00e9s en la libertad de prensa, la democratizaci\u00f3n y el periodismo investigativo en Am\u00e9rica Latina y est\u00e1 dedicada a crear mayor consciencia sobre la importancia de los medios noticiosos independientes para la salud de las democracias. El objetivo de su trabajo period\u00edstico es ayudar las personas para que tomen decisiones informadas sobre sus vidas y sus sociedades, y busca que otros periodistas tengan la posibilidad de hacer lo mismo. Teresa tiene una licenciatura en Periodismo y Artes liberales (Plan II Honors), y una maestr\u00eda en Estudios Latinoamericanos, todos de la Universidad de Texas en Austin. Empez\u00f3 su carrera en periodismo en The Beaumont Enterprise al sureste de Texas, en donde recientemente trabaj\u00f3 como reportera de noticias de \u00faltima hora. Anteriormente ella fue la editora de LatAm Journalism Review del Centro Knight. ______ Teresa Mioli \u00e9 gerente editorial do Centro Knight para o Jornalismo nas Am\u00e9ricas. Ela se interessa por liberdade de imprensa, democratiza\u00e7\u00e3o e jornalismo investigativo na Am\u00e9rica Latina e se dedica a aumentar a conscientiza\u00e7\u00e3o sobre a import\u00e2ncia da m\u00eddia independente para a sa\u00fade das democracias. Ela produz trabalhos jornal\u00edsticos com o objetivo de ajudar as pessoas a tomarem decis\u00f5es informadas sobre suas vidas e sociedades e deseja garantir que outros jornalistas possam fazer o mesmo. Ela tem bacharelado em jornalismo e artes liberais e um mestrado em Estudos Latino-Americanos, todos pela Universidade do Texas em Austin. Ela come\u00e7ou sua carreira jornal\u00edstica na The Beaumont Enterprise no sudeste do Texas, onde trabalhou pela \u00faltima vez como rep\u00f3rter de not\u00edcias de \u00faltima hora.\",\"sameAs\":[\"https:\\\/\\\/x.com\\\/TeresaMioli\"],\"url\":\"https:\\\/\\\/latamjournalismreview.org\\\/es\\\/articles\\\/author\\\/teresa-mioli\\\/\"}]}<\/script>\n<!-- \/ Yoast SEO Premium plugin. -->","yoast_head_json":{"title":"Camar\u00f3grafo salvadore\u00f1o es asesinado por presuntos pandilleros fuera de una iglesia - LatAm Journalism Review","description":"Camar\u00f3grafo salvadore\u00f1o es asesinado por presuntos pandilleros fuera de una iglesia Violencia contra periodistas. Latin American Journalism Review by The Knight Center at The University of Texas at Austin.","robots":{"index":"index","follow":"follow","max-snippet":"max-snippet:-1","max-image-preview":"max-image-preview:large","max-video-preview":"max-video-preview:-1"},"canonical":"https:\/\/latamjournalismreview.org\/es\/articles\/camarografo-salvadoreno-es-asesinado-por-presuntos-pandilleros-fuera-de-una-iglesia\/","og_locale":"es_ES","og_type":"article","og_title":"Camar\u00f3grafo salvadore\u00f1o es asesinado por presuntos pandilleros fuera de una iglesia","og_description":"Camar\u00f3grafo salvadore\u00f1o es asesinado por presuntos pandilleros fuera de una iglesia Violencia contra periodistas. Latin American Journalism Review by The Knight Center at The University of Texas at Austin.","og_url":"https:\/\/latamjournalismreview.org\/es\/articles\/camarografo-salvadoreno-es-asesinado-por-presuntos-pandilleros-fuera-de-una-iglesia\/","og_site_name":"LatAm Journalism Review","article_published_time":"2017-11-20T18:35:17+00:00","article_modified_time":"2022-05-23T18:36:28+00:00","author":"Teresa Mioli","twitter_card":"summary_large_image","twitter_creator":"@TeresaMioli","twitter_site":"@LatAmJournalism","twitter_misc":{"Written by":"Teresa Mioli","Est. reading time":"1 minuto"},"schema":{"@context":"https:\/\/schema.org","@graph":[{"@type":"Article","@id":"https:\/\/latamjournalismreview.org\/es\/articles\/camarografo-salvadoreno-es-asesinado-por-presuntos-pandilleros-fuera-de-una-iglesia\/#article","isPartOf":{"@id":"https:\/\/latamjournalismreview.org\/es\/articles\/camarografo-salvadoreno-es-asesinado-por-presuntos-pandilleros-fuera-de-una-iglesia\/"},"author":{"name":"Teresa Mioli","@id":"https:\/\/latamjournalismreview.org\/es\/#\/schema\/person\/b83a4912f05c8178389e917d8d51de03"},"headline":"Camar\u00f3grafo salvadore\u00f1o es asesinado por presuntos pandilleros fuera de una iglesia","datePublished":"2017-11-20T18:35:17+00:00","dateModified":"2022-05-23T18:36:28+00:00","mainEntityOfPage":{"@id":"https:\/\/latamjournalismreview.org\/es\/articles\/camarografo-salvadoreno-es-asesinado-por-presuntos-pandilleros-fuera-de-una-iglesia\/"},"wordCount":271,"publisher":{"@id":"https:\/\/latamjournalismreview.org\/es\/#organization"},"keywords":["El Salvador"],"articleSection":["Violencia contra periodistas"],"inLanguage":"es"},{"@type":"WebPage","@id":"https:\/\/latamjournalismreview.org\/es\/articles\/camarografo-salvadoreno-es-asesinado-por-presuntos-pandilleros-fuera-de-una-iglesia\/","url":"https:\/\/latamjournalismreview.org\/es\/articles\/camarografo-salvadoreno-es-asesinado-por-presuntos-pandilleros-fuera-de-una-iglesia\/","name":"Camar\u00f3grafo salvadore\u00f1o es asesinado por presuntos pandilleros fuera de una iglesia - LatAm Journalism Review","isPartOf":{"@id":"https:\/\/latamjournalismreview.org\/es\/#website"},"datePublished":"2017-11-20T18:35:17+00:00","dateModified":"2022-05-23T18:36:28+00:00","description":"Camar\u00f3grafo salvadore\u00f1o es asesinado por presuntos pandilleros fuera de una iglesia Violencia contra periodistas. Latin American Journalism Review by The Knight Center at The University of Texas at Austin.","breadcrumb":{"@id":"https:\/\/latamjournalismreview.org\/es\/articles\/camarografo-salvadoreno-es-asesinado-por-presuntos-pandilleros-fuera-de-una-iglesia\/#breadcrumb"},"inLanguage":"es","potentialAction":[{"@type":"ReadAction","target":["https:\/\/latamjournalismreview.org\/es\/articles\/camarografo-salvadoreno-es-asesinado-por-presuntos-pandilleros-fuera-de-una-iglesia\/"]}]},{"@type":"BreadcrumbList","@id":"https:\/\/latamjournalismreview.org\/es\/articles\/camarografo-salvadoreno-es-asesinado-por-presuntos-pandilleros-fuera-de-una-iglesia\/#breadcrumb","itemListElement":[{"@type":"ListItem","position":1,"name":"Home","item":"https:\/\/latamjournalismreview.org\/es\/"},{"@type":"ListItem","position":2,"name":"Camar\u00f3grafo salvadore\u00f1o es asesinado por presuntos pandilleros fuera de una iglesia"}]},{"@type":"WebSite","@id":"https:\/\/latamjournalismreview.org\/es\/#website","url":"https:\/\/latamjournalismreview.org\/es\/","name":"LatAm Journalism Review","description":"Knight Center at The University of Texas","publisher":{"@id":"https:\/\/latamjournalismreview.org\/es\/#organization"},"potentialAction":[{"@type":"SearchAction","target":{"@type":"EntryPoint","urlTemplate":"https:\/\/latamjournalismreview.org\/es\/?s={search_term_string}"},"query-input":{"@type":"PropertyValueSpecification","valueRequired":true,"valueName":"search_term_string"}}],"inLanguage":"es"},{"@type":"Organization","@id":"https:\/\/latamjournalismreview.org\/es\/#organization","name":"LatAm Journalism Review","url":"https:\/\/latamjournalismreview.org\/es\/","logo":{"@type":"ImageObject","inLanguage":"es","@id":"https:\/\/latamjournalismreview.org\/es\/#\/schema\/logo\/image\/","url":"https:\/\/latamjournalismreview.org\/wp-content\/uploads\/2020\/05\/knight-latAm-review-logo.svg","contentUrl":"https:\/\/latamjournalismreview.org\/wp-content\/uploads\/2020\/05\/knight-latAm-review-logo.svg","width":"1024","height":"1024","caption":"LatAm Journalism Review"},"image":{"@id":"https:\/\/latamjournalismreview.org\/es\/#\/schema\/logo\/image\/"},"sameAs":["https:\/\/x.com\/LatAmJournalism"]},{"@type":"Person","@id":"https:\/\/latamjournalismreview.org\/es\/#\/schema\/person\/b83a4912f05c8178389e917d8d51de03","name":"Teresa Mioli","description":"Teresa Mioli is the editorial manager for the Knight Center for Journalism in the Americas. She is interested in press freedom, democratization, and investigative journalism in Latin America and is dedicated to increasing awareness about the importance of independent news media to the health of democracies. She produces journalistic work with the aim of helping people to make informed decisions about their lives and societies and wants to make sure other journalists are able to do the same. She has Bachelors' degrees in Journalism and Plan II Honors (Liberal Arts) and a Master's degree in Latin American Studies, all from the University of Texas at Austin. She started her journalistic career at The Beaumont Enterprise in Southeast Texas where she last worked as a breaking news reporter. ______ Teresa Mioli es la directora editorial del Centro Knight para el Periodismo en las Am\u00e9ricas. Es una periodista con inter\u00e9s en la libertad de prensa, la democratizaci\u00f3n y el periodismo investigativo en Am\u00e9rica Latina y est\u00e1 dedicada a crear mayor consciencia sobre la importancia de los medios noticiosos independientes para la salud de las democracias. El objetivo de su trabajo period\u00edstico es ayudar las personas para que tomen decisiones informadas sobre sus vidas y sus sociedades, y busca que otros periodistas tengan la posibilidad de hacer lo mismo. Teresa tiene una licenciatura en Periodismo y Artes liberales (Plan II Honors), y una maestr\u00eda en Estudios Latinoamericanos, todos de la Universidad de Texas en Austin. Empez\u00f3 su carrera en periodismo en The Beaumont Enterprise al sureste de Texas, en donde recientemente trabaj\u00f3 como reportera de noticias de \u00faltima hora. Anteriormente ella fue la editora de LatAm Journalism Review del Centro Knight. ______ Teresa Mioli \u00e9 gerente editorial do Centro Knight para o Jornalismo nas Am\u00e9ricas. Ela se interessa por liberdade de imprensa, democratiza\u00e7\u00e3o e jornalismo investigativo na Am\u00e9rica Latina e se dedica a aumentar a conscientiza\u00e7\u00e3o sobre a import\u00e2ncia da m\u00eddia independente para a sa\u00fade das democracias. Ela produz trabalhos jornal\u00edsticos com o objetivo de ajudar as pessoas a tomarem decis\u00f5es informadas sobre suas vidas e sociedades e deseja garantir que outros jornalistas possam fazer o mesmo. Ela tem bacharelado em jornalismo e artes liberais e um mestrado em Estudos Latino-Americanos, todos pela Universidade do Texas em Austin. Ela come\u00e7ou sua carreira jornal\u00edstica na The Beaumont Enterprise no sudeste do Texas, onde trabalhou pela \u00faltima vez como rep\u00f3rter de not\u00edcias de \u00faltima hora.","sameAs":["https:\/\/x.com\/TeresaMioli"],"url":"https:\/\/latamjournalismreview.org\/es\/articles\/author\/teresa-mioli\/"}]}},"_links":{"self":[{"href":"https:\/\/latamjournalismreview.org\/es\/wp-json\/wp\/v2\/posts\/54912","targetHints":{"allow":["GET"]}}],"collection":[{"href":"https:\/\/latamjournalismreview.org\/es\/wp-json\/wp\/v2\/posts"}],"about":[{"href":"https:\/\/latamjournalismreview.org\/es\/wp-json\/wp\/v2\/types\/post"}],"author":[{"embeddable":true,"href":"https:\/\/latamjournalismreview.org\/es\/wp-json\/wp\/v2\/users\/3"}],"replies":[{"embeddable":true,"href":"https:\/\/latamjournalismreview.org\/es\/wp-json\/wp\/v2\/comments?post=54912"}],"version-history":[{"count":1,"href":"https:\/\/latamjournalismreview.org\/es\/wp-json\/wp\/v2\/posts\/54912\/revisions"}],"predecessor-version":[{"id":54915,"href":"https:\/\/latamjournalismreview.org\/es\/wp-json\/wp\/v2\/posts\/54912\/revisions\/54915"}],"wp:attachment":[{"href":"https:\/\/latamjournalismreview.org\/es\/wp-json\/wp\/v2\/media?parent=54912"}],"wp:term":[{"taxonomy":"category","embeddable":true,"href":"https:\/\/latamjournalismreview.org\/es\/wp-json\/wp\/v2\/categories?post=54912"},{"taxonomy":"post_tag","embeddable":true,"href":"https:\/\/latamjournalismreview.org\/es\/wp-json\/wp\/v2\/tags?post=54912"},{"taxonomy":"author","embeddable":true,"href":"https:\/\/latamjournalismreview.org\/es\/wp-json\/wp\/v2\/coauthors?post=54912"}],"curies":[{"name":"wp","href":"https:\/\/api.w.org\/{rel}","templated":true}]}}