{"id":54978,"date":"2017-11-06T16:48:21","date_gmt":"2017-11-06T21:48:21","guid":{"rendered":"https:\/\/latamjournalismreview.org\/?p=54978"},"modified":"2022-05-23T16:48:59","modified_gmt":"2022-05-23T21:48:59","slug":"encuentran-vivo-a-periodista-venezolano-que-desaparecio-tras-publicar-reportaje-sobre-irregularidades-en-el-penal-tocoron","status":"publish","type":"post","link":"https:\/\/latamjournalismreview.org\/es\/articles\/encuentran-vivo-a-periodista-venezolano-que-desaparecio-tras-publicar-reportaje-sobre-irregularidades-en-el-penal-tocoron\/","title":{"rendered":"Encuentran vivo a periodista venezolano que desapareci\u00f3 tras publicar reportaje sobre irregularidades en el penal Tocor\u00f3n"},"content":{"rendered":"<p><em>Este art\u00edculo ha sido actualizado para informar sobre la aparici\u00f3n del periodista<\/em><\/p>\n<p><strong>Actualizaci\u00f3n (7 de noviembre):<\/strong>\u00a0El periodista Jes\u00fas Medina\u00a0<a href=\"http:\/\/www.el-nacional.com\/noticias\/sociedad\/hallaron-jesus-medina-caracas-la-guaira_210718\" target=\"_blank\" rel=\"noopener\">fue encontrado vivo el lunes 6 de noviembre<\/a>\u00a0por la noche, en el kil\u00f3metro 1 de la carretera Caracas - La Guaira. El periodista estaba semi desnudo y con severos golpes en el rostro y el cuerpo, inform\u00f3 El Nacional.<\/p>\n<p>Medina dijo a trav\u00e9s de su cuenta de Twitter que\u00a0<a href=\"https:\/\/twitter.com\/jesusmedinae\/status\/927810831504609280\" target=\"_blank\" rel=\"noopener\">fue torturado y amenazado de muerte<\/a>. Agradeci\u00f3 a la prensa, a sus colegas y a todos los que hicieron presi\u00f3n para que apareciera. \u201cVolv\u00ed a nacer para seguir informando la verdad y luchar m\u00e1s por mi pa\u00eds, Venezuela\u201d, dijo Medina, al mismo tiempo que agreg\u00f3 que se encuentra en resguardo por el momento.<\/p>\n<p>El periodista tambi\u00e9n declar\u00f3 que desde su secuestro el s\u00e1bado 4 de noviembre hasta pocas horas antes de su liberaci\u00f3n\u00a0<a href=\"https:\/\/contactohoy.com.mx\/periodista-venezolano-fue-torturado-y-estuvo-encapuchado-durante-su-secuestro\/\">permaneci\u00f3 en un cuarto oscuro, encapuchado y amarrado<\/a>, donde fue golpeado por sus captores. Tambi\u00e9n dijo desconocer si los autores de su desaparici\u00f3n pertenecen a las fuerzas pol\u00edticas, armadas o al crimen organizado, inform\u00f3 EFE.<\/p>\n<p><strong>Original (6 de noviembre):<\/strong>\u00a0Un periodista venezolano que fue detenido en octubre mientras hac\u00eda un reportaje en la prisi\u00f3n Tocor\u00f3n est\u00e1 desaparecido desde el 4 de noviembre, seg\u00fan varios medios noticiosos de Venezuela.<\/p>\n<blockquote class=\"twitter-tweet\" data-lang=\"en\" data-twitter-extracted-i1653342452021195646=\"true\">\n<p dir=\"ltr\" lang=\"es\">Jesus medina: Su \u00faltimo rastro es desde Paracotos\u00a0<a href=\"https:\/\/t.co\/QQUHx3c5ou\">https:\/\/t.co\/QQUHx3c5ou<\/a>\u00a0<a href=\"https:\/\/t.co\/7da32SlTwa\">pic.twitter.com\/7da32SlTwa<\/a><\/p>\n<p>\u2014 Noticias Venezuela (@NoticiasVenezue)\u00a0<a href=\"https:\/\/twitter.com\/NoticiasVenezue\/status\/927622728550666246?ref_src=twsrc%5Etfw\">November 6, 2017<\/a><\/p><\/blockquote>\n<p>Jes\u00fas Medina, reportero de Dolar Today en Caracas, denunci\u00f3 el 1 de noviembre mediante su cuenta de Twitter que hab\u00eda recibido<a href=\"https:\/\/twitter.com\/sntpvenezuela\/status\/927143119644250112\" target=\"_blank\" rel=\"noopener\">\u00a0amenazas contra \u00e9l y su familia<\/a>\u00a0por publicar el reportaje sobre las irregularidades que rigen en el Centro Penitenciario de Aragua, conocido como la c\u00e1rcel de Tocor\u00f3n.<\/p>\n<p>El periodista public\u00f3 el reportaje<a href=\"http:\/\/www.venezuelaaldia.com\/2017\/10\/30\/el-submundo-que-se-vive-en-tocoron-fotos\/\" target=\"_blank\" rel=\"noopener\">\u00a0\u201cEl submundo que se vive en Tocor\u00f3n\u201d<\/a>\u00a0el 30 de octubre. En este denunci\u00f3 c\u00f3mo la c\u00e1rcel est\u00e1 totalmente dominada por l\u00edderes criminales all\u00ed presos, y que ni los guardias que la custodian ni el Estado tienen ning\u00fan control de lo que all\u00ed pasa.<\/p>\n<p>Varios de sus colegas difundieron v\u00eda Twitter el<a href=\"https:\/\/twitter.com\/milmanrique\/status\/926955284429451265\" target=\"_blank\" rel=\"noopener\">\u00a0mensaje de alerta que Medina habr\u00eda enviado al momento de desaparecer<\/a>\u00a0a las 6 p.m. del s\u00e1bado, el cual dice: \u201cme agarraron, urgente\u201d. Sus<a href=\"http:\/\/www.caraotadigital.net\/nacionales\/denuncian-que-reportero-grafico-jesus-medina-esta-desaparecido-desde-la-tarde-de-este-4nov\/\" target=\"_blank\" rel=\"noopener\">\u00a0familiares siguen sin conocer su paradero<\/a>, inform\u00f3 el sitio Caraota Digital.<\/p>\n<p>El Sindicato Nacional de Trabajadores de la Prensa de Venezuela (SNTP)<a href=\"https:\/\/www.lapatilla.com\/site\/2017\/11\/06\/sin-rastros-del-reportero-jesus-medina-a-casi-40-horas-de-su-desaparicion-dondeestajesusmedina\/\" target=\"_blank\" rel=\"noopener\">\u00a0responsabiliz\u00f3 al gobierno de la desaparici\u00f3n de Medina<\/a>. Asimismo, la organizaci\u00f3n exhort\u00f3 al Fiscal General Tarek Saab y al director del Servicio de Inteligencia venezolano Gustavo Gonz\u00e1lez L\u00f3pez para que investiguen el caso, public\u00f3 La Patilla.<\/p>\n<p>Agentes del Servicio Bolivariano de Inteligencia Nacional (Sebin) declararon al SNTP que Medina\u00a0<a href=\"http:\/\/www.el-nacional.com\/noticias\/politica\/funcionarios-del-sebin-desmintieron-que-jesus-medina-este-helicoide_210583\" target=\"_blank\" rel=\"noopener\">no se encuentra detenido en su sede<\/a>, el centro penitenciario Helicoide, desmintiendo as\u00ed las informaciones que se especulaban sobre el paradero del periodista pocas horas despu\u00e9s de su desaparici\u00f3n, inform\u00f3 El Nacional.<\/p>\n<p>La madre del periodista, Adelaida Ezaine, dijo a TeLoCuentoNews que acudieron a la Direcci\u00f3n de Derechos Fundamentales del Ministerio P\u00fablico para denunciar la desaparici\u00f3n de su hijo, pero\u00a0<a href=\"http:\/\/www.ntn24america.com\/noticia\/madre-del-reportero-jesus-medina-asegura-que-no-le-han-tomado-la-denuncia-de-desaparicion-estamos-157138\" target=\"_blank\" rel=\"noopener\">no la dejaron hacer la denuncia<\/a>. \u201cDesde esta ma\u00f1ana hemos estado llamando al n\u00famero de tel\u00e9fono que nos dieron y nadie nos atendi\u00f3. (...) Soy su madre, tengo derecho a respuesta, estamos todos desesperados sin saber del paradero de Jes\u00fas Medina\u201d, declar\u00f3 seg\u00fan el sitio NTN24.<\/p>\n<p>Varios periodistas colegas de Medina tambi\u00e9n exigieron a las autoridades que informen sobre el paradero del reportero. En redes sociales, cada vez que se publican noticias sobre su desaparici\u00f3n se utiliza la etiqueta<a href=\"http:\/\/www.el-nacional.com\/noticias\/politica\/funcionarios-del-sebin-desmintieron-que-jesus-medina-este-helicoide_210583\" target=\"_blank\" rel=\"noopener\">\u00a0#DondeEstaJesusMedina<\/a>.<\/p>\n<p>El penal de Tocor\u00f3n, donde a\u00fan no se ha implantado el nuevo r\u00e9gimen penitenciario venezolano que seg\u00fan el gobierno intenta pacificar las c\u00e1rceles, es el<a href=\"https:\/\/www.lapatilla.com\/site\/2017\/11\/05\/sntp-exige-a-tarek-william-saab-que-informe-sobre-desaparicion-de-jesus-medina\/\" target=\"_blank\" rel=\"noopener\">\u00a0lugar desde donde se organizan secuestros, extorsi\u00f3n a ciudadanos<\/a>, tr\u00e1fico de alimentos, entre otros delitos, inform\u00f3 la agencia EFE.<\/p>\n<p>A principios de octubre<a href=\"https:\/\/knightcenter.utexas.edu\/es\/blog\/00-18871-liberan-periodistas-de-prensa-local-y-extranjera-que-fueron-detenidos-mientras-reporta\" target=\"_blank\" rel=\"noopener\">, Medina junto al reportero italiano Roberto di Matteo y el suizo Filipo Rossi fueron detenidos en Tocor\u00f3n<\/a>\u00a0por la Guardia Nacional Bolivariana (GNB), pese a contar con el permiso de las autoridades carcelarias para ingresar al penal y realizar trabajo period\u00edstico.<\/p>\n<p>Tras su liberaci\u00f3n, los periodistas no dieron mayores declaraciones a la prensa salvo que las fuerzas de seguridad no les hicieron ning\u00fan da\u00f1o. En ese momento, tambi\u00e9n dijeron que continuar\u00edan trabajando unos d\u00edas m\u00e1s en el reportaje de investigaci\u00f3n que cada uno estaba realizando en la c\u00e1rcel.<\/p>\n<p><em>Nota del editor: Esta historia fue publicada originalmente en el blog Periodismo en las Am\u00e9ricas del Centro Knight, el predecesor de LatAm Journalism Review.<\/em><\/p>\n","protected":false},"excerpt":{"rendered":"<p>Medina dijo a trav\u00e9s de su cuenta de Twitter que\u00a0fue torturado y amenazado de muerte. Agradeci\u00f3 a la prensa, a sus colegas y a todos los que hicieron presi\u00f3n para que apareciera. \u201cVolv\u00ed a nacer para seguir informando la verdad y luchar m\u00e1s por mi pa\u00eds, Venezuela\u201d, dijo Medina, al mismo tiempo que agreg\u00f3 que se encuentra en resguardo por el momento.\u00a0\u00a0\u00a0 \u00a0\u00a0<\/p>\n","protected":false},"author":4,"featured_media":0,"comment_status":"closed","ping_status":"closed","sticky":false,"template":"","format":"standard","meta":{"inline_featured_image":false,"footnotes":""},"categories":[1220],"tags":[1522,1405],"coauthors":[],"class_list":["post-54978","post","type-post","status-publish","format-standard","hentry","category-libertad-de-prensa-es","tag-amenazas-contra-periodistas-es","tag-venezuela-es-2"],"acf":[],"yoast_head":"<!-- This site is optimized with the Yoast SEO Premium plugin v22.6 (Yoast SEO v27.4) - https:\/\/yoast.com\/product\/yoast-seo-premium-wordpress\/ -->\n<title>Encuentran vivo a periodista venezolano que desapareci\u00f3 tras publicar reportaje sobre irregularidades en el penal Tocor\u00f3n - LatAm Journalism Review<\/title>\n<meta name=\"description\" content=\"Encuentran vivo a periodista venezolano que desapareci\u00f3 tras publicar reportaje sobre irregularidades en el penal Tocor\u00f3n Libertad de prensa. Latin American Journalism Review by The Knight Center at The University of Texas at Austin.\" \/>\n<meta name=\"robots\" content=\"index, follow, max-snippet:-1, max-image-preview:large, max-video-preview:-1\" \/>\n<link rel=\"canonical\" href=\"https:\/\/latamjournalismreview.org\/es\/articles\/encuentran-vivo-a-periodista-venezolano-que-desaparecio-tras-publicar-reportaje-sobre-irregularidades-en-el-penal-tocoron\/\" \/>\n<meta property=\"og:locale\" content=\"es_ES\" \/>\n<meta property=\"og:type\" content=\"article\" \/>\n<meta property=\"og:title\" content=\"Encuentran vivo a periodista venezolano que desapareci\u00f3 tras publicar reportaje sobre irregularidades en el penal Tocor\u00f3n\" \/>\n<meta property=\"og:description\" content=\"Encuentran vivo a periodista venezolano que desapareci\u00f3 tras publicar reportaje sobre irregularidades en el penal Tocor\u00f3n Libertad de prensa. Latin American Journalism Review by The Knight Center at The University of Texas at Austin.\" \/>\n<meta property=\"og:url\" content=\"https:\/\/latamjournalismreview.org\/es\/articles\/encuentran-vivo-a-periodista-venezolano-que-desaparecio-tras-publicar-reportaje-sobre-irregularidades-en-el-penal-tocoron\/\" \/>\n<meta property=\"og:site_name\" content=\"LatAm Journalism Review\" \/>\n<meta property=\"article:published_time\" content=\"2017-11-06T21:48:21+00:00\" \/>\n<meta property=\"article:modified_time\" content=\"2022-05-23T21:48:59+00:00\" \/>\n<meta name=\"author\" content=\"Paola Nalvarte\" \/>\n<meta name=\"twitter:card\" content=\"summary_large_image\" \/>\n<meta name=\"twitter:creator\" content=\"@paolanalvarte\" \/>\n<meta name=\"twitter:site\" content=\"@LatAmJournalism\" \/>\n<meta name=\"twitter:label1\" content=\"Written by\" \/>\n\t<meta name=\"twitter:data1\" content=\"Paola Nalvarte\" \/>\n\t<meta name=\"twitter:label2\" content=\"Est. reading time\" \/>\n\t<meta name=\"twitter:data2\" content=\"4 minutos\" \/>\n<script type=\"application\/ld+json\" class=\"yoast-schema-graph\">{\"@context\":\"https:\\\/\\\/schema.org\",\"@graph\":[{\"@type\":\"Article\",\"@id\":\"https:\\\/\\\/latamjournalismreview.org\\\/es\\\/articles\\\/encuentran-vivo-a-periodista-venezolano-que-desaparecio-tras-publicar-reportaje-sobre-irregularidades-en-el-penal-tocoron\\\/#article\",\"isPartOf\":{\"@id\":\"https:\\\/\\\/latamjournalismreview.org\\\/es\\\/articles\\\/encuentran-vivo-a-periodista-venezolano-que-desaparecio-tras-publicar-reportaje-sobre-irregularidades-en-el-penal-tocoron\\\/\"},\"author\":{\"name\":\"Paola Nalvarte\",\"@id\":\"https:\\\/\\\/latamjournalismreview.org\\\/es\\\/#\\\/schema\\\/person\\\/d0b9fa850ef1b6f56bb445e52f29f63f\"},\"headline\":\"Encuentran vivo a periodista venezolano que desapareci\u00f3 tras publicar reportaje sobre irregularidades en el penal Tocor\u00f3n\",\"datePublished\":\"2017-11-06T21:48:21+00:00\",\"dateModified\":\"2022-05-23T21:48:59+00:00\",\"mainEntityOfPage\":{\"@id\":\"https:\\\/\\\/latamjournalismreview.org\\\/es\\\/articles\\\/encuentran-vivo-a-periodista-venezolano-que-desaparecio-tras-publicar-reportaje-sobre-irregularidades-en-el-penal-tocoron\\\/\"},\"wordCount\":808,\"publisher\":{\"@id\":\"https:\\\/\\\/latamjournalismreview.org\\\/es\\\/#organization\"},\"keywords\":[\"Amenazas contra periodistas\",\"Venezuela\"],\"articleSection\":[\"Libertad de prensa\"],\"inLanguage\":\"es\"},{\"@type\":\"WebPage\",\"@id\":\"https:\\\/\\\/latamjournalismreview.org\\\/es\\\/articles\\\/encuentran-vivo-a-periodista-venezolano-que-desaparecio-tras-publicar-reportaje-sobre-irregularidades-en-el-penal-tocoron\\\/\",\"url\":\"https:\\\/\\\/latamjournalismreview.org\\\/es\\\/articles\\\/encuentran-vivo-a-periodista-venezolano-que-desaparecio-tras-publicar-reportaje-sobre-irregularidades-en-el-penal-tocoron\\\/\",\"name\":\"Encuentran vivo a periodista venezolano que desapareci\u00f3 tras publicar reportaje sobre irregularidades en el penal Tocor\u00f3n - LatAm Journalism Review\",\"isPartOf\":{\"@id\":\"https:\\\/\\\/latamjournalismreview.org\\\/es\\\/#website\"},\"datePublished\":\"2017-11-06T21:48:21+00:00\",\"dateModified\":\"2022-05-23T21:48:59+00:00\",\"description\":\"Encuentran vivo a periodista venezolano que desapareci\u00f3 tras publicar reportaje sobre irregularidades en el penal Tocor\u00f3n Libertad de prensa. Latin American Journalism Review by The Knight Center at The University of Texas at Austin.\",\"breadcrumb\":{\"@id\":\"https:\\\/\\\/latamjournalismreview.org\\\/es\\\/articles\\\/encuentran-vivo-a-periodista-venezolano-que-desaparecio-tras-publicar-reportaje-sobre-irregularidades-en-el-penal-tocoron\\\/#breadcrumb\"},\"inLanguage\":\"es\",\"potentialAction\":[{\"@type\":\"ReadAction\",\"target\":[\"https:\\\/\\\/latamjournalismreview.org\\\/es\\\/articles\\\/encuentran-vivo-a-periodista-venezolano-que-desaparecio-tras-publicar-reportaje-sobre-irregularidades-en-el-penal-tocoron\\\/\"]}]},{\"@type\":\"BreadcrumbList\",\"@id\":\"https:\\\/\\\/latamjournalismreview.org\\\/es\\\/articles\\\/encuentran-vivo-a-periodista-venezolano-que-desaparecio-tras-publicar-reportaje-sobre-irregularidades-en-el-penal-tocoron\\\/#breadcrumb\",\"itemListElement\":[{\"@type\":\"ListItem\",\"position\":1,\"name\":\"Home\",\"item\":\"https:\\\/\\\/latamjournalismreview.org\\\/es\\\/\"},{\"@type\":\"ListItem\",\"position\":2,\"name\":\"Encuentran vivo a periodista venezolano que desapareci\u00f3 tras publicar reportaje sobre irregularidades en el penal Tocor\u00f3n\"}]},{\"@type\":\"WebSite\",\"@id\":\"https:\\\/\\\/latamjournalismreview.org\\\/es\\\/#website\",\"url\":\"https:\\\/\\\/latamjournalismreview.org\\\/es\\\/\",\"name\":\"LatAm Journalism Review\",\"description\":\"Knight Center at The University of Texas\",\"publisher\":{\"@id\":\"https:\\\/\\\/latamjournalismreview.org\\\/es\\\/#organization\"},\"potentialAction\":[{\"@type\":\"SearchAction\",\"target\":{\"@type\":\"EntryPoint\",\"urlTemplate\":\"https:\\\/\\\/latamjournalismreview.org\\\/es\\\/?s={search_term_string}\"},\"query-input\":{\"@type\":\"PropertyValueSpecification\",\"valueRequired\":true,\"valueName\":\"search_term_string\"}}],\"inLanguage\":\"es\"},{\"@type\":\"Organization\",\"@id\":\"https:\\\/\\\/latamjournalismreview.org\\\/es\\\/#organization\",\"name\":\"LatAm Journalism Review\",\"url\":\"https:\\\/\\\/latamjournalismreview.org\\\/es\\\/\",\"logo\":{\"@type\":\"ImageObject\",\"inLanguage\":\"es\",\"@id\":\"https:\\\/\\\/latamjournalismreview.org\\\/es\\\/#\\\/schema\\\/logo\\\/image\\\/\",\"url\":\"https:\\\/\\\/latamjournalismreview.org\\\/wp-content\\\/uploads\\\/2020\\\/05\\\/knight-latAm-review-logo.svg\",\"contentUrl\":\"https:\\\/\\\/latamjournalismreview.org\\\/wp-content\\\/uploads\\\/2020\\\/05\\\/knight-latAm-review-logo.svg\",\"width\":\"1024\",\"height\":\"1024\",\"caption\":\"LatAm Journalism Review\"},\"image\":{\"@id\":\"https:\\\/\\\/latamjournalismreview.org\\\/es\\\/#\\\/schema\\\/logo\\\/image\\\/\"},\"sameAs\":[\"https:\\\/\\\/x.com\\\/LatAmJournalism\"]},{\"@type\":\"Person\",\"@id\":\"https:\\\/\\\/latamjournalismreview.org\\\/es\\\/#\\\/schema\\\/person\\\/d0b9fa850ef1b6f56bb445e52f29f63f\",\"name\":\"Paola Nalvarte\",\"description\":\"Paola Nalvarte is a Peruvian journalist and documentary photographer living in Austin, Texas. She focuses on covering and writing about the Andes region. In Peru, Paola worked in the Lima office of the Italian news agency ANSA, on the economic news desk of the daily Expreso, and for ten years she has been working on different editorial projects doing picture editing and research for one of the oldest Spanish-language papers in the world, the Peruvian newspaper El Comercio. She also enjoyed writing for the newspaper weekly magazine Somos. Paola Nalvarte es una periodista y fot\u00f3grafa documental peruana que vive en Austin, Texas. El foco de inter\u00e9s de su cobertura noticiosa es la regi\u00f3n andina. En Per\u00fa, Paola trabaj\u00f3 en la oficina de Lima de la agencia italiana de noticias ANSA, en la secci\u00f3n de econom\u00eda del diario Expreso y por diez a\u00f1os hizo investigaci\u00f3n fotogr\u00e1fica y edici\u00f3n de fotograf\u00eda editorial en el diario decano de la prensa peruana, El Comercio. Tambi\u00e9n escribi\u00f3 para Somos, la revista semanal del mismo diario\u200b, art\u00edculos sobre medio ambiente y cultura. Paola Nalvarte \u00e9 uma jornalista peruana e fot\u00f3grafa documentarista que vive em Austin, Texas. O foco de interesse da sua cobertura jornal\u00edstica \u00e9 a regi\u00e3o andina. No Peru, Paola trabalhou no escrit\u00f3rio de Lima da ag\u00eancia de not\u00edcias italiana ANSA, na se\u00e7\u00e3o de economia do jornal Expreso e, por dez anos, fez pesquisa fotogr\u00e1fica e edi\u00e7\u00e3o de fotografia editorial para um dos jornais em espanhol mais antigos do mundo, o jornal peruano El Comercio. Ela tamb\u00e9m escreveu artigos de meio ambiente e cultura para a Somos, a revista semanal do mesmo jornal.\",\"sameAs\":[\"https:\\\/\\\/x.com\\\/paolanalvarte\"],\"url\":\"https:\\\/\\\/latamjournalismreview.org\\\/es\\\/articles\\\/author\\\/paola-nalvarte\\\/\"}]}<\/script>\n<!-- \/ Yoast SEO Premium plugin. -->","yoast_head_json":{"title":"Encuentran vivo a periodista venezolano que desapareci\u00f3 tras publicar reportaje sobre irregularidades en el penal Tocor\u00f3n - LatAm Journalism Review","description":"Encuentran vivo a periodista venezolano que desapareci\u00f3 tras publicar reportaje sobre irregularidades en el penal Tocor\u00f3n Libertad de prensa. Latin American Journalism Review by The Knight Center at The University of Texas at Austin.","robots":{"index":"index","follow":"follow","max-snippet":"max-snippet:-1","max-image-preview":"max-image-preview:large","max-video-preview":"max-video-preview:-1"},"canonical":"https:\/\/latamjournalismreview.org\/es\/articles\/encuentran-vivo-a-periodista-venezolano-que-desaparecio-tras-publicar-reportaje-sobre-irregularidades-en-el-penal-tocoron\/","og_locale":"es_ES","og_type":"article","og_title":"Encuentran vivo a periodista venezolano que desapareci\u00f3 tras publicar reportaje sobre irregularidades en el penal Tocor\u00f3n","og_description":"Encuentran vivo a periodista venezolano que desapareci\u00f3 tras publicar reportaje sobre irregularidades en el penal Tocor\u00f3n Libertad de prensa. Latin American Journalism Review by The Knight Center at The University of Texas at Austin.","og_url":"https:\/\/latamjournalismreview.org\/es\/articles\/encuentran-vivo-a-periodista-venezolano-que-desaparecio-tras-publicar-reportaje-sobre-irregularidades-en-el-penal-tocoron\/","og_site_name":"LatAm Journalism Review","article_published_time":"2017-11-06T21:48:21+00:00","article_modified_time":"2022-05-23T21:48:59+00:00","author":"Paola Nalvarte","twitter_card":"summary_large_image","twitter_creator":"@paolanalvarte","twitter_site":"@LatAmJournalism","twitter_misc":{"Written by":"Paola Nalvarte","Est. reading time":"4 minutos"},"schema":{"@context":"https:\/\/schema.org","@graph":[{"@type":"Article","@id":"https:\/\/latamjournalismreview.org\/es\/articles\/encuentran-vivo-a-periodista-venezolano-que-desaparecio-tras-publicar-reportaje-sobre-irregularidades-en-el-penal-tocoron\/#article","isPartOf":{"@id":"https:\/\/latamjournalismreview.org\/es\/articles\/encuentran-vivo-a-periodista-venezolano-que-desaparecio-tras-publicar-reportaje-sobre-irregularidades-en-el-penal-tocoron\/"},"author":{"name":"Paola Nalvarte","@id":"https:\/\/latamjournalismreview.org\/es\/#\/schema\/person\/d0b9fa850ef1b6f56bb445e52f29f63f"},"headline":"Encuentran vivo a periodista venezolano que desapareci\u00f3 tras publicar reportaje sobre irregularidades en el penal Tocor\u00f3n","datePublished":"2017-11-06T21:48:21+00:00","dateModified":"2022-05-23T21:48:59+00:00","mainEntityOfPage":{"@id":"https:\/\/latamjournalismreview.org\/es\/articles\/encuentran-vivo-a-periodista-venezolano-que-desaparecio-tras-publicar-reportaje-sobre-irregularidades-en-el-penal-tocoron\/"},"wordCount":808,"publisher":{"@id":"https:\/\/latamjournalismreview.org\/es\/#organization"},"keywords":["Amenazas contra periodistas","Venezuela"],"articleSection":["Libertad de prensa"],"inLanguage":"es"},{"@type":"WebPage","@id":"https:\/\/latamjournalismreview.org\/es\/articles\/encuentran-vivo-a-periodista-venezolano-que-desaparecio-tras-publicar-reportaje-sobre-irregularidades-en-el-penal-tocoron\/","url":"https:\/\/latamjournalismreview.org\/es\/articles\/encuentran-vivo-a-periodista-venezolano-que-desaparecio-tras-publicar-reportaje-sobre-irregularidades-en-el-penal-tocoron\/","name":"Encuentran vivo a periodista venezolano que desapareci\u00f3 tras publicar reportaje sobre irregularidades en el penal Tocor\u00f3n - LatAm Journalism Review","isPartOf":{"@id":"https:\/\/latamjournalismreview.org\/es\/#website"},"datePublished":"2017-11-06T21:48:21+00:00","dateModified":"2022-05-23T21:48:59+00:00","description":"Encuentran vivo a periodista venezolano que desapareci\u00f3 tras publicar reportaje sobre irregularidades en el penal Tocor\u00f3n Libertad de prensa. Latin American Journalism Review by The Knight Center at The University of Texas at Austin.","breadcrumb":{"@id":"https:\/\/latamjournalismreview.org\/es\/articles\/encuentran-vivo-a-periodista-venezolano-que-desaparecio-tras-publicar-reportaje-sobre-irregularidades-en-el-penal-tocoron\/#breadcrumb"},"inLanguage":"es","potentialAction":[{"@type":"ReadAction","target":["https:\/\/latamjournalismreview.org\/es\/articles\/encuentran-vivo-a-periodista-venezolano-que-desaparecio-tras-publicar-reportaje-sobre-irregularidades-en-el-penal-tocoron\/"]}]},{"@type":"BreadcrumbList","@id":"https:\/\/latamjournalismreview.org\/es\/articles\/encuentran-vivo-a-periodista-venezolano-que-desaparecio-tras-publicar-reportaje-sobre-irregularidades-en-el-penal-tocoron\/#breadcrumb","itemListElement":[{"@type":"ListItem","position":1,"name":"Home","item":"https:\/\/latamjournalismreview.org\/es\/"},{"@type":"ListItem","position":2,"name":"Encuentran vivo a periodista venezolano que desapareci\u00f3 tras publicar reportaje sobre irregularidades en el penal Tocor\u00f3n"}]},{"@type":"WebSite","@id":"https:\/\/latamjournalismreview.org\/es\/#website","url":"https:\/\/latamjournalismreview.org\/es\/","name":"LatAm Journalism Review","description":"Knight Center at The University of Texas","publisher":{"@id":"https:\/\/latamjournalismreview.org\/es\/#organization"},"potentialAction":[{"@type":"SearchAction","target":{"@type":"EntryPoint","urlTemplate":"https:\/\/latamjournalismreview.org\/es\/?s={search_term_string}"},"query-input":{"@type":"PropertyValueSpecification","valueRequired":true,"valueName":"search_term_string"}}],"inLanguage":"es"},{"@type":"Organization","@id":"https:\/\/latamjournalismreview.org\/es\/#organization","name":"LatAm Journalism Review","url":"https:\/\/latamjournalismreview.org\/es\/","logo":{"@type":"ImageObject","inLanguage":"es","@id":"https:\/\/latamjournalismreview.org\/es\/#\/schema\/logo\/image\/","url":"https:\/\/latamjournalismreview.org\/wp-content\/uploads\/2020\/05\/knight-latAm-review-logo.svg","contentUrl":"https:\/\/latamjournalismreview.org\/wp-content\/uploads\/2020\/05\/knight-latAm-review-logo.svg","width":"1024","height":"1024","caption":"LatAm Journalism Review"},"image":{"@id":"https:\/\/latamjournalismreview.org\/es\/#\/schema\/logo\/image\/"},"sameAs":["https:\/\/x.com\/LatAmJournalism"]},{"@type":"Person","@id":"https:\/\/latamjournalismreview.org\/es\/#\/schema\/person\/d0b9fa850ef1b6f56bb445e52f29f63f","name":"Paola Nalvarte","description":"Paola Nalvarte is a Peruvian journalist and documentary photographer living in Austin, Texas. She focuses on covering and writing about the Andes region. In Peru, Paola worked in the Lima office of the Italian news agency ANSA, on the economic news desk of the daily Expreso, and for ten years she has been working on different editorial projects doing picture editing and research for one of the oldest Spanish-language papers in the world, the Peruvian newspaper El Comercio. She also enjoyed writing for the newspaper weekly magazine Somos. Paola Nalvarte es una periodista y fot\u00f3grafa documental peruana que vive en Austin, Texas. El foco de inter\u00e9s de su cobertura noticiosa es la regi\u00f3n andina. En Per\u00fa, Paola trabaj\u00f3 en la oficina de Lima de la agencia italiana de noticias ANSA, en la secci\u00f3n de econom\u00eda del diario Expreso y por diez a\u00f1os hizo investigaci\u00f3n fotogr\u00e1fica y edici\u00f3n de fotograf\u00eda editorial en el diario decano de la prensa peruana, El Comercio. Tambi\u00e9n escribi\u00f3 para Somos, la revista semanal del mismo diario\u200b, art\u00edculos sobre medio ambiente y cultura. Paola Nalvarte \u00e9 uma jornalista peruana e fot\u00f3grafa documentarista que vive em Austin, Texas. O foco de interesse da sua cobertura jornal\u00edstica \u00e9 a regi\u00e3o andina. No Peru, Paola trabalhou no escrit\u00f3rio de Lima da ag\u00eancia de not\u00edcias italiana ANSA, na se\u00e7\u00e3o de economia do jornal Expreso e, por dez anos, fez pesquisa fotogr\u00e1fica e edi\u00e7\u00e3o de fotografia editorial para um dos jornais em espanhol mais antigos do mundo, o jornal peruano El Comercio. Ela tamb\u00e9m escreveu artigos de meio ambiente e cultura para a Somos, a revista semanal do mesmo jornal.","sameAs":["https:\/\/x.com\/paolanalvarte"],"url":"https:\/\/latamjournalismreview.org\/es\/articles\/author\/paola-nalvarte\/"}]}},"_links":{"self":[{"href":"https:\/\/latamjournalismreview.org\/es\/wp-json\/wp\/v2\/posts\/54978","targetHints":{"allow":["GET"]}}],"collection":[{"href":"https:\/\/latamjournalismreview.org\/es\/wp-json\/wp\/v2\/posts"}],"about":[{"href":"https:\/\/latamjournalismreview.org\/es\/wp-json\/wp\/v2\/types\/post"}],"author":[{"embeddable":true,"href":"https:\/\/latamjournalismreview.org\/es\/wp-json\/wp\/v2\/users\/4"}],"replies":[{"embeddable":true,"href":"https:\/\/latamjournalismreview.org\/es\/wp-json\/wp\/v2\/comments?post=54978"}],"version-history":[{"count":1,"href":"https:\/\/latamjournalismreview.org\/es\/wp-json\/wp\/v2\/posts\/54978\/revisions"}],"predecessor-version":[{"id":54980,"href":"https:\/\/latamjournalismreview.org\/es\/wp-json\/wp\/v2\/posts\/54978\/revisions\/54980"}],"wp:attachment":[{"href":"https:\/\/latamjournalismreview.org\/es\/wp-json\/wp\/v2\/media?parent=54978"}],"wp:term":[{"taxonomy":"category","embeddable":true,"href":"https:\/\/latamjournalismreview.org\/es\/wp-json\/wp\/v2\/categories?post=54978"},{"taxonomy":"post_tag","embeddable":true,"href":"https:\/\/latamjournalismreview.org\/es\/wp-json\/wp\/v2\/tags?post=54978"},{"taxonomy":"author","embeddable":true,"href":"https:\/\/latamjournalismreview.org\/es\/wp-json\/wp\/v2\/coauthors?post=54978"}],"curies":[{"name":"wp","href":"https:\/\/api.w.org\/{rel}","templated":true}]}}