{"id":55012,"date":"2017-11-01T17:04:12","date_gmt":"2017-11-01T22:04:12","guid":{"rendered":"https:\/\/latamjournalismreview.org\/?p=55012"},"modified":"2022-05-23T17:05:53","modified_gmt":"2022-05-23T22:05:53","slug":"asamblea-general-de-la-sip-condeno-los-numerosos-mecanismos-de-restriccion-y-persecucion-a-la-prensa-del-gobierno-venezolano","status":"publish","type":"post","link":"https:\/\/latamjournalismreview.org\/es\/articles\/asamblea-general-de-la-sip-condeno-los-numerosos-mecanismos-de-restriccion-y-persecucion-a-la-prensa-del-gobierno-venezolano\/","title":{"rendered":"Asamblea general de la SIP conden\u00f3 los numerosos mecanismos de restricci\u00f3n y persecuci\u00f3n a la prensa del gobierno venezolano"},"content":{"rendered":"<p class=\"p1\"><span class=\"s1\">Por hostigar, perseguir, censurar y establecer marcos legales contra periodistas y medios de comunicaci\u00f3n venezolanos, la Sociedad Interamericana de Prensa (SIP)<a href=\"http:\/\/www.sipiapa.org\/notas\/1211880-sip-denuncia-conducta-persecucion-contra-la-prensa-al-concluir-su-asamblea-anual-salt-lake-city\" target=\"_blank\" rel=\"noopener\">\u00a0<span class=\"s2\">conden\u00f3 las pr\u00e1cticas del gobierno de Nicol\u00e1s Maduro contra la libertad de prensa y de expresi\u00f3n<\/span><\/a>.<\/span><\/p>\n<p class=\"p1\"><span class=\"s1\">En el marco de la 73 Asamblea General de la organizaci\u00f3n \u2013 que se llev\u00f3 a cabo del 27 al 30 de octubre de este\u00a0a\u00f1o en Salt Lake City, Utah, EE.UU. \u2013 Miguel Henrique Otero, editor general del diario venezolano El Nacional y vicepresidente de la Comisi\u00f3n de Libertad de Prensa para Venezuela de la SIP, present\u00f3\u00a0<a href=\"http:\/\/www.sipiapa.org\/notas\/1211765-venezuela\" target=\"_blank\" rel=\"noopener\"><span class=\"s2\">un informe especial sobre el caso de la crisis de la libertad de expresi\u00f3n en Venezuela<\/span><\/a>.<\/span><\/p>\n<p class=\"p2\">La\u00a0SIP\u00a0aprob\u00f3 al cierre de la asamblea la resoluci\u00f3n de la Comisi\u00f3n de Libertad que<a href=\"http:\/\/www.el-nacional.com\/noticias\/politica\/sip-aprueba-hoy-condena-total-gobierno-maduro-por-cercenar-libertades_209775\" target=\"_blank\" rel=\"noopener\">\u00a0<span class=\"s2\">condena al gobierno de Maduro por cercenar las libertades<\/span><\/a>, en especial la de expresi\u00f3n y comunicaci\u00f3n, public\u00f3 El Nacional.<\/p>\n<p class=\"p1\"><span class=\"s1\">\u201cActualmente,<a href=\"https:\/\/www.youtube.com\/watch?v=rWGLcfcMbwo\" target=\"_blank\" rel=\"noopener\">\u00a0<span class=\"s2\">el solo hecho de cubrir una manifestaci\u00f3n p\u00fablica en contra del gobierno puede ser calificado como un acto terrorista<\/span><\/a>, de competencia de los tribunales militares. Enviar un tuit, pintar una caricatura o hacer un chiste puede tener consecuencias penales muy severas para su autor\u201d, dijo Otero durante la presentaci\u00f3n del informe.<\/span><\/p>\n<p class=\"p1\"><span class=\"s1\">El reporte tambi\u00e9n anot\u00f3 c\u00f3mo el gobierno utiliza desde \u201c<a href=\"http:\/\/www.sipiapa.org\/notas\/1211765-venezuela\" target=\"_blank\" rel=\"noopener\"><span class=\"s2\">los mecanismos de censura m\u00e1s sutiles\u201d hasta \u201clas formas m\u00e1s sangrientas de censura<\/span><\/a>\u201d. Tambi\u00e9n se\u00f1al\u00f3 c\u00f3mo la publicidad estatal es usada como \u201cpremio a los medios de comunicaci\u00f3n m\u00e1s complacientes o serviles\u201d, el aumento de las demandas judiciales por difamaci\u00f3n contra periodistas, las amenazas a los profesionales de la prensa, el cierre de estaciones de radio y televisi\u00f3n, el bloqueo de sitios web y plataformas digitales, las detenciones arbitrarias y los juicios militares a periodistas.<\/span><\/p>\n<p class=\"p1\"><span class=\"s1\">\u201cNo hay ning\u00fan medio de comunicaci\u00f3n social, incluyendo los que proporcionan las nuevas tecnolog\u00edas de la comunicaci\u00f3n que haya escapado a la censura. No hay ninguna opini\u00f3n o informaci\u00f3n que no est\u00e9 sometida a la censura. (\u2026) Cualquier forma de expresi\u00f3n, incluyendo la simple protesta del ciudadano en la calle, o el comentario de una ama de casa en un auto mercado<a href=\"https:\/\/www.youtube.com\/watch?v=rWGLcfcMbwo\" target=\"_blank\" rel=\"noopener\">\u00a0<span class=\"s2\">es objeto de la represi\u00f3n m\u00e1s severa<\/span><\/a>\u201d, denunci\u00f3 el informe especial sobre Venezuela presentado por Otero.<\/span><\/p>\n<p class=\"p2\">Uno de los ejemplos que cita el informe sobre la represi\u00f3n a los medios de comunicaci\u00f3n es el proceso disciplinario contra\u00a0Venevisi\u00f3n\u00a0y\u00a0Televen\u00a0por parte de la Comisi\u00f3n Nacional de Telecomunicaciones de Venezuela (Conatel),<a href=\"http:\/\/www.sipiapa.org\/notas\/1211765-venezuela\" target=\"_blank\" rel=\"noopener\">\u00a0<span class=\"s2\">por no cubrir las elecciones por la Asamblea Nacional Constituyente<\/span><\/a>. Asimismo, cit\u00f3 la remoci\u00f3n de la programaci\u00f3n por cable de se\u00f1ales de canales internacionales como CNN en Espa\u00f1ol, El Tiempo TV, Caracol TV y Todo Noticias, ordenada tambi\u00e9n por Conatel, \u201cpor no tener l\u00edneas editoriales que se ajusten a los requerimientos del socialismo del siglo XXI\u201d, seg\u00fan cit\u00f3 el reporte.<\/p>\n<p class=\"p2\">Durante la presentaci\u00f3n del informe especial se transmiti\u00f3 un breve pero muy elocuente video,\u00a0<a href=\"https:\/\/www.youtube.com\/watch?v=u_6pdHpjEpo\" target=\"_blank\" rel=\"noopener\"><span class=\"s2\">Ataque a la Prensa<\/span><\/a>, que mostr\u00f3 im\u00e1genes de periodistas siendo violentamente agredidos por las fuerzas de seguridad durante las manifestaciones sociales de los \u00faltimos meses. Tambi\u00e9n mostr\u00f3 testimonios de algunos de los afectados denunciando los hechos.<\/p>\n<p class=\"p2\">Otra de las resoluciones aprobadas por la\u00a0SIP\u00a0respecto a Venezuela es la referente a la<a href=\"https:\/\/www.youtube.com\/watch?v=D_aX0d1gHn8&amp;t=2239s\" target=\"_blank\" rel=\"noopener\">\u00a0<span class=\"s2\">persecuci\u00f3n contra periodistas por parte del gobierno de Venezuela, que restringe o impide la renovaci\u00f3n de sus pasaportes<\/span><\/a>\u00a0o de documentos de identificaci\u00f3n personales. La Asamblea General de la\u00a0SIP\u00a0resolvi\u00f3 condenar esta pr\u00e1ctica\u00a0violatoria\u00a0de los derechos humanos y denunciar esta situaci\u00f3n ante los organismos internacionales competentes, incluyendo a la\u00a0ONU\u00a0y la\u00a0OEA.<\/p>\n<p class=\"p2\"><span class=\"s2\"><a href=\"https:\/\/www.youtube.com\/watch?v=D_aX0d1gHn8&amp;t=2239s\" target=\"_blank\" rel=\"noopener\">Instaron al gobierno venezolano a cesar de inmediato con esta pr\u00e1ctica y solicitaron la solidaridad de los dem\u00e1s pa\u00edses<\/a><\/span><span class=\"s1\">\u00a0para proteger dentro de sus normas jur\u00eddicas aplicables a quienes sean sujetos pasivos de estas pr\u00e1cticas ilegales y violatorias de sus derechos humanos.<\/span><\/p>\n<p class=\"p2\">A modo de conclusi\u00f3n general y a partir de los informes presentados durante la Asamblea General, la organizaci\u00f3n<a href=\"http:\/\/www.sipiapa.org\/notas\/1211880-sip-denuncia-conducta-persecucion-contra-la-prensa-al-concluir-su-asamblea-anual-salt-lake-city\" target=\"_blank\" rel=\"noopener\">\u00a0<span class=\"s2\">denunci\u00f3 la consolidaci\u00f3n de un patr\u00f3n de agresiones contra el periodismo en el continente americano<\/span><\/a>\u00a0durante el a\u00f1o 2017, que proviene tanto del crimen organizado como de los propios gobiernos.<\/p>\n<p class=\"p1\"><span class=\"s1\">En ese sentido, la SIP ha registrado agresiones tanto en Venezuela como en Bolivia, Brasil, Colombia, Cuba, Ecuador, El Salvador, Estados Unidos, Honduras, M\u00e9xico, Paraguay, Per\u00fa y Rep\u00fablica Dominicana. Seg\u00fan la organizaci\u00f3n, son 18 los periodistas asesinados en la regi\u00f3n en lo que va del a\u00f1o, quedando la mayor\u00eda de casos en la \u201cabsoluta impunidad\u201d.<\/span><\/p>\n<p><em>Nota del editor: Esta historia fue publicada originalmente en el blog Periodismo en las Am\u00e9ricas del Centro Knight, el predecesor de LatAm Journalism Review.<\/em><\/p>\n","protected":false},"excerpt":{"rendered":"<p>Por hostigar, perseguir, censurar y establecer marcos legales contra periodistas y medios de comunicaci\u00f3n venezolanos, la Sociedad Interamericana de Prensa (SIP)\u00a0conden\u00f3 las pr\u00e1cticas del gobierno de Nicol\u00e1s Maduro contra la libertad de prensa y de expresi\u00f3n.<\/p>\n","protected":false},"author":4,"featured_media":0,"comment_status":"closed","ping_status":"closed","sticky":false,"template":"","format":"standard","meta":{"inline_featured_image":false,"footnotes":""},"categories":[1220],"tags":[1522,1404,1405],"coauthors":[],"class_list":["post-55012","post","type-post","status-publish","format-standard","hentry","category-libertad-de-prensa-es","tag-amenazas-contra-periodistas-es","tag-censura-es","tag-venezuela-es-2"],"acf":[],"yoast_head":"<!-- This site is optimized with the Yoast SEO Premium plugin v22.6 (Yoast SEO v27.4) - https:\/\/yoast.com\/product\/yoast-seo-premium-wordpress\/ -->\n<title>Asamblea general de la SIP conden\u00f3 los numerosos mecanismos de restricci\u00f3n y persecuci\u00f3n a la prensa del gobierno venezolano - LatAm Journalism Review<\/title>\n<meta name=\"description\" content=\"Asamblea general de la SIP conden\u00f3 los numerosos mecanismos de restricci\u00f3n y persecuci\u00f3n a la prensa del gobierno venezolano Libertad de prensa. Latin American Journalism Review by The Knight Center at The University of Texas at Austin.\" \/>\n<meta name=\"robots\" content=\"index, follow, max-snippet:-1, max-image-preview:large, max-video-preview:-1\" \/>\n<link rel=\"canonical\" href=\"https:\/\/latamjournalismreview.org\/es\/articles\/asamblea-general-de-la-sip-condeno-los-numerosos-mecanismos-de-restriccion-y-persecucion-a-la-prensa-del-gobierno-venezolano\/\" \/>\n<meta property=\"og:locale\" content=\"es_ES\" \/>\n<meta property=\"og:type\" content=\"article\" \/>\n<meta property=\"og:title\" content=\"Asamblea general de la SIP conden\u00f3 los numerosos mecanismos de restricci\u00f3n y persecuci\u00f3n a la prensa del gobierno venezolano\" \/>\n<meta property=\"og:description\" content=\"Asamblea general de la SIP conden\u00f3 los numerosos mecanismos de restricci\u00f3n y persecuci\u00f3n a la prensa del gobierno venezolano Libertad de prensa. Latin American Journalism Review by The Knight Center at The University of Texas at Austin.\" \/>\n<meta property=\"og:url\" content=\"https:\/\/latamjournalismreview.org\/es\/articles\/asamblea-general-de-la-sip-condeno-los-numerosos-mecanismos-de-restriccion-y-persecucion-a-la-prensa-del-gobierno-venezolano\/\" \/>\n<meta property=\"og:site_name\" content=\"LatAm Journalism Review\" \/>\n<meta property=\"article:published_time\" content=\"2017-11-01T22:04:12+00:00\" \/>\n<meta property=\"article:modified_time\" content=\"2022-05-23T22:05:53+00:00\" \/>\n<meta name=\"author\" content=\"Paola Nalvarte\" \/>\n<meta name=\"twitter:card\" content=\"summary_large_image\" \/>\n<meta name=\"twitter:creator\" content=\"@paolanalvarte\" \/>\n<meta name=\"twitter:site\" content=\"@LatAmJournalism\" \/>\n<meta name=\"twitter:label1\" content=\"Written by\" \/>\n\t<meta name=\"twitter:data1\" content=\"Paola Nalvarte\" \/>\n\t<meta name=\"twitter:label2\" content=\"Est. reading time\" \/>\n\t<meta name=\"twitter:data2\" content=\"4 minutos\" \/>\n<script type=\"application\/ld+json\" class=\"yoast-schema-graph\">{\"@context\":\"https:\\\/\\\/schema.org\",\"@graph\":[{\"@type\":\"Article\",\"@id\":\"https:\\\/\\\/latamjournalismreview.org\\\/es\\\/articles\\\/asamblea-general-de-la-sip-condeno-los-numerosos-mecanismos-de-restriccion-y-persecucion-a-la-prensa-del-gobierno-venezolano\\\/#article\",\"isPartOf\":{\"@id\":\"https:\\\/\\\/latamjournalismreview.org\\\/es\\\/articles\\\/asamblea-general-de-la-sip-condeno-los-numerosos-mecanismos-de-restriccion-y-persecucion-a-la-prensa-del-gobierno-venezolano\\\/\"},\"author\":{\"name\":\"Paola Nalvarte\",\"@id\":\"https:\\\/\\\/latamjournalismreview.org\\\/es\\\/#\\\/schema\\\/person\\\/d0b9fa850ef1b6f56bb445e52f29f63f\"},\"headline\":\"Asamblea general de la SIP conden\u00f3 los numerosos mecanismos de restricci\u00f3n y persecuci\u00f3n a la prensa del gobierno venezolano\",\"datePublished\":\"2017-11-01T22:04:12+00:00\",\"dateModified\":\"2022-05-23T22:05:53+00:00\",\"mainEntityOfPage\":{\"@id\":\"https:\\\/\\\/latamjournalismreview.org\\\/es\\\/articles\\\/asamblea-general-de-la-sip-condeno-los-numerosos-mecanismos-de-restriccion-y-persecucion-a-la-prensa-del-gobierno-venezolano\\\/\"},\"wordCount\":831,\"publisher\":{\"@id\":\"https:\\\/\\\/latamjournalismreview.org\\\/es\\\/#organization\"},\"keywords\":[\"Amenazas contra periodistas\",\"Censura\",\"Venezuela\"],\"articleSection\":[\"Libertad de prensa\"],\"inLanguage\":\"es\"},{\"@type\":\"WebPage\",\"@id\":\"https:\\\/\\\/latamjournalismreview.org\\\/es\\\/articles\\\/asamblea-general-de-la-sip-condeno-los-numerosos-mecanismos-de-restriccion-y-persecucion-a-la-prensa-del-gobierno-venezolano\\\/\",\"url\":\"https:\\\/\\\/latamjournalismreview.org\\\/es\\\/articles\\\/asamblea-general-de-la-sip-condeno-los-numerosos-mecanismos-de-restriccion-y-persecucion-a-la-prensa-del-gobierno-venezolano\\\/\",\"name\":\"Asamblea general de la SIP conden\u00f3 los numerosos mecanismos de restricci\u00f3n y persecuci\u00f3n a la prensa del gobierno venezolano - LatAm Journalism Review\",\"isPartOf\":{\"@id\":\"https:\\\/\\\/latamjournalismreview.org\\\/es\\\/#website\"},\"datePublished\":\"2017-11-01T22:04:12+00:00\",\"dateModified\":\"2022-05-23T22:05:53+00:00\",\"description\":\"Asamblea general de la SIP conden\u00f3 los numerosos mecanismos de restricci\u00f3n y persecuci\u00f3n a la prensa del gobierno venezolano Libertad de prensa. Latin American Journalism Review by The Knight Center at The University of Texas at Austin.\",\"breadcrumb\":{\"@id\":\"https:\\\/\\\/latamjournalismreview.org\\\/es\\\/articles\\\/asamblea-general-de-la-sip-condeno-los-numerosos-mecanismos-de-restriccion-y-persecucion-a-la-prensa-del-gobierno-venezolano\\\/#breadcrumb\"},\"inLanguage\":\"es\",\"potentialAction\":[{\"@type\":\"ReadAction\",\"target\":[\"https:\\\/\\\/latamjournalismreview.org\\\/es\\\/articles\\\/asamblea-general-de-la-sip-condeno-los-numerosos-mecanismos-de-restriccion-y-persecucion-a-la-prensa-del-gobierno-venezolano\\\/\"]}]},{\"@type\":\"BreadcrumbList\",\"@id\":\"https:\\\/\\\/latamjournalismreview.org\\\/es\\\/articles\\\/asamblea-general-de-la-sip-condeno-los-numerosos-mecanismos-de-restriccion-y-persecucion-a-la-prensa-del-gobierno-venezolano\\\/#breadcrumb\",\"itemListElement\":[{\"@type\":\"ListItem\",\"position\":1,\"name\":\"Home\",\"item\":\"https:\\\/\\\/latamjournalismreview.org\\\/es\\\/\"},{\"@type\":\"ListItem\",\"position\":2,\"name\":\"Asamblea general de la SIP conden\u00f3 los numerosos mecanismos de restricci\u00f3n y persecuci\u00f3n a la prensa del gobierno venezolano\"}]},{\"@type\":\"WebSite\",\"@id\":\"https:\\\/\\\/latamjournalismreview.org\\\/es\\\/#website\",\"url\":\"https:\\\/\\\/latamjournalismreview.org\\\/es\\\/\",\"name\":\"LatAm Journalism Review\",\"description\":\"Knight Center at The University of Texas\",\"publisher\":{\"@id\":\"https:\\\/\\\/latamjournalismreview.org\\\/es\\\/#organization\"},\"potentialAction\":[{\"@type\":\"SearchAction\",\"target\":{\"@type\":\"EntryPoint\",\"urlTemplate\":\"https:\\\/\\\/latamjournalismreview.org\\\/es\\\/?s={search_term_string}\"},\"query-input\":{\"@type\":\"PropertyValueSpecification\",\"valueRequired\":true,\"valueName\":\"search_term_string\"}}],\"inLanguage\":\"es\"},{\"@type\":\"Organization\",\"@id\":\"https:\\\/\\\/latamjournalismreview.org\\\/es\\\/#organization\",\"name\":\"LatAm Journalism Review\",\"url\":\"https:\\\/\\\/latamjournalismreview.org\\\/es\\\/\",\"logo\":{\"@type\":\"ImageObject\",\"inLanguage\":\"es\",\"@id\":\"https:\\\/\\\/latamjournalismreview.org\\\/es\\\/#\\\/schema\\\/logo\\\/image\\\/\",\"url\":\"https:\\\/\\\/latamjournalismreview.org\\\/wp-content\\\/uploads\\\/2020\\\/05\\\/knight-latAm-review-logo.svg\",\"contentUrl\":\"https:\\\/\\\/latamjournalismreview.org\\\/wp-content\\\/uploads\\\/2020\\\/05\\\/knight-latAm-review-logo.svg\",\"width\":\"1024\",\"height\":\"1024\",\"caption\":\"LatAm Journalism Review\"},\"image\":{\"@id\":\"https:\\\/\\\/latamjournalismreview.org\\\/es\\\/#\\\/schema\\\/logo\\\/image\\\/\"},\"sameAs\":[\"https:\\\/\\\/x.com\\\/LatAmJournalism\"]},{\"@type\":\"Person\",\"@id\":\"https:\\\/\\\/latamjournalismreview.org\\\/es\\\/#\\\/schema\\\/person\\\/d0b9fa850ef1b6f56bb445e52f29f63f\",\"name\":\"Paola Nalvarte\",\"description\":\"Paola Nalvarte is a Peruvian journalist and documentary photographer living in Austin, Texas. She focuses on covering and writing about the Andes region. In Peru, Paola worked in the Lima office of the Italian news agency ANSA, on the economic news desk of the daily Expreso, and for ten years she has been working on different editorial projects doing picture editing and research for one of the oldest Spanish-language papers in the world, the Peruvian newspaper El Comercio. She also enjoyed writing for the newspaper weekly magazine Somos. Paola Nalvarte es una periodista y fot\u00f3grafa documental peruana que vive en Austin, Texas. El foco de inter\u00e9s de su cobertura noticiosa es la regi\u00f3n andina. En Per\u00fa, Paola trabaj\u00f3 en la oficina de Lima de la agencia italiana de noticias ANSA, en la secci\u00f3n de econom\u00eda del diario Expreso y por diez a\u00f1os hizo investigaci\u00f3n fotogr\u00e1fica y edici\u00f3n de fotograf\u00eda editorial en el diario decano de la prensa peruana, El Comercio. Tambi\u00e9n escribi\u00f3 para Somos, la revista semanal del mismo diario\u200b, art\u00edculos sobre medio ambiente y cultura. Paola Nalvarte \u00e9 uma jornalista peruana e fot\u00f3grafa documentarista que vive em Austin, Texas. O foco de interesse da sua cobertura jornal\u00edstica \u00e9 a regi\u00e3o andina. No Peru, Paola trabalhou no escrit\u00f3rio de Lima da ag\u00eancia de not\u00edcias italiana ANSA, na se\u00e7\u00e3o de economia do jornal Expreso e, por dez anos, fez pesquisa fotogr\u00e1fica e edi\u00e7\u00e3o de fotografia editorial para um dos jornais em espanhol mais antigos do mundo, o jornal peruano El Comercio. Ela tamb\u00e9m escreveu artigos de meio ambiente e cultura para a Somos, a revista semanal do mesmo jornal.\",\"sameAs\":[\"https:\\\/\\\/x.com\\\/paolanalvarte\"],\"url\":\"https:\\\/\\\/latamjournalismreview.org\\\/es\\\/articles\\\/author\\\/paola-nalvarte\\\/\"}]}<\/script>\n<!-- \/ Yoast SEO Premium plugin. -->","yoast_head_json":{"title":"Asamblea general de la SIP conden\u00f3 los numerosos mecanismos de restricci\u00f3n y persecuci\u00f3n a la prensa del gobierno venezolano - LatAm Journalism Review","description":"Asamblea general de la SIP conden\u00f3 los numerosos mecanismos de restricci\u00f3n y persecuci\u00f3n a la prensa del gobierno venezolano Libertad de prensa. Latin American Journalism Review by The Knight Center at The University of Texas at Austin.","robots":{"index":"index","follow":"follow","max-snippet":"max-snippet:-1","max-image-preview":"max-image-preview:large","max-video-preview":"max-video-preview:-1"},"canonical":"https:\/\/latamjournalismreview.org\/es\/articles\/asamblea-general-de-la-sip-condeno-los-numerosos-mecanismos-de-restriccion-y-persecucion-a-la-prensa-del-gobierno-venezolano\/","og_locale":"es_ES","og_type":"article","og_title":"Asamblea general de la SIP conden\u00f3 los numerosos mecanismos de restricci\u00f3n y persecuci\u00f3n a la prensa del gobierno venezolano","og_description":"Asamblea general de la SIP conden\u00f3 los numerosos mecanismos de restricci\u00f3n y persecuci\u00f3n a la prensa del gobierno venezolano Libertad de prensa. Latin American Journalism Review by The Knight Center at The University of Texas at Austin.","og_url":"https:\/\/latamjournalismreview.org\/es\/articles\/asamblea-general-de-la-sip-condeno-los-numerosos-mecanismos-de-restriccion-y-persecucion-a-la-prensa-del-gobierno-venezolano\/","og_site_name":"LatAm Journalism Review","article_published_time":"2017-11-01T22:04:12+00:00","article_modified_time":"2022-05-23T22:05:53+00:00","author":"Paola Nalvarte","twitter_card":"summary_large_image","twitter_creator":"@paolanalvarte","twitter_site":"@LatAmJournalism","twitter_misc":{"Written by":"Paola Nalvarte","Est. reading time":"4 minutos"},"schema":{"@context":"https:\/\/schema.org","@graph":[{"@type":"Article","@id":"https:\/\/latamjournalismreview.org\/es\/articles\/asamblea-general-de-la-sip-condeno-los-numerosos-mecanismos-de-restriccion-y-persecucion-a-la-prensa-del-gobierno-venezolano\/#article","isPartOf":{"@id":"https:\/\/latamjournalismreview.org\/es\/articles\/asamblea-general-de-la-sip-condeno-los-numerosos-mecanismos-de-restriccion-y-persecucion-a-la-prensa-del-gobierno-venezolano\/"},"author":{"name":"Paola Nalvarte","@id":"https:\/\/latamjournalismreview.org\/es\/#\/schema\/person\/d0b9fa850ef1b6f56bb445e52f29f63f"},"headline":"Asamblea general de la SIP conden\u00f3 los numerosos mecanismos de restricci\u00f3n y persecuci\u00f3n a la prensa del gobierno venezolano","datePublished":"2017-11-01T22:04:12+00:00","dateModified":"2022-05-23T22:05:53+00:00","mainEntityOfPage":{"@id":"https:\/\/latamjournalismreview.org\/es\/articles\/asamblea-general-de-la-sip-condeno-los-numerosos-mecanismos-de-restriccion-y-persecucion-a-la-prensa-del-gobierno-venezolano\/"},"wordCount":831,"publisher":{"@id":"https:\/\/latamjournalismreview.org\/es\/#organization"},"keywords":["Amenazas contra periodistas","Censura","Venezuela"],"articleSection":["Libertad de prensa"],"inLanguage":"es"},{"@type":"WebPage","@id":"https:\/\/latamjournalismreview.org\/es\/articles\/asamblea-general-de-la-sip-condeno-los-numerosos-mecanismos-de-restriccion-y-persecucion-a-la-prensa-del-gobierno-venezolano\/","url":"https:\/\/latamjournalismreview.org\/es\/articles\/asamblea-general-de-la-sip-condeno-los-numerosos-mecanismos-de-restriccion-y-persecucion-a-la-prensa-del-gobierno-venezolano\/","name":"Asamblea general de la SIP conden\u00f3 los numerosos mecanismos de restricci\u00f3n y persecuci\u00f3n a la prensa del gobierno venezolano - LatAm Journalism Review","isPartOf":{"@id":"https:\/\/latamjournalismreview.org\/es\/#website"},"datePublished":"2017-11-01T22:04:12+00:00","dateModified":"2022-05-23T22:05:53+00:00","description":"Asamblea general de la SIP conden\u00f3 los numerosos mecanismos de restricci\u00f3n y persecuci\u00f3n a la prensa del gobierno venezolano Libertad de prensa. Latin American Journalism Review by The Knight Center at The University of Texas at Austin.","breadcrumb":{"@id":"https:\/\/latamjournalismreview.org\/es\/articles\/asamblea-general-de-la-sip-condeno-los-numerosos-mecanismos-de-restriccion-y-persecucion-a-la-prensa-del-gobierno-venezolano\/#breadcrumb"},"inLanguage":"es","potentialAction":[{"@type":"ReadAction","target":["https:\/\/latamjournalismreview.org\/es\/articles\/asamblea-general-de-la-sip-condeno-los-numerosos-mecanismos-de-restriccion-y-persecucion-a-la-prensa-del-gobierno-venezolano\/"]}]},{"@type":"BreadcrumbList","@id":"https:\/\/latamjournalismreview.org\/es\/articles\/asamblea-general-de-la-sip-condeno-los-numerosos-mecanismos-de-restriccion-y-persecucion-a-la-prensa-del-gobierno-venezolano\/#breadcrumb","itemListElement":[{"@type":"ListItem","position":1,"name":"Home","item":"https:\/\/latamjournalismreview.org\/es\/"},{"@type":"ListItem","position":2,"name":"Asamblea general de la SIP conden\u00f3 los numerosos mecanismos de restricci\u00f3n y persecuci\u00f3n a la prensa del gobierno venezolano"}]},{"@type":"WebSite","@id":"https:\/\/latamjournalismreview.org\/es\/#website","url":"https:\/\/latamjournalismreview.org\/es\/","name":"LatAm Journalism Review","description":"Knight Center at The University of Texas","publisher":{"@id":"https:\/\/latamjournalismreview.org\/es\/#organization"},"potentialAction":[{"@type":"SearchAction","target":{"@type":"EntryPoint","urlTemplate":"https:\/\/latamjournalismreview.org\/es\/?s={search_term_string}"},"query-input":{"@type":"PropertyValueSpecification","valueRequired":true,"valueName":"search_term_string"}}],"inLanguage":"es"},{"@type":"Organization","@id":"https:\/\/latamjournalismreview.org\/es\/#organization","name":"LatAm Journalism Review","url":"https:\/\/latamjournalismreview.org\/es\/","logo":{"@type":"ImageObject","inLanguage":"es","@id":"https:\/\/latamjournalismreview.org\/es\/#\/schema\/logo\/image\/","url":"https:\/\/latamjournalismreview.org\/wp-content\/uploads\/2020\/05\/knight-latAm-review-logo.svg","contentUrl":"https:\/\/latamjournalismreview.org\/wp-content\/uploads\/2020\/05\/knight-latAm-review-logo.svg","width":"1024","height":"1024","caption":"LatAm Journalism Review"},"image":{"@id":"https:\/\/latamjournalismreview.org\/es\/#\/schema\/logo\/image\/"},"sameAs":["https:\/\/x.com\/LatAmJournalism"]},{"@type":"Person","@id":"https:\/\/latamjournalismreview.org\/es\/#\/schema\/person\/d0b9fa850ef1b6f56bb445e52f29f63f","name":"Paola Nalvarte","description":"Paola Nalvarte is a Peruvian journalist and documentary photographer living in Austin, Texas. She focuses on covering and writing about the Andes region. In Peru, Paola worked in the Lima office of the Italian news agency ANSA, on the economic news desk of the daily Expreso, and for ten years she has been working on different editorial projects doing picture editing and research for one of the oldest Spanish-language papers in the world, the Peruvian newspaper El Comercio. She also enjoyed writing for the newspaper weekly magazine Somos. Paola Nalvarte es una periodista y fot\u00f3grafa documental peruana que vive en Austin, Texas. El foco de inter\u00e9s de su cobertura noticiosa es la regi\u00f3n andina. En Per\u00fa, Paola trabaj\u00f3 en la oficina de Lima de la agencia italiana de noticias ANSA, en la secci\u00f3n de econom\u00eda del diario Expreso y por diez a\u00f1os hizo investigaci\u00f3n fotogr\u00e1fica y edici\u00f3n de fotograf\u00eda editorial en el diario decano de la prensa peruana, El Comercio. Tambi\u00e9n escribi\u00f3 para Somos, la revista semanal del mismo diario\u200b, art\u00edculos sobre medio ambiente y cultura. Paola Nalvarte \u00e9 uma jornalista peruana e fot\u00f3grafa documentarista que vive em Austin, Texas. O foco de interesse da sua cobertura jornal\u00edstica \u00e9 a regi\u00e3o andina. No Peru, Paola trabalhou no escrit\u00f3rio de Lima da ag\u00eancia de not\u00edcias italiana ANSA, na se\u00e7\u00e3o de economia do jornal Expreso e, por dez anos, fez pesquisa fotogr\u00e1fica e edi\u00e7\u00e3o de fotografia editorial para um dos jornais em espanhol mais antigos do mundo, o jornal peruano El Comercio. Ela tamb\u00e9m escreveu artigos de meio ambiente e cultura para a Somos, a revista semanal do mesmo jornal.","sameAs":["https:\/\/x.com\/paolanalvarte"],"url":"https:\/\/latamjournalismreview.org\/es\/articles\/author\/paola-nalvarte\/"}]}},"_links":{"self":[{"href":"https:\/\/latamjournalismreview.org\/es\/wp-json\/wp\/v2\/posts\/55012","targetHints":{"allow":["GET"]}}],"collection":[{"href":"https:\/\/latamjournalismreview.org\/es\/wp-json\/wp\/v2\/posts"}],"about":[{"href":"https:\/\/latamjournalismreview.org\/es\/wp-json\/wp\/v2\/types\/post"}],"author":[{"embeddable":true,"href":"https:\/\/latamjournalismreview.org\/es\/wp-json\/wp\/v2\/users\/4"}],"replies":[{"embeddable":true,"href":"https:\/\/latamjournalismreview.org\/es\/wp-json\/wp\/v2\/comments?post=55012"}],"version-history":[{"count":1,"href":"https:\/\/latamjournalismreview.org\/es\/wp-json\/wp\/v2\/posts\/55012\/revisions"}],"predecessor-version":[{"id":55015,"href":"https:\/\/latamjournalismreview.org\/es\/wp-json\/wp\/v2\/posts\/55012\/revisions\/55015"}],"wp:attachment":[{"href":"https:\/\/latamjournalismreview.org\/es\/wp-json\/wp\/v2\/media?parent=55012"}],"wp:term":[{"taxonomy":"category","embeddable":true,"href":"https:\/\/latamjournalismreview.org\/es\/wp-json\/wp\/v2\/categories?post=55012"},{"taxonomy":"post_tag","embeddable":true,"href":"https:\/\/latamjournalismreview.org\/es\/wp-json\/wp\/v2\/tags?post=55012"},{"taxonomy":"author","embeddable":true,"href":"https:\/\/latamjournalismreview.org\/es\/wp-json\/wp\/v2\/coauthors?post=55012"}],"curies":[{"name":"wp","href":"https:\/\/api.w.org\/{rel}","templated":true}]}}