{"id":55394,"date":"2011-01-21T10:01:11","date_gmt":"2011-01-21T15:01:11","guid":{"rendered":"https:\/\/latamjournalismreview.org\/?p=55394"},"modified":"2022-05-25T10:02:07","modified_gmt":"2022-05-25T15:02:07","slug":"turba-agrede-a-periodistas-de-televisora-milenio-en-mexico","status":"publish","type":"post","link":"https:\/\/latamjournalismreview.org\/es\/articles\/turba-agrede-a-periodistas-de-televisora-milenio-en-mexico\/","title":{"rendered":"Turba agrede a periodistas de televisora Milenio en M\u00e9xico"},"content":{"rendered":"<p><a href=\"http:\/\/www.radioformula.com.mx\/notas.asp?Idn=152029\">Un equipo de Milenio Televisi\u00f3n fue agredido y retenido<\/a>\u00a0por una turba cuando realizaba un trabajo de investigaci\u00f3n en las afueras del rancho del l\u00edder del sindicato de electricistas, en el poblado de\u00a0<a href=\"http:\/\/es.wikipedia.org\/wiki\/Tetepango\">Tetepango<\/a>, al norte de Ciudad de M\u00e9xico, informaron medios locales.<\/p>\n<p>El reportero Javier Vega y el camar\u00f3grafo Juan Carlos Mart\u00ednez fueron rodeados por un grupo de presuntos trabajadores del rancho, quienes\u00a0<a href=\"http:\/\/www.milenio.com\/node\/626573\">rompieron los vidrios del auto en que viajaban, poncharon las llantas y golpearon a los periodistas<\/a>, inform\u00f3 el diario Milenio, de la misma cadena de medios que la televisora. Sin embargo, el director editorial de Milenio Televisi\u00f3n, Roberto L\u00f3pez, afirm\u00f3 que\u00a0<a href=\"http:\/\/www.radioformula.com.mx\/notas.asp?Idn=152066\">los reporteros no resultaron heridos de gravedad<\/a>, report\u00f3 Radio F\u00f3rmula, y fueron\u00a0<a href=\"http:\/\/www.yucatan.com.mx\/20110120\/nota-13\/65144-liberan-a-reporteros-retenidos-afuera-de-rancho-de-martin-esparza.htm\">rescatados por la polic\u00eda<\/a>, agreg\u00f3 la agencia Notimex.<\/p>\n<p>La\u00a0<a href=\"http:\/\/www.milenio.com\/node\/626585\">Fiscal\u00eda general inici\u00f3 una investigaci\u00f3n<\/a>\u00a0sobre el asunto por los delitos de lesiones, robo y da\u00f1o a propiedad ajena en perjuicio de Milenio Televisi\u00f3n, mientras que el dirigente de los electricistas y due\u00f1o del rancho donde ocurri\u00f3 la agresi\u00f3n, Mart\u00edn Esparza, se\u00f1al\u00f3 que se present\u00f3 una\u00a0<a href=\"http:\/\/sdpnoticias.com\/sdp\/contenido\/nacional\/2011\/01\/20\/1003\/1189475\">denuncia por allanamiento de morada en contra de los periodistas<\/a>, inform\u00f3 SDPnoticias.com.<\/p>\n<p>Otro episodio de agresi\u00f3n afect\u00f3 al mismo medio en el central estado de\u00a0<a href=\"http:\/\/es.wikipedia.org\/wiki\/Puebla\">Puebla<\/a>, donde\u00a0<a href=\"http:\/\/periodicodigital.com.mx\/portal\/index.php?option=com_k2&amp;view=item&amp;id=122119:agresiones-y-desmayos-en-la-primara-sesi%C3%B3n-formal-de-la-lviii-legislatura&amp;Itemid=534\">un diputado local sac\u00f3 a empujones de la sesi\u00f3n de la legislatura estatal al fot\u00f3grafo de Milenio Luis Hern\u00e1ndez<\/a>. El peri\u00f3dico report\u00f3 que\u00a0<a href=\"http:\/\/www.mpuebla.com\/nota.php?id=21658\">el legislador se enoj\u00f3 porque Hern\u00e1ndez recibi\u00f3 una llamada telef\u00f3nica<\/a>\u00a0en su celular durante el evento.<\/p>\n<p><em>Nota del editor: Esta historia fue publicada originalmente en el blog Periodismo en las Am\u00e9ricas del Centro Knight, el predecesor de LatAm Journalism Review.<\/em><\/p>\n","protected":false},"excerpt":{"rendered":"<p>Un equipo de Milenio Televisi\u00f3n fue agredido y retenido\u00a0por una turba cuando realizaba un trabajo de investigaci\u00f3n en las afueras del rancho del l\u00edder del sindicato de electricistas, en el poblado de\u00a0Tetepango, al norte de Ciudad de M\u00e9xico, informaron medios locales.<\/p>\n","protected":false},"author":43,"featured_media":0,"comment_status":"closed","ping_status":"closed","sticky":false,"template":"","format":"standard","meta":{"inline_featured_image":false,"footnotes":""},"categories":[1222],"tags":[1393,1431],"coauthors":[],"class_list":["post-55394","post","type-post","status-publish","format-standard","hentry","category-violencia-contra-periodistas-es","tag-mexico-es","tag-radio-y-tv-es"],"acf":[],"yoast_head":"<!-- This site is optimized with the Yoast SEO Premium plugin v22.6 (Yoast SEO v27.4) - https:\/\/yoast.com\/product\/yoast-seo-premium-wordpress\/ -->\n<title>Turba agrede a periodistas de televisora Milenio en M\u00e9xico - LatAm Journalism Review<\/title>\n<meta name=\"description\" content=\"Turba agrede a periodistas de televisora Milenio en M\u00e9xico Violencia contra periodistas. Latin American Journalism Review by The Knight Center at The University of Texas at Austin.\" \/>\n<meta name=\"robots\" content=\"index, follow, max-snippet:-1, max-image-preview:large, max-video-preview:-1\" \/>\n<link rel=\"canonical\" href=\"https:\/\/latamjournalismreview.org\/es\/articles\/turba-agrede-a-periodistas-de-televisora-milenio-en-mexico\/\" \/>\n<meta property=\"og:locale\" content=\"es_ES\" \/>\n<meta property=\"og:type\" content=\"article\" \/>\n<meta property=\"og:title\" content=\"Turba agrede a periodistas de televisora Milenio en M\u00e9xico\" \/>\n<meta property=\"og:description\" content=\"Turba agrede a periodistas de televisora Milenio en M\u00e9xico Violencia contra periodistas. Latin American Journalism Review by The Knight Center at The University of Texas at Austin.\" \/>\n<meta property=\"og:url\" content=\"https:\/\/latamjournalismreview.org\/es\/articles\/turba-agrede-a-periodistas-de-televisora-milenio-en-mexico\/\" \/>\n<meta property=\"og:site_name\" content=\"LatAm Journalism Review\" \/>\n<meta property=\"article:published_time\" content=\"2011-01-21T15:01:11+00:00\" \/>\n<meta property=\"article:modified_time\" content=\"2022-05-25T15:02:07+00:00\" \/>\n<meta name=\"author\" content=\"Monica Medel\" \/>\n<meta name=\"twitter:card\" content=\"summary_large_image\" \/>\n<meta name=\"twitter:creator\" content=\"@LatAmJournalism\" \/>\n<meta name=\"twitter:site\" content=\"@LatAmJournalism\" \/>\n<meta name=\"twitter:label1\" content=\"Written by\" \/>\n\t<meta name=\"twitter:data1\" content=\"Monica Medel\" \/>\n\t<meta name=\"twitter:label2\" content=\"Est. reading time\" \/>\n\t<meta name=\"twitter:data2\" content=\"1 minuto\" \/>\n<script type=\"application\/ld+json\" class=\"yoast-schema-graph\">{\"@context\":\"https:\\\/\\\/schema.org\",\"@graph\":[{\"@type\":\"Article\",\"@id\":\"https:\\\/\\\/latamjournalismreview.org\\\/es\\\/articles\\\/turba-agrede-a-periodistas-de-televisora-milenio-en-mexico\\\/#article\",\"isPartOf\":{\"@id\":\"https:\\\/\\\/latamjournalismreview.org\\\/es\\\/articles\\\/turba-agrede-a-periodistas-de-televisora-milenio-en-mexico\\\/\"},\"author\":{\"name\":\"Monica Medel\",\"@id\":\"https:\\\/\\\/latamjournalismreview.org\\\/es\\\/#\\\/schema\\\/person\\\/1746872e9af4abc45355e4a7a4ddcea5\"},\"headline\":\"Turba agrede a periodistas de televisora Milenio en M\u00e9xico\",\"datePublished\":\"2011-01-21T15:01:11+00:00\",\"dateModified\":\"2022-05-25T15:02:07+00:00\",\"mainEntityOfPage\":{\"@id\":\"https:\\\/\\\/latamjournalismreview.org\\\/es\\\/articles\\\/turba-agrede-a-periodistas-de-televisora-milenio-en-mexico\\\/\"},\"wordCount\":299,\"publisher\":{\"@id\":\"https:\\\/\\\/latamjournalismreview.org\\\/es\\\/#organization\"},\"keywords\":[\"M\u00e9xico\",\"Radio y TV\"],\"articleSection\":[\"Violencia contra periodistas\"],\"inLanguage\":\"es\"},{\"@type\":\"WebPage\",\"@id\":\"https:\\\/\\\/latamjournalismreview.org\\\/es\\\/articles\\\/turba-agrede-a-periodistas-de-televisora-milenio-en-mexico\\\/\",\"url\":\"https:\\\/\\\/latamjournalismreview.org\\\/es\\\/articles\\\/turba-agrede-a-periodistas-de-televisora-milenio-en-mexico\\\/\",\"name\":\"Turba agrede a periodistas de televisora Milenio en M\u00e9xico - LatAm Journalism Review\",\"isPartOf\":{\"@id\":\"https:\\\/\\\/latamjournalismreview.org\\\/es\\\/#website\"},\"datePublished\":\"2011-01-21T15:01:11+00:00\",\"dateModified\":\"2022-05-25T15:02:07+00:00\",\"description\":\"Turba agrede a periodistas de televisora Milenio en M\u00e9xico Violencia contra periodistas. Latin American Journalism Review by The Knight Center at The University of Texas at Austin.\",\"breadcrumb\":{\"@id\":\"https:\\\/\\\/latamjournalismreview.org\\\/es\\\/articles\\\/turba-agrede-a-periodistas-de-televisora-milenio-en-mexico\\\/#breadcrumb\"},\"inLanguage\":\"es\",\"potentialAction\":[{\"@type\":\"ReadAction\",\"target\":[\"https:\\\/\\\/latamjournalismreview.org\\\/es\\\/articles\\\/turba-agrede-a-periodistas-de-televisora-milenio-en-mexico\\\/\"]}]},{\"@type\":\"BreadcrumbList\",\"@id\":\"https:\\\/\\\/latamjournalismreview.org\\\/es\\\/articles\\\/turba-agrede-a-periodistas-de-televisora-milenio-en-mexico\\\/#breadcrumb\",\"itemListElement\":[{\"@type\":\"ListItem\",\"position\":1,\"name\":\"Home\",\"item\":\"https:\\\/\\\/latamjournalismreview.org\\\/es\\\/\"},{\"@type\":\"ListItem\",\"position\":2,\"name\":\"Turba agrede a periodistas de televisora Milenio en M\u00e9xico\"}]},{\"@type\":\"WebSite\",\"@id\":\"https:\\\/\\\/latamjournalismreview.org\\\/es\\\/#website\",\"url\":\"https:\\\/\\\/latamjournalismreview.org\\\/es\\\/\",\"name\":\"LatAm Journalism Review\",\"description\":\"Knight Center at The University of Texas\",\"publisher\":{\"@id\":\"https:\\\/\\\/latamjournalismreview.org\\\/es\\\/#organization\"},\"potentialAction\":[{\"@type\":\"SearchAction\",\"target\":{\"@type\":\"EntryPoint\",\"urlTemplate\":\"https:\\\/\\\/latamjournalismreview.org\\\/es\\\/?s={search_term_string}\"},\"query-input\":{\"@type\":\"PropertyValueSpecification\",\"valueRequired\":true,\"valueName\":\"search_term_string\"}}],\"inLanguage\":\"es\"},{\"@type\":\"Organization\",\"@id\":\"https:\\\/\\\/latamjournalismreview.org\\\/es\\\/#organization\",\"name\":\"LatAm Journalism Review\",\"url\":\"https:\\\/\\\/latamjournalismreview.org\\\/es\\\/\",\"logo\":{\"@type\":\"ImageObject\",\"inLanguage\":\"es\",\"@id\":\"https:\\\/\\\/latamjournalismreview.org\\\/es\\\/#\\\/schema\\\/logo\\\/image\\\/\",\"url\":\"https:\\\/\\\/latamjournalismreview.org\\\/wp-content\\\/uploads\\\/2020\\\/05\\\/knight-latAm-review-logo.svg\",\"contentUrl\":\"https:\\\/\\\/latamjournalismreview.org\\\/wp-content\\\/uploads\\\/2020\\\/05\\\/knight-latAm-review-logo.svg\",\"width\":\"1024\",\"height\":\"1024\",\"caption\":\"LatAm Journalism Review\"},\"image\":{\"@id\":\"https:\\\/\\\/latamjournalismreview.org\\\/es\\\/#\\\/schema\\\/logo\\\/image\\\/\"},\"sameAs\":[\"https:\\\/\\\/x.com\\\/LatAmJournalism\"]},{\"@type\":\"Person\",\"@id\":\"https:\\\/\\\/latamjournalismreview.org\\\/es\\\/#\\\/schema\\\/person\\\/1746872e9af4abc45355e4a7a4ddcea5\",\"name\":\"Monica Medel\",\"url\":\"https:\\\/\\\/latamjournalismreview.org\\\/es\\\/articles\\\/author\\\/monica-medel\\\/\"}]}<\/script>\n<!-- \/ Yoast SEO Premium plugin. -->","yoast_head_json":{"title":"Turba agrede a periodistas de televisora Milenio en M\u00e9xico - LatAm Journalism Review","description":"Turba agrede a periodistas de televisora Milenio en M\u00e9xico Violencia contra periodistas. Latin American Journalism Review by The Knight Center at The University of Texas at Austin.","robots":{"index":"index","follow":"follow","max-snippet":"max-snippet:-1","max-image-preview":"max-image-preview:large","max-video-preview":"max-video-preview:-1"},"canonical":"https:\/\/latamjournalismreview.org\/es\/articles\/turba-agrede-a-periodistas-de-televisora-milenio-en-mexico\/","og_locale":"es_ES","og_type":"article","og_title":"Turba agrede a periodistas de televisora Milenio en M\u00e9xico","og_description":"Turba agrede a periodistas de televisora Milenio en M\u00e9xico Violencia contra periodistas. Latin American Journalism Review by The Knight Center at The University of Texas at Austin.","og_url":"https:\/\/latamjournalismreview.org\/es\/articles\/turba-agrede-a-periodistas-de-televisora-milenio-en-mexico\/","og_site_name":"LatAm Journalism Review","article_published_time":"2011-01-21T15:01:11+00:00","article_modified_time":"2022-05-25T15:02:07+00:00","author":"Monica Medel","twitter_card":"summary_large_image","twitter_creator":"@LatAmJournalism","twitter_site":"@LatAmJournalism","twitter_misc":{"Written by":"Monica Medel","Est. reading time":"1 minuto"},"schema":{"@context":"https:\/\/schema.org","@graph":[{"@type":"Article","@id":"https:\/\/latamjournalismreview.org\/es\/articles\/turba-agrede-a-periodistas-de-televisora-milenio-en-mexico\/#article","isPartOf":{"@id":"https:\/\/latamjournalismreview.org\/es\/articles\/turba-agrede-a-periodistas-de-televisora-milenio-en-mexico\/"},"author":{"name":"Monica Medel","@id":"https:\/\/latamjournalismreview.org\/es\/#\/schema\/person\/1746872e9af4abc45355e4a7a4ddcea5"},"headline":"Turba agrede a periodistas de televisora Milenio en M\u00e9xico","datePublished":"2011-01-21T15:01:11+00:00","dateModified":"2022-05-25T15:02:07+00:00","mainEntityOfPage":{"@id":"https:\/\/latamjournalismreview.org\/es\/articles\/turba-agrede-a-periodistas-de-televisora-milenio-en-mexico\/"},"wordCount":299,"publisher":{"@id":"https:\/\/latamjournalismreview.org\/es\/#organization"},"keywords":["M\u00e9xico","Radio y TV"],"articleSection":["Violencia contra periodistas"],"inLanguage":"es"},{"@type":"WebPage","@id":"https:\/\/latamjournalismreview.org\/es\/articles\/turba-agrede-a-periodistas-de-televisora-milenio-en-mexico\/","url":"https:\/\/latamjournalismreview.org\/es\/articles\/turba-agrede-a-periodistas-de-televisora-milenio-en-mexico\/","name":"Turba agrede a periodistas de televisora Milenio en M\u00e9xico - LatAm Journalism Review","isPartOf":{"@id":"https:\/\/latamjournalismreview.org\/es\/#website"},"datePublished":"2011-01-21T15:01:11+00:00","dateModified":"2022-05-25T15:02:07+00:00","description":"Turba agrede a periodistas de televisora Milenio en M\u00e9xico Violencia contra periodistas. Latin American Journalism Review by The Knight Center at The University of Texas at Austin.","breadcrumb":{"@id":"https:\/\/latamjournalismreview.org\/es\/articles\/turba-agrede-a-periodistas-de-televisora-milenio-en-mexico\/#breadcrumb"},"inLanguage":"es","potentialAction":[{"@type":"ReadAction","target":["https:\/\/latamjournalismreview.org\/es\/articles\/turba-agrede-a-periodistas-de-televisora-milenio-en-mexico\/"]}]},{"@type":"BreadcrumbList","@id":"https:\/\/latamjournalismreview.org\/es\/articles\/turba-agrede-a-periodistas-de-televisora-milenio-en-mexico\/#breadcrumb","itemListElement":[{"@type":"ListItem","position":1,"name":"Home","item":"https:\/\/latamjournalismreview.org\/es\/"},{"@type":"ListItem","position":2,"name":"Turba agrede a periodistas de televisora Milenio en M\u00e9xico"}]},{"@type":"WebSite","@id":"https:\/\/latamjournalismreview.org\/es\/#website","url":"https:\/\/latamjournalismreview.org\/es\/","name":"LatAm Journalism Review","description":"Knight Center at The University of Texas","publisher":{"@id":"https:\/\/latamjournalismreview.org\/es\/#organization"},"potentialAction":[{"@type":"SearchAction","target":{"@type":"EntryPoint","urlTemplate":"https:\/\/latamjournalismreview.org\/es\/?s={search_term_string}"},"query-input":{"@type":"PropertyValueSpecification","valueRequired":true,"valueName":"search_term_string"}}],"inLanguage":"es"},{"@type":"Organization","@id":"https:\/\/latamjournalismreview.org\/es\/#organization","name":"LatAm Journalism Review","url":"https:\/\/latamjournalismreview.org\/es\/","logo":{"@type":"ImageObject","inLanguage":"es","@id":"https:\/\/latamjournalismreview.org\/es\/#\/schema\/logo\/image\/","url":"https:\/\/latamjournalismreview.org\/wp-content\/uploads\/2020\/05\/knight-latAm-review-logo.svg","contentUrl":"https:\/\/latamjournalismreview.org\/wp-content\/uploads\/2020\/05\/knight-latAm-review-logo.svg","width":"1024","height":"1024","caption":"LatAm Journalism Review"},"image":{"@id":"https:\/\/latamjournalismreview.org\/es\/#\/schema\/logo\/image\/"},"sameAs":["https:\/\/x.com\/LatAmJournalism"]},{"@type":"Person","@id":"https:\/\/latamjournalismreview.org\/es\/#\/schema\/person\/1746872e9af4abc45355e4a7a4ddcea5","name":"Monica Medel","url":"https:\/\/latamjournalismreview.org\/es\/articles\/author\/monica-medel\/"}]}},"_links":{"self":[{"href":"https:\/\/latamjournalismreview.org\/es\/wp-json\/wp\/v2\/posts\/55394","targetHints":{"allow":["GET"]}}],"collection":[{"href":"https:\/\/latamjournalismreview.org\/es\/wp-json\/wp\/v2\/posts"}],"about":[{"href":"https:\/\/latamjournalismreview.org\/es\/wp-json\/wp\/v2\/types\/post"}],"author":[{"embeddable":true,"href":"https:\/\/latamjournalismreview.org\/es\/wp-json\/wp\/v2\/users\/43"}],"replies":[{"embeddable":true,"href":"https:\/\/latamjournalismreview.org\/es\/wp-json\/wp\/v2\/comments?post=55394"}],"version-history":[{"count":1,"href":"https:\/\/latamjournalismreview.org\/es\/wp-json\/wp\/v2\/posts\/55394\/revisions"}],"predecessor-version":[{"id":55396,"href":"https:\/\/latamjournalismreview.org\/es\/wp-json\/wp\/v2\/posts\/55394\/revisions\/55396"}],"wp:attachment":[{"href":"https:\/\/latamjournalismreview.org\/es\/wp-json\/wp\/v2\/media?parent=55394"}],"wp:term":[{"taxonomy":"category","embeddable":true,"href":"https:\/\/latamjournalismreview.org\/es\/wp-json\/wp\/v2\/categories?post=55394"},{"taxonomy":"post_tag","embeddable":true,"href":"https:\/\/latamjournalismreview.org\/es\/wp-json\/wp\/v2\/tags?post=55394"},{"taxonomy":"author","embeddable":true,"href":"https:\/\/latamjournalismreview.org\/es\/wp-json\/wp\/v2\/coauthors?post=55394"}],"curies":[{"name":"wp","href":"https:\/\/api.w.org\/{rel}","templated":true}]}}