{"id":55421,"date":"2011-01-24T10:49:21","date_gmt":"2011-01-24T15:49:21","guid":{"rendered":"https:\/\/latamjournalismreview.org\/?p=55421"},"modified":"2022-05-25T10:50:24","modified_gmt":"2022-05-25T15:50:24","slug":"director-de-periodico-sufre-atentado-con-bomba-en-el-sur-de-brasil","status":"publish","type":"post","link":"https:\/\/latamjournalismreview.org\/es\/articles\/director-de-periodico-sufre-atentado-con-bomba-en-el-sur-de-brasil\/","title":{"rendered":"Director de peri\u00f3dico sufre atentado con bomba en el sur de Brasil"},"content":{"rendered":"<p><em>Por Maira Magro<\/em><\/p>\n<p>La casa del director del diario brasile\u00f1o\u00a0<a href=\"http:\/\/www.morretesnoticia.com.br\/\">Morretes Not\u00edcia<\/a>, Orley Antunes, fue\u00a0<a href=\"http:\/\/www.morretesnoticia.com.br\/index.php?option=com_content&amp;view=article&amp;id=618:diretor-de-jornal-de-morretes-sofre-atentado&amp;catid=115:morretes3&amp;Itemid=652\">blanco de un atentado explosivo<\/a>\u00a0el 17 de enero en\u00a0<a href=\"http:\/\/tinyurl.com\/62yac98\">Morretes<\/a>, en la costa del sure\u00f1o estado de\u00a0<a href=\"http:\/\/es.wikipedia.org\/wiki\/Estado_de_Paran%C3%A1\">Paran\u00e1<\/a>, report\u00f3 el mismo peri\u00f3dico.<\/p>\n<p>Antunes explic\u00f3 a Folha de S. Paulo que\u00a0<a href=\"http:\/\/www1.folha.uol.com.br\/poder\/864229-casa-de-diretor-de-jornal-e-alvo-de-bomba-no-parana.shtml\">la puerta de su domicilio fue derribada y una bomba casera fue lanzada en una escalera que lleva al segundo piso<\/a>. La explosi\u00f3n dej\u00f3 vidrios rotos y escombros, pero nadie sali\u00f3 herido.<\/p>\n<p>\u201cEsto es un atentado pol\u00edtico\u201d, afirm\u00f3 el empresario y autor de un\u00a0<a href=\"http:\/\/orleyantunes.blogspot.com\/\">blog que discute los problemas del municipio<\/a>. \u201cCreo que est\u00e1n involucrados aquellos inc\u00f3modos con las revelaciones que hago\u201d, denunci\u00f3 Antunes, citado por Morretes Not\u00edcia.<\/p>\n<p>Seg\u00fan la publicaci\u00f3n, \u00e9ste es el tercer atentado de este tipo contra Orley, con otras dos bombas lanzadas en las afueras de su casa. Jornal Floripa inform\u00f3 que\u00a0<a href=\"http:\/\/www.jornalfloripa.com.br\/brasil\/ver_info_jornalfloripa.asp?NewsID=9258\">el incidente ser\u00eda registrado por la comisar\u00eda local<\/a>.<\/p>\n<p><em>Nota del editor: Esta historia fue publicada originalmente en el blog Periodismo en las Am\u00e9ricas del Centro Knight, el predecesor de LatAm Journalism Review.<\/em><\/p>\n","protected":false},"excerpt":{"rendered":"<p>La casa del director del diario brasile\u00f1o\u00a0Morretes Not\u00edcia, Orley Antunes, fue\u00a0blanco de un atentado explosivo\u00a0el 17 de enero en\u00a0Morretes, en la costa del sure\u00f1o estado de\u00a0Paran\u00e1, report\u00f3 el mismo peri\u00f3dico.<\/p>\n","protected":false},"author":17,"featured_media":0,"comment_status":"closed","ping_status":"closed","sticky":false,"template":"","format":"standard","meta":{"inline_featured_image":false,"footnotes":""},"categories":[1222],"tags":[1522],"coauthors":[],"class_list":["post-55421","post","type-post","status-publish","format-standard","hentry","category-violencia-contra-periodistas-es","tag-amenazas-contra-periodistas-es"],"acf":[],"yoast_head":"<!-- This site is optimized with the Yoast SEO Premium plugin v22.6 (Yoast SEO v27.4) - https:\/\/yoast.com\/product\/yoast-seo-premium-wordpress\/ -->\n<title>Director de peri\u00f3dico sufre atentado con bomba en el sur de Brasil - LatAm Journalism Review<\/title>\n<meta name=\"description\" content=\"Director de peri\u00f3dico sufre atentado con bomba en el sur de Brasil Violencia contra periodistas. Latin American Journalism Review by The Knight Center at The University of Texas at Austin.\" \/>\n<meta name=\"robots\" content=\"index, follow, max-snippet:-1, max-image-preview:large, max-video-preview:-1\" \/>\n<link rel=\"canonical\" href=\"https:\/\/latamjournalismreview.org\/es\/articles\/director-de-periodico-sufre-atentado-con-bomba-en-el-sur-de-brasil\/\" \/>\n<meta property=\"og:locale\" content=\"es_ES\" \/>\n<meta property=\"og:type\" content=\"article\" \/>\n<meta property=\"og:title\" content=\"Director de peri\u00f3dico sufre atentado con bomba en el sur de Brasil\" \/>\n<meta property=\"og:description\" content=\"Director de peri\u00f3dico sufre atentado con bomba en el sur de Brasil Violencia contra periodistas. Latin American Journalism Review by The Knight Center at The University of Texas at Austin.\" \/>\n<meta property=\"og:url\" content=\"https:\/\/latamjournalismreview.org\/es\/articles\/director-de-periodico-sufre-atentado-con-bomba-en-el-sur-de-brasil\/\" \/>\n<meta property=\"og:site_name\" content=\"LatAm Journalism Review\" \/>\n<meta property=\"article:published_time\" content=\"2011-01-24T15:49:21+00:00\" \/>\n<meta property=\"article:modified_time\" content=\"2022-05-25T15:50:24+00:00\" \/>\n<meta name=\"author\" content=\"Guest\" \/>\n<meta name=\"twitter:card\" content=\"summary_large_image\" \/>\n<meta name=\"twitter:creator\" content=\"@LatAmJournalism\" \/>\n<meta name=\"twitter:site\" content=\"@LatAmJournalism\" \/>\n<meta name=\"twitter:label1\" content=\"Written by\" \/>\n\t<meta name=\"twitter:data1\" content=\"Guest\" \/>\n\t<meta name=\"twitter:label2\" content=\"Est. reading time\" \/>\n\t<meta name=\"twitter:data2\" content=\"1 minuto\" \/>\n<script type=\"application\/ld+json\" class=\"yoast-schema-graph\">{\"@context\":\"https:\\\/\\\/schema.org\",\"@graph\":[{\"@type\":\"Article\",\"@id\":\"https:\\\/\\\/latamjournalismreview.org\\\/es\\\/articles\\\/director-de-periodico-sufre-atentado-con-bomba-en-el-sur-de-brasil\\\/#article\",\"isPartOf\":{\"@id\":\"https:\\\/\\\/latamjournalismreview.org\\\/es\\\/articles\\\/director-de-periodico-sufre-atentado-con-bomba-en-el-sur-de-brasil\\\/\"},\"author\":{\"name\":\"Guest\",\"@id\":\"https:\\\/\\\/latamjournalismreview.org\\\/es\\\/#\\\/schema\\\/person\\\/0315202e0b3c0963a2440f1c3012c360\"},\"headline\":\"Director de peri\u00f3dico sufre atentado con bomba en el sur de Brasil\",\"datePublished\":\"2011-01-24T15:49:21+00:00\",\"dateModified\":\"2022-05-25T15:50:24+00:00\",\"mainEntityOfPage\":{\"@id\":\"https:\\\/\\\/latamjournalismreview.org\\\/es\\\/articles\\\/director-de-periodico-sufre-atentado-con-bomba-en-el-sur-de-brasil\\\/\"},\"wordCount\":200,\"publisher\":{\"@id\":\"https:\\\/\\\/latamjournalismreview.org\\\/es\\\/#organization\"},\"keywords\":[\"Amenazas contra periodistas\"],\"articleSection\":[\"Violencia contra periodistas\"],\"inLanguage\":\"es\"},{\"@type\":\"WebPage\",\"@id\":\"https:\\\/\\\/latamjournalismreview.org\\\/es\\\/articles\\\/director-de-periodico-sufre-atentado-con-bomba-en-el-sur-de-brasil\\\/\",\"url\":\"https:\\\/\\\/latamjournalismreview.org\\\/es\\\/articles\\\/director-de-periodico-sufre-atentado-con-bomba-en-el-sur-de-brasil\\\/\",\"name\":\"Director de peri\u00f3dico sufre atentado con bomba en el sur de Brasil - LatAm Journalism Review\",\"isPartOf\":{\"@id\":\"https:\\\/\\\/latamjournalismreview.org\\\/es\\\/#website\"},\"datePublished\":\"2011-01-24T15:49:21+00:00\",\"dateModified\":\"2022-05-25T15:50:24+00:00\",\"description\":\"Director de peri\u00f3dico sufre atentado con bomba en el sur de Brasil Violencia contra periodistas. Latin American Journalism Review by The Knight Center at The University of Texas at Austin.\",\"breadcrumb\":{\"@id\":\"https:\\\/\\\/latamjournalismreview.org\\\/es\\\/articles\\\/director-de-periodico-sufre-atentado-con-bomba-en-el-sur-de-brasil\\\/#breadcrumb\"},\"inLanguage\":\"es\",\"potentialAction\":[{\"@type\":\"ReadAction\",\"target\":[\"https:\\\/\\\/latamjournalismreview.org\\\/es\\\/articles\\\/director-de-periodico-sufre-atentado-con-bomba-en-el-sur-de-brasil\\\/\"]}]},{\"@type\":\"BreadcrumbList\",\"@id\":\"https:\\\/\\\/latamjournalismreview.org\\\/es\\\/articles\\\/director-de-periodico-sufre-atentado-con-bomba-en-el-sur-de-brasil\\\/#breadcrumb\",\"itemListElement\":[{\"@type\":\"ListItem\",\"position\":1,\"name\":\"Home\",\"item\":\"https:\\\/\\\/latamjournalismreview.org\\\/es\\\/\"},{\"@type\":\"ListItem\",\"position\":2,\"name\":\"Director de peri\u00f3dico sufre atentado con bomba en el sur de Brasil\"}]},{\"@type\":\"WebSite\",\"@id\":\"https:\\\/\\\/latamjournalismreview.org\\\/es\\\/#website\",\"url\":\"https:\\\/\\\/latamjournalismreview.org\\\/es\\\/\",\"name\":\"LatAm Journalism Review\",\"description\":\"Knight Center at The University of Texas\",\"publisher\":{\"@id\":\"https:\\\/\\\/latamjournalismreview.org\\\/es\\\/#organization\"},\"potentialAction\":[{\"@type\":\"SearchAction\",\"target\":{\"@type\":\"EntryPoint\",\"urlTemplate\":\"https:\\\/\\\/latamjournalismreview.org\\\/es\\\/?s={search_term_string}\"},\"query-input\":{\"@type\":\"PropertyValueSpecification\",\"valueRequired\":true,\"valueName\":\"search_term_string\"}}],\"inLanguage\":\"es\"},{\"@type\":\"Organization\",\"@id\":\"https:\\\/\\\/latamjournalismreview.org\\\/es\\\/#organization\",\"name\":\"LatAm Journalism Review\",\"url\":\"https:\\\/\\\/latamjournalismreview.org\\\/es\\\/\",\"logo\":{\"@type\":\"ImageObject\",\"inLanguage\":\"es\",\"@id\":\"https:\\\/\\\/latamjournalismreview.org\\\/es\\\/#\\\/schema\\\/logo\\\/image\\\/\",\"url\":\"https:\\\/\\\/latamjournalismreview.org\\\/wp-content\\\/uploads\\\/2020\\\/05\\\/knight-latAm-review-logo.svg\",\"contentUrl\":\"https:\\\/\\\/latamjournalismreview.org\\\/wp-content\\\/uploads\\\/2020\\\/05\\\/knight-latAm-review-logo.svg\",\"width\":\"1024\",\"height\":\"1024\",\"caption\":\"LatAm Journalism Review\"},\"image\":{\"@id\":\"https:\\\/\\\/latamjournalismreview.org\\\/es\\\/#\\\/schema\\\/logo\\\/image\\\/\"},\"sameAs\":[\"https:\\\/\\\/x.com\\\/LatAmJournalism\"]},{\"@type\":\"Person\",\"@id\":\"https:\\\/\\\/latamjournalismreview.org\\\/es\\\/#\\\/schema\\\/person\\\/0315202e0b3c0963a2440f1c3012c360\",\"name\":\"Guest\",\"url\":\"https:\\\/\\\/latamjournalismreview.org\\\/es\\\/articles\\\/author\\\/guest\\\/\"}]}<\/script>\n<!-- \/ Yoast SEO Premium plugin. -->","yoast_head_json":{"title":"Director de peri\u00f3dico sufre atentado con bomba en el sur de Brasil - LatAm Journalism Review","description":"Director de peri\u00f3dico sufre atentado con bomba en el sur de Brasil Violencia contra periodistas. Latin American Journalism Review by The Knight Center at The University of Texas at Austin.","robots":{"index":"index","follow":"follow","max-snippet":"max-snippet:-1","max-image-preview":"max-image-preview:large","max-video-preview":"max-video-preview:-1"},"canonical":"https:\/\/latamjournalismreview.org\/es\/articles\/director-de-periodico-sufre-atentado-con-bomba-en-el-sur-de-brasil\/","og_locale":"es_ES","og_type":"article","og_title":"Director de peri\u00f3dico sufre atentado con bomba en el sur de Brasil","og_description":"Director de peri\u00f3dico sufre atentado con bomba en el sur de Brasil Violencia contra periodistas. Latin American Journalism Review by The Knight Center at The University of Texas at Austin.","og_url":"https:\/\/latamjournalismreview.org\/es\/articles\/director-de-periodico-sufre-atentado-con-bomba-en-el-sur-de-brasil\/","og_site_name":"LatAm Journalism Review","article_published_time":"2011-01-24T15:49:21+00:00","article_modified_time":"2022-05-25T15:50:24+00:00","author":"Guest","twitter_card":"summary_large_image","twitter_creator":"@LatAmJournalism","twitter_site":"@LatAmJournalism","twitter_misc":{"Written by":"Guest","Est. reading time":"1 minuto"},"schema":{"@context":"https:\/\/schema.org","@graph":[{"@type":"Article","@id":"https:\/\/latamjournalismreview.org\/es\/articles\/director-de-periodico-sufre-atentado-con-bomba-en-el-sur-de-brasil\/#article","isPartOf":{"@id":"https:\/\/latamjournalismreview.org\/es\/articles\/director-de-periodico-sufre-atentado-con-bomba-en-el-sur-de-brasil\/"},"author":{"name":"Guest","@id":"https:\/\/latamjournalismreview.org\/es\/#\/schema\/person\/0315202e0b3c0963a2440f1c3012c360"},"headline":"Director de peri\u00f3dico sufre atentado con bomba en el sur de Brasil","datePublished":"2011-01-24T15:49:21+00:00","dateModified":"2022-05-25T15:50:24+00:00","mainEntityOfPage":{"@id":"https:\/\/latamjournalismreview.org\/es\/articles\/director-de-periodico-sufre-atentado-con-bomba-en-el-sur-de-brasil\/"},"wordCount":200,"publisher":{"@id":"https:\/\/latamjournalismreview.org\/es\/#organization"},"keywords":["Amenazas contra periodistas"],"articleSection":["Violencia contra periodistas"],"inLanguage":"es"},{"@type":"WebPage","@id":"https:\/\/latamjournalismreview.org\/es\/articles\/director-de-periodico-sufre-atentado-con-bomba-en-el-sur-de-brasil\/","url":"https:\/\/latamjournalismreview.org\/es\/articles\/director-de-periodico-sufre-atentado-con-bomba-en-el-sur-de-brasil\/","name":"Director de peri\u00f3dico sufre atentado con bomba en el sur de Brasil - LatAm Journalism Review","isPartOf":{"@id":"https:\/\/latamjournalismreview.org\/es\/#website"},"datePublished":"2011-01-24T15:49:21+00:00","dateModified":"2022-05-25T15:50:24+00:00","description":"Director de peri\u00f3dico sufre atentado con bomba en el sur de Brasil Violencia contra periodistas. Latin American Journalism Review by The Knight Center at The University of Texas at Austin.","breadcrumb":{"@id":"https:\/\/latamjournalismreview.org\/es\/articles\/director-de-periodico-sufre-atentado-con-bomba-en-el-sur-de-brasil\/#breadcrumb"},"inLanguage":"es","potentialAction":[{"@type":"ReadAction","target":["https:\/\/latamjournalismreview.org\/es\/articles\/director-de-periodico-sufre-atentado-con-bomba-en-el-sur-de-brasil\/"]}]},{"@type":"BreadcrumbList","@id":"https:\/\/latamjournalismreview.org\/es\/articles\/director-de-periodico-sufre-atentado-con-bomba-en-el-sur-de-brasil\/#breadcrumb","itemListElement":[{"@type":"ListItem","position":1,"name":"Home","item":"https:\/\/latamjournalismreview.org\/es\/"},{"@type":"ListItem","position":2,"name":"Director de peri\u00f3dico sufre atentado con bomba en el sur de Brasil"}]},{"@type":"WebSite","@id":"https:\/\/latamjournalismreview.org\/es\/#website","url":"https:\/\/latamjournalismreview.org\/es\/","name":"LatAm Journalism Review","description":"Knight Center at The University of Texas","publisher":{"@id":"https:\/\/latamjournalismreview.org\/es\/#organization"},"potentialAction":[{"@type":"SearchAction","target":{"@type":"EntryPoint","urlTemplate":"https:\/\/latamjournalismreview.org\/es\/?s={search_term_string}"},"query-input":{"@type":"PropertyValueSpecification","valueRequired":true,"valueName":"search_term_string"}}],"inLanguage":"es"},{"@type":"Organization","@id":"https:\/\/latamjournalismreview.org\/es\/#organization","name":"LatAm Journalism Review","url":"https:\/\/latamjournalismreview.org\/es\/","logo":{"@type":"ImageObject","inLanguage":"es","@id":"https:\/\/latamjournalismreview.org\/es\/#\/schema\/logo\/image\/","url":"https:\/\/latamjournalismreview.org\/wp-content\/uploads\/2020\/05\/knight-latAm-review-logo.svg","contentUrl":"https:\/\/latamjournalismreview.org\/wp-content\/uploads\/2020\/05\/knight-latAm-review-logo.svg","width":"1024","height":"1024","caption":"LatAm Journalism Review"},"image":{"@id":"https:\/\/latamjournalismreview.org\/es\/#\/schema\/logo\/image\/"},"sameAs":["https:\/\/x.com\/LatAmJournalism"]},{"@type":"Person","@id":"https:\/\/latamjournalismreview.org\/es\/#\/schema\/person\/0315202e0b3c0963a2440f1c3012c360","name":"Guest","url":"https:\/\/latamjournalismreview.org\/es\/articles\/author\/guest\/"}]}},"_links":{"self":[{"href":"https:\/\/latamjournalismreview.org\/es\/wp-json\/wp\/v2\/posts\/55421","targetHints":{"allow":["GET"]}}],"collection":[{"href":"https:\/\/latamjournalismreview.org\/es\/wp-json\/wp\/v2\/posts"}],"about":[{"href":"https:\/\/latamjournalismreview.org\/es\/wp-json\/wp\/v2\/types\/post"}],"author":[{"embeddable":true,"href":"https:\/\/latamjournalismreview.org\/es\/wp-json\/wp\/v2\/users\/17"}],"replies":[{"embeddable":true,"href":"https:\/\/latamjournalismreview.org\/es\/wp-json\/wp\/v2\/comments?post=55421"}],"version-history":[{"count":1,"href":"https:\/\/latamjournalismreview.org\/es\/wp-json\/wp\/v2\/posts\/55421\/revisions"}],"predecessor-version":[{"id":55423,"href":"https:\/\/latamjournalismreview.org\/es\/wp-json\/wp\/v2\/posts\/55421\/revisions\/55423"}],"wp:attachment":[{"href":"https:\/\/latamjournalismreview.org\/es\/wp-json\/wp\/v2\/media?parent=55421"}],"wp:term":[{"taxonomy":"category","embeddable":true,"href":"https:\/\/latamjournalismreview.org\/es\/wp-json\/wp\/v2\/categories?post=55421"},{"taxonomy":"post_tag","embeddable":true,"href":"https:\/\/latamjournalismreview.org\/es\/wp-json\/wp\/v2\/tags?post=55421"},{"taxonomy":"author","embeddable":true,"href":"https:\/\/latamjournalismreview.org\/es\/wp-json\/wp\/v2\/coauthors?post=55421"}],"curies":[{"name":"wp","href":"https:\/\/api.w.org\/{rel}","templated":true}]}}