{"id":55433,"date":"2011-01-24T11:03:37","date_gmt":"2011-01-24T16:03:37","guid":{"rendered":"https:\/\/latamjournalismreview.org\/?p=55433"},"modified":"2022-05-25T11:04:13","modified_gmt":"2022-05-25T16:04:13","slug":"colombiano-daniel-coronell-es-nuevo-vicepresidente-de-noticias-de-univision","status":"publish","type":"post","link":"https:\/\/latamjournalismreview.org\/es\/articles\/colombiano-daniel-coronell-es-nuevo-vicepresidente-de-noticias-de-univision\/","title":{"rendered":"Colombiano Daniel Coronell es nuevo vicepresidente de noticias de Univisi\u00f3n"},"content":{"rendered":"<p>El periodista colombiano\u00a0<a href=\"http:\/\/es.wikipedia.org\/wiki\/Daniel_Coronell\">Daniel Coronell<\/a>, quien\u00a0<a href=\"http:\/\/www.terra.com.co\/noticias\/articulo\/html\/acu38507-daniel-coronell-sera-el-nuevo-director-de-univision.htm\">se enfrent\u00f3 con el ex presidente de Colombia \u00c1lvaro Uribe<\/a>, fue nombrado\u00a0<a href=\"http:\/\/mx.news.yahoo.com\/s\/21012011\/38\/n-mexico-colombiano-daniel-coronell-nombrado-vicepresidente.html\">nuevo vicepresidente de noticias de la cadena de televisi\u00f3n estadounidense Univisi\u00f3n<\/a>, informaron la agencia de noticias EFE y\u00a0<a href=\"http:\/\/www.vanguardia.com\/actualidad\/colombia\/89476-daniel-coronell-sera-el-nuevo-director-de-noticias-de-univision\">Vanguardia<\/a>\u00a0el viernes 21 de enero.<\/p>\n<p>Coronell, periodista varias veces premiado y\u00a0<a href=\"http:\/\/www.larepublica.com.co\/archivos\/EMPRESAS\/2011-01-22\/daniel-coronell-nuevo-director-de-noticias-de-univision_119831.php\">con m\u00e1s de 20 a\u00f1os de experiencia en informativos de televisi\u00f3n<\/a>, se desempe\u00f1aba como director de Noticias Uno, un noticiero nacional transmitido por el Canal Uno de Colombia. Su misi\u00f3n ser\u00e1\u00a0<a href=\"http:\/\/www.semana.com\/noticias-gente\/daniel-coronell-sera-vicepresidente-noticias-univision\/150478.aspx\">mejorar el nivel de informaci\u00f3n de la comunidad hispana en Estados Unidos<\/a>\u00a0a trav\u00e9s del fortalecimiento del periodismo investigativo, la cobertura de la pol\u00edtica y la integraci\u00f3n con los nuevos medios digitales, seg\u00fan declaraciones del presidente de noticias de\u00a0<a href=\"http:\/\/www.univision.com\/portal.jhtml\">Univisi\u00f3n<\/a>, el tambi\u00e9n colombiano\u00a0<a href=\"http:\/\/es.wikipedia.org\/wiki\/Isaac_Lee\">Isaac Lee<\/a>, dijo La Semana.<\/p>\n<p><a href=\"http:\/\/www.rcnradio.com\/noticias\/21-01-11\/daniel-coronell-asumir-la-direcci-n-y-vicepresidencia-de-noticias-de-univisi-n\">Coronell ha mantenido una tensa relaci\u00f3n con Uribe tras denunciar una serie de actos ilegales<\/a>\u00a0que incluso involucran a miembros de su familia, report\u00f3 RCN La Radio. En el 2005\u00a0<a href=\"http:\/\/www.caracol.com.co\/nota.aspx?id=1414336\">se exili\u00f3 en Estados Unidos tras sufrir amenazas de muerte<\/a>, aunque regres\u00f3 a Colombia a mediados del 2007, relata Caracol. En el 2010\u00a0<a href=\"http:\/\/knightcenter.utexas.edu\/es\/blog\/fundacion-colombiana-presenta-informe-sobre-espionaje-periodistas\">Coronell fue mencionado como uno de los cinco periodistas que fueron espiados, amenazados o desprestigiados por el servicio de inteligencia colombiano (DAS) entre 2003 y 2008<\/a>, seg\u00fan el informe \u201cEspionaje contra periodistas: la justicia tiene la palabra\u201d, de la Fundaci\u00f3n para la Libertad de Prensa (FLIP).<\/p>\n<p><em>Nota del editor: Esta historia fue publicada originalmente en el blog Periodismo en las Am\u00e9ricas del Centro Knight, el predecesor de LatAm Journalism Review.<\/em><\/p>\n","protected":false},"excerpt":{"rendered":"<p>El periodista colombiano\u00a0Daniel Coronell, quien\u00a0se enfrent\u00f3 con el ex presidente de Colombia \u00c1lvaro Uribe, fue nombrado\u00a0nuevo vicepresidente de noticias de la cadena de televisi\u00f3n estadounidense Univisi\u00f3n, informaron la agencia de noticias EFE y\u00a0Vanguardia\u00a0el viernes 21 de enero.<\/p>\n","protected":false},"author":43,"featured_media":0,"comment_status":"closed","ping_status":"closed","sticky":false,"template":"","format":"standard","meta":{"inline_featured_image":false,"footnotes":""},"categories":[1669],"tags":[1395,1446,1431],"coauthors":[],"class_list":["post-55433","post","type-post","status-publish","format-standard","hentry","category-mercado-laboral","tag-colombia-es-2","tag-espionaje-es","tag-radio-y-tv-es"],"acf":[],"yoast_head":"<!-- This site is optimized with the Yoast SEO Premium plugin v22.6 (Yoast SEO v27.4) - https:\/\/yoast.com\/product\/yoast-seo-premium-wordpress\/ -->\n<title>Colombiano Daniel Coronell es nuevo vicepresidente de noticias de Univisi\u00f3n - LatAm Journalism Review<\/title>\n<meta name=\"description\" content=\"Colombiano Daniel Coronell es nuevo vicepresidente de noticias de Univisi\u00f3n Mercado laboral. Latin American Journalism Review by The Knight Center at The University of Texas at Austin.\" \/>\n<meta name=\"robots\" content=\"index, follow, max-snippet:-1, max-image-preview:large, max-video-preview:-1\" \/>\n<link rel=\"canonical\" href=\"https:\/\/latamjournalismreview.org\/es\/articles\/colombiano-daniel-coronell-es-nuevo-vicepresidente-de-noticias-de-univision\/\" \/>\n<meta property=\"og:locale\" content=\"es_ES\" \/>\n<meta property=\"og:type\" content=\"article\" \/>\n<meta property=\"og:title\" content=\"Colombiano Daniel Coronell es nuevo vicepresidente de noticias de Univisi\u00f3n\" \/>\n<meta property=\"og:description\" content=\"Colombiano Daniel Coronell es nuevo vicepresidente de noticias de Univisi\u00f3n Mercado laboral. Latin American Journalism Review by The Knight Center at The University of Texas at Austin.\" \/>\n<meta property=\"og:url\" content=\"https:\/\/latamjournalismreview.org\/es\/articles\/colombiano-daniel-coronell-es-nuevo-vicepresidente-de-noticias-de-univision\/\" \/>\n<meta property=\"og:site_name\" content=\"LatAm Journalism Review\" \/>\n<meta property=\"article:published_time\" content=\"2011-01-24T16:03:37+00:00\" \/>\n<meta property=\"article:modified_time\" content=\"2022-05-25T16:04:13+00:00\" \/>\n<meta name=\"author\" content=\"Monica Medel\" \/>\n<meta name=\"twitter:card\" content=\"summary_large_image\" \/>\n<meta name=\"twitter:creator\" content=\"@LatAmJournalism\" \/>\n<meta name=\"twitter:site\" content=\"@LatAmJournalism\" \/>\n<meta name=\"twitter:label1\" content=\"Written by\" \/>\n\t<meta name=\"twitter:data1\" content=\"Monica Medel\" \/>\n\t<meta name=\"twitter:label2\" content=\"Est. reading time\" \/>\n\t<meta name=\"twitter:data2\" content=\"1 minuto\" \/>\n<script type=\"application\/ld+json\" class=\"yoast-schema-graph\">{\"@context\":\"https:\\\/\\\/schema.org\",\"@graph\":[{\"@type\":\"Article\",\"@id\":\"https:\\\/\\\/latamjournalismreview.org\\\/es\\\/articles\\\/colombiano-daniel-coronell-es-nuevo-vicepresidente-de-noticias-de-univision\\\/#article\",\"isPartOf\":{\"@id\":\"https:\\\/\\\/latamjournalismreview.org\\\/es\\\/articles\\\/colombiano-daniel-coronell-es-nuevo-vicepresidente-de-noticias-de-univision\\\/\"},\"author\":{\"name\":\"Monica Medel\",\"@id\":\"https:\\\/\\\/latamjournalismreview.org\\\/es\\\/#\\\/schema\\\/person\\\/1746872e9af4abc45355e4a7a4ddcea5\"},\"headline\":\"Colombiano Daniel Coronell es nuevo vicepresidente de noticias de Univisi\u00f3n\",\"datePublished\":\"2011-01-24T16:03:37+00:00\",\"dateModified\":\"2022-05-25T16:04:13+00:00\",\"mainEntityOfPage\":{\"@id\":\"https:\\\/\\\/latamjournalismreview.org\\\/es\\\/articles\\\/colombiano-daniel-coronell-es-nuevo-vicepresidente-de-noticias-de-univision\\\/\"},\"wordCount\":272,\"publisher\":{\"@id\":\"https:\\\/\\\/latamjournalismreview.org\\\/es\\\/#organization\"},\"keywords\":[\"Colombia\",\"Espionaje\",\"Radio y TV\"],\"articleSection\":[\"Mercado laboral\"],\"inLanguage\":\"es\"},{\"@type\":\"WebPage\",\"@id\":\"https:\\\/\\\/latamjournalismreview.org\\\/es\\\/articles\\\/colombiano-daniel-coronell-es-nuevo-vicepresidente-de-noticias-de-univision\\\/\",\"url\":\"https:\\\/\\\/latamjournalismreview.org\\\/es\\\/articles\\\/colombiano-daniel-coronell-es-nuevo-vicepresidente-de-noticias-de-univision\\\/\",\"name\":\"Colombiano Daniel Coronell es nuevo vicepresidente de noticias de Univisi\u00f3n - LatAm Journalism Review\",\"isPartOf\":{\"@id\":\"https:\\\/\\\/latamjournalismreview.org\\\/es\\\/#website\"},\"datePublished\":\"2011-01-24T16:03:37+00:00\",\"dateModified\":\"2022-05-25T16:04:13+00:00\",\"description\":\"Colombiano Daniel Coronell es nuevo vicepresidente de noticias de Univisi\u00f3n Mercado laboral. Latin American Journalism Review by The Knight Center at The University of Texas at Austin.\",\"breadcrumb\":{\"@id\":\"https:\\\/\\\/latamjournalismreview.org\\\/es\\\/articles\\\/colombiano-daniel-coronell-es-nuevo-vicepresidente-de-noticias-de-univision\\\/#breadcrumb\"},\"inLanguage\":\"es\",\"potentialAction\":[{\"@type\":\"ReadAction\",\"target\":[\"https:\\\/\\\/latamjournalismreview.org\\\/es\\\/articles\\\/colombiano-daniel-coronell-es-nuevo-vicepresidente-de-noticias-de-univision\\\/\"]}]},{\"@type\":\"BreadcrumbList\",\"@id\":\"https:\\\/\\\/latamjournalismreview.org\\\/es\\\/articles\\\/colombiano-daniel-coronell-es-nuevo-vicepresidente-de-noticias-de-univision\\\/#breadcrumb\",\"itemListElement\":[{\"@type\":\"ListItem\",\"position\":1,\"name\":\"Home\",\"item\":\"https:\\\/\\\/latamjournalismreview.org\\\/es\\\/\"},{\"@type\":\"ListItem\",\"position\":2,\"name\":\"Colombiano Daniel Coronell es nuevo vicepresidente de noticias de Univisi\u00f3n\"}]},{\"@type\":\"WebSite\",\"@id\":\"https:\\\/\\\/latamjournalismreview.org\\\/es\\\/#website\",\"url\":\"https:\\\/\\\/latamjournalismreview.org\\\/es\\\/\",\"name\":\"LatAm Journalism Review\",\"description\":\"Knight Center at The University of Texas\",\"publisher\":{\"@id\":\"https:\\\/\\\/latamjournalismreview.org\\\/es\\\/#organization\"},\"potentialAction\":[{\"@type\":\"SearchAction\",\"target\":{\"@type\":\"EntryPoint\",\"urlTemplate\":\"https:\\\/\\\/latamjournalismreview.org\\\/es\\\/?s={search_term_string}\"},\"query-input\":{\"@type\":\"PropertyValueSpecification\",\"valueRequired\":true,\"valueName\":\"search_term_string\"}}],\"inLanguage\":\"es\"},{\"@type\":\"Organization\",\"@id\":\"https:\\\/\\\/latamjournalismreview.org\\\/es\\\/#organization\",\"name\":\"LatAm Journalism Review\",\"url\":\"https:\\\/\\\/latamjournalismreview.org\\\/es\\\/\",\"logo\":{\"@type\":\"ImageObject\",\"inLanguage\":\"es\",\"@id\":\"https:\\\/\\\/latamjournalismreview.org\\\/es\\\/#\\\/schema\\\/logo\\\/image\\\/\",\"url\":\"https:\\\/\\\/latamjournalismreview.org\\\/wp-content\\\/uploads\\\/2020\\\/05\\\/knight-latAm-review-logo.svg\",\"contentUrl\":\"https:\\\/\\\/latamjournalismreview.org\\\/wp-content\\\/uploads\\\/2020\\\/05\\\/knight-latAm-review-logo.svg\",\"width\":\"1024\",\"height\":\"1024\",\"caption\":\"LatAm Journalism Review\"},\"image\":{\"@id\":\"https:\\\/\\\/latamjournalismreview.org\\\/es\\\/#\\\/schema\\\/logo\\\/image\\\/\"},\"sameAs\":[\"https:\\\/\\\/x.com\\\/LatAmJournalism\"]},{\"@type\":\"Person\",\"@id\":\"https:\\\/\\\/latamjournalismreview.org\\\/es\\\/#\\\/schema\\\/person\\\/1746872e9af4abc45355e4a7a4ddcea5\",\"name\":\"Monica Medel\",\"url\":\"https:\\\/\\\/latamjournalismreview.org\\\/es\\\/articles\\\/author\\\/monica-medel\\\/\"}]}<\/script>\n<!-- \/ Yoast SEO Premium plugin. -->","yoast_head_json":{"title":"Colombiano Daniel Coronell es nuevo vicepresidente de noticias de Univisi\u00f3n - LatAm Journalism Review","description":"Colombiano Daniel Coronell es nuevo vicepresidente de noticias de Univisi\u00f3n Mercado laboral. Latin American Journalism Review by The Knight Center at The University of Texas at Austin.","robots":{"index":"index","follow":"follow","max-snippet":"max-snippet:-1","max-image-preview":"max-image-preview:large","max-video-preview":"max-video-preview:-1"},"canonical":"https:\/\/latamjournalismreview.org\/es\/articles\/colombiano-daniel-coronell-es-nuevo-vicepresidente-de-noticias-de-univision\/","og_locale":"es_ES","og_type":"article","og_title":"Colombiano Daniel Coronell es nuevo vicepresidente de noticias de Univisi\u00f3n","og_description":"Colombiano Daniel Coronell es nuevo vicepresidente de noticias de Univisi\u00f3n Mercado laboral. Latin American Journalism Review by The Knight Center at The University of Texas at Austin.","og_url":"https:\/\/latamjournalismreview.org\/es\/articles\/colombiano-daniel-coronell-es-nuevo-vicepresidente-de-noticias-de-univision\/","og_site_name":"LatAm Journalism Review","article_published_time":"2011-01-24T16:03:37+00:00","article_modified_time":"2022-05-25T16:04:13+00:00","author":"Monica Medel","twitter_card":"summary_large_image","twitter_creator":"@LatAmJournalism","twitter_site":"@LatAmJournalism","twitter_misc":{"Written by":"Monica Medel","Est. reading time":"1 minuto"},"schema":{"@context":"https:\/\/schema.org","@graph":[{"@type":"Article","@id":"https:\/\/latamjournalismreview.org\/es\/articles\/colombiano-daniel-coronell-es-nuevo-vicepresidente-de-noticias-de-univision\/#article","isPartOf":{"@id":"https:\/\/latamjournalismreview.org\/es\/articles\/colombiano-daniel-coronell-es-nuevo-vicepresidente-de-noticias-de-univision\/"},"author":{"name":"Monica Medel","@id":"https:\/\/latamjournalismreview.org\/es\/#\/schema\/person\/1746872e9af4abc45355e4a7a4ddcea5"},"headline":"Colombiano Daniel Coronell es nuevo vicepresidente de noticias de Univisi\u00f3n","datePublished":"2011-01-24T16:03:37+00:00","dateModified":"2022-05-25T16:04:13+00:00","mainEntityOfPage":{"@id":"https:\/\/latamjournalismreview.org\/es\/articles\/colombiano-daniel-coronell-es-nuevo-vicepresidente-de-noticias-de-univision\/"},"wordCount":272,"publisher":{"@id":"https:\/\/latamjournalismreview.org\/es\/#organization"},"keywords":["Colombia","Espionaje","Radio y TV"],"articleSection":["Mercado laboral"],"inLanguage":"es"},{"@type":"WebPage","@id":"https:\/\/latamjournalismreview.org\/es\/articles\/colombiano-daniel-coronell-es-nuevo-vicepresidente-de-noticias-de-univision\/","url":"https:\/\/latamjournalismreview.org\/es\/articles\/colombiano-daniel-coronell-es-nuevo-vicepresidente-de-noticias-de-univision\/","name":"Colombiano Daniel Coronell es nuevo vicepresidente de noticias de Univisi\u00f3n - LatAm Journalism Review","isPartOf":{"@id":"https:\/\/latamjournalismreview.org\/es\/#website"},"datePublished":"2011-01-24T16:03:37+00:00","dateModified":"2022-05-25T16:04:13+00:00","description":"Colombiano Daniel Coronell es nuevo vicepresidente de noticias de Univisi\u00f3n Mercado laboral. Latin American Journalism Review by The Knight Center at The University of Texas at Austin.","breadcrumb":{"@id":"https:\/\/latamjournalismreview.org\/es\/articles\/colombiano-daniel-coronell-es-nuevo-vicepresidente-de-noticias-de-univision\/#breadcrumb"},"inLanguage":"es","potentialAction":[{"@type":"ReadAction","target":["https:\/\/latamjournalismreview.org\/es\/articles\/colombiano-daniel-coronell-es-nuevo-vicepresidente-de-noticias-de-univision\/"]}]},{"@type":"BreadcrumbList","@id":"https:\/\/latamjournalismreview.org\/es\/articles\/colombiano-daniel-coronell-es-nuevo-vicepresidente-de-noticias-de-univision\/#breadcrumb","itemListElement":[{"@type":"ListItem","position":1,"name":"Home","item":"https:\/\/latamjournalismreview.org\/es\/"},{"@type":"ListItem","position":2,"name":"Colombiano Daniel Coronell es nuevo vicepresidente de noticias de Univisi\u00f3n"}]},{"@type":"WebSite","@id":"https:\/\/latamjournalismreview.org\/es\/#website","url":"https:\/\/latamjournalismreview.org\/es\/","name":"LatAm Journalism Review","description":"Knight Center at The University of Texas","publisher":{"@id":"https:\/\/latamjournalismreview.org\/es\/#organization"},"potentialAction":[{"@type":"SearchAction","target":{"@type":"EntryPoint","urlTemplate":"https:\/\/latamjournalismreview.org\/es\/?s={search_term_string}"},"query-input":{"@type":"PropertyValueSpecification","valueRequired":true,"valueName":"search_term_string"}}],"inLanguage":"es"},{"@type":"Organization","@id":"https:\/\/latamjournalismreview.org\/es\/#organization","name":"LatAm Journalism Review","url":"https:\/\/latamjournalismreview.org\/es\/","logo":{"@type":"ImageObject","inLanguage":"es","@id":"https:\/\/latamjournalismreview.org\/es\/#\/schema\/logo\/image\/","url":"https:\/\/latamjournalismreview.org\/wp-content\/uploads\/2020\/05\/knight-latAm-review-logo.svg","contentUrl":"https:\/\/latamjournalismreview.org\/wp-content\/uploads\/2020\/05\/knight-latAm-review-logo.svg","width":"1024","height":"1024","caption":"LatAm Journalism Review"},"image":{"@id":"https:\/\/latamjournalismreview.org\/es\/#\/schema\/logo\/image\/"},"sameAs":["https:\/\/x.com\/LatAmJournalism"]},{"@type":"Person","@id":"https:\/\/latamjournalismreview.org\/es\/#\/schema\/person\/1746872e9af4abc45355e4a7a4ddcea5","name":"Monica Medel","url":"https:\/\/latamjournalismreview.org\/es\/articles\/author\/monica-medel\/"}]}},"_links":{"self":[{"href":"https:\/\/latamjournalismreview.org\/es\/wp-json\/wp\/v2\/posts\/55433","targetHints":{"allow":["GET"]}}],"collection":[{"href":"https:\/\/latamjournalismreview.org\/es\/wp-json\/wp\/v2\/posts"}],"about":[{"href":"https:\/\/latamjournalismreview.org\/es\/wp-json\/wp\/v2\/types\/post"}],"author":[{"embeddable":true,"href":"https:\/\/latamjournalismreview.org\/es\/wp-json\/wp\/v2\/users\/43"}],"replies":[{"embeddable":true,"href":"https:\/\/latamjournalismreview.org\/es\/wp-json\/wp\/v2\/comments?post=55433"}],"version-history":[{"count":1,"href":"https:\/\/latamjournalismreview.org\/es\/wp-json\/wp\/v2\/posts\/55433\/revisions"}],"predecessor-version":[{"id":55435,"href":"https:\/\/latamjournalismreview.org\/es\/wp-json\/wp\/v2\/posts\/55433\/revisions\/55435"}],"wp:attachment":[{"href":"https:\/\/latamjournalismreview.org\/es\/wp-json\/wp\/v2\/media?parent=55433"}],"wp:term":[{"taxonomy":"category","embeddable":true,"href":"https:\/\/latamjournalismreview.org\/es\/wp-json\/wp\/v2\/categories?post=55433"},{"taxonomy":"post_tag","embeddable":true,"href":"https:\/\/latamjournalismreview.org\/es\/wp-json\/wp\/v2\/tags?post=55433"},{"taxonomy":"author","embeddable":true,"href":"https:\/\/latamjournalismreview.org\/es\/wp-json\/wp\/v2\/coauthors?post=55433"}],"curies":[{"name":"wp","href":"https:\/\/api.w.org\/{rel}","templated":true}]}}