{"id":55649,"date":"2011-02-01T07:10:20","date_gmt":"2011-02-01T12:10:20","guid":{"rendered":"https:\/\/latamjournalismreview.org\/?p=55649"},"modified":"2022-05-26T07:10:54","modified_gmt":"2022-05-26T12:10:54","slug":"fiscalia-pide-investigar-supuestas-amenazas-contra-periodistas-de-radio-en-el-salvador","status":"publish","type":"post","link":"https:\/\/latamjournalismreview.org\/es\/articles\/fiscalia-pide-investigar-supuestas-amenazas-contra-periodistas-de-radio-en-el-salvador\/","title":{"rendered":"Fiscal\u00eda pide investigar supuestas amenazas contra periodistas de radio en El Salvador"},"content":{"rendered":"<p>El procurador de derechos humanos de El Salvador demand\u00f3 a la polic\u00eda y a la Fiscal\u00eda general iniciar una investigaci\u00f3n para aclarar las supuestas\u00a0<a href=\"http:\/\/www.laprensagrafica.com\/el-salvador\/lodeldia\/168452-pddh-exige-esclarecer-caso-de-amenazas-de-muerte-contra-periodistas-en-cabanas.html\">amenazas de muerte recibidas por periodistas de Radio Victoria<\/a>, en el departamento de\u00a0<a href=\"http:\/\/es.wikipedia.org\/wiki\/Caba%C3%B1as\">Caba\u00f1as<\/a>, en la zona central del pa\u00eds, inform\u00f3 La Prensa Gr\u00e1fica.<\/p>\n<p>Seg\u00fan el peri\u00f3dico, el procurador \u00d3scar Luna acus\u00f3 a las autoridades de no haber cumplido con sus funciones y responsabiliz\u00f3 a las autoridades de lo que les pueda suceder a los periodistas que denunciaron las amenazas.<\/p>\n<p>Radio Victoria es una emisora comunitaria conocida por su posici\u00f3n a favor del mediambiente.\u00a0<a href=\"http:\/\/www.diariocolatino.com\/es\/20110129\/nacionales\/88936\/?tpl=69\">Las amenazas coinciden con las que recibi\u00f3 tambi\u00e9n en los \u00faltimos d\u00edas el l\u00edder ambientalista H\u00e9ctor Berr\u00edos<\/a>, quien se opone a la explotaci\u00f3n minera en Caba\u00f1as, dijo Diario Co Latino.<\/p>\n<p>El blog Chichicaste reprodujo la\u00a0<a href=\"http:\/\/chichicaste.blogcindario.com\/2011\/01\/01678-continuan-amenazas-a-muerte-a-periodistas-de-radio-victoria.html\">carta de amenaza<\/a>\u00a0que recibi\u00f3 la radio y dijo que sus instalaciones est\u00e1n custodiadas por la polic\u00eda.<\/p>\n<p>Esta\u00a0<a href=\"http:\/\/knightcenter.utexas.edu\/archive\/blog\/?q=es\/search\/node\/Salvador+radio+victoria\">no es la primera vez que Radio Victoria sufre amenazas por su posici\u00f3n en contra de ciertos proyectos mineros<\/a>\u00a0en la zona.\u00a0<a href=\"http:\/\/www.agenciapulsar.org\/nota.php?id=15501\">En el 2009 hab\u00eda denunciado que hab\u00eda recibido amenazas de manera sistem\u00e1tica<\/a>\u00a0a trav\u00e9s de mensajes escritos, telef\u00f3nicos y\u00a0<a href=\"http:\/\/www.tercerainformacion.es\/spip.php?article11955\">v\u00eda e-mail<\/a>.<\/p>\n<p><a href=\"http:\/\/knightcenter.utexas.edu\/es\/blog\/radio-comunitaria-garifuna-de-honduras-suspende-transmisiones-tras-amenazas\">Radios comunitarias en Honduras tambi\u00e9n han sido objeto de amenazas<\/a>\u00a0en las \u00faltimas semanas.<\/p>\n<p><em>Nota del editor: Esta historia fue publicada originalmente en el blog Periodismo en las Am\u00e9ricas del Centro Knight, el predecesor de LatAm Journalism Review.<\/em><\/p>\n","protected":false},"excerpt":{"rendered":"<p>El procurador de derechos humanos de El Salvador demand\u00f3 a la polic\u00eda y a la Fiscal\u00eda general iniciar una investigaci\u00f3n para aclarar las supuestas\u00a0amenazas de muerte recibidas por periodistas de Radio Victoria, en el departamento de\u00a0Caba\u00f1as, en la zona central del pa\u00eds, inform\u00f3 La Prensa Gr\u00e1fica.<\/p>\n","protected":false},"author":43,"featured_media":0,"comment_status":"closed","ping_status":"closed","sticky":false,"template":"","format":"standard","meta":{"inline_featured_image":false,"footnotes":""},"categories":[1222],"tags":[1522,1444,1532,1541],"coauthors":[],"class_list":["post-55649","post","type-post","status-publish","format-standard","hentry","category-violencia-contra-periodistas-es","tag-amenazas-contra-periodistas-es","tag-el-salvador-es","tag-periodismo-ambiental-es","tag-periodismo-comunitario-es"],"acf":[],"yoast_head":"<!-- This site is optimized with the Yoast SEO Premium plugin v22.6 (Yoast SEO v27.4) - https:\/\/yoast.com\/product\/yoast-seo-premium-wordpress\/ -->\n<title>Fiscal\u00eda pide investigar supuestas amenazas contra periodistas de radio en El Salvador - LatAm Journalism Review<\/title>\n<meta name=\"description\" content=\"Fiscal\u00eda pide investigar supuestas amenazas contra periodistas de radio en El Salvador Violencia contra periodistas. Latin American Journalism Review by The Knight Center at The University of Texas at Austin.\" \/>\n<meta name=\"robots\" content=\"index, follow, max-snippet:-1, max-image-preview:large, max-video-preview:-1\" \/>\n<link rel=\"canonical\" href=\"https:\/\/latamjournalismreview.org\/es\/articles\/fiscalia-pide-investigar-supuestas-amenazas-contra-periodistas-de-radio-en-el-salvador\/\" \/>\n<meta property=\"og:locale\" content=\"es_ES\" \/>\n<meta property=\"og:type\" content=\"article\" \/>\n<meta property=\"og:title\" content=\"Fiscal\u00eda pide investigar supuestas amenazas contra periodistas de radio en El Salvador\" \/>\n<meta property=\"og:description\" content=\"Fiscal\u00eda pide investigar supuestas amenazas contra periodistas de radio en El Salvador Violencia contra periodistas. Latin American Journalism Review by The Knight Center at The University of Texas at Austin.\" \/>\n<meta property=\"og:url\" content=\"https:\/\/latamjournalismreview.org\/es\/articles\/fiscalia-pide-investigar-supuestas-amenazas-contra-periodistas-de-radio-en-el-salvador\/\" \/>\n<meta property=\"og:site_name\" content=\"LatAm Journalism Review\" \/>\n<meta property=\"article:published_time\" content=\"2011-02-01T12:10:20+00:00\" \/>\n<meta property=\"article:modified_time\" content=\"2022-05-26T12:10:54+00:00\" \/>\n<meta name=\"author\" content=\"Monica Medel\" \/>\n<meta name=\"twitter:card\" content=\"summary_large_image\" \/>\n<meta name=\"twitter:creator\" content=\"@LatAmJournalism\" \/>\n<meta name=\"twitter:site\" content=\"@LatAmJournalism\" \/>\n<meta name=\"twitter:label1\" content=\"Written by\" \/>\n\t<meta name=\"twitter:data1\" content=\"Monica Medel\" \/>\n\t<meta name=\"twitter:label2\" content=\"Est. reading time\" \/>\n\t<meta name=\"twitter:data2\" content=\"1 minuto\" \/>\n<script type=\"application\/ld+json\" class=\"yoast-schema-graph\">{\"@context\":\"https:\\\/\\\/schema.org\",\"@graph\":[{\"@type\":\"Article\",\"@id\":\"https:\\\/\\\/latamjournalismreview.org\\\/es\\\/articles\\\/fiscalia-pide-investigar-supuestas-amenazas-contra-periodistas-de-radio-en-el-salvador\\\/#article\",\"isPartOf\":{\"@id\":\"https:\\\/\\\/latamjournalismreview.org\\\/es\\\/articles\\\/fiscalia-pide-investigar-supuestas-amenazas-contra-periodistas-de-radio-en-el-salvador\\\/\"},\"author\":{\"name\":\"Monica Medel\",\"@id\":\"https:\\\/\\\/latamjournalismreview.org\\\/es\\\/#\\\/schema\\\/person\\\/1746872e9af4abc45355e4a7a4ddcea5\"},\"headline\":\"Fiscal\u00eda pide investigar supuestas amenazas contra periodistas de radio en El Salvador\",\"datePublished\":\"2011-02-01T12:10:20+00:00\",\"dateModified\":\"2022-05-26T12:10:54+00:00\",\"mainEntityOfPage\":{\"@id\":\"https:\\\/\\\/latamjournalismreview.org\\\/es\\\/articles\\\/fiscalia-pide-investigar-supuestas-amenazas-contra-periodistas-de-radio-en-el-salvador\\\/\"},\"wordCount\":271,\"publisher\":{\"@id\":\"https:\\\/\\\/latamjournalismreview.org\\\/es\\\/#organization\"},\"keywords\":[\"Amenazas contra periodistas\",\"El Salvador\",\"Periodismo ambiental\",\"Periodismo comunitario\"],\"articleSection\":[\"Violencia contra periodistas\"],\"inLanguage\":\"es\"},{\"@type\":\"WebPage\",\"@id\":\"https:\\\/\\\/latamjournalismreview.org\\\/es\\\/articles\\\/fiscalia-pide-investigar-supuestas-amenazas-contra-periodistas-de-radio-en-el-salvador\\\/\",\"url\":\"https:\\\/\\\/latamjournalismreview.org\\\/es\\\/articles\\\/fiscalia-pide-investigar-supuestas-amenazas-contra-periodistas-de-radio-en-el-salvador\\\/\",\"name\":\"Fiscal\u00eda pide investigar supuestas amenazas contra periodistas de radio en El Salvador - LatAm Journalism Review\",\"isPartOf\":{\"@id\":\"https:\\\/\\\/latamjournalismreview.org\\\/es\\\/#website\"},\"datePublished\":\"2011-02-01T12:10:20+00:00\",\"dateModified\":\"2022-05-26T12:10:54+00:00\",\"description\":\"Fiscal\u00eda pide investigar supuestas amenazas contra periodistas de radio en El Salvador Violencia contra periodistas. Latin American Journalism Review by The Knight Center at The University of Texas at Austin.\",\"breadcrumb\":{\"@id\":\"https:\\\/\\\/latamjournalismreview.org\\\/es\\\/articles\\\/fiscalia-pide-investigar-supuestas-amenazas-contra-periodistas-de-radio-en-el-salvador\\\/#breadcrumb\"},\"inLanguage\":\"es\",\"potentialAction\":[{\"@type\":\"ReadAction\",\"target\":[\"https:\\\/\\\/latamjournalismreview.org\\\/es\\\/articles\\\/fiscalia-pide-investigar-supuestas-amenazas-contra-periodistas-de-radio-en-el-salvador\\\/\"]}]},{\"@type\":\"BreadcrumbList\",\"@id\":\"https:\\\/\\\/latamjournalismreview.org\\\/es\\\/articles\\\/fiscalia-pide-investigar-supuestas-amenazas-contra-periodistas-de-radio-en-el-salvador\\\/#breadcrumb\",\"itemListElement\":[{\"@type\":\"ListItem\",\"position\":1,\"name\":\"Home\",\"item\":\"https:\\\/\\\/latamjournalismreview.org\\\/es\\\/\"},{\"@type\":\"ListItem\",\"position\":2,\"name\":\"Fiscal\u00eda pide investigar supuestas amenazas contra periodistas de radio en El Salvador\"}]},{\"@type\":\"WebSite\",\"@id\":\"https:\\\/\\\/latamjournalismreview.org\\\/es\\\/#website\",\"url\":\"https:\\\/\\\/latamjournalismreview.org\\\/es\\\/\",\"name\":\"LatAm Journalism Review\",\"description\":\"Knight Center at The University of Texas\",\"publisher\":{\"@id\":\"https:\\\/\\\/latamjournalismreview.org\\\/es\\\/#organization\"},\"potentialAction\":[{\"@type\":\"SearchAction\",\"target\":{\"@type\":\"EntryPoint\",\"urlTemplate\":\"https:\\\/\\\/latamjournalismreview.org\\\/es\\\/?s={search_term_string}\"},\"query-input\":{\"@type\":\"PropertyValueSpecification\",\"valueRequired\":true,\"valueName\":\"search_term_string\"}}],\"inLanguage\":\"es\"},{\"@type\":\"Organization\",\"@id\":\"https:\\\/\\\/latamjournalismreview.org\\\/es\\\/#organization\",\"name\":\"LatAm Journalism Review\",\"url\":\"https:\\\/\\\/latamjournalismreview.org\\\/es\\\/\",\"logo\":{\"@type\":\"ImageObject\",\"inLanguage\":\"es\",\"@id\":\"https:\\\/\\\/latamjournalismreview.org\\\/es\\\/#\\\/schema\\\/logo\\\/image\\\/\",\"url\":\"https:\\\/\\\/latamjournalismreview.org\\\/wp-content\\\/uploads\\\/2020\\\/05\\\/knight-latAm-review-logo.svg\",\"contentUrl\":\"https:\\\/\\\/latamjournalismreview.org\\\/wp-content\\\/uploads\\\/2020\\\/05\\\/knight-latAm-review-logo.svg\",\"width\":\"1024\",\"height\":\"1024\",\"caption\":\"LatAm Journalism Review\"},\"image\":{\"@id\":\"https:\\\/\\\/latamjournalismreview.org\\\/es\\\/#\\\/schema\\\/logo\\\/image\\\/\"},\"sameAs\":[\"https:\\\/\\\/x.com\\\/LatAmJournalism\"]},{\"@type\":\"Person\",\"@id\":\"https:\\\/\\\/latamjournalismreview.org\\\/es\\\/#\\\/schema\\\/person\\\/1746872e9af4abc45355e4a7a4ddcea5\",\"name\":\"Monica Medel\",\"url\":\"https:\\\/\\\/latamjournalismreview.org\\\/es\\\/articles\\\/author\\\/monica-medel\\\/\"}]}<\/script>\n<!-- \/ Yoast SEO Premium plugin. -->","yoast_head_json":{"title":"Fiscal\u00eda pide investigar supuestas amenazas contra periodistas de radio en El Salvador - LatAm Journalism Review","description":"Fiscal\u00eda pide investigar supuestas amenazas contra periodistas de radio en El Salvador Violencia contra periodistas. Latin American Journalism Review by The Knight Center at The University of Texas at Austin.","robots":{"index":"index","follow":"follow","max-snippet":"max-snippet:-1","max-image-preview":"max-image-preview:large","max-video-preview":"max-video-preview:-1"},"canonical":"https:\/\/latamjournalismreview.org\/es\/articles\/fiscalia-pide-investigar-supuestas-amenazas-contra-periodistas-de-radio-en-el-salvador\/","og_locale":"es_ES","og_type":"article","og_title":"Fiscal\u00eda pide investigar supuestas amenazas contra periodistas de radio en El Salvador","og_description":"Fiscal\u00eda pide investigar supuestas amenazas contra periodistas de radio en El Salvador Violencia contra periodistas. Latin American Journalism Review by The Knight Center at The University of Texas at Austin.","og_url":"https:\/\/latamjournalismreview.org\/es\/articles\/fiscalia-pide-investigar-supuestas-amenazas-contra-periodistas-de-radio-en-el-salvador\/","og_site_name":"LatAm Journalism Review","article_published_time":"2011-02-01T12:10:20+00:00","article_modified_time":"2022-05-26T12:10:54+00:00","author":"Monica Medel","twitter_card":"summary_large_image","twitter_creator":"@LatAmJournalism","twitter_site":"@LatAmJournalism","twitter_misc":{"Written by":"Monica Medel","Est. reading time":"1 minuto"},"schema":{"@context":"https:\/\/schema.org","@graph":[{"@type":"Article","@id":"https:\/\/latamjournalismreview.org\/es\/articles\/fiscalia-pide-investigar-supuestas-amenazas-contra-periodistas-de-radio-en-el-salvador\/#article","isPartOf":{"@id":"https:\/\/latamjournalismreview.org\/es\/articles\/fiscalia-pide-investigar-supuestas-amenazas-contra-periodistas-de-radio-en-el-salvador\/"},"author":{"name":"Monica Medel","@id":"https:\/\/latamjournalismreview.org\/es\/#\/schema\/person\/1746872e9af4abc45355e4a7a4ddcea5"},"headline":"Fiscal\u00eda pide investigar supuestas amenazas contra periodistas de radio en El Salvador","datePublished":"2011-02-01T12:10:20+00:00","dateModified":"2022-05-26T12:10:54+00:00","mainEntityOfPage":{"@id":"https:\/\/latamjournalismreview.org\/es\/articles\/fiscalia-pide-investigar-supuestas-amenazas-contra-periodistas-de-radio-en-el-salvador\/"},"wordCount":271,"publisher":{"@id":"https:\/\/latamjournalismreview.org\/es\/#organization"},"keywords":["Amenazas contra periodistas","El Salvador","Periodismo ambiental","Periodismo comunitario"],"articleSection":["Violencia contra periodistas"],"inLanguage":"es"},{"@type":"WebPage","@id":"https:\/\/latamjournalismreview.org\/es\/articles\/fiscalia-pide-investigar-supuestas-amenazas-contra-periodistas-de-radio-en-el-salvador\/","url":"https:\/\/latamjournalismreview.org\/es\/articles\/fiscalia-pide-investigar-supuestas-amenazas-contra-periodistas-de-radio-en-el-salvador\/","name":"Fiscal\u00eda pide investigar supuestas amenazas contra periodistas de radio en El Salvador - LatAm Journalism Review","isPartOf":{"@id":"https:\/\/latamjournalismreview.org\/es\/#website"},"datePublished":"2011-02-01T12:10:20+00:00","dateModified":"2022-05-26T12:10:54+00:00","description":"Fiscal\u00eda pide investigar supuestas amenazas contra periodistas de radio en El Salvador Violencia contra periodistas. Latin American Journalism Review by The Knight Center at The University of Texas at Austin.","breadcrumb":{"@id":"https:\/\/latamjournalismreview.org\/es\/articles\/fiscalia-pide-investigar-supuestas-amenazas-contra-periodistas-de-radio-en-el-salvador\/#breadcrumb"},"inLanguage":"es","potentialAction":[{"@type":"ReadAction","target":["https:\/\/latamjournalismreview.org\/es\/articles\/fiscalia-pide-investigar-supuestas-amenazas-contra-periodistas-de-radio-en-el-salvador\/"]}]},{"@type":"BreadcrumbList","@id":"https:\/\/latamjournalismreview.org\/es\/articles\/fiscalia-pide-investigar-supuestas-amenazas-contra-periodistas-de-radio-en-el-salvador\/#breadcrumb","itemListElement":[{"@type":"ListItem","position":1,"name":"Home","item":"https:\/\/latamjournalismreview.org\/es\/"},{"@type":"ListItem","position":2,"name":"Fiscal\u00eda pide investigar supuestas amenazas contra periodistas de radio en El Salvador"}]},{"@type":"WebSite","@id":"https:\/\/latamjournalismreview.org\/es\/#website","url":"https:\/\/latamjournalismreview.org\/es\/","name":"LatAm Journalism Review","description":"Knight Center at The University of Texas","publisher":{"@id":"https:\/\/latamjournalismreview.org\/es\/#organization"},"potentialAction":[{"@type":"SearchAction","target":{"@type":"EntryPoint","urlTemplate":"https:\/\/latamjournalismreview.org\/es\/?s={search_term_string}"},"query-input":{"@type":"PropertyValueSpecification","valueRequired":true,"valueName":"search_term_string"}}],"inLanguage":"es"},{"@type":"Organization","@id":"https:\/\/latamjournalismreview.org\/es\/#organization","name":"LatAm Journalism Review","url":"https:\/\/latamjournalismreview.org\/es\/","logo":{"@type":"ImageObject","inLanguage":"es","@id":"https:\/\/latamjournalismreview.org\/es\/#\/schema\/logo\/image\/","url":"https:\/\/latamjournalismreview.org\/wp-content\/uploads\/2020\/05\/knight-latAm-review-logo.svg","contentUrl":"https:\/\/latamjournalismreview.org\/wp-content\/uploads\/2020\/05\/knight-latAm-review-logo.svg","width":"1024","height":"1024","caption":"LatAm Journalism Review"},"image":{"@id":"https:\/\/latamjournalismreview.org\/es\/#\/schema\/logo\/image\/"},"sameAs":["https:\/\/x.com\/LatAmJournalism"]},{"@type":"Person","@id":"https:\/\/latamjournalismreview.org\/es\/#\/schema\/person\/1746872e9af4abc45355e4a7a4ddcea5","name":"Monica Medel","url":"https:\/\/latamjournalismreview.org\/es\/articles\/author\/monica-medel\/"}]}},"_links":{"self":[{"href":"https:\/\/latamjournalismreview.org\/es\/wp-json\/wp\/v2\/posts\/55649","targetHints":{"allow":["GET"]}}],"collection":[{"href":"https:\/\/latamjournalismreview.org\/es\/wp-json\/wp\/v2\/posts"}],"about":[{"href":"https:\/\/latamjournalismreview.org\/es\/wp-json\/wp\/v2\/types\/post"}],"author":[{"embeddable":true,"href":"https:\/\/latamjournalismreview.org\/es\/wp-json\/wp\/v2\/users\/43"}],"replies":[{"embeddable":true,"href":"https:\/\/latamjournalismreview.org\/es\/wp-json\/wp\/v2\/comments?post=55649"}],"version-history":[{"count":1,"href":"https:\/\/latamjournalismreview.org\/es\/wp-json\/wp\/v2\/posts\/55649\/revisions"}],"predecessor-version":[{"id":55651,"href":"https:\/\/latamjournalismreview.org\/es\/wp-json\/wp\/v2\/posts\/55649\/revisions\/55651"}],"wp:attachment":[{"href":"https:\/\/latamjournalismreview.org\/es\/wp-json\/wp\/v2\/media?parent=55649"}],"wp:term":[{"taxonomy":"category","embeddable":true,"href":"https:\/\/latamjournalismreview.org\/es\/wp-json\/wp\/v2\/categories?post=55649"},{"taxonomy":"post_tag","embeddable":true,"href":"https:\/\/latamjournalismreview.org\/es\/wp-json\/wp\/v2\/tags?post=55649"},{"taxonomy":"author","embeddable":true,"href":"https:\/\/latamjournalismreview.org\/es\/wp-json\/wp\/v2\/coauthors?post=55649"}],"curies":[{"name":"wp","href":"https:\/\/api.w.org\/{rel}","templated":true}]}}