{"id":55659,"date":"2011-02-01T07:15:49","date_gmt":"2011-02-01T12:15:49","guid":{"rendered":"https:\/\/latamjournalismreview.org\/?p=55659"},"modified":"2022-05-26T07:19:05","modified_gmt":"2022-05-26T12:19:05","slug":"reportero-es-herido-a-bala-por-la-policia-en-republica-dominicana","status":"publish","type":"post","link":"https:\/\/latamjournalismreview.org\/es\/articles\/reportero-es-herido-a-bala-por-la-policia-en-republica-dominicana\/","title":{"rendered":"Reportero es herido a bala por la polic\u00eda en Rep\u00fablica Dominicana"},"content":{"rendered":"<p>El jefe del peri\u00f3dico digital\u00a0<a href=\"http:\/\/prensalibrenagua.blogspot.com\/\">Prensa Libre Nagua<\/a>\u00a0y director de la emisora dominicana Cabrera FM,\u00a0<a href=\"http:\/\/noticias.terra.com.pe\/internacional\/rsf-pide-que-se-investigue-el-ataque-al-periodista-dominicano-francisco-frias,e453cceb89cdd210VgnVCM10000098f154d0RCRD.html\">Francisco Fr\u00edas, result\u00f3 herido de bala<\/a>\u00a0mientras cubr\u00eda un funeral en el pa\u00eds caribe\u00f1o tras disparos hechos por la polic\u00eda, inform\u00f3 Terra.<\/p>\n<p><a href=\"http:\/\/www.rsf-es.org\/news\/rep-dominicana-un-periodista-herido-por-disparos-de-la-policia\">Fr\u00edas recibi\u00f3 disparos en el abdomen y un ojo<\/a>, dijo en un comunicado\u00a0<a href=\"http:\/\/www.rsf-es.org\/\">Reporteros Sin Fronteras<\/a>\u00a0(RSF), que exigi\u00f3 una investigaci\u00f3n y no descart\u00f3 que se tratara de represalias en contra del reportero. Record\u00f3 que\u00a0<a href=\"http:\/\/diariolibre.com\/noticias_det.php?id=277894&amp;l=1\">el periodista hab\u00eda recibido previamente amenazas de parte de un capit\u00e1n de polic\u00eda<\/a>, cuando relataba una expulsi\u00f3n de campesinos en un conflicto agrario, dijo Diario Libre.<\/p>\n<p>De acuerdo con RSF, desde el 1 de enero de 2011, se han registrado ocho agresiones violentas a periodistas, que en su mayor\u00eda implican a las fuerzas del orden.<\/p>\n<p>A pesar de estos incidentes, Rep\u00fablica Dominicana no figura entre los\u00a0<a href=\"http:\/\/knightcenter.utexas.edu\/es\/search\/node\/pa%C3%ADses%20peligrosos%20periodismo\">pa\u00edses latinoamericanos m\u00e1s peligrosos para el ejercicio del periodismo<\/a>. Sin embargo, los periodistas dominicanos todav\u00eda recuerdan al reportero\u00a0<a href=\"http:\/\/www.ciudadoriental.org\/index.php?option=com_content&amp;view=article&amp;id=4533:clama-justicia-por-asesinato-periodista-marcelino-vega-hace-29-anos&amp;catid=72:tv&amp;Itemid=168\">Marcelino Vega<\/a>, asesinado a tiros en abril de 1981 cuando cubr\u00eda una huelga de empleados p\u00fablicos.<\/p>\n<p>Algunos de sus familiares anunciaron el lanzamiento de un\u00a0<a href=\"http:\/\/www.hoy.com.do\/el-pais\/2011\/1\/31\/360313\/Familia-del-periodista-Marcelino-Vega-pondra-en-circulacion-un-periodico\">peri\u00f3dico regional impreso<\/a>\u00a0que busca servir de tribuna a las demandas, problemas y necesidades de la zona de\u00a0<a href=\"http:\/\/es.wikipedia.org\/wiki\/Hato_Mayor\">Hato Mayor<\/a>, en el este del pa\u00eds, report\u00f3 Hoy Digital.<\/p>\n<p><a href=\"http:\/\/elnuevodiario.com.do\/app\/article.aspx?id=229635\">Provincia, dirigido por Ricardo Vega, hermano del reportero asesinado<\/a>, se enfocar\u00e1 en temas agropecuarios, pol\u00edticos y sociales, detall\u00f3 El Nuevo Diario.<\/p>\n<p><em>Nota del editor: Esta historia fue publicada originalmente en el blog Periodismo en las Am\u00e9ricas del Centro Knight, el predecesor de LatAm Journalism Review.<\/em><\/p>\n","protected":false},"excerpt":{"rendered":"<p>El jefe del peri\u00f3dico digital\u00a0Prensa Libre Nagua\u00a0y director de la emisora dominicana Cabrera FM,\u00a0Francisco Fr\u00edas, result\u00f3 herido de bala\u00a0mientras cubr\u00eda un funeral en el pa\u00eds caribe\u00f1o tras disparos hechos por la polic\u00eda, inform\u00f3 Terra.<\/p>\n","protected":false},"author":43,"featured_media":0,"comment_status":"closed","ping_status":"closed","sticky":false,"template":"","format":"standard","meta":{"inline_featured_image":false,"footnotes":""},"categories":[1222],"tags":[],"coauthors":[],"class_list":["post-55659","post","type-post","status-publish","format-standard","hentry","category-violencia-contra-periodistas-es"],"acf":[],"yoast_head":"<!-- This site is optimized with the Yoast SEO Premium plugin v22.6 (Yoast SEO v27.4) - https:\/\/yoast.com\/product\/yoast-seo-premium-wordpress\/ -->\n<title>Reportero es herido a bala por la polic\u00eda en Rep\u00fablica Dominicana - LatAm Journalism Review<\/title>\n<meta name=\"description\" content=\"Reportero es herido a bala por la polic\u00eda en Rep\u00fablica Dominicana Violencia contra periodistas. Latin American Journalism Review by The Knight Center at The University of Texas at Austin.\" \/>\n<meta name=\"robots\" content=\"index, follow, max-snippet:-1, max-image-preview:large, max-video-preview:-1\" \/>\n<link rel=\"canonical\" href=\"https:\/\/latamjournalismreview.org\/es\/articles\/reportero-es-herido-a-bala-por-la-policia-en-republica-dominicana\/\" \/>\n<meta property=\"og:locale\" content=\"es_ES\" \/>\n<meta property=\"og:type\" content=\"article\" \/>\n<meta property=\"og:title\" content=\"Reportero es herido a bala por la polic\u00eda en Rep\u00fablica Dominicana\" \/>\n<meta property=\"og:description\" content=\"Reportero es herido a bala por la polic\u00eda en Rep\u00fablica Dominicana Violencia contra periodistas. Latin American Journalism Review by The Knight Center at The University of Texas at Austin.\" \/>\n<meta property=\"og:url\" content=\"https:\/\/latamjournalismreview.org\/es\/articles\/reportero-es-herido-a-bala-por-la-policia-en-republica-dominicana\/\" \/>\n<meta property=\"og:site_name\" content=\"LatAm Journalism Review\" \/>\n<meta property=\"article:published_time\" content=\"2011-02-01T12:15:49+00:00\" \/>\n<meta property=\"article:modified_time\" content=\"2022-05-26T12:19:05+00:00\" \/>\n<meta name=\"author\" content=\"Monica Medel\" \/>\n<meta name=\"twitter:card\" content=\"summary_large_image\" \/>\n<meta name=\"twitter:creator\" content=\"@LatAmJournalism\" \/>\n<meta name=\"twitter:site\" content=\"@LatAmJournalism\" \/>\n<meta name=\"twitter:label1\" content=\"Written by\" \/>\n\t<meta name=\"twitter:data1\" content=\"Monica Medel\" \/>\n\t<meta name=\"twitter:label2\" content=\"Est. reading time\" \/>\n\t<meta name=\"twitter:data2\" content=\"1 minuto\" \/>\n<script type=\"application\/ld+json\" class=\"yoast-schema-graph\">{\"@context\":\"https:\\\/\\\/schema.org\",\"@graph\":[{\"@type\":\"Article\",\"@id\":\"https:\\\/\\\/latamjournalismreview.org\\\/es\\\/articles\\\/reportero-es-herido-a-bala-por-la-policia-en-republica-dominicana\\\/#article\",\"isPartOf\":{\"@id\":\"https:\\\/\\\/latamjournalismreview.org\\\/es\\\/articles\\\/reportero-es-herido-a-bala-por-la-policia-en-republica-dominicana\\\/\"},\"author\":{\"name\":\"Monica Medel\",\"@id\":\"https:\\\/\\\/latamjournalismreview.org\\\/es\\\/#\\\/schema\\\/person\\\/1746872e9af4abc45355e4a7a4ddcea5\"},\"headline\":\"Reportero es herido a bala por la polic\u00eda en Rep\u00fablica Dominicana\",\"datePublished\":\"2011-02-01T12:15:49+00:00\",\"dateModified\":\"2022-05-26T12:19:05+00:00\",\"mainEntityOfPage\":{\"@id\":\"https:\\\/\\\/latamjournalismreview.org\\\/es\\\/articles\\\/reportero-es-herido-a-bala-por-la-policia-en-republica-dominicana\\\/\"},\"wordCount\":288,\"publisher\":{\"@id\":\"https:\\\/\\\/latamjournalismreview.org\\\/es\\\/#organization\"},\"articleSection\":[\"Violencia contra periodistas\"],\"inLanguage\":\"es\"},{\"@type\":\"WebPage\",\"@id\":\"https:\\\/\\\/latamjournalismreview.org\\\/es\\\/articles\\\/reportero-es-herido-a-bala-por-la-policia-en-republica-dominicana\\\/\",\"url\":\"https:\\\/\\\/latamjournalismreview.org\\\/es\\\/articles\\\/reportero-es-herido-a-bala-por-la-policia-en-republica-dominicana\\\/\",\"name\":\"Reportero es herido a bala por la polic\u00eda en Rep\u00fablica Dominicana - LatAm Journalism Review\",\"isPartOf\":{\"@id\":\"https:\\\/\\\/latamjournalismreview.org\\\/es\\\/#website\"},\"datePublished\":\"2011-02-01T12:15:49+00:00\",\"dateModified\":\"2022-05-26T12:19:05+00:00\",\"description\":\"Reportero es herido a bala por la polic\u00eda en Rep\u00fablica Dominicana Violencia contra periodistas. Latin American Journalism Review by The Knight Center at The University of Texas at Austin.\",\"breadcrumb\":{\"@id\":\"https:\\\/\\\/latamjournalismreview.org\\\/es\\\/articles\\\/reportero-es-herido-a-bala-por-la-policia-en-republica-dominicana\\\/#breadcrumb\"},\"inLanguage\":\"es\",\"potentialAction\":[{\"@type\":\"ReadAction\",\"target\":[\"https:\\\/\\\/latamjournalismreview.org\\\/es\\\/articles\\\/reportero-es-herido-a-bala-por-la-policia-en-republica-dominicana\\\/\"]}]},{\"@type\":\"BreadcrumbList\",\"@id\":\"https:\\\/\\\/latamjournalismreview.org\\\/es\\\/articles\\\/reportero-es-herido-a-bala-por-la-policia-en-republica-dominicana\\\/#breadcrumb\",\"itemListElement\":[{\"@type\":\"ListItem\",\"position\":1,\"name\":\"Home\",\"item\":\"https:\\\/\\\/latamjournalismreview.org\\\/es\\\/\"},{\"@type\":\"ListItem\",\"position\":2,\"name\":\"Reportero es herido a bala por la polic\u00eda en Rep\u00fablica Dominicana\"}]},{\"@type\":\"WebSite\",\"@id\":\"https:\\\/\\\/latamjournalismreview.org\\\/es\\\/#website\",\"url\":\"https:\\\/\\\/latamjournalismreview.org\\\/es\\\/\",\"name\":\"LatAm Journalism Review\",\"description\":\"Knight Center at The University of Texas\",\"publisher\":{\"@id\":\"https:\\\/\\\/latamjournalismreview.org\\\/es\\\/#organization\"},\"potentialAction\":[{\"@type\":\"SearchAction\",\"target\":{\"@type\":\"EntryPoint\",\"urlTemplate\":\"https:\\\/\\\/latamjournalismreview.org\\\/es\\\/?s={search_term_string}\"},\"query-input\":{\"@type\":\"PropertyValueSpecification\",\"valueRequired\":true,\"valueName\":\"search_term_string\"}}],\"inLanguage\":\"es\"},{\"@type\":\"Organization\",\"@id\":\"https:\\\/\\\/latamjournalismreview.org\\\/es\\\/#organization\",\"name\":\"LatAm Journalism Review\",\"url\":\"https:\\\/\\\/latamjournalismreview.org\\\/es\\\/\",\"logo\":{\"@type\":\"ImageObject\",\"inLanguage\":\"es\",\"@id\":\"https:\\\/\\\/latamjournalismreview.org\\\/es\\\/#\\\/schema\\\/logo\\\/image\\\/\",\"url\":\"https:\\\/\\\/latamjournalismreview.org\\\/wp-content\\\/uploads\\\/2020\\\/05\\\/knight-latAm-review-logo.svg\",\"contentUrl\":\"https:\\\/\\\/latamjournalismreview.org\\\/wp-content\\\/uploads\\\/2020\\\/05\\\/knight-latAm-review-logo.svg\",\"width\":\"1024\",\"height\":\"1024\",\"caption\":\"LatAm Journalism Review\"},\"image\":{\"@id\":\"https:\\\/\\\/latamjournalismreview.org\\\/es\\\/#\\\/schema\\\/logo\\\/image\\\/\"},\"sameAs\":[\"https:\\\/\\\/x.com\\\/LatAmJournalism\"]},{\"@type\":\"Person\",\"@id\":\"https:\\\/\\\/latamjournalismreview.org\\\/es\\\/#\\\/schema\\\/person\\\/1746872e9af4abc45355e4a7a4ddcea5\",\"name\":\"Monica Medel\",\"url\":\"https:\\\/\\\/latamjournalismreview.org\\\/es\\\/articles\\\/author\\\/monica-medel\\\/\"}]}<\/script>\n<!-- \/ Yoast SEO Premium plugin. -->","yoast_head_json":{"title":"Reportero es herido a bala por la polic\u00eda en Rep\u00fablica Dominicana - LatAm Journalism Review","description":"Reportero es herido a bala por la polic\u00eda en Rep\u00fablica Dominicana Violencia contra periodistas. Latin American Journalism Review by The Knight Center at The University of Texas at Austin.","robots":{"index":"index","follow":"follow","max-snippet":"max-snippet:-1","max-image-preview":"max-image-preview:large","max-video-preview":"max-video-preview:-1"},"canonical":"https:\/\/latamjournalismreview.org\/es\/articles\/reportero-es-herido-a-bala-por-la-policia-en-republica-dominicana\/","og_locale":"es_ES","og_type":"article","og_title":"Reportero es herido a bala por la polic\u00eda en Rep\u00fablica Dominicana","og_description":"Reportero es herido a bala por la polic\u00eda en Rep\u00fablica Dominicana Violencia contra periodistas. Latin American Journalism Review by The Knight Center at The University of Texas at Austin.","og_url":"https:\/\/latamjournalismreview.org\/es\/articles\/reportero-es-herido-a-bala-por-la-policia-en-republica-dominicana\/","og_site_name":"LatAm Journalism Review","article_published_time":"2011-02-01T12:15:49+00:00","article_modified_time":"2022-05-26T12:19:05+00:00","author":"Monica Medel","twitter_card":"summary_large_image","twitter_creator":"@LatAmJournalism","twitter_site":"@LatAmJournalism","twitter_misc":{"Written by":"Monica Medel","Est. reading time":"1 minuto"},"schema":{"@context":"https:\/\/schema.org","@graph":[{"@type":"Article","@id":"https:\/\/latamjournalismreview.org\/es\/articles\/reportero-es-herido-a-bala-por-la-policia-en-republica-dominicana\/#article","isPartOf":{"@id":"https:\/\/latamjournalismreview.org\/es\/articles\/reportero-es-herido-a-bala-por-la-policia-en-republica-dominicana\/"},"author":{"name":"Monica Medel","@id":"https:\/\/latamjournalismreview.org\/es\/#\/schema\/person\/1746872e9af4abc45355e4a7a4ddcea5"},"headline":"Reportero es herido a bala por la polic\u00eda en Rep\u00fablica Dominicana","datePublished":"2011-02-01T12:15:49+00:00","dateModified":"2022-05-26T12:19:05+00:00","mainEntityOfPage":{"@id":"https:\/\/latamjournalismreview.org\/es\/articles\/reportero-es-herido-a-bala-por-la-policia-en-republica-dominicana\/"},"wordCount":288,"publisher":{"@id":"https:\/\/latamjournalismreview.org\/es\/#organization"},"articleSection":["Violencia contra periodistas"],"inLanguage":"es"},{"@type":"WebPage","@id":"https:\/\/latamjournalismreview.org\/es\/articles\/reportero-es-herido-a-bala-por-la-policia-en-republica-dominicana\/","url":"https:\/\/latamjournalismreview.org\/es\/articles\/reportero-es-herido-a-bala-por-la-policia-en-republica-dominicana\/","name":"Reportero es herido a bala por la polic\u00eda en Rep\u00fablica Dominicana - LatAm Journalism Review","isPartOf":{"@id":"https:\/\/latamjournalismreview.org\/es\/#website"},"datePublished":"2011-02-01T12:15:49+00:00","dateModified":"2022-05-26T12:19:05+00:00","description":"Reportero es herido a bala por la polic\u00eda en Rep\u00fablica Dominicana Violencia contra periodistas. Latin American Journalism Review by The Knight Center at The University of Texas at Austin.","breadcrumb":{"@id":"https:\/\/latamjournalismreview.org\/es\/articles\/reportero-es-herido-a-bala-por-la-policia-en-republica-dominicana\/#breadcrumb"},"inLanguage":"es","potentialAction":[{"@type":"ReadAction","target":["https:\/\/latamjournalismreview.org\/es\/articles\/reportero-es-herido-a-bala-por-la-policia-en-republica-dominicana\/"]}]},{"@type":"BreadcrumbList","@id":"https:\/\/latamjournalismreview.org\/es\/articles\/reportero-es-herido-a-bala-por-la-policia-en-republica-dominicana\/#breadcrumb","itemListElement":[{"@type":"ListItem","position":1,"name":"Home","item":"https:\/\/latamjournalismreview.org\/es\/"},{"@type":"ListItem","position":2,"name":"Reportero es herido a bala por la polic\u00eda en Rep\u00fablica Dominicana"}]},{"@type":"WebSite","@id":"https:\/\/latamjournalismreview.org\/es\/#website","url":"https:\/\/latamjournalismreview.org\/es\/","name":"LatAm Journalism Review","description":"Knight Center at The University of Texas","publisher":{"@id":"https:\/\/latamjournalismreview.org\/es\/#organization"},"potentialAction":[{"@type":"SearchAction","target":{"@type":"EntryPoint","urlTemplate":"https:\/\/latamjournalismreview.org\/es\/?s={search_term_string}"},"query-input":{"@type":"PropertyValueSpecification","valueRequired":true,"valueName":"search_term_string"}}],"inLanguage":"es"},{"@type":"Organization","@id":"https:\/\/latamjournalismreview.org\/es\/#organization","name":"LatAm Journalism Review","url":"https:\/\/latamjournalismreview.org\/es\/","logo":{"@type":"ImageObject","inLanguage":"es","@id":"https:\/\/latamjournalismreview.org\/es\/#\/schema\/logo\/image\/","url":"https:\/\/latamjournalismreview.org\/wp-content\/uploads\/2020\/05\/knight-latAm-review-logo.svg","contentUrl":"https:\/\/latamjournalismreview.org\/wp-content\/uploads\/2020\/05\/knight-latAm-review-logo.svg","width":"1024","height":"1024","caption":"LatAm Journalism Review"},"image":{"@id":"https:\/\/latamjournalismreview.org\/es\/#\/schema\/logo\/image\/"},"sameAs":["https:\/\/x.com\/LatAmJournalism"]},{"@type":"Person","@id":"https:\/\/latamjournalismreview.org\/es\/#\/schema\/person\/1746872e9af4abc45355e4a7a4ddcea5","name":"Monica Medel","url":"https:\/\/latamjournalismreview.org\/es\/articles\/author\/monica-medel\/"}]}},"_links":{"self":[{"href":"https:\/\/latamjournalismreview.org\/es\/wp-json\/wp\/v2\/posts\/55659","targetHints":{"allow":["GET"]}}],"collection":[{"href":"https:\/\/latamjournalismreview.org\/es\/wp-json\/wp\/v2\/posts"}],"about":[{"href":"https:\/\/latamjournalismreview.org\/es\/wp-json\/wp\/v2\/types\/post"}],"author":[{"embeddable":true,"href":"https:\/\/latamjournalismreview.org\/es\/wp-json\/wp\/v2\/users\/43"}],"replies":[{"embeddable":true,"href":"https:\/\/latamjournalismreview.org\/es\/wp-json\/wp\/v2\/comments?post=55659"}],"version-history":[{"count":1,"href":"https:\/\/latamjournalismreview.org\/es\/wp-json\/wp\/v2\/posts\/55659\/revisions"}],"predecessor-version":[{"id":55661,"href":"https:\/\/latamjournalismreview.org\/es\/wp-json\/wp\/v2\/posts\/55659\/revisions\/55661"}],"wp:attachment":[{"href":"https:\/\/latamjournalismreview.org\/es\/wp-json\/wp\/v2\/media?parent=55659"}],"wp:term":[{"taxonomy":"category","embeddable":true,"href":"https:\/\/latamjournalismreview.org\/es\/wp-json\/wp\/v2\/categories?post=55659"},{"taxonomy":"post_tag","embeddable":true,"href":"https:\/\/latamjournalismreview.org\/es\/wp-json\/wp\/v2\/tags?post=55659"},{"taxonomy":"author","embeddable":true,"href":"https:\/\/latamjournalismreview.org\/es\/wp-json\/wp\/v2\/coauthors?post=55659"}],"curies":[{"name":"wp","href":"https:\/\/api.w.org\/{rel}","templated":true}]}}