{"id":5576,"date":"2019-07-18T16:19:02","date_gmt":"2019-07-18T21:19:02","guid":{"rendered":"https:\/\/live-lajr.pantheonsite.io\/?p=5576"},"modified":"2020-06-08T21:37:10","modified_gmt":"2020-06-09T02:37:10","slug":"caso-de-periodista-colombiana-jineth-bedoya-sera-juzgado-por-la-corte-interamericana-de-derechos-humanos","status":"publish","type":"post","link":"https:\/\/latamjournalismreview.org\/es\/articles\/caso-de-periodista-colombiana-jineth-bedoya-sera-juzgado-por-la-corte-interamericana-de-derechos-humanos\/","title":{"rendered":"Caso de periodista colombiana Jineth Bedoya ser\u00e1 juzgado por la Corte Interamericana de Derechos Humanos"},"content":{"rendered":"<p>El Estado colombiano ser\u00e1 juzgado por la Corte Interamericana de Derechos Humanos (Corte IDH) en el caso del secuestro, tortura y violencia sexual del que fue v\u00edctima la periodista Jineth Bedoya Lima hace 19 a\u00f1os.<\/p>\n<p>Seg\u00fan El Espectador, la Comisi\u00f3n Interamericana de Derechos Humanos (CIDH) present\u00f3 el caso de la periodista\u00a0<a href=\"https:\/\/www.elespectador.com\/noticias\/judicial\/caso-jineth-bedoya-estado-colombiano-va-al-banquillo-de-los-acusados-en-corte-idh-articulo-871402\" target=\"_blank\" rel=\"noopener noreferrer\">ante la Corte IDH el 17 de mayo por considerar que Colombia no cumpli\u00f3 con las recomendaciones<\/a>\u00a0que le hab\u00eda hecho en el\u00a0<a href=\"https:\/\/flip.org.co\/index.php\/es\/informacion\/pronunciamientos\/item\/2311-cidh-emite-informe-de-fondo-en-el-caso-de-jineth-bedoya-lima\" target=\"_blank\" rel=\"noopener noreferrer\">informe de fondo de enero de 2019<\/a>.<\/p>\n<div id=\"attachment_1078\" style=\"width: 343px\" class=\"wp-caption alignright\"><img loading=\"lazy\" decoding=\"async\" aria-describedby=\"caption-attachment-1078\" id=\"longdesc-return-1078\" class=\"wp-image-1078 size-full\" tabindex=\"-1\" src=\"https:\/\/live-lajr.pantheonsite.io\/wp-content\/uploads\/2020\/05\/30039568836_8692f17b5b.jpg\" alt=\"Jineth Bedoya de Colombia.\" width=\"333\" height=\"499\" longdesc=\"https:\/\/live-lajr.pantheonsite.io?longdesc=1078&amp;referrer=5576\" srcset=\"https:\/\/latamjournalismreview.org\/wp-content\/uploads\/2020\/05\/30039568836_8692f17b5b.jpg 333w, https:\/\/latamjournalismreview.org\/wp-content\/uploads\/2020\/05\/30039568836_8692f17b5b-200x300.jpg 200w\" sizes=\"auto, (max-width: 333px) 100vw, 333px\" \/><p id=\"caption-attachment-1078\" class=\"wp-caption-text\">Jineth Bedoya Lima cre\u00f3 en 2009 la campa\u00f1a 'No es hora de callar' para combatir la violencia contra las mujeres. (Foto: cortes\u00eda diario El Tiempo).<\/p><\/div>\n<p>El\u00a0<a href=\"https:\/\/www.elespectador.com\/noticias\/judicial\/caso-jineth-bedoya-estado-colombiano-va-al-banquillo-de-los-acusados-en-corte-idh-articulo-871402\" target=\"_blank\" rel=\"noopener noreferrer\">Estado colombiano habr\u00eda pedido tres meses de plazo para cumplir con las recomendaciones<\/a>, el cual fue concedido por la CIDH, seg\u00fan el diario. Sin embargo, cumplido este tiempo, Colombia solicit\u00f3 de nuevo otra pr\u00f3rroga la cual fue negada, agreg\u00f3 El Espectador.<\/p>\n<p>Ahora ser\u00e1 la Corte IDH la que determine la\u00a0<a href=\"https:\/\/flip.org.co\/index.php\/es\/informacion\/pronunciamientos\/item\/2363-corte-interamericana-de-derechos-humanos-juzgara-al-estado-colombiano-por-el-caso-de-la-periodista-jineth-bedoya-lima\" target=\"_blank\" rel=\"noopener noreferrer\">responsabilidad de Colombia de sus \u201cobligaciones internacionales\u201d respecto a \u201clas mujeres periodistas en contextos de conflicto armado<\/a>, las restricciones a la libertad de prensa y las din\u00e1micas de impunidad en casos de violencia contra la mujer\u201d, inform\u00f3 la Fundaci\u00f3n para la Libertad de Prensa (FLIP), organizaci\u00f3n que ha acompa\u00f1ado legalmente a Bedoya.<\/p>\n<p>\u201c19 a\u00f1os esperando esta noticia y hoy me alegra ser la primera v\u00edctima que lleve la violencia sexual en Colombia a un tribunal internacional.\u00a0<a href=\"https:\/\/twitter.com\/jbedoyalima\/status\/1151541145710866433\" target=\"_blank\" rel=\"noopener noreferrer\">Hoy se abre un camino de esperanza y justicia para mi y para miles de ni\u00f1as y mujeres v\u00edctimas de violencia sexual<\/a>. #NoEsHoraDeCallar\u201d, escribi\u00f3 Bedoya en su cuenta de Twitter cuando se conoci\u00f3 la decisi\u00f3n de la CIDH.<\/p>\n<p>Bedoya Lima, actual subeditora del diario El Tiempo,\u00a0<a href=\"https:\/\/knightcenter.utexas.edu\/es\/blog\/00-11407-agresion-y-abuso-sexual-periodista-colombiana-son-declarados-delitos-de-lesa-humanidad\" target=\"_blank\" rel=\"noopener noreferrer\">fue secuestrada en la entrada de la c\u00e1rcel Modelo de Bogot\u00e1 el 25 de mayo del a\u00f1o 2000<\/a>\u00a0en el marco de la investigaci\u00f3n de la muerte de 26 internos y un presunto tr\u00e1fico de armas al interior de la c\u00e1rcel.<\/p>\n<p>Durante su\u00a0<a href=\"https:\/\/knightcenter.utexas.edu\/es\/blog\/00-11407-agresion-y-abuso-sexual-periodista-colombiana-son-declarados-delitos-de-lesa-humanidad\" target=\"_blank\" rel=\"noopener noreferrer\">secuestro de 16 horas fue torturada, golpeada y abusada sexualmente<\/a>. Despu\u00e9s fue abandonada en una v\u00eda cerca de la ciudad de Villavicencio, departamento del Meta.<\/p>\n<p>Por diez a\u00f1os su caso se mantuvo en total impunidad, agreg\u00f3 El Espectador. En los poco m\u00e1s de 19 a\u00f1os, solo tres personas han sido sentenciadas.<\/p>\n<p>En marzo de 2016,\u00a0<a href=\"https:\/\/knightcenter.utexas.edu\/es\/blog\/00-16642-actualizacion-despues-de-15-anos-segundo-exparamilitar-condenado-por-crimenes-contra-l\" target=\"_blank\" rel=\"noopener noreferrer\">Mario Jaimes Mej\u00eda, alias \u2018El Panadero\u2019, fue condenado a 28 a\u00f1os de prisi\u00f3n<\/a>\u00a0como coautor de los delitos de secuestro simple, tortura y acceso carnal violento. En\u00a0<a href=\"https:\/\/knightcenter.utexas.edu\/es\/blog\/00-20871-despues-de-19-anos-dos-exparamilitares-son-condenados-por-el-secuestro-tortura-y-abuso\" target=\"_blank\" rel=\"noopener noreferrer\">mayo de 2019<\/a>, Alejandro C\u00e1rdenas Orozco, alias \u2018JJ\u2019, fue sentenciado a 30 a\u00f1os de prisi\u00f3n por el delito de acceso carnal violento agravado en persona protegida, y Jes\u00fas Emiro Rivera Pereira, alias \u2018Huevoepisca\u2019, a 40 a\u00f1os por secuestro, tortura y acceso carnal violento.<\/p>\n<p>Adem\u00e1s del largo tiempo de espera para conocer los primeros avances en la investigaci\u00f3n de su caso, la periodista ha manifestado su frustraci\u00f3n por la no investigaci\u00f3n y vinculaci\u00f3n en el crimen de los funcionarios p\u00fablicos que habr\u00edan estado detr\u00e1s de este. Seg\u00fan le dijo Bedoya al\u00a0<strong>Centro Knight<\/strong>\u00a0en 2016, de acuerdo a sus propias investigaciones e informaci\u00f3n que tiene la Fiscal\u00eda,\u00a0<a href=\"https:\/\/knightcenter.utexas.edu\/es\/blog\/00-17528-%E2%80%9Cperiodismo-no-es-incompatible-con-activismo%E2%80%9D-jineth-bedoya-premio-al-coraje-en-el-per\" target=\"_blank\" rel=\"noopener noreferrer\">al menos 27 personas estar\u00edan involucradas en su crimen<\/a>, incluidos agentes del Estado.<\/p>\n<p>En 2012, la\u00a0<a href=\"https:\/\/knightcenter.utexas.edu\/es\/blog\/00-11407-agresion-y-abuso-sexual-periodista-colombiana-son-declarados-delitos-de-lesa-humanidad\" target=\"_blank\" rel=\"noopener noreferrer\">Fiscal\u00eda General de Colombia declar\u00f3 el crimen como de lesa humanidad<\/a>\u00a0lo que impide que este prescriba, es decir, no se acaba el tiempo en ser investigado. En 2009, Bedoya cre\u00f3 la campa\u00f1a \u2018No es hora de callar\u2019 para animar a que mujeres v\u00edctimas de la violencia, denuncien.<\/p>\n<p>En 2011, la\u00a0<a href=\"https:\/\/knightcenter.utexas.edu\/es\/blog\/periodista-agredida-sexualmente-demanda-por-falta-de-justicia-colombia-ante-comision-interameri\" target=\"_blank\" rel=\"noopener noreferrer\">periodista demand\u00f3 a Colombia ante\u00a0la CIDH<\/a>. En una audiencia de\u00a02016, le\u00a0<a href=\"https:\/\/knightcenter.utexas.edu\/es\/blog\/00-16928-periodista-secuestrada-golpeada-y-violada-hace-16-anos-demanda-en-la-cidh-la-condenaci\" target=\"_blank\" rel=\"noopener noreferrer\">pidi\u00f3 a la entidad condenar a Colombia por la violaci\u00f3n de varios de sus derechos<\/a>.<\/p>\n<p>\u201cEsta decisi\u00f3n es un avance significativo en la lucha que por 19 a\u00f1os ha tenido que librar Jineth Bedoya Lima para acceder a la justicia y la verdad\u201d, escribi\u00f3 la FLIP en un comunicado sobre la llegada del caso a la Corte. \u201cEsta ser\u00e1 la primera oportunidad en la que la Corte IDH se pronuncie sobre la situaci\u00f3n de las mujeres periodistas en contextos de conflicto armado y la primera en la que estudie la responsabilidad de Colombia en un caso en el que el foco est\u00e1 en la violencia sexual. As\u00ed,\u00a0<a href=\"https:\/\/flip.org.co\/index.php\/es\/informacion\/pronunciamientos\/item\/2363-corte-interamericana-de-derechos-humanos-juzgara-al-estado-colombiano-por-el-caso-de-la-periodista-jineth-bedoya-lima\" target=\"_blank\" rel=\"noopener noreferrer\">el fallo que adopte la Corte no s\u00f3lo tendr\u00e1 efectos para el caso en concreto, sino que constituir\u00e1 un precedente para todo el hemisferio<\/a>\u201d.<\/p>\n<p>La FLIP y el Centro por la Justicia y el Derecho Internacional (CEJIL), que tambi\u00e9n representa a Bedoya, pidieron a la comunidad internacional continuar con su acompa\u00f1amiento del caso. Reconocieron tambi\u00e9n \u201cla constancia y la valent\u00eda con la que Jineth ha afrontado durante 19 a\u00f1os este proceso a pesar de la revictimizaci\u00f3n del Estado\u201d, agreg\u00f3 el comunicado.<\/p>\n","protected":false},"excerpt":{"rendered":"<p>El Estado colombiano ser\u00e1 juzgado por la Corte Interamericana de Derechos Humanos (Corte IDH) en el caso del secuestro, tortura y violencia sexual del que fue v\u00edctima la periodista Jineth Bedoya Lima hace 19 a\u00f1os.<\/p>\n","protected":false},"author":13,"featured_media":3404,"comment_status":"closed","ping_status":"closed","sticky":false,"template":"","format":"standard","meta":{"inline_featured_image":false,"footnotes":""},"categories":[1222],"tags":[1395],"coauthors":[],"class_list":["post-5576","post","type-post","status-publish","format-standard","has-post-thumbnail","hentry","category-violencia-contra-periodistas-es","tag-colombia-es-2"],"acf":[],"yoast_head":"<!-- This site is optimized with the Yoast SEO Premium plugin v22.6 (Yoast SEO v27.4) - https:\/\/yoast.com\/product\/yoast-seo-premium-wordpress\/ -->\n<title>Caso de periodista colombiana Jineth Bedoya ser\u00e1 juzgado por la Corte Interamericana de Derechos Humanos - LatAm Journalism Review<\/title>\n<meta name=\"description\" content=\"Caso de periodista colombiana Jineth Bedoya ser\u00e1 juzgado por la Corte Interamericana de Derechos Humanos Violencia contra periodistas. Latin American Journalism Review by The Knight Center at The University of Texas at Austin.\" \/>\n<meta name=\"robots\" content=\"index, follow, max-snippet:-1, max-image-preview:large, max-video-preview:-1\" \/>\n<link rel=\"canonical\" href=\"https:\/\/latamjournalismreview.org\/es\/articles\/caso-de-periodista-colombiana-jineth-bedoya-sera-juzgado-por-la-corte-interamericana-de-derechos-humanos\/\" \/>\n<meta property=\"og:locale\" content=\"es_ES\" \/>\n<meta property=\"og:type\" content=\"article\" \/>\n<meta property=\"og:title\" content=\"Caso de periodista colombiana Jineth Bedoya ser\u00e1 juzgado por la Corte Interamericana de Derechos Humanos\" \/>\n<meta property=\"og:description\" content=\"Caso de periodista colombiana Jineth Bedoya ser\u00e1 juzgado por la Corte Interamericana de Derechos Humanos Violencia contra periodistas. Latin American Journalism Review by The Knight Center at The University of Texas at Austin.\" \/>\n<meta property=\"og:url\" content=\"https:\/\/latamjournalismreview.org\/es\/articles\/caso-de-periodista-colombiana-jineth-bedoya-sera-juzgado-por-la-corte-interamericana-de-derechos-humanos\/\" \/>\n<meta property=\"og:site_name\" content=\"LatAm Journalism Review\" \/>\n<meta property=\"article:published_time\" content=\"2019-07-18T21:19:02+00:00\" \/>\n<meta property=\"article:modified_time\" content=\"2020-06-09T02:37:10+00:00\" \/>\n<meta property=\"og:image\" content=\"https:\/\/latamjournalismreview.org\/wp-content\/uploads\/2020\/05\/Jineth-Featured-Image.png\" \/>\n\t<meta property=\"og:image:width\" content=\"507\" \/>\n\t<meta property=\"og:image:height\" content=\"340\" \/>\n\t<meta property=\"og:image:type\" content=\"image\/png\" \/>\n<meta name=\"author\" content=\"Silvia Higuera\" \/>\n<meta name=\"twitter:card\" content=\"summary_large_image\" \/>\n<meta name=\"twitter:creator\" content=\"@shiguerita\" \/>\n<meta name=\"twitter:site\" content=\"@LatAmJournalism\" \/>\n<meta name=\"twitter:label1\" content=\"Written by\" \/>\n\t<meta name=\"twitter:data1\" content=\"Silvia Higuera\" \/>\n\t<meta name=\"twitter:label2\" content=\"Est. reading time\" \/>\n\t<meta name=\"twitter:data2\" content=\"4 minutos\" \/>\n<script type=\"application\/ld+json\" class=\"yoast-schema-graph\">{\"@context\":\"https:\\\/\\\/schema.org\",\"@graph\":[{\"@type\":\"Article\",\"@id\":\"https:\\\/\\\/latamjournalismreview.org\\\/es\\\/articles\\\/caso-de-periodista-colombiana-jineth-bedoya-sera-juzgado-por-la-corte-interamericana-de-derechos-humanos\\\/#article\",\"isPartOf\":{\"@id\":\"https:\\\/\\\/latamjournalismreview.org\\\/es\\\/articles\\\/caso-de-periodista-colombiana-jineth-bedoya-sera-juzgado-por-la-corte-interamericana-de-derechos-humanos\\\/\"},\"author\":{\"name\":\"Silvia Higuera\",\"@id\":\"https:\\\/\\\/latamjournalismreview.org\\\/es\\\/#\\\/schema\\\/person\\\/eac7baa6afada0957e047be9fc15703a\"},\"headline\":\"Caso de periodista colombiana Jineth Bedoya ser\u00e1 juzgado por la Corte Interamericana de Derechos Humanos\",\"datePublished\":\"2019-07-18T21:19:02+00:00\",\"dateModified\":\"2020-06-09T02:37:10+00:00\",\"mainEntityOfPage\":{\"@id\":\"https:\\\/\\\/latamjournalismreview.org\\\/es\\\/articles\\\/caso-de-periodista-colombiana-jineth-bedoya-sera-juzgado-por-la-corte-interamericana-de-derechos-humanos\\\/\"},\"wordCount\":840,\"publisher\":{\"@id\":\"https:\\\/\\\/latamjournalismreview.org\\\/es\\\/#organization\"},\"image\":{\"@id\":\"https:\\\/\\\/latamjournalismreview.org\\\/es\\\/articles\\\/caso-de-periodista-colombiana-jineth-bedoya-sera-juzgado-por-la-corte-interamericana-de-derechos-humanos\\\/#primaryimage\"},\"thumbnailUrl\":\"https:\\\/\\\/latamjournalismreview.org\\\/wp-content\\\/uploads\\\/2020\\\/05\\\/Jineth-Featured-Image.png\",\"keywords\":[\"Colombia\"],\"articleSection\":[\"Violencia contra periodistas\"],\"inLanguage\":\"es\"},{\"@type\":\"WebPage\",\"@id\":\"https:\\\/\\\/latamjournalismreview.org\\\/es\\\/articles\\\/caso-de-periodista-colombiana-jineth-bedoya-sera-juzgado-por-la-corte-interamericana-de-derechos-humanos\\\/\",\"url\":\"https:\\\/\\\/latamjournalismreview.org\\\/es\\\/articles\\\/caso-de-periodista-colombiana-jineth-bedoya-sera-juzgado-por-la-corte-interamericana-de-derechos-humanos\\\/\",\"name\":\"Caso de periodista colombiana Jineth Bedoya ser\u00e1 juzgado por la Corte Interamericana de Derechos Humanos - LatAm Journalism Review\",\"isPartOf\":{\"@id\":\"https:\\\/\\\/latamjournalismreview.org\\\/es\\\/#website\"},\"primaryImageOfPage\":{\"@id\":\"https:\\\/\\\/latamjournalismreview.org\\\/es\\\/articles\\\/caso-de-periodista-colombiana-jineth-bedoya-sera-juzgado-por-la-corte-interamericana-de-derechos-humanos\\\/#primaryimage\"},\"image\":{\"@id\":\"https:\\\/\\\/latamjournalismreview.org\\\/es\\\/articles\\\/caso-de-periodista-colombiana-jineth-bedoya-sera-juzgado-por-la-corte-interamericana-de-derechos-humanos\\\/#primaryimage\"},\"thumbnailUrl\":\"https:\\\/\\\/latamjournalismreview.org\\\/wp-content\\\/uploads\\\/2020\\\/05\\\/Jineth-Featured-Image.png\",\"datePublished\":\"2019-07-18T21:19:02+00:00\",\"dateModified\":\"2020-06-09T02:37:10+00:00\",\"description\":\"Caso de periodista colombiana Jineth Bedoya ser\u00e1 juzgado por la Corte Interamericana de Derechos Humanos Violencia contra periodistas. Latin American Journalism Review by The Knight Center at The University of Texas at Austin.\",\"breadcrumb\":{\"@id\":\"https:\\\/\\\/latamjournalismreview.org\\\/es\\\/articles\\\/caso-de-periodista-colombiana-jineth-bedoya-sera-juzgado-por-la-corte-interamericana-de-derechos-humanos\\\/#breadcrumb\"},\"inLanguage\":\"es\",\"potentialAction\":[{\"@type\":\"ReadAction\",\"target\":[\"https:\\\/\\\/latamjournalismreview.org\\\/es\\\/articles\\\/caso-de-periodista-colombiana-jineth-bedoya-sera-juzgado-por-la-corte-interamericana-de-derechos-humanos\\\/\"]}]},{\"@type\":\"ImageObject\",\"inLanguage\":\"es\",\"@id\":\"https:\\\/\\\/latamjournalismreview.org\\\/es\\\/articles\\\/caso-de-periodista-colombiana-jineth-bedoya-sera-juzgado-por-la-corte-interamericana-de-derechos-humanos\\\/#primaryimage\",\"url\":\"https:\\\/\\\/latamjournalismreview.org\\\/wp-content\\\/uploads\\\/2020\\\/05\\\/Jineth-Featured-Image.png\",\"contentUrl\":\"https:\\\/\\\/latamjournalismreview.org\\\/wp-content\\\/uploads\\\/2020\\\/05\\\/Jineth-Featured-Image.png\",\"width\":507,\"height\":340,\"caption\":\"Jineth Bedoya Featured Image\"},{\"@type\":\"BreadcrumbList\",\"@id\":\"https:\\\/\\\/latamjournalismreview.org\\\/es\\\/articles\\\/caso-de-periodista-colombiana-jineth-bedoya-sera-juzgado-por-la-corte-interamericana-de-derechos-humanos\\\/#breadcrumb\",\"itemListElement\":[{\"@type\":\"ListItem\",\"position\":1,\"name\":\"Home\",\"item\":\"https:\\\/\\\/latamjournalismreview.org\\\/es\\\/\"},{\"@type\":\"ListItem\",\"position\":2,\"name\":\"Caso de periodista colombiana Jineth Bedoya ser\u00e1 juzgado por la Corte Interamericana de Derechos Humanos\"}]},{\"@type\":\"WebSite\",\"@id\":\"https:\\\/\\\/latamjournalismreview.org\\\/es\\\/#website\",\"url\":\"https:\\\/\\\/latamjournalismreview.org\\\/es\\\/\",\"name\":\"LatAm Journalism Review\",\"description\":\"Knight Center at The University of Texas\",\"publisher\":{\"@id\":\"https:\\\/\\\/latamjournalismreview.org\\\/es\\\/#organization\"},\"potentialAction\":[{\"@type\":\"SearchAction\",\"target\":{\"@type\":\"EntryPoint\",\"urlTemplate\":\"https:\\\/\\\/latamjournalismreview.org\\\/es\\\/?s={search_term_string}\"},\"query-input\":{\"@type\":\"PropertyValueSpecification\",\"valueRequired\":true,\"valueName\":\"search_term_string\"}}],\"inLanguage\":\"es\"},{\"@type\":\"Organization\",\"@id\":\"https:\\\/\\\/latamjournalismreview.org\\\/es\\\/#organization\",\"name\":\"LatAm Journalism Review\",\"url\":\"https:\\\/\\\/latamjournalismreview.org\\\/es\\\/\",\"logo\":{\"@type\":\"ImageObject\",\"inLanguage\":\"es\",\"@id\":\"https:\\\/\\\/latamjournalismreview.org\\\/es\\\/#\\\/schema\\\/logo\\\/image\\\/\",\"url\":\"https:\\\/\\\/latamjournalismreview.org\\\/wp-content\\\/uploads\\\/2020\\\/05\\\/knight-latAm-review-logo.svg\",\"contentUrl\":\"https:\\\/\\\/latamjournalismreview.org\\\/wp-content\\\/uploads\\\/2020\\\/05\\\/knight-latAm-review-logo.svg\",\"width\":\"1024\",\"height\":\"1024\",\"caption\":\"LatAm Journalism Review\"},\"image\":{\"@id\":\"https:\\\/\\\/latamjournalismreview.org\\\/es\\\/#\\\/schema\\\/logo\\\/image\\\/\"},\"sameAs\":[\"https:\\\/\\\/x.com\\\/LatAmJournalism\"]},{\"@type\":\"Person\",\"@id\":\"https:\\\/\\\/latamjournalismreview.org\\\/es\\\/#\\\/schema\\\/person\\\/eac7baa6afada0957e047be9fc15703a\",\"name\":\"Silvia Higuera\",\"description\":\"Silvia A. Higuera Fl\u00f3rez is a Colombian journalist interested in covering Latin American issues and human rights, especially the right to freedom of expression, and investigative journalism. She studied Social Communication and Journalism at Universidad Pontificia Bolivariana in Bucaramanga (Colombia), and received her Master's of Arts in Journalism from the University of Texas at Austin in 2015. She worked with the Office of the Special Rapporteur for Freedom of Expression of the Inter-American Commission on Human Rights (IACHR) under the Orlando Sierra fellowship during 2014. She also worked for the Colombian newspaper Vanguardia Liberal and wrote for different magazines about local, economic and public order issues. Her work has also appeared in The Miami Herald and El Nuevo Herald of Miami. Email: silvia.knightcenter@gmail.com Silvia A. Higuera Fl\u00f3rez es una periodista colombiana con inter\u00e9s period\u00edstico es Am\u00e9rica Latina y los derechos humanos, particularmente el derecho a la libertad de expresi\u00f3n, as\u00ed como el periodismo de investigaci\u00f3n. Estudi\u00f3 Comunicaci\u00f3n Social \u2013 Periodismo en la Universidad Pontificia Bolivariana de Bucaramanga (Colombia), y recibi\u00f3 su maestr\u00eda en Periodismo en la Universidad de Texas, en Austin en 2015. Trabaj\u00f3 para la Relator\u00eda Especial para la Libertad de Expresi\u00f3n de la Comisi\u00f3n Interamericana de Derechos Humanos (CIDH) en el marco de la beca Orlando Sierra, durante 2014. Tambi\u00e9n hizo parte del diario Vanguardia Liberal y escribi\u00f3 para otras revistas colombianas cubriendo fuentes locales, econ\u00f3micas y judiciales. Algunos de sus trabajos han aparecido en The Miami Herald y El Nuevo Herald de Miami. Silvia A. Higuera Fl\u00f3rez \u00e9 uma jornalista colombiana e seu interesse jornal\u00edstico \u00e9 a Am\u00e9rica Latina e os direitos humanos, nomeadamente o direito \u00e0 liberdade de express\u00e3o. Estudou Comunica\u00e7\u00e3o Social \u2013 Jornalismo na Universidade Pontif\u00edcia Bolivariana de Bucaramanga, na Col\u00f4mbia e completou seu mestrado em jornalismo na Universidade do Texas em Austin. Silvia trabalhou na Relatoria para a Liberdade de Express\u00e3o da CIDH pela bolsa Orlando Sierra, em 2014. Trabalhou para o jornal Vanguardia Liberal e escreveu para outras revistas colombianas cobrindo temas locais, econ\u00f4micas e judici\u00e1rias. Alguns de seus trabalhos apareceram no The Miami Herald e no El Nuevo Herald de Miami.\",\"sameAs\":[\"https:\\\/\\\/x.com\\\/shiguerita\"],\"url\":\"https:\\\/\\\/latamjournalismreview.org\\\/es\\\/articles\\\/author\\\/silvia-higuera\\\/\"}]}<\/script>\n<!-- \/ Yoast SEO Premium plugin. -->","yoast_head_json":{"title":"Caso de periodista colombiana Jineth Bedoya ser\u00e1 juzgado por la Corte Interamericana de Derechos Humanos - LatAm Journalism Review","description":"Caso de periodista colombiana Jineth Bedoya ser\u00e1 juzgado por la Corte Interamericana de Derechos Humanos Violencia contra periodistas. Latin American Journalism Review by The Knight Center at The University of Texas at Austin.","robots":{"index":"index","follow":"follow","max-snippet":"max-snippet:-1","max-image-preview":"max-image-preview:large","max-video-preview":"max-video-preview:-1"},"canonical":"https:\/\/latamjournalismreview.org\/es\/articles\/caso-de-periodista-colombiana-jineth-bedoya-sera-juzgado-por-la-corte-interamericana-de-derechos-humanos\/","og_locale":"es_ES","og_type":"article","og_title":"Caso de periodista colombiana Jineth Bedoya ser\u00e1 juzgado por la Corte Interamericana de Derechos Humanos","og_description":"Caso de periodista colombiana Jineth Bedoya ser\u00e1 juzgado por la Corte Interamericana de Derechos Humanos Violencia contra periodistas. Latin American Journalism Review by The Knight Center at The University of Texas at Austin.","og_url":"https:\/\/latamjournalismreview.org\/es\/articles\/caso-de-periodista-colombiana-jineth-bedoya-sera-juzgado-por-la-corte-interamericana-de-derechos-humanos\/","og_site_name":"LatAm Journalism Review","article_published_time":"2019-07-18T21:19:02+00:00","article_modified_time":"2020-06-09T02:37:10+00:00","og_image":[{"width":507,"height":340,"url":"https:\/\/latamjournalismreview.org\/wp-content\/uploads\/2020\/05\/Jineth-Featured-Image.png","type":"image\/png"}],"author":"Silvia Higuera","twitter_card":"summary_large_image","twitter_creator":"@shiguerita","twitter_site":"@LatAmJournalism","twitter_misc":{"Written by":"Silvia Higuera","Est. reading time":"4 minutos"},"schema":{"@context":"https:\/\/schema.org","@graph":[{"@type":"Article","@id":"https:\/\/latamjournalismreview.org\/es\/articles\/caso-de-periodista-colombiana-jineth-bedoya-sera-juzgado-por-la-corte-interamericana-de-derechos-humanos\/#article","isPartOf":{"@id":"https:\/\/latamjournalismreview.org\/es\/articles\/caso-de-periodista-colombiana-jineth-bedoya-sera-juzgado-por-la-corte-interamericana-de-derechos-humanos\/"},"author":{"name":"Silvia Higuera","@id":"https:\/\/latamjournalismreview.org\/es\/#\/schema\/person\/eac7baa6afada0957e047be9fc15703a"},"headline":"Caso de periodista colombiana Jineth Bedoya ser\u00e1 juzgado por la Corte Interamericana de Derechos Humanos","datePublished":"2019-07-18T21:19:02+00:00","dateModified":"2020-06-09T02:37:10+00:00","mainEntityOfPage":{"@id":"https:\/\/latamjournalismreview.org\/es\/articles\/caso-de-periodista-colombiana-jineth-bedoya-sera-juzgado-por-la-corte-interamericana-de-derechos-humanos\/"},"wordCount":840,"publisher":{"@id":"https:\/\/latamjournalismreview.org\/es\/#organization"},"image":{"@id":"https:\/\/latamjournalismreview.org\/es\/articles\/caso-de-periodista-colombiana-jineth-bedoya-sera-juzgado-por-la-corte-interamericana-de-derechos-humanos\/#primaryimage"},"thumbnailUrl":"https:\/\/latamjournalismreview.org\/wp-content\/uploads\/2020\/05\/Jineth-Featured-Image.png","keywords":["Colombia"],"articleSection":["Violencia contra periodistas"],"inLanguage":"es"},{"@type":"WebPage","@id":"https:\/\/latamjournalismreview.org\/es\/articles\/caso-de-periodista-colombiana-jineth-bedoya-sera-juzgado-por-la-corte-interamericana-de-derechos-humanos\/","url":"https:\/\/latamjournalismreview.org\/es\/articles\/caso-de-periodista-colombiana-jineth-bedoya-sera-juzgado-por-la-corte-interamericana-de-derechos-humanos\/","name":"Caso de periodista colombiana Jineth Bedoya ser\u00e1 juzgado por la Corte Interamericana de Derechos Humanos - LatAm Journalism Review","isPartOf":{"@id":"https:\/\/latamjournalismreview.org\/es\/#website"},"primaryImageOfPage":{"@id":"https:\/\/latamjournalismreview.org\/es\/articles\/caso-de-periodista-colombiana-jineth-bedoya-sera-juzgado-por-la-corte-interamericana-de-derechos-humanos\/#primaryimage"},"image":{"@id":"https:\/\/latamjournalismreview.org\/es\/articles\/caso-de-periodista-colombiana-jineth-bedoya-sera-juzgado-por-la-corte-interamericana-de-derechos-humanos\/#primaryimage"},"thumbnailUrl":"https:\/\/latamjournalismreview.org\/wp-content\/uploads\/2020\/05\/Jineth-Featured-Image.png","datePublished":"2019-07-18T21:19:02+00:00","dateModified":"2020-06-09T02:37:10+00:00","description":"Caso de periodista colombiana Jineth Bedoya ser\u00e1 juzgado por la Corte Interamericana de Derechos Humanos Violencia contra periodistas. Latin American Journalism Review by The Knight Center at The University of Texas at Austin.","breadcrumb":{"@id":"https:\/\/latamjournalismreview.org\/es\/articles\/caso-de-periodista-colombiana-jineth-bedoya-sera-juzgado-por-la-corte-interamericana-de-derechos-humanos\/#breadcrumb"},"inLanguage":"es","potentialAction":[{"@type":"ReadAction","target":["https:\/\/latamjournalismreview.org\/es\/articles\/caso-de-periodista-colombiana-jineth-bedoya-sera-juzgado-por-la-corte-interamericana-de-derechos-humanos\/"]}]},{"@type":"ImageObject","inLanguage":"es","@id":"https:\/\/latamjournalismreview.org\/es\/articles\/caso-de-periodista-colombiana-jineth-bedoya-sera-juzgado-por-la-corte-interamericana-de-derechos-humanos\/#primaryimage","url":"https:\/\/latamjournalismreview.org\/wp-content\/uploads\/2020\/05\/Jineth-Featured-Image.png","contentUrl":"https:\/\/latamjournalismreview.org\/wp-content\/uploads\/2020\/05\/Jineth-Featured-Image.png","width":507,"height":340,"caption":"Jineth Bedoya Featured Image"},{"@type":"BreadcrumbList","@id":"https:\/\/latamjournalismreview.org\/es\/articles\/caso-de-periodista-colombiana-jineth-bedoya-sera-juzgado-por-la-corte-interamericana-de-derechos-humanos\/#breadcrumb","itemListElement":[{"@type":"ListItem","position":1,"name":"Home","item":"https:\/\/latamjournalismreview.org\/es\/"},{"@type":"ListItem","position":2,"name":"Caso de periodista colombiana Jineth Bedoya ser\u00e1 juzgado por la Corte Interamericana de Derechos Humanos"}]},{"@type":"WebSite","@id":"https:\/\/latamjournalismreview.org\/es\/#website","url":"https:\/\/latamjournalismreview.org\/es\/","name":"LatAm Journalism Review","description":"Knight Center at The University of Texas","publisher":{"@id":"https:\/\/latamjournalismreview.org\/es\/#organization"},"potentialAction":[{"@type":"SearchAction","target":{"@type":"EntryPoint","urlTemplate":"https:\/\/latamjournalismreview.org\/es\/?s={search_term_string}"},"query-input":{"@type":"PropertyValueSpecification","valueRequired":true,"valueName":"search_term_string"}}],"inLanguage":"es"},{"@type":"Organization","@id":"https:\/\/latamjournalismreview.org\/es\/#organization","name":"LatAm Journalism Review","url":"https:\/\/latamjournalismreview.org\/es\/","logo":{"@type":"ImageObject","inLanguage":"es","@id":"https:\/\/latamjournalismreview.org\/es\/#\/schema\/logo\/image\/","url":"https:\/\/latamjournalismreview.org\/wp-content\/uploads\/2020\/05\/knight-latAm-review-logo.svg","contentUrl":"https:\/\/latamjournalismreview.org\/wp-content\/uploads\/2020\/05\/knight-latAm-review-logo.svg","width":"1024","height":"1024","caption":"LatAm Journalism Review"},"image":{"@id":"https:\/\/latamjournalismreview.org\/es\/#\/schema\/logo\/image\/"},"sameAs":["https:\/\/x.com\/LatAmJournalism"]},{"@type":"Person","@id":"https:\/\/latamjournalismreview.org\/es\/#\/schema\/person\/eac7baa6afada0957e047be9fc15703a","name":"Silvia Higuera","description":"Silvia A. Higuera Fl\u00f3rez is a Colombian journalist interested in covering Latin American issues and human rights, especially the right to freedom of expression, and investigative journalism. She studied Social Communication and Journalism at Universidad Pontificia Bolivariana in Bucaramanga (Colombia), and received her Master's of Arts in Journalism from the University of Texas at Austin in 2015. She worked with the Office of the Special Rapporteur for Freedom of Expression of the Inter-American Commission on Human Rights (IACHR) under the Orlando Sierra fellowship during 2014. She also worked for the Colombian newspaper Vanguardia Liberal and wrote for different magazines about local, economic and public order issues. Her work has also appeared in The Miami Herald and El Nuevo Herald of Miami. Email: silvia.knightcenter@gmail.com Silvia A. Higuera Fl\u00f3rez es una periodista colombiana con inter\u00e9s period\u00edstico es Am\u00e9rica Latina y los derechos humanos, particularmente el derecho a la libertad de expresi\u00f3n, as\u00ed como el periodismo de investigaci\u00f3n. Estudi\u00f3 Comunicaci\u00f3n Social \u2013 Periodismo en la Universidad Pontificia Bolivariana de Bucaramanga (Colombia), y recibi\u00f3 su maestr\u00eda en Periodismo en la Universidad de Texas, en Austin en 2015. Trabaj\u00f3 para la Relator\u00eda Especial para la Libertad de Expresi\u00f3n de la Comisi\u00f3n Interamericana de Derechos Humanos (CIDH) en el marco de la beca Orlando Sierra, durante 2014. Tambi\u00e9n hizo parte del diario Vanguardia Liberal y escribi\u00f3 para otras revistas colombianas cubriendo fuentes locales, econ\u00f3micas y judiciales. Algunos de sus trabajos han aparecido en The Miami Herald y El Nuevo Herald de Miami. Silvia A. Higuera Fl\u00f3rez \u00e9 uma jornalista colombiana e seu interesse jornal\u00edstico \u00e9 a Am\u00e9rica Latina e os direitos humanos, nomeadamente o direito \u00e0 liberdade de express\u00e3o. Estudou Comunica\u00e7\u00e3o Social \u2013 Jornalismo na Universidade Pontif\u00edcia Bolivariana de Bucaramanga, na Col\u00f4mbia e completou seu mestrado em jornalismo na Universidade do Texas em Austin. Silvia trabalhou na Relatoria para a Liberdade de Express\u00e3o da CIDH pela bolsa Orlando Sierra, em 2014. Trabalhou para o jornal Vanguardia Liberal e escreveu para outras revistas colombianas cobrindo temas locais, econ\u00f4micas e judici\u00e1rias. Alguns de seus trabalhos apareceram no The Miami Herald e no El Nuevo Herald de Miami.","sameAs":["https:\/\/x.com\/shiguerita"],"url":"https:\/\/latamjournalismreview.org\/es\/articles\/author\/silvia-higuera\/"}]}},"_links":{"self":[{"href":"https:\/\/latamjournalismreview.org\/es\/wp-json\/wp\/v2\/posts\/5576","targetHints":{"allow":["GET"]}}],"collection":[{"href":"https:\/\/latamjournalismreview.org\/es\/wp-json\/wp\/v2\/posts"}],"about":[{"href":"https:\/\/latamjournalismreview.org\/es\/wp-json\/wp\/v2\/types\/post"}],"author":[{"embeddable":true,"href":"https:\/\/latamjournalismreview.org\/es\/wp-json\/wp\/v2\/users\/13"}],"replies":[{"embeddable":true,"href":"https:\/\/latamjournalismreview.org\/es\/wp-json\/wp\/v2\/comments?post=5576"}],"version-history":[{"count":1,"href":"https:\/\/latamjournalismreview.org\/es\/wp-json\/wp\/v2\/posts\/5576\/revisions"}],"predecessor-version":[{"id":5578,"href":"https:\/\/latamjournalismreview.org\/es\/wp-json\/wp\/v2\/posts\/5576\/revisions\/5578"}],"wp:featuredmedia":[{"embeddable":true,"href":"https:\/\/latamjournalismreview.org\/es\/wp-json\/wp\/v2\/media\/3404"}],"wp:attachment":[{"href":"https:\/\/latamjournalismreview.org\/es\/wp-json\/wp\/v2\/media?parent=5576"}],"wp:term":[{"taxonomy":"category","embeddable":true,"href":"https:\/\/latamjournalismreview.org\/es\/wp-json\/wp\/v2\/categories?post=5576"},{"taxonomy":"post_tag","embeddable":true,"href":"https:\/\/latamjournalismreview.org\/es\/wp-json\/wp\/v2\/tags?post=5576"},{"taxonomy":"author","embeddable":true,"href":"https:\/\/latamjournalismreview.org\/es\/wp-json\/wp\/v2\/coauthors?post=5576"}],"curies":[{"name":"wp","href":"https:\/\/api.w.org\/{rel}","templated":true}]}}