{"id":56088,"date":"2011-02-14T16:35:22","date_gmt":"2011-02-14T21:35:22","guid":{"rendered":"https:\/\/latamjournalismreview.org\/?p=56088"},"modified":"2022-05-30T16:36:41","modified_gmt":"2022-05-30T21:36:41","slug":"panfleto-amenaza-a-periodistas-en-colombia","status":"publish","type":"post","link":"https:\/\/latamjournalismreview.org\/es\/articles\/panfleto-amenaza-a-periodistas-en-colombia\/","title":{"rendered":"Panfleto amenaza a periodistas en Colombia"},"content":{"rendered":"<p><em>Por Marina Torres<\/em><\/p>\n<p>Diez personas en Colombia, incluidos\u00a0<a href=\"http:\/\/www.flip.org.co\/alert_display\/0\/1846.html\">tres periodistas, son blanco de amenazas de muerte en un panfleto<\/a>\u00a0presuntamente firmado por paramilitares de las\u00a0<a href=\"http:\/\/es.wikipedia.org\/wiki\/Autodefensas_Unidas_de_Colombia\">Autodefensas Unidas de Colombia<\/a>, report\u00f3 la\u00a0<a href=\"http:\/\/www.flip.org.co\/\">Fundaci\u00f3n para la Libertad de Expresi\u00f3n<\/a>\u00a0(FLIP), que conden\u00f3 las amenazas.<\/p>\n<p>El panfleto apareci\u00f3 el 4 de febrero en la norte\u00f1a ciudad de\u00a0<a href=\"http:\/\/es.wikipedia.org\/wiki\/Cartago_%28Valle_del_Cauca%29\">Cartago, en el Valle del Cauca<\/a>.<\/p>\n<p><a href=\"http:\/\/twitter.com\/NOTICIEROHORA13\">Luis Fernando Gil<\/a>, del programa de televisi\u00f3n\u00a0<a href=\"http:\/\/www.hora13noticias.tv\/\">Hora 13<\/a>; Ra\u00fal Parra, director de la publicaci\u00f3n La Hoja de Parra; y H\u00e9ctor Fabio Garcia, de la radio\u00a0<a href=\"http:\/\/www.facebook.com\/pages\/Cartago-Stereo-890\/124235254288043?v=wall\">Cartago Est\u00e9reo,<\/a>\u00a0fueron declarados \u201cobjetivos militares\u201d por su participaci\u00f3n en en el comit\u00e9 de derechos humanos de la ciudad. El\u00a0<a href=\"http:\/\/www.ifex.org\/colombia\/2011\/02\/09\/threatening_pamphlets\/es\">aviso pone precio a la cabeza de los periodistas<\/a>\u00a0y pide a los colaboradores de los paramilitares \u201chacer su parte\u201d, inform\u00f3 IFEX.<\/p>\n<p>\u00c9sta no es la primera vez que periodistas son amenazados de este modo.\u00a0<a href=\"http:\/\/www.periodistas-es.org\/reporteros\/en-el-valle-del-cauca-circula-panfleto-que-amenaza-a-cinco-periodistas-colombianos\">Advertencias similares<\/a>\u00a0fueron difundidas en marzo, julio y octubre de 2009,\u00a0<a href=\"http:\/\/www.freemedia.at\/americas-caribbean\/singleview\/4793\/\">al igual que febrero de 2010<\/a>, seg\u00fan reportaron IFEX y el Instituto Internacional de la Prensa. Estas amenazas vendr\u00edan de un grupo denominado \u201cLos Doce del Pat\u00edbulo\u201d, aunque se desconoce si ellos est\u00e1n detr\u00e1s del m\u00e1s reciente panfleto.<\/p>\n<p><a href=\"http:\/\/knightcenter.utexas.edu\/archive\/blog\/?q=es\/node\/4712\">Gil<\/a>, quien se encuentra bajo protecci\u00f3n del Ministerior del Interior, le dijo a la FLIP que muchas de estas amenazas permanecen impunes. \u201cEstos panfletos siempre vienen despu\u00e9s de que nos reunimos con funcionarios locales, cuando salimos a cubrir noticias sobre marchas sindicales\u201d, explic\u00f3. El periodista tambi\u00e9n dijo que est\u00e1 preocupado por el bienestar de su familia y que est\u00e1 pensando abandonar la ciudad.<\/p>\n<p>En los \u00faltimos a\u00f1os,\u00a0<a href=\"http:\/\/www.cpj.org\/search.php?cx=002635367788333464843%3A1kfp8mbluhy&amp;cof=FORID%3A9&amp;ie=UTF-8&amp;q=cartago&amp;sa.x=0&amp;sa.y=0&amp;sa=Search\">Cartago<\/a>\u00a0ha visto un aumento de actividades ligadas al narcotr\u00e1fico, lo que ha incrementado la preocupaci\u00f3n por la seguridad en la zona. Adem\u00e1s, dos periodistas han sido asesinados en la ciudad en seis a\u00f1os. La Federaci\u00f3n Colombiana de Periodistas registr\u00f3 la semana pasada\u00a0<a href=\"http:\/\/www.fecolper.net\/index.php?option=com_content&amp;view=article&amp;id=19849:informe-sobre-agresiones-a-periodistas-en-colombia-durante-2010&amp;catid=79:alertas-tipo-a-urgentes&amp;Itemid=105\">189 ataques contra periodistas en 2010<\/a>, de los cuales 7 fueron homicidios.<\/p>\n<p><em>Nota del editor: Esta historia fue publicada originalmente en el blog Periodismo en las Am\u00e9ricas del Centro Knight, el predecesor de LatAm Journalism Review.<\/em><\/p>\n","protected":false},"excerpt":{"rendered":"<p>Diez personas en Colombia, incluidos\u00a0tres periodistas, son blanco de amenazas de muerte en un panfleto\u00a0presuntamente firmado por paramilitares de las\u00a0Autodefensas Unidas de Colombia, report\u00f3 la\u00a0Fundaci\u00f3n para la Libertad de Expresi\u00f3n\u00a0(FLIP), que conden\u00f3 las amenazas.<\/p>\n","protected":false},"author":17,"featured_media":0,"comment_status":"closed","ping_status":"closed","sticky":false,"template":"","format":"standard","meta":{"inline_featured_image":false,"footnotes":""},"categories":[1222],"tags":[1522,1395,1524],"coauthors":[],"class_list":["post-56088","post","type-post","status-publish","format-standard","hentry","category-violencia-contra-periodistas-es","tag-amenazas-contra-periodistas-es","tag-colombia-es-2","tag-violencia-contra-periodistas-es"],"acf":[],"yoast_head":"<!-- This site is optimized with the Yoast SEO Premium plugin v22.6 (Yoast SEO v27.4) - https:\/\/yoast.com\/product\/yoast-seo-premium-wordpress\/ -->\n<title>Panfleto amenaza a periodistas en Colombia - LatAm Journalism Review<\/title>\n<meta name=\"description\" content=\"Panfleto amenaza a periodistas en Colombia Violencia Contra Periodistas. Latin American Journalism Review by The Knight Center at The University of Texas at Austin.\" \/>\n<meta name=\"robots\" content=\"index, follow, max-snippet:-1, max-image-preview:large, max-video-preview:-1\" \/>\n<link rel=\"canonical\" href=\"https:\/\/latamjournalismreview.org\/es\/articles\/panfleto-amenaza-a-periodistas-en-colombia\/\" \/>\n<meta property=\"og:locale\" content=\"es_ES\" \/>\n<meta property=\"og:type\" content=\"article\" \/>\n<meta property=\"og:title\" content=\"Panfleto amenaza a periodistas en Colombia\" \/>\n<meta property=\"og:description\" content=\"Panfleto amenaza a periodistas en Colombia Violencia Contra Periodistas. Latin American Journalism Review by The Knight Center at The University of Texas at Austin.\" \/>\n<meta property=\"og:url\" content=\"https:\/\/latamjournalismreview.org\/es\/articles\/panfleto-amenaza-a-periodistas-en-colombia\/\" \/>\n<meta property=\"og:site_name\" content=\"LatAm Journalism Review\" \/>\n<meta property=\"article:published_time\" content=\"2011-02-14T21:35:22+00:00\" \/>\n<meta property=\"article:modified_time\" content=\"2022-05-30T21:36:41+00:00\" \/>\n<meta name=\"author\" content=\"Guest\" \/>\n<meta name=\"twitter:card\" content=\"summary_large_image\" \/>\n<meta name=\"twitter:creator\" content=\"@LatAmJournalism\" \/>\n<meta name=\"twitter:site\" content=\"@LatAmJournalism\" \/>\n<meta name=\"twitter:label1\" content=\"Written by\" \/>\n\t<meta name=\"twitter:data1\" content=\"Guest\" \/>\n\t<meta name=\"twitter:label2\" content=\"Est. reading time\" \/>\n\t<meta name=\"twitter:data2\" content=\"2 minutos\" \/>\n<script type=\"application\/ld+json\" class=\"yoast-schema-graph\">{\"@context\":\"https:\\\/\\\/schema.org\",\"@graph\":[{\"@type\":\"Article\",\"@id\":\"https:\\\/\\\/latamjournalismreview.org\\\/es\\\/articles\\\/panfleto-amenaza-a-periodistas-en-colombia\\\/#article\",\"isPartOf\":{\"@id\":\"https:\\\/\\\/latamjournalismreview.org\\\/es\\\/articles\\\/panfleto-amenaza-a-periodistas-en-colombia\\\/\"},\"author\":{\"name\":\"Guest\",\"@id\":\"https:\\\/\\\/latamjournalismreview.org\\\/es\\\/#\\\/schema\\\/person\\\/0315202e0b3c0963a2440f1c3012c360\"},\"headline\":\"Panfleto amenaza a periodistas en Colombia\",\"datePublished\":\"2011-02-14T21:35:22+00:00\",\"dateModified\":\"2022-05-30T21:36:41+00:00\",\"mainEntityOfPage\":{\"@id\":\"https:\\\/\\\/latamjournalismreview.org\\\/es\\\/articles\\\/panfleto-amenaza-a-periodistas-en-colombia\\\/\"},\"wordCount\":360,\"publisher\":{\"@id\":\"https:\\\/\\\/latamjournalismreview.org\\\/es\\\/#organization\"},\"keywords\":[\"Amenazas contra periodistas\",\"Colombia\",\"Violencia contra periodistas\"],\"articleSection\":[\"Violencia Contra Periodistas\"],\"inLanguage\":\"es\"},{\"@type\":\"WebPage\",\"@id\":\"https:\\\/\\\/latamjournalismreview.org\\\/es\\\/articles\\\/panfleto-amenaza-a-periodistas-en-colombia\\\/\",\"url\":\"https:\\\/\\\/latamjournalismreview.org\\\/es\\\/articles\\\/panfleto-amenaza-a-periodistas-en-colombia\\\/\",\"name\":\"Panfleto amenaza a periodistas en Colombia - LatAm Journalism Review\",\"isPartOf\":{\"@id\":\"https:\\\/\\\/latamjournalismreview.org\\\/es\\\/#website\"},\"datePublished\":\"2011-02-14T21:35:22+00:00\",\"dateModified\":\"2022-05-30T21:36:41+00:00\",\"description\":\"Panfleto amenaza a periodistas en Colombia Violencia Contra Periodistas. Latin American Journalism Review by The Knight Center at The University of Texas at Austin.\",\"breadcrumb\":{\"@id\":\"https:\\\/\\\/latamjournalismreview.org\\\/es\\\/articles\\\/panfleto-amenaza-a-periodistas-en-colombia\\\/#breadcrumb\"},\"inLanguage\":\"es\",\"potentialAction\":[{\"@type\":\"ReadAction\",\"target\":[\"https:\\\/\\\/latamjournalismreview.org\\\/es\\\/articles\\\/panfleto-amenaza-a-periodistas-en-colombia\\\/\"]}]},{\"@type\":\"BreadcrumbList\",\"@id\":\"https:\\\/\\\/latamjournalismreview.org\\\/es\\\/articles\\\/panfleto-amenaza-a-periodistas-en-colombia\\\/#breadcrumb\",\"itemListElement\":[{\"@type\":\"ListItem\",\"position\":1,\"name\":\"Home\",\"item\":\"https:\\\/\\\/latamjournalismreview.org\\\/es\\\/\"},{\"@type\":\"ListItem\",\"position\":2,\"name\":\"Panfleto amenaza a periodistas en Colombia\"}]},{\"@type\":\"WebSite\",\"@id\":\"https:\\\/\\\/latamjournalismreview.org\\\/es\\\/#website\",\"url\":\"https:\\\/\\\/latamjournalismreview.org\\\/es\\\/\",\"name\":\"LatAm Journalism Review\",\"description\":\"Knight Center at The University of Texas\",\"publisher\":{\"@id\":\"https:\\\/\\\/latamjournalismreview.org\\\/es\\\/#organization\"},\"potentialAction\":[{\"@type\":\"SearchAction\",\"target\":{\"@type\":\"EntryPoint\",\"urlTemplate\":\"https:\\\/\\\/latamjournalismreview.org\\\/es\\\/?s={search_term_string}\"},\"query-input\":{\"@type\":\"PropertyValueSpecification\",\"valueRequired\":true,\"valueName\":\"search_term_string\"}}],\"inLanguage\":\"es\"},{\"@type\":\"Organization\",\"@id\":\"https:\\\/\\\/latamjournalismreview.org\\\/es\\\/#organization\",\"name\":\"LatAm Journalism Review\",\"url\":\"https:\\\/\\\/latamjournalismreview.org\\\/es\\\/\",\"logo\":{\"@type\":\"ImageObject\",\"inLanguage\":\"es\",\"@id\":\"https:\\\/\\\/latamjournalismreview.org\\\/es\\\/#\\\/schema\\\/logo\\\/image\\\/\",\"url\":\"https:\\\/\\\/latamjournalismreview.org\\\/wp-content\\\/uploads\\\/2020\\\/05\\\/knight-latAm-review-logo.svg\",\"contentUrl\":\"https:\\\/\\\/latamjournalismreview.org\\\/wp-content\\\/uploads\\\/2020\\\/05\\\/knight-latAm-review-logo.svg\",\"width\":\"1024\",\"height\":\"1024\",\"caption\":\"LatAm Journalism Review\"},\"image\":{\"@id\":\"https:\\\/\\\/latamjournalismreview.org\\\/es\\\/#\\\/schema\\\/logo\\\/image\\\/\"},\"sameAs\":[\"https:\\\/\\\/x.com\\\/LatAmJournalism\"]},{\"@type\":\"Person\",\"@id\":\"https:\\\/\\\/latamjournalismreview.org\\\/es\\\/#\\\/schema\\\/person\\\/0315202e0b3c0963a2440f1c3012c360\",\"name\":\"Guest\",\"url\":\"https:\\\/\\\/latamjournalismreview.org\\\/es\\\/articles\\\/author\\\/guest\\\/\"}]}<\/script>\n<!-- \/ Yoast SEO Premium plugin. -->","yoast_head_json":{"title":"Panfleto amenaza a periodistas en Colombia - LatAm Journalism Review","description":"Panfleto amenaza a periodistas en Colombia Violencia Contra Periodistas. Latin American Journalism Review by The Knight Center at The University of Texas at Austin.","robots":{"index":"index","follow":"follow","max-snippet":"max-snippet:-1","max-image-preview":"max-image-preview:large","max-video-preview":"max-video-preview:-1"},"canonical":"https:\/\/latamjournalismreview.org\/es\/articles\/panfleto-amenaza-a-periodistas-en-colombia\/","og_locale":"es_ES","og_type":"article","og_title":"Panfleto amenaza a periodistas en Colombia","og_description":"Panfleto amenaza a periodistas en Colombia Violencia Contra Periodistas. Latin American Journalism Review by The Knight Center at The University of Texas at Austin.","og_url":"https:\/\/latamjournalismreview.org\/es\/articles\/panfleto-amenaza-a-periodistas-en-colombia\/","og_site_name":"LatAm Journalism Review","article_published_time":"2011-02-14T21:35:22+00:00","article_modified_time":"2022-05-30T21:36:41+00:00","author":"Guest","twitter_card":"summary_large_image","twitter_creator":"@LatAmJournalism","twitter_site":"@LatAmJournalism","twitter_misc":{"Written by":"Guest","Est. reading time":"2 minutos"},"schema":{"@context":"https:\/\/schema.org","@graph":[{"@type":"Article","@id":"https:\/\/latamjournalismreview.org\/es\/articles\/panfleto-amenaza-a-periodistas-en-colombia\/#article","isPartOf":{"@id":"https:\/\/latamjournalismreview.org\/es\/articles\/panfleto-amenaza-a-periodistas-en-colombia\/"},"author":{"name":"Guest","@id":"https:\/\/latamjournalismreview.org\/es\/#\/schema\/person\/0315202e0b3c0963a2440f1c3012c360"},"headline":"Panfleto amenaza a periodistas en Colombia","datePublished":"2011-02-14T21:35:22+00:00","dateModified":"2022-05-30T21:36:41+00:00","mainEntityOfPage":{"@id":"https:\/\/latamjournalismreview.org\/es\/articles\/panfleto-amenaza-a-periodistas-en-colombia\/"},"wordCount":360,"publisher":{"@id":"https:\/\/latamjournalismreview.org\/es\/#organization"},"keywords":["Amenazas contra periodistas","Colombia","Violencia contra periodistas"],"articleSection":["Violencia Contra Periodistas"],"inLanguage":"es"},{"@type":"WebPage","@id":"https:\/\/latamjournalismreview.org\/es\/articles\/panfleto-amenaza-a-periodistas-en-colombia\/","url":"https:\/\/latamjournalismreview.org\/es\/articles\/panfleto-amenaza-a-periodistas-en-colombia\/","name":"Panfleto amenaza a periodistas en Colombia - LatAm Journalism Review","isPartOf":{"@id":"https:\/\/latamjournalismreview.org\/es\/#website"},"datePublished":"2011-02-14T21:35:22+00:00","dateModified":"2022-05-30T21:36:41+00:00","description":"Panfleto amenaza a periodistas en Colombia Violencia Contra Periodistas. Latin American Journalism Review by The Knight Center at The University of Texas at Austin.","breadcrumb":{"@id":"https:\/\/latamjournalismreview.org\/es\/articles\/panfleto-amenaza-a-periodistas-en-colombia\/#breadcrumb"},"inLanguage":"es","potentialAction":[{"@type":"ReadAction","target":["https:\/\/latamjournalismreview.org\/es\/articles\/panfleto-amenaza-a-periodistas-en-colombia\/"]}]},{"@type":"BreadcrumbList","@id":"https:\/\/latamjournalismreview.org\/es\/articles\/panfleto-amenaza-a-periodistas-en-colombia\/#breadcrumb","itemListElement":[{"@type":"ListItem","position":1,"name":"Home","item":"https:\/\/latamjournalismreview.org\/es\/"},{"@type":"ListItem","position":2,"name":"Panfleto amenaza a periodistas en Colombia"}]},{"@type":"WebSite","@id":"https:\/\/latamjournalismreview.org\/es\/#website","url":"https:\/\/latamjournalismreview.org\/es\/","name":"LatAm Journalism Review","description":"Knight Center at The University of Texas","publisher":{"@id":"https:\/\/latamjournalismreview.org\/es\/#organization"},"potentialAction":[{"@type":"SearchAction","target":{"@type":"EntryPoint","urlTemplate":"https:\/\/latamjournalismreview.org\/es\/?s={search_term_string}"},"query-input":{"@type":"PropertyValueSpecification","valueRequired":true,"valueName":"search_term_string"}}],"inLanguage":"es"},{"@type":"Organization","@id":"https:\/\/latamjournalismreview.org\/es\/#organization","name":"LatAm Journalism Review","url":"https:\/\/latamjournalismreview.org\/es\/","logo":{"@type":"ImageObject","inLanguage":"es","@id":"https:\/\/latamjournalismreview.org\/es\/#\/schema\/logo\/image\/","url":"https:\/\/latamjournalismreview.org\/wp-content\/uploads\/2020\/05\/knight-latAm-review-logo.svg","contentUrl":"https:\/\/latamjournalismreview.org\/wp-content\/uploads\/2020\/05\/knight-latAm-review-logo.svg","width":"1024","height":"1024","caption":"LatAm Journalism Review"},"image":{"@id":"https:\/\/latamjournalismreview.org\/es\/#\/schema\/logo\/image\/"},"sameAs":["https:\/\/x.com\/LatAmJournalism"]},{"@type":"Person","@id":"https:\/\/latamjournalismreview.org\/es\/#\/schema\/person\/0315202e0b3c0963a2440f1c3012c360","name":"Guest","url":"https:\/\/latamjournalismreview.org\/es\/articles\/author\/guest\/"}]}},"_links":{"self":[{"href":"https:\/\/latamjournalismreview.org\/es\/wp-json\/wp\/v2\/posts\/56088","targetHints":{"allow":["GET"]}}],"collection":[{"href":"https:\/\/latamjournalismreview.org\/es\/wp-json\/wp\/v2\/posts"}],"about":[{"href":"https:\/\/latamjournalismreview.org\/es\/wp-json\/wp\/v2\/types\/post"}],"author":[{"embeddable":true,"href":"https:\/\/latamjournalismreview.org\/es\/wp-json\/wp\/v2\/users\/17"}],"replies":[{"embeddable":true,"href":"https:\/\/latamjournalismreview.org\/es\/wp-json\/wp\/v2\/comments?post=56088"}],"version-history":[{"count":1,"href":"https:\/\/latamjournalismreview.org\/es\/wp-json\/wp\/v2\/posts\/56088\/revisions"}],"predecessor-version":[{"id":56091,"href":"https:\/\/latamjournalismreview.org\/es\/wp-json\/wp\/v2\/posts\/56088\/revisions\/56091"}],"wp:attachment":[{"href":"https:\/\/latamjournalismreview.org\/es\/wp-json\/wp\/v2\/media?parent=56088"}],"wp:term":[{"taxonomy":"category","embeddable":true,"href":"https:\/\/latamjournalismreview.org\/es\/wp-json\/wp\/v2\/categories?post=56088"},{"taxonomy":"post_tag","embeddable":true,"href":"https:\/\/latamjournalismreview.org\/es\/wp-json\/wp\/v2\/tags?post=56088"},{"taxonomy":"author","embeddable":true,"href":"https:\/\/latamjournalismreview.org\/es\/wp-json\/wp\/v2\/coauthors?post=56088"}],"curies":[{"name":"wp","href":"https:\/\/api.w.org\/{rel}","templated":true}]}}