{"id":56294,"date":"2022-05-31T12:40:30","date_gmt":"2022-05-31T17:40:30","guid":{"rendered":"https:\/\/latamjournalismreview.org\/?p=56294"},"modified":"2022-05-31T15:39:05","modified_gmt":"2022-05-31T20:39:05","slug":"iniciativas-buscan-evaluar-la-salud-mental-de-periodistas-de-america-latina-y-ayudarles-a-encontrar-equilibrio","status":"publish","type":"post","link":"https:\/\/latamjournalismreview.org\/es\/articles\/iniciativas-buscan-evaluar-la-salud-mental-de-periodistas-de-america-latina-y-ayudarles-a-encontrar-equilibrio\/","title":{"rendered":"Iniciativas buscan evaluar la salud mental de periodistas de Am\u00e9rica Latina y ayudarles a encontrar equilibrio"},"content":{"rendered":"<p>La pandemia de COVID-19 puso en evidencia una crisis silenciosa entre los periodistas: el deterioro de la salud mental de estos profesionales, confirmado por varias encuestas realizadas por organizaciones de todo el mundo en los \u00faltimos dos a\u00f1os. En Am\u00e9rica Latina, iniciativas en curso buscan evaluar la salud mental de los periodistas y ayudarlos a cultivar el bienestar emocional en un contexto adverso que, adem\u00e1s de la pandemia, incluye una desinformaci\u00f3n generalizada, as\u00ed como violencia y hostilidad contra los profesionales de los medios.<\/p>\n<p>En Brasil, el curso gratuito en l\u00ednea \u201c<a href=\"https:\/\/itsrio.org\/pt\/cursos\/jornalistas-e-saude-mental-como-encontrar-o-equilibrio\/\" target=\"_blank\" rel=\"noopener\">Periodistas y salud mental: c\u00f3mo encontrar el equilibrio<\/a>\u201d comenz\u00f3 el 30 de mayo y tendr\u00e1 cinco clases en vivo en portugu\u00e9s, cuya grabaci\u00f3n permanecer\u00e1 disponible para quienes no puedan seguir las transmisiones. El curso es parte de un proyecto de las organizaciones\u00a0<a href=\"https:\/\/www.redescordiais.com.br\/\" target=\"_blank\" rel=\"noopener\">Redes Cordiais<\/a> y el\u00a0<a href=\"https:\/\/itsrio.org\/pt\/home\/\" target=\"_blank\" rel=\"noopener\">Instituto de Tecnologia e Sociedade do Rio (ITS Rio)<\/a>. Ambos atienden este tema tambi\u00e9n desde otros dos frentes: la publicaci\u00f3n\u00a0<a href=\"https:\/\/somos.itsrio.org\/esta-tudo-bem-guia-basico-de-saude-mental-para-jornalistas\" target=\"_blank\" rel=\"noopener\">\u201cEst\u00e1 tudo bem? Guia b\u00e1sico de sa\u00fade mental para jornalistas\u201d<\/a> (\u00bfEst\u00e1s bien? Gu\u00eda b\u00e1sica de salud mental para periodistas), disponible en l\u00ednea en portugu\u00e9s, y la realizaci\u00f3n de encuentros con responsables de medios con el objetivo de hacer conciencia sobre este problema.<\/p>\n<p>Katia Brembatti, coordinadora del proyecto en Redes Cordiais, dijo a\u00a0<strong>LatAm Journalism Review (LJR)<\/strong> que la iniciativa surgi\u00f3 de la \u201ccomprensi\u00f3n de que esta categor\u00eda [profesional] se ha ido enfermando silenciosamente\u201d.<\/p>\n<p>\u201cLa salud mental de un periodista afecta directamente la calidad de la informaci\u00f3n y, por lo tanto, afecta a toda la sociedad, porque un periodista enfermo no puede informar adecuadamente lo que es importante para la sociedad\u201d, dijo Brembatti. La angustia emocional tambi\u00e9n afecta el trabajo de los periodistas cuando practican la autocensura, evitando ciertos temas o coberturas para protegerse, se\u00f1al\u00f3 Brembatti.<\/p>\n<div id=\"attachment_55912\" style=\"width: 310px\" class=\"wp-caption alignleft\"><img loading=\"lazy\" decoding=\"async\" aria-describedby=\"caption-attachment-55912\" class=\"wp-image-55912 size-medium\" src=\"https:\/\/latamjournalismreview.org\/wp-content\/uploads\/2022\/05\/Featured-Image-Katia-Brembatti-300x201.png\" alt=\"Journalist Katia Brembatti standing in a newsroom\" width=\"300\" height=\"201\" srcset=\"https:\/\/latamjournalismreview.org\/wp-content\/uploads\/2022\/05\/Featured-Image-Katia-Brembatti-300x201.png 300w, https:\/\/latamjournalismreview.org\/wp-content\/uploads\/2022\/05\/Featured-Image-Katia-Brembatti.png 507w, https:\/\/latamjournalismreview.org\/wp-content\/uploads\/2022\/05\/Featured-Image-Katia-Brembatti-350x234.png 350w\" sizes=\"auto, (max-width: 300px) 100vw, 300px\" \/><p id=\"caption-attachment-55912\" class=\"wp-caption-text\">Katia Brembatti, responsable en la organizaci\u00f3n Redes Cordiais del proyecto sobre salud mental de los periodistas. (Foto: Archivo personal)<\/p><\/div>\n<p>\u201cEs un c\u00edrculo\u201d, resumi\u00f3 C\u00e9sar Ricaurte, director ejecutivo de Fundamedios, en entrevista con\u00a0<strong>LJR<\/strong>. \u201cLos hechos que afectan la calidad de la libertad de prensa y las condiciones de trabajo de los periodistas tienen un impacto en la salud mental, que tiene a su vez tambi\u00e9n un impacto en el trabajo period\u00edstico. Por supuesto estamos hablando de seres humanos, que son quienes ejercen el periodismo\u201d.<\/p>\n<p>Fundamedios, el\u00a0<a href=\"https:\/\/ipys.org\/\" target=\"_blank\" rel=\"noopener\">Instituto Prensa y Sociedad (IPYS)<\/a>, de Per\u00fa, y la organizaci\u00f3n\u00a0<a href=\"https:\/\/www.medianalisis.org\/\" target=\"_blank\" rel=\"noopener\">Medianalisis<\/a>, de Venezuela, con el apoyo de la UNESCO, est\u00e1n al frente del programa\u00a0\u201c<a href=\"https:\/\/www.fundamedios.org.ec\/evaluacion-gratuita-sobre-la-salud-mental-en-periodistas-de-ecuador-peru-y-venezuela\/\" target=\"_blank\" rel=\"noopener\">Periodismo Consciente<\/a>\u201d. La iniciativa ha realizado una valoraci\u00f3n de la salud mental de los periodistas en estos tres pa\u00edses, a trav\u00e9s de un cuestionario online, y ha ofrecido apoyo psicol\u00f3gico y herramientas para el cuidado de la salud mental. El programa tambi\u00e9n\u00a0<a href=\"https:\/\/www.fundamedios.org.ec\/wp-content\/uploads\/2022\/05\/CRONOGRAMA.pdf\" target=\"_blank\" rel=\"noopener\">ha estado realizando desde abril talleres gratuitos en l\u00ednea<\/a> en espa\u00f1ol sobre el autocuidado de la salud mental para periodistas.<\/p>\n<h3>Inseguridad y precariedad<\/h3>\n<p>Ricaurte destac\u00f3 que este es un tema relevante en Am\u00e9rica Latina, principalmente por la precariedad en la que trabajan los periodistas de la regi\u00f3n. \u201cRecordemos que Am\u00e9rica Latina es probablemente la regi\u00f3n m\u00e1s peligrosa para ejercer el periodismo fuera de zonas de guerra\u201d, se\u00f1al\u00f3. Seg\u00fan Reporteros sin Fronteras,\u00a0<a href=\"https:\/\/rsf.org\/es\/barometro?&amp;&amp;&amp;annee_start=2022&amp;annee_end=2022&amp;&amp;#exaction-victimes\" target=\"_blank\" rel=\"noopener\">al menos 100 periodistas fueron asesinados<\/a> en pa\u00edses de Am\u00e9rica Latina entre 2016 y 2022, 64 de ellos en M\u00e9xico.<\/p>\n<p>El director de Fundamedios tambi\u00e9n cit\u00f3 los bajos salarios, las relaciones laborales precarias y el desprestigio social del periodismo como factores que afectan la disposici\u00f3n emocional de los profesionales y la calidad de su trabajo.<\/p>\n<p>Este desprestigio, dijo Ricaurte, ha sido alimentado por \u201cgobiernos autoritarios o con rasgos autoritarios, que tienen como foco los ataques en contra de periodistas y los tiene constantemente estigmatizando periodistas, y ese discurso ha calado en muchos sectores de la sociedad. Entonces tienes muchas veces presidentes, alcaldes, gobernadores atacando continuamente a periodistas y medios de comunicaci\u00f3n, y ese discurso permea a los seguidores de estos l\u00edderes pol\u00edticos, que igual comienzan a insultar y amenazar incluso a periodistas. Entonces todo esto tiene unas secuelas en la salud mental y emocional de los periodistas\u201d.<\/p>\n<div id=\"attachment_55916\" style=\"width: 310px\" class=\"wp-caption alignright\"><img loading=\"lazy\" decoding=\"async\" aria-describedby=\"caption-attachment-55916\" class=\"wp-image-55916 size-medium\" src=\"https:\/\/latamjournalismreview.org\/wp-content\/uploads\/2022\/05\/CesarRicaurteFundamedios-300x272.jpeg\" alt=\"Cesar Ricaurte standing in front of a wall\" width=\"300\" height=\"272\" srcset=\"https:\/\/latamjournalismreview.org\/wp-content\/uploads\/2022\/05\/CesarRicaurteFundamedios-300x272.jpeg 300w, https:\/\/latamjournalismreview.org\/wp-content\/uploads\/2022\/05\/CesarRicaurteFundamedios-1024x928.jpeg 1024w, https:\/\/latamjournalismreview.org\/wp-content\/uploads\/2022\/05\/CesarRicaurteFundamedios-768x696.jpeg 768w, https:\/\/latamjournalismreview.org\/wp-content\/uploads\/2022\/05\/CesarRicaurteFundamedios.jpeg 1280w\" sizes=\"auto, (max-width: 300px) 100vw, 300px\" \/><p id=\"caption-attachment-55916\" class=\"wp-caption-text\">Cesar Ricaurte, director ejecutivo de Fundamedios. (Foto: Fundamedios)<\/p><\/div>\n<p>El programa \u201cPeriodismo Consciente\u201d, que ahora cubre tres pa\u00edses, comenz\u00f3 en Ecuador a fines de 2020 con una alianza entre Fundamedios e investigadores de la Universidad T\u00e9cnica Particular de Loja (UTPL). Con el apoyo de la UNESCO, la iniciativa se ampli\u00f3 tambi\u00e9n a Per\u00fa y Venezuela, para dar escala regional a los esfuerzos y al debate sobre el tema.<\/p>\n<p>Byron Bustamante, profesor e investigador del Departamento de Psicolog\u00eda de la UTPL, dijo a\u00a0<strong>LJR<\/strong> que hasta el momento 160 periodistas de los tres pa\u00edses han respondido a los cuestionarios de evaluaci\u00f3n de salud mental que pone a disposici\u00f3n el programa. Estos han relatado las dificultades que han tenido durante la pandemia, como los procesos de duelo por la p\u00e9rdida de familiares y compa\u00f1eros fallecidos por el COVID-19 y la poca formaci\u00f3n que han recibido por parte de sus empleadores para prevenir el contagio del coronavirus y cuidar la salud mental. Tambi\u00e9n se quejaron de la dificultad para acceder a los servicios de salud mental, que consideran deben ser gratuitos para que sean accesibles para todos, inform\u00f3 Bustamante.<\/p>\n<p>El cuestionario estar\u00e1 disponible durante todo el a\u00f1o para a periodistas de Ecuador, Venezuela y Per\u00fa interesados \u200b\u200ben realizar la evaluaci\u00f3n. Los profesionales que respondan hasta julio podr\u00e1n acceder a atenci\u00f3n psicol\u00f3gica si sus resultados se consideran de riesgo,\u00a0<a href=\"https:\/\/www.fundamedios.org.ec\/evaluacion-gratuita-sobre-la-salud-mental-en-periodistas-de-ecuador-peru-y-venezuela\/\" target=\"_blank\" rel=\"noopener\">seg\u00fan se explica en la p\u00e1gina del programa<\/a>. Los datos recogidos en los cuestionarios se utilizar\u00e1n para realizar estudios sobre la situaci\u00f3n de los periodistas en los tres pa\u00edses y sobre qu\u00e9 tipo de medidas pueden tomar las organizaciones period\u00edsticas y el Estado para apoyar a los profesionales de la salud mental.<\/p>\n<p>Hasta la fecha, se han realizado tres talleres en l\u00ednea facilitados por un psic\u00f3logo dentro del alcance del proyecto. Otros tres est\u00e1n previstos para finales de junio. Seg\u00fan Bustamante, los talleres ofrecen herramientas \u201cpara que se afronte de mejor manera el estr\u00e9s laboral y el estr\u00e9s asociado a la funci\u00f3n de comunicaci\u00f3n social en forma general, y tambi\u00e9n estamos generando herramientas para que se puedan mejorar el autocuidado ante situaciones traum\u00e1ticas que puedan a la larga desembocar en un trastorno de estr\u00e9s postrauma\u201d.<\/p>\n<div id=\"attachment_55919\" style=\"width: 310px\" class=\"wp-caption alignleft\"><img loading=\"lazy\" decoding=\"async\" aria-describedby=\"caption-attachment-55919\" class=\"wp-image-55919 size-medium\" src=\"https:\/\/latamjournalismreview.org\/wp-content\/uploads\/2022\/05\/ByronBustamanteUTPL-300x300.jpeg\" alt=\"Byron Bustamante standing and smiling with his arms crossed in front of his chest\" width=\"300\" height=\"300\" srcset=\"https:\/\/latamjournalismreview.org\/wp-content\/uploads\/2022\/05\/ByronBustamanteUTPL-300x300.jpeg 300w, https:\/\/latamjournalismreview.org\/wp-content\/uploads\/2022\/05\/ByronBustamanteUTPL-150x150.jpeg 150w, https:\/\/latamjournalismreview.org\/wp-content\/uploads\/2022\/05\/ByronBustamanteUTPL-768x768.jpeg 768w, https:\/\/latamjournalismreview.org\/wp-content\/uploads\/2022\/05\/ByronBustamanteUTPL.jpeg 800w\" sizes=\"auto, (max-width: 300px) 100vw, 300px\" \/><p id=\"caption-attachment-55919\" class=\"wp-caption-text\">Byron Bustamante, investigador de UTPL. (Foto: UTPL)<\/p><\/div>\n<p>Los periodistas que han participado hasta ahora en los talleres han reportado un alto nivel de satisfacci\u00f3n con la iniciativa, dijo el investigador. \u201cNos agradecen por tomar en cuenta por primera vez este tipo de tem\u00e1ticas, por hacerlo tambi\u00e9n en forma gratuita y que la metodolog\u00eda virtual les facilita el poder acceder y darse un tiempo para aprender este tipo de cosas. En general cuando ellos participan comentan situaciones espec\u00edficas de su trabajo o situaciones espec\u00edficas de ellos y tambi\u00e9n lo toman como un espacio para desahogo de frustraciones y de situaciones que est\u00e1n viviendo constantemente en esos medios\u201d, dijo.<\/p>\n<h3>Perspectiva integral<\/h3>\n<p>El Estado y las empresas period\u00edsticas tienen un papel en el cuidado de la salud mental de los periodistas. Ricaurte destac\u00f3 que \u201cla salud mental es algo integral\u201d y que, por tanto, debe abordarse desde una perspectiva plural, con varios actores involucrados.<\/p>\n<p>\u201cEs important\u00edsimo que las organizaciones de noticias comiencen a incorporar en su visi\u00f3n, en su tratamiento del personal period\u00edstico, el tema de salud mental. Ser\u00eda important\u00edsimo que los temas de salud mental tambi\u00e9n se incorporen en los temas de salud ocupacional, de salud laboral, y que por lo tanto la consideren como parte de las pol\u00edticas p\u00fablicas en salud que tienen que atender los gobiernos. De esa forma las empresas period\u00edsticas estar\u00edan obligadas a tratar el tema de salud mental como tambi\u00e9n un campo de la salud ocupacional y por lo tanto a tomar acciones alrededor de esto\u201d, dijo.<\/p>\n<p>Uno de los ejes del programa de Periodismo Consciente, seg\u00fan Bustamante, es precisamente el impacto en las pol\u00edticas p\u00fablicas. \u201cUna vez que termine todo el proceso de recolecci\u00f3n de datos y adem\u00e1s empieza ya el trabajo desde la academia, desde las organizaciones como fundamedios, IPYS y Medianalisis, para generar un impacto en quienes toman decisiones, desde reuniones, ruedas de prensa, boletines y dem\u00e1s. La intenci\u00f3n es poder orientar hacia la toma de decisiones en favor de la seguridad mental y f\u00edsica de los periodistas especialmente en los tiempos de crisis, como la pandemia\u201d, explic\u00f3.<\/p>\n<p>Seg\u00fan Brembatti, el proyecto brasile\u00f1o comienza a fines de junio con reuniones con los gerentes de los medios. Las conversaciones involucrar\u00e1n a departamentos de recursos humanos y gerentes en varios niveles con el objetivo de crear conciencia sobre el tema.<\/p>\n<p>\u201cHay un entendimiento de que se necesita un apoyo local, que puede ser una cl\u00ednica ambulatoria, pero a veces el tema es a\u00fan m\u00e1s simple, como una forma de hablar\u201d, dijo. \u201cLos gerentes deben estar preparados para lidiar con estos problemas de manera responsable. Deber\u00edan ser capaces de no crear m\u00e1s tensiones, ya sea a trav\u00e9s de una comunicaci\u00f3n no agresiva, o a trav\u00e9s de exigencias en un nivel adecuado; entender cuando un profesional se encuentra debilitado y no est\u00e1 en condiciones de realizar ciertas coberturas. (...) Hablamos mucho durante la pandemia de la necesidad de 'aplanar la curva', y tambi\u00e9n en la salud mental, cuando se toman una serie de medidas preventivas se reduce la posibilidad del pico, y estas son las medidas que se est\u00e1n tomando para las salas de redacci\u00f3n\u201d.<\/p>\n","protected":false},"excerpt":{"rendered":"<p>La pandemia de COVID-19 puso en evidencia una crisis silenciosa entre los periodistas: el deterioro de su salud mental. En Am\u00e9rica Latina, algunas iniciativas buscan evaluar la salud mental de los periodistas y ayudarlos a cultivar el bienestar emocional en un contexto adverso.<\/p>\n","protected":false},"author":16,"featured_media":56105,"comment_status":"closed","ping_status":"closed","sticky":false,"template":"","format":"standard","meta":{"inline_featured_image":false,"footnotes":""},"categories":[1354],"tags":[1443,1505,1405],"coauthors":[],"class_list":["post-56294","post","type-post","status-publish","format-standard","has-post-thumbnail","hentry","category-premios-y-oportunidades-es","tag-ecuador-es","tag-peru-es","tag-venezuela-es-2"],"acf":[],"yoast_head":"<!-- This site is optimized with the Yoast SEO Premium plugin v22.6 (Yoast SEO v27.4) - https:\/\/yoast.com\/product\/yoast-seo-premium-wordpress\/ -->\n<title>Iniciativas buscan evaluar la salud mental de periodistas de Am\u00e9rica Latina y ayudarles a encontrar equilibrio - LatAm Journalism Review<\/title>\n<meta name=\"description\" content=\"Iniciativas buscan evaluar la salud mental de periodistas de Am\u00e9rica Latina y ayudarles a encontrar equilibrio Premios y oportunidades. Latin American Journalism Review by The Knight Center at The University of Texas at Austin.\" \/>\n<meta name=\"robots\" content=\"index, follow, max-snippet:-1, max-image-preview:large, max-video-preview:-1\" \/>\n<link rel=\"canonical\" href=\"https:\/\/latamjournalismreview.org\/es\/articles\/iniciativas-buscan-evaluar-la-salud-mental-de-periodistas-de-america-latina-y-ayudarles-a-encontrar-equilibrio\/\" \/>\n<meta property=\"og:locale\" content=\"es_ES\" \/>\n<meta property=\"og:type\" content=\"article\" \/>\n<meta property=\"og:title\" content=\"Iniciativas buscan evaluar la salud mental de periodistas de Am\u00e9rica Latina y ayudarles a encontrar equilibrio\" \/>\n<meta property=\"og:description\" content=\"Iniciativas buscan evaluar la salud mental de periodistas de Am\u00e9rica Latina y ayudarles a encontrar equilibrio Premios y oportunidades. Latin American Journalism Review by The Knight Center at The University of Texas at Austin.\" \/>\n<meta property=\"og:url\" content=\"https:\/\/latamjournalismreview.org\/es\/articles\/iniciativas-buscan-evaluar-la-salud-mental-de-periodistas-de-america-latina-y-ayudarles-a-encontrar-equilibrio\/\" \/>\n<meta property=\"og:site_name\" content=\"LatAm Journalism Review\" \/>\n<meta property=\"article:published_time\" content=\"2022-05-31T17:40:30+00:00\" \/>\n<meta property=\"article:modified_time\" content=\"2022-05-31T20:39:05+00:00\" \/>\n<meta property=\"og:image\" content=\"https:\/\/latamjournalismreview.org\/wp-content\/uploads\/2022\/05\/Featured-Image-saude-mental-jornalistas.png\" \/>\n\t<meta property=\"og:image:width\" content=\"507\" \/>\n\t<meta property=\"og:image:height\" content=\"340\" \/>\n\t<meta property=\"og:image:type\" content=\"image\/png\" \/>\n<meta name=\"author\" content=\"Carolina de Assis\" \/>\n<meta name=\"twitter:card\" content=\"summary_large_image\" \/>\n<meta name=\"twitter:creator\" content=\"@LatAmJournalism\" \/>\n<meta name=\"twitter:site\" content=\"@LatAmJournalism\" \/>\n<meta name=\"twitter:label1\" content=\"Written by\" \/>\n\t<meta name=\"twitter:data1\" content=\"Carolina de Assis\" \/>\n\t<meta name=\"twitter:label2\" content=\"Est. reading time\" \/>\n\t<meta name=\"twitter:data2\" content=\"8 minutos\" \/>\n<script type=\"application\/ld+json\" class=\"yoast-schema-graph\">{\"@context\":\"https:\\\/\\\/schema.org\",\"@graph\":[{\"@type\":\"Article\",\"@id\":\"https:\\\/\\\/latamjournalismreview.org\\\/es\\\/articles\\\/iniciativas-buscan-evaluar-la-salud-mental-de-periodistas-de-america-latina-y-ayudarles-a-encontrar-equilibrio\\\/#article\",\"isPartOf\":{\"@id\":\"https:\\\/\\\/latamjournalismreview.org\\\/es\\\/articles\\\/iniciativas-buscan-evaluar-la-salud-mental-de-periodistas-de-america-latina-y-ayudarles-a-encontrar-equilibrio\\\/\"},\"author\":{\"name\":\"Carolina de Assis\",\"@id\":\"https:\\\/\\\/latamjournalismreview.org\\\/es\\\/#\\\/schema\\\/person\\\/f98b544e2f231a237f39a56cc9a00a9a\"},\"headline\":\"Iniciativas buscan evaluar la salud mental de periodistas de Am\u00e9rica Latina y ayudarles a encontrar equilibrio\",\"datePublished\":\"2022-05-31T17:40:30+00:00\",\"dateModified\":\"2022-05-31T20:39:05+00:00\",\"mainEntityOfPage\":{\"@id\":\"https:\\\/\\\/latamjournalismreview.org\\\/es\\\/articles\\\/iniciativas-buscan-evaluar-la-salud-mental-de-periodistas-de-america-latina-y-ayudarles-a-encontrar-equilibrio\\\/\"},\"wordCount\":1694,\"publisher\":{\"@id\":\"https:\\\/\\\/latamjournalismreview.org\\\/es\\\/#organization\"},\"image\":{\"@id\":\"https:\\\/\\\/latamjournalismreview.org\\\/es\\\/articles\\\/iniciativas-buscan-evaluar-la-salud-mental-de-periodistas-de-america-latina-y-ayudarles-a-encontrar-equilibrio\\\/#primaryimage\"},\"thumbnailUrl\":\"https:\\\/\\\/latamjournalismreview.org\\\/wp-content\\\/uploads\\\/2022\\\/05\\\/Featured-Image-saude-mental-jornalistas.png\",\"keywords\":[\"Ecuador\",\"Per\u00fa\",\"Venezuela\"],\"articleSection\":[\"Premios y oportunidades\"],\"inLanguage\":\"es\"},{\"@type\":\"WebPage\",\"@id\":\"https:\\\/\\\/latamjournalismreview.org\\\/es\\\/articles\\\/iniciativas-buscan-evaluar-la-salud-mental-de-periodistas-de-america-latina-y-ayudarles-a-encontrar-equilibrio\\\/\",\"url\":\"https:\\\/\\\/latamjournalismreview.org\\\/es\\\/articles\\\/iniciativas-buscan-evaluar-la-salud-mental-de-periodistas-de-america-latina-y-ayudarles-a-encontrar-equilibrio\\\/\",\"name\":\"Iniciativas buscan evaluar la salud mental de periodistas de Am\u00e9rica Latina y ayudarles a encontrar equilibrio - LatAm Journalism Review\",\"isPartOf\":{\"@id\":\"https:\\\/\\\/latamjournalismreview.org\\\/es\\\/#website\"},\"primaryImageOfPage\":{\"@id\":\"https:\\\/\\\/latamjournalismreview.org\\\/es\\\/articles\\\/iniciativas-buscan-evaluar-la-salud-mental-de-periodistas-de-america-latina-y-ayudarles-a-encontrar-equilibrio\\\/#primaryimage\"},\"image\":{\"@id\":\"https:\\\/\\\/latamjournalismreview.org\\\/es\\\/articles\\\/iniciativas-buscan-evaluar-la-salud-mental-de-periodistas-de-america-latina-y-ayudarles-a-encontrar-equilibrio\\\/#primaryimage\"},\"thumbnailUrl\":\"https:\\\/\\\/latamjournalismreview.org\\\/wp-content\\\/uploads\\\/2022\\\/05\\\/Featured-Image-saude-mental-jornalistas.png\",\"datePublished\":\"2022-05-31T17:40:30+00:00\",\"dateModified\":\"2022-05-31T20:39:05+00:00\",\"description\":\"Iniciativas buscan evaluar la salud mental de periodistas de Am\u00e9rica Latina y ayudarles a encontrar equilibrio Premios y oportunidades. Latin American Journalism Review by The Knight Center at The University of Texas at Austin.\",\"breadcrumb\":{\"@id\":\"https:\\\/\\\/latamjournalismreview.org\\\/es\\\/articles\\\/iniciativas-buscan-evaluar-la-salud-mental-de-periodistas-de-america-latina-y-ayudarles-a-encontrar-equilibrio\\\/#breadcrumb\"},\"inLanguage\":\"es\",\"potentialAction\":[{\"@type\":\"ReadAction\",\"target\":[\"https:\\\/\\\/latamjournalismreview.org\\\/es\\\/articles\\\/iniciativas-buscan-evaluar-la-salud-mental-de-periodistas-de-america-latina-y-ayudarles-a-encontrar-equilibrio\\\/\"]}]},{\"@type\":\"ImageObject\",\"inLanguage\":\"es\",\"@id\":\"https:\\\/\\\/latamjournalismreview.org\\\/es\\\/articles\\\/iniciativas-buscan-evaluar-la-salud-mental-de-periodistas-de-america-latina-y-ayudarles-a-encontrar-equilibrio\\\/#primaryimage\",\"url\":\"https:\\\/\\\/latamjournalismreview.org\\\/wp-content\\\/uploads\\\/2022\\\/05\\\/Featured-Image-saude-mental-jornalistas.png\",\"contentUrl\":\"https:\\\/\\\/latamjournalismreview.org\\\/wp-content\\\/uploads\\\/2022\\\/05\\\/Featured-Image-saude-mental-jornalistas.png\",\"width\":507,\"height\":340,\"caption\":\"Photo by Alex Ivashenko on Unsplash\"},{\"@type\":\"BreadcrumbList\",\"@id\":\"https:\\\/\\\/latamjournalismreview.org\\\/es\\\/articles\\\/iniciativas-buscan-evaluar-la-salud-mental-de-periodistas-de-america-latina-y-ayudarles-a-encontrar-equilibrio\\\/#breadcrumb\",\"itemListElement\":[{\"@type\":\"ListItem\",\"position\":1,\"name\":\"Home\",\"item\":\"https:\\\/\\\/latamjournalismreview.org\\\/es\\\/\"},{\"@type\":\"ListItem\",\"position\":2,\"name\":\"Iniciativas buscan evaluar la salud mental de periodistas de Am\u00e9rica Latina y ayudarles a encontrar equilibrio\"}]},{\"@type\":\"WebSite\",\"@id\":\"https:\\\/\\\/latamjournalismreview.org\\\/es\\\/#website\",\"url\":\"https:\\\/\\\/latamjournalismreview.org\\\/es\\\/\",\"name\":\"LatAm Journalism Review\",\"description\":\"Knight Center at The University of Texas\",\"publisher\":{\"@id\":\"https:\\\/\\\/latamjournalismreview.org\\\/es\\\/#organization\"},\"potentialAction\":[{\"@type\":\"SearchAction\",\"target\":{\"@type\":\"EntryPoint\",\"urlTemplate\":\"https:\\\/\\\/latamjournalismreview.org\\\/es\\\/?s={search_term_string}\"},\"query-input\":{\"@type\":\"PropertyValueSpecification\",\"valueRequired\":true,\"valueName\":\"search_term_string\"}}],\"inLanguage\":\"es\"},{\"@type\":\"Organization\",\"@id\":\"https:\\\/\\\/latamjournalismreview.org\\\/es\\\/#organization\",\"name\":\"LatAm Journalism Review\",\"url\":\"https:\\\/\\\/latamjournalismreview.org\\\/es\\\/\",\"logo\":{\"@type\":\"ImageObject\",\"inLanguage\":\"es\",\"@id\":\"https:\\\/\\\/latamjournalismreview.org\\\/es\\\/#\\\/schema\\\/logo\\\/image\\\/\",\"url\":\"https:\\\/\\\/latamjournalismreview.org\\\/wp-content\\\/uploads\\\/2020\\\/05\\\/knight-latAm-review-logo.svg\",\"contentUrl\":\"https:\\\/\\\/latamjournalismreview.org\\\/wp-content\\\/uploads\\\/2020\\\/05\\\/knight-latAm-review-logo.svg\",\"width\":\"1024\",\"height\":\"1024\",\"caption\":\"LatAm Journalism Review\"},\"image\":{\"@id\":\"https:\\\/\\\/latamjournalismreview.org\\\/es\\\/#\\\/schema\\\/logo\\\/image\\\/\"},\"sameAs\":[\"https:\\\/\\\/x.com\\\/LatAmJournalism\"]},{\"@type\":\"Person\",\"@id\":\"https:\\\/\\\/latamjournalismreview.org\\\/es\\\/#\\\/schema\\\/person\\\/f98b544e2f231a237f39a56cc9a00a9a\",\"name\":\"Carolina de Assis\",\"description\":\"Carolina de Assis is a Brazilian journalist and researcher who lives in Juiz de Fora, MG, Brazil. She holds a master's degree in Women\u2019s and Gender Studies from the GEMMA Programme \u2013 Universit\u00e0 di Bologna (Italy) \\\/ Universiteit Utrecht (The Netherlands) and has worked as an editor at G\u00eanero e N\u00famero, a Brazilian digital magazine focused on data journalism and gender issues. She is especially interested in journalistic initiatives aimed at promoting human rights and gender justice. You can find her on Twitter: @caroldeassis _________ Carolina de Assis es una periodista e investigadora brasile\u00f1a que vive en Juiz de Fora, MG, Brasil . Tiene una maestr\u00eda en Estudios de las Mujeres y de G\u00e9nero del programa GEMMA \u2013 Universit\u00e0 di Bologna (Italia) \\\/ Universiteit Utrecht (Holanda). Trabaj\u00f3 como editora en la revista digital brasile\u00f1a G\u00eanero e N\u00famero. Le interesan especialmente iniciativas period\u00edsticas que tienen el objetivo de promover los derechos humanos y la justicia de g\u00e9nero. Puedes encontrarla en Twitter: @caroldeassis. _______ Carolina de Assis \u00e9 uma jornalista e pesquisadora brasileira que vive em Juiz de Fora (MG). \u00c9 mestra em Estudos da Mulher e de G\u00eanero pelo programa GEMMA \u2013 Universit\u00e0 di Bologna (It\u00e1lia) \\\/ Universiteit Utrecht (Holanda). Trabalhou como editora na revista digital G\u00eanero e N\u00famero e se interessa especialmente por iniciativas jornal\u00edsticas que promovam os direitos humanos e a justi\u00e7a de g\u00eanero. Voc\u00ea pode encontr\u00e1-la no Twitter em @caroldeassis.\",\"url\":\"https:\\\/\\\/latamjournalismreview.org\\\/es\\\/articles\\\/author\\\/carolina-de-assis\\\/\"}]}<\/script>\n<!-- \/ Yoast SEO Premium plugin. -->","yoast_head_json":{"title":"Iniciativas buscan evaluar la salud mental de periodistas de Am\u00e9rica Latina y ayudarles a encontrar equilibrio - LatAm Journalism Review","description":"Iniciativas buscan evaluar la salud mental de periodistas de Am\u00e9rica Latina y ayudarles a encontrar equilibrio Premios y oportunidades. Latin American Journalism Review by The Knight Center at The University of Texas at Austin.","robots":{"index":"index","follow":"follow","max-snippet":"max-snippet:-1","max-image-preview":"max-image-preview:large","max-video-preview":"max-video-preview:-1"},"canonical":"https:\/\/latamjournalismreview.org\/es\/articles\/iniciativas-buscan-evaluar-la-salud-mental-de-periodistas-de-america-latina-y-ayudarles-a-encontrar-equilibrio\/","og_locale":"es_ES","og_type":"article","og_title":"Iniciativas buscan evaluar la salud mental de periodistas de Am\u00e9rica Latina y ayudarles a encontrar equilibrio","og_description":"Iniciativas buscan evaluar la salud mental de periodistas de Am\u00e9rica Latina y ayudarles a encontrar equilibrio Premios y oportunidades. Latin American Journalism Review by The Knight Center at The University of Texas at Austin.","og_url":"https:\/\/latamjournalismreview.org\/es\/articles\/iniciativas-buscan-evaluar-la-salud-mental-de-periodistas-de-america-latina-y-ayudarles-a-encontrar-equilibrio\/","og_site_name":"LatAm Journalism Review","article_published_time":"2022-05-31T17:40:30+00:00","article_modified_time":"2022-05-31T20:39:05+00:00","og_image":[{"width":507,"height":340,"url":"https:\/\/latamjournalismreview.org\/wp-content\/uploads\/2022\/05\/Featured-Image-saude-mental-jornalistas.png","type":"image\/png"}],"author":"Carolina de Assis","twitter_card":"summary_large_image","twitter_creator":"@LatAmJournalism","twitter_site":"@LatAmJournalism","twitter_misc":{"Written by":"Carolina de Assis","Est. reading time":"8 minutos"},"schema":{"@context":"https:\/\/schema.org","@graph":[{"@type":"Article","@id":"https:\/\/latamjournalismreview.org\/es\/articles\/iniciativas-buscan-evaluar-la-salud-mental-de-periodistas-de-america-latina-y-ayudarles-a-encontrar-equilibrio\/#article","isPartOf":{"@id":"https:\/\/latamjournalismreview.org\/es\/articles\/iniciativas-buscan-evaluar-la-salud-mental-de-periodistas-de-america-latina-y-ayudarles-a-encontrar-equilibrio\/"},"author":{"name":"Carolina de Assis","@id":"https:\/\/latamjournalismreview.org\/es\/#\/schema\/person\/f98b544e2f231a237f39a56cc9a00a9a"},"headline":"Iniciativas buscan evaluar la salud mental de periodistas de Am\u00e9rica Latina y ayudarles a encontrar equilibrio","datePublished":"2022-05-31T17:40:30+00:00","dateModified":"2022-05-31T20:39:05+00:00","mainEntityOfPage":{"@id":"https:\/\/latamjournalismreview.org\/es\/articles\/iniciativas-buscan-evaluar-la-salud-mental-de-periodistas-de-america-latina-y-ayudarles-a-encontrar-equilibrio\/"},"wordCount":1694,"publisher":{"@id":"https:\/\/latamjournalismreview.org\/es\/#organization"},"image":{"@id":"https:\/\/latamjournalismreview.org\/es\/articles\/iniciativas-buscan-evaluar-la-salud-mental-de-periodistas-de-america-latina-y-ayudarles-a-encontrar-equilibrio\/#primaryimage"},"thumbnailUrl":"https:\/\/latamjournalismreview.org\/wp-content\/uploads\/2022\/05\/Featured-Image-saude-mental-jornalistas.png","keywords":["Ecuador","Per\u00fa","Venezuela"],"articleSection":["Premios y oportunidades"],"inLanguage":"es"},{"@type":"WebPage","@id":"https:\/\/latamjournalismreview.org\/es\/articles\/iniciativas-buscan-evaluar-la-salud-mental-de-periodistas-de-america-latina-y-ayudarles-a-encontrar-equilibrio\/","url":"https:\/\/latamjournalismreview.org\/es\/articles\/iniciativas-buscan-evaluar-la-salud-mental-de-periodistas-de-america-latina-y-ayudarles-a-encontrar-equilibrio\/","name":"Iniciativas buscan evaluar la salud mental de periodistas de Am\u00e9rica Latina y ayudarles a encontrar equilibrio - LatAm Journalism Review","isPartOf":{"@id":"https:\/\/latamjournalismreview.org\/es\/#website"},"primaryImageOfPage":{"@id":"https:\/\/latamjournalismreview.org\/es\/articles\/iniciativas-buscan-evaluar-la-salud-mental-de-periodistas-de-america-latina-y-ayudarles-a-encontrar-equilibrio\/#primaryimage"},"image":{"@id":"https:\/\/latamjournalismreview.org\/es\/articles\/iniciativas-buscan-evaluar-la-salud-mental-de-periodistas-de-america-latina-y-ayudarles-a-encontrar-equilibrio\/#primaryimage"},"thumbnailUrl":"https:\/\/latamjournalismreview.org\/wp-content\/uploads\/2022\/05\/Featured-Image-saude-mental-jornalistas.png","datePublished":"2022-05-31T17:40:30+00:00","dateModified":"2022-05-31T20:39:05+00:00","description":"Iniciativas buscan evaluar la salud mental de periodistas de Am\u00e9rica Latina y ayudarles a encontrar equilibrio Premios y oportunidades. Latin American Journalism Review by The Knight Center at The University of Texas at Austin.","breadcrumb":{"@id":"https:\/\/latamjournalismreview.org\/es\/articles\/iniciativas-buscan-evaluar-la-salud-mental-de-periodistas-de-america-latina-y-ayudarles-a-encontrar-equilibrio\/#breadcrumb"},"inLanguage":"es","potentialAction":[{"@type":"ReadAction","target":["https:\/\/latamjournalismreview.org\/es\/articles\/iniciativas-buscan-evaluar-la-salud-mental-de-periodistas-de-america-latina-y-ayudarles-a-encontrar-equilibrio\/"]}]},{"@type":"ImageObject","inLanguage":"es","@id":"https:\/\/latamjournalismreview.org\/es\/articles\/iniciativas-buscan-evaluar-la-salud-mental-de-periodistas-de-america-latina-y-ayudarles-a-encontrar-equilibrio\/#primaryimage","url":"https:\/\/latamjournalismreview.org\/wp-content\/uploads\/2022\/05\/Featured-Image-saude-mental-jornalistas.png","contentUrl":"https:\/\/latamjournalismreview.org\/wp-content\/uploads\/2022\/05\/Featured-Image-saude-mental-jornalistas.png","width":507,"height":340,"caption":"Photo by Alex Ivashenko on Unsplash"},{"@type":"BreadcrumbList","@id":"https:\/\/latamjournalismreview.org\/es\/articles\/iniciativas-buscan-evaluar-la-salud-mental-de-periodistas-de-america-latina-y-ayudarles-a-encontrar-equilibrio\/#breadcrumb","itemListElement":[{"@type":"ListItem","position":1,"name":"Home","item":"https:\/\/latamjournalismreview.org\/es\/"},{"@type":"ListItem","position":2,"name":"Iniciativas buscan evaluar la salud mental de periodistas de Am\u00e9rica Latina y ayudarles a encontrar equilibrio"}]},{"@type":"WebSite","@id":"https:\/\/latamjournalismreview.org\/es\/#website","url":"https:\/\/latamjournalismreview.org\/es\/","name":"LatAm Journalism Review","description":"Knight Center at The University of Texas","publisher":{"@id":"https:\/\/latamjournalismreview.org\/es\/#organization"},"potentialAction":[{"@type":"SearchAction","target":{"@type":"EntryPoint","urlTemplate":"https:\/\/latamjournalismreview.org\/es\/?s={search_term_string}"},"query-input":{"@type":"PropertyValueSpecification","valueRequired":true,"valueName":"search_term_string"}}],"inLanguage":"es"},{"@type":"Organization","@id":"https:\/\/latamjournalismreview.org\/es\/#organization","name":"LatAm Journalism Review","url":"https:\/\/latamjournalismreview.org\/es\/","logo":{"@type":"ImageObject","inLanguage":"es","@id":"https:\/\/latamjournalismreview.org\/es\/#\/schema\/logo\/image\/","url":"https:\/\/latamjournalismreview.org\/wp-content\/uploads\/2020\/05\/knight-latAm-review-logo.svg","contentUrl":"https:\/\/latamjournalismreview.org\/wp-content\/uploads\/2020\/05\/knight-latAm-review-logo.svg","width":"1024","height":"1024","caption":"LatAm Journalism Review"},"image":{"@id":"https:\/\/latamjournalismreview.org\/es\/#\/schema\/logo\/image\/"},"sameAs":["https:\/\/x.com\/LatAmJournalism"]},{"@type":"Person","@id":"https:\/\/latamjournalismreview.org\/es\/#\/schema\/person\/f98b544e2f231a237f39a56cc9a00a9a","name":"Carolina de Assis","description":"Carolina de Assis is a Brazilian journalist and researcher who lives in Juiz de Fora, MG, Brazil. She holds a master's degree in Women\u2019s and Gender Studies from the GEMMA Programme \u2013 Universit\u00e0 di Bologna (Italy) \/ Universiteit Utrecht (The Netherlands) and has worked as an editor at G\u00eanero e N\u00famero, a Brazilian digital magazine focused on data journalism and gender issues. She is especially interested in journalistic initiatives aimed at promoting human rights and gender justice. You can find her on Twitter: @caroldeassis _________ Carolina de Assis es una periodista e investigadora brasile\u00f1a que vive en Juiz de Fora, MG, Brasil . Tiene una maestr\u00eda en Estudios de las Mujeres y de G\u00e9nero del programa GEMMA \u2013 Universit\u00e0 di Bologna (Italia) \/ Universiteit Utrecht (Holanda). Trabaj\u00f3 como editora en la revista digital brasile\u00f1a G\u00eanero e N\u00famero. Le interesan especialmente iniciativas period\u00edsticas que tienen el objetivo de promover los derechos humanos y la justicia de g\u00e9nero. Puedes encontrarla en Twitter: @caroldeassis. _______ Carolina de Assis \u00e9 uma jornalista e pesquisadora brasileira que vive em Juiz de Fora (MG). \u00c9 mestra em Estudos da Mulher e de G\u00eanero pelo programa GEMMA \u2013 Universit\u00e0 di Bologna (It\u00e1lia) \/ Universiteit Utrecht (Holanda). Trabalhou como editora na revista digital G\u00eanero e N\u00famero e se interessa especialmente por iniciativas jornal\u00edsticas que promovam os direitos humanos e a justi\u00e7a de g\u00eanero. Voc\u00ea pode encontr\u00e1-la no Twitter em @caroldeassis.","url":"https:\/\/latamjournalismreview.org\/es\/articles\/author\/carolina-de-assis\/"}]}},"_links":{"self":[{"href":"https:\/\/latamjournalismreview.org\/es\/wp-json\/wp\/v2\/posts\/56294","targetHints":{"allow":["GET"]}}],"collection":[{"href":"https:\/\/latamjournalismreview.org\/es\/wp-json\/wp\/v2\/posts"}],"about":[{"href":"https:\/\/latamjournalismreview.org\/es\/wp-json\/wp\/v2\/types\/post"}],"author":[{"embeddable":true,"href":"https:\/\/latamjournalismreview.org\/es\/wp-json\/wp\/v2\/users\/16"}],"replies":[{"embeddable":true,"href":"https:\/\/latamjournalismreview.org\/es\/wp-json\/wp\/v2\/comments?post=56294"}],"version-history":[{"count":4,"href":"https:\/\/latamjournalismreview.org\/es\/wp-json\/wp\/v2\/posts\/56294\/revisions"}],"predecessor-version":[{"id":56330,"href":"https:\/\/latamjournalismreview.org\/es\/wp-json\/wp\/v2\/posts\/56294\/revisions\/56330"}],"wp:featuredmedia":[{"embeddable":true,"href":"https:\/\/latamjournalismreview.org\/es\/wp-json\/wp\/v2\/media\/56105"}],"wp:attachment":[{"href":"https:\/\/latamjournalismreview.org\/es\/wp-json\/wp\/v2\/media?parent=56294"}],"wp:term":[{"taxonomy":"category","embeddable":true,"href":"https:\/\/latamjournalismreview.org\/es\/wp-json\/wp\/v2\/categories?post=56294"},{"taxonomy":"post_tag","embeddable":true,"href":"https:\/\/latamjournalismreview.org\/es\/wp-json\/wp\/v2\/tags?post=56294"},{"taxonomy":"author","embeddable":true,"href":"https:\/\/latamjournalismreview.org\/es\/wp-json\/wp\/v2\/coauthors?post=56294"}],"curies":[{"name":"wp","href":"https:\/\/api.w.org\/{rel}","templated":true}]}}