{"id":56441,"date":"2011-02-25T12:52:38","date_gmt":"2011-02-25T17:52:38","guid":{"rendered":"https:\/\/latamjournalismreview.org\/?p=56441"},"modified":"2022-06-01T12:53:25","modified_gmt":"2022-06-01T17:53:25","slug":"ex-concejal-es-condenado-por-agredir-a-periodista-en-brasil","status":"publish","type":"post","link":"https:\/\/latamjournalismreview.org\/es\/articles\/ex-concejal-es-condenado-por-agredir-a-periodista-en-brasil\/","title":{"rendered":"Ex concejal es condenado por agredir a periodista en Brasil"},"content":{"rendered":"<p><em>Por Adriana Prado<\/em><\/p>\n<p>Lourival Rodrigues Moraes, un ex concejal de\u00a0<a href=\"http:\/\/pt.wikipedia.org\/wiki\/Pontes_e_Lacerda\">Pontes e Lacerda<\/a>, en el estado brasile\u00f1o de\u00a0<a href=\"http:\/\/es.wikipedia.org\/wiki\/Mato_Grosso\">Mato Grosso<\/a>, fue\u00a0<a href=\"http:\/\/rmtonline.globo.com\/noticias.asp?em=2&amp;n=521900&amp;p=2&amp;Tipo=\">condenado a un a\u00f1o de prisi\u00f3n por agredir a una periodista<\/a>\u00a0en junio pasado, inform\u00f3 TV Centro Am\u00e9rica.<\/p>\n<p>Conocido por el apellido de \u201cKirrarinha\u201d, el ex concejal\u00a0<a href=\"http:\/\/knightcenter.utexas.edu\/pt-br\/blog\/vereador-agride-reporter-com-tapa-na-cara-em-mato-grosso\">abofete\u00f3 a M\u00e1rcia Pache<\/a>, reportera del canal TV Centro-Oeste, afiliada a la cadena televisiva SBT en la regi\u00f3n. El\u00a0<a href=\"http:\/\/www.sbt.com.br\/jornalismo\/noticias\/?c=687&amp;t=Camara+Municipal+de+Pontes+e+Lacerda+cassa+mandato+de+Vereador\">mandato del pol\u00edtico fue revocado<\/a>\u00a0en septiembre de 2010 por falta de decoro, a\u00f1adi\u00f3 SBT.<\/p>\n<p>Moraes agredi\u00f3 a la periodista al ser abordado luego de que prestara declaraciones en una comisar\u00eda sobre acusaciones de que se hab\u00eda quedado con el dinero de una jubilada en forma fraudulenta y hab\u00eda autorizado la invasi\u00f3n de una propiedad. Despu\u00e9 de eso, Moraes\u00a0<a href=\"http:\/\/knightcenter.utexas.edu\/es\/blog\/reportera-brasilena-denuncia-concejal-por-nuevas-intimidaciones-0\">merode\u00f3 la casa y el lugar de trabajo de la reportera<\/a>, quien present\u00f3 una segunda queja contra el pol\u00edtico al sentirse amenazada. La agresi\u00f3n fue grabada en video y est\u00e1 disponible\u00a0<a href=\"http:\/\/www.youtube.com\/watch?v=e1Yxy5OudyE&amp;feature=player_embedded\">aqu\u00ed<\/a>.<\/p>\n<p><em><br \/>\n<strong>Otras Noticias Relacionadas<\/strong><br \/>\n\u00bb Centro Knight<span>\u00a0(<a href=\"http:\/\/knightcenter.utexas.edu\/es\/blog\/justicia-brasilena-confisca-equipos-de-televisora-en-el-oeste-del-pais\" target=\"_blank\" rel=\"noopener\">Justicia brasile\u00f1a confisca equipos de televisora en el oeste del pa\u00eds<\/a>)<\/span><\/p>\n<p>Nota del editor: Esta historia fue publicada originalmente en el blog Periodismo en las Am\u00e9ricas del Centro Knight, el predecesor de LatAm Journalism Review.<\/em><\/p>\n","protected":false},"excerpt":{"rendered":"<p>Lourival Rodrigues Moraes, un ex concejal de\u00a0Pontes e Lacerda, en el estado brasile\u00f1o de\u00a0Mato Grosso, fue\u00a0condenado a un a\u00f1o de prisi\u00f3n por agredir a una periodista\u00a0en junio pasado, inform\u00f3 TV Centro Am\u00e9rica.<\/p>\n","protected":false},"author":17,"featured_media":0,"comment_status":"closed","ping_status":"closed","sticky":false,"template":"","format":"standard","meta":{"inline_featured_image":false,"footnotes":""},"categories":[1222],"tags":[],"coauthors":[],"class_list":["post-56441","post","type-post","status-publish","format-standard","hentry","category-violencia-contra-periodistas-es"],"acf":[],"yoast_head":"<!-- This site is optimized with the Yoast SEO Premium plugin v22.6 (Yoast SEO v27.4) - https:\/\/yoast.com\/product\/yoast-seo-premium-wordpress\/ -->\n<title>Ex concejal es condenado por agredir a periodista en Brasil - LatAm Journalism Review<\/title>\n<meta name=\"description\" content=\"Ex concejal es condenado por agredir a periodista en Brasil Violencia contra periodistas. Latin American Journalism Review by The Knight Center at The University of Texas at Austin.\" \/>\n<meta name=\"robots\" content=\"index, follow, max-snippet:-1, max-image-preview:large, max-video-preview:-1\" \/>\n<link rel=\"canonical\" href=\"https:\/\/latamjournalismreview.org\/es\/articles\/ex-concejal-es-condenado-por-agredir-a-periodista-en-brasil\/\" \/>\n<meta property=\"og:locale\" content=\"es_ES\" \/>\n<meta property=\"og:type\" content=\"article\" \/>\n<meta property=\"og:title\" content=\"Ex concejal es condenado por agredir a periodista en Brasil\" \/>\n<meta property=\"og:description\" content=\"Ex concejal es condenado por agredir a periodista en Brasil Violencia contra periodistas. Latin American Journalism Review by The Knight Center at The University of Texas at Austin.\" \/>\n<meta property=\"og:url\" content=\"https:\/\/latamjournalismreview.org\/es\/articles\/ex-concejal-es-condenado-por-agredir-a-periodista-en-brasil\/\" \/>\n<meta property=\"og:site_name\" content=\"LatAm Journalism Review\" \/>\n<meta property=\"article:published_time\" content=\"2011-02-25T17:52:38+00:00\" \/>\n<meta property=\"article:modified_time\" content=\"2022-06-01T17:53:25+00:00\" \/>\n<meta name=\"author\" content=\"Guest\" \/>\n<meta name=\"twitter:card\" content=\"summary_large_image\" \/>\n<meta name=\"twitter:creator\" content=\"@LatAmJournalism\" \/>\n<meta name=\"twitter:site\" content=\"@LatAmJournalism\" \/>\n<meta name=\"twitter:label1\" content=\"Written by\" \/>\n\t<meta name=\"twitter:data1\" content=\"Guest\" \/>\n\t<meta name=\"twitter:label2\" content=\"Est. reading time\" \/>\n\t<meta name=\"twitter:data2\" content=\"1 minuto\" \/>\n<script type=\"application\/ld+json\" class=\"yoast-schema-graph\">{\"@context\":\"https:\\\/\\\/schema.org\",\"@graph\":[{\"@type\":\"Article\",\"@id\":\"https:\\\/\\\/latamjournalismreview.org\\\/es\\\/articles\\\/ex-concejal-es-condenado-por-agredir-a-periodista-en-brasil\\\/#article\",\"isPartOf\":{\"@id\":\"https:\\\/\\\/latamjournalismreview.org\\\/es\\\/articles\\\/ex-concejal-es-condenado-por-agredir-a-periodista-en-brasil\\\/\"},\"author\":{\"name\":\"Guest\",\"@id\":\"https:\\\/\\\/latamjournalismreview.org\\\/es\\\/#\\\/schema\\\/person\\\/0315202e0b3c0963a2440f1c3012c360\"},\"headline\":\"Ex concejal es condenado por agredir a periodista en Brasil\",\"datePublished\":\"2011-02-25T17:52:38+00:00\",\"dateModified\":\"2022-06-01T17:53:25+00:00\",\"mainEntityOfPage\":{\"@id\":\"https:\\\/\\\/latamjournalismreview.org\\\/es\\\/articles\\\/ex-concejal-es-condenado-por-agredir-a-periodista-en-brasil\\\/\"},\"wordCount\":224,\"publisher\":{\"@id\":\"https:\\\/\\\/latamjournalismreview.org\\\/es\\\/#organization\"},\"articleSection\":[\"Violencia contra periodistas\"],\"inLanguage\":\"es\"},{\"@type\":\"WebPage\",\"@id\":\"https:\\\/\\\/latamjournalismreview.org\\\/es\\\/articles\\\/ex-concejal-es-condenado-por-agredir-a-periodista-en-brasil\\\/\",\"url\":\"https:\\\/\\\/latamjournalismreview.org\\\/es\\\/articles\\\/ex-concejal-es-condenado-por-agredir-a-periodista-en-brasil\\\/\",\"name\":\"Ex concejal es condenado por agredir a periodista en Brasil - LatAm Journalism Review\",\"isPartOf\":{\"@id\":\"https:\\\/\\\/latamjournalismreview.org\\\/es\\\/#website\"},\"datePublished\":\"2011-02-25T17:52:38+00:00\",\"dateModified\":\"2022-06-01T17:53:25+00:00\",\"description\":\"Ex concejal es condenado por agredir a periodista en Brasil Violencia contra periodistas. Latin American Journalism Review by The Knight Center at The University of Texas at Austin.\",\"breadcrumb\":{\"@id\":\"https:\\\/\\\/latamjournalismreview.org\\\/es\\\/articles\\\/ex-concejal-es-condenado-por-agredir-a-periodista-en-brasil\\\/#breadcrumb\"},\"inLanguage\":\"es\",\"potentialAction\":[{\"@type\":\"ReadAction\",\"target\":[\"https:\\\/\\\/latamjournalismreview.org\\\/es\\\/articles\\\/ex-concejal-es-condenado-por-agredir-a-periodista-en-brasil\\\/\"]}]},{\"@type\":\"BreadcrumbList\",\"@id\":\"https:\\\/\\\/latamjournalismreview.org\\\/es\\\/articles\\\/ex-concejal-es-condenado-por-agredir-a-periodista-en-brasil\\\/#breadcrumb\",\"itemListElement\":[{\"@type\":\"ListItem\",\"position\":1,\"name\":\"Home\",\"item\":\"https:\\\/\\\/latamjournalismreview.org\\\/es\\\/\"},{\"@type\":\"ListItem\",\"position\":2,\"name\":\"Ex concejal es condenado por agredir a periodista en Brasil\"}]},{\"@type\":\"WebSite\",\"@id\":\"https:\\\/\\\/latamjournalismreview.org\\\/es\\\/#website\",\"url\":\"https:\\\/\\\/latamjournalismreview.org\\\/es\\\/\",\"name\":\"LatAm Journalism Review\",\"description\":\"Knight Center at The University of Texas\",\"publisher\":{\"@id\":\"https:\\\/\\\/latamjournalismreview.org\\\/es\\\/#organization\"},\"potentialAction\":[{\"@type\":\"SearchAction\",\"target\":{\"@type\":\"EntryPoint\",\"urlTemplate\":\"https:\\\/\\\/latamjournalismreview.org\\\/es\\\/?s={search_term_string}\"},\"query-input\":{\"@type\":\"PropertyValueSpecification\",\"valueRequired\":true,\"valueName\":\"search_term_string\"}}],\"inLanguage\":\"es\"},{\"@type\":\"Organization\",\"@id\":\"https:\\\/\\\/latamjournalismreview.org\\\/es\\\/#organization\",\"name\":\"LatAm Journalism Review\",\"url\":\"https:\\\/\\\/latamjournalismreview.org\\\/es\\\/\",\"logo\":{\"@type\":\"ImageObject\",\"inLanguage\":\"es\",\"@id\":\"https:\\\/\\\/latamjournalismreview.org\\\/es\\\/#\\\/schema\\\/logo\\\/image\\\/\",\"url\":\"https:\\\/\\\/latamjournalismreview.org\\\/wp-content\\\/uploads\\\/2020\\\/05\\\/knight-latAm-review-logo.svg\",\"contentUrl\":\"https:\\\/\\\/latamjournalismreview.org\\\/wp-content\\\/uploads\\\/2020\\\/05\\\/knight-latAm-review-logo.svg\",\"width\":\"1024\",\"height\":\"1024\",\"caption\":\"LatAm Journalism Review\"},\"image\":{\"@id\":\"https:\\\/\\\/latamjournalismreview.org\\\/es\\\/#\\\/schema\\\/logo\\\/image\\\/\"},\"sameAs\":[\"https:\\\/\\\/x.com\\\/LatAmJournalism\"]},{\"@type\":\"Person\",\"@id\":\"https:\\\/\\\/latamjournalismreview.org\\\/es\\\/#\\\/schema\\\/person\\\/0315202e0b3c0963a2440f1c3012c360\",\"name\":\"Guest\",\"url\":\"https:\\\/\\\/latamjournalismreview.org\\\/es\\\/articles\\\/author\\\/guest\\\/\"}]}<\/script>\n<!-- \/ Yoast SEO Premium plugin. -->","yoast_head_json":{"title":"Ex concejal es condenado por agredir a periodista en Brasil - LatAm Journalism Review","description":"Ex concejal es condenado por agredir a periodista en Brasil Violencia contra periodistas. Latin American Journalism Review by The Knight Center at The University of Texas at Austin.","robots":{"index":"index","follow":"follow","max-snippet":"max-snippet:-1","max-image-preview":"max-image-preview:large","max-video-preview":"max-video-preview:-1"},"canonical":"https:\/\/latamjournalismreview.org\/es\/articles\/ex-concejal-es-condenado-por-agredir-a-periodista-en-brasil\/","og_locale":"es_ES","og_type":"article","og_title":"Ex concejal es condenado por agredir a periodista en Brasil","og_description":"Ex concejal es condenado por agredir a periodista en Brasil Violencia contra periodistas. Latin American Journalism Review by The Knight Center at The University of Texas at Austin.","og_url":"https:\/\/latamjournalismreview.org\/es\/articles\/ex-concejal-es-condenado-por-agredir-a-periodista-en-brasil\/","og_site_name":"LatAm Journalism Review","article_published_time":"2011-02-25T17:52:38+00:00","article_modified_time":"2022-06-01T17:53:25+00:00","author":"Guest","twitter_card":"summary_large_image","twitter_creator":"@LatAmJournalism","twitter_site":"@LatAmJournalism","twitter_misc":{"Written by":"Guest","Est. reading time":"1 minuto"},"schema":{"@context":"https:\/\/schema.org","@graph":[{"@type":"Article","@id":"https:\/\/latamjournalismreview.org\/es\/articles\/ex-concejal-es-condenado-por-agredir-a-periodista-en-brasil\/#article","isPartOf":{"@id":"https:\/\/latamjournalismreview.org\/es\/articles\/ex-concejal-es-condenado-por-agredir-a-periodista-en-brasil\/"},"author":{"name":"Guest","@id":"https:\/\/latamjournalismreview.org\/es\/#\/schema\/person\/0315202e0b3c0963a2440f1c3012c360"},"headline":"Ex concejal es condenado por agredir a periodista en Brasil","datePublished":"2011-02-25T17:52:38+00:00","dateModified":"2022-06-01T17:53:25+00:00","mainEntityOfPage":{"@id":"https:\/\/latamjournalismreview.org\/es\/articles\/ex-concejal-es-condenado-por-agredir-a-periodista-en-brasil\/"},"wordCount":224,"publisher":{"@id":"https:\/\/latamjournalismreview.org\/es\/#organization"},"articleSection":["Violencia contra periodistas"],"inLanguage":"es"},{"@type":"WebPage","@id":"https:\/\/latamjournalismreview.org\/es\/articles\/ex-concejal-es-condenado-por-agredir-a-periodista-en-brasil\/","url":"https:\/\/latamjournalismreview.org\/es\/articles\/ex-concejal-es-condenado-por-agredir-a-periodista-en-brasil\/","name":"Ex concejal es condenado por agredir a periodista en Brasil - LatAm Journalism Review","isPartOf":{"@id":"https:\/\/latamjournalismreview.org\/es\/#website"},"datePublished":"2011-02-25T17:52:38+00:00","dateModified":"2022-06-01T17:53:25+00:00","description":"Ex concejal es condenado por agredir a periodista en Brasil Violencia contra periodistas. Latin American Journalism Review by The Knight Center at The University of Texas at Austin.","breadcrumb":{"@id":"https:\/\/latamjournalismreview.org\/es\/articles\/ex-concejal-es-condenado-por-agredir-a-periodista-en-brasil\/#breadcrumb"},"inLanguage":"es","potentialAction":[{"@type":"ReadAction","target":["https:\/\/latamjournalismreview.org\/es\/articles\/ex-concejal-es-condenado-por-agredir-a-periodista-en-brasil\/"]}]},{"@type":"BreadcrumbList","@id":"https:\/\/latamjournalismreview.org\/es\/articles\/ex-concejal-es-condenado-por-agredir-a-periodista-en-brasil\/#breadcrumb","itemListElement":[{"@type":"ListItem","position":1,"name":"Home","item":"https:\/\/latamjournalismreview.org\/es\/"},{"@type":"ListItem","position":2,"name":"Ex concejal es condenado por agredir a periodista en Brasil"}]},{"@type":"WebSite","@id":"https:\/\/latamjournalismreview.org\/es\/#website","url":"https:\/\/latamjournalismreview.org\/es\/","name":"LatAm Journalism Review","description":"Knight Center at The University of Texas","publisher":{"@id":"https:\/\/latamjournalismreview.org\/es\/#organization"},"potentialAction":[{"@type":"SearchAction","target":{"@type":"EntryPoint","urlTemplate":"https:\/\/latamjournalismreview.org\/es\/?s={search_term_string}"},"query-input":{"@type":"PropertyValueSpecification","valueRequired":true,"valueName":"search_term_string"}}],"inLanguage":"es"},{"@type":"Organization","@id":"https:\/\/latamjournalismreview.org\/es\/#organization","name":"LatAm Journalism Review","url":"https:\/\/latamjournalismreview.org\/es\/","logo":{"@type":"ImageObject","inLanguage":"es","@id":"https:\/\/latamjournalismreview.org\/es\/#\/schema\/logo\/image\/","url":"https:\/\/latamjournalismreview.org\/wp-content\/uploads\/2020\/05\/knight-latAm-review-logo.svg","contentUrl":"https:\/\/latamjournalismreview.org\/wp-content\/uploads\/2020\/05\/knight-latAm-review-logo.svg","width":"1024","height":"1024","caption":"LatAm Journalism Review"},"image":{"@id":"https:\/\/latamjournalismreview.org\/es\/#\/schema\/logo\/image\/"},"sameAs":["https:\/\/x.com\/LatAmJournalism"]},{"@type":"Person","@id":"https:\/\/latamjournalismreview.org\/es\/#\/schema\/person\/0315202e0b3c0963a2440f1c3012c360","name":"Guest","url":"https:\/\/latamjournalismreview.org\/es\/articles\/author\/guest\/"}]}},"_links":{"self":[{"href":"https:\/\/latamjournalismreview.org\/es\/wp-json\/wp\/v2\/posts\/56441","targetHints":{"allow":["GET"]}}],"collection":[{"href":"https:\/\/latamjournalismreview.org\/es\/wp-json\/wp\/v2\/posts"}],"about":[{"href":"https:\/\/latamjournalismreview.org\/es\/wp-json\/wp\/v2\/types\/post"}],"author":[{"embeddable":true,"href":"https:\/\/latamjournalismreview.org\/es\/wp-json\/wp\/v2\/users\/17"}],"replies":[{"embeddable":true,"href":"https:\/\/latamjournalismreview.org\/es\/wp-json\/wp\/v2\/comments?post=56441"}],"version-history":[{"count":1,"href":"https:\/\/latamjournalismreview.org\/es\/wp-json\/wp\/v2\/posts\/56441\/revisions"}],"predecessor-version":[{"id":56443,"href":"https:\/\/latamjournalismreview.org\/es\/wp-json\/wp\/v2\/posts\/56441\/revisions\/56443"}],"wp:attachment":[{"href":"https:\/\/latamjournalismreview.org\/es\/wp-json\/wp\/v2\/media?parent=56441"}],"wp:term":[{"taxonomy":"category","embeddable":true,"href":"https:\/\/latamjournalismreview.org\/es\/wp-json\/wp\/v2\/categories?post=56441"},{"taxonomy":"post_tag","embeddable":true,"href":"https:\/\/latamjournalismreview.org\/es\/wp-json\/wp\/v2\/tags?post=56441"},{"taxonomy":"author","embeddable":true,"href":"https:\/\/latamjournalismreview.org\/es\/wp-json\/wp\/v2\/coauthors?post=56441"}],"curies":[{"name":"wp","href":"https:\/\/api.w.org\/{rel}","templated":true}]}}