{"id":56598,"date":"2011-03-04T20:39:21","date_gmt":"2011-03-05T01:39:21","guid":{"rendered":"https:\/\/latamjournalismreview.org\/?p=56598"},"modified":"2022-06-02T20:39:56","modified_gmt":"2022-06-03T01:39:56","slug":"despidos-de-periodistas-en-sao-paulo-superan-los-200-este-ano","status":"publish","type":"post","link":"https:\/\/latamjournalismreview.org\/es\/articles\/despidos-de-periodistas-en-sao-paulo-superan-los-200-este-ano\/","title":{"rendered":"Despidos de periodistas en S\u00e3o Paulo superan los 200 este a\u00f1o"},"content":{"rendered":"<p>Pese a los s\u00f3lidos resultados reportados por compa\u00f1\u00edas de medios como Estado y Editora Abril, los periodistas despedidos en S\u00e3o Paulo ya llegan a 207 este a\u00f1o.<\/p>\n<p>El martes 1\u00ba de marzo, 32 periodistas perdieron su trabajo en las redacciones de las revistas Aventuras na Hist\u00f3ria y Vida Simples, ambas propiedad de\u00a0<a href=\"http:\/\/www.abril.com.br\/\">Editora Abril<\/a>.<\/p>\n<p>El presidente del\u00a0<a href=\"http:\/\/www.sjsp.org.br\/\">Sindicato de Periodistas Profesionales del Estado de S\u00e3o Paulo\u00a0<\/a>, Guto Camargo, calific\u00f3 los despidos de injustificados dadas las ganancias repoertadas por el Grupo Abril.<\/p>\n<p>Anteriormente, el Grupo Estado despidi\u00f3 a 22 personas de sus operaciones impresas y en l\u00ednea.\u00a0<a href=\"http:\/\/www.comunique-se.com.br\/conteudo\/newsshow.asp?editoria=8&amp;idnot=58036&amp;ReQuery=S\">En un comunicado en el portal Comunique-se<\/a>, el director de contenidos del Grupo Estado, Ricardo Gandour, explic\u00f3 que los despidos fueron hechos para reducir costos.<\/p>\n<p>Hace menos de un mes,\u00a0<a href=\"http:\/\/www.tvcultura.com.br\/\">TV Cultura<\/a>\u00a0anunci\u00f3 que despedir\u00eda a 150 empleados \u2013el 10 por ciento de su personal\u2014 para reestructurar la cadena, actualizar la programaci\u00f3n, reducir costos e invertir en nuevos programas. Seg\u00fan el diario O Globo\u00a0<a href=\"http:\/\/oglobo.globo.com\/tecnologia\/mat\/2011\/02\/07\/tv-cultura-comeca-reestruturacao-com-demissao-de-150-funcionarios-923753922.asp\">Jo\u00e3o Sayad, el nuevo presidente de TV Cultura, quiere reducir la producci\u00f3n de programas propios y despedir hasta 1.400 de los actuales 1.900 empleados.<\/a><\/p>\n<p><em>Nota del editor: Esta historia fue publicada originalmente en el blog Periodismo en las Am\u00e9ricas del Centro Knight, el predecesor de LatAm Journalism Review.<\/em><\/p>\n","protected":false},"excerpt":{"rendered":"<p>Pese a los s\u00f3lidos resultados reportados por compa\u00f1\u00edas de medios como Estado y Editora Abril, los periodistas despedidos en S\u00e3o Paulo ya llegan a 207 este a\u00f1o.<\/p>\n","protected":false},"author":42,"featured_media":0,"comment_status":"closed","ping_status":"closed","sticky":false,"template":"","format":"standard","meta":{"inline_featured_image":false,"footnotes":""},"categories":[1669],"tags":[1482],"coauthors":[],"class_list":["post-56598","post","type-post","status-publish","format-standard","hentry","category-mercado-laboral","tag-despidos-es"],"acf":[],"yoast_head":"<!-- This site is optimized with the Yoast SEO Premium plugin v22.6 (Yoast SEO v27.4) - https:\/\/yoast.com\/product\/yoast-seo-premium-wordpress\/ -->\n<title>Despidos de periodistas en S\u00e3o Paulo superan los 200 este a\u00f1o - LatAm Journalism Review<\/title>\n<meta name=\"description\" content=\"Despidos de periodistas en S\u00e3o Paulo superan los 200 este a\u00f1o Mercado laboral. Latin American Journalism Review by The Knight Center at The University of Texas at Austin.\" \/>\n<meta name=\"robots\" content=\"index, follow, max-snippet:-1, max-image-preview:large, max-video-preview:-1\" \/>\n<link rel=\"canonical\" href=\"https:\/\/latamjournalismreview.org\/es\/articles\/despidos-de-periodistas-en-sao-paulo-superan-los-200-este-ano\/\" \/>\n<meta property=\"og:locale\" content=\"es_ES\" \/>\n<meta property=\"og:type\" content=\"article\" \/>\n<meta property=\"og:title\" content=\"Despidos de periodistas en S\u00e3o Paulo superan los 200 este a\u00f1o\" \/>\n<meta property=\"og:description\" content=\"Despidos de periodistas en S\u00e3o Paulo superan los 200 este a\u00f1o Mercado laboral. Latin American Journalism Review by The Knight Center at The University of Texas at Austin.\" \/>\n<meta property=\"og:url\" content=\"https:\/\/latamjournalismreview.org\/es\/articles\/despidos-de-periodistas-en-sao-paulo-superan-los-200-este-ano\/\" \/>\n<meta property=\"og:site_name\" content=\"LatAm Journalism Review\" \/>\n<meta property=\"article:published_time\" content=\"2011-03-05T01:39:21+00:00\" \/>\n<meta property=\"article:modified_time\" content=\"2022-06-03T01:39:56+00:00\" \/>\n<meta name=\"author\" content=\"Natalia Mazotte\" \/>\n<meta name=\"twitter:card\" content=\"summary_large_image\" \/>\n<meta name=\"twitter:creator\" content=\"@LatAmJournalism\" \/>\n<meta name=\"twitter:site\" content=\"@LatAmJournalism\" \/>\n<meta name=\"twitter:label1\" content=\"Written by\" \/>\n\t<meta name=\"twitter:data1\" content=\"Natalia Mazotte\" \/>\n\t<meta name=\"twitter:label2\" content=\"Est. reading time\" \/>\n\t<meta name=\"twitter:data2\" content=\"1 minuto\" \/>\n<script type=\"application\/ld+json\" class=\"yoast-schema-graph\">{\"@context\":\"https:\\\/\\\/schema.org\",\"@graph\":[{\"@type\":\"Article\",\"@id\":\"https:\\\/\\\/latamjournalismreview.org\\\/es\\\/articles\\\/despidos-de-periodistas-en-sao-paulo-superan-los-200-este-ano\\\/#article\",\"isPartOf\":{\"@id\":\"https:\\\/\\\/latamjournalismreview.org\\\/es\\\/articles\\\/despidos-de-periodistas-en-sao-paulo-superan-los-200-este-ano\\\/\"},\"author\":{\"name\":\"Natalia Mazotte\",\"@id\":\"https:\\\/\\\/latamjournalismreview.org\\\/es\\\/#\\\/schema\\\/person\\\/747457e530d741a9d192f00c32c7f884\"},\"headline\":\"Despidos de periodistas en S\u00e3o Paulo superan los 200 este a\u00f1o\",\"datePublished\":\"2011-03-05T01:39:21+00:00\",\"dateModified\":\"2022-06-03T01:39:56+00:00\",\"mainEntityOfPage\":{\"@id\":\"https:\\\/\\\/latamjournalismreview.org\\\/es\\\/articles\\\/despidos-de-periodistas-en-sao-paulo-superan-los-200-este-ano\\\/\"},\"wordCount\":225,\"publisher\":{\"@id\":\"https:\\\/\\\/latamjournalismreview.org\\\/es\\\/#organization\"},\"keywords\":[\"Despidos\"],\"articleSection\":[\"Mercado laboral\"],\"inLanguage\":\"es\"},{\"@type\":\"WebPage\",\"@id\":\"https:\\\/\\\/latamjournalismreview.org\\\/es\\\/articles\\\/despidos-de-periodistas-en-sao-paulo-superan-los-200-este-ano\\\/\",\"url\":\"https:\\\/\\\/latamjournalismreview.org\\\/es\\\/articles\\\/despidos-de-periodistas-en-sao-paulo-superan-los-200-este-ano\\\/\",\"name\":\"Despidos de periodistas en S\u00e3o Paulo superan los 200 este a\u00f1o - LatAm Journalism Review\",\"isPartOf\":{\"@id\":\"https:\\\/\\\/latamjournalismreview.org\\\/es\\\/#website\"},\"datePublished\":\"2011-03-05T01:39:21+00:00\",\"dateModified\":\"2022-06-03T01:39:56+00:00\",\"description\":\"Despidos de periodistas en S\u00e3o Paulo superan los 200 este a\u00f1o Mercado laboral. Latin American Journalism Review by The Knight Center at The University of Texas at Austin.\",\"breadcrumb\":{\"@id\":\"https:\\\/\\\/latamjournalismreview.org\\\/es\\\/articles\\\/despidos-de-periodistas-en-sao-paulo-superan-los-200-este-ano\\\/#breadcrumb\"},\"inLanguage\":\"es\",\"potentialAction\":[{\"@type\":\"ReadAction\",\"target\":[\"https:\\\/\\\/latamjournalismreview.org\\\/es\\\/articles\\\/despidos-de-periodistas-en-sao-paulo-superan-los-200-este-ano\\\/\"]}]},{\"@type\":\"BreadcrumbList\",\"@id\":\"https:\\\/\\\/latamjournalismreview.org\\\/es\\\/articles\\\/despidos-de-periodistas-en-sao-paulo-superan-los-200-este-ano\\\/#breadcrumb\",\"itemListElement\":[{\"@type\":\"ListItem\",\"position\":1,\"name\":\"Home\",\"item\":\"https:\\\/\\\/latamjournalismreview.org\\\/es\\\/\"},{\"@type\":\"ListItem\",\"position\":2,\"name\":\"Despidos de periodistas en S\u00e3o Paulo superan los 200 este a\u00f1o\"}]},{\"@type\":\"WebSite\",\"@id\":\"https:\\\/\\\/latamjournalismreview.org\\\/es\\\/#website\",\"url\":\"https:\\\/\\\/latamjournalismreview.org\\\/es\\\/\",\"name\":\"LatAm Journalism Review\",\"description\":\"Knight Center at The University of Texas\",\"publisher\":{\"@id\":\"https:\\\/\\\/latamjournalismreview.org\\\/es\\\/#organization\"},\"potentialAction\":[{\"@type\":\"SearchAction\",\"target\":{\"@type\":\"EntryPoint\",\"urlTemplate\":\"https:\\\/\\\/latamjournalismreview.org\\\/es\\\/?s={search_term_string}\"},\"query-input\":{\"@type\":\"PropertyValueSpecification\",\"valueRequired\":true,\"valueName\":\"search_term_string\"}}],\"inLanguage\":\"es\"},{\"@type\":\"Organization\",\"@id\":\"https:\\\/\\\/latamjournalismreview.org\\\/es\\\/#organization\",\"name\":\"LatAm Journalism Review\",\"url\":\"https:\\\/\\\/latamjournalismreview.org\\\/es\\\/\",\"logo\":{\"@type\":\"ImageObject\",\"inLanguage\":\"es\",\"@id\":\"https:\\\/\\\/latamjournalismreview.org\\\/es\\\/#\\\/schema\\\/logo\\\/image\\\/\",\"url\":\"https:\\\/\\\/latamjournalismreview.org\\\/wp-content\\\/uploads\\\/2020\\\/05\\\/knight-latAm-review-logo.svg\",\"contentUrl\":\"https:\\\/\\\/latamjournalismreview.org\\\/wp-content\\\/uploads\\\/2020\\\/05\\\/knight-latAm-review-logo.svg\",\"width\":\"1024\",\"height\":\"1024\",\"caption\":\"LatAm Journalism Review\"},\"image\":{\"@id\":\"https:\\\/\\\/latamjournalismreview.org\\\/es\\\/#\\\/schema\\\/logo\\\/image\\\/\"},\"sameAs\":[\"https:\\\/\\\/x.com\\\/LatAmJournalism\"]},{\"@type\":\"Person\",\"@id\":\"https:\\\/\\\/latamjournalismreview.org\\\/es\\\/#\\\/schema\\\/person\\\/747457e530d741a9d192f00c32c7f884\",\"name\":\"Natalia Mazotte\",\"url\":\"https:\\\/\\\/latamjournalismreview.org\\\/es\\\/articles\\\/author\\\/natalia-mazotte\\\/\"}]}<\/script>\n<!-- \/ Yoast SEO Premium plugin. -->","yoast_head_json":{"title":"Despidos de periodistas en S\u00e3o Paulo superan los 200 este a\u00f1o - LatAm Journalism Review","description":"Despidos de periodistas en S\u00e3o Paulo superan los 200 este a\u00f1o Mercado laboral. Latin American Journalism Review by The Knight Center at The University of Texas at Austin.","robots":{"index":"index","follow":"follow","max-snippet":"max-snippet:-1","max-image-preview":"max-image-preview:large","max-video-preview":"max-video-preview:-1"},"canonical":"https:\/\/latamjournalismreview.org\/es\/articles\/despidos-de-periodistas-en-sao-paulo-superan-los-200-este-ano\/","og_locale":"es_ES","og_type":"article","og_title":"Despidos de periodistas en S\u00e3o Paulo superan los 200 este a\u00f1o","og_description":"Despidos de periodistas en S\u00e3o Paulo superan los 200 este a\u00f1o Mercado laboral. Latin American Journalism Review by The Knight Center at The University of Texas at Austin.","og_url":"https:\/\/latamjournalismreview.org\/es\/articles\/despidos-de-periodistas-en-sao-paulo-superan-los-200-este-ano\/","og_site_name":"LatAm Journalism Review","article_published_time":"2011-03-05T01:39:21+00:00","article_modified_time":"2022-06-03T01:39:56+00:00","author":"Natalia Mazotte","twitter_card":"summary_large_image","twitter_creator":"@LatAmJournalism","twitter_site":"@LatAmJournalism","twitter_misc":{"Written by":"Natalia Mazotte","Est. reading time":"1 minuto"},"schema":{"@context":"https:\/\/schema.org","@graph":[{"@type":"Article","@id":"https:\/\/latamjournalismreview.org\/es\/articles\/despidos-de-periodistas-en-sao-paulo-superan-los-200-este-ano\/#article","isPartOf":{"@id":"https:\/\/latamjournalismreview.org\/es\/articles\/despidos-de-periodistas-en-sao-paulo-superan-los-200-este-ano\/"},"author":{"name":"Natalia Mazotte","@id":"https:\/\/latamjournalismreview.org\/es\/#\/schema\/person\/747457e530d741a9d192f00c32c7f884"},"headline":"Despidos de periodistas en S\u00e3o Paulo superan los 200 este a\u00f1o","datePublished":"2011-03-05T01:39:21+00:00","dateModified":"2022-06-03T01:39:56+00:00","mainEntityOfPage":{"@id":"https:\/\/latamjournalismreview.org\/es\/articles\/despidos-de-periodistas-en-sao-paulo-superan-los-200-este-ano\/"},"wordCount":225,"publisher":{"@id":"https:\/\/latamjournalismreview.org\/es\/#organization"},"keywords":["Despidos"],"articleSection":["Mercado laboral"],"inLanguage":"es"},{"@type":"WebPage","@id":"https:\/\/latamjournalismreview.org\/es\/articles\/despidos-de-periodistas-en-sao-paulo-superan-los-200-este-ano\/","url":"https:\/\/latamjournalismreview.org\/es\/articles\/despidos-de-periodistas-en-sao-paulo-superan-los-200-este-ano\/","name":"Despidos de periodistas en S\u00e3o Paulo superan los 200 este a\u00f1o - LatAm Journalism Review","isPartOf":{"@id":"https:\/\/latamjournalismreview.org\/es\/#website"},"datePublished":"2011-03-05T01:39:21+00:00","dateModified":"2022-06-03T01:39:56+00:00","description":"Despidos de periodistas en S\u00e3o Paulo superan los 200 este a\u00f1o Mercado laboral. Latin American Journalism Review by The Knight Center at The University of Texas at Austin.","breadcrumb":{"@id":"https:\/\/latamjournalismreview.org\/es\/articles\/despidos-de-periodistas-en-sao-paulo-superan-los-200-este-ano\/#breadcrumb"},"inLanguage":"es","potentialAction":[{"@type":"ReadAction","target":["https:\/\/latamjournalismreview.org\/es\/articles\/despidos-de-periodistas-en-sao-paulo-superan-los-200-este-ano\/"]}]},{"@type":"BreadcrumbList","@id":"https:\/\/latamjournalismreview.org\/es\/articles\/despidos-de-periodistas-en-sao-paulo-superan-los-200-este-ano\/#breadcrumb","itemListElement":[{"@type":"ListItem","position":1,"name":"Home","item":"https:\/\/latamjournalismreview.org\/es\/"},{"@type":"ListItem","position":2,"name":"Despidos de periodistas en S\u00e3o Paulo superan los 200 este a\u00f1o"}]},{"@type":"WebSite","@id":"https:\/\/latamjournalismreview.org\/es\/#website","url":"https:\/\/latamjournalismreview.org\/es\/","name":"LatAm Journalism Review","description":"Knight Center at The University of Texas","publisher":{"@id":"https:\/\/latamjournalismreview.org\/es\/#organization"},"potentialAction":[{"@type":"SearchAction","target":{"@type":"EntryPoint","urlTemplate":"https:\/\/latamjournalismreview.org\/es\/?s={search_term_string}"},"query-input":{"@type":"PropertyValueSpecification","valueRequired":true,"valueName":"search_term_string"}}],"inLanguage":"es"},{"@type":"Organization","@id":"https:\/\/latamjournalismreview.org\/es\/#organization","name":"LatAm Journalism Review","url":"https:\/\/latamjournalismreview.org\/es\/","logo":{"@type":"ImageObject","inLanguage":"es","@id":"https:\/\/latamjournalismreview.org\/es\/#\/schema\/logo\/image\/","url":"https:\/\/latamjournalismreview.org\/wp-content\/uploads\/2020\/05\/knight-latAm-review-logo.svg","contentUrl":"https:\/\/latamjournalismreview.org\/wp-content\/uploads\/2020\/05\/knight-latAm-review-logo.svg","width":"1024","height":"1024","caption":"LatAm Journalism Review"},"image":{"@id":"https:\/\/latamjournalismreview.org\/es\/#\/schema\/logo\/image\/"},"sameAs":["https:\/\/x.com\/LatAmJournalism"]},{"@type":"Person","@id":"https:\/\/latamjournalismreview.org\/es\/#\/schema\/person\/747457e530d741a9d192f00c32c7f884","name":"Natalia Mazotte","url":"https:\/\/latamjournalismreview.org\/es\/articles\/author\/natalia-mazotte\/"}]}},"_links":{"self":[{"href":"https:\/\/latamjournalismreview.org\/es\/wp-json\/wp\/v2\/posts\/56598","targetHints":{"allow":["GET"]}}],"collection":[{"href":"https:\/\/latamjournalismreview.org\/es\/wp-json\/wp\/v2\/posts"}],"about":[{"href":"https:\/\/latamjournalismreview.org\/es\/wp-json\/wp\/v2\/types\/post"}],"author":[{"embeddable":true,"href":"https:\/\/latamjournalismreview.org\/es\/wp-json\/wp\/v2\/users\/42"}],"replies":[{"embeddable":true,"href":"https:\/\/latamjournalismreview.org\/es\/wp-json\/wp\/v2\/comments?post=56598"}],"version-history":[{"count":1,"href":"https:\/\/latamjournalismreview.org\/es\/wp-json\/wp\/v2\/posts\/56598\/revisions"}],"predecessor-version":[{"id":56600,"href":"https:\/\/latamjournalismreview.org\/es\/wp-json\/wp\/v2\/posts\/56598\/revisions\/56600"}],"wp:attachment":[{"href":"https:\/\/latamjournalismreview.org\/es\/wp-json\/wp\/v2\/media?parent=56598"}],"wp:term":[{"taxonomy":"category","embeddable":true,"href":"https:\/\/latamjournalismreview.org\/es\/wp-json\/wp\/v2\/categories?post=56598"},{"taxonomy":"post_tag","embeddable":true,"href":"https:\/\/latamjournalismreview.org\/es\/wp-json\/wp\/v2\/tags?post=56598"},{"taxonomy":"author","embeddable":true,"href":"https:\/\/latamjournalismreview.org\/es\/wp-json\/wp\/v2\/coauthors?post=56598"}],"curies":[{"name":"wp","href":"https:\/\/api.w.org\/{rel}","templated":true}]}}