{"id":56624,"date":"2011-03-06T20:50:33","date_gmt":"2011-03-07T01:50:33","guid":{"rendered":"https:\/\/latamjournalismreview.org\/?p=56624"},"modified":"2022-06-02T20:51:15","modified_gmt":"2022-06-03T01:51:15","slug":"camarografo-es-detenido-y-golpeado-por-policia-estatal-en-el-norte-de-mexico","status":"publish","type":"post","link":"https:\/\/latamjournalismreview.org\/es\/articles\/camarografo-es-detenido-y-golpeado-por-policia-estatal-en-el-norte-de-mexico\/","title":{"rendered":"Camar\u00f3grafo es detenido y golpeado por polic\u00eda estatal en el norte de M\u00e9xico"},"content":{"rendered":"<p>Apenas dos d\u00edas despu\u00e9s de la difusi\u00f3n de un\u00a0<a href=\"http:\/\/knightcenter.utexas.edu\/es\/blog\/violencia-contra-la-prensa-sube-de-nivel-en-mexico-en-2010-y-narcotraficantes-no-son-los-unicos\">informe sobre el estado de la libertad de prensa en M\u00e9xico<\/a>\u00a0que denunci\u00f3\u00a0<a href=\"http:\/\/knightcenter.utexas.edu\/es\/search\/node\/agresiones%20and%20M%C3%A9xico\">crecientes agresiones de polic\u00edas y militares<\/a>\u00a0en contra de reporteros,\u00a0<a href=\"http:\/\/agencia.infonor.com.mx\/?d=nota&amp;a=view&amp;i=38508\">un camar\u00f3grafo de la cadena Televisa fue detenido y golpeado por agentes de seguridad<\/a>\u00a0estatal en el norte\u00f1o estado mexicano de\u00a0<a href=\"http:\/\/es.wikipedia.org\/wiki\/Coahuila_de_Zaragoza\">Coahuila<\/a>\u00a0el pasado viernes 4 de marzo, inform\u00f3 la prensa local.<\/p>\n<p>Milton Mart\u00ednez fue detenido cuando cubr\u00eda un enfrentamiento entre delincuentes y la polic\u00eda al oeste de la ciudad de\u00a0<a href=\"http:\/\/es.wikipedia.org\/wiki\/Saltillo\">Saltillo<\/a>. Televisa relat\u00f3 que a pesar de haberse identificado como periodista, agentes de la Fiscal\u00eda estatal \u201c<a href=\"http:\/\/noticierostelevisa.esmas.com\/nacional\/265987\/reportan-balaceras-saltillo\">lo golpearon y sometieron en el piso. Le quitaron su identificaci\u00f3n, su radio y tel\u00e9fono<\/a>. Luego lo subieron a una patrulla y lo trasladaron a las instalaciones de la polic\u00eda. M\u00e1s tarde fue liberado\u201d.<\/p>\n<p>Mart\u00ednez dijo a trav\u00e9s de su perfil de Twitter que ya\u00a0<a href=\"http:\/\/twitter.com\/miltonandree\/status\/44051870167212032\">hab\u00eda interpuesto una denuncia<\/a>, mientras que la\u00a0<a href=\"http:\/\/www.cndh.org.mx\/\">Comisi\u00f3n Nacional de Derechos Humanos<\/a>\u00a0(CNDH) anunci\u00f3 que\u00a0<a href=\"http:\/\/www.radioformula.com.mx\/notas.asp?Idn=159774\">inici\u00f3 una investigaci\u00f3n de oficio del caso<\/a>, report\u00f3 Radio F\u00f3rmula.<\/p>\n<p>El lunes pasado,\u00a0<a href=\"http:\/\/knightcenter.utexas.edu\/es\/blog\/policias-estatales-agreden-fotografo-en-mexico\">polic\u00edas estatales agredieron al fot\u00f3grafo Juli\u00e1n Ortega<\/a>, del diario El Imparcial, en el tambi\u00e9n norte\u00f1o estado de\u00a0<a href=\"http:\/\/es.wikipedia.org\/wiki\/Sonora\">Sonora<\/a>. Para m\u00e1s detalles sobre la violencia contra periodistas en M\u00e9xico, vea el\u00a0<a href=\"http:\/\/knightcenter.utexas.edu\/es\/blog\/mapa-del-centro-knight-da-cuenta-de-las-amenazas-al-periodismo-en-mexico\">mapa del Centro Knight<\/a>\u00a0sobre el tema.<\/p>\n<p><em>Nota del editor: Esta historia fue publicada originalmente en el blog Periodismo en las Am\u00e9ricas del Centro Knight, el predecesor de LatAm Journalism Review.<\/em><\/p>\n","protected":false},"excerpt":{"rendered":"<p>Apenas dos d\u00edas despu\u00e9s de la difusi\u00f3n de un\u00a0informe sobre el estado de la libertad de prensa en M\u00e9xico\u00a0que denunci\u00f3\u00a0crecientes agresiones de polic\u00edas y militares\u00a0en contra de reporteros,\u00a0un camar\u00f3grafo de la cadena Televisa fue detenido y golpeado por agentes de seguridad\u00a0estatal en el norte\u00f1o estado mexicano de\u00a0Coahuila\u00a0el pasado viernes 4 de marzo, inform\u00f3 la prensa local.<\/p>\n","protected":false},"author":43,"featured_media":0,"comment_status":"closed","ping_status":"closed","sticky":false,"template":"","format":"standard","meta":{"inline_featured_image":false,"footnotes":""},"categories":[1222],"tags":[1478,1440,1393,1431],"coauthors":[],"class_list":["post-56624","post","type-post","status-publish","format-standard","hentry","category-violencia-contra-periodistas-es","tag-agresiones-contra-periodistas-es","tag-detenciones-es","tag-mexico-es","tag-radio-y-tv-es"],"acf":[],"yoast_head":"<!-- This site is optimized with the Yoast SEO Premium plugin v22.6 (Yoast SEO v27.4) - https:\/\/yoast.com\/product\/yoast-seo-premium-wordpress\/ -->\n<title>Camar\u00f3grafo es detenido y golpeado por polic\u00eda estatal en el norte de M\u00e9xico - LatAm Journalism Review<\/title>\n<meta name=\"description\" content=\"Camar\u00f3grafo es detenido y golpeado por polic\u00eda estatal en el norte de M\u00e9xico Violencia Contra Periodistas. Latin American Journalism Review by The Knight Center at The University of Texas at Austin.\" \/>\n<meta name=\"robots\" content=\"index, follow, max-snippet:-1, max-image-preview:large, max-video-preview:-1\" \/>\n<link rel=\"canonical\" href=\"https:\/\/latamjournalismreview.org\/es\/articles\/camarografo-es-detenido-y-golpeado-por-policia-estatal-en-el-norte-de-mexico\/\" \/>\n<meta property=\"og:locale\" content=\"es_ES\" \/>\n<meta property=\"og:type\" content=\"article\" \/>\n<meta property=\"og:title\" content=\"Camar\u00f3grafo es detenido y golpeado por polic\u00eda estatal en el norte de M\u00e9xico\" \/>\n<meta property=\"og:description\" content=\"Camar\u00f3grafo es detenido y golpeado por polic\u00eda estatal en el norte de M\u00e9xico Violencia Contra Periodistas. Latin American Journalism Review by The Knight Center at The University of Texas at Austin.\" \/>\n<meta property=\"og:url\" content=\"https:\/\/latamjournalismreview.org\/es\/articles\/camarografo-es-detenido-y-golpeado-por-policia-estatal-en-el-norte-de-mexico\/\" \/>\n<meta property=\"og:site_name\" content=\"LatAm Journalism Review\" \/>\n<meta property=\"article:published_time\" content=\"2011-03-07T01:50:33+00:00\" \/>\n<meta property=\"article:modified_time\" content=\"2022-06-03T01:51:15+00:00\" \/>\n<meta name=\"author\" content=\"Monica Medel\" \/>\n<meta name=\"twitter:card\" content=\"summary_large_image\" \/>\n<meta name=\"twitter:creator\" content=\"@LatAmJournalism\" \/>\n<meta name=\"twitter:site\" content=\"@LatAmJournalism\" \/>\n<meta name=\"twitter:label1\" content=\"Written by\" \/>\n\t<meta name=\"twitter:data1\" content=\"Monica Medel\" \/>\n\t<meta name=\"twitter:label2\" content=\"Est. reading time\" \/>\n\t<meta name=\"twitter:data2\" content=\"1 minuto\" \/>\n<script type=\"application\/ld+json\" class=\"yoast-schema-graph\">{\"@context\":\"https:\\\/\\\/schema.org\",\"@graph\":[{\"@type\":\"Article\",\"@id\":\"https:\\\/\\\/latamjournalismreview.org\\\/es\\\/articles\\\/camarografo-es-detenido-y-golpeado-por-policia-estatal-en-el-norte-de-mexico\\\/#article\",\"isPartOf\":{\"@id\":\"https:\\\/\\\/latamjournalismreview.org\\\/es\\\/articles\\\/camarografo-es-detenido-y-golpeado-por-policia-estatal-en-el-norte-de-mexico\\\/\"},\"author\":{\"name\":\"Monica Medel\",\"@id\":\"https:\\\/\\\/latamjournalismreview.org\\\/es\\\/#\\\/schema\\\/person\\\/1746872e9af4abc45355e4a7a4ddcea5\"},\"headline\":\"Camar\u00f3grafo es detenido y golpeado por polic\u00eda estatal en el norte de M\u00e9xico\",\"datePublished\":\"2011-03-07T01:50:33+00:00\",\"dateModified\":\"2022-06-03T01:51:15+00:00\",\"mainEntityOfPage\":{\"@id\":\"https:\\\/\\\/latamjournalismreview.org\\\/es\\\/articles\\\/camarografo-es-detenido-y-golpeado-por-policia-estatal-en-el-norte-de-mexico\\\/\"},\"wordCount\":277,\"publisher\":{\"@id\":\"https:\\\/\\\/latamjournalismreview.org\\\/es\\\/#organization\"},\"keywords\":[\"Agresiones contra periodistas\",\"Detenciones\",\"M\u00e9xico\",\"Radio y TV\"],\"articleSection\":[\"Violencia Contra Periodistas\"],\"inLanguage\":\"es\"},{\"@type\":\"WebPage\",\"@id\":\"https:\\\/\\\/latamjournalismreview.org\\\/es\\\/articles\\\/camarografo-es-detenido-y-golpeado-por-policia-estatal-en-el-norte-de-mexico\\\/\",\"url\":\"https:\\\/\\\/latamjournalismreview.org\\\/es\\\/articles\\\/camarografo-es-detenido-y-golpeado-por-policia-estatal-en-el-norte-de-mexico\\\/\",\"name\":\"Camar\u00f3grafo es detenido y golpeado por polic\u00eda estatal en el norte de M\u00e9xico - LatAm Journalism Review\",\"isPartOf\":{\"@id\":\"https:\\\/\\\/latamjournalismreview.org\\\/es\\\/#website\"},\"datePublished\":\"2011-03-07T01:50:33+00:00\",\"dateModified\":\"2022-06-03T01:51:15+00:00\",\"description\":\"Camar\u00f3grafo es detenido y golpeado por polic\u00eda estatal en el norte de M\u00e9xico Violencia Contra Periodistas. Latin American Journalism Review by The Knight Center at The University of Texas at Austin.\",\"breadcrumb\":{\"@id\":\"https:\\\/\\\/latamjournalismreview.org\\\/es\\\/articles\\\/camarografo-es-detenido-y-golpeado-por-policia-estatal-en-el-norte-de-mexico\\\/#breadcrumb\"},\"inLanguage\":\"es\",\"potentialAction\":[{\"@type\":\"ReadAction\",\"target\":[\"https:\\\/\\\/latamjournalismreview.org\\\/es\\\/articles\\\/camarografo-es-detenido-y-golpeado-por-policia-estatal-en-el-norte-de-mexico\\\/\"]}]},{\"@type\":\"BreadcrumbList\",\"@id\":\"https:\\\/\\\/latamjournalismreview.org\\\/es\\\/articles\\\/camarografo-es-detenido-y-golpeado-por-policia-estatal-en-el-norte-de-mexico\\\/#breadcrumb\",\"itemListElement\":[{\"@type\":\"ListItem\",\"position\":1,\"name\":\"Home\",\"item\":\"https:\\\/\\\/latamjournalismreview.org\\\/es\\\/\"},{\"@type\":\"ListItem\",\"position\":2,\"name\":\"Camar\u00f3grafo es detenido y golpeado por polic\u00eda estatal en el norte de M\u00e9xico\"}]},{\"@type\":\"WebSite\",\"@id\":\"https:\\\/\\\/latamjournalismreview.org\\\/es\\\/#website\",\"url\":\"https:\\\/\\\/latamjournalismreview.org\\\/es\\\/\",\"name\":\"LatAm Journalism Review\",\"description\":\"Knight Center at The University of Texas\",\"publisher\":{\"@id\":\"https:\\\/\\\/latamjournalismreview.org\\\/es\\\/#organization\"},\"potentialAction\":[{\"@type\":\"SearchAction\",\"target\":{\"@type\":\"EntryPoint\",\"urlTemplate\":\"https:\\\/\\\/latamjournalismreview.org\\\/es\\\/?s={search_term_string}\"},\"query-input\":{\"@type\":\"PropertyValueSpecification\",\"valueRequired\":true,\"valueName\":\"search_term_string\"}}],\"inLanguage\":\"es\"},{\"@type\":\"Organization\",\"@id\":\"https:\\\/\\\/latamjournalismreview.org\\\/es\\\/#organization\",\"name\":\"LatAm Journalism Review\",\"url\":\"https:\\\/\\\/latamjournalismreview.org\\\/es\\\/\",\"logo\":{\"@type\":\"ImageObject\",\"inLanguage\":\"es\",\"@id\":\"https:\\\/\\\/latamjournalismreview.org\\\/es\\\/#\\\/schema\\\/logo\\\/image\\\/\",\"url\":\"https:\\\/\\\/latamjournalismreview.org\\\/wp-content\\\/uploads\\\/2020\\\/05\\\/knight-latAm-review-logo.svg\",\"contentUrl\":\"https:\\\/\\\/latamjournalismreview.org\\\/wp-content\\\/uploads\\\/2020\\\/05\\\/knight-latAm-review-logo.svg\",\"width\":\"1024\",\"height\":\"1024\",\"caption\":\"LatAm Journalism Review\"},\"image\":{\"@id\":\"https:\\\/\\\/latamjournalismreview.org\\\/es\\\/#\\\/schema\\\/logo\\\/image\\\/\"},\"sameAs\":[\"https:\\\/\\\/x.com\\\/LatAmJournalism\"]},{\"@type\":\"Person\",\"@id\":\"https:\\\/\\\/latamjournalismreview.org\\\/es\\\/#\\\/schema\\\/person\\\/1746872e9af4abc45355e4a7a4ddcea5\",\"name\":\"Monica Medel\",\"url\":\"https:\\\/\\\/latamjournalismreview.org\\\/es\\\/articles\\\/author\\\/monica-medel\\\/\"}]}<\/script>\n<!-- \/ Yoast SEO Premium plugin. -->","yoast_head_json":{"title":"Camar\u00f3grafo es detenido y golpeado por polic\u00eda estatal en el norte de M\u00e9xico - LatAm Journalism Review","description":"Camar\u00f3grafo es detenido y golpeado por polic\u00eda estatal en el norte de M\u00e9xico Violencia Contra Periodistas. Latin American Journalism Review by The Knight Center at The University of Texas at Austin.","robots":{"index":"index","follow":"follow","max-snippet":"max-snippet:-1","max-image-preview":"max-image-preview:large","max-video-preview":"max-video-preview:-1"},"canonical":"https:\/\/latamjournalismreview.org\/es\/articles\/camarografo-es-detenido-y-golpeado-por-policia-estatal-en-el-norte-de-mexico\/","og_locale":"es_ES","og_type":"article","og_title":"Camar\u00f3grafo es detenido y golpeado por polic\u00eda estatal en el norte de M\u00e9xico","og_description":"Camar\u00f3grafo es detenido y golpeado por polic\u00eda estatal en el norte de M\u00e9xico Violencia Contra Periodistas. Latin American Journalism Review by The Knight Center at The University of Texas at Austin.","og_url":"https:\/\/latamjournalismreview.org\/es\/articles\/camarografo-es-detenido-y-golpeado-por-policia-estatal-en-el-norte-de-mexico\/","og_site_name":"LatAm Journalism Review","article_published_time":"2011-03-07T01:50:33+00:00","article_modified_time":"2022-06-03T01:51:15+00:00","author":"Monica Medel","twitter_card":"summary_large_image","twitter_creator":"@LatAmJournalism","twitter_site":"@LatAmJournalism","twitter_misc":{"Written by":"Monica Medel","Est. reading time":"1 minuto"},"schema":{"@context":"https:\/\/schema.org","@graph":[{"@type":"Article","@id":"https:\/\/latamjournalismreview.org\/es\/articles\/camarografo-es-detenido-y-golpeado-por-policia-estatal-en-el-norte-de-mexico\/#article","isPartOf":{"@id":"https:\/\/latamjournalismreview.org\/es\/articles\/camarografo-es-detenido-y-golpeado-por-policia-estatal-en-el-norte-de-mexico\/"},"author":{"name":"Monica Medel","@id":"https:\/\/latamjournalismreview.org\/es\/#\/schema\/person\/1746872e9af4abc45355e4a7a4ddcea5"},"headline":"Camar\u00f3grafo es detenido y golpeado por polic\u00eda estatal en el norte de M\u00e9xico","datePublished":"2011-03-07T01:50:33+00:00","dateModified":"2022-06-03T01:51:15+00:00","mainEntityOfPage":{"@id":"https:\/\/latamjournalismreview.org\/es\/articles\/camarografo-es-detenido-y-golpeado-por-policia-estatal-en-el-norte-de-mexico\/"},"wordCount":277,"publisher":{"@id":"https:\/\/latamjournalismreview.org\/es\/#organization"},"keywords":["Agresiones contra periodistas","Detenciones","M\u00e9xico","Radio y TV"],"articleSection":["Violencia Contra Periodistas"],"inLanguage":"es"},{"@type":"WebPage","@id":"https:\/\/latamjournalismreview.org\/es\/articles\/camarografo-es-detenido-y-golpeado-por-policia-estatal-en-el-norte-de-mexico\/","url":"https:\/\/latamjournalismreview.org\/es\/articles\/camarografo-es-detenido-y-golpeado-por-policia-estatal-en-el-norte-de-mexico\/","name":"Camar\u00f3grafo es detenido y golpeado por polic\u00eda estatal en el norte de M\u00e9xico - LatAm Journalism Review","isPartOf":{"@id":"https:\/\/latamjournalismreview.org\/es\/#website"},"datePublished":"2011-03-07T01:50:33+00:00","dateModified":"2022-06-03T01:51:15+00:00","description":"Camar\u00f3grafo es detenido y golpeado por polic\u00eda estatal en el norte de M\u00e9xico Violencia Contra Periodistas. Latin American Journalism Review by The Knight Center at The University of Texas at Austin.","breadcrumb":{"@id":"https:\/\/latamjournalismreview.org\/es\/articles\/camarografo-es-detenido-y-golpeado-por-policia-estatal-en-el-norte-de-mexico\/#breadcrumb"},"inLanguage":"es","potentialAction":[{"@type":"ReadAction","target":["https:\/\/latamjournalismreview.org\/es\/articles\/camarografo-es-detenido-y-golpeado-por-policia-estatal-en-el-norte-de-mexico\/"]}]},{"@type":"BreadcrumbList","@id":"https:\/\/latamjournalismreview.org\/es\/articles\/camarografo-es-detenido-y-golpeado-por-policia-estatal-en-el-norte-de-mexico\/#breadcrumb","itemListElement":[{"@type":"ListItem","position":1,"name":"Home","item":"https:\/\/latamjournalismreview.org\/es\/"},{"@type":"ListItem","position":2,"name":"Camar\u00f3grafo es detenido y golpeado por polic\u00eda estatal en el norte de M\u00e9xico"}]},{"@type":"WebSite","@id":"https:\/\/latamjournalismreview.org\/es\/#website","url":"https:\/\/latamjournalismreview.org\/es\/","name":"LatAm Journalism Review","description":"Knight Center at The University of Texas","publisher":{"@id":"https:\/\/latamjournalismreview.org\/es\/#organization"},"potentialAction":[{"@type":"SearchAction","target":{"@type":"EntryPoint","urlTemplate":"https:\/\/latamjournalismreview.org\/es\/?s={search_term_string}"},"query-input":{"@type":"PropertyValueSpecification","valueRequired":true,"valueName":"search_term_string"}}],"inLanguage":"es"},{"@type":"Organization","@id":"https:\/\/latamjournalismreview.org\/es\/#organization","name":"LatAm Journalism Review","url":"https:\/\/latamjournalismreview.org\/es\/","logo":{"@type":"ImageObject","inLanguage":"es","@id":"https:\/\/latamjournalismreview.org\/es\/#\/schema\/logo\/image\/","url":"https:\/\/latamjournalismreview.org\/wp-content\/uploads\/2020\/05\/knight-latAm-review-logo.svg","contentUrl":"https:\/\/latamjournalismreview.org\/wp-content\/uploads\/2020\/05\/knight-latAm-review-logo.svg","width":"1024","height":"1024","caption":"LatAm Journalism Review"},"image":{"@id":"https:\/\/latamjournalismreview.org\/es\/#\/schema\/logo\/image\/"},"sameAs":["https:\/\/x.com\/LatAmJournalism"]},{"@type":"Person","@id":"https:\/\/latamjournalismreview.org\/es\/#\/schema\/person\/1746872e9af4abc45355e4a7a4ddcea5","name":"Monica Medel","url":"https:\/\/latamjournalismreview.org\/es\/articles\/author\/monica-medel\/"}]}},"_links":{"self":[{"href":"https:\/\/latamjournalismreview.org\/es\/wp-json\/wp\/v2\/posts\/56624","targetHints":{"allow":["GET"]}}],"collection":[{"href":"https:\/\/latamjournalismreview.org\/es\/wp-json\/wp\/v2\/posts"}],"about":[{"href":"https:\/\/latamjournalismreview.org\/es\/wp-json\/wp\/v2\/types\/post"}],"author":[{"embeddable":true,"href":"https:\/\/latamjournalismreview.org\/es\/wp-json\/wp\/v2\/users\/43"}],"replies":[{"embeddable":true,"href":"https:\/\/latamjournalismreview.org\/es\/wp-json\/wp\/v2\/comments?post=56624"}],"version-history":[{"count":1,"href":"https:\/\/latamjournalismreview.org\/es\/wp-json\/wp\/v2\/posts\/56624\/revisions"}],"predecessor-version":[{"id":56627,"href":"https:\/\/latamjournalismreview.org\/es\/wp-json\/wp\/v2\/posts\/56624\/revisions\/56627"}],"wp:attachment":[{"href":"https:\/\/latamjournalismreview.org\/es\/wp-json\/wp\/v2\/media?parent=56624"}],"wp:term":[{"taxonomy":"category","embeddable":true,"href":"https:\/\/latamjournalismreview.org\/es\/wp-json\/wp\/v2\/categories?post=56624"},{"taxonomy":"post_tag","embeddable":true,"href":"https:\/\/latamjournalismreview.org\/es\/wp-json\/wp\/v2\/tags?post=56624"},{"taxonomy":"author","embeddable":true,"href":"https:\/\/latamjournalismreview.org\/es\/wp-json\/wp\/v2\/coauthors?post=56624"}],"curies":[{"name":"wp","href":"https:\/\/api.w.org\/{rel}","templated":true}]}}