{"id":56728,"date":"2011-03-10T16:49:23","date_gmt":"2011-03-10T21:49:23","guid":{"rendered":"https:\/\/latamjournalismreview.org\/?p=56728"},"modified":"2022-06-03T16:50:04","modified_gmt":"2022-06-03T21:50:04","slug":"policia-de-sao-paulo-recaptura-a-condenado-por-la-muerte-de-periodista-secuestrado-en-2003","status":"publish","type":"post","link":"https:\/\/latamjournalismreview.org\/es\/articles\/policia-de-sao-paulo-recaptura-a-condenado-por-la-muerte-de-periodista-secuestrado-en-2003\/","title":{"rendered":"Polic\u00eda de S\u00e3o Paulo recaptura a condenado por la muerte de periodista secuestrado en 2003"},"content":{"rendered":"<p>El mi\u00e9rcoles 9 de marzo polic\u00edas capturaron a Wilson de Moraes da Silva, quien fuera condenado por la muerte del periodista Ivandel Godinho J\u00fanior, inform\u00f3\u00a0<a href=\"http:\/\/oglobo.globo.com\/cidades\/mat\/2011\/03\/09\/policia-recaptura-condenado-pela-morte-do-jornalista-ivandel-godinho-em-sp-923971609.asp\">Globo Not\u00edcias<\/a>. Silva estaba fugitivo desde 2008 y fue apresado luego de que la polic\u00eda recibiera una denuncia an\u00f3nima que afirmaba que el delincuente vend\u00eda drogas en una casa en S\u00e3o Paulo.<\/p>\n<p>Despu\u00e9s de cumplir tres de los 36 a\u00f1os en prisi\u00f3n a los que\u00a0<a href=\"http:\/\/oglobo.globo.com\/sp\/mat\/2006\/11\/22\/286758162.asp\">fue condenado<\/a>\u00a0por la muerte del periodista, Silva fue transferido al r\u00e9gimen de prisi\u00f3n semiabierto. En 2008, obtuvo permiso para salir de la c\u00e1rcel a celebrar el D\u00eda del Padre y aprovech\u00f3 la ocasi\u00f3n para darse a la fuga y no volver a prisi\u00f3n.<\/p>\n<p>Godinho J\u00fanior fue secuestrado en 2003 y su\u00a0<a href=\"http:\/\/www1.folha.uol.com.br\/folha\/cotidiano\/ult95u123148.shtml\">cuerpo fue encontrado e identificado gracias a un examen de ADN en 2006<\/a>. El crimen del periodista tuvo un\u00a0<a href=\"http:\/\/www.abracom.org.br\/descricao.asp?id=1409\">gran impacto<\/a>\u00a0en la \u00e9poca debido al\u00a0<a href=\"http:\/\/app.exame.abril.com.br\/revista-exame\/edicoes\/0820\/noticias\/o-mais-longo-sequestro-m0041674\">lento esclarecimiento del caso<\/a>\u00a0y las<a href=\"http:\/\/www1.folha.uol.com.br\/folha\/cotidiano\/ult95u89969.shtml\">\u00a0constantes apelaciones de la familia<\/a>\u00a0por informaciones que pudiesen llevar al paradero del periodista.<\/p>\n<p><em>Nota del editor: Esta historia fue publicada originalmente en el blog Periodismo en las Am\u00e9ricas del Centro Knight, el predecesor de LatAm Journalism Review.<\/em><\/p>\n","protected":false},"excerpt":{"rendered":"<p>El mi\u00e9rcoles 9 de marzo polic\u00edas capturaron a Wilson de Moraes da Silva, quien fuera condenado por la muerte del periodista Ivandel Godinho J\u00fanior, inform\u00f3\u00a0Globo Not\u00edcias. Silva estaba fugitivo desde 2008 y fue apresado luego de que la polic\u00eda recibiera una denuncia an\u00f3nima que afirmaba que el delincuente vend\u00eda drogas en una casa en S\u00e3o Paulo.<\/p>\n","protected":false},"author":42,"featured_media":0,"comment_status":"closed","ping_status":"closed","sticky":false,"template":"","format":"standard","meta":{"inline_featured_image":false,"footnotes":""},"categories":[1222],"tags":[1479],"coauthors":[],"class_list":["post-56728","post","type-post","status-publish","format-standard","hentry","category-violencia-contra-periodistas-es","tag-asesinato-de-periodistas-es"],"acf":[],"yoast_head":"<!-- This site is optimized with the Yoast SEO Premium plugin v22.6 (Yoast SEO v27.4) - https:\/\/yoast.com\/product\/yoast-seo-premium-wordpress\/ -->\n<title>Polic\u00eda de S\u00e3o Paulo recaptura a condenado por la muerte de periodista secuestrado en 2003 - LatAm Journalism Review<\/title>\n<meta name=\"description\" content=\"Polic\u00eda de S\u00e3o Paulo recaptura a condenado por la muerte de periodista secuestrado en 2003 Violencia contra periodistas. Latin American Journalism Review by The Knight Center at The University of Texas at Austin.\" \/>\n<meta name=\"robots\" content=\"index, follow, max-snippet:-1, max-image-preview:large, max-video-preview:-1\" \/>\n<link rel=\"canonical\" href=\"https:\/\/latamjournalismreview.org\/es\/articles\/policia-de-sao-paulo-recaptura-a-condenado-por-la-muerte-de-periodista-secuestrado-en-2003\/\" \/>\n<meta property=\"og:locale\" content=\"es_ES\" \/>\n<meta property=\"og:type\" content=\"article\" \/>\n<meta property=\"og:title\" content=\"Polic\u00eda de S\u00e3o Paulo recaptura a condenado por la muerte de periodista secuestrado en 2003\" \/>\n<meta property=\"og:description\" content=\"Polic\u00eda de S\u00e3o Paulo recaptura a condenado por la muerte de periodista secuestrado en 2003 Violencia contra periodistas. Latin American Journalism Review by The Knight Center at The University of Texas at Austin.\" \/>\n<meta property=\"og:url\" content=\"https:\/\/latamjournalismreview.org\/es\/articles\/policia-de-sao-paulo-recaptura-a-condenado-por-la-muerte-de-periodista-secuestrado-en-2003\/\" \/>\n<meta property=\"og:site_name\" content=\"LatAm Journalism Review\" \/>\n<meta property=\"article:published_time\" content=\"2011-03-10T21:49:23+00:00\" \/>\n<meta property=\"article:modified_time\" content=\"2022-06-03T21:50:04+00:00\" \/>\n<meta name=\"author\" content=\"Natalia Mazotte\" \/>\n<meta name=\"twitter:card\" content=\"summary_large_image\" \/>\n<meta name=\"twitter:creator\" content=\"@LatAmJournalism\" \/>\n<meta name=\"twitter:site\" content=\"@LatAmJournalism\" \/>\n<meta name=\"twitter:label1\" content=\"Written by\" \/>\n\t<meta name=\"twitter:data1\" content=\"Natalia Mazotte\" \/>\n\t<meta name=\"twitter:label2\" content=\"Est. reading time\" \/>\n\t<meta name=\"twitter:data2\" content=\"1 minuto\" \/>\n<script type=\"application\/ld+json\" class=\"yoast-schema-graph\">{\"@context\":\"https:\\\/\\\/schema.org\",\"@graph\":[{\"@type\":\"Article\",\"@id\":\"https:\\\/\\\/latamjournalismreview.org\\\/es\\\/articles\\\/policia-de-sao-paulo-recaptura-a-condenado-por-la-muerte-de-periodista-secuestrado-en-2003\\\/#article\",\"isPartOf\":{\"@id\":\"https:\\\/\\\/latamjournalismreview.org\\\/es\\\/articles\\\/policia-de-sao-paulo-recaptura-a-condenado-por-la-muerte-de-periodista-secuestrado-en-2003\\\/\"},\"author\":{\"name\":\"Natalia Mazotte\",\"@id\":\"https:\\\/\\\/latamjournalismreview.org\\\/es\\\/#\\\/schema\\\/person\\\/747457e530d741a9d192f00c32c7f884\"},\"headline\":\"Polic\u00eda de S\u00e3o Paulo recaptura a condenado por la muerte de periodista secuestrado en 2003\",\"datePublished\":\"2011-03-10T21:49:23+00:00\",\"dateModified\":\"2022-06-03T21:50:04+00:00\",\"mainEntityOfPage\":{\"@id\":\"https:\\\/\\\/latamjournalismreview.org\\\/es\\\/articles\\\/policia-de-sao-paulo-recaptura-a-condenado-por-la-muerte-de-periodista-secuestrado-en-2003\\\/\"},\"wordCount\":221,\"publisher\":{\"@id\":\"https:\\\/\\\/latamjournalismreview.org\\\/es\\\/#organization\"},\"keywords\":[\"Asesinato de periodista\"],\"articleSection\":[\"Violencia contra periodistas\"],\"inLanguage\":\"es\"},{\"@type\":\"WebPage\",\"@id\":\"https:\\\/\\\/latamjournalismreview.org\\\/es\\\/articles\\\/policia-de-sao-paulo-recaptura-a-condenado-por-la-muerte-de-periodista-secuestrado-en-2003\\\/\",\"url\":\"https:\\\/\\\/latamjournalismreview.org\\\/es\\\/articles\\\/policia-de-sao-paulo-recaptura-a-condenado-por-la-muerte-de-periodista-secuestrado-en-2003\\\/\",\"name\":\"Polic\u00eda de S\u00e3o Paulo recaptura a condenado por la muerte de periodista secuestrado en 2003 - LatAm Journalism Review\",\"isPartOf\":{\"@id\":\"https:\\\/\\\/latamjournalismreview.org\\\/es\\\/#website\"},\"datePublished\":\"2011-03-10T21:49:23+00:00\",\"dateModified\":\"2022-06-03T21:50:04+00:00\",\"description\":\"Polic\u00eda de S\u00e3o Paulo recaptura a condenado por la muerte de periodista secuestrado en 2003 Violencia contra periodistas. Latin American Journalism Review by The Knight Center at The University of Texas at Austin.\",\"breadcrumb\":{\"@id\":\"https:\\\/\\\/latamjournalismreview.org\\\/es\\\/articles\\\/policia-de-sao-paulo-recaptura-a-condenado-por-la-muerte-de-periodista-secuestrado-en-2003\\\/#breadcrumb\"},\"inLanguage\":\"es\",\"potentialAction\":[{\"@type\":\"ReadAction\",\"target\":[\"https:\\\/\\\/latamjournalismreview.org\\\/es\\\/articles\\\/policia-de-sao-paulo-recaptura-a-condenado-por-la-muerte-de-periodista-secuestrado-en-2003\\\/\"]}]},{\"@type\":\"BreadcrumbList\",\"@id\":\"https:\\\/\\\/latamjournalismreview.org\\\/es\\\/articles\\\/policia-de-sao-paulo-recaptura-a-condenado-por-la-muerte-de-periodista-secuestrado-en-2003\\\/#breadcrumb\",\"itemListElement\":[{\"@type\":\"ListItem\",\"position\":1,\"name\":\"Home\",\"item\":\"https:\\\/\\\/latamjournalismreview.org\\\/es\\\/\"},{\"@type\":\"ListItem\",\"position\":2,\"name\":\"Polic\u00eda de S\u00e3o Paulo recaptura a condenado por la muerte de periodista secuestrado en 2003\"}]},{\"@type\":\"WebSite\",\"@id\":\"https:\\\/\\\/latamjournalismreview.org\\\/es\\\/#website\",\"url\":\"https:\\\/\\\/latamjournalismreview.org\\\/es\\\/\",\"name\":\"LatAm Journalism Review\",\"description\":\"Knight Center at The University of Texas\",\"publisher\":{\"@id\":\"https:\\\/\\\/latamjournalismreview.org\\\/es\\\/#organization\"},\"potentialAction\":[{\"@type\":\"SearchAction\",\"target\":{\"@type\":\"EntryPoint\",\"urlTemplate\":\"https:\\\/\\\/latamjournalismreview.org\\\/es\\\/?s={search_term_string}\"},\"query-input\":{\"@type\":\"PropertyValueSpecification\",\"valueRequired\":true,\"valueName\":\"search_term_string\"}}],\"inLanguage\":\"es\"},{\"@type\":\"Organization\",\"@id\":\"https:\\\/\\\/latamjournalismreview.org\\\/es\\\/#organization\",\"name\":\"LatAm Journalism Review\",\"url\":\"https:\\\/\\\/latamjournalismreview.org\\\/es\\\/\",\"logo\":{\"@type\":\"ImageObject\",\"inLanguage\":\"es\",\"@id\":\"https:\\\/\\\/latamjournalismreview.org\\\/es\\\/#\\\/schema\\\/logo\\\/image\\\/\",\"url\":\"https:\\\/\\\/latamjournalismreview.org\\\/wp-content\\\/uploads\\\/2020\\\/05\\\/knight-latAm-review-logo.svg\",\"contentUrl\":\"https:\\\/\\\/latamjournalismreview.org\\\/wp-content\\\/uploads\\\/2020\\\/05\\\/knight-latAm-review-logo.svg\",\"width\":\"1024\",\"height\":\"1024\",\"caption\":\"LatAm Journalism Review\"},\"image\":{\"@id\":\"https:\\\/\\\/latamjournalismreview.org\\\/es\\\/#\\\/schema\\\/logo\\\/image\\\/\"},\"sameAs\":[\"https:\\\/\\\/x.com\\\/LatAmJournalism\"]},{\"@type\":\"Person\",\"@id\":\"https:\\\/\\\/latamjournalismreview.org\\\/es\\\/#\\\/schema\\\/person\\\/747457e530d741a9d192f00c32c7f884\",\"name\":\"Natalia Mazotte\",\"url\":\"https:\\\/\\\/latamjournalismreview.org\\\/es\\\/articles\\\/author\\\/natalia-mazotte\\\/\"}]}<\/script>\n<!-- \/ Yoast SEO Premium plugin. -->","yoast_head_json":{"title":"Polic\u00eda de S\u00e3o Paulo recaptura a condenado por la muerte de periodista secuestrado en 2003 - LatAm Journalism Review","description":"Polic\u00eda de S\u00e3o Paulo recaptura a condenado por la muerte de periodista secuestrado en 2003 Violencia contra periodistas. Latin American Journalism Review by The Knight Center at The University of Texas at Austin.","robots":{"index":"index","follow":"follow","max-snippet":"max-snippet:-1","max-image-preview":"max-image-preview:large","max-video-preview":"max-video-preview:-1"},"canonical":"https:\/\/latamjournalismreview.org\/es\/articles\/policia-de-sao-paulo-recaptura-a-condenado-por-la-muerte-de-periodista-secuestrado-en-2003\/","og_locale":"es_ES","og_type":"article","og_title":"Polic\u00eda de S\u00e3o Paulo recaptura a condenado por la muerte de periodista secuestrado en 2003","og_description":"Polic\u00eda de S\u00e3o Paulo recaptura a condenado por la muerte de periodista secuestrado en 2003 Violencia contra periodistas. Latin American Journalism Review by The Knight Center at The University of Texas at Austin.","og_url":"https:\/\/latamjournalismreview.org\/es\/articles\/policia-de-sao-paulo-recaptura-a-condenado-por-la-muerte-de-periodista-secuestrado-en-2003\/","og_site_name":"LatAm Journalism Review","article_published_time":"2011-03-10T21:49:23+00:00","article_modified_time":"2022-06-03T21:50:04+00:00","author":"Natalia Mazotte","twitter_card":"summary_large_image","twitter_creator":"@LatAmJournalism","twitter_site":"@LatAmJournalism","twitter_misc":{"Written by":"Natalia Mazotte","Est. reading time":"1 minuto"},"schema":{"@context":"https:\/\/schema.org","@graph":[{"@type":"Article","@id":"https:\/\/latamjournalismreview.org\/es\/articles\/policia-de-sao-paulo-recaptura-a-condenado-por-la-muerte-de-periodista-secuestrado-en-2003\/#article","isPartOf":{"@id":"https:\/\/latamjournalismreview.org\/es\/articles\/policia-de-sao-paulo-recaptura-a-condenado-por-la-muerte-de-periodista-secuestrado-en-2003\/"},"author":{"name":"Natalia Mazotte","@id":"https:\/\/latamjournalismreview.org\/es\/#\/schema\/person\/747457e530d741a9d192f00c32c7f884"},"headline":"Polic\u00eda de S\u00e3o Paulo recaptura a condenado por la muerte de periodista secuestrado en 2003","datePublished":"2011-03-10T21:49:23+00:00","dateModified":"2022-06-03T21:50:04+00:00","mainEntityOfPage":{"@id":"https:\/\/latamjournalismreview.org\/es\/articles\/policia-de-sao-paulo-recaptura-a-condenado-por-la-muerte-de-periodista-secuestrado-en-2003\/"},"wordCount":221,"publisher":{"@id":"https:\/\/latamjournalismreview.org\/es\/#organization"},"keywords":["Asesinato de periodista"],"articleSection":["Violencia contra periodistas"],"inLanguage":"es"},{"@type":"WebPage","@id":"https:\/\/latamjournalismreview.org\/es\/articles\/policia-de-sao-paulo-recaptura-a-condenado-por-la-muerte-de-periodista-secuestrado-en-2003\/","url":"https:\/\/latamjournalismreview.org\/es\/articles\/policia-de-sao-paulo-recaptura-a-condenado-por-la-muerte-de-periodista-secuestrado-en-2003\/","name":"Polic\u00eda de S\u00e3o Paulo recaptura a condenado por la muerte de periodista secuestrado en 2003 - LatAm Journalism Review","isPartOf":{"@id":"https:\/\/latamjournalismreview.org\/es\/#website"},"datePublished":"2011-03-10T21:49:23+00:00","dateModified":"2022-06-03T21:50:04+00:00","description":"Polic\u00eda de S\u00e3o Paulo recaptura a condenado por la muerte de periodista secuestrado en 2003 Violencia contra periodistas. Latin American Journalism Review by The Knight Center at The University of Texas at Austin.","breadcrumb":{"@id":"https:\/\/latamjournalismreview.org\/es\/articles\/policia-de-sao-paulo-recaptura-a-condenado-por-la-muerte-de-periodista-secuestrado-en-2003\/#breadcrumb"},"inLanguage":"es","potentialAction":[{"@type":"ReadAction","target":["https:\/\/latamjournalismreview.org\/es\/articles\/policia-de-sao-paulo-recaptura-a-condenado-por-la-muerte-de-periodista-secuestrado-en-2003\/"]}]},{"@type":"BreadcrumbList","@id":"https:\/\/latamjournalismreview.org\/es\/articles\/policia-de-sao-paulo-recaptura-a-condenado-por-la-muerte-de-periodista-secuestrado-en-2003\/#breadcrumb","itemListElement":[{"@type":"ListItem","position":1,"name":"Home","item":"https:\/\/latamjournalismreview.org\/es\/"},{"@type":"ListItem","position":2,"name":"Polic\u00eda de S\u00e3o Paulo recaptura a condenado por la muerte de periodista secuestrado en 2003"}]},{"@type":"WebSite","@id":"https:\/\/latamjournalismreview.org\/es\/#website","url":"https:\/\/latamjournalismreview.org\/es\/","name":"LatAm Journalism Review","description":"Knight Center at The University of Texas","publisher":{"@id":"https:\/\/latamjournalismreview.org\/es\/#organization"},"potentialAction":[{"@type":"SearchAction","target":{"@type":"EntryPoint","urlTemplate":"https:\/\/latamjournalismreview.org\/es\/?s={search_term_string}"},"query-input":{"@type":"PropertyValueSpecification","valueRequired":true,"valueName":"search_term_string"}}],"inLanguage":"es"},{"@type":"Organization","@id":"https:\/\/latamjournalismreview.org\/es\/#organization","name":"LatAm Journalism Review","url":"https:\/\/latamjournalismreview.org\/es\/","logo":{"@type":"ImageObject","inLanguage":"es","@id":"https:\/\/latamjournalismreview.org\/es\/#\/schema\/logo\/image\/","url":"https:\/\/latamjournalismreview.org\/wp-content\/uploads\/2020\/05\/knight-latAm-review-logo.svg","contentUrl":"https:\/\/latamjournalismreview.org\/wp-content\/uploads\/2020\/05\/knight-latAm-review-logo.svg","width":"1024","height":"1024","caption":"LatAm Journalism Review"},"image":{"@id":"https:\/\/latamjournalismreview.org\/es\/#\/schema\/logo\/image\/"},"sameAs":["https:\/\/x.com\/LatAmJournalism"]},{"@type":"Person","@id":"https:\/\/latamjournalismreview.org\/es\/#\/schema\/person\/747457e530d741a9d192f00c32c7f884","name":"Natalia Mazotte","url":"https:\/\/latamjournalismreview.org\/es\/articles\/author\/natalia-mazotte\/"}]}},"_links":{"self":[{"href":"https:\/\/latamjournalismreview.org\/es\/wp-json\/wp\/v2\/posts\/56728","targetHints":{"allow":["GET"]}}],"collection":[{"href":"https:\/\/latamjournalismreview.org\/es\/wp-json\/wp\/v2\/posts"}],"about":[{"href":"https:\/\/latamjournalismreview.org\/es\/wp-json\/wp\/v2\/types\/post"}],"author":[{"embeddable":true,"href":"https:\/\/latamjournalismreview.org\/es\/wp-json\/wp\/v2\/users\/42"}],"replies":[{"embeddable":true,"href":"https:\/\/latamjournalismreview.org\/es\/wp-json\/wp\/v2\/comments?post=56728"}],"version-history":[{"count":1,"href":"https:\/\/latamjournalismreview.org\/es\/wp-json\/wp\/v2\/posts\/56728\/revisions"}],"predecessor-version":[{"id":56729,"href":"https:\/\/latamjournalismreview.org\/es\/wp-json\/wp\/v2\/posts\/56728\/revisions\/56729"}],"wp:attachment":[{"href":"https:\/\/latamjournalismreview.org\/es\/wp-json\/wp\/v2\/media?parent=56728"}],"wp:term":[{"taxonomy":"category","embeddable":true,"href":"https:\/\/latamjournalismreview.org\/es\/wp-json\/wp\/v2\/categories?post=56728"},{"taxonomy":"post_tag","embeddable":true,"href":"https:\/\/latamjournalismreview.org\/es\/wp-json\/wp\/v2\/tags?post=56728"},{"taxonomy":"author","embeddable":true,"href":"https:\/\/latamjournalismreview.org\/es\/wp-json\/wp\/v2\/coauthors?post=56728"}],"curies":[{"name":"wp","href":"https:\/\/api.w.org\/{rel}","templated":true}]}}